{"id":73706,"date":"2023-08-24T21:51:58","date_gmt":"2023-08-25T00:51:58","guid":{"rendered":"https:\/\/cleitonpinheiro.com.br\/site\/?p=73706"},"modified":"2023-08-24T21:52:01","modified_gmt":"2023-08-25T00:52:01","slug":"bolsonaro-recebe-alta-e-deixa-hospital-em-sao-paulo","status":"publish","type":"post","link":"https:\/\/cleitonpinheiro.com.br\/site\/bolsonaro-recebe-alta-e-deixa-hospital-em-sao-paulo\/","title":{"rendered":"Bolsonaro recebe alta e deixa hospital em S\u00e3o Paulo"},"content":{"rendered":"\n<figure class=\"wp-block-image size-full\"><img decoding=\"async\" src=\"https:\/\/cleitonpinheiro.com.br\/site\/wp-content\/uploads\/2023\/08\/trbr3478.jpg\" alt=\"\" class=\"wp-image-73485\"\/><figcaption class=\"wp-element-caption\">Ex-presidente foi internado para exames de rotina &#8211; Foto: T\u00e2nia R\u00eago\/Ag\u00eancia Brasil<\/figcaption><\/figure>\n\n\n\n<p class=\"wp-block-paragraph\"><strong>Da Ag\u00eancia Brasil<\/strong><\/p>\n\n\n\n<p class=\"wp-block-paragraph\">O ex-presidente Jair Bolsonaro recebeu alta na tarde dessa quinta-feira, 23. Ele foi internado ontem no Hospital Vila Nova Star, em S\u00e3o Paulo, para exames de rotina. A informa\u00e7\u00e3o foi confirmada pelo assessor de imprensa do ex-presidente, Fabio Wajngarten.<img decoding=\"async\" src=\"https:\/\/agenciabrasil.ebc.com.br\/ebc.png?id=1550962&amp;o=node\"><img decoding=\"async\" src=\"https:\/\/agenciabrasil.ebc.com.br\/ebc.gif?id=1550962&amp;o=node\"><\/p>\n\n\n\n<p class=\"wp-block-paragraph\">No momento da interna\u00e7\u00e3o, o assessor informou que os exames eram para avaliar a condi\u00e7\u00e3o cl\u00ednica do paciente, especialmente no sistema digestivo, tr\u00e1fego intestinal, ader\u00eancias, h\u00e9rnia abdominal e refluxo. Ele n\u00e3o deu informa\u00e7\u00f5es sobre a avalia\u00e7\u00e3o m\u00e9dica.<\/p>\n\n\n\n<p class=\"wp-block-paragraph\">Wajngarten associou, ontem,&nbsp;<a href=\"http:\/\/agenciabrasil.ebc.com.br\/politica\/noticia\/2023-01\/ex-presidente-bolsonaro-e-internado-em-hospital-nos-eua\" target=\"_blank\" rel=\"noreferrer noopener\">os exames<\/a>&nbsp;ao ataque a faca contra o ex-presidente durante a campanha eleitoral de 2018. Desde que sofreu o atentado, Bolsonaro passou por pelo menos sete interna\u00e7\u00f5es cir\u00fargicas e de recupera\u00e7\u00e3o.&nbsp;<\/p>\n\n\n\n<h2 class=\"wp-block-heading\">Opera\u00e7\u00e3o contra filho<\/h2>\n\n\n\n<p class=\"wp-block-paragraph\">O filho do ex-presidente Bolsonaro, Jair Renan Bolsonaro, foi alvo da&nbsp;<a href=\"http:\/\/agenciabrasil.ebc.com.br\/geral\/noticia\/2023-08\/jair-renan-bolsonaro-e-um-dos-alvos-da-operacao-nexum\" target=\"_blank\" rel=\"noreferrer noopener\">Opera\u00e7\u00e3o Nexum<\/a>, deflagrada nesta quinta-feira (24) pela Pol\u00edcia Civil do Distrito Federal. Em nota, a corpora\u00e7\u00e3o informou que cumpre dois mandados de pris\u00e3o preventiva e cinco mandados de busca e apreens\u00e3o.&nbsp;<\/p>\n\n\n\n<p class=\"wp-block-paragraph\">\u00c0&nbsp;<strong>Ag\u00eancia Brasil<\/strong>, o advogado Admar Gonzaga, respons\u00e1vel pela defesa de Jair Renan, confirmou que o filho do ex-presidente foi alvo de&nbsp; mandado de busca e apreens\u00e3o na resid\u00eancia dele, no Balne\u00e1rio Cambori\u00fa,&nbsp; em Santa Catarina. No local, foram apreendidos um celular, um HD e pap\u00e9is com anota\u00e7\u00f5es particulares.&nbsp;<\/p>\n\n\n\n<p class=\"wp-block-paragraph\">A Pol\u00edcia Civil informou que o objetivo da opera\u00e7\u00e3o \u00e9 reprimir a pr\u00e1tica de crimes contra a f\u00e9 p\u00fablica e associa\u00e7\u00e3o criminosa, al\u00e9m de crimes cometidos em preju\u00edzo do er\u00e1rio do Distrito Federal.<\/p>\n\n\n\n<p class=\"wp-block-paragraph\">A a\u00e7\u00e3o foi desencadeada a partir de outras opera\u00e7\u00f5es que abriram caminho para uma nova investiga\u00e7\u00e3o, a qual revelou um esquema de fraudes com crimes de estelionato, falsifica\u00e7\u00e3o de documentos, sonega\u00e7\u00e3o fiscal e lavagem de dinheiro, com o objetivo final de blindar o patrim\u00f4nio dos envolvidos.<\/p>\n","protected":false},"excerpt":{"rendered":"<p>Da Ag\u00eancia Brasil O ex-presidente Jair Bolsonaro recebeu alta na tarde dessa quinta-feira, 23. Ele foi internado ontem no Hospital Vila Nova Star, em S\u00e3o Paulo, para exames de rotina. A informa\u00e7\u00e3o foi confirmada pelo assessor de imprensa do ex-presidente, Fabio Wajngarten. No momento da interna\u00e7\u00e3o, o assessor informou que os exames eram para avaliar [&hellip;]<\/p>\n","protected":false},"author":13,"featured_media":0,"comment_status":"open","ping_status":"open","sticky":false,"template":"","format":"standard","meta":{"_acf_changed":false,"footnotes":""},"categories":[898,23],"tags":[],"class_list":["post-73706","post","type-post","status-publish","format-standard","hentry","category-manchete-segundaria","category-politica"],"acf":[],"yoast_head":"<!-- This site is optimized with the Yoast SEO plugin v24.4 - https:\/\/yoast.com\/wordpress\/plugins\/seo\/ -->\n<title>Bolsonaro recebe alta e deixa hospital em S\u00e3o Paulo - PORTAL DE NOT\u00cdCIAS CLEITON PINHEIRO<\/title>\n<meta name=\"robots\" content=\"index, follow, max-snippet:-1, max-image-preview:large, max-video-preview:-1\" \/>\n<link rel=\"canonical\" href=\"https:\/\/cleitonpinheiro.com.br\/site\/bolsonaro-recebe-alta-e-deixa-hospital-em-sao-paulo\/\" \/>\n<meta property=\"og:locale\" content=\"pt_BR\" \/>\n<meta property=\"og:type\" content=\"article\" \/>\n<meta property=\"og:title\" content=\"Bolsonaro recebe alta e deixa hospital em S\u00e3o Paulo - PORTAL DE NOT\u00cdCIAS CLEITON PINHEIRO\" \/>\n<meta property=\"og:description\" content=\"Da Ag\u00eancia Brasil O ex-presidente Jair Bolsonaro recebeu alta na tarde dessa quinta-feira, 23. Ele foi internado ontem no Hospital Vila Nova Star, em S\u00e3o Paulo, para exames de rotina. A informa\u00e7\u00e3o foi confirmada pelo assessor de imprensa do ex-presidente, Fabio Wajngarten. No momento da interna\u00e7\u00e3o, o assessor informou que os exames eram para avaliar [&hellip;]\" \/>\n<meta property=\"og:url\" content=\"https:\/\/cleitonpinheiro.com.br\/site\/bolsonaro-recebe-alta-e-deixa-hospital-em-sao-paulo\/\" \/>\n<meta property=\"og:site_name\" content=\"PORTAL DE NOT\u00cdCIAS CLEITON PINHEIRO\" \/>\n<meta property=\"article:publisher\" content=\"https:\/\/www.facebook.com\/portalcpnoticias\/\" \/>\n<meta property=\"article:published_time\" content=\"2023-08-25T00:51:58+00:00\" \/>\n<meta property=\"article:modified_time\" content=\"2023-08-25T00:52:01+00:00\" \/>\n<meta property=\"og:image\" content=\"https:\/\/cleitonpinheiro.com.br\/site\/wp-content\/uploads\/2023\/08\/trbr3478.jpg\" \/>\n\t<meta property=\"og:image:width\" content=\"1170\" \/>\n\t<meta property=\"og:image:height\" content=\"700\" \/>\n\t<meta property=\"og:image:type\" content=\"image\/jpeg\" \/>\n<meta name=\"author\" content=\"Reda\u00e7\u00e3o CP\" \/>\n<meta name=\"twitter:card\" content=\"summary_large_image\" \/>\n<meta name=\"twitter:label1\" content=\"Escrito por\" \/>\n\t<meta name=\"twitter:data1\" content=\"Reda\u00e7\u00e3o CP\" \/>\n\t<meta name=\"twitter:label2\" content=\"Est. tempo de leitura\" \/>\n\t<meta name=\"twitter:data2\" content=\"3 minutos\" \/>\n<script type=\"application\/ld+json\" class=\"yoast-schema-graph\">{\"@context\":\"https:\/\/schema.org\",\"@graph\":[{\"@type\":\"Article\",\"@id\":\"https:\/\/cleitonpinheiro.com.br\/site\/bolsonaro-recebe-alta-e-deixa-hospital-em-sao-paulo\/#article\",\"isPartOf\":{\"@id\":\"https:\/\/cleitonpinheiro.com.br\/site\/bolsonaro-recebe-alta-e-deixa-hospital-em-sao-paulo\/\"},\"author\":{\"name\":\"Reda\u00e7\u00e3o CP\",\"@id\":\"https:\/\/cleitonpinheiro.com.br\/site\/#\/schema\/person\/8f04544e0bc40a1b68775b08360f87db\"},\"headline\":\"Bolsonaro recebe alta e deixa hospital em S\u00e3o Paulo\",\"datePublished\":\"2023-08-25T00:51:58+00:00\",\"dateModified\":\"2023-08-25T00:52:01+00:00\",\"mainEntityOfPage\":{\"@id\":\"https:\/\/cleitonpinheiro.com.br\/site\/bolsonaro-recebe-alta-e-deixa-hospital-em-sao-paulo\/\"},\"wordCount\":359,\"commentCount\":0,\"publisher\":{\"@id\":\"https:\/\/cleitonpinheiro.com.br\/site\/#organization\"},\"image\":{\"@id\":\"https:\/\/cleitonpinheiro.com.br\/site\/bolsonaro-recebe-alta-e-deixa-hospital-em-sao-paulo\/#primaryimage\"},\"thumbnailUrl\":\"https:\/\/cleitonpinheiro.com.br\/site\/wp-content\/uploads\/2023\/08\/trbr3478.jpg\",\"articleSection\":[\"MANCHETE SEGUND\u00c1RIA\",\"POL\u00cdTICA\"],\"inLanguage\":\"pt-BR\",\"potentialAction\":[{\"@type\":\"CommentAction\",\"name\":\"Comment\",\"target\":[\"https:\/\/cleitonpinheiro.com.br\/site\/bolsonaro-recebe-alta-e-deixa-hospital-em-sao-paulo\/#respond\"]}]},{\"@type\":\"WebPage\",\"@id\":\"https:\/\/cleitonpinheiro.com.br\/site\/bolsonaro-recebe-alta-e-deixa-hospital-em-sao-paulo\/\",\"url\":\"https:\/\/cleitonpinheiro.com.br\/site\/bolsonaro-recebe-alta-e-deixa-hospital-em-sao-paulo\/\",\"name\":\"Bolsonaro recebe alta e deixa hospital em S\u00e3o Paulo - PORTAL DE NOT\u00cdCIAS CLEITON PINHEIRO\",\"isPartOf\":{\"@id\":\"https:\/\/cleitonpinheiro.com.br\/site\/#website\"},\"primaryImageOfPage\":{\"@id\":\"https:\/\/cleitonpinheiro.com.br\/site\/bolsonaro-recebe-alta-e-deixa-hospital-em-sao-paulo\/#primaryimage\"},\"image\":{\"@id\":\"https:\/\/cleitonpinheiro.com.br\/site\/bolsonaro-recebe-alta-e-deixa-hospital-em-sao-paulo\/#primaryimage\"},\"thumbnailUrl\":\"https:\/\/cleitonpinheiro.com.br\/site\/wp-content\/uploads\/2023\/08\/trbr3478.jpg\",\"datePublished\":\"2023-08-25T00:51:58+00:00\",\"dateModified\":\"2023-08-25T00:52:01+00:00\",\"breadcrumb\":{\"@id\":\"https:\/\/cleitonpinheiro.com.br\/site\/bolsonaro-recebe-alta-e-deixa-hospital-em-sao-paulo\/#breadcrumb\"},\"inLanguage\":\"pt-BR\",\"potentialAction\":[{\"@type\":\"ReadAction\",\"target\":[\"https:\/\/cleitonpinheiro.com.br\/site\/bolsonaro-recebe-alta-e-deixa-hospital-em-sao-paulo\/\"]}]},{\"@type\":\"ImageObject\",\"inLanguage\":\"pt-BR\",\"@id\":\"https:\/\/cleitonpinheiro.com.br\/site\/bolsonaro-recebe-alta-e-deixa-hospital-em-sao-paulo\/#primaryimage\",\"url\":\"\",\"contentUrl\":\"\"},{\"@type\":\"BreadcrumbList\",\"@id\":\"https:\/\/cleitonpinheiro.com.br\/site\/bolsonaro-recebe-alta-e-deixa-hospital-em-sao-paulo\/#breadcrumb\",\"itemListElement\":[{\"@type\":\"ListItem\",\"position\":1,\"name\":\"In\u00edcio\",\"item\":\"https:\/\/cleitonpinheiro.com.br\/site\/\"},{\"@type\":\"ListItem\",\"position\":2,\"name\":\"Bolsonaro recebe alta e deixa hospital em S\u00e3o Paulo\"}]},{\"@type\":\"WebSite\",\"@id\":\"https:\/\/cleitonpinheiro.com.br\/site\/#website\",\"url\":\"https:\/\/cleitonpinheiro.com.br\/site\/\",\"name\":\"PORTAL DE NOT\u00cdCIAS CLEITON PINHEIRO\",\"description\":\"FALANDO A VERDADE\",\"publisher\":{\"@id\":\"https:\/\/cleitonpinheiro.com.br\/site\/#organization\"},\"potentialAction\":[{\"@type\":\"SearchAction\",\"target\":{\"@type\":\"EntryPoint\",\"urlTemplate\":\"https:\/\/cleitonpinheiro.com.br\/site\/?s={search_term_string}\"},\"query-input\":{\"@type\":\"PropertyValueSpecification\",\"valueRequired\":true,\"valueName\":\"search_term_string\"}}],\"inLanguage\":\"pt-BR\"},{\"@type\":\"Organization\",\"@id\":\"https:\/\/cleitonpinheiro.com.br\/site\/#organization\",\"name\":\"CPNOT\u00cdCIAS\",\"url\":\"https:\/\/cleitonpinheiro.com.br\/site\/\",\"logo\":{\"@type\":\"ImageObject\",\"inLanguage\":\"pt-BR\",\"@id\":\"https:\/\/cleitonpinheiro.com.br\/site\/#\/schema\/logo\/image\/\",\"url\":\"https:\/\/cleitonpinheiro.com.br\/site\/wp-content\/uploads\/2022\/08\/Logo-pequena-2.png\",\"contentUrl\":\"https:\/\/cleitonpinheiro.com.br\/site\/wp-content\/uploads\/2022\/08\/Logo-pequena-2.png\",\"width\":500,\"height\":500,\"caption\":\"CPNOT\u00cdCIAS\"},\"image\":{\"@id\":\"https:\/\/cleitonpinheiro.com.br\/site\/#\/schema\/logo\/image\/\"},\"sameAs\":[\"https:\/\/www.facebook.com\/portalcpnoticias\/\"]},{\"@type\":\"Person\",\"@id\":\"https:\/\/cleitonpinheiro.com.br\/site\/#\/schema\/person\/8f04544e0bc40a1b68775b08360f87db\",\"name\":\"Reda\u00e7\u00e3o CP\",\"image\":{\"@type\":\"ImageObject\",\"inLanguage\":\"pt-BR\",\"@id\":\"https:\/\/cleitonpinheiro.com.br\/site\/#\/schema\/person\/image\/\",\"url\":\"https:\/\/secure.gravatar.com\/avatar\/0bcf19cb29fdc8fc588c490c7ae1b3e174dac268586a63fbe1d1893a0f9020cd?s=96&r=g\",\"contentUrl\":\"https:\/\/secure.gravatar.com\/avatar\/0bcf19cb29fdc8fc588c490c7ae1b3e174dac268586a63fbe1d1893a0f9020cd?s=96&r=g\",\"caption\":\"Reda\u00e7\u00e3o CP\"},\"url\":\"https:\/\/cleitonpinheiro.com.br\/site\/author\/redacao\/\"}]}<\/script>\n<!-- \/ Yoast SEO plugin. -->","yoast_head_json":{"title":"Bolsonaro recebe alta e deixa hospital em S\u00e3o Paulo - PORTAL DE NOT\u00cdCIAS CLEITON PINHEIRO","robots":{"index":"index","follow":"follow","max-snippet":"max-snippet:-1","max-image-preview":"max-image-preview:large","max-video-preview":"max-video-preview:-1"},"canonical":"https:\/\/cleitonpinheiro.com.br\/site\/bolsonaro-recebe-alta-e-deixa-hospital-em-sao-paulo\/","og_locale":"pt_BR","og_type":"article","og_title":"Bolsonaro recebe alta e deixa hospital em S\u00e3o Paulo - PORTAL DE NOT\u00cdCIAS CLEITON PINHEIRO","og_description":"Da Ag\u00eancia Brasil O ex-presidente Jair Bolsonaro recebeu alta na tarde dessa quinta-feira, 23. Ele foi internado ontem no Hospital Vila Nova Star, em S\u00e3o Paulo, para exames de rotina. A informa\u00e7\u00e3o foi confirmada pelo assessor de imprensa do ex-presidente, Fabio Wajngarten. No momento da interna\u00e7\u00e3o, o assessor informou que os exames eram para avaliar [&hellip;]","og_url":"https:\/\/cleitonpinheiro.com.br\/site\/bolsonaro-recebe-alta-e-deixa-hospital-em-sao-paulo\/","og_site_name":"PORTAL DE NOT\u00cdCIAS CLEITON PINHEIRO","article_publisher":"https:\/\/www.facebook.com\/portalcpnoticias\/","article_published_time":"2023-08-25T00:51:58+00:00","article_modified_time":"2023-08-25T00:52:01+00:00","og_image":[{"width":1170,"height":700,"url":"https:\/\/cleitonpinheiro.com.br\/site\/wp-content\/uploads\/2023\/08\/trbr3478.jpg","type":"image\/jpeg"}],"author":"Reda\u00e7\u00e3o CP","twitter_card":"summary_large_image","twitter_misc":{"Escrito por":"Reda\u00e7\u00e3o CP","Est. tempo de leitura":"3 minutos"},"schema":{"@context":"https:\/\/schema.org","@graph":[{"@type":"Article","@id":"https:\/\/cleitonpinheiro.com.br\/site\/bolsonaro-recebe-alta-e-deixa-hospital-em-sao-paulo\/#article","isPartOf":{"@id":"https:\/\/cleitonpinheiro.com.br\/site\/bolsonaro-recebe-alta-e-deixa-hospital-em-sao-paulo\/"},"author":{"name":"Reda\u00e7\u00e3o CP","@id":"https:\/\/cleitonpinheiro.com.br\/site\/#\/schema\/person\/8f04544e0bc40a1b68775b08360f87db"},"headline":"Bolsonaro recebe alta e deixa hospital em S\u00e3o Paulo","datePublished":"2023-08-25T00:51:58+00:00","dateModified":"2023-08-25T00:52:01+00:00","mainEntityOfPage":{"@id":"https:\/\/cleitonpinheiro.com.br\/site\/bolsonaro-recebe-alta-e-deixa-hospital-em-sao-paulo\/"},"wordCount":359,"commentCount":0,"publisher":{"@id":"https:\/\/cleitonpinheiro.com.br\/site\/#organization"},"image":{"@id":"https:\/\/cleitonpinheiro.com.br\/site\/bolsonaro-recebe-alta-e-deixa-hospital-em-sao-paulo\/#primaryimage"},"thumbnailUrl":"https:\/\/cleitonpinheiro.com.br\/site\/wp-content\/uploads\/2023\/08\/trbr3478.jpg","articleSection":["MANCHETE SEGUND\u00c1RIA","POL\u00cdTICA"],"inLanguage":"pt-BR","potentialAction":[{"@type":"CommentAction","name":"Comment","target":["https:\/\/cleitonpinheiro.com.br\/site\/bolsonaro-recebe-alta-e-deixa-hospital-em-sao-paulo\/#respond"]}]},{"@type":"WebPage","@id":"https:\/\/cleitonpinheiro.com.br\/site\/bolsonaro-recebe-alta-e-deixa-hospital-em-sao-paulo\/","url":"https:\/\/cleitonpinheiro.com.br\/site\/bolsonaro-recebe-alta-e-deixa-hospital-em-sao-paulo\/","name":"Bolsonaro recebe alta e deixa hospital em S\u00e3o Paulo - PORTAL DE NOT\u00cdCIAS CLEITON PINHEIRO","isPartOf":{"@id":"https:\/\/cleitonpinheiro.com.br\/site\/#website"},"primaryImageOfPage":{"@id":"https:\/\/cleitonpinheiro.com.br\/site\/bolsonaro-recebe-alta-e-deixa-hospital-em-sao-paulo\/#primaryimage"},"image":{"@id":"https:\/\/cleitonpinheiro.com.br\/site\/bolsonaro-recebe-alta-e-deixa-hospital-em-sao-paulo\/#primaryimage"},"thumbnailUrl":"https:\/\/cleitonpinheiro.com.br\/site\/wp-content\/uploads\/2023\/08\/trbr3478.jpg","datePublished":"2023-08-25T00:51:58+00:00","dateModified":"2023-08-25T00:52:01+00:00","breadcrumb":{"@id":"https:\/\/cleitonpinheiro.com.br\/site\/bolsonaro-recebe-alta-e-deixa-hospital-em-sao-paulo\/#breadcrumb"},"inLanguage":"pt-BR","potentialAction":[{"@type":"ReadAction","target":["https:\/\/cleitonpinheiro.com.br\/site\/bolsonaro-recebe-alta-e-deixa-hospital-em-sao-paulo\/"]}]},{"@type":"ImageObject","inLanguage":"pt-BR","@id":"https:\/\/cleitonpinheiro.com.br\/site\/bolsonaro-recebe-alta-e-deixa-hospital-em-sao-paulo\/#primaryimage","url":"","contentUrl":""},{"@type":"BreadcrumbList","@id":"https:\/\/cleitonpinheiro.com.br\/site\/bolsonaro-recebe-alta-e-deixa-hospital-em-sao-paulo\/#breadcrumb","itemListElement":[{"@type":"ListItem","position":1,"name":"In\u00edcio","item":"https:\/\/cleitonpinheiro.com.br\/site\/"},{"@type":"ListItem","position":2,"name":"Bolsonaro recebe alta e deixa hospital em S\u00e3o Paulo"}]},{"@type":"WebSite","@id":"https:\/\/cleitonpinheiro.com.br\/site\/#website","url":"https:\/\/cleitonpinheiro.com.br\/site\/","name":"PORTAL DE NOT\u00cdCIAS CLEITON PINHEIRO","description":"FALANDO A VERDADE","publisher":{"@id":"https:\/\/cleitonpinheiro.com.br\/site\/#organization"},"potentialAction":[{"@type":"SearchAction","target":{"@type":"EntryPoint","urlTemplate":"https:\/\/cleitonpinheiro.com.br\/site\/?s={search_term_string}"},"query-input":{"@type":"PropertyValueSpecification","valueRequired":true,"valueName":"search_term_string"}}],"inLanguage":"pt-BR"},{"@type":"Organization","@id":"https:\/\/cleitonpinheiro.com.br\/site\/#organization","name":"CPNOT\u00cdCIAS","url":"https:\/\/cleitonpinheiro.com.br\/site\/","logo":{"@type":"ImageObject","inLanguage":"pt-BR","@id":"https:\/\/cleitonpinheiro.com.br\/site\/#\/schema\/logo\/image\/","url":"https:\/\/cleitonpinheiro.com.br\/site\/wp-content\/uploads\/2022\/08\/Logo-pequena-2.png","contentUrl":"https:\/\/cleitonpinheiro.com.br\/site\/wp-content\/uploads\/2022\/08\/Logo-pequena-2.png","width":500,"height":500,"caption":"CPNOT\u00cdCIAS"},"image":{"@id":"https:\/\/cleitonpinheiro.com.br\/site\/#\/schema\/logo\/image\/"},"sameAs":["https:\/\/www.facebook.com\/portalcpnoticias\/"]},{"@type":"Person","@id":"https:\/\/cleitonpinheiro.com.br\/site\/#\/schema\/person\/8f04544e0bc40a1b68775b08360f87db","name":"Reda\u00e7\u00e3o CP","image":{"@type":"ImageObject","inLanguage":"pt-BR","@id":"https:\/\/cleitonpinheiro.com.br\/site\/#\/schema\/person\/image\/","url":"https:\/\/secure.gravatar.com\/avatar\/0bcf19cb29fdc8fc588c490c7ae1b3e174dac268586a63fbe1d1893a0f9020cd?s=96&r=g","contentUrl":"https:\/\/secure.gravatar.com\/avatar\/0bcf19cb29fdc8fc588c490c7ae1b3e174dac268586a63fbe1d1893a0f9020cd?s=96&r=g","caption":"Reda\u00e7\u00e3o CP"},"url":"https:\/\/cleitonpinheiro.com.br\/site\/author\/redacao\/"}]}},"views":162,"_links":{"self":[{"href":"https:\/\/cleitonpinheiro.com.br\/site\/wp-json\/wp\/v2\/posts\/73706","targetHints":{"allow":["GET"]}}],"collection":[{"href":"https:\/\/cleitonpinheiro.com.br\/site\/wp-json\/wp\/v2\/posts"}],"about":[{"href":"https:\/\/cleitonpinheiro.com.br\/site\/wp-json\/wp\/v2\/types\/post"}],"author":[{"embeddable":true,"href":"https:\/\/cleitonpinheiro.com.br\/site\/wp-json\/wp\/v2\/users\/13"}],"replies":[{"embeddable":true,"href":"https:\/\/cleitonpinheiro.com.br\/site\/wp-json\/wp\/v2\/comments?post=73706"}],"version-history":[{"count":1,"href":"https:\/\/cleitonpinheiro.com.br\/site\/wp-json\/wp\/v2\/posts\/73706\/revisions"}],"predecessor-version":[{"id":73707,"href":"https:\/\/cleitonpinheiro.com.br\/site\/wp-json\/wp\/v2\/posts\/73706\/revisions\/73707"}],"wp:attachment":[{"href":"https:\/\/cleitonpinheiro.com.br\/site\/wp-json\/wp\/v2\/media?parent=73706"}],"wp:term":[{"taxonomy":"category","embeddable":true,"href":"https:\/\/cleitonpinheiro.com.br\/site\/wp-json\/wp\/v2\/categories?post=73706"},{"taxonomy":"post_tag","embeddable":true,"href":"https:\/\/cleitonpinheiro.com.br\/site\/wp-json\/wp\/v2\/tags?post=73706"}],"curies":[{"name":"wp","href":"https:\/\/api.w.org\/{rel}","templated":true}]}}