{"id":73711,"date":"2023-08-25T08:23:56","date_gmt":"2023-08-25T11:23:56","guid":{"rendered":"https:\/\/cleitonpinheiro.com.br\/site\/?p=73711"},"modified":"2023-12-27T11:36:17","modified_gmt":"2023-12-27T14:36:17","slug":"cantor-almir-sater-fara-a-abertura-do-festival-gastronomico-de-palmas","status":"publish","type":"post","link":"https:\/\/cleitonpinheiro.com.br\/site\/cantor-almir-sater-fara-a-abertura-do-festival-gastronomico-de-palmas\/","title":{"rendered":"Cantor Almir Sater far\u00e1 a abertura do festival gastron\u00f4mico de Palmas"},"content":{"rendered":"\n<figure class=\"wp-block-image size-full\"><img decoding=\"async\" src=\"https:\/\/cleitonpinheiro.com.br\/site\/wp-content\/uploads\/2023\/08\/157b554cd1a8484ea84bad2c2ac9c065.jpg\" alt=\"\" class=\"wp-image-73712\"\/><figcaption class=\"wp-element-caption\">Show ser\u00e1 no dia 6 de setembro em Taquaru\u00e7u &#8211; Foto: Divulga\u00e7\u00e3o<\/figcaption><\/figure>\n\n\n\n<p class=\"wp-block-paragraph\">Na tarde desta quinta-feira, 24, a prefeita de Palmas, Cinthia Ribeiro, anunciou em suas redes sociais a primeira grande atra\u00e7\u00e3o do 17\u00b0 Festival Gastron\u00f4mico de Taquaru\u00e7u (FGT): o cantor Almir Sater. O artista abrir\u00e1 o 17\u00ba FGT com grande estilo no dia 6 de setembro, no Distrito de Taquaru\u00e7u, na Pra\u00e7a Vereador Tarcisio Machado.<\/p>\n\n\n\n<p class=\"wp-block-paragraph\">O 17\u00b0 &nbsp;FGT&nbsp;ser\u00e1 realizado entre os dias 6 a 10 de setembro, e em breve dever\u00e3o ser anunciadas as demais atra\u00e7\u00f5es nacionais e regionais, que ir\u00e3o compor a grade da programa\u00e7\u00e3o do evento neste ano. O cantor Almir Sater promete entregar muita m\u00fasica boa, com grandes sucessos, entre eles, o hit Tocando em frente. Os visitantes poder\u00e3o aproveitar a boa m\u00fasica enquanto saboreiam os 42 pratos escolhidos especialmente para concorrer a grande premia\u00e7\u00e3o do FGT deste ano. Al\u00e9m dos grandes shows e musicais a popula\u00e7\u00e3o tamb\u00e9m poder\u00e1 contar com a programa\u00e7\u00e3o da Cozinha Show, que tamb\u00e9m contar\u00e1 com nomes renomados da cozinha tocantinense.<\/p>\n\n\n\n<p class=\"wp-block-paragraph\">Almir Sater \u00e9 um multiartista, cantor, compositor, violeiro, instrumentista e ator. O artista tem uma carreira musical de mais de 40 anos, celebrada com grandes sucessos. Tamb\u00e9m estreou como ator na novela Pantanal, em 1990, gerando repercuss\u00e3o em todo o pa\u00eds. O cantor \u00e9 uma figura ic\u00f4nica, atemporal, dono de uma voz marcante e de um talento \u00fanico que sabe como cativar os seus f\u00e3s. Respons\u00e1vel por marcar toda uma gera\u00e7\u00e3o de sertanejos, \u00e9 a viola a sua identidade art\u00edstica.<\/p>\n\n\n\n<p class=\"wp-block-paragraph\"><br><strong>Texto:<\/strong>&nbsp;Safhira Delmondes, estagi\u00e1ria sob a supervis\u00e3o da Diretoria de Jornalismo da Secom<\/p>\n","protected":false},"excerpt":{"rendered":"<p>Na tarde desta quinta-feira, 24, a prefeita de Palmas, Cinthia Ribeiro, anunciou em suas redes sociais a primeira grande atra\u00e7\u00e3o do 17\u00b0 Festival Gastron\u00f4mico de Taquaru\u00e7u (FGT): o cantor Almir Sater. O artista abrir\u00e1 o 17\u00ba FGT com grande estilo no dia 6 de setembro, no Distrito de Taquaru\u00e7u, na Pra\u00e7a Vereador Tarcisio Machado. O [&hellip;]<\/p>\n","protected":false},"author":13,"featured_media":0,"comment_status":"open","ping_status":"open","sticky":false,"template":"","format":"standard","meta":{"_acf_changed":false,"footnotes":""},"categories":[22,21],"tags":[],"class_list":["post-73711","post","type-post","status-publish","format-standard","hentry","category-cidades","category-todas-noticias"],"acf":[],"yoast_head":"<!-- This site is optimized with the Yoast SEO plugin v24.4 - https:\/\/yoast.com\/wordpress\/plugins\/seo\/ -->\n<title>Cantor Almir Sater far\u00e1 a abertura do festival gastron\u00f4mico de Palmas - PORTAL DE NOT\u00cdCIAS CLEITON PINHEIRO<\/title>\n<meta name=\"robots\" content=\"index, follow, max-snippet:-1, max-image-preview:large, max-video-preview:-1\" \/>\n<link rel=\"canonical\" href=\"https:\/\/cleitonpinheiro.com.br\/site\/cantor-almir-sater-fara-a-abertura-do-festival-gastronomico-de-palmas\/\" \/>\n<meta property=\"og:locale\" content=\"pt_BR\" \/>\n<meta property=\"og:type\" content=\"article\" \/>\n<meta property=\"og:title\" content=\"Cantor Almir Sater far\u00e1 a abertura do festival gastron\u00f4mico de Palmas - PORTAL DE NOT\u00cdCIAS CLEITON PINHEIRO\" \/>\n<meta property=\"og:description\" content=\"Na tarde desta quinta-feira, 24, a prefeita de Palmas, Cinthia Ribeiro, anunciou em suas redes sociais a primeira grande atra\u00e7\u00e3o do 17\u00b0 Festival Gastron\u00f4mico de Taquaru\u00e7u (FGT): o cantor Almir Sater. O artista abrir\u00e1 o 17\u00ba FGT com grande estilo no dia 6 de setembro, no Distrito de Taquaru\u00e7u, na Pra\u00e7a Vereador Tarcisio Machado. O [&hellip;]\" \/>\n<meta property=\"og:url\" content=\"https:\/\/cleitonpinheiro.com.br\/site\/cantor-almir-sater-fara-a-abertura-do-festival-gastronomico-de-palmas\/\" \/>\n<meta property=\"og:site_name\" content=\"PORTAL DE NOT\u00cdCIAS CLEITON PINHEIRO\" \/>\n<meta property=\"article:publisher\" content=\"https:\/\/www.facebook.com\/portalcpnoticias\/\" \/>\n<meta property=\"article:published_time\" content=\"2023-08-25T11:23:56+00:00\" \/>\n<meta property=\"article:modified_time\" content=\"2023-12-27T14:36:17+00:00\" \/>\n<meta property=\"og:image\" content=\"https:\/\/cleitonpinheiro.com.br\/site\/wp-content\/uploads\/2023\/08\/157b554cd1a8484ea84bad2c2ac9c065.jpg\" \/>\n\t<meta property=\"og:image:width\" content=\"800\" \/>\n\t<meta property=\"og:image:height\" content=\"529\" \/>\n\t<meta property=\"og:image:type\" content=\"image\/jpeg\" \/>\n<meta name=\"author\" content=\"Reda\u00e7\u00e3o CP\" \/>\n<meta name=\"twitter:card\" content=\"summary_large_image\" \/>\n<meta name=\"twitter:label1\" content=\"Escrito por\" \/>\n\t<meta name=\"twitter:data1\" content=\"Reda\u00e7\u00e3o CP\" \/>\n\t<meta name=\"twitter:label2\" content=\"Est. tempo de leitura\" \/>\n\t<meta name=\"twitter:data2\" content=\"2 minutos\" \/>\n<script type=\"application\/ld+json\" class=\"yoast-schema-graph\">{\"@context\":\"https:\/\/schema.org\",\"@graph\":[{\"@type\":\"Article\",\"@id\":\"https:\/\/cleitonpinheiro.com.br\/site\/cantor-almir-sater-fara-a-abertura-do-festival-gastronomico-de-palmas\/#article\",\"isPartOf\":{\"@id\":\"https:\/\/cleitonpinheiro.com.br\/site\/cantor-almir-sater-fara-a-abertura-do-festival-gastronomico-de-palmas\/\"},\"author\":{\"name\":\"Reda\u00e7\u00e3o CP\",\"@id\":\"https:\/\/cleitonpinheiro.com.br\/site\/#\/schema\/person\/8f04544e0bc40a1b68775b08360f87db\"},\"headline\":\"Cantor Almir Sater far\u00e1 a abertura do festival gastron\u00f4mico de Palmas\",\"datePublished\":\"2023-08-25T11:23:56+00:00\",\"dateModified\":\"2023-12-27T14:36:17+00:00\",\"mainEntityOfPage\":{\"@id\":\"https:\/\/cleitonpinheiro.com.br\/site\/cantor-almir-sater-fara-a-abertura-do-festival-gastronomico-de-palmas\/\"},\"wordCount\":294,\"commentCount\":0,\"publisher\":{\"@id\":\"https:\/\/cleitonpinheiro.com.br\/site\/#organization\"},\"image\":{\"@id\":\"https:\/\/cleitonpinheiro.com.br\/site\/cantor-almir-sater-fara-a-abertura-do-festival-gastronomico-de-palmas\/#primaryimage\"},\"thumbnailUrl\":\"https:\/\/cleitonpinheiro.com.br\/site\/wp-content\/uploads\/2023\/08\/157b554cd1a8484ea84bad2c2ac9c065.jpg\",\"articleSection\":[\"CIDADES\",\"TODAS NOTICIAS\"],\"inLanguage\":\"pt-BR\",\"potentialAction\":[{\"@type\":\"CommentAction\",\"name\":\"Comment\",\"target\":[\"https:\/\/cleitonpinheiro.com.br\/site\/cantor-almir-sater-fara-a-abertura-do-festival-gastronomico-de-palmas\/#respond\"]}]},{\"@type\":\"WebPage\",\"@id\":\"https:\/\/cleitonpinheiro.com.br\/site\/cantor-almir-sater-fara-a-abertura-do-festival-gastronomico-de-palmas\/\",\"url\":\"https:\/\/cleitonpinheiro.com.br\/site\/cantor-almir-sater-fara-a-abertura-do-festival-gastronomico-de-palmas\/\",\"name\":\"Cantor Almir Sater far\u00e1 a abertura do festival gastron\u00f4mico de Palmas - PORTAL DE NOT\u00cdCIAS CLEITON PINHEIRO\",\"isPartOf\":{\"@id\":\"https:\/\/cleitonpinheiro.com.br\/site\/#website\"},\"primaryImageOfPage\":{\"@id\":\"https:\/\/cleitonpinheiro.com.br\/site\/cantor-almir-sater-fara-a-abertura-do-festival-gastronomico-de-palmas\/#primaryimage\"},\"image\":{\"@id\":\"https:\/\/cleitonpinheiro.com.br\/site\/cantor-almir-sater-fara-a-abertura-do-festival-gastronomico-de-palmas\/#primaryimage\"},\"thumbnailUrl\":\"https:\/\/cleitonpinheiro.com.br\/site\/wp-content\/uploads\/2023\/08\/157b554cd1a8484ea84bad2c2ac9c065.jpg\",\"datePublished\":\"2023-08-25T11:23:56+00:00\",\"dateModified\":\"2023-12-27T14:36:17+00:00\",\"breadcrumb\":{\"@id\":\"https:\/\/cleitonpinheiro.com.br\/site\/cantor-almir-sater-fara-a-abertura-do-festival-gastronomico-de-palmas\/#breadcrumb\"},\"inLanguage\":\"pt-BR\",\"potentialAction\":[{\"@type\":\"ReadAction\",\"target\":[\"https:\/\/cleitonpinheiro.com.br\/site\/cantor-almir-sater-fara-a-abertura-do-festival-gastronomico-de-palmas\/\"]}]},{\"@type\":\"ImageObject\",\"inLanguage\":\"pt-BR\",\"@id\":\"https:\/\/cleitonpinheiro.com.br\/site\/cantor-almir-sater-fara-a-abertura-do-festival-gastronomico-de-palmas\/#primaryimage\",\"url\":\"\",\"contentUrl\":\"\"},{\"@type\":\"BreadcrumbList\",\"@id\":\"https:\/\/cleitonpinheiro.com.br\/site\/cantor-almir-sater-fara-a-abertura-do-festival-gastronomico-de-palmas\/#breadcrumb\",\"itemListElement\":[{\"@type\":\"ListItem\",\"position\":1,\"name\":\"In\u00edcio\",\"item\":\"https:\/\/cleitonpinheiro.com.br\/site\/\"},{\"@type\":\"ListItem\",\"position\":2,\"name\":\"Cantor Almir Sater far\u00e1 a abertura do festival gastron\u00f4mico de Palmas\"}]},{\"@type\":\"WebSite\",\"@id\":\"https:\/\/cleitonpinheiro.com.br\/site\/#website\",\"url\":\"https:\/\/cleitonpinheiro.com.br\/site\/\",\"name\":\"PORTAL DE NOT\u00cdCIAS CLEITON PINHEIRO\",\"description\":\"FALANDO A VERDADE\",\"publisher\":{\"@id\":\"https:\/\/cleitonpinheiro.com.br\/site\/#organization\"},\"potentialAction\":[{\"@type\":\"SearchAction\",\"target\":{\"@type\":\"EntryPoint\",\"urlTemplate\":\"https:\/\/cleitonpinheiro.com.br\/site\/?s={search_term_string}\"},\"query-input\":{\"@type\":\"PropertyValueSpecification\",\"valueRequired\":true,\"valueName\":\"search_term_string\"}}],\"inLanguage\":\"pt-BR\"},{\"@type\":\"Organization\",\"@id\":\"https:\/\/cleitonpinheiro.com.br\/site\/#organization\",\"name\":\"CPNOT\u00cdCIAS\",\"url\":\"https:\/\/cleitonpinheiro.com.br\/site\/\",\"logo\":{\"@type\":\"ImageObject\",\"inLanguage\":\"pt-BR\",\"@id\":\"https:\/\/cleitonpinheiro.com.br\/site\/#\/schema\/logo\/image\/\",\"url\":\"https:\/\/cleitonpinheiro.com.br\/site\/wp-content\/uploads\/2022\/08\/Logo-pequena-2.png\",\"contentUrl\":\"https:\/\/cleitonpinheiro.com.br\/site\/wp-content\/uploads\/2022\/08\/Logo-pequena-2.png\",\"width\":500,\"height\":500,\"caption\":\"CPNOT\u00cdCIAS\"},\"image\":{\"@id\":\"https:\/\/cleitonpinheiro.com.br\/site\/#\/schema\/logo\/image\/\"},\"sameAs\":[\"https:\/\/www.facebook.com\/portalcpnoticias\/\"]},{\"@type\":\"Person\",\"@id\":\"https:\/\/cleitonpinheiro.com.br\/site\/#\/schema\/person\/8f04544e0bc40a1b68775b08360f87db\",\"name\":\"Reda\u00e7\u00e3o CP\",\"image\":{\"@type\":\"ImageObject\",\"inLanguage\":\"pt-BR\",\"@id\":\"https:\/\/cleitonpinheiro.com.br\/site\/#\/schema\/person\/image\/\",\"url\":\"https:\/\/secure.gravatar.com\/avatar\/0bcf19cb29fdc8fc588c490c7ae1b3e174dac268586a63fbe1d1893a0f9020cd?s=96&r=g\",\"contentUrl\":\"https:\/\/secure.gravatar.com\/avatar\/0bcf19cb29fdc8fc588c490c7ae1b3e174dac268586a63fbe1d1893a0f9020cd?s=96&r=g\",\"caption\":\"Reda\u00e7\u00e3o CP\"},\"url\":\"https:\/\/cleitonpinheiro.com.br\/site\/author\/redacao\/\"}]}<\/script>\n<!-- \/ Yoast SEO plugin. -->","yoast_head_json":{"title":"Cantor Almir Sater far\u00e1 a abertura do festival gastron\u00f4mico de Palmas - PORTAL DE NOT\u00cdCIAS CLEITON PINHEIRO","robots":{"index":"index","follow":"follow","max-snippet":"max-snippet:-1","max-image-preview":"max-image-preview:large","max-video-preview":"max-video-preview:-1"},"canonical":"https:\/\/cleitonpinheiro.com.br\/site\/cantor-almir-sater-fara-a-abertura-do-festival-gastronomico-de-palmas\/","og_locale":"pt_BR","og_type":"article","og_title":"Cantor Almir Sater far\u00e1 a abertura do festival gastron\u00f4mico de Palmas - PORTAL DE NOT\u00cdCIAS CLEITON PINHEIRO","og_description":"Na tarde desta quinta-feira, 24, a prefeita de Palmas, Cinthia Ribeiro, anunciou em suas redes sociais a primeira grande atra\u00e7\u00e3o do 17\u00b0 Festival Gastron\u00f4mico de Taquaru\u00e7u (FGT): o cantor Almir Sater. O artista abrir\u00e1 o 17\u00ba FGT com grande estilo no dia 6 de setembro, no Distrito de Taquaru\u00e7u, na Pra\u00e7a Vereador Tarcisio Machado. O [&hellip;]","og_url":"https:\/\/cleitonpinheiro.com.br\/site\/cantor-almir-sater-fara-a-abertura-do-festival-gastronomico-de-palmas\/","og_site_name":"PORTAL DE NOT\u00cdCIAS CLEITON PINHEIRO","article_publisher":"https:\/\/www.facebook.com\/portalcpnoticias\/","article_published_time":"2023-08-25T11:23:56+00:00","article_modified_time":"2023-12-27T14:36:17+00:00","og_image":[{"width":800,"height":529,"url":"https:\/\/cleitonpinheiro.com.br\/site\/wp-content\/uploads\/2023\/08\/157b554cd1a8484ea84bad2c2ac9c065.jpg","type":"image\/jpeg"}],"author":"Reda\u00e7\u00e3o CP","twitter_card":"summary_large_image","twitter_misc":{"Escrito por":"Reda\u00e7\u00e3o CP","Est. tempo de leitura":"2 minutos"},"schema":{"@context":"https:\/\/schema.org","@graph":[{"@type":"Article","@id":"https:\/\/cleitonpinheiro.com.br\/site\/cantor-almir-sater-fara-a-abertura-do-festival-gastronomico-de-palmas\/#article","isPartOf":{"@id":"https:\/\/cleitonpinheiro.com.br\/site\/cantor-almir-sater-fara-a-abertura-do-festival-gastronomico-de-palmas\/"},"author":{"name":"Reda\u00e7\u00e3o CP","@id":"https:\/\/cleitonpinheiro.com.br\/site\/#\/schema\/person\/8f04544e0bc40a1b68775b08360f87db"},"headline":"Cantor Almir Sater far\u00e1 a abertura do festival gastron\u00f4mico de Palmas","datePublished":"2023-08-25T11:23:56+00:00","dateModified":"2023-12-27T14:36:17+00:00","mainEntityOfPage":{"@id":"https:\/\/cleitonpinheiro.com.br\/site\/cantor-almir-sater-fara-a-abertura-do-festival-gastronomico-de-palmas\/"},"wordCount":294,"commentCount":0,"publisher":{"@id":"https:\/\/cleitonpinheiro.com.br\/site\/#organization"},"image":{"@id":"https:\/\/cleitonpinheiro.com.br\/site\/cantor-almir-sater-fara-a-abertura-do-festival-gastronomico-de-palmas\/#primaryimage"},"thumbnailUrl":"https:\/\/cleitonpinheiro.com.br\/site\/wp-content\/uploads\/2023\/08\/157b554cd1a8484ea84bad2c2ac9c065.jpg","articleSection":["CIDADES","TODAS NOTICIAS"],"inLanguage":"pt-BR","potentialAction":[{"@type":"CommentAction","name":"Comment","target":["https:\/\/cleitonpinheiro.com.br\/site\/cantor-almir-sater-fara-a-abertura-do-festival-gastronomico-de-palmas\/#respond"]}]},{"@type":"WebPage","@id":"https:\/\/cleitonpinheiro.com.br\/site\/cantor-almir-sater-fara-a-abertura-do-festival-gastronomico-de-palmas\/","url":"https:\/\/cleitonpinheiro.com.br\/site\/cantor-almir-sater-fara-a-abertura-do-festival-gastronomico-de-palmas\/","name":"Cantor Almir Sater far\u00e1 a abertura do festival gastron\u00f4mico de Palmas - PORTAL DE NOT\u00cdCIAS CLEITON PINHEIRO","isPartOf":{"@id":"https:\/\/cleitonpinheiro.com.br\/site\/#website"},"primaryImageOfPage":{"@id":"https:\/\/cleitonpinheiro.com.br\/site\/cantor-almir-sater-fara-a-abertura-do-festival-gastronomico-de-palmas\/#primaryimage"},"image":{"@id":"https:\/\/cleitonpinheiro.com.br\/site\/cantor-almir-sater-fara-a-abertura-do-festival-gastronomico-de-palmas\/#primaryimage"},"thumbnailUrl":"https:\/\/cleitonpinheiro.com.br\/site\/wp-content\/uploads\/2023\/08\/157b554cd1a8484ea84bad2c2ac9c065.jpg","datePublished":"2023-08-25T11:23:56+00:00","dateModified":"2023-12-27T14:36:17+00:00","breadcrumb":{"@id":"https:\/\/cleitonpinheiro.com.br\/site\/cantor-almir-sater-fara-a-abertura-do-festival-gastronomico-de-palmas\/#breadcrumb"},"inLanguage":"pt-BR","potentialAction":[{"@type":"ReadAction","target":["https:\/\/cleitonpinheiro.com.br\/site\/cantor-almir-sater-fara-a-abertura-do-festival-gastronomico-de-palmas\/"]}]},{"@type":"ImageObject","inLanguage":"pt-BR","@id":"https:\/\/cleitonpinheiro.com.br\/site\/cantor-almir-sater-fara-a-abertura-do-festival-gastronomico-de-palmas\/#primaryimage","url":"","contentUrl":""},{"@type":"BreadcrumbList","@id":"https:\/\/cleitonpinheiro.com.br\/site\/cantor-almir-sater-fara-a-abertura-do-festival-gastronomico-de-palmas\/#breadcrumb","itemListElement":[{"@type":"ListItem","position":1,"name":"In\u00edcio","item":"https:\/\/cleitonpinheiro.com.br\/site\/"},{"@type":"ListItem","position":2,"name":"Cantor Almir Sater far\u00e1 a abertura do festival gastron\u00f4mico de Palmas"}]},{"@type":"WebSite","@id":"https:\/\/cleitonpinheiro.com.br\/site\/#website","url":"https:\/\/cleitonpinheiro.com.br\/site\/","name":"PORTAL DE NOT\u00cdCIAS CLEITON PINHEIRO","description":"FALANDO A VERDADE","publisher":{"@id":"https:\/\/cleitonpinheiro.com.br\/site\/#organization"},"potentialAction":[{"@type":"SearchAction","target":{"@type":"EntryPoint","urlTemplate":"https:\/\/cleitonpinheiro.com.br\/site\/?s={search_term_string}"},"query-input":{"@type":"PropertyValueSpecification","valueRequired":true,"valueName":"search_term_string"}}],"inLanguage":"pt-BR"},{"@type":"Organization","@id":"https:\/\/cleitonpinheiro.com.br\/site\/#organization","name":"CPNOT\u00cdCIAS","url":"https:\/\/cleitonpinheiro.com.br\/site\/","logo":{"@type":"ImageObject","inLanguage":"pt-BR","@id":"https:\/\/cleitonpinheiro.com.br\/site\/#\/schema\/logo\/image\/","url":"https:\/\/cleitonpinheiro.com.br\/site\/wp-content\/uploads\/2022\/08\/Logo-pequena-2.png","contentUrl":"https:\/\/cleitonpinheiro.com.br\/site\/wp-content\/uploads\/2022\/08\/Logo-pequena-2.png","width":500,"height":500,"caption":"CPNOT\u00cdCIAS"},"image":{"@id":"https:\/\/cleitonpinheiro.com.br\/site\/#\/schema\/logo\/image\/"},"sameAs":["https:\/\/www.facebook.com\/portalcpnoticias\/"]},{"@type":"Person","@id":"https:\/\/cleitonpinheiro.com.br\/site\/#\/schema\/person\/8f04544e0bc40a1b68775b08360f87db","name":"Reda\u00e7\u00e3o CP","image":{"@type":"ImageObject","inLanguage":"pt-BR","@id":"https:\/\/cleitonpinheiro.com.br\/site\/#\/schema\/person\/image\/","url":"https:\/\/secure.gravatar.com\/avatar\/0bcf19cb29fdc8fc588c490c7ae1b3e174dac268586a63fbe1d1893a0f9020cd?s=96&r=g","contentUrl":"https:\/\/secure.gravatar.com\/avatar\/0bcf19cb29fdc8fc588c490c7ae1b3e174dac268586a63fbe1d1893a0f9020cd?s=96&r=g","caption":"Reda\u00e7\u00e3o CP"},"url":"https:\/\/cleitonpinheiro.com.br\/site\/author\/redacao\/"}]}},"views":90,"_links":{"self":[{"href":"https:\/\/cleitonpinheiro.com.br\/site\/wp-json\/wp\/v2\/posts\/73711","targetHints":{"allow":["GET"]}}],"collection":[{"href":"https:\/\/cleitonpinheiro.com.br\/site\/wp-json\/wp\/v2\/posts"}],"about":[{"href":"https:\/\/cleitonpinheiro.com.br\/site\/wp-json\/wp\/v2\/types\/post"}],"author":[{"embeddable":true,"href":"https:\/\/cleitonpinheiro.com.br\/site\/wp-json\/wp\/v2\/users\/13"}],"replies":[{"embeddable":true,"href":"https:\/\/cleitonpinheiro.com.br\/site\/wp-json\/wp\/v2\/comments?post=73711"}],"version-history":[{"count":1,"href":"https:\/\/cleitonpinheiro.com.br\/site\/wp-json\/wp\/v2\/posts\/73711\/revisions"}],"predecessor-version":[{"id":73713,"href":"https:\/\/cleitonpinheiro.com.br\/site\/wp-json\/wp\/v2\/posts\/73711\/revisions\/73713"}],"wp:attachment":[{"href":"https:\/\/cleitonpinheiro.com.br\/site\/wp-json\/wp\/v2\/media?parent=73711"}],"wp:term":[{"taxonomy":"category","embeddable":true,"href":"https:\/\/cleitonpinheiro.com.br\/site\/wp-json\/wp\/v2\/categories?post=73711"},{"taxonomy":"post_tag","embeddable":true,"href":"https:\/\/cleitonpinheiro.com.br\/site\/wp-json\/wp\/v2\/tags?post=73711"}],"curies":[{"name":"wp","href":"https:\/\/api.w.org\/{rel}","templated":true}]}}