{"id":73723,"date":"2023-08-25T12:48:06","date_gmt":"2023-08-25T15:48:06","guid":{"rendered":"https:\/\/cleitonpinheiro.com.br\/site\/?p=73723"},"modified":"2023-12-27T11:36:08","modified_gmt":"2023-12-27T14:36:08","slug":"corrida-uft-pmw-21-km-acontece-neste-domingo-27-na-capital","status":"publish","type":"post","link":"https:\/\/cleitonpinheiro.com.br\/site\/corrida-uft-pmw-21-km-acontece-neste-domingo-27-na-capital\/","title":{"rendered":"Corrida UFT PMW 21 km acontece neste domingo, 27, na Capital"},"content":{"rendered":"\n<figure class=\"wp-block-image size-full\"><img decoding=\"async\" src=\"https:\/\/cleitonpinheiro.com.br\/site\/wp-content\/uploads\/2023\/08\/ca468085b4d84546a75162aaf96f4813.jpg\" alt=\"\" class=\"wp-image-73724\"\/><figcaption class=\"wp-element-caption\">Corredores ir\u00e3o disputar provas de 7 km, 14 km e 21 km &#8211; Foto: Regiane Rocha\/Prefeitura de Palmas<\/figcaption><\/figure>\n\n\n\n<p class=\"wp-block-paragraph\">A Corrida UFT PMW 21 km ocorre neste domingo, 27, &nbsp;em Palmas, a partir das 6 horas. O evento esportivo acontece em comemora\u00e7\u00e3o ao anivers\u00e1rio da Universidade Federal do Tocantins (UFT), que chega aos seus 20 anos de cria\u00e7\u00e3o. E a Funda\u00e7\u00e3o Municipal de Esportes e Lazer (Fundesportes) \u00e9 parceira da iniciativa.&nbsp;<\/p>\n\n\n\n<p class=\"wp-block-paragraph\">A competi\u00e7\u00e3o ter\u00e1 largada e chegada na sede da UFT, localizada na Arno 14, (109 Norte), Av. NS-15, &nbsp;e ser\u00e1 dividida em duas categorias, sendo a p\u00fablico geral e comunidade acad\u00eamica, com percursos de 7 km, 14 km e 21 km. De acordo com a organiza\u00e7\u00e3o, as premia\u00e7\u00f5es ser\u00e3o distribu\u00eddas entre os competidores por faixa et\u00e1ria e nas modalidades masculina e feminina.&nbsp;<\/p>\n\n\n\n<p class=\"wp-block-paragraph\">O evento \u00e9 uma coordena\u00e7\u00e3o da Pr\u00f3-Reitoria de Extens\u00e3o, Cultura e Assuntos Comunit\u00e1rios (Proex), e conta com o apoio do&nbsp;<a href=\"https:\/\/www.tonacorrida.com.br\/evento\/2023\/corrida-de-rua\/uft-pmw-21k\" target=\"_blank\" rel=\"noreferrer noopener\">Grupo TO na Corrida<\/a>.<\/p>\n","protected":false},"excerpt":{"rendered":"<p>A Corrida UFT PMW 21 km ocorre neste domingo, 27, &nbsp;em Palmas, a partir das 6 horas. O evento esportivo acontece em comemora\u00e7\u00e3o ao anivers\u00e1rio da Universidade Federal do Tocantins (UFT), que chega aos seus 20 anos de cria\u00e7\u00e3o. E a Funda\u00e7\u00e3o Municipal de Esportes e Lazer (Fundesportes) \u00e9 parceira da iniciativa.&nbsp; A competi\u00e7\u00e3o ter\u00e1 [&hellip;]<\/p>\n","protected":false},"author":13,"featured_media":0,"comment_status":"open","ping_status":"open","sticky":false,"template":"","format":"standard","meta":{"_acf_changed":false,"footnotes":""},"categories":[1,21],"tags":[],"class_list":["post-73723","post","type-post","status-publish","format-standard","hentry","category-esporte","category-todas-noticias"],"acf":[],"yoast_head":"<!-- This site is optimized with the Yoast SEO plugin v24.4 - https:\/\/yoast.com\/wordpress\/plugins\/seo\/ -->\n<title>Corrida UFT PMW 21 km acontece neste domingo, 27, na Capital - PORTAL DE NOT\u00cdCIAS CLEITON PINHEIRO<\/title>\n<meta name=\"robots\" content=\"index, follow, max-snippet:-1, max-image-preview:large, max-video-preview:-1\" \/>\n<link rel=\"canonical\" href=\"https:\/\/cleitonpinheiro.com.br\/site\/corrida-uft-pmw-21-km-acontece-neste-domingo-27-na-capital\/\" \/>\n<meta property=\"og:locale\" content=\"pt_BR\" \/>\n<meta property=\"og:type\" content=\"article\" \/>\n<meta property=\"og:title\" content=\"Corrida UFT PMW 21 km acontece neste domingo, 27, na Capital - PORTAL DE NOT\u00cdCIAS CLEITON PINHEIRO\" \/>\n<meta property=\"og:description\" content=\"A Corrida UFT PMW 21 km ocorre neste domingo, 27, &nbsp;em Palmas, a partir das 6 horas. O evento esportivo acontece em comemora\u00e7\u00e3o ao anivers\u00e1rio da Universidade Federal do Tocantins (UFT), que chega aos seus 20 anos de cria\u00e7\u00e3o. E a Funda\u00e7\u00e3o Municipal de Esportes e Lazer (Fundesportes) \u00e9 parceira da iniciativa.&nbsp; A competi\u00e7\u00e3o ter\u00e1 [&hellip;]\" \/>\n<meta property=\"og:url\" content=\"https:\/\/cleitonpinheiro.com.br\/site\/corrida-uft-pmw-21-km-acontece-neste-domingo-27-na-capital\/\" \/>\n<meta property=\"og:site_name\" content=\"PORTAL DE NOT\u00cdCIAS CLEITON PINHEIRO\" \/>\n<meta property=\"article:publisher\" content=\"https:\/\/www.facebook.com\/portalcpnoticias\/\" \/>\n<meta property=\"article:published_time\" content=\"2023-08-25T15:48:06+00:00\" \/>\n<meta property=\"article:modified_time\" content=\"2023-12-27T14:36:08+00:00\" \/>\n<meta property=\"og:image\" content=\"https:\/\/cleitonpinheiro.com.br\/site\/wp-content\/uploads\/2023\/08\/ca468085b4d84546a75162aaf96f4813.jpg\" \/>\n\t<meta property=\"og:image:width\" content=\"800\" \/>\n\t<meta property=\"og:image:height\" content=\"533\" \/>\n\t<meta property=\"og:image:type\" content=\"image\/jpeg\" \/>\n<meta name=\"author\" content=\"Reda\u00e7\u00e3o CP\" \/>\n<meta name=\"twitter:card\" content=\"summary_large_image\" \/>\n<meta name=\"twitter:label1\" content=\"Escrito por\" \/>\n\t<meta name=\"twitter:data1\" content=\"Reda\u00e7\u00e3o CP\" \/>\n\t<meta name=\"twitter:label2\" content=\"Est. tempo de leitura\" \/>\n\t<meta name=\"twitter:data2\" content=\"2 minutos\" \/>\n<script type=\"application\/ld+json\" class=\"yoast-schema-graph\">{\"@context\":\"https:\/\/schema.org\",\"@graph\":[{\"@type\":\"Article\",\"@id\":\"https:\/\/cleitonpinheiro.com.br\/site\/corrida-uft-pmw-21-km-acontece-neste-domingo-27-na-capital\/#article\",\"isPartOf\":{\"@id\":\"https:\/\/cleitonpinheiro.com.br\/site\/corrida-uft-pmw-21-km-acontece-neste-domingo-27-na-capital\/\"},\"author\":{\"name\":\"Reda\u00e7\u00e3o CP\",\"@id\":\"https:\/\/cleitonpinheiro.com.br\/site\/#\/schema\/person\/8f04544e0bc40a1b68775b08360f87db\"},\"headline\":\"Corrida UFT PMW 21 km acontece neste domingo, 27, na Capital\",\"datePublished\":\"2023-08-25T15:48:06+00:00\",\"dateModified\":\"2023-12-27T14:36:08+00:00\",\"mainEntityOfPage\":{\"@id\":\"https:\/\/cleitonpinheiro.com.br\/site\/corrida-uft-pmw-21-km-acontece-neste-domingo-27-na-capital\/\"},\"wordCount\":174,\"commentCount\":0,\"publisher\":{\"@id\":\"https:\/\/cleitonpinheiro.com.br\/site\/#organization\"},\"image\":{\"@id\":\"https:\/\/cleitonpinheiro.com.br\/site\/corrida-uft-pmw-21-km-acontece-neste-domingo-27-na-capital\/#primaryimage\"},\"thumbnailUrl\":\"https:\/\/cleitonpinheiro.com.br\/site\/wp-content\/uploads\/2023\/08\/ca468085b4d84546a75162aaf96f4813.jpg\",\"articleSection\":[\"ESPORTE\",\"TODAS NOTICIAS\"],\"inLanguage\":\"pt-BR\",\"potentialAction\":[{\"@type\":\"CommentAction\",\"name\":\"Comment\",\"target\":[\"https:\/\/cleitonpinheiro.com.br\/site\/corrida-uft-pmw-21-km-acontece-neste-domingo-27-na-capital\/#respond\"]}]},{\"@type\":\"WebPage\",\"@id\":\"https:\/\/cleitonpinheiro.com.br\/site\/corrida-uft-pmw-21-km-acontece-neste-domingo-27-na-capital\/\",\"url\":\"https:\/\/cleitonpinheiro.com.br\/site\/corrida-uft-pmw-21-km-acontece-neste-domingo-27-na-capital\/\",\"name\":\"Corrida UFT PMW 21 km acontece neste domingo, 27, na Capital - PORTAL DE NOT\u00cdCIAS CLEITON PINHEIRO\",\"isPartOf\":{\"@id\":\"https:\/\/cleitonpinheiro.com.br\/site\/#website\"},\"primaryImageOfPage\":{\"@id\":\"https:\/\/cleitonpinheiro.com.br\/site\/corrida-uft-pmw-21-km-acontece-neste-domingo-27-na-capital\/#primaryimage\"},\"image\":{\"@id\":\"https:\/\/cleitonpinheiro.com.br\/site\/corrida-uft-pmw-21-km-acontece-neste-domingo-27-na-capital\/#primaryimage\"},\"thumbnailUrl\":\"https:\/\/cleitonpinheiro.com.br\/site\/wp-content\/uploads\/2023\/08\/ca468085b4d84546a75162aaf96f4813.jpg\",\"datePublished\":\"2023-08-25T15:48:06+00:00\",\"dateModified\":\"2023-12-27T14:36:08+00:00\",\"breadcrumb\":{\"@id\":\"https:\/\/cleitonpinheiro.com.br\/site\/corrida-uft-pmw-21-km-acontece-neste-domingo-27-na-capital\/#breadcrumb\"},\"inLanguage\":\"pt-BR\",\"potentialAction\":[{\"@type\":\"ReadAction\",\"target\":[\"https:\/\/cleitonpinheiro.com.br\/site\/corrida-uft-pmw-21-km-acontece-neste-domingo-27-na-capital\/\"]}]},{\"@type\":\"ImageObject\",\"inLanguage\":\"pt-BR\",\"@id\":\"https:\/\/cleitonpinheiro.com.br\/site\/corrida-uft-pmw-21-km-acontece-neste-domingo-27-na-capital\/#primaryimage\",\"url\":\"\",\"contentUrl\":\"\"},{\"@type\":\"BreadcrumbList\",\"@id\":\"https:\/\/cleitonpinheiro.com.br\/site\/corrida-uft-pmw-21-km-acontece-neste-domingo-27-na-capital\/#breadcrumb\",\"itemListElement\":[{\"@type\":\"ListItem\",\"position\":1,\"name\":\"In\u00edcio\",\"item\":\"https:\/\/cleitonpinheiro.com.br\/site\/\"},{\"@type\":\"ListItem\",\"position\":2,\"name\":\"Corrida UFT PMW 21 km acontece neste domingo, 27, na Capital\"}]},{\"@type\":\"WebSite\",\"@id\":\"https:\/\/cleitonpinheiro.com.br\/site\/#website\",\"url\":\"https:\/\/cleitonpinheiro.com.br\/site\/\",\"name\":\"PORTAL DE NOT\u00cdCIAS CLEITON PINHEIRO\",\"description\":\"FALANDO A VERDADE\",\"publisher\":{\"@id\":\"https:\/\/cleitonpinheiro.com.br\/site\/#organization\"},\"potentialAction\":[{\"@type\":\"SearchAction\",\"target\":{\"@type\":\"EntryPoint\",\"urlTemplate\":\"https:\/\/cleitonpinheiro.com.br\/site\/?s={search_term_string}\"},\"query-input\":{\"@type\":\"PropertyValueSpecification\",\"valueRequired\":true,\"valueName\":\"search_term_string\"}}],\"inLanguage\":\"pt-BR\"},{\"@type\":\"Organization\",\"@id\":\"https:\/\/cleitonpinheiro.com.br\/site\/#organization\",\"name\":\"CPNOT\u00cdCIAS\",\"url\":\"https:\/\/cleitonpinheiro.com.br\/site\/\",\"logo\":{\"@type\":\"ImageObject\",\"inLanguage\":\"pt-BR\",\"@id\":\"https:\/\/cleitonpinheiro.com.br\/site\/#\/schema\/logo\/image\/\",\"url\":\"https:\/\/cleitonpinheiro.com.br\/site\/wp-content\/uploads\/2022\/08\/Logo-pequena-2.png\",\"contentUrl\":\"https:\/\/cleitonpinheiro.com.br\/site\/wp-content\/uploads\/2022\/08\/Logo-pequena-2.png\",\"width\":500,\"height\":500,\"caption\":\"CPNOT\u00cdCIAS\"},\"image\":{\"@id\":\"https:\/\/cleitonpinheiro.com.br\/site\/#\/schema\/logo\/image\/\"},\"sameAs\":[\"https:\/\/www.facebook.com\/portalcpnoticias\/\"]},{\"@type\":\"Person\",\"@id\":\"https:\/\/cleitonpinheiro.com.br\/site\/#\/schema\/person\/8f04544e0bc40a1b68775b08360f87db\",\"name\":\"Reda\u00e7\u00e3o CP\",\"image\":{\"@type\":\"ImageObject\",\"inLanguage\":\"pt-BR\",\"@id\":\"https:\/\/cleitonpinheiro.com.br\/site\/#\/schema\/person\/image\/\",\"url\":\"https:\/\/secure.gravatar.com\/avatar\/0bcf19cb29fdc8fc588c490c7ae1b3e174dac268586a63fbe1d1893a0f9020cd?s=96&r=g\",\"contentUrl\":\"https:\/\/secure.gravatar.com\/avatar\/0bcf19cb29fdc8fc588c490c7ae1b3e174dac268586a63fbe1d1893a0f9020cd?s=96&r=g\",\"caption\":\"Reda\u00e7\u00e3o CP\"},\"url\":\"https:\/\/cleitonpinheiro.com.br\/site\/author\/redacao\/\"}]}<\/script>\n<!-- \/ Yoast SEO plugin. -->","yoast_head_json":{"title":"Corrida UFT PMW 21 km acontece neste domingo, 27, na Capital - PORTAL DE NOT\u00cdCIAS CLEITON PINHEIRO","robots":{"index":"index","follow":"follow","max-snippet":"max-snippet:-1","max-image-preview":"max-image-preview:large","max-video-preview":"max-video-preview:-1"},"canonical":"https:\/\/cleitonpinheiro.com.br\/site\/corrida-uft-pmw-21-km-acontece-neste-domingo-27-na-capital\/","og_locale":"pt_BR","og_type":"article","og_title":"Corrida UFT PMW 21 km acontece neste domingo, 27, na Capital - PORTAL DE NOT\u00cdCIAS CLEITON PINHEIRO","og_description":"A Corrida UFT PMW 21 km ocorre neste domingo, 27, &nbsp;em Palmas, a partir das 6 horas. O evento esportivo acontece em comemora\u00e7\u00e3o ao anivers\u00e1rio da Universidade Federal do Tocantins (UFT), que chega aos seus 20 anos de cria\u00e7\u00e3o. E a Funda\u00e7\u00e3o Municipal de Esportes e Lazer (Fundesportes) \u00e9 parceira da iniciativa.&nbsp; A competi\u00e7\u00e3o ter\u00e1 [&hellip;]","og_url":"https:\/\/cleitonpinheiro.com.br\/site\/corrida-uft-pmw-21-km-acontece-neste-domingo-27-na-capital\/","og_site_name":"PORTAL DE NOT\u00cdCIAS CLEITON PINHEIRO","article_publisher":"https:\/\/www.facebook.com\/portalcpnoticias\/","article_published_time":"2023-08-25T15:48:06+00:00","article_modified_time":"2023-12-27T14:36:08+00:00","og_image":[{"width":800,"height":533,"url":"https:\/\/cleitonpinheiro.com.br\/site\/wp-content\/uploads\/2023\/08\/ca468085b4d84546a75162aaf96f4813.jpg","type":"image\/jpeg"}],"author":"Reda\u00e7\u00e3o CP","twitter_card":"summary_large_image","twitter_misc":{"Escrito por":"Reda\u00e7\u00e3o CP","Est. tempo de leitura":"2 minutos"},"schema":{"@context":"https:\/\/schema.org","@graph":[{"@type":"Article","@id":"https:\/\/cleitonpinheiro.com.br\/site\/corrida-uft-pmw-21-km-acontece-neste-domingo-27-na-capital\/#article","isPartOf":{"@id":"https:\/\/cleitonpinheiro.com.br\/site\/corrida-uft-pmw-21-km-acontece-neste-domingo-27-na-capital\/"},"author":{"name":"Reda\u00e7\u00e3o CP","@id":"https:\/\/cleitonpinheiro.com.br\/site\/#\/schema\/person\/8f04544e0bc40a1b68775b08360f87db"},"headline":"Corrida UFT PMW 21 km acontece neste domingo, 27, na Capital","datePublished":"2023-08-25T15:48:06+00:00","dateModified":"2023-12-27T14:36:08+00:00","mainEntityOfPage":{"@id":"https:\/\/cleitonpinheiro.com.br\/site\/corrida-uft-pmw-21-km-acontece-neste-domingo-27-na-capital\/"},"wordCount":174,"commentCount":0,"publisher":{"@id":"https:\/\/cleitonpinheiro.com.br\/site\/#organization"},"image":{"@id":"https:\/\/cleitonpinheiro.com.br\/site\/corrida-uft-pmw-21-km-acontece-neste-domingo-27-na-capital\/#primaryimage"},"thumbnailUrl":"https:\/\/cleitonpinheiro.com.br\/site\/wp-content\/uploads\/2023\/08\/ca468085b4d84546a75162aaf96f4813.jpg","articleSection":["ESPORTE","TODAS NOTICIAS"],"inLanguage":"pt-BR","potentialAction":[{"@type":"CommentAction","name":"Comment","target":["https:\/\/cleitonpinheiro.com.br\/site\/corrida-uft-pmw-21-km-acontece-neste-domingo-27-na-capital\/#respond"]}]},{"@type":"WebPage","@id":"https:\/\/cleitonpinheiro.com.br\/site\/corrida-uft-pmw-21-km-acontece-neste-domingo-27-na-capital\/","url":"https:\/\/cleitonpinheiro.com.br\/site\/corrida-uft-pmw-21-km-acontece-neste-domingo-27-na-capital\/","name":"Corrida UFT PMW 21 km acontece neste domingo, 27, na Capital - PORTAL DE NOT\u00cdCIAS CLEITON PINHEIRO","isPartOf":{"@id":"https:\/\/cleitonpinheiro.com.br\/site\/#website"},"primaryImageOfPage":{"@id":"https:\/\/cleitonpinheiro.com.br\/site\/corrida-uft-pmw-21-km-acontece-neste-domingo-27-na-capital\/#primaryimage"},"image":{"@id":"https:\/\/cleitonpinheiro.com.br\/site\/corrida-uft-pmw-21-km-acontece-neste-domingo-27-na-capital\/#primaryimage"},"thumbnailUrl":"https:\/\/cleitonpinheiro.com.br\/site\/wp-content\/uploads\/2023\/08\/ca468085b4d84546a75162aaf96f4813.jpg","datePublished":"2023-08-25T15:48:06+00:00","dateModified":"2023-12-27T14:36:08+00:00","breadcrumb":{"@id":"https:\/\/cleitonpinheiro.com.br\/site\/corrida-uft-pmw-21-km-acontece-neste-domingo-27-na-capital\/#breadcrumb"},"inLanguage":"pt-BR","potentialAction":[{"@type":"ReadAction","target":["https:\/\/cleitonpinheiro.com.br\/site\/corrida-uft-pmw-21-km-acontece-neste-domingo-27-na-capital\/"]}]},{"@type":"ImageObject","inLanguage":"pt-BR","@id":"https:\/\/cleitonpinheiro.com.br\/site\/corrida-uft-pmw-21-km-acontece-neste-domingo-27-na-capital\/#primaryimage","url":"","contentUrl":""},{"@type":"BreadcrumbList","@id":"https:\/\/cleitonpinheiro.com.br\/site\/corrida-uft-pmw-21-km-acontece-neste-domingo-27-na-capital\/#breadcrumb","itemListElement":[{"@type":"ListItem","position":1,"name":"In\u00edcio","item":"https:\/\/cleitonpinheiro.com.br\/site\/"},{"@type":"ListItem","position":2,"name":"Corrida UFT PMW 21 km acontece neste domingo, 27, na Capital"}]},{"@type":"WebSite","@id":"https:\/\/cleitonpinheiro.com.br\/site\/#website","url":"https:\/\/cleitonpinheiro.com.br\/site\/","name":"PORTAL DE NOT\u00cdCIAS CLEITON PINHEIRO","description":"FALANDO A VERDADE","publisher":{"@id":"https:\/\/cleitonpinheiro.com.br\/site\/#organization"},"potentialAction":[{"@type":"SearchAction","target":{"@type":"EntryPoint","urlTemplate":"https:\/\/cleitonpinheiro.com.br\/site\/?s={search_term_string}"},"query-input":{"@type":"PropertyValueSpecification","valueRequired":true,"valueName":"search_term_string"}}],"inLanguage":"pt-BR"},{"@type":"Organization","@id":"https:\/\/cleitonpinheiro.com.br\/site\/#organization","name":"CPNOT\u00cdCIAS","url":"https:\/\/cleitonpinheiro.com.br\/site\/","logo":{"@type":"ImageObject","inLanguage":"pt-BR","@id":"https:\/\/cleitonpinheiro.com.br\/site\/#\/schema\/logo\/image\/","url":"https:\/\/cleitonpinheiro.com.br\/site\/wp-content\/uploads\/2022\/08\/Logo-pequena-2.png","contentUrl":"https:\/\/cleitonpinheiro.com.br\/site\/wp-content\/uploads\/2022\/08\/Logo-pequena-2.png","width":500,"height":500,"caption":"CPNOT\u00cdCIAS"},"image":{"@id":"https:\/\/cleitonpinheiro.com.br\/site\/#\/schema\/logo\/image\/"},"sameAs":["https:\/\/www.facebook.com\/portalcpnoticias\/"]},{"@type":"Person","@id":"https:\/\/cleitonpinheiro.com.br\/site\/#\/schema\/person\/8f04544e0bc40a1b68775b08360f87db","name":"Reda\u00e7\u00e3o CP","image":{"@type":"ImageObject","inLanguage":"pt-BR","@id":"https:\/\/cleitonpinheiro.com.br\/site\/#\/schema\/person\/image\/","url":"https:\/\/secure.gravatar.com\/avatar\/0bcf19cb29fdc8fc588c490c7ae1b3e174dac268586a63fbe1d1893a0f9020cd?s=96&r=g","contentUrl":"https:\/\/secure.gravatar.com\/avatar\/0bcf19cb29fdc8fc588c490c7ae1b3e174dac268586a63fbe1d1893a0f9020cd?s=96&r=g","caption":"Reda\u00e7\u00e3o CP"},"url":"https:\/\/cleitonpinheiro.com.br\/site\/author\/redacao\/"}]}},"views":154,"_links":{"self":[{"href":"https:\/\/cleitonpinheiro.com.br\/site\/wp-json\/wp\/v2\/posts\/73723","targetHints":{"allow":["GET"]}}],"collection":[{"href":"https:\/\/cleitonpinheiro.com.br\/site\/wp-json\/wp\/v2\/posts"}],"about":[{"href":"https:\/\/cleitonpinheiro.com.br\/site\/wp-json\/wp\/v2\/types\/post"}],"author":[{"embeddable":true,"href":"https:\/\/cleitonpinheiro.com.br\/site\/wp-json\/wp\/v2\/users\/13"}],"replies":[{"embeddable":true,"href":"https:\/\/cleitonpinheiro.com.br\/site\/wp-json\/wp\/v2\/comments?post=73723"}],"version-history":[{"count":2,"href":"https:\/\/cleitonpinheiro.com.br\/site\/wp-json\/wp\/v2\/posts\/73723\/revisions"}],"predecessor-version":[{"id":73727,"href":"https:\/\/cleitonpinheiro.com.br\/site\/wp-json\/wp\/v2\/posts\/73723\/revisions\/73727"}],"wp:attachment":[{"href":"https:\/\/cleitonpinheiro.com.br\/site\/wp-json\/wp\/v2\/media?parent=73723"}],"wp:term":[{"taxonomy":"category","embeddable":true,"href":"https:\/\/cleitonpinheiro.com.br\/site\/wp-json\/wp\/v2\/categories?post=73723"},{"taxonomy":"post_tag","embeddable":true,"href":"https:\/\/cleitonpinheiro.com.br\/site\/wp-json\/wp\/v2\/tags?post=73723"}],"curies":[{"name":"wp","href":"https:\/\/api.w.org\/{rel}","templated":true}]}}