{"id":73728,"date":"2023-08-25T12:55:59","date_gmt":"2023-08-25T15:55:59","guid":{"rendered":"https:\/\/cleitonpinheiro.com.br\/site\/?p=73728"},"modified":"2023-08-25T14:00:11","modified_gmt":"2023-08-25T17:00:11","slug":"prefeitura-de-palmas-revoga-licitacao-e-elabora-novo-edital-para-servico-de-transporte-escolar","status":"publish","type":"post","link":"https:\/\/cleitonpinheiro.com.br\/site\/prefeitura-de-palmas-revoga-licitacao-e-elabora-novo-edital-para-servico-de-transporte-escolar\/","title":{"rendered":"Prefeitura de Palmas revoga licita\u00e7\u00e3o e elabora novo edital para servi\u00e7o de transporte escolar"},"content":{"rendered":"\n<figure class=\"wp-block-image size-full\"><img decoding=\"async\" src=\"https:\/\/cleitonpinheiro.com.br\/site\/wp-content\/uploads\/2023\/08\/18de3b8191304f82b29cb8e43a4bb297.jpeg\" alt=\"\" class=\"wp-image-73729\"\/><figcaption class=\"wp-element-caption\">Transporte escolar atende alunos que residem na zona rural &#8211; Foto: Divulga\u00e7\u00e3o\/Prefeitura de Palmas<\/figcaption><\/figure>\n\n\n\n<p class=\"wp-block-paragraph\">A Secretaria Municipal da Educa\u00e7\u00e3o revogou o Processo de Licita\u00e7\u00e3o 2023007440, para contrata\u00e7\u00e3o de empresa prestadora de servi\u00e7os de transporte escolar de alunos da zona rural e servidores da educa\u00e7\u00e3o. O aviso foi publicado no&nbsp;<a href=\"http:\/\/diariooficial.palmas.to.gov.br\/media\/diario\/3290-24-8-2023-20-54-30.pdf\" target=\"_blank\" rel=\"noreferrer noopener\">Di\u00e1rio Oficial do Munic\u00edpio (DOM)<\/a>&nbsp;desta quinta-feira, 24, p\u00e1gina 7.<\/p>\n\n\n\n<p class=\"wp-block-paragraph\">Os motivos apontados na decis\u00e3o fazem refer\u00eancia aos apontamentos realizados pela Controladoria-Geral do Munic\u00edpio (CGM), em Parecer T\u00e9cnico, relacionados \u00e0 composi\u00e7\u00e3o da planilha de custos, que impactam diretamente o valor final de refer\u00eancia, e por entender ser necess\u00e1rio um novo dimensionamento das rotas que atualmente integram o sistema de transporte escolar.&nbsp;<\/p>\n\n\n\n<p class=\"wp-block-paragraph\">O gestor da pasta, F\u00e1bio Chaves, ainda destacou os apontamentos realizados junto ao Tribunal de Contas do Estado do Tocantins (TCE-TO), indicando a necessidade de previs\u00e3o, em edital, de ve\u00edculos adaptados para pessoas com defici\u00eancia e de exig\u00eancia de documenta\u00e7\u00e3o espec\u00edfica relacionada \u00e0 regularidade trabalhista das empresas licitantes.&nbsp;<\/p>\n\n\n\n<p class=\"wp-block-paragraph\">&#8220;Na busca constante \u00e0 efici\u00eancia no servi\u00e7o p\u00fablico disponibilizado \u00e0 popula\u00e7\u00e3o, cabe \u00e0 administra\u00e7\u00e3o p\u00fablica sempre estar disposta a rever os seus pr\u00f3prios atos, podendo mant\u00ea-los, revog\u00e1-los ou at\u00e9 mesmo anul\u00e1-los, a depender sempre da motiva\u00e7\u00e3o apresentada. No presente caso, em face dos apontamentos e sugest\u00f5es firmadas pelos \u00f3rg\u00e3os de controle interno e externo da administra\u00e7\u00e3o municipal, decidimos pela revoga\u00e7\u00e3o, por entender ser medida conveniente, j\u00e1 que um novo termo de refer\u00eancia contendo os apontamentos mencionados proporcionar\u00e1 a imposi\u00e7\u00e3o de maior qualidade e menor custo pelo servi\u00e7o; e oportuna, j\u00e1 que o pleito licitat\u00f3rio ainda se encontra em curso, sem resultar em direito adquirido para qualquer das partes concorrentes&#8221;, explica o secret\u00e1rio F\u00e1bio Chaves.&nbsp;<\/p>\n\n\n\n<p class=\"wp-block-paragraph\">Ato cont\u00ednuo e de imediato, um novo processo de licita\u00e7\u00e3o ser\u00e1 iniciado pela gest\u00e3o municipal, com o seu t\u00e9rmino previsto para o final do pr\u00f3ximo m\u00eas. Enquanto o procedimento estiver em tramita\u00e7\u00e3o, o servi\u00e7o de transporte dos estudantes continuar\u00e1 exatamente como est\u00e1 sendo realizado no dia de hoje.<\/p>\n\n\n\n<h2 class=\"wp-block-heading\">Investiga\u00e7\u00e3o<\/h2>\n\n\n\n<p class=\"wp-block-paragraph\">Entre os alvos investigados pela Pol\u00edcia Federal est\u00e1 o contrato 3\/2023, firmado pela Secretaria Municipal de Educa\u00e7\u00e3o para o transporte de alunos e profissionais da educa\u00e7\u00e3o da zona rural, no valor de R$ 19,9 milh\u00f5es, com dispensa de licita\u00e7\u00e3o e em car\u00e1ter emergencial. Na opera\u00e7\u00e3o, realizada no \u00faltimo dia 10, a PF apreendeu R$ 3,6 milh\u00f5es em esp\u00e9cie, pedras preciosas e aproximadamente quatro quilos de joi\u00e1s, que seriam do ex-secret\u00e1rio municipal de Desenvolvimento Urbano e Servi\u00e7os Regionais Edmilson Vieira das Virgens.<\/p>\n","protected":false},"excerpt":{"rendered":"<p>A Secretaria Municipal da Educa\u00e7\u00e3o revogou o Processo de Licita\u00e7\u00e3o 2023007440, para contrata\u00e7\u00e3o de empresa prestadora de servi\u00e7os de transporte escolar de alunos da zona rural e servidores da educa\u00e7\u00e3o. O aviso foi publicado no&nbsp;Di\u00e1rio Oficial do Munic\u00edpio (DOM)&nbsp;desta quinta-feira, 24, p\u00e1gina 7. Os motivos apontados na decis\u00e3o fazem refer\u00eancia aos apontamentos realizados pela Controladoria-Geral [&hellip;]<\/p>\n","protected":false},"author":13,"featured_media":0,"comment_status":"open","ping_status":"open","sticky":false,"template":"","format":"standard","meta":{"_acf_changed":false,"footnotes":""},"categories":[22,898],"tags":[],"class_list":["post-73728","post","type-post","status-publish","format-standard","hentry","category-cidades","category-manchete-segundaria"],"acf":[],"yoast_head":"<!-- This site is optimized with the Yoast SEO plugin v24.4 - https:\/\/yoast.com\/wordpress\/plugins\/seo\/ -->\n<title>Prefeitura de Palmas revoga licita\u00e7\u00e3o e elabora novo edital para servi\u00e7o de transporte escolar - PORTAL DE NOT\u00cdCIAS CLEITON PINHEIRO<\/title>\n<meta name=\"robots\" content=\"index, follow, max-snippet:-1, max-image-preview:large, max-video-preview:-1\" \/>\n<link rel=\"canonical\" href=\"https:\/\/cleitonpinheiro.com.br\/site\/prefeitura-de-palmas-revoga-licitacao-e-elabora-novo-edital-para-servico-de-transporte-escolar\/\" \/>\n<meta property=\"og:locale\" content=\"pt_BR\" \/>\n<meta property=\"og:type\" content=\"article\" \/>\n<meta property=\"og:title\" content=\"Prefeitura de Palmas revoga licita\u00e7\u00e3o e elabora novo edital para servi\u00e7o de transporte escolar - PORTAL DE NOT\u00cdCIAS CLEITON PINHEIRO\" \/>\n<meta property=\"og:description\" content=\"A Secretaria Municipal da Educa\u00e7\u00e3o revogou o Processo de Licita\u00e7\u00e3o 2023007440, para contrata\u00e7\u00e3o de empresa prestadora de servi\u00e7os de transporte escolar de alunos da zona rural e servidores da educa\u00e7\u00e3o. O aviso foi publicado no&nbsp;Di\u00e1rio Oficial do Munic\u00edpio (DOM)&nbsp;desta quinta-feira, 24, p\u00e1gina 7. Os motivos apontados na decis\u00e3o fazem refer\u00eancia aos apontamentos realizados pela Controladoria-Geral [&hellip;]\" \/>\n<meta property=\"og:url\" content=\"https:\/\/cleitonpinheiro.com.br\/site\/prefeitura-de-palmas-revoga-licitacao-e-elabora-novo-edital-para-servico-de-transporte-escolar\/\" \/>\n<meta property=\"og:site_name\" content=\"PORTAL DE NOT\u00cdCIAS CLEITON PINHEIRO\" \/>\n<meta property=\"article:publisher\" content=\"https:\/\/www.facebook.com\/portalcpnoticias\/\" \/>\n<meta property=\"article:published_time\" content=\"2023-08-25T15:55:59+00:00\" \/>\n<meta property=\"article:modified_time\" content=\"2023-08-25T17:00:11+00:00\" \/>\n<meta property=\"og:image\" content=\"https:\/\/cleitonpinheiro.com.br\/site\/wp-content\/uploads\/2023\/08\/18de3b8191304f82b29cb8e43a4bb297.jpeg\" \/>\n\t<meta property=\"og:image:width\" content=\"800\" \/>\n\t<meta property=\"og:image:height\" content=\"533\" \/>\n\t<meta property=\"og:image:type\" content=\"image\/jpeg\" \/>\n<meta name=\"author\" content=\"Reda\u00e7\u00e3o CP\" \/>\n<meta name=\"twitter:card\" content=\"summary_large_image\" \/>\n<meta name=\"twitter:label1\" content=\"Escrito por\" \/>\n\t<meta name=\"twitter:data1\" content=\"Reda\u00e7\u00e3o CP\" \/>\n\t<meta name=\"twitter:label2\" content=\"Est. tempo de leitura\" \/>\n\t<meta name=\"twitter:data2\" content=\"3 minutos\" \/>\n<script type=\"application\/ld+json\" class=\"yoast-schema-graph\">{\"@context\":\"https:\/\/schema.org\",\"@graph\":[{\"@type\":\"Article\",\"@id\":\"https:\/\/cleitonpinheiro.com.br\/site\/prefeitura-de-palmas-revoga-licitacao-e-elabora-novo-edital-para-servico-de-transporte-escolar\/#article\",\"isPartOf\":{\"@id\":\"https:\/\/cleitonpinheiro.com.br\/site\/prefeitura-de-palmas-revoga-licitacao-e-elabora-novo-edital-para-servico-de-transporte-escolar\/\"},\"author\":{\"name\":\"Reda\u00e7\u00e3o CP\",\"@id\":\"https:\/\/cleitonpinheiro.com.br\/site\/#\/schema\/person\/8f04544e0bc40a1b68775b08360f87db\"},\"headline\":\"Prefeitura de Palmas revoga licita\u00e7\u00e3o e elabora novo edital para servi\u00e7o de transporte escolar\",\"datePublished\":\"2023-08-25T15:55:59+00:00\",\"dateModified\":\"2023-08-25T17:00:11+00:00\",\"mainEntityOfPage\":{\"@id\":\"https:\/\/cleitonpinheiro.com.br\/site\/prefeitura-de-palmas-revoga-licitacao-e-elabora-novo-edital-para-servico-de-transporte-escolar\/\"},\"wordCount\":477,\"commentCount\":0,\"publisher\":{\"@id\":\"https:\/\/cleitonpinheiro.com.br\/site\/#organization\"},\"image\":{\"@id\":\"https:\/\/cleitonpinheiro.com.br\/site\/prefeitura-de-palmas-revoga-licitacao-e-elabora-novo-edital-para-servico-de-transporte-escolar\/#primaryimage\"},\"thumbnailUrl\":\"https:\/\/cleitonpinheiro.com.br\/site\/wp-content\/uploads\/2023\/08\/18de3b8191304f82b29cb8e43a4bb297.jpeg\",\"articleSection\":[\"CIDADES\",\"MANCHETE SEGUND\u00c1RIA\"],\"inLanguage\":\"pt-BR\",\"potentialAction\":[{\"@type\":\"CommentAction\",\"name\":\"Comment\",\"target\":[\"https:\/\/cleitonpinheiro.com.br\/site\/prefeitura-de-palmas-revoga-licitacao-e-elabora-novo-edital-para-servico-de-transporte-escolar\/#respond\"]}]},{\"@type\":\"WebPage\",\"@id\":\"https:\/\/cleitonpinheiro.com.br\/site\/prefeitura-de-palmas-revoga-licitacao-e-elabora-novo-edital-para-servico-de-transporte-escolar\/\",\"url\":\"https:\/\/cleitonpinheiro.com.br\/site\/prefeitura-de-palmas-revoga-licitacao-e-elabora-novo-edital-para-servico-de-transporte-escolar\/\",\"name\":\"Prefeitura de Palmas revoga licita\u00e7\u00e3o e elabora novo edital para servi\u00e7o de transporte escolar - PORTAL DE NOT\u00cdCIAS CLEITON PINHEIRO\",\"isPartOf\":{\"@id\":\"https:\/\/cleitonpinheiro.com.br\/site\/#website\"},\"primaryImageOfPage\":{\"@id\":\"https:\/\/cleitonpinheiro.com.br\/site\/prefeitura-de-palmas-revoga-licitacao-e-elabora-novo-edital-para-servico-de-transporte-escolar\/#primaryimage\"},\"image\":{\"@id\":\"https:\/\/cleitonpinheiro.com.br\/site\/prefeitura-de-palmas-revoga-licitacao-e-elabora-novo-edital-para-servico-de-transporte-escolar\/#primaryimage\"},\"thumbnailUrl\":\"https:\/\/cleitonpinheiro.com.br\/site\/wp-content\/uploads\/2023\/08\/18de3b8191304f82b29cb8e43a4bb297.jpeg\",\"datePublished\":\"2023-08-25T15:55:59+00:00\",\"dateModified\":\"2023-08-25T17:00:11+00:00\",\"breadcrumb\":{\"@id\":\"https:\/\/cleitonpinheiro.com.br\/site\/prefeitura-de-palmas-revoga-licitacao-e-elabora-novo-edital-para-servico-de-transporte-escolar\/#breadcrumb\"},\"inLanguage\":\"pt-BR\",\"potentialAction\":[{\"@type\":\"ReadAction\",\"target\":[\"https:\/\/cleitonpinheiro.com.br\/site\/prefeitura-de-palmas-revoga-licitacao-e-elabora-novo-edital-para-servico-de-transporte-escolar\/\"]}]},{\"@type\":\"ImageObject\",\"inLanguage\":\"pt-BR\",\"@id\":\"https:\/\/cleitonpinheiro.com.br\/site\/prefeitura-de-palmas-revoga-licitacao-e-elabora-novo-edital-para-servico-de-transporte-escolar\/#primaryimage\",\"url\":\"\",\"contentUrl\":\"\"},{\"@type\":\"BreadcrumbList\",\"@id\":\"https:\/\/cleitonpinheiro.com.br\/site\/prefeitura-de-palmas-revoga-licitacao-e-elabora-novo-edital-para-servico-de-transporte-escolar\/#breadcrumb\",\"itemListElement\":[{\"@type\":\"ListItem\",\"position\":1,\"name\":\"In\u00edcio\",\"item\":\"https:\/\/cleitonpinheiro.com.br\/site\/\"},{\"@type\":\"ListItem\",\"position\":2,\"name\":\"Prefeitura de Palmas revoga licita\u00e7\u00e3o e elabora novo edital para servi\u00e7o de transporte escolar\"}]},{\"@type\":\"WebSite\",\"@id\":\"https:\/\/cleitonpinheiro.com.br\/site\/#website\",\"url\":\"https:\/\/cleitonpinheiro.com.br\/site\/\",\"name\":\"PORTAL DE NOT\u00cdCIAS CLEITON PINHEIRO\",\"description\":\"FALANDO A VERDADE\",\"publisher\":{\"@id\":\"https:\/\/cleitonpinheiro.com.br\/site\/#organization\"},\"potentialAction\":[{\"@type\":\"SearchAction\",\"target\":{\"@type\":\"EntryPoint\",\"urlTemplate\":\"https:\/\/cleitonpinheiro.com.br\/site\/?s={search_term_string}\"},\"query-input\":{\"@type\":\"PropertyValueSpecification\",\"valueRequired\":true,\"valueName\":\"search_term_string\"}}],\"inLanguage\":\"pt-BR\"},{\"@type\":\"Organization\",\"@id\":\"https:\/\/cleitonpinheiro.com.br\/site\/#organization\",\"name\":\"CPNOT\u00cdCIAS\",\"url\":\"https:\/\/cleitonpinheiro.com.br\/site\/\",\"logo\":{\"@type\":\"ImageObject\",\"inLanguage\":\"pt-BR\",\"@id\":\"https:\/\/cleitonpinheiro.com.br\/site\/#\/schema\/logo\/image\/\",\"url\":\"https:\/\/cleitonpinheiro.com.br\/site\/wp-content\/uploads\/2022\/08\/Logo-pequena-2.png\",\"contentUrl\":\"https:\/\/cleitonpinheiro.com.br\/site\/wp-content\/uploads\/2022\/08\/Logo-pequena-2.png\",\"width\":500,\"height\":500,\"caption\":\"CPNOT\u00cdCIAS\"},\"image\":{\"@id\":\"https:\/\/cleitonpinheiro.com.br\/site\/#\/schema\/logo\/image\/\"},\"sameAs\":[\"https:\/\/www.facebook.com\/portalcpnoticias\/\"]},{\"@type\":\"Person\",\"@id\":\"https:\/\/cleitonpinheiro.com.br\/site\/#\/schema\/person\/8f04544e0bc40a1b68775b08360f87db\",\"name\":\"Reda\u00e7\u00e3o CP\",\"image\":{\"@type\":\"ImageObject\",\"inLanguage\":\"pt-BR\",\"@id\":\"https:\/\/cleitonpinheiro.com.br\/site\/#\/schema\/person\/image\/\",\"url\":\"https:\/\/secure.gravatar.com\/avatar\/0bcf19cb29fdc8fc588c490c7ae1b3e174dac268586a63fbe1d1893a0f9020cd?s=96&r=g\",\"contentUrl\":\"https:\/\/secure.gravatar.com\/avatar\/0bcf19cb29fdc8fc588c490c7ae1b3e174dac268586a63fbe1d1893a0f9020cd?s=96&r=g\",\"caption\":\"Reda\u00e7\u00e3o CP\"},\"url\":\"https:\/\/cleitonpinheiro.com.br\/site\/author\/redacao\/\"}]}<\/script>\n<!-- \/ Yoast SEO plugin. -->","yoast_head_json":{"title":"Prefeitura de Palmas revoga licita\u00e7\u00e3o e elabora novo edital para servi\u00e7o de transporte escolar - PORTAL DE NOT\u00cdCIAS CLEITON PINHEIRO","robots":{"index":"index","follow":"follow","max-snippet":"max-snippet:-1","max-image-preview":"max-image-preview:large","max-video-preview":"max-video-preview:-1"},"canonical":"https:\/\/cleitonpinheiro.com.br\/site\/prefeitura-de-palmas-revoga-licitacao-e-elabora-novo-edital-para-servico-de-transporte-escolar\/","og_locale":"pt_BR","og_type":"article","og_title":"Prefeitura de Palmas revoga licita\u00e7\u00e3o e elabora novo edital para servi\u00e7o de transporte escolar - PORTAL DE NOT\u00cdCIAS CLEITON PINHEIRO","og_description":"A Secretaria Municipal da Educa\u00e7\u00e3o revogou o Processo de Licita\u00e7\u00e3o 2023007440, para contrata\u00e7\u00e3o de empresa prestadora de servi\u00e7os de transporte escolar de alunos da zona rural e servidores da educa\u00e7\u00e3o. O aviso foi publicado no&nbsp;Di\u00e1rio Oficial do Munic\u00edpio (DOM)&nbsp;desta quinta-feira, 24, p\u00e1gina 7. Os motivos apontados na decis\u00e3o fazem refer\u00eancia aos apontamentos realizados pela Controladoria-Geral [&hellip;]","og_url":"https:\/\/cleitonpinheiro.com.br\/site\/prefeitura-de-palmas-revoga-licitacao-e-elabora-novo-edital-para-servico-de-transporte-escolar\/","og_site_name":"PORTAL DE NOT\u00cdCIAS CLEITON PINHEIRO","article_publisher":"https:\/\/www.facebook.com\/portalcpnoticias\/","article_published_time":"2023-08-25T15:55:59+00:00","article_modified_time":"2023-08-25T17:00:11+00:00","og_image":[{"width":800,"height":533,"url":"https:\/\/cleitonpinheiro.com.br\/site\/wp-content\/uploads\/2023\/08\/18de3b8191304f82b29cb8e43a4bb297.jpeg","type":"image\/jpeg"}],"author":"Reda\u00e7\u00e3o CP","twitter_card":"summary_large_image","twitter_misc":{"Escrito por":"Reda\u00e7\u00e3o CP","Est. tempo de leitura":"3 minutos"},"schema":{"@context":"https:\/\/schema.org","@graph":[{"@type":"Article","@id":"https:\/\/cleitonpinheiro.com.br\/site\/prefeitura-de-palmas-revoga-licitacao-e-elabora-novo-edital-para-servico-de-transporte-escolar\/#article","isPartOf":{"@id":"https:\/\/cleitonpinheiro.com.br\/site\/prefeitura-de-palmas-revoga-licitacao-e-elabora-novo-edital-para-servico-de-transporte-escolar\/"},"author":{"name":"Reda\u00e7\u00e3o CP","@id":"https:\/\/cleitonpinheiro.com.br\/site\/#\/schema\/person\/8f04544e0bc40a1b68775b08360f87db"},"headline":"Prefeitura de Palmas revoga licita\u00e7\u00e3o e elabora novo edital para servi\u00e7o de transporte escolar","datePublished":"2023-08-25T15:55:59+00:00","dateModified":"2023-08-25T17:00:11+00:00","mainEntityOfPage":{"@id":"https:\/\/cleitonpinheiro.com.br\/site\/prefeitura-de-palmas-revoga-licitacao-e-elabora-novo-edital-para-servico-de-transporte-escolar\/"},"wordCount":477,"commentCount":0,"publisher":{"@id":"https:\/\/cleitonpinheiro.com.br\/site\/#organization"},"image":{"@id":"https:\/\/cleitonpinheiro.com.br\/site\/prefeitura-de-palmas-revoga-licitacao-e-elabora-novo-edital-para-servico-de-transporte-escolar\/#primaryimage"},"thumbnailUrl":"https:\/\/cleitonpinheiro.com.br\/site\/wp-content\/uploads\/2023\/08\/18de3b8191304f82b29cb8e43a4bb297.jpeg","articleSection":["CIDADES","MANCHETE SEGUND\u00c1RIA"],"inLanguage":"pt-BR","potentialAction":[{"@type":"CommentAction","name":"Comment","target":["https:\/\/cleitonpinheiro.com.br\/site\/prefeitura-de-palmas-revoga-licitacao-e-elabora-novo-edital-para-servico-de-transporte-escolar\/#respond"]}]},{"@type":"WebPage","@id":"https:\/\/cleitonpinheiro.com.br\/site\/prefeitura-de-palmas-revoga-licitacao-e-elabora-novo-edital-para-servico-de-transporte-escolar\/","url":"https:\/\/cleitonpinheiro.com.br\/site\/prefeitura-de-palmas-revoga-licitacao-e-elabora-novo-edital-para-servico-de-transporte-escolar\/","name":"Prefeitura de Palmas revoga licita\u00e7\u00e3o e elabora novo edital para servi\u00e7o de transporte escolar - PORTAL DE NOT\u00cdCIAS CLEITON PINHEIRO","isPartOf":{"@id":"https:\/\/cleitonpinheiro.com.br\/site\/#website"},"primaryImageOfPage":{"@id":"https:\/\/cleitonpinheiro.com.br\/site\/prefeitura-de-palmas-revoga-licitacao-e-elabora-novo-edital-para-servico-de-transporte-escolar\/#primaryimage"},"image":{"@id":"https:\/\/cleitonpinheiro.com.br\/site\/prefeitura-de-palmas-revoga-licitacao-e-elabora-novo-edital-para-servico-de-transporte-escolar\/#primaryimage"},"thumbnailUrl":"https:\/\/cleitonpinheiro.com.br\/site\/wp-content\/uploads\/2023\/08\/18de3b8191304f82b29cb8e43a4bb297.jpeg","datePublished":"2023-08-25T15:55:59+00:00","dateModified":"2023-08-25T17:00:11+00:00","breadcrumb":{"@id":"https:\/\/cleitonpinheiro.com.br\/site\/prefeitura-de-palmas-revoga-licitacao-e-elabora-novo-edital-para-servico-de-transporte-escolar\/#breadcrumb"},"inLanguage":"pt-BR","potentialAction":[{"@type":"ReadAction","target":["https:\/\/cleitonpinheiro.com.br\/site\/prefeitura-de-palmas-revoga-licitacao-e-elabora-novo-edital-para-servico-de-transporte-escolar\/"]}]},{"@type":"ImageObject","inLanguage":"pt-BR","@id":"https:\/\/cleitonpinheiro.com.br\/site\/prefeitura-de-palmas-revoga-licitacao-e-elabora-novo-edital-para-servico-de-transporte-escolar\/#primaryimage","url":"","contentUrl":""},{"@type":"BreadcrumbList","@id":"https:\/\/cleitonpinheiro.com.br\/site\/prefeitura-de-palmas-revoga-licitacao-e-elabora-novo-edital-para-servico-de-transporte-escolar\/#breadcrumb","itemListElement":[{"@type":"ListItem","position":1,"name":"In\u00edcio","item":"https:\/\/cleitonpinheiro.com.br\/site\/"},{"@type":"ListItem","position":2,"name":"Prefeitura de Palmas revoga licita\u00e7\u00e3o e elabora novo edital para servi\u00e7o de transporte escolar"}]},{"@type":"WebSite","@id":"https:\/\/cleitonpinheiro.com.br\/site\/#website","url":"https:\/\/cleitonpinheiro.com.br\/site\/","name":"PORTAL DE NOT\u00cdCIAS CLEITON PINHEIRO","description":"FALANDO A VERDADE","publisher":{"@id":"https:\/\/cleitonpinheiro.com.br\/site\/#organization"},"potentialAction":[{"@type":"SearchAction","target":{"@type":"EntryPoint","urlTemplate":"https:\/\/cleitonpinheiro.com.br\/site\/?s={search_term_string}"},"query-input":{"@type":"PropertyValueSpecification","valueRequired":true,"valueName":"search_term_string"}}],"inLanguage":"pt-BR"},{"@type":"Organization","@id":"https:\/\/cleitonpinheiro.com.br\/site\/#organization","name":"CPNOT\u00cdCIAS","url":"https:\/\/cleitonpinheiro.com.br\/site\/","logo":{"@type":"ImageObject","inLanguage":"pt-BR","@id":"https:\/\/cleitonpinheiro.com.br\/site\/#\/schema\/logo\/image\/","url":"https:\/\/cleitonpinheiro.com.br\/site\/wp-content\/uploads\/2022\/08\/Logo-pequena-2.png","contentUrl":"https:\/\/cleitonpinheiro.com.br\/site\/wp-content\/uploads\/2022\/08\/Logo-pequena-2.png","width":500,"height":500,"caption":"CPNOT\u00cdCIAS"},"image":{"@id":"https:\/\/cleitonpinheiro.com.br\/site\/#\/schema\/logo\/image\/"},"sameAs":["https:\/\/www.facebook.com\/portalcpnoticias\/"]},{"@type":"Person","@id":"https:\/\/cleitonpinheiro.com.br\/site\/#\/schema\/person\/8f04544e0bc40a1b68775b08360f87db","name":"Reda\u00e7\u00e3o CP","image":{"@type":"ImageObject","inLanguage":"pt-BR","@id":"https:\/\/cleitonpinheiro.com.br\/site\/#\/schema\/person\/image\/","url":"https:\/\/secure.gravatar.com\/avatar\/0bcf19cb29fdc8fc588c490c7ae1b3e174dac268586a63fbe1d1893a0f9020cd?s=96&r=g","contentUrl":"https:\/\/secure.gravatar.com\/avatar\/0bcf19cb29fdc8fc588c490c7ae1b3e174dac268586a63fbe1d1893a0f9020cd?s=96&r=g","caption":"Reda\u00e7\u00e3o CP"},"url":"https:\/\/cleitonpinheiro.com.br\/site\/author\/redacao\/"}]}},"views":164,"_links":{"self":[{"href":"https:\/\/cleitonpinheiro.com.br\/site\/wp-json\/wp\/v2\/posts\/73728","targetHints":{"allow":["GET"]}}],"collection":[{"href":"https:\/\/cleitonpinheiro.com.br\/site\/wp-json\/wp\/v2\/posts"}],"about":[{"href":"https:\/\/cleitonpinheiro.com.br\/site\/wp-json\/wp\/v2\/types\/post"}],"author":[{"embeddable":true,"href":"https:\/\/cleitonpinheiro.com.br\/site\/wp-json\/wp\/v2\/users\/13"}],"replies":[{"embeddable":true,"href":"https:\/\/cleitonpinheiro.com.br\/site\/wp-json\/wp\/v2\/comments?post=73728"}],"version-history":[{"count":1,"href":"https:\/\/cleitonpinheiro.com.br\/site\/wp-json\/wp\/v2\/posts\/73728\/revisions"}],"predecessor-version":[{"id":73730,"href":"https:\/\/cleitonpinheiro.com.br\/site\/wp-json\/wp\/v2\/posts\/73728\/revisions\/73730"}],"wp:attachment":[{"href":"https:\/\/cleitonpinheiro.com.br\/site\/wp-json\/wp\/v2\/media?parent=73728"}],"wp:term":[{"taxonomy":"category","embeddable":true,"href":"https:\/\/cleitonpinheiro.com.br\/site\/wp-json\/wp\/v2\/categories?post=73728"},{"taxonomy":"post_tag","embeddable":true,"href":"https:\/\/cleitonpinheiro.com.br\/site\/wp-json\/wp\/v2\/tags?post=73728"}],"curies":[{"name":"wp","href":"https:\/\/api.w.org\/{rel}","templated":true}]}}