{"id":73732,"date":"2023-08-25T14:26:03","date_gmt":"2023-08-25T17:26:03","guid":{"rendered":"https:\/\/cleitonpinheiro.com.br\/site\/?p=73732"},"modified":"2023-08-25T14:26:07","modified_gmt":"2023-08-25T17:26:07","slug":"palmas-se-destaca-como-segunda-capital-com-maior-crescimento-de-empregos-no-brasil","status":"publish","type":"post","link":"https:\/\/cleitonpinheiro.com.br\/site\/palmas-se-destaca-como-segunda-capital-com-maior-crescimento-de-empregos-no-brasil\/","title":{"rendered":"Palmas se destaca como segunda capital com maior crescimento de empregos no Brasil"},"content":{"rendered":"\n<figure class=\"wp-block-image size-full\"><img decoding=\"async\" src=\"https:\/\/cleitonpinheiro.com.br\/site\/wp-content\/uploads\/2023\/08\/e31b54f8-0762-47f6-9c6e-775afd87250c.jpg\" alt=\"\" class=\"wp-image-73733\"\/><figcaption class=\"wp-element-caption\">Esse avan\u00e7o \u00e9 reflexo de investimentos em obras e servi\u00e7os p\u00fablicos para criar um ambiente favor\u00e1vel ao desenvolvimento econ\u00f4mico do munic\u00edpio &#8211; Foto: Regiane Rocha\/Prefeitura de Palmas<\/figcaption><\/figure>\n\n\n\n<p class=\"wp-block-paragraph\">No primeiro semestre deste ano, Palmas alcan\u00e7ou uma conquista significativa ao figurar como a segunda capital brasileira com o maior crescimento no n\u00famero de vagas de emprego, apresentando 3.352 novos postos de trabalho com carteira assinada. Esse avan\u00e7o \u00e9 reflexo de investimentos em obras e servi\u00e7os p\u00fablicos para criar um ambiente favor\u00e1vel ao desenvolvimento econ\u00f4mico do munic\u00edpio, com foco na qualidade de vida e bem-estar dos palmenses, como tamb\u00e9m investindo na desburocratiza\u00e7\u00e3o de abertura de novas empresas, em assessoramento a microempreendedores e produtores rurais, e em realiza\u00e7\u00e3o de grandes eventos como o Capital da F\u00e9 e o Arrai\u00e1 da Capital, que impulsionam o setor de turismo e servi\u00e7os.<\/p>\n\n\n\n<p class=\"wp-block-paragraph\">De acordo com dados do Novo Cadastro Geral de Empregados e Desempregados (Novo Caged), a cidade vem numa crescente de empregos formais desde janeiro, ultrapassando diversas capitais. Palmas iniciou o ano com 88.772 empregos formais e fechou o primeiro semestre com 92.102 estoque de empregos.<\/p>\n\n\n\n<p class=\"wp-block-paragraph\">Dentre os setores que mais impulsionaram esse crescimento na oferta de empregos, destacam-se os trabalhadores de servi\u00e7o, incluindo vendedores do com\u00e9rcio em lojas e mercados, que lideraram o aumento de oportunidades. Em segundo lugar, os trabalhadores de servi\u00e7o administrativo tamb\u00e9m apresentaram um crescimento not\u00e1vel.&nbsp;<\/p>\n\n\n\n<p class=\"wp-block-paragraph\">Quanto \u00e0 escolaridade e idade exigida por essas novas vagas, o n\u00edvel m\u00e9dio se destaca como a qualifica\u00e7\u00e3o predominante e faixa et\u00e1ria de 18 a 24 anos, refletindo a \u00eanfase na inclus\u00e3o de jovens adultos em diversos setores da economia local. Dentre as novas vagas, 1.939 foram para homens e 1.413 vagas para mulheres.&nbsp;<\/p>\n\n\n\n<p class=\"wp-block-paragraph\">O secret\u00e1rio municipal de Desenvolvimento Econ\u00f4mico e Emprego (Sedem), Tom Lyra, ressalta que esse resultado \u00e9 fruto da combina\u00e7\u00e3o de fatores estrat\u00e9gicos de pol\u00edticas bem planejadas para impulsionar esse crescimento. Ele destacou que o munic\u00edpio tem investido fortemente na diversifica\u00e7\u00e3o econ\u00f4mica, promovendo eventos tur\u00edsticos e programas de incentivo \u00e0 produ\u00e7\u00e3o local. \u201cEssas a\u00e7\u00f5es t\u00eam sido fundamentais para atrair investimentos, gerar oportunidades e, consequentemente, aumentar o n\u00famero de empregos\u201d.<\/p>\n\n\n\n<p class=\"wp-block-paragraph\">Para o gestor, outro fator impactante desse crescimento foi a implanta\u00e7\u00e3o do aux\u00edlio-alimenta\u00e7\u00e3o para os servidores p\u00fablicos municipais, que injetou na economia da cidade neste primeiro semestre cerca&nbsp;de R$ 40&nbsp;milh\u00f5es, para ele isso fortaleceu diretamente o setor de servi\u00e7os.<\/p>\n\n\n\n<p class=\"wp-block-paragraph\"><strong>Eventos tur\u00edsticos e incentivos&nbsp;<\/strong><\/p>\n\n\n\n<p class=\"wp-block-paragraph\">A gest\u00e3o municipal tamb\u00e9m tem investido em eventos tur\u00edsticos como o Capital da F\u00e9&nbsp;e o Arrai\u00e1 da Capital. Esses eventos n\u00e3o s\u00f3 atra\u00edram visitantes, mas tamb\u00e9m impulsionam a economia local, gerando empregos tempor\u00e1rios e promovendo o consumo nos setores de servi\u00e7o, hospedagem, alimenta\u00e7\u00e3o e entretenimento.<\/p>\n\n\n\n<p class=\"wp-block-paragraph\">Outro fator de destaque \u00e9 o investimento nas feiras livres da Capital. Ao apoiar os produtores locais e oferecer espa\u00e7os adequados para a comercializa\u00e7\u00e3o de produtos frescos e artesanais, a prefeitura tem estimulado a gera\u00e7\u00e3o de empregos ligados \u00e0 produ\u00e7\u00e3o e comercializa\u00e7\u00e3o.<\/p>\n\n\n\n<p class=\"wp-block-paragraph\"><strong>Investimento no produtor rural e microempres\u00e1rios<\/strong><\/p>\n\n\n\n<p class=\"wp-block-paragraph\">A prefeitura tamb\u00e9m tem direcionado esfor\u00e7os para o desenvolvimento do produtor rural local. Programas de assessoramento rural e investimentos em maquin\u00e1rio, como encanteiradeiras e tratores, t\u00eam proporcionado aos agricultores condi\u00e7\u00f5es mais favor\u00e1veis para o cultivo e a comercializa\u00e7\u00e3o de seus produtos, resultando em mais empregos diretos e indiretos.<\/p>\n\n\n\n<p class=\"wp-block-paragraph\">Al\u00e9m disso, a Casa do Empreendedor tem oferecido assessoria aos microempres\u00e1rios, auxiliando na formaliza\u00e7\u00e3o de neg\u00f3cios e no acesso a linhas de cr\u00e9dito junto ao Banco do Povo.&nbsp;<\/p>\n\n\n\n<p class=\"wp-block-paragraph\"><strong>Desburocratiza\u00e7\u00e3o e facilita\u00e7\u00e3o de novos neg\u00f3cios<\/strong><\/p>\n\n\n\n<p class=\"wp-block-paragraph\">As a\u00e7\u00f5es de desburocratiza\u00e7\u00e3o para simplificar a abertura de novas empresas, tamb\u00e9m tem sido determinante para essa ascens\u00e3o de Palmas no ranking de empregos. Com a Casa do Empreendedor, Palmas implementou medidas para simplificar os processos de registro, tornando o ambiente mais favor\u00e1vel para o empreendedorismo. Al\u00e9m disso, o local \u00e9 um centro de capacita\u00e7\u00e3o e orienta\u00e7\u00e3o para empres\u00e1rios palmenses, fortalecendo assim o empreendedorismo na Capital, despertando o potencial da cidade.<\/p>\n\n\n\n<p class=\"wp-block-paragraph\"><strong>Texto:<\/strong>&nbsp;W\u00e9dila J\u00e1come\/Secom<\/p>\n","protected":false},"excerpt":{"rendered":"<p>No primeiro semestre deste ano, Palmas alcan\u00e7ou uma conquista significativa ao figurar como a segunda capital brasileira com o maior crescimento no n\u00famero de vagas de emprego, apresentando 3.352 novos postos de trabalho com carteira assinada. Esse avan\u00e7o \u00e9 reflexo de investimentos em obras e servi\u00e7os p\u00fablicos para criar um ambiente favor\u00e1vel ao desenvolvimento econ\u00f4mico [&hellip;]<\/p>\n","protected":false},"author":13,"featured_media":0,"comment_status":"open","ping_status":"open","sticky":false,"template":"","format":"standard","meta":{"_acf_changed":false,"footnotes":""},"categories":[22,898],"tags":[720],"class_list":["post-73732","post","type-post","status-publish","format-standard","hentry","category-cidades","category-manchete-segundaria","tag-prefeitura-de-palmas"],"acf":[],"yoast_head":"<!-- This site is optimized with the Yoast SEO plugin v24.4 - https:\/\/yoast.com\/wordpress\/plugins\/seo\/ -->\n<title>Palmas se destaca como segunda capital com maior crescimento de empregos no Brasil - PORTAL DE NOT\u00cdCIAS CLEITON PINHEIRO<\/title>\n<meta name=\"robots\" content=\"index, follow, max-snippet:-1, max-image-preview:large, max-video-preview:-1\" \/>\n<link rel=\"canonical\" href=\"https:\/\/cleitonpinheiro.com.br\/site\/palmas-se-destaca-como-segunda-capital-com-maior-crescimento-de-empregos-no-brasil\/\" \/>\n<meta property=\"og:locale\" content=\"pt_BR\" \/>\n<meta property=\"og:type\" content=\"article\" \/>\n<meta property=\"og:title\" content=\"Palmas se destaca como segunda capital com maior crescimento de empregos no Brasil - PORTAL DE NOT\u00cdCIAS CLEITON PINHEIRO\" \/>\n<meta property=\"og:description\" content=\"No primeiro semestre deste ano, Palmas alcan\u00e7ou uma conquista significativa ao figurar como a segunda capital brasileira com o maior crescimento no n\u00famero de vagas de emprego, apresentando 3.352 novos postos de trabalho com carteira assinada. Esse avan\u00e7o \u00e9 reflexo de investimentos em obras e servi\u00e7os p\u00fablicos para criar um ambiente favor\u00e1vel ao desenvolvimento econ\u00f4mico [&hellip;]\" \/>\n<meta property=\"og:url\" content=\"https:\/\/cleitonpinheiro.com.br\/site\/palmas-se-destaca-como-segunda-capital-com-maior-crescimento-de-empregos-no-brasil\/\" \/>\n<meta property=\"og:site_name\" content=\"PORTAL DE NOT\u00cdCIAS CLEITON PINHEIRO\" \/>\n<meta property=\"article:publisher\" content=\"https:\/\/www.facebook.com\/portalcpnoticias\/\" \/>\n<meta property=\"article:published_time\" content=\"2023-08-25T17:26:03+00:00\" \/>\n<meta property=\"article:modified_time\" content=\"2023-08-25T17:26:07+00:00\" \/>\n<meta property=\"og:image\" content=\"https:\/\/cleitonpinheiro.com.br\/site\/wp-content\/uploads\/2023\/08\/e31b54f8-0762-47f6-9c6e-775afd87250c.jpg\" \/>\n\t<meta property=\"og:image:width\" content=\"800\" \/>\n\t<meta property=\"og:image:height\" content=\"533\" \/>\n\t<meta property=\"og:image:type\" content=\"image\/jpeg\" \/>\n<meta name=\"author\" content=\"Reda\u00e7\u00e3o CP\" \/>\n<meta name=\"twitter:card\" content=\"summary_large_image\" \/>\n<meta name=\"twitter:label1\" content=\"Escrito por\" \/>\n\t<meta name=\"twitter:data1\" content=\"Reda\u00e7\u00e3o CP\" \/>\n\t<meta name=\"twitter:label2\" content=\"Est. tempo de leitura\" \/>\n\t<meta name=\"twitter:data2\" content=\"4 minutos\" \/>\n<script type=\"application\/ld+json\" class=\"yoast-schema-graph\">{\"@context\":\"https:\/\/schema.org\",\"@graph\":[{\"@type\":\"Article\",\"@id\":\"https:\/\/cleitonpinheiro.com.br\/site\/palmas-se-destaca-como-segunda-capital-com-maior-crescimento-de-empregos-no-brasil\/#article\",\"isPartOf\":{\"@id\":\"https:\/\/cleitonpinheiro.com.br\/site\/palmas-se-destaca-como-segunda-capital-com-maior-crescimento-de-empregos-no-brasil\/\"},\"author\":{\"name\":\"Reda\u00e7\u00e3o CP\",\"@id\":\"https:\/\/cleitonpinheiro.com.br\/site\/#\/schema\/person\/8f04544e0bc40a1b68775b08360f87db\"},\"headline\":\"Palmas se destaca como segunda capital com maior crescimento de empregos no Brasil\",\"datePublished\":\"2023-08-25T17:26:03+00:00\",\"dateModified\":\"2023-08-25T17:26:07+00:00\",\"mainEntityOfPage\":{\"@id\":\"https:\/\/cleitonpinheiro.com.br\/site\/palmas-se-destaca-como-segunda-capital-com-maior-crescimento-de-empregos-no-brasil\/\"},\"wordCount\":737,\"commentCount\":0,\"publisher\":{\"@id\":\"https:\/\/cleitonpinheiro.com.br\/site\/#organization\"},\"image\":{\"@id\":\"https:\/\/cleitonpinheiro.com.br\/site\/palmas-se-destaca-como-segunda-capital-com-maior-crescimento-de-empregos-no-brasil\/#primaryimage\"},\"thumbnailUrl\":\"https:\/\/cleitonpinheiro.com.br\/site\/wp-content\/uploads\/2023\/08\/e31b54f8-0762-47f6-9c6e-775afd87250c.jpg\",\"keywords\":[\"Prefeitura de Palmas\"],\"articleSection\":[\"CIDADES\",\"MANCHETE SEGUND\u00c1RIA\"],\"inLanguage\":\"pt-BR\",\"potentialAction\":[{\"@type\":\"CommentAction\",\"name\":\"Comment\",\"target\":[\"https:\/\/cleitonpinheiro.com.br\/site\/palmas-se-destaca-como-segunda-capital-com-maior-crescimento-de-empregos-no-brasil\/#respond\"]}]},{\"@type\":\"WebPage\",\"@id\":\"https:\/\/cleitonpinheiro.com.br\/site\/palmas-se-destaca-como-segunda-capital-com-maior-crescimento-de-empregos-no-brasil\/\",\"url\":\"https:\/\/cleitonpinheiro.com.br\/site\/palmas-se-destaca-como-segunda-capital-com-maior-crescimento-de-empregos-no-brasil\/\",\"name\":\"Palmas se destaca como segunda capital com maior crescimento de empregos no Brasil - PORTAL DE NOT\u00cdCIAS CLEITON PINHEIRO\",\"isPartOf\":{\"@id\":\"https:\/\/cleitonpinheiro.com.br\/site\/#website\"},\"primaryImageOfPage\":{\"@id\":\"https:\/\/cleitonpinheiro.com.br\/site\/palmas-se-destaca-como-segunda-capital-com-maior-crescimento-de-empregos-no-brasil\/#primaryimage\"},\"image\":{\"@id\":\"https:\/\/cleitonpinheiro.com.br\/site\/palmas-se-destaca-como-segunda-capital-com-maior-crescimento-de-empregos-no-brasil\/#primaryimage\"},\"thumbnailUrl\":\"https:\/\/cleitonpinheiro.com.br\/site\/wp-content\/uploads\/2023\/08\/e31b54f8-0762-47f6-9c6e-775afd87250c.jpg\",\"datePublished\":\"2023-08-25T17:26:03+00:00\",\"dateModified\":\"2023-08-25T17:26:07+00:00\",\"breadcrumb\":{\"@id\":\"https:\/\/cleitonpinheiro.com.br\/site\/palmas-se-destaca-como-segunda-capital-com-maior-crescimento-de-empregos-no-brasil\/#breadcrumb\"},\"inLanguage\":\"pt-BR\",\"potentialAction\":[{\"@type\":\"ReadAction\",\"target\":[\"https:\/\/cleitonpinheiro.com.br\/site\/palmas-se-destaca-como-segunda-capital-com-maior-crescimento-de-empregos-no-brasil\/\"]}]},{\"@type\":\"ImageObject\",\"inLanguage\":\"pt-BR\",\"@id\":\"https:\/\/cleitonpinheiro.com.br\/site\/palmas-se-destaca-como-segunda-capital-com-maior-crescimento-de-empregos-no-brasil\/#primaryimage\",\"url\":\"\",\"contentUrl\":\"\"},{\"@type\":\"BreadcrumbList\",\"@id\":\"https:\/\/cleitonpinheiro.com.br\/site\/palmas-se-destaca-como-segunda-capital-com-maior-crescimento-de-empregos-no-brasil\/#breadcrumb\",\"itemListElement\":[{\"@type\":\"ListItem\",\"position\":1,\"name\":\"In\u00edcio\",\"item\":\"https:\/\/cleitonpinheiro.com.br\/site\/\"},{\"@type\":\"ListItem\",\"position\":2,\"name\":\"Palmas se destaca como segunda capital com maior crescimento de empregos no Brasil\"}]},{\"@type\":\"WebSite\",\"@id\":\"https:\/\/cleitonpinheiro.com.br\/site\/#website\",\"url\":\"https:\/\/cleitonpinheiro.com.br\/site\/\",\"name\":\"PORTAL DE NOT\u00cdCIAS CLEITON PINHEIRO\",\"description\":\"FALANDO A VERDADE\",\"publisher\":{\"@id\":\"https:\/\/cleitonpinheiro.com.br\/site\/#organization\"},\"potentialAction\":[{\"@type\":\"SearchAction\",\"target\":{\"@type\":\"EntryPoint\",\"urlTemplate\":\"https:\/\/cleitonpinheiro.com.br\/site\/?s={search_term_string}\"},\"query-input\":{\"@type\":\"PropertyValueSpecification\",\"valueRequired\":true,\"valueName\":\"search_term_string\"}}],\"inLanguage\":\"pt-BR\"},{\"@type\":\"Organization\",\"@id\":\"https:\/\/cleitonpinheiro.com.br\/site\/#organization\",\"name\":\"CPNOT\u00cdCIAS\",\"url\":\"https:\/\/cleitonpinheiro.com.br\/site\/\",\"logo\":{\"@type\":\"ImageObject\",\"inLanguage\":\"pt-BR\",\"@id\":\"https:\/\/cleitonpinheiro.com.br\/site\/#\/schema\/logo\/image\/\",\"url\":\"https:\/\/cleitonpinheiro.com.br\/site\/wp-content\/uploads\/2022\/08\/Logo-pequena-2.png\",\"contentUrl\":\"https:\/\/cleitonpinheiro.com.br\/site\/wp-content\/uploads\/2022\/08\/Logo-pequena-2.png\",\"width\":500,\"height\":500,\"caption\":\"CPNOT\u00cdCIAS\"},\"image\":{\"@id\":\"https:\/\/cleitonpinheiro.com.br\/site\/#\/schema\/logo\/image\/\"},\"sameAs\":[\"https:\/\/www.facebook.com\/portalcpnoticias\/\"]},{\"@type\":\"Person\",\"@id\":\"https:\/\/cleitonpinheiro.com.br\/site\/#\/schema\/person\/8f04544e0bc40a1b68775b08360f87db\",\"name\":\"Reda\u00e7\u00e3o CP\",\"image\":{\"@type\":\"ImageObject\",\"inLanguage\":\"pt-BR\",\"@id\":\"https:\/\/cleitonpinheiro.com.br\/site\/#\/schema\/person\/image\/\",\"url\":\"https:\/\/secure.gravatar.com\/avatar\/0bcf19cb29fdc8fc588c490c7ae1b3e174dac268586a63fbe1d1893a0f9020cd?s=96&r=g\",\"contentUrl\":\"https:\/\/secure.gravatar.com\/avatar\/0bcf19cb29fdc8fc588c490c7ae1b3e174dac268586a63fbe1d1893a0f9020cd?s=96&r=g\",\"caption\":\"Reda\u00e7\u00e3o CP\"},\"url\":\"https:\/\/cleitonpinheiro.com.br\/site\/author\/redacao\/\"}]}<\/script>\n<!-- \/ Yoast SEO plugin. -->","yoast_head_json":{"title":"Palmas se destaca como segunda capital com maior crescimento de empregos no Brasil - PORTAL DE NOT\u00cdCIAS CLEITON PINHEIRO","robots":{"index":"index","follow":"follow","max-snippet":"max-snippet:-1","max-image-preview":"max-image-preview:large","max-video-preview":"max-video-preview:-1"},"canonical":"https:\/\/cleitonpinheiro.com.br\/site\/palmas-se-destaca-como-segunda-capital-com-maior-crescimento-de-empregos-no-brasil\/","og_locale":"pt_BR","og_type":"article","og_title":"Palmas se destaca como segunda capital com maior crescimento de empregos no Brasil - PORTAL DE NOT\u00cdCIAS CLEITON PINHEIRO","og_description":"No primeiro semestre deste ano, Palmas alcan\u00e7ou uma conquista significativa ao figurar como a segunda capital brasileira com o maior crescimento no n\u00famero de vagas de emprego, apresentando 3.352 novos postos de trabalho com carteira assinada. Esse avan\u00e7o \u00e9 reflexo de investimentos em obras e servi\u00e7os p\u00fablicos para criar um ambiente favor\u00e1vel ao desenvolvimento econ\u00f4mico [&hellip;]","og_url":"https:\/\/cleitonpinheiro.com.br\/site\/palmas-se-destaca-como-segunda-capital-com-maior-crescimento-de-empregos-no-brasil\/","og_site_name":"PORTAL DE NOT\u00cdCIAS CLEITON PINHEIRO","article_publisher":"https:\/\/www.facebook.com\/portalcpnoticias\/","article_published_time":"2023-08-25T17:26:03+00:00","article_modified_time":"2023-08-25T17:26:07+00:00","og_image":[{"width":800,"height":533,"url":"https:\/\/cleitonpinheiro.com.br\/site\/wp-content\/uploads\/2023\/08\/e31b54f8-0762-47f6-9c6e-775afd87250c.jpg","type":"image\/jpeg"}],"author":"Reda\u00e7\u00e3o CP","twitter_card":"summary_large_image","twitter_misc":{"Escrito por":"Reda\u00e7\u00e3o CP","Est. tempo de leitura":"4 minutos"},"schema":{"@context":"https:\/\/schema.org","@graph":[{"@type":"Article","@id":"https:\/\/cleitonpinheiro.com.br\/site\/palmas-se-destaca-como-segunda-capital-com-maior-crescimento-de-empregos-no-brasil\/#article","isPartOf":{"@id":"https:\/\/cleitonpinheiro.com.br\/site\/palmas-se-destaca-como-segunda-capital-com-maior-crescimento-de-empregos-no-brasil\/"},"author":{"name":"Reda\u00e7\u00e3o CP","@id":"https:\/\/cleitonpinheiro.com.br\/site\/#\/schema\/person\/8f04544e0bc40a1b68775b08360f87db"},"headline":"Palmas se destaca como segunda capital com maior crescimento de empregos no Brasil","datePublished":"2023-08-25T17:26:03+00:00","dateModified":"2023-08-25T17:26:07+00:00","mainEntityOfPage":{"@id":"https:\/\/cleitonpinheiro.com.br\/site\/palmas-se-destaca-como-segunda-capital-com-maior-crescimento-de-empregos-no-brasil\/"},"wordCount":737,"commentCount":0,"publisher":{"@id":"https:\/\/cleitonpinheiro.com.br\/site\/#organization"},"image":{"@id":"https:\/\/cleitonpinheiro.com.br\/site\/palmas-se-destaca-como-segunda-capital-com-maior-crescimento-de-empregos-no-brasil\/#primaryimage"},"thumbnailUrl":"https:\/\/cleitonpinheiro.com.br\/site\/wp-content\/uploads\/2023\/08\/e31b54f8-0762-47f6-9c6e-775afd87250c.jpg","keywords":["Prefeitura de Palmas"],"articleSection":["CIDADES","MANCHETE SEGUND\u00c1RIA"],"inLanguage":"pt-BR","potentialAction":[{"@type":"CommentAction","name":"Comment","target":["https:\/\/cleitonpinheiro.com.br\/site\/palmas-se-destaca-como-segunda-capital-com-maior-crescimento-de-empregos-no-brasil\/#respond"]}]},{"@type":"WebPage","@id":"https:\/\/cleitonpinheiro.com.br\/site\/palmas-se-destaca-como-segunda-capital-com-maior-crescimento-de-empregos-no-brasil\/","url":"https:\/\/cleitonpinheiro.com.br\/site\/palmas-se-destaca-como-segunda-capital-com-maior-crescimento-de-empregos-no-brasil\/","name":"Palmas se destaca como segunda capital com maior crescimento de empregos no Brasil - PORTAL DE NOT\u00cdCIAS CLEITON PINHEIRO","isPartOf":{"@id":"https:\/\/cleitonpinheiro.com.br\/site\/#website"},"primaryImageOfPage":{"@id":"https:\/\/cleitonpinheiro.com.br\/site\/palmas-se-destaca-como-segunda-capital-com-maior-crescimento-de-empregos-no-brasil\/#primaryimage"},"image":{"@id":"https:\/\/cleitonpinheiro.com.br\/site\/palmas-se-destaca-como-segunda-capital-com-maior-crescimento-de-empregos-no-brasil\/#primaryimage"},"thumbnailUrl":"https:\/\/cleitonpinheiro.com.br\/site\/wp-content\/uploads\/2023\/08\/e31b54f8-0762-47f6-9c6e-775afd87250c.jpg","datePublished":"2023-08-25T17:26:03+00:00","dateModified":"2023-08-25T17:26:07+00:00","breadcrumb":{"@id":"https:\/\/cleitonpinheiro.com.br\/site\/palmas-se-destaca-como-segunda-capital-com-maior-crescimento-de-empregos-no-brasil\/#breadcrumb"},"inLanguage":"pt-BR","potentialAction":[{"@type":"ReadAction","target":["https:\/\/cleitonpinheiro.com.br\/site\/palmas-se-destaca-como-segunda-capital-com-maior-crescimento-de-empregos-no-brasil\/"]}]},{"@type":"ImageObject","inLanguage":"pt-BR","@id":"https:\/\/cleitonpinheiro.com.br\/site\/palmas-se-destaca-como-segunda-capital-com-maior-crescimento-de-empregos-no-brasil\/#primaryimage","url":"","contentUrl":""},{"@type":"BreadcrumbList","@id":"https:\/\/cleitonpinheiro.com.br\/site\/palmas-se-destaca-como-segunda-capital-com-maior-crescimento-de-empregos-no-brasil\/#breadcrumb","itemListElement":[{"@type":"ListItem","position":1,"name":"In\u00edcio","item":"https:\/\/cleitonpinheiro.com.br\/site\/"},{"@type":"ListItem","position":2,"name":"Palmas se destaca como segunda capital com maior crescimento de empregos no Brasil"}]},{"@type":"WebSite","@id":"https:\/\/cleitonpinheiro.com.br\/site\/#website","url":"https:\/\/cleitonpinheiro.com.br\/site\/","name":"PORTAL DE NOT\u00cdCIAS CLEITON PINHEIRO","description":"FALANDO A VERDADE","publisher":{"@id":"https:\/\/cleitonpinheiro.com.br\/site\/#organization"},"potentialAction":[{"@type":"SearchAction","target":{"@type":"EntryPoint","urlTemplate":"https:\/\/cleitonpinheiro.com.br\/site\/?s={search_term_string}"},"query-input":{"@type":"PropertyValueSpecification","valueRequired":true,"valueName":"search_term_string"}}],"inLanguage":"pt-BR"},{"@type":"Organization","@id":"https:\/\/cleitonpinheiro.com.br\/site\/#organization","name":"CPNOT\u00cdCIAS","url":"https:\/\/cleitonpinheiro.com.br\/site\/","logo":{"@type":"ImageObject","inLanguage":"pt-BR","@id":"https:\/\/cleitonpinheiro.com.br\/site\/#\/schema\/logo\/image\/","url":"https:\/\/cleitonpinheiro.com.br\/site\/wp-content\/uploads\/2022\/08\/Logo-pequena-2.png","contentUrl":"https:\/\/cleitonpinheiro.com.br\/site\/wp-content\/uploads\/2022\/08\/Logo-pequena-2.png","width":500,"height":500,"caption":"CPNOT\u00cdCIAS"},"image":{"@id":"https:\/\/cleitonpinheiro.com.br\/site\/#\/schema\/logo\/image\/"},"sameAs":["https:\/\/www.facebook.com\/portalcpnoticias\/"]},{"@type":"Person","@id":"https:\/\/cleitonpinheiro.com.br\/site\/#\/schema\/person\/8f04544e0bc40a1b68775b08360f87db","name":"Reda\u00e7\u00e3o CP","image":{"@type":"ImageObject","inLanguage":"pt-BR","@id":"https:\/\/cleitonpinheiro.com.br\/site\/#\/schema\/person\/image\/","url":"https:\/\/secure.gravatar.com\/avatar\/0bcf19cb29fdc8fc588c490c7ae1b3e174dac268586a63fbe1d1893a0f9020cd?s=96&r=g","contentUrl":"https:\/\/secure.gravatar.com\/avatar\/0bcf19cb29fdc8fc588c490c7ae1b3e174dac268586a63fbe1d1893a0f9020cd?s=96&r=g","caption":"Reda\u00e7\u00e3o CP"},"url":"https:\/\/cleitonpinheiro.com.br\/site\/author\/redacao\/"}]}},"views":163,"_links":{"self":[{"href":"https:\/\/cleitonpinheiro.com.br\/site\/wp-json\/wp\/v2\/posts\/73732","targetHints":{"allow":["GET"]}}],"collection":[{"href":"https:\/\/cleitonpinheiro.com.br\/site\/wp-json\/wp\/v2\/posts"}],"about":[{"href":"https:\/\/cleitonpinheiro.com.br\/site\/wp-json\/wp\/v2\/types\/post"}],"author":[{"embeddable":true,"href":"https:\/\/cleitonpinheiro.com.br\/site\/wp-json\/wp\/v2\/users\/13"}],"replies":[{"embeddable":true,"href":"https:\/\/cleitonpinheiro.com.br\/site\/wp-json\/wp\/v2\/comments?post=73732"}],"version-history":[{"count":1,"href":"https:\/\/cleitonpinheiro.com.br\/site\/wp-json\/wp\/v2\/posts\/73732\/revisions"}],"predecessor-version":[{"id":73734,"href":"https:\/\/cleitonpinheiro.com.br\/site\/wp-json\/wp\/v2\/posts\/73732\/revisions\/73734"}],"wp:attachment":[{"href":"https:\/\/cleitonpinheiro.com.br\/site\/wp-json\/wp\/v2\/media?parent=73732"}],"wp:term":[{"taxonomy":"category","embeddable":true,"href":"https:\/\/cleitonpinheiro.com.br\/site\/wp-json\/wp\/v2\/categories?post=73732"},{"taxonomy":"post_tag","embeddable":true,"href":"https:\/\/cleitonpinheiro.com.br\/site\/wp-json\/wp\/v2\/tags?post=73732"}],"curies":[{"name":"wp","href":"https:\/\/api.w.org\/{rel}","templated":true}]}}