{"id":73735,"date":"2023-08-25T14:46:01","date_gmt":"2023-08-25T17:46:01","guid":{"rendered":"https:\/\/cleitonpinheiro.com.br\/site\/?p=73735"},"modified":"2023-12-27T11:34:12","modified_gmt":"2023-12-27T14:34:12","slug":"filme-de-kleber-mendonca-filho-e-destaque-no-cine-cultura-nesta-semana","status":"publish","type":"post","link":"https:\/\/cleitonpinheiro.com.br\/site\/filme-de-kleber-mendonca-filho-e-destaque-no-cine-cultura-nesta-semana\/","title":{"rendered":"Filme de Kleber Mendon\u00e7a Filho \u00e9 destaque no Cine Cultura nesta semana"},"content":{"rendered":"\n<figure class=\"wp-block-image size-full\"><img decoding=\"async\" src=\"https:\/\/cleitonpinheiro.com.br\/site\/wp-content\/uploads\/2023\/08\/f7248d097bad46a38675c5ef8f0a9687.jpg\" alt=\"\" class=\"wp-image-73736\"\/><figcaption class=\"wp-element-caption\">Longa documental aborda o esvaziamento dos cinemas de ruas, especificamente do Recife &#8211; Foto: Reprodu\u00e7\u00e3o<\/figcaption><\/figure>\n\n\n\n<p class=\"wp-block-paragraph\">Fruto de sete\u00a0anos de trabalho, &#8220;Retratos Fantasmas&#8221; \u00e9 um longa documental do cineasta e roteirista Kleber Mendon\u00e7a Filho, que aborda o esvaziamento dos cinemas de ruas, especificamente do\u00a0Recife. A obra estreia no Cine Cultura nesta quinta-feira, 24, \u00e0s 20h10.<\/p>\n\n\n\n<p class=\"wp-block-paragraph\">Do mesmo diretor de &#8220;O Som ao Redor&#8221; (2013), &#8220;Aquarius&#8221; (2016) e &#8220;Bacurau&#8221; (2019), &nbsp;o filme &#8220;Retratos Fantasmas&#8221; traz o centro da cidade do Recife como personagem principal, sendo um espa\u00e7o hist\u00f3rico e humano, revisitado, por meio dos grandes cinemas que serviram como espa\u00e7os de conv\u00edvio durante o s\u00e9culo XX. &nbsp;Foram lugares de sonho e de ind\u00fastria, e a rela\u00e7\u00e3o das pessoas com esse universo \u00e9 um marcador de tempo para as mudan\u00e7as dos costumes em sociedade.<\/p>\n\n\n\n<p class=\"wp-block-paragraph\">Apresentado pela Vitrine &nbsp;Filmes e a Cinemasc\u00f3pio, o longa teve lan\u00e7amento mundial no Festival de Cannes e sua estreia nacional aconteceu na noite de abertura do 51\u00ba Festival de Gramado.&nbsp;<\/p>\n\n\n\n<p class=\"wp-block-paragraph\"><strong>Mostra A Grande Arte no Cinema<\/strong><\/p>\n\n\n\n<p class=\"wp-block-paragraph\">Continua na programa\u00e7\u00e3o do Cine Cultura a mostra &#8220;A Grande Arte no Cinema&#8221;, que apresenta um ciclo de longas dedicado \u00e0s artes visuais e aos grandes artistas de todos os tempos. Fazem parte da mostra os filmes: Gauguin no Taiti &#8211; Para\u00edso Perdido; Hitler vs Picasso &#8211; A Obsess\u00e3o Nazista pela Arte; Monet &#8211; Magia de Luz e \u00c1gua; Klimt &amp; Schiele &#8211; Eros e Psique e Van Gogh &#8211; Entre o Trigo e o C\u00e9u.<\/p>\n\n\n\n<p class=\"wp-block-paragraph\"><strong>Ingressos<\/strong><\/p>\n\n\n\n<p class=\"wp-block-paragraph\">Os ingressos para assistir aos filmes da programa\u00e7\u00e3o desta semana est\u00e3o dispon\u00edveis no Cine Cultura, localizado no Espa\u00e7o Cultural Jos\u00e9 Gomes Sobrinho, todos no valor de R$ 15,00 a inteira e R$ 7,50, a meia entrada. O Cine Cultura Palmas reserva o direito de alterar a programa\u00e7\u00e3o sem aviso pr\u00e9vio.<br>Para mais informa\u00e7\u00f5es, ligue no telefone 3212-7308.<\/p>\n\n\n\n<blockquote class=\"wp-block-quote is-layout-flow wp-block-quote-is-layout-flow\">\n<p class=\"wp-block-paragraph\"><strong>Quinta&nbsp;24\/08<\/strong><\/p>\n<\/blockquote>\n\n\n\n<p class=\"wp-block-paragraph\"><strong>16h30|&nbsp;Infinitas Terras, Cau\u00ea Brand\u00e3o<\/strong><br>Drama| Brasil| 2023| 112\u2019<br>Classifica\u00e7\u00e3o: 14 anos<\/p>\n\n\n\n<p class=\"wp-block-paragraph\"><strong>18h10|&nbsp;Monet &#8211; Magia de Luz e \u00c1gua, Giovanni Troilo<\/strong><br>Document\u00e1rio| It\u00e1lia| 2018| 80&#8242;<br>Classifica\u00e7\u00e3o: 12 anos&nbsp;<\/p>\n\n\n\n<p class=\"wp-block-paragraph\"><strong>20h10| Retratos Fantasmas, Kleber Mendon\u00e7a Filho&nbsp;<\/strong><br>Document\u00e1rio| Brasil| 2023| 91\u2019<br>Classifica\u00e7\u00e3o: 12 anos<\/p>\n\n\n\n<blockquote class=\"wp-block-quote is-layout-flow wp-block-quote-is-layout-flow\">\n<p class=\"wp-block-paragraph\"><strong>Sexta&nbsp;25\/08<\/strong><\/p>\n<\/blockquote>\n\n\n\n<p class=\"wp-block-paragraph\"><em>Mostra A Grande Arte no Cinema<\/em><br><strong>16h30|&nbsp;Klimt &amp; Schiele &#8211; Eros e Psique, Michele Mally<\/strong><br>Document\u00e1rio| It\u00e1lia| 2018| 95&#8242;<br>Classifica\u00e7\u00e3o: 12 anos<\/p>\n\n\n\n<blockquote class=\"wp-block-quote is-layout-flow wp-block-quote-is-layout-flow\">\n<p class=\"wp-block-paragraph\"><strong>S\u00e1bado 26\/08<\/strong><\/p>\n<\/blockquote>\n\n\n\n<p class=\"wp-block-paragraph\"><em>Mostra A Grande Arte no Cinema<\/em><br><strong>16h30|&nbsp;Van Gogh &#8211; Entre o Trigo e o C\u00e9u, Giovanni Piscaglia<\/strong><br>Document\u00e1rio| It\u00e1lia| 2019| 95&#8242;<br>Classifica\u00e7\u00e3o: 12 anos&nbsp;<\/p>\n\n\n\n<p class=\"wp-block-paragraph\"><strong>18h30|&nbsp;Klimt &amp; Schiele &#8211; Eros e Psique, Michele Mally<\/strong><br>Document\u00e1rio| It\u00e1lia| 2018| 95&#8242;<br>Classifica\u00e7\u00e3o: 12 anos&nbsp;<\/p>\n\n\n\n<p class=\"wp-block-paragraph\"><strong>20h30| Retratos Fantasmas, Kleber Mendon\u00e7a Filho&nbsp;<\/strong><br>Document\u00e1rio| Brasil| 2023| 91\u2019<br>Classifica\u00e7\u00e3o: 12 anos<\/p>\n\n\n\n<blockquote class=\"wp-block-quote is-layout-flow wp-block-quote-is-layout-flow\">\n<p class=\"wp-block-paragraph\"><strong>Domingo&nbsp;27\/08<\/strong><\/p>\n<\/blockquote>\n\n\n\n<p class=\"wp-block-paragraph\"><em>Mostra A Grande Arte no Cinema<\/em><br><strong>16h30| Hitler vs Picasso &#8211; A Obsess\u00e3o Nazista pela Arte, Claudio Poli<\/strong><br>Document\u00e1rio| It\u00e1lia| 2018| 95&#8242;<br>Classifica\u00e7\u00e3o: 12 anos&nbsp;<\/p>\n\n\n\n<p class=\"wp-block-paragraph\"><strong>18h30| Retratos Fantasmas, Kleber Mendon\u00e7a Filho&nbsp;<\/strong><br>Document\u00e1rio| Brasil| 2023| 91\u2019<br>Classifica\u00e7\u00e3o: 12 anos<\/p>\n\n\n\n<blockquote class=\"wp-block-quote is-layout-flow wp-block-quote-is-layout-flow\">\n<p class=\"wp-block-paragraph\"><strong>Quarta 30\/08<\/strong><\/p>\n<\/blockquote>\n\n\n\n<p class=\"wp-block-paragraph\"><strong>16h30| Infinitas Terras, Cau\u00ea Brand\u00e3o<\/strong><br>Drama| Brasil| 2023| 112\u2019<br>Classifica\u00e7\u00e3o: 14 anos<\/p>\n\n\n\n<p class=\"wp-block-paragraph\"><strong>18h30|&nbsp;Gauguin no Taiti &#8211; Para\u00edso Perdido, Claudio Poli<\/strong><br>Document\u00e1rio| It\u00e1lia| 2019| 88&#8242;<br>Classifica\u00e7\u00e3o: 12 anos<\/p>\n\n\n\n<p class=\"wp-block-paragraph\"><strong>20h30| Retratos Fantasmas, Kleber Mendon\u00e7a Filho&nbsp;<\/strong><br>Document\u00e1rio| Brasil| 2023| 91\u2019<br>Classifica\u00e7\u00e3o: 12 anos<\/p>\n","protected":false},"excerpt":{"rendered":"<p>Fruto de sete\u00a0anos de trabalho, &#8220;Retratos Fantasmas&#8221; \u00e9 um longa documental do cineasta e roteirista Kleber Mendon\u00e7a Filho, que aborda o esvaziamento dos cinemas de ruas, especificamente do\u00a0Recife. A obra estreia no Cine Cultura nesta quinta-feira, 24, \u00e0s 20h10. Do mesmo diretor de &#8220;O Som ao Redor&#8221; (2013), &#8220;Aquarius&#8221; (2016) e &#8220;Bacurau&#8221; (2019), &nbsp;o filme [&hellip;]<\/p>\n","protected":false},"author":13,"featured_media":0,"comment_status":"open","ping_status":"open","sticky":false,"template":"","format":"standard","meta":{"_acf_changed":false,"footnotes":""},"categories":[22,21],"tags":[],"class_list":["post-73735","post","type-post","status-publish","format-standard","hentry","category-cidades","category-todas-noticias"],"acf":[],"yoast_head":"<!-- This site is optimized with the Yoast SEO plugin v24.4 - https:\/\/yoast.com\/wordpress\/plugins\/seo\/ -->\n<title>Filme de Kleber Mendon\u00e7a Filho \u00e9 destaque no Cine Cultura nesta semana - PORTAL DE NOT\u00cdCIAS CLEITON PINHEIRO<\/title>\n<meta name=\"robots\" content=\"index, follow, max-snippet:-1, max-image-preview:large, max-video-preview:-1\" \/>\n<link rel=\"canonical\" href=\"https:\/\/cleitonpinheiro.com.br\/site\/filme-de-kleber-mendonca-filho-e-destaque-no-cine-cultura-nesta-semana\/\" \/>\n<meta property=\"og:locale\" content=\"pt_BR\" \/>\n<meta property=\"og:type\" content=\"article\" \/>\n<meta property=\"og:title\" content=\"Filme de Kleber Mendon\u00e7a Filho \u00e9 destaque no Cine Cultura nesta semana - PORTAL DE NOT\u00cdCIAS CLEITON PINHEIRO\" \/>\n<meta property=\"og:description\" content=\"Fruto de sete\u00a0anos de trabalho, &#8220;Retratos Fantasmas&#8221; \u00e9 um longa documental do cineasta e roteirista Kleber Mendon\u00e7a Filho, que aborda o esvaziamento dos cinemas de ruas, especificamente do\u00a0Recife. A obra estreia no Cine Cultura nesta quinta-feira, 24, \u00e0s 20h10. Do mesmo diretor de &#8220;O Som ao Redor&#8221; (2013), &#8220;Aquarius&#8221; (2016) e &#8220;Bacurau&#8221; (2019), &nbsp;o filme [&hellip;]\" \/>\n<meta property=\"og:url\" content=\"https:\/\/cleitonpinheiro.com.br\/site\/filme-de-kleber-mendonca-filho-e-destaque-no-cine-cultura-nesta-semana\/\" \/>\n<meta property=\"og:site_name\" content=\"PORTAL DE NOT\u00cdCIAS CLEITON PINHEIRO\" \/>\n<meta property=\"article:publisher\" content=\"https:\/\/www.facebook.com\/portalcpnoticias\/\" \/>\n<meta property=\"article:published_time\" content=\"2023-08-25T17:46:01+00:00\" \/>\n<meta property=\"article:modified_time\" content=\"2023-12-27T14:34:12+00:00\" \/>\n<meta property=\"og:image\" content=\"https:\/\/cleitonpinheiro.com.br\/site\/wp-content\/uploads\/2023\/08\/f7248d097bad46a38675c5ef8f0a9687.jpg\" \/>\n\t<meta property=\"og:image:width\" content=\"800\" \/>\n\t<meta property=\"og:image:height\" content=\"400\" \/>\n\t<meta property=\"og:image:type\" content=\"image\/jpeg\" \/>\n<meta name=\"author\" content=\"Reda\u00e7\u00e3o CP\" \/>\n<meta name=\"twitter:card\" content=\"summary_large_image\" \/>\n<meta name=\"twitter:label1\" content=\"Escrito por\" \/>\n\t<meta name=\"twitter:data1\" content=\"Reda\u00e7\u00e3o CP\" \/>\n\t<meta name=\"twitter:label2\" content=\"Est. tempo de leitura\" \/>\n\t<meta name=\"twitter:data2\" content=\"3 minutos\" \/>\n<script type=\"application\/ld+json\" class=\"yoast-schema-graph\">{\"@context\":\"https:\/\/schema.org\",\"@graph\":[{\"@type\":\"Article\",\"@id\":\"https:\/\/cleitonpinheiro.com.br\/site\/filme-de-kleber-mendonca-filho-e-destaque-no-cine-cultura-nesta-semana\/#article\",\"isPartOf\":{\"@id\":\"https:\/\/cleitonpinheiro.com.br\/site\/filme-de-kleber-mendonca-filho-e-destaque-no-cine-cultura-nesta-semana\/\"},\"author\":{\"name\":\"Reda\u00e7\u00e3o CP\",\"@id\":\"https:\/\/cleitonpinheiro.com.br\/site\/#\/schema\/person\/8f04544e0bc40a1b68775b08360f87db\"},\"headline\":\"Filme de Kleber Mendon\u00e7a Filho \u00e9 destaque no Cine Cultura nesta semana\",\"datePublished\":\"2023-08-25T17:46:01+00:00\",\"dateModified\":\"2023-12-27T14:34:12+00:00\",\"mainEntityOfPage\":{\"@id\":\"https:\/\/cleitonpinheiro.com.br\/site\/filme-de-kleber-mendonca-filho-e-destaque-no-cine-cultura-nesta-semana\/\"},\"wordCount\":556,\"commentCount\":0,\"publisher\":{\"@id\":\"https:\/\/cleitonpinheiro.com.br\/site\/#organization\"},\"image\":{\"@id\":\"https:\/\/cleitonpinheiro.com.br\/site\/filme-de-kleber-mendonca-filho-e-destaque-no-cine-cultura-nesta-semana\/#primaryimage\"},\"thumbnailUrl\":\"https:\/\/cleitonpinheiro.com.br\/site\/wp-content\/uploads\/2023\/08\/f7248d097bad46a38675c5ef8f0a9687.jpg\",\"articleSection\":[\"CIDADES\",\"TODAS NOTICIAS\"],\"inLanguage\":\"pt-BR\",\"potentialAction\":[{\"@type\":\"CommentAction\",\"name\":\"Comment\",\"target\":[\"https:\/\/cleitonpinheiro.com.br\/site\/filme-de-kleber-mendonca-filho-e-destaque-no-cine-cultura-nesta-semana\/#respond\"]}]},{\"@type\":\"WebPage\",\"@id\":\"https:\/\/cleitonpinheiro.com.br\/site\/filme-de-kleber-mendonca-filho-e-destaque-no-cine-cultura-nesta-semana\/\",\"url\":\"https:\/\/cleitonpinheiro.com.br\/site\/filme-de-kleber-mendonca-filho-e-destaque-no-cine-cultura-nesta-semana\/\",\"name\":\"Filme de Kleber Mendon\u00e7a Filho \u00e9 destaque no Cine Cultura nesta semana - PORTAL DE NOT\u00cdCIAS CLEITON PINHEIRO\",\"isPartOf\":{\"@id\":\"https:\/\/cleitonpinheiro.com.br\/site\/#website\"},\"primaryImageOfPage\":{\"@id\":\"https:\/\/cleitonpinheiro.com.br\/site\/filme-de-kleber-mendonca-filho-e-destaque-no-cine-cultura-nesta-semana\/#primaryimage\"},\"image\":{\"@id\":\"https:\/\/cleitonpinheiro.com.br\/site\/filme-de-kleber-mendonca-filho-e-destaque-no-cine-cultura-nesta-semana\/#primaryimage\"},\"thumbnailUrl\":\"https:\/\/cleitonpinheiro.com.br\/site\/wp-content\/uploads\/2023\/08\/f7248d097bad46a38675c5ef8f0a9687.jpg\",\"datePublished\":\"2023-08-25T17:46:01+00:00\",\"dateModified\":\"2023-12-27T14:34:12+00:00\",\"breadcrumb\":{\"@id\":\"https:\/\/cleitonpinheiro.com.br\/site\/filme-de-kleber-mendonca-filho-e-destaque-no-cine-cultura-nesta-semana\/#breadcrumb\"},\"inLanguage\":\"pt-BR\",\"potentialAction\":[{\"@type\":\"ReadAction\",\"target\":[\"https:\/\/cleitonpinheiro.com.br\/site\/filme-de-kleber-mendonca-filho-e-destaque-no-cine-cultura-nesta-semana\/\"]}]},{\"@type\":\"ImageObject\",\"inLanguage\":\"pt-BR\",\"@id\":\"https:\/\/cleitonpinheiro.com.br\/site\/filme-de-kleber-mendonca-filho-e-destaque-no-cine-cultura-nesta-semana\/#primaryimage\",\"url\":\"\",\"contentUrl\":\"\"},{\"@type\":\"BreadcrumbList\",\"@id\":\"https:\/\/cleitonpinheiro.com.br\/site\/filme-de-kleber-mendonca-filho-e-destaque-no-cine-cultura-nesta-semana\/#breadcrumb\",\"itemListElement\":[{\"@type\":\"ListItem\",\"position\":1,\"name\":\"In\u00edcio\",\"item\":\"https:\/\/cleitonpinheiro.com.br\/site\/\"},{\"@type\":\"ListItem\",\"position\":2,\"name\":\"Filme de Kleber Mendon\u00e7a Filho \u00e9 destaque no Cine Cultura nesta semana\"}]},{\"@type\":\"WebSite\",\"@id\":\"https:\/\/cleitonpinheiro.com.br\/site\/#website\",\"url\":\"https:\/\/cleitonpinheiro.com.br\/site\/\",\"name\":\"PORTAL DE NOT\u00cdCIAS CLEITON PINHEIRO\",\"description\":\"FALANDO A VERDADE\",\"publisher\":{\"@id\":\"https:\/\/cleitonpinheiro.com.br\/site\/#organization\"},\"potentialAction\":[{\"@type\":\"SearchAction\",\"target\":{\"@type\":\"EntryPoint\",\"urlTemplate\":\"https:\/\/cleitonpinheiro.com.br\/site\/?s={search_term_string}\"},\"query-input\":{\"@type\":\"PropertyValueSpecification\",\"valueRequired\":true,\"valueName\":\"search_term_string\"}}],\"inLanguage\":\"pt-BR\"},{\"@type\":\"Organization\",\"@id\":\"https:\/\/cleitonpinheiro.com.br\/site\/#organization\",\"name\":\"CPNOT\u00cdCIAS\",\"url\":\"https:\/\/cleitonpinheiro.com.br\/site\/\",\"logo\":{\"@type\":\"ImageObject\",\"inLanguage\":\"pt-BR\",\"@id\":\"https:\/\/cleitonpinheiro.com.br\/site\/#\/schema\/logo\/image\/\",\"url\":\"https:\/\/cleitonpinheiro.com.br\/site\/wp-content\/uploads\/2022\/08\/Logo-pequena-2.png\",\"contentUrl\":\"https:\/\/cleitonpinheiro.com.br\/site\/wp-content\/uploads\/2022\/08\/Logo-pequena-2.png\",\"width\":500,\"height\":500,\"caption\":\"CPNOT\u00cdCIAS\"},\"image\":{\"@id\":\"https:\/\/cleitonpinheiro.com.br\/site\/#\/schema\/logo\/image\/\"},\"sameAs\":[\"https:\/\/www.facebook.com\/portalcpnoticias\/\"]},{\"@type\":\"Person\",\"@id\":\"https:\/\/cleitonpinheiro.com.br\/site\/#\/schema\/person\/8f04544e0bc40a1b68775b08360f87db\",\"name\":\"Reda\u00e7\u00e3o CP\",\"image\":{\"@type\":\"ImageObject\",\"inLanguage\":\"pt-BR\",\"@id\":\"https:\/\/cleitonpinheiro.com.br\/site\/#\/schema\/person\/image\/\",\"url\":\"https:\/\/secure.gravatar.com\/avatar\/0bcf19cb29fdc8fc588c490c7ae1b3e174dac268586a63fbe1d1893a0f9020cd?s=96&r=g\",\"contentUrl\":\"https:\/\/secure.gravatar.com\/avatar\/0bcf19cb29fdc8fc588c490c7ae1b3e174dac268586a63fbe1d1893a0f9020cd?s=96&r=g\",\"caption\":\"Reda\u00e7\u00e3o CP\"},\"url\":\"https:\/\/cleitonpinheiro.com.br\/site\/author\/redacao\/\"}]}<\/script>\n<!-- \/ Yoast SEO plugin. -->","yoast_head_json":{"title":"Filme de Kleber Mendon\u00e7a Filho \u00e9 destaque no Cine Cultura nesta semana - PORTAL DE NOT\u00cdCIAS CLEITON PINHEIRO","robots":{"index":"index","follow":"follow","max-snippet":"max-snippet:-1","max-image-preview":"max-image-preview:large","max-video-preview":"max-video-preview:-1"},"canonical":"https:\/\/cleitonpinheiro.com.br\/site\/filme-de-kleber-mendonca-filho-e-destaque-no-cine-cultura-nesta-semana\/","og_locale":"pt_BR","og_type":"article","og_title":"Filme de Kleber Mendon\u00e7a Filho \u00e9 destaque no Cine Cultura nesta semana - PORTAL DE NOT\u00cdCIAS CLEITON PINHEIRO","og_description":"Fruto de sete\u00a0anos de trabalho, &#8220;Retratos Fantasmas&#8221; \u00e9 um longa documental do cineasta e roteirista Kleber Mendon\u00e7a Filho, que aborda o esvaziamento dos cinemas de ruas, especificamente do\u00a0Recife. A obra estreia no Cine Cultura nesta quinta-feira, 24, \u00e0s 20h10. Do mesmo diretor de &#8220;O Som ao Redor&#8221; (2013), &#8220;Aquarius&#8221; (2016) e &#8220;Bacurau&#8221; (2019), &nbsp;o filme [&hellip;]","og_url":"https:\/\/cleitonpinheiro.com.br\/site\/filme-de-kleber-mendonca-filho-e-destaque-no-cine-cultura-nesta-semana\/","og_site_name":"PORTAL DE NOT\u00cdCIAS CLEITON PINHEIRO","article_publisher":"https:\/\/www.facebook.com\/portalcpnoticias\/","article_published_time":"2023-08-25T17:46:01+00:00","article_modified_time":"2023-12-27T14:34:12+00:00","og_image":[{"width":800,"height":400,"url":"https:\/\/cleitonpinheiro.com.br\/site\/wp-content\/uploads\/2023\/08\/f7248d097bad46a38675c5ef8f0a9687.jpg","type":"image\/jpeg"}],"author":"Reda\u00e7\u00e3o CP","twitter_card":"summary_large_image","twitter_misc":{"Escrito por":"Reda\u00e7\u00e3o CP","Est. tempo de leitura":"3 minutos"},"schema":{"@context":"https:\/\/schema.org","@graph":[{"@type":"Article","@id":"https:\/\/cleitonpinheiro.com.br\/site\/filme-de-kleber-mendonca-filho-e-destaque-no-cine-cultura-nesta-semana\/#article","isPartOf":{"@id":"https:\/\/cleitonpinheiro.com.br\/site\/filme-de-kleber-mendonca-filho-e-destaque-no-cine-cultura-nesta-semana\/"},"author":{"name":"Reda\u00e7\u00e3o CP","@id":"https:\/\/cleitonpinheiro.com.br\/site\/#\/schema\/person\/8f04544e0bc40a1b68775b08360f87db"},"headline":"Filme de Kleber Mendon\u00e7a Filho \u00e9 destaque no Cine Cultura nesta semana","datePublished":"2023-08-25T17:46:01+00:00","dateModified":"2023-12-27T14:34:12+00:00","mainEntityOfPage":{"@id":"https:\/\/cleitonpinheiro.com.br\/site\/filme-de-kleber-mendonca-filho-e-destaque-no-cine-cultura-nesta-semana\/"},"wordCount":556,"commentCount":0,"publisher":{"@id":"https:\/\/cleitonpinheiro.com.br\/site\/#organization"},"image":{"@id":"https:\/\/cleitonpinheiro.com.br\/site\/filme-de-kleber-mendonca-filho-e-destaque-no-cine-cultura-nesta-semana\/#primaryimage"},"thumbnailUrl":"https:\/\/cleitonpinheiro.com.br\/site\/wp-content\/uploads\/2023\/08\/f7248d097bad46a38675c5ef8f0a9687.jpg","articleSection":["CIDADES","TODAS NOTICIAS"],"inLanguage":"pt-BR","potentialAction":[{"@type":"CommentAction","name":"Comment","target":["https:\/\/cleitonpinheiro.com.br\/site\/filme-de-kleber-mendonca-filho-e-destaque-no-cine-cultura-nesta-semana\/#respond"]}]},{"@type":"WebPage","@id":"https:\/\/cleitonpinheiro.com.br\/site\/filme-de-kleber-mendonca-filho-e-destaque-no-cine-cultura-nesta-semana\/","url":"https:\/\/cleitonpinheiro.com.br\/site\/filme-de-kleber-mendonca-filho-e-destaque-no-cine-cultura-nesta-semana\/","name":"Filme de Kleber Mendon\u00e7a Filho \u00e9 destaque no Cine Cultura nesta semana - PORTAL DE NOT\u00cdCIAS CLEITON PINHEIRO","isPartOf":{"@id":"https:\/\/cleitonpinheiro.com.br\/site\/#website"},"primaryImageOfPage":{"@id":"https:\/\/cleitonpinheiro.com.br\/site\/filme-de-kleber-mendonca-filho-e-destaque-no-cine-cultura-nesta-semana\/#primaryimage"},"image":{"@id":"https:\/\/cleitonpinheiro.com.br\/site\/filme-de-kleber-mendonca-filho-e-destaque-no-cine-cultura-nesta-semana\/#primaryimage"},"thumbnailUrl":"https:\/\/cleitonpinheiro.com.br\/site\/wp-content\/uploads\/2023\/08\/f7248d097bad46a38675c5ef8f0a9687.jpg","datePublished":"2023-08-25T17:46:01+00:00","dateModified":"2023-12-27T14:34:12+00:00","breadcrumb":{"@id":"https:\/\/cleitonpinheiro.com.br\/site\/filme-de-kleber-mendonca-filho-e-destaque-no-cine-cultura-nesta-semana\/#breadcrumb"},"inLanguage":"pt-BR","potentialAction":[{"@type":"ReadAction","target":["https:\/\/cleitonpinheiro.com.br\/site\/filme-de-kleber-mendonca-filho-e-destaque-no-cine-cultura-nesta-semana\/"]}]},{"@type":"ImageObject","inLanguage":"pt-BR","@id":"https:\/\/cleitonpinheiro.com.br\/site\/filme-de-kleber-mendonca-filho-e-destaque-no-cine-cultura-nesta-semana\/#primaryimage","url":"","contentUrl":""},{"@type":"BreadcrumbList","@id":"https:\/\/cleitonpinheiro.com.br\/site\/filme-de-kleber-mendonca-filho-e-destaque-no-cine-cultura-nesta-semana\/#breadcrumb","itemListElement":[{"@type":"ListItem","position":1,"name":"In\u00edcio","item":"https:\/\/cleitonpinheiro.com.br\/site\/"},{"@type":"ListItem","position":2,"name":"Filme de Kleber Mendon\u00e7a Filho \u00e9 destaque no Cine Cultura nesta semana"}]},{"@type":"WebSite","@id":"https:\/\/cleitonpinheiro.com.br\/site\/#website","url":"https:\/\/cleitonpinheiro.com.br\/site\/","name":"PORTAL DE NOT\u00cdCIAS CLEITON PINHEIRO","description":"FALANDO A VERDADE","publisher":{"@id":"https:\/\/cleitonpinheiro.com.br\/site\/#organization"},"potentialAction":[{"@type":"SearchAction","target":{"@type":"EntryPoint","urlTemplate":"https:\/\/cleitonpinheiro.com.br\/site\/?s={search_term_string}"},"query-input":{"@type":"PropertyValueSpecification","valueRequired":true,"valueName":"search_term_string"}}],"inLanguage":"pt-BR"},{"@type":"Organization","@id":"https:\/\/cleitonpinheiro.com.br\/site\/#organization","name":"CPNOT\u00cdCIAS","url":"https:\/\/cleitonpinheiro.com.br\/site\/","logo":{"@type":"ImageObject","inLanguage":"pt-BR","@id":"https:\/\/cleitonpinheiro.com.br\/site\/#\/schema\/logo\/image\/","url":"https:\/\/cleitonpinheiro.com.br\/site\/wp-content\/uploads\/2022\/08\/Logo-pequena-2.png","contentUrl":"https:\/\/cleitonpinheiro.com.br\/site\/wp-content\/uploads\/2022\/08\/Logo-pequena-2.png","width":500,"height":500,"caption":"CPNOT\u00cdCIAS"},"image":{"@id":"https:\/\/cleitonpinheiro.com.br\/site\/#\/schema\/logo\/image\/"},"sameAs":["https:\/\/www.facebook.com\/portalcpnoticias\/"]},{"@type":"Person","@id":"https:\/\/cleitonpinheiro.com.br\/site\/#\/schema\/person\/8f04544e0bc40a1b68775b08360f87db","name":"Reda\u00e7\u00e3o CP","image":{"@type":"ImageObject","inLanguage":"pt-BR","@id":"https:\/\/cleitonpinheiro.com.br\/site\/#\/schema\/person\/image\/","url":"https:\/\/secure.gravatar.com\/avatar\/0bcf19cb29fdc8fc588c490c7ae1b3e174dac268586a63fbe1d1893a0f9020cd?s=96&r=g","contentUrl":"https:\/\/secure.gravatar.com\/avatar\/0bcf19cb29fdc8fc588c490c7ae1b3e174dac268586a63fbe1d1893a0f9020cd?s=96&r=g","caption":"Reda\u00e7\u00e3o CP"},"url":"https:\/\/cleitonpinheiro.com.br\/site\/author\/redacao\/"}]}},"views":115,"_links":{"self":[{"href":"https:\/\/cleitonpinheiro.com.br\/site\/wp-json\/wp\/v2\/posts\/73735","targetHints":{"allow":["GET"]}}],"collection":[{"href":"https:\/\/cleitonpinheiro.com.br\/site\/wp-json\/wp\/v2\/posts"}],"about":[{"href":"https:\/\/cleitonpinheiro.com.br\/site\/wp-json\/wp\/v2\/types\/post"}],"author":[{"embeddable":true,"href":"https:\/\/cleitonpinheiro.com.br\/site\/wp-json\/wp\/v2\/users\/13"}],"replies":[{"embeddable":true,"href":"https:\/\/cleitonpinheiro.com.br\/site\/wp-json\/wp\/v2\/comments?post=73735"}],"version-history":[{"count":1,"href":"https:\/\/cleitonpinheiro.com.br\/site\/wp-json\/wp\/v2\/posts\/73735\/revisions"}],"predecessor-version":[{"id":73737,"href":"https:\/\/cleitonpinheiro.com.br\/site\/wp-json\/wp\/v2\/posts\/73735\/revisions\/73737"}],"wp:attachment":[{"href":"https:\/\/cleitonpinheiro.com.br\/site\/wp-json\/wp\/v2\/media?parent=73735"}],"wp:term":[{"taxonomy":"category","embeddable":true,"href":"https:\/\/cleitonpinheiro.com.br\/site\/wp-json\/wp\/v2\/categories?post=73735"},{"taxonomy":"post_tag","embeddable":true,"href":"https:\/\/cleitonpinheiro.com.br\/site\/wp-json\/wp\/v2\/tags?post=73735"}],"curies":[{"name":"wp","href":"https:\/\/api.w.org\/{rel}","templated":true}]}}