{"id":73738,"date":"2023-08-25T15:17:10","date_gmt":"2023-08-25T18:17:10","guid":{"rendered":"https:\/\/cleitonpinheiro.com.br\/site\/?p=73738"},"modified":"2023-08-25T15:19:54","modified_gmt":"2023-08-25T18:19:54","slug":"saiba-quem-tem-direito-ao-passe-livre-no-transporte-coletivo-urbano-da-capital","status":"publish","type":"post","link":"https:\/\/cleitonpinheiro.com.br\/site\/saiba-quem-tem-direito-ao-passe-livre-no-transporte-coletivo-urbano-da-capital\/","title":{"rendered":"Saiba quem tem direito ao passe livre no transporte coletivo urbano da Capital"},"content":{"rendered":"\n<figure class=\"wp-block-image size-full\"><img decoding=\"async\" src=\"https:\/\/cleitonpinheiro.com.br\/site\/wp-content\/uploads\/2023\/07\/124f0d75-4665-4a87-a7b2-f5fe96299c08-1.jpg\" alt=\"\" class=\"wp-image-72783\"\/><figcaption class=\"wp-element-caption\">Parte da popula\u00e7\u00e3o palmense possui direito ao passe livre no transporte coletivo &#8211; Foto: Lia Mara\/Prefeitura de Palmas<\/figcaption><\/figure>\n\n\n\n<p class=\"wp-block-paragraph\">Parte da popula\u00e7\u00e3o palmense\u00a0possui\u00a0direito ao passe livre no transporte coletivo urbano na Capital. O benef\u00edcio, regulamentado por lei, assegura a isen\u00e7\u00e3o de tarifas para determinados grupos. Saiba quem s\u00e3o os benefici\u00e1rios\u00a0e como ela contribui para melhorar a acessibilidade e mobilidade em Palmas.<\/p>\n\n\n\n<p class=\"wp-block-paragraph\">Entre os que possuem direito ao aux\u00edlio est\u00e3o os idosos a partir dos 65 anos e aposentados que podem&nbsp;utilizar o transporte p\u00fablico gratuitamente na Capital. O benef\u00edcio, regido pela&nbsp;<a href=\"https:\/\/legislativo.palmas.to.gov.br\/media\/leis\/lei-ordinaria-440-1993-10-14-4-8-2023-14-56-43.pdf\" target=\"_blank\" rel=\"noreferrer noopener\">Lei Municipal n.\u00ba 440<\/a>, publicada em 1993, disp\u00f5e sobre a gratuidade do transporte coletivo para os aposentados, assim como os menores de 7&nbsp;anos. Para solicitar o benef\u00edcio, \u00e9 necess\u00e1rio comparecer \u00e0 sede da Superintend\u00eancia do Sistema de Bilhetagem Eletr\u00f4nica (Sube), antigo Seturb, portando RG e CPF.&nbsp;<\/p>\n\n\n\n<p class=\"wp-block-paragraph\">Os idosos podem requerer o Cart\u00e3o do Idoso, e os aposentados t\u00eam a op\u00e7\u00e3o de solicitar uma carteirinha especial. Ambos os cart\u00f5es permitem uma \u00fanica viagem no mesmo \u00f4nibus e hor\u00e1rio.&nbsp;<\/p>\n\n\n\n<p class=\"wp-block-paragraph\"><strong>Pacientes que convivem com HIV\/Aids<\/strong><\/p>\n\n\n\n<p class=\"wp-block-paragraph\">Pacientes que convivem com HIV\/Aids que est\u00e3o em tratamento no N\u00facleo de Assist\u00eancia Henfil e que tem renda familiar de at\u00e9 dois sal\u00e1rios m\u00ednimos mensais, possuem direito \u00e0 gratuidade no transporte p\u00fablico da Capital. Garantido pela Lei n\u00ba 1.336, promulgada em 2004, a solicita\u00e7\u00e3o para acessar o benef\u00edcio pode ser feita atrav\u00e9s da pr\u00f3pria unidade do Henfil, sendo necess\u00e1rio estar portando os documentos pessoais (RG e CPF), comprovante de endere\u00e7o recente e cart\u00e3o do SUS.<\/p>\n\n\n\n<p class=\"wp-block-paragraph\"><strong>Pacientes atendidos pelo SUS<\/strong><\/p>\n\n\n\n<p class=\"wp-block-paragraph\">Pessoas com defici\u00eancias, sejam elas f\u00edsicas ou intelectuais, e pacientes com problemas renais possuem direito ao passe livre no transporte p\u00fablico palmense. Os interessados devem procurar uma das unidades de atendimento dos Centros de Refer\u00eancia de Assist\u00eancia Social (Cras), portando os documentos pessoais (RG e CPF) e comprovante de resid\u00eancia atualizado. O benef\u00edcio pode ser estendido a um terceiro caso o interessado necessite de acompanhante.<\/p>\n\n\n\n<p class=\"wp-block-paragraph\"><strong>Estudantes&nbsp;<\/strong><\/p>\n\n\n\n<p class=\"wp-block-paragraph\">Estudantes matriculados na rede oficial de ensino, seja p\u00fablica ou particular, independente do grau, possuem direito a meia passagem, intitulado passe escolar, no transporte p\u00fablico de Palmas. A solicita\u00e7\u00e3o deve ser feita na sede da Superintend\u00eancia do Sistema de Bilhetagem Eletr\u00f4nica (Sube), com o estudante portando as c\u00f3pias e originais dos documentos pessoais (RG e CPF) e a declara\u00e7\u00e3o de matr\u00edcula atualizada emitida pela institui\u00e7\u00e3o de ensino.&nbsp;<\/p>\n\n\n\n<p class=\"wp-block-paragraph\">Al\u00e9m desse direito garantido por lei, alunos com renda de at\u00e9 quatro sal\u00e1rios m\u00ednimos, que cursam o ensino t\u00e9cnico e superior de Palmas, podem solicitar o Cart\u00e3o do Estudante, programa da Prefeitura de Palmas que subsidia at\u00e9 75% da tarifa do passe do beneficiado.<\/p>\n\n\n\n<p class=\"wp-block-paragraph\"><strong>Trabalhadores da seguran\u00e7a e dos Correios<\/strong><\/p>\n\n\n\n<p class=\"wp-block-paragraph\">Os guardas da Guarda Metropolitana de Palmas, os Policiais Civis e Militares, os bombeiros Militares e os trabalhadores dos Correios t\u00eam direito ao passe livre no transporte coletivo p\u00fablico na Capital. Os interessados, com exce\u00e7\u00e3o dos policiais civis e militares, n\u00e3o precisam fazer um cart\u00e3o espec\u00edfico na ATCP, necessitando apenas apresentar a carteirinha de identifica\u00e7\u00e3o expedida pelo \u00f3rg\u00e3o no qual trabalha, sem precisar estar com os trajes oficiais.<\/p>\n\n\n\n<p class=\"wp-block-paragraph\"><strong>Pacientes baixa renda atendidos pelo Caps<\/strong><\/p>\n\n\n\n<p class=\"wp-block-paragraph\">Os pacientes baixa renda atendidos pelos Centros de Aten\u00e7\u00e3o Psicossocial (Caps), tamb\u00e9m possuem direito ao passe livre no transporte p\u00fablico da cidade. O&nbsp;interessados deve&nbsp;procurar as unidades do Caps na qual faz&nbsp;acompanhamento, portando seus documentos pessoais (RG e CPF) e comprovante de resid\u00eancia atualizado, preencher um formul\u00e1rio de solicita\u00e7\u00e3o entregue por eles na unidade e anexar a ele o laudo m\u00e9dico e parecer social, devidamente assinado por profissionais habilitados do Caps.&nbsp;<\/p>\n\n\n\n<p class=\"wp-block-paragraph\">Ap\u00f3s isso, o pr\u00f3prio solicitante encaminha o processo para a Secretaria de Desenvolvimento Social (Sedes) para que o pedido possa ser analisado. O direito \u00e9 assegurado a eles pela&nbsp;<a href=\"https:\/\/legislativo.palmas.to.gov.br\/media\/leis\/LEI%20ORDIN%C3%81RIA%20N%C2%BA%201780%20de%2023-05-2011%2013-49-21.pdf\" target=\"_blank\" rel=\"noreferrer noopener\">Lei de n\u00ba 1.780<\/a>, aprovada em maio de 2011.&nbsp;<\/p>\n\n\n\n<p class=\"wp-block-paragraph\"><strong>Texto:<\/strong>&nbsp;Paulo Louren\u00e7o Dias &#8211; estagi\u00e1rio sob a supervis\u00e3o da Diretoria de Jornalismo da Secom<\/p>\n","protected":false},"excerpt":{"rendered":"<p>Parte da popula\u00e7\u00e3o palmense\u00a0possui\u00a0direito ao passe livre no transporte coletivo urbano na Capital. O benef\u00edcio, regulamentado por lei, assegura a isen\u00e7\u00e3o de tarifas para determinados grupos. Saiba quem s\u00e3o os benefici\u00e1rios\u00a0e como ela contribui para melhorar a acessibilidade e mobilidade em Palmas. Entre os que possuem direito ao aux\u00edlio est\u00e3o os idosos a partir dos [&hellip;]<\/p>\n","protected":false},"author":13,"featured_media":0,"comment_status":"open","ping_status":"open","sticky":false,"template":"","format":"standard","meta":{"_acf_changed":false,"footnotes":""},"categories":[22,898],"tags":[720],"class_list":["post-73738","post","type-post","status-publish","format-standard","hentry","category-cidades","category-manchete-segundaria","tag-prefeitura-de-palmas"],"acf":[],"yoast_head":"<!-- This site is optimized with the Yoast SEO plugin v24.4 - https:\/\/yoast.com\/wordpress\/plugins\/seo\/ -->\n<title>Saiba quem tem direito ao passe livre no transporte coletivo urbano da Capital - PORTAL DE NOT\u00cdCIAS CLEITON PINHEIRO<\/title>\n<meta name=\"robots\" content=\"index, follow, max-snippet:-1, max-image-preview:large, max-video-preview:-1\" \/>\n<link rel=\"canonical\" href=\"https:\/\/cleitonpinheiro.com.br\/site\/saiba-quem-tem-direito-ao-passe-livre-no-transporte-coletivo-urbano-da-capital\/\" \/>\n<meta property=\"og:locale\" content=\"pt_BR\" \/>\n<meta property=\"og:type\" content=\"article\" \/>\n<meta property=\"og:title\" content=\"Saiba quem tem direito ao passe livre no transporte coletivo urbano da Capital - PORTAL DE NOT\u00cdCIAS CLEITON PINHEIRO\" \/>\n<meta property=\"og:description\" content=\"Parte da popula\u00e7\u00e3o palmense\u00a0possui\u00a0direito ao passe livre no transporte coletivo urbano na Capital. O benef\u00edcio, regulamentado por lei, assegura a isen\u00e7\u00e3o de tarifas para determinados grupos. Saiba quem s\u00e3o os benefici\u00e1rios\u00a0e como ela contribui para melhorar a acessibilidade e mobilidade em Palmas. Entre os que possuem direito ao aux\u00edlio est\u00e3o os idosos a partir dos [&hellip;]\" \/>\n<meta property=\"og:url\" content=\"https:\/\/cleitonpinheiro.com.br\/site\/saiba-quem-tem-direito-ao-passe-livre-no-transporte-coletivo-urbano-da-capital\/\" \/>\n<meta property=\"og:site_name\" content=\"PORTAL DE NOT\u00cdCIAS CLEITON PINHEIRO\" \/>\n<meta property=\"article:publisher\" content=\"https:\/\/www.facebook.com\/portalcpnoticias\/\" \/>\n<meta property=\"article:published_time\" content=\"2023-08-25T18:17:10+00:00\" \/>\n<meta property=\"article:modified_time\" content=\"2023-08-25T18:19:54+00:00\" \/>\n<meta property=\"og:image\" content=\"https:\/\/cleitonpinheiro.com.br\/site\/wp-content\/uploads\/2023\/08\/343d08c6-2313-44aa-b6df-d0cf35f9e7af.jpg\" \/>\n\t<meta property=\"og:image:width\" content=\"800\" \/>\n\t<meta property=\"og:image:height\" content=\"533\" \/>\n\t<meta property=\"og:image:type\" content=\"image\/jpeg\" \/>\n<meta name=\"author\" content=\"Reda\u00e7\u00e3o CP\" \/>\n<meta name=\"twitter:card\" content=\"summary_large_image\" \/>\n<meta name=\"twitter:label1\" content=\"Escrito por\" \/>\n\t<meta name=\"twitter:data1\" content=\"Reda\u00e7\u00e3o CP\" \/>\n\t<meta name=\"twitter:label2\" content=\"Est. tempo de leitura\" \/>\n\t<meta name=\"twitter:data2\" content=\"4 minutos\" \/>\n<script type=\"application\/ld+json\" class=\"yoast-schema-graph\">{\"@context\":\"https:\/\/schema.org\",\"@graph\":[{\"@type\":\"Article\",\"@id\":\"https:\/\/cleitonpinheiro.com.br\/site\/saiba-quem-tem-direito-ao-passe-livre-no-transporte-coletivo-urbano-da-capital\/#article\",\"isPartOf\":{\"@id\":\"https:\/\/cleitonpinheiro.com.br\/site\/saiba-quem-tem-direito-ao-passe-livre-no-transporte-coletivo-urbano-da-capital\/\"},\"author\":{\"name\":\"Reda\u00e7\u00e3o CP\",\"@id\":\"https:\/\/cleitonpinheiro.com.br\/site\/#\/schema\/person\/8f04544e0bc40a1b68775b08360f87db\"},\"headline\":\"Saiba quem tem direito ao passe livre no transporte coletivo urbano da Capital\",\"datePublished\":\"2023-08-25T18:17:10+00:00\",\"dateModified\":\"2023-08-25T18:19:54+00:00\",\"mainEntityOfPage\":{\"@id\":\"https:\/\/cleitonpinheiro.com.br\/site\/saiba-quem-tem-direito-ao-passe-livre-no-transporte-coletivo-urbano-da-capital\/\"},\"wordCount\":730,\"commentCount\":0,\"publisher\":{\"@id\":\"https:\/\/cleitonpinheiro.com.br\/site\/#organization\"},\"image\":{\"@id\":\"https:\/\/cleitonpinheiro.com.br\/site\/saiba-quem-tem-direito-ao-passe-livre-no-transporte-coletivo-urbano-da-capital\/#primaryimage\"},\"thumbnailUrl\":\"https:\/\/cleitonpinheiro.com.br\/site\/wp-content\/uploads\/2023\/07\/124f0d75-4665-4a87-a7b2-f5fe96299c08-1.jpg\",\"keywords\":[\"Prefeitura de Palmas\"],\"articleSection\":[\"CIDADES\",\"MANCHETE SEGUND\u00c1RIA\"],\"inLanguage\":\"pt-BR\",\"potentialAction\":[{\"@type\":\"CommentAction\",\"name\":\"Comment\",\"target\":[\"https:\/\/cleitonpinheiro.com.br\/site\/saiba-quem-tem-direito-ao-passe-livre-no-transporte-coletivo-urbano-da-capital\/#respond\"]}]},{\"@type\":\"WebPage\",\"@id\":\"https:\/\/cleitonpinheiro.com.br\/site\/saiba-quem-tem-direito-ao-passe-livre-no-transporte-coletivo-urbano-da-capital\/\",\"url\":\"https:\/\/cleitonpinheiro.com.br\/site\/saiba-quem-tem-direito-ao-passe-livre-no-transporte-coletivo-urbano-da-capital\/\",\"name\":\"Saiba quem tem direito ao passe livre no transporte coletivo urbano da Capital - PORTAL DE NOT\u00cdCIAS CLEITON PINHEIRO\",\"isPartOf\":{\"@id\":\"https:\/\/cleitonpinheiro.com.br\/site\/#website\"},\"primaryImageOfPage\":{\"@id\":\"https:\/\/cleitonpinheiro.com.br\/site\/saiba-quem-tem-direito-ao-passe-livre-no-transporte-coletivo-urbano-da-capital\/#primaryimage\"},\"image\":{\"@id\":\"https:\/\/cleitonpinheiro.com.br\/site\/saiba-quem-tem-direito-ao-passe-livre-no-transporte-coletivo-urbano-da-capital\/#primaryimage\"},\"thumbnailUrl\":\"https:\/\/cleitonpinheiro.com.br\/site\/wp-content\/uploads\/2023\/07\/124f0d75-4665-4a87-a7b2-f5fe96299c08-1.jpg\",\"datePublished\":\"2023-08-25T18:17:10+00:00\",\"dateModified\":\"2023-08-25T18:19:54+00:00\",\"breadcrumb\":{\"@id\":\"https:\/\/cleitonpinheiro.com.br\/site\/saiba-quem-tem-direito-ao-passe-livre-no-transporte-coletivo-urbano-da-capital\/#breadcrumb\"},\"inLanguage\":\"pt-BR\",\"potentialAction\":[{\"@type\":\"ReadAction\",\"target\":[\"https:\/\/cleitonpinheiro.com.br\/site\/saiba-quem-tem-direito-ao-passe-livre-no-transporte-coletivo-urbano-da-capital\/\"]}]},{\"@type\":\"ImageObject\",\"inLanguage\":\"pt-BR\",\"@id\":\"https:\/\/cleitonpinheiro.com.br\/site\/saiba-quem-tem-direito-ao-passe-livre-no-transporte-coletivo-urbano-da-capital\/#primaryimage\",\"url\":\"\",\"contentUrl\":\"\"},{\"@type\":\"BreadcrumbList\",\"@id\":\"https:\/\/cleitonpinheiro.com.br\/site\/saiba-quem-tem-direito-ao-passe-livre-no-transporte-coletivo-urbano-da-capital\/#breadcrumb\",\"itemListElement\":[{\"@type\":\"ListItem\",\"position\":1,\"name\":\"In\u00edcio\",\"item\":\"https:\/\/cleitonpinheiro.com.br\/site\/\"},{\"@type\":\"ListItem\",\"position\":2,\"name\":\"Saiba quem tem direito ao passe livre no transporte coletivo urbano da Capital\"}]},{\"@type\":\"WebSite\",\"@id\":\"https:\/\/cleitonpinheiro.com.br\/site\/#website\",\"url\":\"https:\/\/cleitonpinheiro.com.br\/site\/\",\"name\":\"PORTAL DE NOT\u00cdCIAS CLEITON PINHEIRO\",\"description\":\"FALANDO A VERDADE\",\"publisher\":{\"@id\":\"https:\/\/cleitonpinheiro.com.br\/site\/#organization\"},\"potentialAction\":[{\"@type\":\"SearchAction\",\"target\":{\"@type\":\"EntryPoint\",\"urlTemplate\":\"https:\/\/cleitonpinheiro.com.br\/site\/?s={search_term_string}\"},\"query-input\":{\"@type\":\"PropertyValueSpecification\",\"valueRequired\":true,\"valueName\":\"search_term_string\"}}],\"inLanguage\":\"pt-BR\"},{\"@type\":\"Organization\",\"@id\":\"https:\/\/cleitonpinheiro.com.br\/site\/#organization\",\"name\":\"CPNOT\u00cdCIAS\",\"url\":\"https:\/\/cleitonpinheiro.com.br\/site\/\",\"logo\":{\"@type\":\"ImageObject\",\"inLanguage\":\"pt-BR\",\"@id\":\"https:\/\/cleitonpinheiro.com.br\/site\/#\/schema\/logo\/image\/\",\"url\":\"https:\/\/cleitonpinheiro.com.br\/site\/wp-content\/uploads\/2022\/08\/Logo-pequena-2.png\",\"contentUrl\":\"https:\/\/cleitonpinheiro.com.br\/site\/wp-content\/uploads\/2022\/08\/Logo-pequena-2.png\",\"width\":500,\"height\":500,\"caption\":\"CPNOT\u00cdCIAS\"},\"image\":{\"@id\":\"https:\/\/cleitonpinheiro.com.br\/site\/#\/schema\/logo\/image\/\"},\"sameAs\":[\"https:\/\/www.facebook.com\/portalcpnoticias\/\"]},{\"@type\":\"Person\",\"@id\":\"https:\/\/cleitonpinheiro.com.br\/site\/#\/schema\/person\/8f04544e0bc40a1b68775b08360f87db\",\"name\":\"Reda\u00e7\u00e3o CP\",\"image\":{\"@type\":\"ImageObject\",\"inLanguage\":\"pt-BR\",\"@id\":\"https:\/\/cleitonpinheiro.com.br\/site\/#\/schema\/person\/image\/\",\"url\":\"https:\/\/secure.gravatar.com\/avatar\/0bcf19cb29fdc8fc588c490c7ae1b3e174dac268586a63fbe1d1893a0f9020cd?s=96&r=g\",\"contentUrl\":\"https:\/\/secure.gravatar.com\/avatar\/0bcf19cb29fdc8fc588c490c7ae1b3e174dac268586a63fbe1d1893a0f9020cd?s=96&r=g\",\"caption\":\"Reda\u00e7\u00e3o CP\"},\"url\":\"https:\/\/cleitonpinheiro.com.br\/site\/author\/redacao\/\"}]}<\/script>\n<!-- \/ Yoast SEO plugin. -->","yoast_head_json":{"title":"Saiba quem tem direito ao passe livre no transporte coletivo urbano da Capital - PORTAL DE NOT\u00cdCIAS CLEITON PINHEIRO","robots":{"index":"index","follow":"follow","max-snippet":"max-snippet:-1","max-image-preview":"max-image-preview:large","max-video-preview":"max-video-preview:-1"},"canonical":"https:\/\/cleitonpinheiro.com.br\/site\/saiba-quem-tem-direito-ao-passe-livre-no-transporte-coletivo-urbano-da-capital\/","og_locale":"pt_BR","og_type":"article","og_title":"Saiba quem tem direito ao passe livre no transporte coletivo urbano da Capital - PORTAL DE NOT\u00cdCIAS CLEITON PINHEIRO","og_description":"Parte da popula\u00e7\u00e3o palmense\u00a0possui\u00a0direito ao passe livre no transporte coletivo urbano na Capital. O benef\u00edcio, regulamentado por lei, assegura a isen\u00e7\u00e3o de tarifas para determinados grupos. Saiba quem s\u00e3o os benefici\u00e1rios\u00a0e como ela contribui para melhorar a acessibilidade e mobilidade em Palmas. Entre os que possuem direito ao aux\u00edlio est\u00e3o os idosos a partir dos [&hellip;]","og_url":"https:\/\/cleitonpinheiro.com.br\/site\/saiba-quem-tem-direito-ao-passe-livre-no-transporte-coletivo-urbano-da-capital\/","og_site_name":"PORTAL DE NOT\u00cdCIAS CLEITON PINHEIRO","article_publisher":"https:\/\/www.facebook.com\/portalcpnoticias\/","article_published_time":"2023-08-25T18:17:10+00:00","article_modified_time":"2023-08-25T18:19:54+00:00","og_image":[{"width":800,"height":533,"url":"https:\/\/cleitonpinheiro.com.br\/site\/wp-content\/uploads\/2023\/08\/343d08c6-2313-44aa-b6df-d0cf35f9e7af.jpg","type":"image\/jpeg"}],"author":"Reda\u00e7\u00e3o CP","twitter_card":"summary_large_image","twitter_misc":{"Escrito por":"Reda\u00e7\u00e3o CP","Est. tempo de leitura":"4 minutos"},"schema":{"@context":"https:\/\/schema.org","@graph":[{"@type":"Article","@id":"https:\/\/cleitonpinheiro.com.br\/site\/saiba-quem-tem-direito-ao-passe-livre-no-transporte-coletivo-urbano-da-capital\/#article","isPartOf":{"@id":"https:\/\/cleitonpinheiro.com.br\/site\/saiba-quem-tem-direito-ao-passe-livre-no-transporte-coletivo-urbano-da-capital\/"},"author":{"name":"Reda\u00e7\u00e3o CP","@id":"https:\/\/cleitonpinheiro.com.br\/site\/#\/schema\/person\/8f04544e0bc40a1b68775b08360f87db"},"headline":"Saiba quem tem direito ao passe livre no transporte coletivo urbano da Capital","datePublished":"2023-08-25T18:17:10+00:00","dateModified":"2023-08-25T18:19:54+00:00","mainEntityOfPage":{"@id":"https:\/\/cleitonpinheiro.com.br\/site\/saiba-quem-tem-direito-ao-passe-livre-no-transporte-coletivo-urbano-da-capital\/"},"wordCount":730,"commentCount":0,"publisher":{"@id":"https:\/\/cleitonpinheiro.com.br\/site\/#organization"},"image":{"@id":"https:\/\/cleitonpinheiro.com.br\/site\/saiba-quem-tem-direito-ao-passe-livre-no-transporte-coletivo-urbano-da-capital\/#primaryimage"},"thumbnailUrl":"https:\/\/cleitonpinheiro.com.br\/site\/wp-content\/uploads\/2023\/07\/124f0d75-4665-4a87-a7b2-f5fe96299c08-1.jpg","keywords":["Prefeitura de Palmas"],"articleSection":["CIDADES","MANCHETE SEGUND\u00c1RIA"],"inLanguage":"pt-BR","potentialAction":[{"@type":"CommentAction","name":"Comment","target":["https:\/\/cleitonpinheiro.com.br\/site\/saiba-quem-tem-direito-ao-passe-livre-no-transporte-coletivo-urbano-da-capital\/#respond"]}]},{"@type":"WebPage","@id":"https:\/\/cleitonpinheiro.com.br\/site\/saiba-quem-tem-direito-ao-passe-livre-no-transporte-coletivo-urbano-da-capital\/","url":"https:\/\/cleitonpinheiro.com.br\/site\/saiba-quem-tem-direito-ao-passe-livre-no-transporte-coletivo-urbano-da-capital\/","name":"Saiba quem tem direito ao passe livre no transporte coletivo urbano da Capital - PORTAL DE NOT\u00cdCIAS CLEITON PINHEIRO","isPartOf":{"@id":"https:\/\/cleitonpinheiro.com.br\/site\/#website"},"primaryImageOfPage":{"@id":"https:\/\/cleitonpinheiro.com.br\/site\/saiba-quem-tem-direito-ao-passe-livre-no-transporte-coletivo-urbano-da-capital\/#primaryimage"},"image":{"@id":"https:\/\/cleitonpinheiro.com.br\/site\/saiba-quem-tem-direito-ao-passe-livre-no-transporte-coletivo-urbano-da-capital\/#primaryimage"},"thumbnailUrl":"https:\/\/cleitonpinheiro.com.br\/site\/wp-content\/uploads\/2023\/07\/124f0d75-4665-4a87-a7b2-f5fe96299c08-1.jpg","datePublished":"2023-08-25T18:17:10+00:00","dateModified":"2023-08-25T18:19:54+00:00","breadcrumb":{"@id":"https:\/\/cleitonpinheiro.com.br\/site\/saiba-quem-tem-direito-ao-passe-livre-no-transporte-coletivo-urbano-da-capital\/#breadcrumb"},"inLanguage":"pt-BR","potentialAction":[{"@type":"ReadAction","target":["https:\/\/cleitonpinheiro.com.br\/site\/saiba-quem-tem-direito-ao-passe-livre-no-transporte-coletivo-urbano-da-capital\/"]}]},{"@type":"ImageObject","inLanguage":"pt-BR","@id":"https:\/\/cleitonpinheiro.com.br\/site\/saiba-quem-tem-direito-ao-passe-livre-no-transporte-coletivo-urbano-da-capital\/#primaryimage","url":"","contentUrl":""},{"@type":"BreadcrumbList","@id":"https:\/\/cleitonpinheiro.com.br\/site\/saiba-quem-tem-direito-ao-passe-livre-no-transporte-coletivo-urbano-da-capital\/#breadcrumb","itemListElement":[{"@type":"ListItem","position":1,"name":"In\u00edcio","item":"https:\/\/cleitonpinheiro.com.br\/site\/"},{"@type":"ListItem","position":2,"name":"Saiba quem tem direito ao passe livre no transporte coletivo urbano da Capital"}]},{"@type":"WebSite","@id":"https:\/\/cleitonpinheiro.com.br\/site\/#website","url":"https:\/\/cleitonpinheiro.com.br\/site\/","name":"PORTAL DE NOT\u00cdCIAS CLEITON PINHEIRO","description":"FALANDO A VERDADE","publisher":{"@id":"https:\/\/cleitonpinheiro.com.br\/site\/#organization"},"potentialAction":[{"@type":"SearchAction","target":{"@type":"EntryPoint","urlTemplate":"https:\/\/cleitonpinheiro.com.br\/site\/?s={search_term_string}"},"query-input":{"@type":"PropertyValueSpecification","valueRequired":true,"valueName":"search_term_string"}}],"inLanguage":"pt-BR"},{"@type":"Organization","@id":"https:\/\/cleitonpinheiro.com.br\/site\/#organization","name":"CPNOT\u00cdCIAS","url":"https:\/\/cleitonpinheiro.com.br\/site\/","logo":{"@type":"ImageObject","inLanguage":"pt-BR","@id":"https:\/\/cleitonpinheiro.com.br\/site\/#\/schema\/logo\/image\/","url":"https:\/\/cleitonpinheiro.com.br\/site\/wp-content\/uploads\/2022\/08\/Logo-pequena-2.png","contentUrl":"https:\/\/cleitonpinheiro.com.br\/site\/wp-content\/uploads\/2022\/08\/Logo-pequena-2.png","width":500,"height":500,"caption":"CPNOT\u00cdCIAS"},"image":{"@id":"https:\/\/cleitonpinheiro.com.br\/site\/#\/schema\/logo\/image\/"},"sameAs":["https:\/\/www.facebook.com\/portalcpnoticias\/"]},{"@type":"Person","@id":"https:\/\/cleitonpinheiro.com.br\/site\/#\/schema\/person\/8f04544e0bc40a1b68775b08360f87db","name":"Reda\u00e7\u00e3o CP","image":{"@type":"ImageObject","inLanguage":"pt-BR","@id":"https:\/\/cleitonpinheiro.com.br\/site\/#\/schema\/person\/image\/","url":"https:\/\/secure.gravatar.com\/avatar\/0bcf19cb29fdc8fc588c490c7ae1b3e174dac268586a63fbe1d1893a0f9020cd?s=96&r=g","contentUrl":"https:\/\/secure.gravatar.com\/avatar\/0bcf19cb29fdc8fc588c490c7ae1b3e174dac268586a63fbe1d1893a0f9020cd?s=96&r=g","caption":"Reda\u00e7\u00e3o CP"},"url":"https:\/\/cleitonpinheiro.com.br\/site\/author\/redacao\/"}]}},"views":156,"_links":{"self":[{"href":"https:\/\/cleitonpinheiro.com.br\/site\/wp-json\/wp\/v2\/posts\/73738","targetHints":{"allow":["GET"]}}],"collection":[{"href":"https:\/\/cleitonpinheiro.com.br\/site\/wp-json\/wp\/v2\/posts"}],"about":[{"href":"https:\/\/cleitonpinheiro.com.br\/site\/wp-json\/wp\/v2\/types\/post"}],"author":[{"embeddable":true,"href":"https:\/\/cleitonpinheiro.com.br\/site\/wp-json\/wp\/v2\/users\/13"}],"replies":[{"embeddable":true,"href":"https:\/\/cleitonpinheiro.com.br\/site\/wp-json\/wp\/v2\/comments?post=73738"}],"version-history":[{"count":2,"href":"https:\/\/cleitonpinheiro.com.br\/site\/wp-json\/wp\/v2\/posts\/73738\/revisions"}],"predecessor-version":[{"id":73741,"href":"https:\/\/cleitonpinheiro.com.br\/site\/wp-json\/wp\/v2\/posts\/73738\/revisions\/73741"}],"wp:attachment":[{"href":"https:\/\/cleitonpinheiro.com.br\/site\/wp-json\/wp\/v2\/media?parent=73738"}],"wp:term":[{"taxonomy":"category","embeddable":true,"href":"https:\/\/cleitonpinheiro.com.br\/site\/wp-json\/wp\/v2\/categories?post=73738"},{"taxonomy":"post_tag","embeddable":true,"href":"https:\/\/cleitonpinheiro.com.br\/site\/wp-json\/wp\/v2\/tags?post=73738"}],"curies":[{"name":"wp","href":"https:\/\/api.w.org\/{rel}","templated":true}]}}