{"id":73745,"date":"2023-08-25T15:32:33","date_gmt":"2023-08-25T18:32:33","guid":{"rendered":"https:\/\/cleitonpinheiro.com.br\/site\/?p=73745"},"modified":"2023-12-27T11:33:57","modified_gmt":"2023-12-27T14:33:57","slug":"palmas-sedia-6a-etapa-do-28o-campeonato-brasileiro-de-aguas-abertas","status":"publish","type":"post","link":"https:\/\/cleitonpinheiro.com.br\/site\/palmas-sedia-6a-etapa-do-28o-campeonato-brasileiro-de-aguas-abertas\/","title":{"rendered":"Palmas sedia 6\u00aa etapa do 28\u00ba Campeonato Brasileiro de \u00c1guas Abertas"},"content":{"rendered":"\n<figure class=\"wp-block-image size-full\"><img decoding=\"async\" src=\"https:\/\/cleitonpinheiro.com.br\/site\/wp-content\/uploads\/2023\/08\/d6eae95a99224153bf1e9a2370556f6a.jpg\" alt=\"\" class=\"wp-image-73746\"\/><figcaption class=\"wp-element-caption\">Provas de alto n\u00edvel ser\u00e3o realizadas no Lago de Palmas &#8211; Foto: Luciana Pires\/Prefeitura de Palmas<\/figcaption><\/figure>\n\n\n\n<p class=\"wp-block-paragraph\">Palmas recebe neste final de semana a 6\u00aa etapa do 28\u00ba Campeonato Brasileiro de \u00c1guas Abertas. A competi\u00e7\u00e3o, que re\u00fane mais 150 atletas de todas as regi\u00f5es do pa\u00eds, \u00e9 coordenada\u00a0 pela Confedera\u00e7\u00e3o Brasileira dos Desportos Aqu\u00e1ticos (CBDA) e conta com o apoio e incentivo da Federa\u00e7\u00e3o Aqu\u00e1tica do Tocantins (Faeto) e da Funda\u00e7\u00e3o Municipal do Esporte e Lazer (Fundesportes).<\/p>\n\n\n\n<p class=\"wp-block-paragraph\">As provas ter\u00e3o largada e chegada nas margens do Lago de Palmas, no Clube da Caixa Econ\u00f4mica Federal, localizado na ALC-SO &#8211; 55, conjunto 1, Lote 4, neste s\u00e1bado, 26, e domingo, 27. As disputas est\u00e3o previstas para iniciarem a partir das 7 horas.&nbsp;As provas do principal evento da modalidade no pa\u00eds contar\u00e3o com percurso de 250 m para as crian\u00e7as de 7 a 12 anos at\u00e9 a prova principal da modalidade, chegando aos 10 km.&nbsp;<\/p>\n\n\n\n<p class=\"wp-block-paragraph\">\u201c\u00c9 uma satisfa\u00e7\u00e3o enorme para n\u00f3s palmenses recebermos, em parceria com a Federa\u00e7\u00e3o Aqu\u00e1tica do Tocantins, o principal evento nacional da modalidade. Nossa expectativa \u00e9 que a competi\u00e7\u00e3o aconte\u00e7a da melhor forma poss\u00edvel, e que a modalidade possa inspirar outros esportistas e continuar crescendo na Capital\u2019\u2019, ressaltou o presidente da Fundesportes, Raimundo J\u00fanior.&nbsp;<\/p>\n\n\n\n<p class=\"wp-block-paragraph\">Durante os dois dias de evento esportivo ser\u00e3o oito provas disputadas. O campeonato ainda ter\u00e1 as provas de 5 e 10 km da 6\u00aa etapa do Campeonato Brasileiro Interclubes de \u00c1guas Abertas (CBI), al\u00e9m de tr\u00eas provas da 13\u00aa etapa da Copa do Brasil de \u00c1guas Abertas e outras tr\u00eas provas do 2\u00ba Trof\u00e9u Ana Marcela de \u00c1guas.<\/p>\n\n\n\n<p class=\"wp-block-paragraph\">&nbsp;A&nbsp;programa\u00e7\u00e3o completa do circuito pode ser conferida&nbsp;neste&nbsp;<a href=\"https:\/\/www.cbda.org.br\/aguas-abertas\" target=\"_blank\" rel=\"noreferrer noopener\">link<\/a>.<\/p>\n","protected":false},"excerpt":{"rendered":"<p>Palmas recebe neste final de semana a 6\u00aa etapa do 28\u00ba Campeonato Brasileiro de \u00c1guas Abertas. A competi\u00e7\u00e3o, que re\u00fane mais 150 atletas de todas as regi\u00f5es do pa\u00eds, \u00e9 coordenada\u00a0 pela Confedera\u00e7\u00e3o Brasileira dos Desportos Aqu\u00e1ticos (CBDA) e conta com o apoio e incentivo da Federa\u00e7\u00e3o Aqu\u00e1tica do Tocantins (Faeto) e da Funda\u00e7\u00e3o Municipal [&hellip;]<\/p>\n","protected":false},"author":13,"featured_media":0,"comment_status":"open","ping_status":"open","sticky":false,"template":"","format":"standard","meta":{"_acf_changed":false,"footnotes":""},"categories":[1,21],"tags":[],"class_list":["post-73745","post","type-post","status-publish","format-standard","hentry","category-esporte","category-todas-noticias"],"acf":[],"yoast_head":"<!-- This site is optimized with the Yoast SEO plugin v24.4 - https:\/\/yoast.com\/wordpress\/plugins\/seo\/ -->\n<title>Palmas sedia 6\u00aa etapa do 28\u00ba Campeonato Brasileiro de \u00c1guas Abertas - PORTAL DE NOT\u00cdCIAS CLEITON PINHEIRO<\/title>\n<meta name=\"robots\" content=\"index, follow, max-snippet:-1, max-image-preview:large, max-video-preview:-1\" \/>\n<link rel=\"canonical\" href=\"https:\/\/cleitonpinheiro.com.br\/site\/palmas-sedia-6a-etapa-do-28o-campeonato-brasileiro-de-aguas-abertas\/\" \/>\n<meta property=\"og:locale\" content=\"pt_BR\" \/>\n<meta property=\"og:type\" content=\"article\" \/>\n<meta property=\"og:title\" content=\"Palmas sedia 6\u00aa etapa do 28\u00ba Campeonato Brasileiro de \u00c1guas Abertas - PORTAL DE NOT\u00cdCIAS CLEITON PINHEIRO\" \/>\n<meta property=\"og:description\" content=\"Palmas recebe neste final de semana a 6\u00aa etapa do 28\u00ba Campeonato Brasileiro de \u00c1guas Abertas. A competi\u00e7\u00e3o, que re\u00fane mais 150 atletas de todas as regi\u00f5es do pa\u00eds, \u00e9 coordenada\u00a0 pela Confedera\u00e7\u00e3o Brasileira dos Desportos Aqu\u00e1ticos (CBDA) e conta com o apoio e incentivo da Federa\u00e7\u00e3o Aqu\u00e1tica do Tocantins (Faeto) e da Funda\u00e7\u00e3o Municipal [&hellip;]\" \/>\n<meta property=\"og:url\" content=\"https:\/\/cleitonpinheiro.com.br\/site\/palmas-sedia-6a-etapa-do-28o-campeonato-brasileiro-de-aguas-abertas\/\" \/>\n<meta property=\"og:site_name\" content=\"PORTAL DE NOT\u00cdCIAS CLEITON PINHEIRO\" \/>\n<meta property=\"article:publisher\" content=\"https:\/\/www.facebook.com\/portalcpnoticias\/\" \/>\n<meta property=\"article:published_time\" content=\"2023-08-25T18:32:33+00:00\" \/>\n<meta property=\"article:modified_time\" content=\"2023-12-27T14:33:57+00:00\" \/>\n<meta property=\"og:image\" content=\"https:\/\/cleitonpinheiro.com.br\/site\/wp-content\/uploads\/2023\/08\/d6eae95a99224153bf1e9a2370556f6a.jpg\" \/>\n\t<meta property=\"og:image:width\" content=\"800\" \/>\n\t<meta property=\"og:image:height\" content=\"529\" \/>\n\t<meta property=\"og:image:type\" content=\"image\/jpeg\" \/>\n<meta name=\"author\" content=\"Reda\u00e7\u00e3o CP\" \/>\n<meta name=\"twitter:card\" content=\"summary_large_image\" \/>\n<meta name=\"twitter:label1\" content=\"Escrito por\" \/>\n\t<meta name=\"twitter:data1\" content=\"Reda\u00e7\u00e3o CP\" \/>\n\t<meta name=\"twitter:label2\" content=\"Est. tempo de leitura\" \/>\n\t<meta name=\"twitter:data2\" content=\"2 minutos\" \/>\n<script type=\"application\/ld+json\" class=\"yoast-schema-graph\">{\"@context\":\"https:\/\/schema.org\",\"@graph\":[{\"@type\":\"Article\",\"@id\":\"https:\/\/cleitonpinheiro.com.br\/site\/palmas-sedia-6a-etapa-do-28o-campeonato-brasileiro-de-aguas-abertas\/#article\",\"isPartOf\":{\"@id\":\"https:\/\/cleitonpinheiro.com.br\/site\/palmas-sedia-6a-etapa-do-28o-campeonato-brasileiro-de-aguas-abertas\/\"},\"author\":{\"name\":\"Reda\u00e7\u00e3o CP\",\"@id\":\"https:\/\/cleitonpinheiro.com.br\/site\/#\/schema\/person\/8f04544e0bc40a1b68775b08360f87db\"},\"headline\":\"Palmas sedia 6\u00aa etapa do 28\u00ba Campeonato Brasileiro de \u00c1guas Abertas\",\"datePublished\":\"2023-08-25T18:32:33+00:00\",\"dateModified\":\"2023-12-27T14:33:57+00:00\",\"mainEntityOfPage\":{\"@id\":\"https:\/\/cleitonpinheiro.com.br\/site\/palmas-sedia-6a-etapa-do-28o-campeonato-brasileiro-de-aguas-abertas\/\"},\"wordCount\":302,\"commentCount\":0,\"publisher\":{\"@id\":\"https:\/\/cleitonpinheiro.com.br\/site\/#organization\"},\"image\":{\"@id\":\"https:\/\/cleitonpinheiro.com.br\/site\/palmas-sedia-6a-etapa-do-28o-campeonato-brasileiro-de-aguas-abertas\/#primaryimage\"},\"thumbnailUrl\":\"https:\/\/cleitonpinheiro.com.br\/site\/wp-content\/uploads\/2023\/08\/d6eae95a99224153bf1e9a2370556f6a.jpg\",\"articleSection\":[\"ESPORTE\",\"TODAS NOTICIAS\"],\"inLanguage\":\"pt-BR\",\"potentialAction\":[{\"@type\":\"CommentAction\",\"name\":\"Comment\",\"target\":[\"https:\/\/cleitonpinheiro.com.br\/site\/palmas-sedia-6a-etapa-do-28o-campeonato-brasileiro-de-aguas-abertas\/#respond\"]}]},{\"@type\":\"WebPage\",\"@id\":\"https:\/\/cleitonpinheiro.com.br\/site\/palmas-sedia-6a-etapa-do-28o-campeonato-brasileiro-de-aguas-abertas\/\",\"url\":\"https:\/\/cleitonpinheiro.com.br\/site\/palmas-sedia-6a-etapa-do-28o-campeonato-brasileiro-de-aguas-abertas\/\",\"name\":\"Palmas sedia 6\u00aa etapa do 28\u00ba Campeonato Brasileiro de \u00c1guas Abertas - PORTAL DE NOT\u00cdCIAS CLEITON PINHEIRO\",\"isPartOf\":{\"@id\":\"https:\/\/cleitonpinheiro.com.br\/site\/#website\"},\"primaryImageOfPage\":{\"@id\":\"https:\/\/cleitonpinheiro.com.br\/site\/palmas-sedia-6a-etapa-do-28o-campeonato-brasileiro-de-aguas-abertas\/#primaryimage\"},\"image\":{\"@id\":\"https:\/\/cleitonpinheiro.com.br\/site\/palmas-sedia-6a-etapa-do-28o-campeonato-brasileiro-de-aguas-abertas\/#primaryimage\"},\"thumbnailUrl\":\"https:\/\/cleitonpinheiro.com.br\/site\/wp-content\/uploads\/2023\/08\/d6eae95a99224153bf1e9a2370556f6a.jpg\",\"datePublished\":\"2023-08-25T18:32:33+00:00\",\"dateModified\":\"2023-12-27T14:33:57+00:00\",\"breadcrumb\":{\"@id\":\"https:\/\/cleitonpinheiro.com.br\/site\/palmas-sedia-6a-etapa-do-28o-campeonato-brasileiro-de-aguas-abertas\/#breadcrumb\"},\"inLanguage\":\"pt-BR\",\"potentialAction\":[{\"@type\":\"ReadAction\",\"target\":[\"https:\/\/cleitonpinheiro.com.br\/site\/palmas-sedia-6a-etapa-do-28o-campeonato-brasileiro-de-aguas-abertas\/\"]}]},{\"@type\":\"ImageObject\",\"inLanguage\":\"pt-BR\",\"@id\":\"https:\/\/cleitonpinheiro.com.br\/site\/palmas-sedia-6a-etapa-do-28o-campeonato-brasileiro-de-aguas-abertas\/#primaryimage\",\"url\":\"\",\"contentUrl\":\"\"},{\"@type\":\"BreadcrumbList\",\"@id\":\"https:\/\/cleitonpinheiro.com.br\/site\/palmas-sedia-6a-etapa-do-28o-campeonato-brasileiro-de-aguas-abertas\/#breadcrumb\",\"itemListElement\":[{\"@type\":\"ListItem\",\"position\":1,\"name\":\"In\u00edcio\",\"item\":\"https:\/\/cleitonpinheiro.com.br\/site\/\"},{\"@type\":\"ListItem\",\"position\":2,\"name\":\"Palmas sedia 6\u00aa etapa do 28\u00ba Campeonato Brasileiro de \u00c1guas Abertas\"}]},{\"@type\":\"WebSite\",\"@id\":\"https:\/\/cleitonpinheiro.com.br\/site\/#website\",\"url\":\"https:\/\/cleitonpinheiro.com.br\/site\/\",\"name\":\"PORTAL DE NOT\u00cdCIAS CLEITON PINHEIRO\",\"description\":\"FALANDO A VERDADE\",\"publisher\":{\"@id\":\"https:\/\/cleitonpinheiro.com.br\/site\/#organization\"},\"potentialAction\":[{\"@type\":\"SearchAction\",\"target\":{\"@type\":\"EntryPoint\",\"urlTemplate\":\"https:\/\/cleitonpinheiro.com.br\/site\/?s={search_term_string}\"},\"query-input\":{\"@type\":\"PropertyValueSpecification\",\"valueRequired\":true,\"valueName\":\"search_term_string\"}}],\"inLanguage\":\"pt-BR\"},{\"@type\":\"Organization\",\"@id\":\"https:\/\/cleitonpinheiro.com.br\/site\/#organization\",\"name\":\"CPNOT\u00cdCIAS\",\"url\":\"https:\/\/cleitonpinheiro.com.br\/site\/\",\"logo\":{\"@type\":\"ImageObject\",\"inLanguage\":\"pt-BR\",\"@id\":\"https:\/\/cleitonpinheiro.com.br\/site\/#\/schema\/logo\/image\/\",\"url\":\"https:\/\/cleitonpinheiro.com.br\/site\/wp-content\/uploads\/2022\/08\/Logo-pequena-2.png\",\"contentUrl\":\"https:\/\/cleitonpinheiro.com.br\/site\/wp-content\/uploads\/2022\/08\/Logo-pequena-2.png\",\"width\":500,\"height\":500,\"caption\":\"CPNOT\u00cdCIAS\"},\"image\":{\"@id\":\"https:\/\/cleitonpinheiro.com.br\/site\/#\/schema\/logo\/image\/\"},\"sameAs\":[\"https:\/\/www.facebook.com\/portalcpnoticias\/\"]},{\"@type\":\"Person\",\"@id\":\"https:\/\/cleitonpinheiro.com.br\/site\/#\/schema\/person\/8f04544e0bc40a1b68775b08360f87db\",\"name\":\"Reda\u00e7\u00e3o CP\",\"image\":{\"@type\":\"ImageObject\",\"inLanguage\":\"pt-BR\",\"@id\":\"https:\/\/cleitonpinheiro.com.br\/site\/#\/schema\/person\/image\/\",\"url\":\"https:\/\/secure.gravatar.com\/avatar\/0bcf19cb29fdc8fc588c490c7ae1b3e174dac268586a63fbe1d1893a0f9020cd?s=96&r=g\",\"contentUrl\":\"https:\/\/secure.gravatar.com\/avatar\/0bcf19cb29fdc8fc588c490c7ae1b3e174dac268586a63fbe1d1893a0f9020cd?s=96&r=g\",\"caption\":\"Reda\u00e7\u00e3o CP\"},\"url\":\"https:\/\/cleitonpinheiro.com.br\/site\/author\/redacao\/\"}]}<\/script>\n<!-- \/ Yoast SEO plugin. -->","yoast_head_json":{"title":"Palmas sedia 6\u00aa etapa do 28\u00ba Campeonato Brasileiro de \u00c1guas Abertas - PORTAL DE NOT\u00cdCIAS CLEITON PINHEIRO","robots":{"index":"index","follow":"follow","max-snippet":"max-snippet:-1","max-image-preview":"max-image-preview:large","max-video-preview":"max-video-preview:-1"},"canonical":"https:\/\/cleitonpinheiro.com.br\/site\/palmas-sedia-6a-etapa-do-28o-campeonato-brasileiro-de-aguas-abertas\/","og_locale":"pt_BR","og_type":"article","og_title":"Palmas sedia 6\u00aa etapa do 28\u00ba Campeonato Brasileiro de \u00c1guas Abertas - PORTAL DE NOT\u00cdCIAS CLEITON PINHEIRO","og_description":"Palmas recebe neste final de semana a 6\u00aa etapa do 28\u00ba Campeonato Brasileiro de \u00c1guas Abertas. A competi\u00e7\u00e3o, que re\u00fane mais 150 atletas de todas as regi\u00f5es do pa\u00eds, \u00e9 coordenada\u00a0 pela Confedera\u00e7\u00e3o Brasileira dos Desportos Aqu\u00e1ticos (CBDA) e conta com o apoio e incentivo da Federa\u00e7\u00e3o Aqu\u00e1tica do Tocantins (Faeto) e da Funda\u00e7\u00e3o Municipal [&hellip;]","og_url":"https:\/\/cleitonpinheiro.com.br\/site\/palmas-sedia-6a-etapa-do-28o-campeonato-brasileiro-de-aguas-abertas\/","og_site_name":"PORTAL DE NOT\u00cdCIAS CLEITON PINHEIRO","article_publisher":"https:\/\/www.facebook.com\/portalcpnoticias\/","article_published_time":"2023-08-25T18:32:33+00:00","article_modified_time":"2023-12-27T14:33:57+00:00","og_image":[{"width":800,"height":529,"url":"https:\/\/cleitonpinheiro.com.br\/site\/wp-content\/uploads\/2023\/08\/d6eae95a99224153bf1e9a2370556f6a.jpg","type":"image\/jpeg"}],"author":"Reda\u00e7\u00e3o CP","twitter_card":"summary_large_image","twitter_misc":{"Escrito por":"Reda\u00e7\u00e3o CP","Est. tempo de leitura":"2 minutos"},"schema":{"@context":"https:\/\/schema.org","@graph":[{"@type":"Article","@id":"https:\/\/cleitonpinheiro.com.br\/site\/palmas-sedia-6a-etapa-do-28o-campeonato-brasileiro-de-aguas-abertas\/#article","isPartOf":{"@id":"https:\/\/cleitonpinheiro.com.br\/site\/palmas-sedia-6a-etapa-do-28o-campeonato-brasileiro-de-aguas-abertas\/"},"author":{"name":"Reda\u00e7\u00e3o CP","@id":"https:\/\/cleitonpinheiro.com.br\/site\/#\/schema\/person\/8f04544e0bc40a1b68775b08360f87db"},"headline":"Palmas sedia 6\u00aa etapa do 28\u00ba Campeonato Brasileiro de \u00c1guas Abertas","datePublished":"2023-08-25T18:32:33+00:00","dateModified":"2023-12-27T14:33:57+00:00","mainEntityOfPage":{"@id":"https:\/\/cleitonpinheiro.com.br\/site\/palmas-sedia-6a-etapa-do-28o-campeonato-brasileiro-de-aguas-abertas\/"},"wordCount":302,"commentCount":0,"publisher":{"@id":"https:\/\/cleitonpinheiro.com.br\/site\/#organization"},"image":{"@id":"https:\/\/cleitonpinheiro.com.br\/site\/palmas-sedia-6a-etapa-do-28o-campeonato-brasileiro-de-aguas-abertas\/#primaryimage"},"thumbnailUrl":"https:\/\/cleitonpinheiro.com.br\/site\/wp-content\/uploads\/2023\/08\/d6eae95a99224153bf1e9a2370556f6a.jpg","articleSection":["ESPORTE","TODAS NOTICIAS"],"inLanguage":"pt-BR","potentialAction":[{"@type":"CommentAction","name":"Comment","target":["https:\/\/cleitonpinheiro.com.br\/site\/palmas-sedia-6a-etapa-do-28o-campeonato-brasileiro-de-aguas-abertas\/#respond"]}]},{"@type":"WebPage","@id":"https:\/\/cleitonpinheiro.com.br\/site\/palmas-sedia-6a-etapa-do-28o-campeonato-brasileiro-de-aguas-abertas\/","url":"https:\/\/cleitonpinheiro.com.br\/site\/palmas-sedia-6a-etapa-do-28o-campeonato-brasileiro-de-aguas-abertas\/","name":"Palmas sedia 6\u00aa etapa do 28\u00ba Campeonato Brasileiro de \u00c1guas Abertas - PORTAL DE NOT\u00cdCIAS CLEITON PINHEIRO","isPartOf":{"@id":"https:\/\/cleitonpinheiro.com.br\/site\/#website"},"primaryImageOfPage":{"@id":"https:\/\/cleitonpinheiro.com.br\/site\/palmas-sedia-6a-etapa-do-28o-campeonato-brasileiro-de-aguas-abertas\/#primaryimage"},"image":{"@id":"https:\/\/cleitonpinheiro.com.br\/site\/palmas-sedia-6a-etapa-do-28o-campeonato-brasileiro-de-aguas-abertas\/#primaryimage"},"thumbnailUrl":"https:\/\/cleitonpinheiro.com.br\/site\/wp-content\/uploads\/2023\/08\/d6eae95a99224153bf1e9a2370556f6a.jpg","datePublished":"2023-08-25T18:32:33+00:00","dateModified":"2023-12-27T14:33:57+00:00","breadcrumb":{"@id":"https:\/\/cleitonpinheiro.com.br\/site\/palmas-sedia-6a-etapa-do-28o-campeonato-brasileiro-de-aguas-abertas\/#breadcrumb"},"inLanguage":"pt-BR","potentialAction":[{"@type":"ReadAction","target":["https:\/\/cleitonpinheiro.com.br\/site\/palmas-sedia-6a-etapa-do-28o-campeonato-brasileiro-de-aguas-abertas\/"]}]},{"@type":"ImageObject","inLanguage":"pt-BR","@id":"https:\/\/cleitonpinheiro.com.br\/site\/palmas-sedia-6a-etapa-do-28o-campeonato-brasileiro-de-aguas-abertas\/#primaryimage","url":"","contentUrl":""},{"@type":"BreadcrumbList","@id":"https:\/\/cleitonpinheiro.com.br\/site\/palmas-sedia-6a-etapa-do-28o-campeonato-brasileiro-de-aguas-abertas\/#breadcrumb","itemListElement":[{"@type":"ListItem","position":1,"name":"In\u00edcio","item":"https:\/\/cleitonpinheiro.com.br\/site\/"},{"@type":"ListItem","position":2,"name":"Palmas sedia 6\u00aa etapa do 28\u00ba Campeonato Brasileiro de \u00c1guas Abertas"}]},{"@type":"WebSite","@id":"https:\/\/cleitonpinheiro.com.br\/site\/#website","url":"https:\/\/cleitonpinheiro.com.br\/site\/","name":"PORTAL DE NOT\u00cdCIAS CLEITON PINHEIRO","description":"FALANDO A VERDADE","publisher":{"@id":"https:\/\/cleitonpinheiro.com.br\/site\/#organization"},"potentialAction":[{"@type":"SearchAction","target":{"@type":"EntryPoint","urlTemplate":"https:\/\/cleitonpinheiro.com.br\/site\/?s={search_term_string}"},"query-input":{"@type":"PropertyValueSpecification","valueRequired":true,"valueName":"search_term_string"}}],"inLanguage":"pt-BR"},{"@type":"Organization","@id":"https:\/\/cleitonpinheiro.com.br\/site\/#organization","name":"CPNOT\u00cdCIAS","url":"https:\/\/cleitonpinheiro.com.br\/site\/","logo":{"@type":"ImageObject","inLanguage":"pt-BR","@id":"https:\/\/cleitonpinheiro.com.br\/site\/#\/schema\/logo\/image\/","url":"https:\/\/cleitonpinheiro.com.br\/site\/wp-content\/uploads\/2022\/08\/Logo-pequena-2.png","contentUrl":"https:\/\/cleitonpinheiro.com.br\/site\/wp-content\/uploads\/2022\/08\/Logo-pequena-2.png","width":500,"height":500,"caption":"CPNOT\u00cdCIAS"},"image":{"@id":"https:\/\/cleitonpinheiro.com.br\/site\/#\/schema\/logo\/image\/"},"sameAs":["https:\/\/www.facebook.com\/portalcpnoticias\/"]},{"@type":"Person","@id":"https:\/\/cleitonpinheiro.com.br\/site\/#\/schema\/person\/8f04544e0bc40a1b68775b08360f87db","name":"Reda\u00e7\u00e3o CP","image":{"@type":"ImageObject","inLanguage":"pt-BR","@id":"https:\/\/cleitonpinheiro.com.br\/site\/#\/schema\/person\/image\/","url":"https:\/\/secure.gravatar.com\/avatar\/0bcf19cb29fdc8fc588c490c7ae1b3e174dac268586a63fbe1d1893a0f9020cd?s=96&r=g","contentUrl":"https:\/\/secure.gravatar.com\/avatar\/0bcf19cb29fdc8fc588c490c7ae1b3e174dac268586a63fbe1d1893a0f9020cd?s=96&r=g","caption":"Reda\u00e7\u00e3o CP"},"url":"https:\/\/cleitonpinheiro.com.br\/site\/author\/redacao\/"}]}},"views":166,"_links":{"self":[{"href":"https:\/\/cleitonpinheiro.com.br\/site\/wp-json\/wp\/v2\/posts\/73745","targetHints":{"allow":["GET"]}}],"collection":[{"href":"https:\/\/cleitonpinheiro.com.br\/site\/wp-json\/wp\/v2\/posts"}],"about":[{"href":"https:\/\/cleitonpinheiro.com.br\/site\/wp-json\/wp\/v2\/types\/post"}],"author":[{"embeddable":true,"href":"https:\/\/cleitonpinheiro.com.br\/site\/wp-json\/wp\/v2\/users\/13"}],"replies":[{"embeddable":true,"href":"https:\/\/cleitonpinheiro.com.br\/site\/wp-json\/wp\/v2\/comments?post=73745"}],"version-history":[{"count":1,"href":"https:\/\/cleitonpinheiro.com.br\/site\/wp-json\/wp\/v2\/posts\/73745\/revisions"}],"predecessor-version":[{"id":73747,"href":"https:\/\/cleitonpinheiro.com.br\/site\/wp-json\/wp\/v2\/posts\/73745\/revisions\/73747"}],"wp:attachment":[{"href":"https:\/\/cleitonpinheiro.com.br\/site\/wp-json\/wp\/v2\/media?parent=73745"}],"wp:term":[{"taxonomy":"category","embeddable":true,"href":"https:\/\/cleitonpinheiro.com.br\/site\/wp-json\/wp\/v2\/categories?post=73745"},{"taxonomy":"post_tag","embeddable":true,"href":"https:\/\/cleitonpinheiro.com.br\/site\/wp-json\/wp\/v2\/tags?post=73745"}],"curies":[{"name":"wp","href":"https:\/\/api.w.org\/{rel}","templated":true}]}}