{"id":73764,"date":"2023-08-26T19:54:11","date_gmt":"2023-08-26T22:54:11","guid":{"rendered":"https:\/\/cleitonpinheiro.com.br\/site\/?p=73764"},"modified":"2023-08-26T19:54:14","modified_gmt":"2023-08-26T22:54:14","slug":"stj-marca-retomada-de-julgamento-sobre-incendio-na-boate-kiss","status":"publish","type":"post","link":"https:\/\/cleitonpinheiro.com.br\/site\/stj-marca-retomada-de-julgamento-sobre-incendio-na-boate-kiss\/","title":{"rendered":"STJ marca retomada de julgamento sobre inc\u00eandio na Boate Kiss"},"content":{"rendered":"\n<figure class=\"wp-block-image size-full\"><img decoding=\"async\" src=\"https:\/\/cleitonpinheiro.com.br\/site\/wp-content\/uploads\/2023\/08\/dsc7747.jpg\" alt=\"\" class=\"wp-image-73765\"\/><figcaption class=\"wp-element-caption\">Julgamento foi suspenso por um pedido de vista &#8211; Foto: Tomaz Silva\/Ag\u00eancia Brasil<\/figcaption><\/figure>\n\n\n\n<p class=\"wp-block-paragraph\"><strong>Da Ag\u00eancia Brasil<\/strong><\/p>\n\n\n\n<p class=\"wp-block-paragraph\">O Superior Tribunal de Justi\u00e7a (STJ) marcou para 5 de setembro a retomada do julgamento sobre o inc\u00eandio na Boate Kiss, ocorrido em 2013, em Santa Maria (RS), e que deixou 242 mortos e mais de 600 feridos.<img decoding=\"async\" src=\"https:\/\/agenciabrasil.ebc.com.br\/ebc.png?id=1551280&amp;o=node\"><img decoding=\"async\" src=\"https:\/\/agenciabrasil.ebc.com.br\/ebc.gif?id=1551280&amp;o=node\"><\/p>\n\n\n\n<p class=\"wp-block-paragraph\">O caso come\u00e7ou a ser julgado em junho, mas foi interrompido ap\u00f3s o ministro Rog\u00e9rio Schietti votar pela pris\u00e3o imediata de quatro condenados. O&nbsp;<a href=\"https:\/\/agenciabrasil.ebc.com.br\/justica\/noticia\/2023-06\/boate-kiss-relator-vota-por-prisao-de-acusados-julgamento-e-suspenso\" target=\"_blank\" rel=\"noreferrer noopener\">julgamento foi suspenso por um pedido de vista<\/a>&nbsp;(mais tempo para analisar o caso) feito pelo ministro Antonio Saldanha.<\/p>\n\n\n\n<p class=\"wp-block-paragraph\">A Sexta Turma do STJ analisa recurso do Minist\u00e9rio P\u00fablico do Rio do Grande do Sul (MPRS) contra a decis\u00e3o que anulou o resultado do j\u00fari e determinou a soltura dos acusados.<\/p>\n\n\n\n<p class=\"wp-block-paragraph\">Em agosto do ano passado, a 1\u00aa C\u00e2mara Criminal do Tribunal de Justi\u00e7a do Rio Grande do Sul (TJRS) aceitou recurso protocolado pela defesa dos acusados e reconheceu nulidades processuais ocorridas durante sess\u00e3o do Tribunal do J\u00fari de Porto Alegre, realizada em dezembro de 2021.<\/p>\n\n\n\n<p class=\"wp-block-paragraph\">O j\u00fari condenou os ex-s\u00f3cios da boate Elissandro Callegaro Spohr (22 anos e seis meses de pris\u00e3o) e Mauro Londero Hoffmann (19 anos e seis meses), al\u00e9m do vocalista da banda Gurizada Fandangueira, Marcelo de Jesus dos Santos, e o produtor musical Luciano Bonilha. Ambos foram apenados com 18 anos de pris\u00e3o.<\/p>\n\n\n\n<p class=\"wp-block-paragraph\">No STJ, as defesas dos quatro acusados reafirmam que o j\u00fari foi repleto de nulidades e defenderam a manuten\u00e7\u00e3o da decis\u00e3o que anulou as condena\u00e7\u00f5es.<\/p>\n\n\n\n<p class=\"wp-block-paragraph\">Entre as ilegalidades apontadas pelos advogados est\u00e3o a realiza\u00e7\u00e3o de uma reuni\u00e3o reservada entre o juiz e o conselho de senten\u00e7a, sem a presen\u00e7a do Minist\u00e9rio P\u00fablico e das defesas,&nbsp;e o sorteio de jurados fora do prazo legal.<\/p>\n","protected":false},"excerpt":{"rendered":"<p>Da Ag\u00eancia Brasil O Superior Tribunal de Justi\u00e7a (STJ) marcou para 5 de setembro a retomada do julgamento sobre o inc\u00eandio na Boate Kiss, ocorrido em 2013, em Santa Maria (RS), e que deixou 242 mortos e mais de 600 feridos. O caso come\u00e7ou a ser julgado em junho, mas foi interrompido ap\u00f3s o ministro [&hellip;]<\/p>\n","protected":false},"author":13,"featured_media":0,"comment_status":"open","ping_status":"open","sticky":false,"template":"","format":"standard","meta":{"_acf_changed":false,"footnotes":""},"categories":[19,898],"tags":[],"class_list":["post-73764","post","type-post","status-publish","format-standard","hentry","category-brasil-mundo","category-manchete-segundaria"],"acf":[],"yoast_head":"<!-- This site is optimized with the Yoast SEO plugin v24.4 - https:\/\/yoast.com\/wordpress\/plugins\/seo\/ -->\n<title>STJ marca retomada de julgamento sobre inc\u00eandio na Boate Kiss - PORTAL DE NOT\u00cdCIAS CLEITON PINHEIRO<\/title>\n<meta name=\"robots\" content=\"index, follow, max-snippet:-1, max-image-preview:large, max-video-preview:-1\" \/>\n<link rel=\"canonical\" href=\"https:\/\/cleitonpinheiro.com.br\/site\/stj-marca-retomada-de-julgamento-sobre-incendio-na-boate-kiss\/\" \/>\n<meta property=\"og:locale\" content=\"pt_BR\" \/>\n<meta property=\"og:type\" content=\"article\" \/>\n<meta property=\"og:title\" content=\"STJ marca retomada de julgamento sobre inc\u00eandio na Boate Kiss - PORTAL DE NOT\u00cdCIAS CLEITON PINHEIRO\" \/>\n<meta property=\"og:description\" content=\"Da Ag\u00eancia Brasil O Superior Tribunal de Justi\u00e7a (STJ) marcou para 5 de setembro a retomada do julgamento sobre o inc\u00eandio na Boate Kiss, ocorrido em 2013, em Santa Maria (RS), e que deixou 242 mortos e mais de 600 feridos. O caso come\u00e7ou a ser julgado em junho, mas foi interrompido ap\u00f3s o ministro [&hellip;]\" \/>\n<meta property=\"og:url\" content=\"https:\/\/cleitonpinheiro.com.br\/site\/stj-marca-retomada-de-julgamento-sobre-incendio-na-boate-kiss\/\" \/>\n<meta property=\"og:site_name\" content=\"PORTAL DE NOT\u00cdCIAS CLEITON PINHEIRO\" \/>\n<meta property=\"article:publisher\" content=\"https:\/\/www.facebook.com\/portalcpnoticias\/\" \/>\n<meta property=\"article:published_time\" content=\"2023-08-26T22:54:11+00:00\" \/>\n<meta property=\"article:modified_time\" content=\"2023-08-26T22:54:14+00:00\" \/>\n<meta property=\"og:image\" content=\"https:\/\/cleitonpinheiro.com.br\/site\/wp-content\/uploads\/2023\/08\/dsc7747.jpg\" \/>\n\t<meta property=\"og:image:width\" content=\"1170\" \/>\n\t<meta property=\"og:image:height\" content=\"700\" \/>\n\t<meta property=\"og:image:type\" content=\"image\/jpeg\" \/>\n<meta name=\"author\" content=\"Reda\u00e7\u00e3o CP\" \/>\n<meta name=\"twitter:card\" content=\"summary_large_image\" \/>\n<meta name=\"twitter:label1\" content=\"Escrito por\" \/>\n\t<meta name=\"twitter:data1\" content=\"Reda\u00e7\u00e3o CP\" \/>\n\t<meta name=\"twitter:label2\" content=\"Est. tempo de leitura\" \/>\n\t<meta name=\"twitter:data2\" content=\"3 minutos\" \/>\n<script type=\"application\/ld+json\" class=\"yoast-schema-graph\">{\"@context\":\"https:\/\/schema.org\",\"@graph\":[{\"@type\":\"Article\",\"@id\":\"https:\/\/cleitonpinheiro.com.br\/site\/stj-marca-retomada-de-julgamento-sobre-incendio-na-boate-kiss\/#article\",\"isPartOf\":{\"@id\":\"https:\/\/cleitonpinheiro.com.br\/site\/stj-marca-retomada-de-julgamento-sobre-incendio-na-boate-kiss\/\"},\"author\":{\"name\":\"Reda\u00e7\u00e3o CP\",\"@id\":\"https:\/\/cleitonpinheiro.com.br\/site\/#\/schema\/person\/8f04544e0bc40a1b68775b08360f87db\"},\"headline\":\"STJ marca retomada de julgamento sobre inc\u00eandio na Boate Kiss\",\"datePublished\":\"2023-08-26T22:54:11+00:00\",\"dateModified\":\"2023-08-26T22:54:14+00:00\",\"mainEntityOfPage\":{\"@id\":\"https:\/\/cleitonpinheiro.com.br\/site\/stj-marca-retomada-de-julgamento-sobre-incendio-na-boate-kiss\/\"},\"wordCount\":328,\"commentCount\":0,\"publisher\":{\"@id\":\"https:\/\/cleitonpinheiro.com.br\/site\/#organization\"},\"image\":{\"@id\":\"https:\/\/cleitonpinheiro.com.br\/site\/stj-marca-retomada-de-julgamento-sobre-incendio-na-boate-kiss\/#primaryimage\"},\"thumbnailUrl\":\"https:\/\/cleitonpinheiro.com.br\/site\/wp-content\/uploads\/2023\/08\/dsc7747.jpg\",\"articleSection\":[\"BRASIL \/ MUNDO\",\"MANCHETE SEGUND\u00c1RIA\"],\"inLanguage\":\"pt-BR\",\"potentialAction\":[{\"@type\":\"CommentAction\",\"name\":\"Comment\",\"target\":[\"https:\/\/cleitonpinheiro.com.br\/site\/stj-marca-retomada-de-julgamento-sobre-incendio-na-boate-kiss\/#respond\"]}]},{\"@type\":\"WebPage\",\"@id\":\"https:\/\/cleitonpinheiro.com.br\/site\/stj-marca-retomada-de-julgamento-sobre-incendio-na-boate-kiss\/\",\"url\":\"https:\/\/cleitonpinheiro.com.br\/site\/stj-marca-retomada-de-julgamento-sobre-incendio-na-boate-kiss\/\",\"name\":\"STJ marca retomada de julgamento sobre inc\u00eandio na Boate Kiss - PORTAL DE NOT\u00cdCIAS CLEITON PINHEIRO\",\"isPartOf\":{\"@id\":\"https:\/\/cleitonpinheiro.com.br\/site\/#website\"},\"primaryImageOfPage\":{\"@id\":\"https:\/\/cleitonpinheiro.com.br\/site\/stj-marca-retomada-de-julgamento-sobre-incendio-na-boate-kiss\/#primaryimage\"},\"image\":{\"@id\":\"https:\/\/cleitonpinheiro.com.br\/site\/stj-marca-retomada-de-julgamento-sobre-incendio-na-boate-kiss\/#primaryimage\"},\"thumbnailUrl\":\"https:\/\/cleitonpinheiro.com.br\/site\/wp-content\/uploads\/2023\/08\/dsc7747.jpg\",\"datePublished\":\"2023-08-26T22:54:11+00:00\",\"dateModified\":\"2023-08-26T22:54:14+00:00\",\"breadcrumb\":{\"@id\":\"https:\/\/cleitonpinheiro.com.br\/site\/stj-marca-retomada-de-julgamento-sobre-incendio-na-boate-kiss\/#breadcrumb\"},\"inLanguage\":\"pt-BR\",\"potentialAction\":[{\"@type\":\"ReadAction\",\"target\":[\"https:\/\/cleitonpinheiro.com.br\/site\/stj-marca-retomada-de-julgamento-sobre-incendio-na-boate-kiss\/\"]}]},{\"@type\":\"ImageObject\",\"inLanguage\":\"pt-BR\",\"@id\":\"https:\/\/cleitonpinheiro.com.br\/site\/stj-marca-retomada-de-julgamento-sobre-incendio-na-boate-kiss\/#primaryimage\",\"url\":\"\",\"contentUrl\":\"\"},{\"@type\":\"BreadcrumbList\",\"@id\":\"https:\/\/cleitonpinheiro.com.br\/site\/stj-marca-retomada-de-julgamento-sobre-incendio-na-boate-kiss\/#breadcrumb\",\"itemListElement\":[{\"@type\":\"ListItem\",\"position\":1,\"name\":\"In\u00edcio\",\"item\":\"https:\/\/cleitonpinheiro.com.br\/site\/\"},{\"@type\":\"ListItem\",\"position\":2,\"name\":\"STJ marca retomada de julgamento sobre inc\u00eandio na Boate Kiss\"}]},{\"@type\":\"WebSite\",\"@id\":\"https:\/\/cleitonpinheiro.com.br\/site\/#website\",\"url\":\"https:\/\/cleitonpinheiro.com.br\/site\/\",\"name\":\"PORTAL DE NOT\u00cdCIAS CLEITON PINHEIRO\",\"description\":\"FALANDO A VERDADE\",\"publisher\":{\"@id\":\"https:\/\/cleitonpinheiro.com.br\/site\/#organization\"},\"potentialAction\":[{\"@type\":\"SearchAction\",\"target\":{\"@type\":\"EntryPoint\",\"urlTemplate\":\"https:\/\/cleitonpinheiro.com.br\/site\/?s={search_term_string}\"},\"query-input\":{\"@type\":\"PropertyValueSpecification\",\"valueRequired\":true,\"valueName\":\"search_term_string\"}}],\"inLanguage\":\"pt-BR\"},{\"@type\":\"Organization\",\"@id\":\"https:\/\/cleitonpinheiro.com.br\/site\/#organization\",\"name\":\"CPNOT\u00cdCIAS\",\"url\":\"https:\/\/cleitonpinheiro.com.br\/site\/\",\"logo\":{\"@type\":\"ImageObject\",\"inLanguage\":\"pt-BR\",\"@id\":\"https:\/\/cleitonpinheiro.com.br\/site\/#\/schema\/logo\/image\/\",\"url\":\"https:\/\/cleitonpinheiro.com.br\/site\/wp-content\/uploads\/2022\/08\/Logo-pequena-2.png\",\"contentUrl\":\"https:\/\/cleitonpinheiro.com.br\/site\/wp-content\/uploads\/2022\/08\/Logo-pequena-2.png\",\"width\":500,\"height\":500,\"caption\":\"CPNOT\u00cdCIAS\"},\"image\":{\"@id\":\"https:\/\/cleitonpinheiro.com.br\/site\/#\/schema\/logo\/image\/\"},\"sameAs\":[\"https:\/\/www.facebook.com\/portalcpnoticias\/\"]},{\"@type\":\"Person\",\"@id\":\"https:\/\/cleitonpinheiro.com.br\/site\/#\/schema\/person\/8f04544e0bc40a1b68775b08360f87db\",\"name\":\"Reda\u00e7\u00e3o CP\",\"image\":{\"@type\":\"ImageObject\",\"inLanguage\":\"pt-BR\",\"@id\":\"https:\/\/cleitonpinheiro.com.br\/site\/#\/schema\/person\/image\/\",\"url\":\"https:\/\/secure.gravatar.com\/avatar\/0bcf19cb29fdc8fc588c490c7ae1b3e174dac268586a63fbe1d1893a0f9020cd?s=96&r=g\",\"contentUrl\":\"https:\/\/secure.gravatar.com\/avatar\/0bcf19cb29fdc8fc588c490c7ae1b3e174dac268586a63fbe1d1893a0f9020cd?s=96&r=g\",\"caption\":\"Reda\u00e7\u00e3o CP\"},\"url\":\"https:\/\/cleitonpinheiro.com.br\/site\/author\/redacao\/\"}]}<\/script>\n<!-- \/ Yoast SEO plugin. -->","yoast_head_json":{"title":"STJ marca retomada de julgamento sobre inc\u00eandio na Boate Kiss - PORTAL DE NOT\u00cdCIAS CLEITON PINHEIRO","robots":{"index":"index","follow":"follow","max-snippet":"max-snippet:-1","max-image-preview":"max-image-preview:large","max-video-preview":"max-video-preview:-1"},"canonical":"https:\/\/cleitonpinheiro.com.br\/site\/stj-marca-retomada-de-julgamento-sobre-incendio-na-boate-kiss\/","og_locale":"pt_BR","og_type":"article","og_title":"STJ marca retomada de julgamento sobre inc\u00eandio na Boate Kiss - PORTAL DE NOT\u00cdCIAS CLEITON PINHEIRO","og_description":"Da Ag\u00eancia Brasil O Superior Tribunal de Justi\u00e7a (STJ) marcou para 5 de setembro a retomada do julgamento sobre o inc\u00eandio na Boate Kiss, ocorrido em 2013, em Santa Maria (RS), e que deixou 242 mortos e mais de 600 feridos. O caso come\u00e7ou a ser julgado em junho, mas foi interrompido ap\u00f3s o ministro [&hellip;]","og_url":"https:\/\/cleitonpinheiro.com.br\/site\/stj-marca-retomada-de-julgamento-sobre-incendio-na-boate-kiss\/","og_site_name":"PORTAL DE NOT\u00cdCIAS CLEITON PINHEIRO","article_publisher":"https:\/\/www.facebook.com\/portalcpnoticias\/","article_published_time":"2023-08-26T22:54:11+00:00","article_modified_time":"2023-08-26T22:54:14+00:00","og_image":[{"width":1170,"height":700,"url":"https:\/\/cleitonpinheiro.com.br\/site\/wp-content\/uploads\/2023\/08\/dsc7747.jpg","type":"image\/jpeg"}],"author":"Reda\u00e7\u00e3o CP","twitter_card":"summary_large_image","twitter_misc":{"Escrito por":"Reda\u00e7\u00e3o CP","Est. tempo de leitura":"3 minutos"},"schema":{"@context":"https:\/\/schema.org","@graph":[{"@type":"Article","@id":"https:\/\/cleitonpinheiro.com.br\/site\/stj-marca-retomada-de-julgamento-sobre-incendio-na-boate-kiss\/#article","isPartOf":{"@id":"https:\/\/cleitonpinheiro.com.br\/site\/stj-marca-retomada-de-julgamento-sobre-incendio-na-boate-kiss\/"},"author":{"name":"Reda\u00e7\u00e3o CP","@id":"https:\/\/cleitonpinheiro.com.br\/site\/#\/schema\/person\/8f04544e0bc40a1b68775b08360f87db"},"headline":"STJ marca retomada de julgamento sobre inc\u00eandio na Boate Kiss","datePublished":"2023-08-26T22:54:11+00:00","dateModified":"2023-08-26T22:54:14+00:00","mainEntityOfPage":{"@id":"https:\/\/cleitonpinheiro.com.br\/site\/stj-marca-retomada-de-julgamento-sobre-incendio-na-boate-kiss\/"},"wordCount":328,"commentCount":0,"publisher":{"@id":"https:\/\/cleitonpinheiro.com.br\/site\/#organization"},"image":{"@id":"https:\/\/cleitonpinheiro.com.br\/site\/stj-marca-retomada-de-julgamento-sobre-incendio-na-boate-kiss\/#primaryimage"},"thumbnailUrl":"https:\/\/cleitonpinheiro.com.br\/site\/wp-content\/uploads\/2023\/08\/dsc7747.jpg","articleSection":["BRASIL \/ MUNDO","MANCHETE SEGUND\u00c1RIA"],"inLanguage":"pt-BR","potentialAction":[{"@type":"CommentAction","name":"Comment","target":["https:\/\/cleitonpinheiro.com.br\/site\/stj-marca-retomada-de-julgamento-sobre-incendio-na-boate-kiss\/#respond"]}]},{"@type":"WebPage","@id":"https:\/\/cleitonpinheiro.com.br\/site\/stj-marca-retomada-de-julgamento-sobre-incendio-na-boate-kiss\/","url":"https:\/\/cleitonpinheiro.com.br\/site\/stj-marca-retomada-de-julgamento-sobre-incendio-na-boate-kiss\/","name":"STJ marca retomada de julgamento sobre inc\u00eandio na Boate Kiss - PORTAL DE NOT\u00cdCIAS CLEITON PINHEIRO","isPartOf":{"@id":"https:\/\/cleitonpinheiro.com.br\/site\/#website"},"primaryImageOfPage":{"@id":"https:\/\/cleitonpinheiro.com.br\/site\/stj-marca-retomada-de-julgamento-sobre-incendio-na-boate-kiss\/#primaryimage"},"image":{"@id":"https:\/\/cleitonpinheiro.com.br\/site\/stj-marca-retomada-de-julgamento-sobre-incendio-na-boate-kiss\/#primaryimage"},"thumbnailUrl":"https:\/\/cleitonpinheiro.com.br\/site\/wp-content\/uploads\/2023\/08\/dsc7747.jpg","datePublished":"2023-08-26T22:54:11+00:00","dateModified":"2023-08-26T22:54:14+00:00","breadcrumb":{"@id":"https:\/\/cleitonpinheiro.com.br\/site\/stj-marca-retomada-de-julgamento-sobre-incendio-na-boate-kiss\/#breadcrumb"},"inLanguage":"pt-BR","potentialAction":[{"@type":"ReadAction","target":["https:\/\/cleitonpinheiro.com.br\/site\/stj-marca-retomada-de-julgamento-sobre-incendio-na-boate-kiss\/"]}]},{"@type":"ImageObject","inLanguage":"pt-BR","@id":"https:\/\/cleitonpinheiro.com.br\/site\/stj-marca-retomada-de-julgamento-sobre-incendio-na-boate-kiss\/#primaryimage","url":"","contentUrl":""},{"@type":"BreadcrumbList","@id":"https:\/\/cleitonpinheiro.com.br\/site\/stj-marca-retomada-de-julgamento-sobre-incendio-na-boate-kiss\/#breadcrumb","itemListElement":[{"@type":"ListItem","position":1,"name":"In\u00edcio","item":"https:\/\/cleitonpinheiro.com.br\/site\/"},{"@type":"ListItem","position":2,"name":"STJ marca retomada de julgamento sobre inc\u00eandio na Boate Kiss"}]},{"@type":"WebSite","@id":"https:\/\/cleitonpinheiro.com.br\/site\/#website","url":"https:\/\/cleitonpinheiro.com.br\/site\/","name":"PORTAL DE NOT\u00cdCIAS CLEITON PINHEIRO","description":"FALANDO A VERDADE","publisher":{"@id":"https:\/\/cleitonpinheiro.com.br\/site\/#organization"},"potentialAction":[{"@type":"SearchAction","target":{"@type":"EntryPoint","urlTemplate":"https:\/\/cleitonpinheiro.com.br\/site\/?s={search_term_string}"},"query-input":{"@type":"PropertyValueSpecification","valueRequired":true,"valueName":"search_term_string"}}],"inLanguage":"pt-BR"},{"@type":"Organization","@id":"https:\/\/cleitonpinheiro.com.br\/site\/#organization","name":"CPNOT\u00cdCIAS","url":"https:\/\/cleitonpinheiro.com.br\/site\/","logo":{"@type":"ImageObject","inLanguage":"pt-BR","@id":"https:\/\/cleitonpinheiro.com.br\/site\/#\/schema\/logo\/image\/","url":"https:\/\/cleitonpinheiro.com.br\/site\/wp-content\/uploads\/2022\/08\/Logo-pequena-2.png","contentUrl":"https:\/\/cleitonpinheiro.com.br\/site\/wp-content\/uploads\/2022\/08\/Logo-pequena-2.png","width":500,"height":500,"caption":"CPNOT\u00cdCIAS"},"image":{"@id":"https:\/\/cleitonpinheiro.com.br\/site\/#\/schema\/logo\/image\/"},"sameAs":["https:\/\/www.facebook.com\/portalcpnoticias\/"]},{"@type":"Person","@id":"https:\/\/cleitonpinheiro.com.br\/site\/#\/schema\/person\/8f04544e0bc40a1b68775b08360f87db","name":"Reda\u00e7\u00e3o CP","image":{"@type":"ImageObject","inLanguage":"pt-BR","@id":"https:\/\/cleitonpinheiro.com.br\/site\/#\/schema\/person\/image\/","url":"https:\/\/secure.gravatar.com\/avatar\/0bcf19cb29fdc8fc588c490c7ae1b3e174dac268586a63fbe1d1893a0f9020cd?s=96&r=g","contentUrl":"https:\/\/secure.gravatar.com\/avatar\/0bcf19cb29fdc8fc588c490c7ae1b3e174dac268586a63fbe1d1893a0f9020cd?s=96&r=g","caption":"Reda\u00e7\u00e3o CP"},"url":"https:\/\/cleitonpinheiro.com.br\/site\/author\/redacao\/"}]}},"views":139,"_links":{"self":[{"href":"https:\/\/cleitonpinheiro.com.br\/site\/wp-json\/wp\/v2\/posts\/73764","targetHints":{"allow":["GET"]}}],"collection":[{"href":"https:\/\/cleitonpinheiro.com.br\/site\/wp-json\/wp\/v2\/posts"}],"about":[{"href":"https:\/\/cleitonpinheiro.com.br\/site\/wp-json\/wp\/v2\/types\/post"}],"author":[{"embeddable":true,"href":"https:\/\/cleitonpinheiro.com.br\/site\/wp-json\/wp\/v2\/users\/13"}],"replies":[{"embeddable":true,"href":"https:\/\/cleitonpinheiro.com.br\/site\/wp-json\/wp\/v2\/comments?post=73764"}],"version-history":[{"count":1,"href":"https:\/\/cleitonpinheiro.com.br\/site\/wp-json\/wp\/v2\/posts\/73764\/revisions"}],"predecessor-version":[{"id":73766,"href":"https:\/\/cleitonpinheiro.com.br\/site\/wp-json\/wp\/v2\/posts\/73764\/revisions\/73766"}],"wp:attachment":[{"href":"https:\/\/cleitonpinheiro.com.br\/site\/wp-json\/wp\/v2\/media?parent=73764"}],"wp:term":[{"taxonomy":"category","embeddable":true,"href":"https:\/\/cleitonpinheiro.com.br\/site\/wp-json\/wp\/v2\/categories?post=73764"},{"taxonomy":"post_tag","embeddable":true,"href":"https:\/\/cleitonpinheiro.com.br\/site\/wp-json\/wp\/v2\/tags?post=73764"}],"curies":[{"name":"wp","href":"https:\/\/api.w.org\/{rel}","templated":true}]}}