{"id":73767,"date":"2023-08-28T08:22:48","date_gmt":"2023-08-28T11:22:48","guid":{"rendered":"https:\/\/cleitonpinheiro.com.br\/site\/?p=73767"},"modified":"2023-08-31T10:07:15","modified_gmt":"2023-08-31T13:07:15","slug":"selecao-para-servico-publico-federal-sera-feita-por-prova-unica","status":"publish","type":"post","link":"https:\/\/cleitonpinheiro.com.br\/site\/selecao-para-servico-publico-federal-sera-feita-por-prova-unica\/","title":{"rendered":"Sele\u00e7\u00e3o para servi\u00e7o p\u00fablico federal ser\u00e1 feita por prova \u00fanica"},"content":{"rendered":"\n<figure class=\"wp-block-image size-full\"><img decoding=\"async\" src=\"https:\/\/cleitonpinheiro.com.br\/site\/wp-content\/uploads\/2023\/08\/pzzb0193.jpg\" alt=\"\" class=\"wp-image-73769\"\/><figcaption class=\"wp-element-caption\">Ades\u00e3o dos minist\u00e9rios ao Concurso Nacional Unificado ser\u00e1 volunt\u00e1ria &#8211; Foto: Ant\u00f4nio Cruz\/Ag\u00eancia Brasil<\/figcaption><\/figure>\n\n\n\n<p class=\"wp-block-paragraph\"><strong>Da Ag\u00eancia Brasil<\/strong><\/p>\n\n\n\n<p class=\"wp-block-paragraph\">O governo dever\u00e1 fazer uma prova \u00fanica em todo o pa\u00eds para o preenchimento das cerca de oito mil vagas abertas no servi\u00e7o p\u00fablico do Poder Executivo Federal. A proposta foi apresentada nesta sexta-feira (25) pelo secret\u00e1rio de Gest\u00e3o de Pessoas do Minist\u00e9rio da Gest\u00e3o, Jos\u00e9 Celso Cardoso Jr., aos \u00f3rg\u00e3os de governo autorizados a realizar concursos p\u00fablicos.&nbsp;<img decoding=\"async\" src=\"https:\/\/agenciabrasil.ebc.com.br\/ebc.png?id=1551312&amp;o=node\"><img decoding=\"async\" src=\"https:\/\/agenciabrasil.ebc.com.br\/ebc.gif?id=1551312&amp;o=node\"><\/p>\n\n\n\n<p class=\"wp-block-paragraph\">A ades\u00e3o dos minist\u00e9rios ao Concurso Nacional Unificado ser\u00e1 volunt\u00e1ria. O edital deve ser publicado at\u00e9 dezembro com realiza\u00e7\u00e3o de prova prevista para o dia 25 de fevereiro de 2024. No total, s\u00e3o 7.826 vagas, que foram agrupadas em oito blocos tem\u00e1ticos. A meta \u00e9 realizar a prova em cerca de 180 cidades, simultaneamente, em todo o pa\u00eds.&nbsp;<\/p>\n\n\n\n<p class=\"wp-block-paragraph\">A prova ser\u00e1 dividida em dois momentos na mesma data: provas objetivas com matriz comum a todos os candidatos e provas espec\u00edficas e dissertativas por blocos tem\u00e1ticos. Os resultados gerais da primeira fase devem ser divulgados at\u00e9 o final de abril de 2024 e o in\u00edcio dos cursos de forma\u00e7\u00e3o, entre junho e julho do ano que vem.&nbsp;<\/p>\n\n\n\n<p class=\"wp-block-paragraph\">A prova ser\u00e1 organizada a partir de uma coordena\u00e7\u00e3o-geral composta pelo Minist\u00e9rio da Gest\u00e3o e da Inova\u00e7\u00e3o, o Instituto Nacional de Estudos e Pesquisas Educacionais An\u00edsio Teixeira (Inep), o Instituto de Pesquisa Econ\u00f4mico Aplicada (Ipea), a Escola Nacional de Administra\u00e7\u00e3o P\u00fablica (Enap) e a Advocacia Geral da Uni\u00e3o (AGU). Tamb\u00e9m est\u00e1 prevista a participa\u00e7\u00e3o das comiss\u00f5es setoriais de cada um dos \u00f3rg\u00e3os envolvidos.<\/p>\n","protected":false},"excerpt":{"rendered":"<p>Da Ag\u00eancia Brasil O governo dever\u00e1 fazer uma prova \u00fanica em todo o pa\u00eds para o preenchimento das cerca de oito mil vagas abertas no servi\u00e7o p\u00fablico do Poder Executivo Federal. A proposta foi apresentada nesta sexta-feira (25) pelo secret\u00e1rio de Gest\u00e3o de Pessoas do Minist\u00e9rio da Gest\u00e3o, Jos\u00e9 Celso Cardoso Jr., aos \u00f3rg\u00e3os de [&hellip;]<\/p>\n","protected":false},"author":13,"featured_media":0,"comment_status":"open","ping_status":"open","sticky":false,"template":"","format":"standard","meta":{"_acf_changed":false,"footnotes":""},"categories":[25,898],"tags":[],"class_list":["post-73767","post","type-post","status-publish","format-standard","hentry","category-funcionalismo","category-manchete-segundaria"],"acf":[],"yoast_head":"<!-- This site is optimized with the Yoast SEO plugin v24.4 - https:\/\/yoast.com\/wordpress\/plugins\/seo\/ -->\n<title>Sele\u00e7\u00e3o para servi\u00e7o p\u00fablico federal ser\u00e1 feita por prova \u00fanica - PORTAL DE NOT\u00cdCIAS CLEITON PINHEIRO<\/title>\n<meta name=\"robots\" content=\"index, follow, max-snippet:-1, max-image-preview:large, max-video-preview:-1\" \/>\n<link rel=\"canonical\" href=\"https:\/\/cleitonpinheiro.com.br\/site\/selecao-para-servico-publico-federal-sera-feita-por-prova-unica\/\" \/>\n<meta property=\"og:locale\" content=\"pt_BR\" \/>\n<meta property=\"og:type\" content=\"article\" \/>\n<meta property=\"og:title\" content=\"Sele\u00e7\u00e3o para servi\u00e7o p\u00fablico federal ser\u00e1 feita por prova \u00fanica - PORTAL DE NOT\u00cdCIAS CLEITON PINHEIRO\" \/>\n<meta property=\"og:description\" content=\"Da Ag\u00eancia Brasil O governo dever\u00e1 fazer uma prova \u00fanica em todo o pa\u00eds para o preenchimento das cerca de oito mil vagas abertas no servi\u00e7o p\u00fablico do Poder Executivo Federal. A proposta foi apresentada nesta sexta-feira (25) pelo secret\u00e1rio de Gest\u00e3o de Pessoas do Minist\u00e9rio da Gest\u00e3o, Jos\u00e9 Celso Cardoso Jr., aos \u00f3rg\u00e3os de [&hellip;]\" \/>\n<meta property=\"og:url\" content=\"https:\/\/cleitonpinheiro.com.br\/site\/selecao-para-servico-publico-federal-sera-feita-por-prova-unica\/\" \/>\n<meta property=\"og:site_name\" content=\"PORTAL DE NOT\u00cdCIAS CLEITON PINHEIRO\" \/>\n<meta property=\"article:publisher\" content=\"https:\/\/www.facebook.com\/portalcpnoticias\/\" \/>\n<meta property=\"article:published_time\" content=\"2023-08-28T11:22:48+00:00\" \/>\n<meta property=\"article:modified_time\" content=\"2023-08-31T13:07:15+00:00\" \/>\n<meta property=\"og:image\" content=\"https:\/\/cleitonpinheiro.com.br\/site\/wp-content\/uploads\/2023\/08\/pzzb0193.jpg\" \/>\n\t<meta property=\"og:image:width\" content=\"1170\" \/>\n\t<meta property=\"og:image:height\" content=\"700\" \/>\n\t<meta property=\"og:image:type\" content=\"image\/jpeg\" \/>\n<meta name=\"author\" content=\"Reda\u00e7\u00e3o CP\" \/>\n<meta name=\"twitter:card\" content=\"summary_large_image\" \/>\n<meta name=\"twitter:label1\" content=\"Escrito por\" \/>\n\t<meta name=\"twitter:data1\" content=\"Reda\u00e7\u00e3o CP\" \/>\n\t<meta name=\"twitter:label2\" content=\"Est. tempo de leitura\" \/>\n\t<meta name=\"twitter:data2\" content=\"2 minutos\" \/>\n<script type=\"application\/ld+json\" class=\"yoast-schema-graph\">{\"@context\":\"https:\/\/schema.org\",\"@graph\":[{\"@type\":\"Article\",\"@id\":\"https:\/\/cleitonpinheiro.com.br\/site\/selecao-para-servico-publico-federal-sera-feita-por-prova-unica\/#article\",\"isPartOf\":{\"@id\":\"https:\/\/cleitonpinheiro.com.br\/site\/selecao-para-servico-publico-federal-sera-feita-por-prova-unica\/\"},\"author\":{\"name\":\"Reda\u00e7\u00e3o CP\",\"@id\":\"https:\/\/cleitonpinheiro.com.br\/site\/#\/schema\/person\/8f04544e0bc40a1b68775b08360f87db\"},\"headline\":\"Sele\u00e7\u00e3o para servi\u00e7o p\u00fablico federal ser\u00e1 feita por prova \u00fanica\",\"datePublished\":\"2023-08-28T11:22:48+00:00\",\"dateModified\":\"2023-08-31T13:07:15+00:00\",\"mainEntityOfPage\":{\"@id\":\"https:\/\/cleitonpinheiro.com.br\/site\/selecao-para-servico-publico-federal-sera-feita-por-prova-unica\/\"},\"wordCount\":303,\"commentCount\":0,\"publisher\":{\"@id\":\"https:\/\/cleitonpinheiro.com.br\/site\/#organization\"},\"image\":{\"@id\":\"https:\/\/cleitonpinheiro.com.br\/site\/selecao-para-servico-publico-federal-sera-feita-por-prova-unica\/#primaryimage\"},\"thumbnailUrl\":\"https:\/\/cleitonpinheiro.com.br\/site\/wp-content\/uploads\/2023\/08\/pzzb0193.jpg\",\"articleSection\":[\"FUNCIONALISMO\",\"MANCHETE SEGUND\u00c1RIA\"],\"inLanguage\":\"pt-BR\",\"potentialAction\":[{\"@type\":\"CommentAction\",\"name\":\"Comment\",\"target\":[\"https:\/\/cleitonpinheiro.com.br\/site\/selecao-para-servico-publico-federal-sera-feita-por-prova-unica\/#respond\"]}]},{\"@type\":\"WebPage\",\"@id\":\"https:\/\/cleitonpinheiro.com.br\/site\/selecao-para-servico-publico-federal-sera-feita-por-prova-unica\/\",\"url\":\"https:\/\/cleitonpinheiro.com.br\/site\/selecao-para-servico-publico-federal-sera-feita-por-prova-unica\/\",\"name\":\"Sele\u00e7\u00e3o para servi\u00e7o p\u00fablico federal ser\u00e1 feita por prova \u00fanica - PORTAL DE NOT\u00cdCIAS CLEITON PINHEIRO\",\"isPartOf\":{\"@id\":\"https:\/\/cleitonpinheiro.com.br\/site\/#website\"},\"primaryImageOfPage\":{\"@id\":\"https:\/\/cleitonpinheiro.com.br\/site\/selecao-para-servico-publico-federal-sera-feita-por-prova-unica\/#primaryimage\"},\"image\":{\"@id\":\"https:\/\/cleitonpinheiro.com.br\/site\/selecao-para-servico-publico-federal-sera-feita-por-prova-unica\/#primaryimage\"},\"thumbnailUrl\":\"https:\/\/cleitonpinheiro.com.br\/site\/wp-content\/uploads\/2023\/08\/pzzb0193.jpg\",\"datePublished\":\"2023-08-28T11:22:48+00:00\",\"dateModified\":\"2023-08-31T13:07:15+00:00\",\"breadcrumb\":{\"@id\":\"https:\/\/cleitonpinheiro.com.br\/site\/selecao-para-servico-publico-federal-sera-feita-por-prova-unica\/#breadcrumb\"},\"inLanguage\":\"pt-BR\",\"potentialAction\":[{\"@type\":\"ReadAction\",\"target\":[\"https:\/\/cleitonpinheiro.com.br\/site\/selecao-para-servico-publico-federal-sera-feita-por-prova-unica\/\"]}]},{\"@type\":\"ImageObject\",\"inLanguage\":\"pt-BR\",\"@id\":\"https:\/\/cleitonpinheiro.com.br\/site\/selecao-para-servico-publico-federal-sera-feita-por-prova-unica\/#primaryimage\",\"url\":\"\",\"contentUrl\":\"\"},{\"@type\":\"BreadcrumbList\",\"@id\":\"https:\/\/cleitonpinheiro.com.br\/site\/selecao-para-servico-publico-federal-sera-feita-por-prova-unica\/#breadcrumb\",\"itemListElement\":[{\"@type\":\"ListItem\",\"position\":1,\"name\":\"In\u00edcio\",\"item\":\"https:\/\/cleitonpinheiro.com.br\/site\/\"},{\"@type\":\"ListItem\",\"position\":2,\"name\":\"Sele\u00e7\u00e3o para servi\u00e7o p\u00fablico federal ser\u00e1 feita por prova \u00fanica\"}]},{\"@type\":\"WebSite\",\"@id\":\"https:\/\/cleitonpinheiro.com.br\/site\/#website\",\"url\":\"https:\/\/cleitonpinheiro.com.br\/site\/\",\"name\":\"PORTAL DE NOT\u00cdCIAS CLEITON PINHEIRO\",\"description\":\"FALANDO A VERDADE\",\"publisher\":{\"@id\":\"https:\/\/cleitonpinheiro.com.br\/site\/#organization\"},\"potentialAction\":[{\"@type\":\"SearchAction\",\"target\":{\"@type\":\"EntryPoint\",\"urlTemplate\":\"https:\/\/cleitonpinheiro.com.br\/site\/?s={search_term_string}\"},\"query-input\":{\"@type\":\"PropertyValueSpecification\",\"valueRequired\":true,\"valueName\":\"search_term_string\"}}],\"inLanguage\":\"pt-BR\"},{\"@type\":\"Organization\",\"@id\":\"https:\/\/cleitonpinheiro.com.br\/site\/#organization\",\"name\":\"CPNOT\u00cdCIAS\",\"url\":\"https:\/\/cleitonpinheiro.com.br\/site\/\",\"logo\":{\"@type\":\"ImageObject\",\"inLanguage\":\"pt-BR\",\"@id\":\"https:\/\/cleitonpinheiro.com.br\/site\/#\/schema\/logo\/image\/\",\"url\":\"https:\/\/cleitonpinheiro.com.br\/site\/wp-content\/uploads\/2022\/08\/Logo-pequena-2.png\",\"contentUrl\":\"https:\/\/cleitonpinheiro.com.br\/site\/wp-content\/uploads\/2022\/08\/Logo-pequena-2.png\",\"width\":500,\"height\":500,\"caption\":\"CPNOT\u00cdCIAS\"},\"image\":{\"@id\":\"https:\/\/cleitonpinheiro.com.br\/site\/#\/schema\/logo\/image\/\"},\"sameAs\":[\"https:\/\/www.facebook.com\/portalcpnoticias\/\"]},{\"@type\":\"Person\",\"@id\":\"https:\/\/cleitonpinheiro.com.br\/site\/#\/schema\/person\/8f04544e0bc40a1b68775b08360f87db\",\"name\":\"Reda\u00e7\u00e3o CP\",\"image\":{\"@type\":\"ImageObject\",\"inLanguage\":\"pt-BR\",\"@id\":\"https:\/\/cleitonpinheiro.com.br\/site\/#\/schema\/person\/image\/\",\"url\":\"https:\/\/secure.gravatar.com\/avatar\/0bcf19cb29fdc8fc588c490c7ae1b3e174dac268586a63fbe1d1893a0f9020cd?s=96&r=g\",\"contentUrl\":\"https:\/\/secure.gravatar.com\/avatar\/0bcf19cb29fdc8fc588c490c7ae1b3e174dac268586a63fbe1d1893a0f9020cd?s=96&r=g\",\"caption\":\"Reda\u00e7\u00e3o CP\"},\"url\":\"https:\/\/cleitonpinheiro.com.br\/site\/author\/redacao\/\"}]}<\/script>\n<!-- \/ Yoast SEO plugin. -->","yoast_head_json":{"title":"Sele\u00e7\u00e3o para servi\u00e7o p\u00fablico federal ser\u00e1 feita por prova \u00fanica - PORTAL DE NOT\u00cdCIAS CLEITON PINHEIRO","robots":{"index":"index","follow":"follow","max-snippet":"max-snippet:-1","max-image-preview":"max-image-preview:large","max-video-preview":"max-video-preview:-1"},"canonical":"https:\/\/cleitonpinheiro.com.br\/site\/selecao-para-servico-publico-federal-sera-feita-por-prova-unica\/","og_locale":"pt_BR","og_type":"article","og_title":"Sele\u00e7\u00e3o para servi\u00e7o p\u00fablico federal ser\u00e1 feita por prova \u00fanica - PORTAL DE NOT\u00cdCIAS CLEITON PINHEIRO","og_description":"Da Ag\u00eancia Brasil O governo dever\u00e1 fazer uma prova \u00fanica em todo o pa\u00eds para o preenchimento das cerca de oito mil vagas abertas no servi\u00e7o p\u00fablico do Poder Executivo Federal. A proposta foi apresentada nesta sexta-feira (25) pelo secret\u00e1rio de Gest\u00e3o de Pessoas do Minist\u00e9rio da Gest\u00e3o, Jos\u00e9 Celso Cardoso Jr., aos \u00f3rg\u00e3os de [&hellip;]","og_url":"https:\/\/cleitonpinheiro.com.br\/site\/selecao-para-servico-publico-federal-sera-feita-por-prova-unica\/","og_site_name":"PORTAL DE NOT\u00cdCIAS CLEITON PINHEIRO","article_publisher":"https:\/\/www.facebook.com\/portalcpnoticias\/","article_published_time":"2023-08-28T11:22:48+00:00","article_modified_time":"2023-08-31T13:07:15+00:00","og_image":[{"width":1170,"height":700,"url":"https:\/\/cleitonpinheiro.com.br\/site\/wp-content\/uploads\/2023\/08\/pzzb0193.jpg","type":"image\/jpeg"}],"author":"Reda\u00e7\u00e3o CP","twitter_card":"summary_large_image","twitter_misc":{"Escrito por":"Reda\u00e7\u00e3o CP","Est. tempo de leitura":"2 minutos"},"schema":{"@context":"https:\/\/schema.org","@graph":[{"@type":"Article","@id":"https:\/\/cleitonpinheiro.com.br\/site\/selecao-para-servico-publico-federal-sera-feita-por-prova-unica\/#article","isPartOf":{"@id":"https:\/\/cleitonpinheiro.com.br\/site\/selecao-para-servico-publico-federal-sera-feita-por-prova-unica\/"},"author":{"name":"Reda\u00e7\u00e3o CP","@id":"https:\/\/cleitonpinheiro.com.br\/site\/#\/schema\/person\/8f04544e0bc40a1b68775b08360f87db"},"headline":"Sele\u00e7\u00e3o para servi\u00e7o p\u00fablico federal ser\u00e1 feita por prova \u00fanica","datePublished":"2023-08-28T11:22:48+00:00","dateModified":"2023-08-31T13:07:15+00:00","mainEntityOfPage":{"@id":"https:\/\/cleitonpinheiro.com.br\/site\/selecao-para-servico-publico-federal-sera-feita-por-prova-unica\/"},"wordCount":303,"commentCount":0,"publisher":{"@id":"https:\/\/cleitonpinheiro.com.br\/site\/#organization"},"image":{"@id":"https:\/\/cleitonpinheiro.com.br\/site\/selecao-para-servico-publico-federal-sera-feita-por-prova-unica\/#primaryimage"},"thumbnailUrl":"https:\/\/cleitonpinheiro.com.br\/site\/wp-content\/uploads\/2023\/08\/pzzb0193.jpg","articleSection":["FUNCIONALISMO","MANCHETE SEGUND\u00c1RIA"],"inLanguage":"pt-BR","potentialAction":[{"@type":"CommentAction","name":"Comment","target":["https:\/\/cleitonpinheiro.com.br\/site\/selecao-para-servico-publico-federal-sera-feita-por-prova-unica\/#respond"]}]},{"@type":"WebPage","@id":"https:\/\/cleitonpinheiro.com.br\/site\/selecao-para-servico-publico-federal-sera-feita-por-prova-unica\/","url":"https:\/\/cleitonpinheiro.com.br\/site\/selecao-para-servico-publico-federal-sera-feita-por-prova-unica\/","name":"Sele\u00e7\u00e3o para servi\u00e7o p\u00fablico federal ser\u00e1 feita por prova \u00fanica - PORTAL DE NOT\u00cdCIAS CLEITON PINHEIRO","isPartOf":{"@id":"https:\/\/cleitonpinheiro.com.br\/site\/#website"},"primaryImageOfPage":{"@id":"https:\/\/cleitonpinheiro.com.br\/site\/selecao-para-servico-publico-federal-sera-feita-por-prova-unica\/#primaryimage"},"image":{"@id":"https:\/\/cleitonpinheiro.com.br\/site\/selecao-para-servico-publico-federal-sera-feita-por-prova-unica\/#primaryimage"},"thumbnailUrl":"https:\/\/cleitonpinheiro.com.br\/site\/wp-content\/uploads\/2023\/08\/pzzb0193.jpg","datePublished":"2023-08-28T11:22:48+00:00","dateModified":"2023-08-31T13:07:15+00:00","breadcrumb":{"@id":"https:\/\/cleitonpinheiro.com.br\/site\/selecao-para-servico-publico-federal-sera-feita-por-prova-unica\/#breadcrumb"},"inLanguage":"pt-BR","potentialAction":[{"@type":"ReadAction","target":["https:\/\/cleitonpinheiro.com.br\/site\/selecao-para-servico-publico-federal-sera-feita-por-prova-unica\/"]}]},{"@type":"ImageObject","inLanguage":"pt-BR","@id":"https:\/\/cleitonpinheiro.com.br\/site\/selecao-para-servico-publico-federal-sera-feita-por-prova-unica\/#primaryimage","url":"","contentUrl":""},{"@type":"BreadcrumbList","@id":"https:\/\/cleitonpinheiro.com.br\/site\/selecao-para-servico-publico-federal-sera-feita-por-prova-unica\/#breadcrumb","itemListElement":[{"@type":"ListItem","position":1,"name":"In\u00edcio","item":"https:\/\/cleitonpinheiro.com.br\/site\/"},{"@type":"ListItem","position":2,"name":"Sele\u00e7\u00e3o para servi\u00e7o p\u00fablico federal ser\u00e1 feita por prova \u00fanica"}]},{"@type":"WebSite","@id":"https:\/\/cleitonpinheiro.com.br\/site\/#website","url":"https:\/\/cleitonpinheiro.com.br\/site\/","name":"PORTAL DE NOT\u00cdCIAS CLEITON PINHEIRO","description":"FALANDO A VERDADE","publisher":{"@id":"https:\/\/cleitonpinheiro.com.br\/site\/#organization"},"potentialAction":[{"@type":"SearchAction","target":{"@type":"EntryPoint","urlTemplate":"https:\/\/cleitonpinheiro.com.br\/site\/?s={search_term_string}"},"query-input":{"@type":"PropertyValueSpecification","valueRequired":true,"valueName":"search_term_string"}}],"inLanguage":"pt-BR"},{"@type":"Organization","@id":"https:\/\/cleitonpinheiro.com.br\/site\/#organization","name":"CPNOT\u00cdCIAS","url":"https:\/\/cleitonpinheiro.com.br\/site\/","logo":{"@type":"ImageObject","inLanguage":"pt-BR","@id":"https:\/\/cleitonpinheiro.com.br\/site\/#\/schema\/logo\/image\/","url":"https:\/\/cleitonpinheiro.com.br\/site\/wp-content\/uploads\/2022\/08\/Logo-pequena-2.png","contentUrl":"https:\/\/cleitonpinheiro.com.br\/site\/wp-content\/uploads\/2022\/08\/Logo-pequena-2.png","width":500,"height":500,"caption":"CPNOT\u00cdCIAS"},"image":{"@id":"https:\/\/cleitonpinheiro.com.br\/site\/#\/schema\/logo\/image\/"},"sameAs":["https:\/\/www.facebook.com\/portalcpnoticias\/"]},{"@type":"Person","@id":"https:\/\/cleitonpinheiro.com.br\/site\/#\/schema\/person\/8f04544e0bc40a1b68775b08360f87db","name":"Reda\u00e7\u00e3o CP","image":{"@type":"ImageObject","inLanguage":"pt-BR","@id":"https:\/\/cleitonpinheiro.com.br\/site\/#\/schema\/person\/image\/","url":"https:\/\/secure.gravatar.com\/avatar\/0bcf19cb29fdc8fc588c490c7ae1b3e174dac268586a63fbe1d1893a0f9020cd?s=96&r=g","contentUrl":"https:\/\/secure.gravatar.com\/avatar\/0bcf19cb29fdc8fc588c490c7ae1b3e174dac268586a63fbe1d1893a0f9020cd?s=96&r=g","caption":"Reda\u00e7\u00e3o CP"},"url":"https:\/\/cleitonpinheiro.com.br\/site\/author\/redacao\/"}]}},"views":123,"_links":{"self":[{"href":"https:\/\/cleitonpinheiro.com.br\/site\/wp-json\/wp\/v2\/posts\/73767","targetHints":{"allow":["GET"]}}],"collection":[{"href":"https:\/\/cleitonpinheiro.com.br\/site\/wp-json\/wp\/v2\/posts"}],"about":[{"href":"https:\/\/cleitonpinheiro.com.br\/site\/wp-json\/wp\/v2\/types\/post"}],"author":[{"embeddable":true,"href":"https:\/\/cleitonpinheiro.com.br\/site\/wp-json\/wp\/v2\/users\/13"}],"replies":[{"embeddable":true,"href":"https:\/\/cleitonpinheiro.com.br\/site\/wp-json\/wp\/v2\/comments?post=73767"}],"version-history":[{"count":2,"href":"https:\/\/cleitonpinheiro.com.br\/site\/wp-json\/wp\/v2\/posts\/73767\/revisions"}],"predecessor-version":[{"id":73791,"href":"https:\/\/cleitonpinheiro.com.br\/site\/wp-json\/wp\/v2\/posts\/73767\/revisions\/73791"}],"wp:attachment":[{"href":"https:\/\/cleitonpinheiro.com.br\/site\/wp-json\/wp\/v2\/media?parent=73767"}],"wp:term":[{"taxonomy":"category","embeddable":true,"href":"https:\/\/cleitonpinheiro.com.br\/site\/wp-json\/wp\/v2\/categories?post=73767"},{"taxonomy":"post_tag","embeddable":true,"href":"https:\/\/cleitonpinheiro.com.br\/site\/wp-json\/wp\/v2\/tags?post=73767"}],"curies":[{"name":"wp","href":"https:\/\/api.w.org\/{rel}","templated":true}]}}