{"id":73781,"date":"2023-08-28T08:33:44","date_gmt":"2023-08-28T11:33:44","guid":{"rendered":"https:\/\/cleitonpinheiro.com.br\/site\/?p=73781"},"modified":"2023-08-28T08:33:45","modified_gmt":"2023-08-28T11:33:45","slug":"guardas-municipais-integram-sistema-de-seguranca-publica-decide-stf","status":"publish","type":"post","link":"https:\/\/cleitonpinheiro.com.br\/site\/guardas-municipais-integram-sistema-de-seguranca-publica-decide-stf\/","title":{"rendered":"Guardas municipais integram sistema de seguran\u00e7a p\u00fablica, decide STF"},"content":{"rendered":"\n<figure class=\"wp-block-image size-full\"><img decoding=\"async\" src=\"https:\/\/cleitonpinheiro.com.br\/site\/wp-content\/uploads\/2023\/08\/962291-rj-3.jpg\" alt=\"\" class=\"wp-image-73782\"\/><figcaption class=\"wp-element-caption\">Decis\u00e3o foi vencedora por 6 votos a 5 no plen\u00e1rio virtual &#8211; Foto: Fernando Fraz\u00e3o\/Ag\u00eancia Brasil<\/figcaption><\/figure>\n\n\n\n<p class=\"wp-block-paragraph\"><strong>Da Ag\u00eancia Brasil<\/strong><\/p>\n\n\n\n<p class=\"wp-block-paragraph\">O Supremo Tribunal Federal (STF) definiu nesta sexta-feira (25) que as guardas municipais fazem parte do sistema de de seguran\u00e7a p\u00fablica. Com a decis\u00e3o, fica garantido que os integrantes das guardas podem realizar o policiamento de vias e pris\u00f5es em flagrante.<img decoding=\"async\" src=\"https:\/\/agenciabrasil.ebc.com.br\/ebc.png?id=1551350&amp;o=node\"><img decoding=\"async\" src=\"https:\/\/agenciabrasil.ebc.com.br\/ebc.gif?id=1551350&amp;o=node\"><\/p>\n\n\n\n<p class=\"wp-block-paragraph\">Por 6 votos a 5, o caso foi decidido a partir de uma a\u00e7\u00e3o protocolada pela Associa\u00e7\u00e3o dos Guardas Municipais do Brasil (AGM Brasil) contra decis\u00f5es judiciais que n\u00e3o reconhecem a categoria como integrante do sistema de seguran\u00e7a do pa\u00eds. Pelas decis\u00f5es, a corpora\u00e7\u00e3o n\u00e3o tem poder de pol\u00edcia, e o trabalho dos guardas se restringe \u00e0 prote\u00e7\u00e3o de bens p\u00fablicos.<\/p>\n\n\n\n<p class=\"wp-block-paragraph\">Diante das decis\u00f5es, as pris\u00f5es realizadas pelos guardas s\u00e3o consideradas ilegais e favorecem a soltura de criminosos. As guardas existem em cerca de 640 munic\u00edpios do pa\u00eds.<\/p>\n\n\n\n<p class=\"wp-block-paragraph\">Ao analisar o caso, o relator ministro Alexandre de Moraes entendeu que os guardas devem ser considerados agentes de seguran\u00e7a p\u00fablica, apesar da atividade n\u00e3o estar expressamente inserida no&nbsp;<a href=\"https:\/\/www.jusbrasil.com.br\/doutrina\/secao\/art-144-capitulo-iii-da-seguranca-publica-constituicao-federal-comentada\/1196976702?utm_source=google&amp;utm_medium=cpc&amp;utm_campaign=doutrina_dsa&amp;utm_term=&amp;utm_content=capitulos&amp;campaign=true&amp;gclid=CjwKCAjwoqGnBhAcEiwAwK-OkcCXS7nnZzqj0JpWl689F7mlpYvD1jROEjNtLI9IXTXClySCsTZechoCE3oQAvD_BwE\" target=\"_blank\" rel=\"noreferrer noopener\">Artigo 144 da Constitui\u00e7\u00e3o<\/a>, que trata da seguran\u00e7a p\u00fablica.<\/p>\n\n\n\n<p class=\"wp-block-paragraph\">\u201cAs guardas municipais t\u00eam entre suas atribui\u00e7\u00f5es primordiais o poder-dever de prevenir, inibir e coibir, pela presen\u00e7a e vigil\u00e2ncia, infra\u00e7\u00f5es penais ou administrativas e atos infracionais que atentem contra os bens, servi\u00e7os e instala\u00e7\u00f5es municipais. Trata-se de atividade t\u00edpica de seguran\u00e7a p\u00fablica exercida na tutela do patrim\u00f4nio\u201d, argumentou Moraes.<\/p>\n\n\n\n<p class=\"wp-block-paragraph\">Ap\u00f3s o voto do ministro, foi registrado empate na vota\u00e7\u00e3o. Os ministros Dias Toffoli, Gilmar Mendes, Lu\u00eds Roberto Barroso, Luiz Fux acompanharam o relator. Edson Fachin, Andr\u00e9 Mendon\u00e7a, C\u00e1rmen L\u00facia, Rosa Weber e Nunes Marques divergiram.<\/p>\n\n\n\n<p class=\"wp-block-paragraph\">Coube ao ministro Cristiano Zanin desempatar o julgamento. Para o ministro, a jurisprud\u00eancia do STF garante que as guardas municipais realizem atividades de seguran\u00e7a p\u00fablica.<\/p>\n\n\n\n<p class=\"wp-block-paragraph\">\u201cPosto isso, acompanho o relator, ministro Alexandre de Moraes, e voto pelo conhecimento e provimento da presente argui\u00e7\u00e3o de descumprimento de preceito fundamental\u201d, argumentou Zanin.<\/p>\n\n\n\n<p class=\"wp-block-paragraph\">O julgamento foi realizado no plen\u00e1rio virtual da Corte, modalidade na qual os ministros inserem votos no sistema eletr\u00f4nico da Corte e n\u00e3o h\u00e1 delibera\u00e7\u00e3o presencial.<\/p>\n","protected":false},"excerpt":{"rendered":"<p>Da Ag\u00eancia Brasil O Supremo Tribunal Federal (STF) definiu nesta sexta-feira (25) que as guardas municipais fazem parte do sistema de de seguran\u00e7a p\u00fablica. Com a decis\u00e3o, fica garantido que os integrantes das guardas podem realizar o policiamento de vias e pris\u00f5es em flagrante. Por 6 votos a 5, o caso foi decidido a partir [&hellip;]<\/p>\n","protected":false},"author":13,"featured_media":0,"comment_status":"open","ping_status":"open","sticky":false,"template":"","format":"standard","meta":{"_acf_changed":false,"footnotes":""},"categories":[19,898],"tags":[],"class_list":["post-73781","post","type-post","status-publish","format-standard","hentry","category-brasil-mundo","category-manchete-segundaria"],"acf":[],"yoast_head":"<!-- This site is optimized with the Yoast SEO plugin v24.4 - https:\/\/yoast.com\/wordpress\/plugins\/seo\/ -->\n<title>Guardas municipais integram sistema de seguran\u00e7a p\u00fablica, decide STF - PORTAL DE NOT\u00cdCIAS CLEITON PINHEIRO<\/title>\n<meta name=\"robots\" content=\"index, follow, max-snippet:-1, max-image-preview:large, max-video-preview:-1\" \/>\n<link rel=\"canonical\" href=\"https:\/\/cleitonpinheiro.com.br\/site\/guardas-municipais-integram-sistema-de-seguranca-publica-decide-stf\/\" \/>\n<meta property=\"og:locale\" content=\"pt_BR\" \/>\n<meta property=\"og:type\" content=\"article\" \/>\n<meta property=\"og:title\" content=\"Guardas municipais integram sistema de seguran\u00e7a p\u00fablica, decide STF - PORTAL DE NOT\u00cdCIAS CLEITON PINHEIRO\" \/>\n<meta property=\"og:description\" content=\"Da Ag\u00eancia Brasil O Supremo Tribunal Federal (STF) definiu nesta sexta-feira (25) que as guardas municipais fazem parte do sistema de de seguran\u00e7a p\u00fablica. Com a decis\u00e3o, fica garantido que os integrantes das guardas podem realizar o policiamento de vias e pris\u00f5es em flagrante. Por 6 votos a 5, o caso foi decidido a partir [&hellip;]\" \/>\n<meta property=\"og:url\" content=\"https:\/\/cleitonpinheiro.com.br\/site\/guardas-municipais-integram-sistema-de-seguranca-publica-decide-stf\/\" \/>\n<meta property=\"og:site_name\" content=\"PORTAL DE NOT\u00cdCIAS CLEITON PINHEIRO\" \/>\n<meta property=\"article:publisher\" content=\"https:\/\/www.facebook.com\/portalcpnoticias\/\" \/>\n<meta property=\"article:published_time\" content=\"2023-08-28T11:33:44+00:00\" \/>\n<meta property=\"article:modified_time\" content=\"2023-08-28T11:33:45+00:00\" \/>\n<meta property=\"og:image\" content=\"https:\/\/cleitonpinheiro.com.br\/site\/wp-content\/uploads\/2023\/08\/962291-rj-3.jpg\" \/>\n\t<meta property=\"og:image:width\" content=\"1170\" \/>\n\t<meta property=\"og:image:height\" content=\"700\" \/>\n\t<meta property=\"og:image:type\" content=\"image\/jpeg\" \/>\n<meta name=\"author\" content=\"Reda\u00e7\u00e3o CP\" \/>\n<meta name=\"twitter:card\" content=\"summary_large_image\" \/>\n<meta name=\"twitter:label1\" content=\"Escrito por\" \/>\n\t<meta name=\"twitter:data1\" content=\"Reda\u00e7\u00e3o CP\" \/>\n\t<meta name=\"twitter:label2\" content=\"Est. tempo de leitura\" \/>\n\t<meta name=\"twitter:data2\" content=\"3 minutos\" \/>\n<script type=\"application\/ld+json\" class=\"yoast-schema-graph\">{\"@context\":\"https:\/\/schema.org\",\"@graph\":[{\"@type\":\"Article\",\"@id\":\"https:\/\/cleitonpinheiro.com.br\/site\/guardas-municipais-integram-sistema-de-seguranca-publica-decide-stf\/#article\",\"isPartOf\":{\"@id\":\"https:\/\/cleitonpinheiro.com.br\/site\/guardas-municipais-integram-sistema-de-seguranca-publica-decide-stf\/\"},\"author\":{\"name\":\"Reda\u00e7\u00e3o CP\",\"@id\":\"https:\/\/cleitonpinheiro.com.br\/site\/#\/schema\/person\/8f04544e0bc40a1b68775b08360f87db\"},\"headline\":\"Guardas municipais integram sistema de seguran\u00e7a p\u00fablica, decide STF\",\"datePublished\":\"2023-08-28T11:33:44+00:00\",\"dateModified\":\"2023-08-28T11:33:45+00:00\",\"mainEntityOfPage\":{\"@id\":\"https:\/\/cleitonpinheiro.com.br\/site\/guardas-municipais-integram-sistema-de-seguranca-publica-decide-stf\/\"},\"wordCount\":409,\"commentCount\":0,\"publisher\":{\"@id\":\"https:\/\/cleitonpinheiro.com.br\/site\/#organization\"},\"image\":{\"@id\":\"https:\/\/cleitonpinheiro.com.br\/site\/guardas-municipais-integram-sistema-de-seguranca-publica-decide-stf\/#primaryimage\"},\"thumbnailUrl\":\"https:\/\/cleitonpinheiro.com.br\/site\/wp-content\/uploads\/2023\/08\/962291-rj-3.jpg\",\"articleSection\":[\"BRASIL \/ MUNDO\",\"MANCHETE SEGUND\u00c1RIA\"],\"inLanguage\":\"pt-BR\",\"potentialAction\":[{\"@type\":\"CommentAction\",\"name\":\"Comment\",\"target\":[\"https:\/\/cleitonpinheiro.com.br\/site\/guardas-municipais-integram-sistema-de-seguranca-publica-decide-stf\/#respond\"]}]},{\"@type\":\"WebPage\",\"@id\":\"https:\/\/cleitonpinheiro.com.br\/site\/guardas-municipais-integram-sistema-de-seguranca-publica-decide-stf\/\",\"url\":\"https:\/\/cleitonpinheiro.com.br\/site\/guardas-municipais-integram-sistema-de-seguranca-publica-decide-stf\/\",\"name\":\"Guardas municipais integram sistema de seguran\u00e7a p\u00fablica, decide STF - PORTAL DE NOT\u00cdCIAS CLEITON PINHEIRO\",\"isPartOf\":{\"@id\":\"https:\/\/cleitonpinheiro.com.br\/site\/#website\"},\"primaryImageOfPage\":{\"@id\":\"https:\/\/cleitonpinheiro.com.br\/site\/guardas-municipais-integram-sistema-de-seguranca-publica-decide-stf\/#primaryimage\"},\"image\":{\"@id\":\"https:\/\/cleitonpinheiro.com.br\/site\/guardas-municipais-integram-sistema-de-seguranca-publica-decide-stf\/#primaryimage\"},\"thumbnailUrl\":\"https:\/\/cleitonpinheiro.com.br\/site\/wp-content\/uploads\/2023\/08\/962291-rj-3.jpg\",\"datePublished\":\"2023-08-28T11:33:44+00:00\",\"dateModified\":\"2023-08-28T11:33:45+00:00\",\"breadcrumb\":{\"@id\":\"https:\/\/cleitonpinheiro.com.br\/site\/guardas-municipais-integram-sistema-de-seguranca-publica-decide-stf\/#breadcrumb\"},\"inLanguage\":\"pt-BR\",\"potentialAction\":[{\"@type\":\"ReadAction\",\"target\":[\"https:\/\/cleitonpinheiro.com.br\/site\/guardas-municipais-integram-sistema-de-seguranca-publica-decide-stf\/\"]}]},{\"@type\":\"ImageObject\",\"inLanguage\":\"pt-BR\",\"@id\":\"https:\/\/cleitonpinheiro.com.br\/site\/guardas-municipais-integram-sistema-de-seguranca-publica-decide-stf\/#primaryimage\",\"url\":\"\",\"contentUrl\":\"\"},{\"@type\":\"BreadcrumbList\",\"@id\":\"https:\/\/cleitonpinheiro.com.br\/site\/guardas-municipais-integram-sistema-de-seguranca-publica-decide-stf\/#breadcrumb\",\"itemListElement\":[{\"@type\":\"ListItem\",\"position\":1,\"name\":\"In\u00edcio\",\"item\":\"https:\/\/cleitonpinheiro.com.br\/site\/\"},{\"@type\":\"ListItem\",\"position\":2,\"name\":\"Guardas municipais integram sistema de seguran\u00e7a p\u00fablica, decide STF\"}]},{\"@type\":\"WebSite\",\"@id\":\"https:\/\/cleitonpinheiro.com.br\/site\/#website\",\"url\":\"https:\/\/cleitonpinheiro.com.br\/site\/\",\"name\":\"PORTAL DE NOT\u00cdCIAS CLEITON PINHEIRO\",\"description\":\"FALANDO A VERDADE\",\"publisher\":{\"@id\":\"https:\/\/cleitonpinheiro.com.br\/site\/#organization\"},\"potentialAction\":[{\"@type\":\"SearchAction\",\"target\":{\"@type\":\"EntryPoint\",\"urlTemplate\":\"https:\/\/cleitonpinheiro.com.br\/site\/?s={search_term_string}\"},\"query-input\":{\"@type\":\"PropertyValueSpecification\",\"valueRequired\":true,\"valueName\":\"search_term_string\"}}],\"inLanguage\":\"pt-BR\"},{\"@type\":\"Organization\",\"@id\":\"https:\/\/cleitonpinheiro.com.br\/site\/#organization\",\"name\":\"CPNOT\u00cdCIAS\",\"url\":\"https:\/\/cleitonpinheiro.com.br\/site\/\",\"logo\":{\"@type\":\"ImageObject\",\"inLanguage\":\"pt-BR\",\"@id\":\"https:\/\/cleitonpinheiro.com.br\/site\/#\/schema\/logo\/image\/\",\"url\":\"https:\/\/cleitonpinheiro.com.br\/site\/wp-content\/uploads\/2022\/08\/Logo-pequena-2.png\",\"contentUrl\":\"https:\/\/cleitonpinheiro.com.br\/site\/wp-content\/uploads\/2022\/08\/Logo-pequena-2.png\",\"width\":500,\"height\":500,\"caption\":\"CPNOT\u00cdCIAS\"},\"image\":{\"@id\":\"https:\/\/cleitonpinheiro.com.br\/site\/#\/schema\/logo\/image\/\"},\"sameAs\":[\"https:\/\/www.facebook.com\/portalcpnoticias\/\"]},{\"@type\":\"Person\",\"@id\":\"https:\/\/cleitonpinheiro.com.br\/site\/#\/schema\/person\/8f04544e0bc40a1b68775b08360f87db\",\"name\":\"Reda\u00e7\u00e3o CP\",\"image\":{\"@type\":\"ImageObject\",\"inLanguage\":\"pt-BR\",\"@id\":\"https:\/\/cleitonpinheiro.com.br\/site\/#\/schema\/person\/image\/\",\"url\":\"https:\/\/secure.gravatar.com\/avatar\/0bcf19cb29fdc8fc588c490c7ae1b3e174dac268586a63fbe1d1893a0f9020cd?s=96&r=g\",\"contentUrl\":\"https:\/\/secure.gravatar.com\/avatar\/0bcf19cb29fdc8fc588c490c7ae1b3e174dac268586a63fbe1d1893a0f9020cd?s=96&r=g\",\"caption\":\"Reda\u00e7\u00e3o CP\"},\"url\":\"https:\/\/cleitonpinheiro.com.br\/site\/author\/redacao\/\"}]}<\/script>\n<!-- \/ Yoast SEO plugin. -->","yoast_head_json":{"title":"Guardas municipais integram sistema de seguran\u00e7a p\u00fablica, decide STF - PORTAL DE NOT\u00cdCIAS CLEITON PINHEIRO","robots":{"index":"index","follow":"follow","max-snippet":"max-snippet:-1","max-image-preview":"max-image-preview:large","max-video-preview":"max-video-preview:-1"},"canonical":"https:\/\/cleitonpinheiro.com.br\/site\/guardas-municipais-integram-sistema-de-seguranca-publica-decide-stf\/","og_locale":"pt_BR","og_type":"article","og_title":"Guardas municipais integram sistema de seguran\u00e7a p\u00fablica, decide STF - PORTAL DE NOT\u00cdCIAS CLEITON PINHEIRO","og_description":"Da Ag\u00eancia Brasil O Supremo Tribunal Federal (STF) definiu nesta sexta-feira (25) que as guardas municipais fazem parte do sistema de de seguran\u00e7a p\u00fablica. Com a decis\u00e3o, fica garantido que os integrantes das guardas podem realizar o policiamento de vias e pris\u00f5es em flagrante. Por 6 votos a 5, o caso foi decidido a partir [&hellip;]","og_url":"https:\/\/cleitonpinheiro.com.br\/site\/guardas-municipais-integram-sistema-de-seguranca-publica-decide-stf\/","og_site_name":"PORTAL DE NOT\u00cdCIAS CLEITON PINHEIRO","article_publisher":"https:\/\/www.facebook.com\/portalcpnoticias\/","article_published_time":"2023-08-28T11:33:44+00:00","article_modified_time":"2023-08-28T11:33:45+00:00","og_image":[{"width":1170,"height":700,"url":"https:\/\/cleitonpinheiro.com.br\/site\/wp-content\/uploads\/2023\/08\/962291-rj-3.jpg","type":"image\/jpeg"}],"author":"Reda\u00e7\u00e3o CP","twitter_card":"summary_large_image","twitter_misc":{"Escrito por":"Reda\u00e7\u00e3o CP","Est. tempo de leitura":"3 minutos"},"schema":{"@context":"https:\/\/schema.org","@graph":[{"@type":"Article","@id":"https:\/\/cleitonpinheiro.com.br\/site\/guardas-municipais-integram-sistema-de-seguranca-publica-decide-stf\/#article","isPartOf":{"@id":"https:\/\/cleitonpinheiro.com.br\/site\/guardas-municipais-integram-sistema-de-seguranca-publica-decide-stf\/"},"author":{"name":"Reda\u00e7\u00e3o CP","@id":"https:\/\/cleitonpinheiro.com.br\/site\/#\/schema\/person\/8f04544e0bc40a1b68775b08360f87db"},"headline":"Guardas municipais integram sistema de seguran\u00e7a p\u00fablica, decide STF","datePublished":"2023-08-28T11:33:44+00:00","dateModified":"2023-08-28T11:33:45+00:00","mainEntityOfPage":{"@id":"https:\/\/cleitonpinheiro.com.br\/site\/guardas-municipais-integram-sistema-de-seguranca-publica-decide-stf\/"},"wordCount":409,"commentCount":0,"publisher":{"@id":"https:\/\/cleitonpinheiro.com.br\/site\/#organization"},"image":{"@id":"https:\/\/cleitonpinheiro.com.br\/site\/guardas-municipais-integram-sistema-de-seguranca-publica-decide-stf\/#primaryimage"},"thumbnailUrl":"https:\/\/cleitonpinheiro.com.br\/site\/wp-content\/uploads\/2023\/08\/962291-rj-3.jpg","articleSection":["BRASIL \/ MUNDO","MANCHETE SEGUND\u00c1RIA"],"inLanguage":"pt-BR","potentialAction":[{"@type":"CommentAction","name":"Comment","target":["https:\/\/cleitonpinheiro.com.br\/site\/guardas-municipais-integram-sistema-de-seguranca-publica-decide-stf\/#respond"]}]},{"@type":"WebPage","@id":"https:\/\/cleitonpinheiro.com.br\/site\/guardas-municipais-integram-sistema-de-seguranca-publica-decide-stf\/","url":"https:\/\/cleitonpinheiro.com.br\/site\/guardas-municipais-integram-sistema-de-seguranca-publica-decide-stf\/","name":"Guardas municipais integram sistema de seguran\u00e7a p\u00fablica, decide STF - PORTAL DE NOT\u00cdCIAS CLEITON PINHEIRO","isPartOf":{"@id":"https:\/\/cleitonpinheiro.com.br\/site\/#website"},"primaryImageOfPage":{"@id":"https:\/\/cleitonpinheiro.com.br\/site\/guardas-municipais-integram-sistema-de-seguranca-publica-decide-stf\/#primaryimage"},"image":{"@id":"https:\/\/cleitonpinheiro.com.br\/site\/guardas-municipais-integram-sistema-de-seguranca-publica-decide-stf\/#primaryimage"},"thumbnailUrl":"https:\/\/cleitonpinheiro.com.br\/site\/wp-content\/uploads\/2023\/08\/962291-rj-3.jpg","datePublished":"2023-08-28T11:33:44+00:00","dateModified":"2023-08-28T11:33:45+00:00","breadcrumb":{"@id":"https:\/\/cleitonpinheiro.com.br\/site\/guardas-municipais-integram-sistema-de-seguranca-publica-decide-stf\/#breadcrumb"},"inLanguage":"pt-BR","potentialAction":[{"@type":"ReadAction","target":["https:\/\/cleitonpinheiro.com.br\/site\/guardas-municipais-integram-sistema-de-seguranca-publica-decide-stf\/"]}]},{"@type":"ImageObject","inLanguage":"pt-BR","@id":"https:\/\/cleitonpinheiro.com.br\/site\/guardas-municipais-integram-sistema-de-seguranca-publica-decide-stf\/#primaryimage","url":"","contentUrl":""},{"@type":"BreadcrumbList","@id":"https:\/\/cleitonpinheiro.com.br\/site\/guardas-municipais-integram-sistema-de-seguranca-publica-decide-stf\/#breadcrumb","itemListElement":[{"@type":"ListItem","position":1,"name":"In\u00edcio","item":"https:\/\/cleitonpinheiro.com.br\/site\/"},{"@type":"ListItem","position":2,"name":"Guardas municipais integram sistema de seguran\u00e7a p\u00fablica, decide STF"}]},{"@type":"WebSite","@id":"https:\/\/cleitonpinheiro.com.br\/site\/#website","url":"https:\/\/cleitonpinheiro.com.br\/site\/","name":"PORTAL DE NOT\u00cdCIAS CLEITON PINHEIRO","description":"FALANDO A VERDADE","publisher":{"@id":"https:\/\/cleitonpinheiro.com.br\/site\/#organization"},"potentialAction":[{"@type":"SearchAction","target":{"@type":"EntryPoint","urlTemplate":"https:\/\/cleitonpinheiro.com.br\/site\/?s={search_term_string}"},"query-input":{"@type":"PropertyValueSpecification","valueRequired":true,"valueName":"search_term_string"}}],"inLanguage":"pt-BR"},{"@type":"Organization","@id":"https:\/\/cleitonpinheiro.com.br\/site\/#organization","name":"CPNOT\u00cdCIAS","url":"https:\/\/cleitonpinheiro.com.br\/site\/","logo":{"@type":"ImageObject","inLanguage":"pt-BR","@id":"https:\/\/cleitonpinheiro.com.br\/site\/#\/schema\/logo\/image\/","url":"https:\/\/cleitonpinheiro.com.br\/site\/wp-content\/uploads\/2022\/08\/Logo-pequena-2.png","contentUrl":"https:\/\/cleitonpinheiro.com.br\/site\/wp-content\/uploads\/2022\/08\/Logo-pequena-2.png","width":500,"height":500,"caption":"CPNOT\u00cdCIAS"},"image":{"@id":"https:\/\/cleitonpinheiro.com.br\/site\/#\/schema\/logo\/image\/"},"sameAs":["https:\/\/www.facebook.com\/portalcpnoticias\/"]},{"@type":"Person","@id":"https:\/\/cleitonpinheiro.com.br\/site\/#\/schema\/person\/8f04544e0bc40a1b68775b08360f87db","name":"Reda\u00e7\u00e3o CP","image":{"@type":"ImageObject","inLanguage":"pt-BR","@id":"https:\/\/cleitonpinheiro.com.br\/site\/#\/schema\/person\/image\/","url":"https:\/\/secure.gravatar.com\/avatar\/0bcf19cb29fdc8fc588c490c7ae1b3e174dac268586a63fbe1d1893a0f9020cd?s=96&r=g","contentUrl":"https:\/\/secure.gravatar.com\/avatar\/0bcf19cb29fdc8fc588c490c7ae1b3e174dac268586a63fbe1d1893a0f9020cd?s=96&r=g","caption":"Reda\u00e7\u00e3o CP"},"url":"https:\/\/cleitonpinheiro.com.br\/site\/author\/redacao\/"}]}},"views":99,"_links":{"self":[{"href":"https:\/\/cleitonpinheiro.com.br\/site\/wp-json\/wp\/v2\/posts\/73781","targetHints":{"allow":["GET"]}}],"collection":[{"href":"https:\/\/cleitonpinheiro.com.br\/site\/wp-json\/wp\/v2\/posts"}],"about":[{"href":"https:\/\/cleitonpinheiro.com.br\/site\/wp-json\/wp\/v2\/types\/post"}],"author":[{"embeddable":true,"href":"https:\/\/cleitonpinheiro.com.br\/site\/wp-json\/wp\/v2\/users\/13"}],"replies":[{"embeddable":true,"href":"https:\/\/cleitonpinheiro.com.br\/site\/wp-json\/wp\/v2\/comments?post=73781"}],"version-history":[{"count":1,"href":"https:\/\/cleitonpinheiro.com.br\/site\/wp-json\/wp\/v2\/posts\/73781\/revisions"}],"predecessor-version":[{"id":73783,"href":"https:\/\/cleitonpinheiro.com.br\/site\/wp-json\/wp\/v2\/posts\/73781\/revisions\/73783"}],"wp:attachment":[{"href":"https:\/\/cleitonpinheiro.com.br\/site\/wp-json\/wp\/v2\/media?parent=73781"}],"wp:term":[{"taxonomy":"category","embeddable":true,"href":"https:\/\/cleitonpinheiro.com.br\/site\/wp-json\/wp\/v2\/categories?post=73781"},{"taxonomy":"post_tag","embeddable":true,"href":"https:\/\/cleitonpinheiro.com.br\/site\/wp-json\/wp\/v2\/tags?post=73781"}],"curies":[{"name":"wp","href":"https:\/\/api.w.org\/{rel}","templated":true}]}}