{"id":73784,"date":"2023-08-28T08:32:45","date_gmt":"2023-08-28T11:32:45","guid":{"rendered":"https:\/\/cleitonpinheiro.com.br\/site\/?p=73784"},"modified":"2023-08-28T08:32:47","modified_gmt":"2023-08-28T11:32:47","slug":"historiador-defende-espaco-de-memoria-em-assentamento-do-mst","status":"publish","type":"post","link":"https:\/\/cleitonpinheiro.com.br\/site\/historiador-defende-espaco-de-memoria-em-assentamento-do-mst\/","title":{"rendered":"Historiador defende espa\u00e7o de mem\u00f3ria em assentamento do MST"},"content":{"rendered":"\n<figure class=\"wp-block-image size-full\"><img decoding=\"async\" src=\"https:\/\/cleitonpinheiro.com.br\/site\/wp-content\/uploads\/2023\/08\/clarice-lissovsky_23-768x512-1.jpg\" alt=\"\" class=\"wp-image-73785\"\/><figcaption class=\"wp-element-caption\">Usina foi usada como cremat\u00f3rio de corpos durante a ditadura militar &#8211; Foto: Ale Cabral\/CPB\n<\/figcaption><\/figure>\n\n\n\n<p class=\"wp-block-paragraph\"><strong>Da Ag\u00eancia Brasil<\/strong><\/p>\n\n\n\n<p class=\"wp-block-paragraph\">O historiador Lucas Pedretti, coordenador da Coaliz\u00e3o Brasil por Mem\u00f3ria, Verdade, Justi\u00e7a, Repara\u00e7\u00e3o e Democracia, defendeu a cria\u00e7\u00e3o de um espa\u00e7o de mem\u00f3ria no assentamento do Movimento dos Trabalhadores Rurais Sem Terra (MST) destinado \u00e0 reforma agr\u00e1ria nas terras da antiga Usina Cambahyba, em Campos dos Goytacazes, no norte fluminense, usada como local de incinera\u00e7\u00e3o de corpos durante a ditadura militar.<img decoding=\"async\" src=\"https:\/\/agenciabrasil.ebc.com.br\/ebc.png?id=1551102&amp;o=node\"><img decoding=\"async\" src=\"https:\/\/agenciabrasil.ebc.com.br\/ebc.gif?id=1551102&amp;o=node\"><\/p>\n\n\n\n<p class=\"wp-block-paragraph\">\u201cSeria muito importante que o assentamento a ser constru\u00eddo na usina pudesse ser pensado como lugar de mem\u00f3ria da viol\u00eancia do Estado, das lutas por democracia, das lutas pela reforma agr\u00e1ria, das lutas por Justi\u00e7a e por direitos humanos porque aquele espa\u00e7o \u00e9 muito significativo ao acumular esse conjunto de simbolismos que nos mostram o quanto a gente ainda tem a avan\u00e7ar na consolida\u00e7\u00e3o de uma democracia no Brasil\u201d, disse o historiador.<\/p>\n\n\n\n<p class=\"wp-block-paragraph\">O Instituto Nacional de Coloniza\u00e7\u00e3o e Reforma Agr\u00e1ria (Incra) publicou no&nbsp;Di\u00e1rio Oficial da Uni\u00e3o dessa quarta-feira (23) portaria que&nbsp;<a href=\"https:\/\/agenciabrasil.ebc.com.br\/geral\/noticia\/2023-08\/incra-cria-assentamento-em-usina-em-campos-dos-goytacazes-no-rio\" target=\"_blank\" rel=\"noreferrer noopener\">cria o Projeto de Assentamento C\u00edcero Guedes<\/a>. A \u00e1rea de 1.319,8148 hectares foi desapropriada em 2021, pela Justi\u00e7a Federal, e destinada a assentar fam\u00edlias do MST, que lutam pelo local desde 1998, quando um decreto presidencial considerou as terras improdutivas por n\u00e3o cumprir fun\u00e7\u00e3o social. De acordo com portaria do Incra, 185 fam\u00edlias ser\u00e3o assentadas no local.<\/p>\n\n\n\n<figure class=\"wp-block-image\"><img decoding=\"async\" src=\"https:\/\/imagens.ebc.com.br\/TFhIv8LxAHSu7rfaSyjIhXr1YO4=\/754x0\/smart\/https:\/\/agenciabrasil.ebc.com.br\/sites\/default\/files\/thumbnails\/image\/20230616_101541-768x576.jpg?itok=BxDvEMpb\" alt=\"23\/08\/2023, Fam\u00edlias do acampamento C\u00edcero Guedes seguem lutando para que o Incra estabele\u00e7a as negocia\u00e7\u00f5es para cria\u00e7\u00e3o do assentamento. Foto: MST\/RJ\" title=\"MST\/RJ\"\/><\/figure>\n\n\n\n<h6 class=\"wp-block-heading\">Na \u00faltima quinta-feira (24), portaria do Incra criou o Projeto de Assentamento C\u00edcero Guedes \u2013&nbsp;<strong>MST\/RJ<\/strong><\/h6>\n\n\n\n<p class=\"wp-block-paragraph\">As terras da Usina Cambahyba pertenciam \u00e0 fam\u00edlia de Heli Ribeiro Gomes, j\u00e1 falecido. Ele foi vice-governador do Rio de Janeiro, de 1967 a 1971, e seria pr\u00f3ximo ao agente do Departamento de Ordem Pol\u00edtica e Social do Esp\u00edrito Santo (DOPS), Cl\u00e1udio Guerra.<\/p>\n\n\n\n<p class=\"wp-block-paragraph\">Segundo Lucas Pedretti, Guerra teria sugerido a Gomes no auge da repress\u00e3o \u00e0 luta armada que a usina fosse usada para incinerar 12 corpos de militantes pol\u00edticos desaparecidos, principalmente os que haviam sido torturados e assassinados na Casa da Morte, aparelho clandestino de repress\u00e3o em Petr\u00f3polis.<\/p>\n\n\n\n<p class=\"wp-block-paragraph\">\u201cEssa narrativa do Cl\u00e1udio Guerra foi recentemente atestada por uma per\u00edcia feita pela Comiss\u00e3o Nacional da Verdade que cita a possibilidade f\u00edsica de que os fornos foram utilizados para esse fim e mais recentemente a Justi\u00e7a Federal condenou o Cl\u00e1udio Guerra em uma decis\u00e3o muito rara no Brasil por viola\u00e7\u00f5es aos direitos humanos. Na decis\u00e3o da Justi\u00e7a, se confirma que os fornos da usina foram utilizados para a oculta\u00e7\u00e3o de cad\u00e1veres\u201d, afirmou o historiador.<\/p>\n\n\n\n<p class=\"wp-block-paragraph\">Para a dirigente do MST no Rio de Janeiro Iranilde de Oliveira Silva, a Er\u00f3, o an\u00fancio do assentamento \u00e9 um processo de repara\u00e7\u00e3o hist\u00f3rica da classe trabalhadora e do avan\u00e7o da reforma agr\u00e1ria no estado.<\/p>\n\n\n\n<p class=\"wp-block-paragraph\">\u201cUma \u00e1rea que foi utilizada para incinerar corpos de militantes durante a ditadura militar hoje ali pulsam fam\u00edlias, pulsam vidas, pulsa produ\u00e7\u00e3o de alimentos saud\u00e1veis. O assentamento tem uma refer\u00eancia muito grande para avan\u00e7armos no combate \u00e0 fome e \u00e0 mis\u00e9ria no campo.\u201d<\/p>\n\n\n\n<p class=\"wp-block-paragraph\">O nome do assentamento lembra C\u00edcero Guedes, l\u00edder do MST em Campos dos Goytacazes, assassinado em 26 de janeiro de 2013 com mais de dez tiros nas costas e cabe\u00e7a, pr\u00f3ximo ao Assentamento Oziel Alvez, uma das ocupa\u00e7\u00f5es feitas pelo movimento para pressionar a destina\u00e7\u00e3o do Complexo Cambahyba para reforma agr\u00e1ria.<\/p>\n","protected":false},"excerpt":{"rendered":"<p>Da Ag\u00eancia Brasil O historiador Lucas Pedretti, coordenador da Coaliz\u00e3o Brasil por Mem\u00f3ria, Verdade, Justi\u00e7a, Repara\u00e7\u00e3o e Democracia, defendeu a cria\u00e7\u00e3o de um espa\u00e7o de mem\u00f3ria no assentamento do Movimento dos Trabalhadores Rurais Sem Terra (MST) destinado \u00e0 reforma agr\u00e1ria nas terras da antiga Usina Cambahyba, em Campos dos Goytacazes, no norte fluminense, usada como [&hellip;]<\/p>\n","protected":false},"author":13,"featured_media":0,"comment_status":"open","ping_status":"open","sticky":false,"template":"","format":"standard","meta":{"_acf_changed":false,"footnotes":""},"categories":[19,898],"tags":[],"class_list":["post-73784","post","type-post","status-publish","format-standard","hentry","category-brasil-mundo","category-manchete-segundaria"],"acf":[],"yoast_head":"<!-- This site is optimized with the Yoast SEO plugin v24.4 - https:\/\/yoast.com\/wordpress\/plugins\/seo\/ -->\n<title>Historiador defende espa\u00e7o de mem\u00f3ria em assentamento do MST - PORTAL DE NOT\u00cdCIAS CLEITON PINHEIRO<\/title>\n<meta name=\"robots\" content=\"index, follow, max-snippet:-1, max-image-preview:large, max-video-preview:-1\" \/>\n<link rel=\"canonical\" href=\"https:\/\/cleitonpinheiro.com.br\/site\/historiador-defende-espaco-de-memoria-em-assentamento-do-mst\/\" \/>\n<meta property=\"og:locale\" content=\"pt_BR\" \/>\n<meta property=\"og:type\" content=\"article\" \/>\n<meta property=\"og:title\" content=\"Historiador defende espa\u00e7o de mem\u00f3ria em assentamento do MST - PORTAL DE NOT\u00cdCIAS CLEITON PINHEIRO\" \/>\n<meta property=\"og:description\" content=\"Da Ag\u00eancia Brasil O historiador Lucas Pedretti, coordenador da Coaliz\u00e3o Brasil por Mem\u00f3ria, Verdade, Justi\u00e7a, Repara\u00e7\u00e3o e Democracia, defendeu a cria\u00e7\u00e3o de um espa\u00e7o de mem\u00f3ria no assentamento do Movimento dos Trabalhadores Rurais Sem Terra (MST) destinado \u00e0 reforma agr\u00e1ria nas terras da antiga Usina Cambahyba, em Campos dos Goytacazes, no norte fluminense, usada como [&hellip;]\" \/>\n<meta property=\"og:url\" content=\"https:\/\/cleitonpinheiro.com.br\/site\/historiador-defende-espaco-de-memoria-em-assentamento-do-mst\/\" \/>\n<meta property=\"og:site_name\" content=\"PORTAL DE NOT\u00cdCIAS CLEITON PINHEIRO\" \/>\n<meta property=\"article:publisher\" content=\"https:\/\/www.facebook.com\/portalcpnoticias\/\" \/>\n<meta property=\"article:published_time\" content=\"2023-08-28T11:32:45+00:00\" \/>\n<meta property=\"article:modified_time\" content=\"2023-08-28T11:32:47+00:00\" \/>\n<meta property=\"og:image\" content=\"https:\/\/cleitonpinheiro.com.br\/site\/wp-content\/uploads\/2023\/08\/clarice-lissovsky_23-768x512-1.jpg\" \/>\n\t<meta property=\"og:image:width\" content=\"1170\" \/>\n\t<meta property=\"og:image:height\" content=\"700\" \/>\n\t<meta property=\"og:image:type\" content=\"image\/jpeg\" \/>\n<meta name=\"author\" content=\"Reda\u00e7\u00e3o CP\" \/>\n<meta name=\"twitter:card\" content=\"summary_large_image\" \/>\n<meta name=\"twitter:label1\" content=\"Escrito por\" \/>\n\t<meta name=\"twitter:data1\" content=\"Reda\u00e7\u00e3o CP\" \/>\n\t<meta name=\"twitter:label2\" content=\"Est. tempo de leitura\" \/>\n\t<meta name=\"twitter:data2\" content=\"4 minutos\" \/>\n<script type=\"application\/ld+json\" class=\"yoast-schema-graph\">{\"@context\":\"https:\/\/schema.org\",\"@graph\":[{\"@type\":\"Article\",\"@id\":\"https:\/\/cleitonpinheiro.com.br\/site\/historiador-defende-espaco-de-memoria-em-assentamento-do-mst\/#article\",\"isPartOf\":{\"@id\":\"https:\/\/cleitonpinheiro.com.br\/site\/historiador-defende-espaco-de-memoria-em-assentamento-do-mst\/\"},\"author\":{\"name\":\"Reda\u00e7\u00e3o CP\",\"@id\":\"https:\/\/cleitonpinheiro.com.br\/site\/#\/schema\/person\/8f04544e0bc40a1b68775b08360f87db\"},\"headline\":\"Historiador defende espa\u00e7o de mem\u00f3ria em assentamento do MST\",\"datePublished\":\"2023-08-28T11:32:45+00:00\",\"dateModified\":\"2023-08-28T11:32:47+00:00\",\"mainEntityOfPage\":{\"@id\":\"https:\/\/cleitonpinheiro.com.br\/site\/historiador-defende-espaco-de-memoria-em-assentamento-do-mst\/\"},\"wordCount\":604,\"commentCount\":0,\"publisher\":{\"@id\":\"https:\/\/cleitonpinheiro.com.br\/site\/#organization\"},\"image\":{\"@id\":\"https:\/\/cleitonpinheiro.com.br\/site\/historiador-defende-espaco-de-memoria-em-assentamento-do-mst\/#primaryimage\"},\"thumbnailUrl\":\"https:\/\/cleitonpinheiro.com.br\/site\/wp-content\/uploads\/2023\/08\/clarice-lissovsky_23-768x512-1.jpg\",\"articleSection\":[\"BRASIL \/ MUNDO\",\"MANCHETE SEGUND\u00c1RIA\"],\"inLanguage\":\"pt-BR\",\"potentialAction\":[{\"@type\":\"CommentAction\",\"name\":\"Comment\",\"target\":[\"https:\/\/cleitonpinheiro.com.br\/site\/historiador-defende-espaco-de-memoria-em-assentamento-do-mst\/#respond\"]}]},{\"@type\":\"WebPage\",\"@id\":\"https:\/\/cleitonpinheiro.com.br\/site\/historiador-defende-espaco-de-memoria-em-assentamento-do-mst\/\",\"url\":\"https:\/\/cleitonpinheiro.com.br\/site\/historiador-defende-espaco-de-memoria-em-assentamento-do-mst\/\",\"name\":\"Historiador defende espa\u00e7o de mem\u00f3ria em assentamento do MST - PORTAL DE NOT\u00cdCIAS CLEITON PINHEIRO\",\"isPartOf\":{\"@id\":\"https:\/\/cleitonpinheiro.com.br\/site\/#website\"},\"primaryImageOfPage\":{\"@id\":\"https:\/\/cleitonpinheiro.com.br\/site\/historiador-defende-espaco-de-memoria-em-assentamento-do-mst\/#primaryimage\"},\"image\":{\"@id\":\"https:\/\/cleitonpinheiro.com.br\/site\/historiador-defende-espaco-de-memoria-em-assentamento-do-mst\/#primaryimage\"},\"thumbnailUrl\":\"https:\/\/cleitonpinheiro.com.br\/site\/wp-content\/uploads\/2023\/08\/clarice-lissovsky_23-768x512-1.jpg\",\"datePublished\":\"2023-08-28T11:32:45+00:00\",\"dateModified\":\"2023-08-28T11:32:47+00:00\",\"breadcrumb\":{\"@id\":\"https:\/\/cleitonpinheiro.com.br\/site\/historiador-defende-espaco-de-memoria-em-assentamento-do-mst\/#breadcrumb\"},\"inLanguage\":\"pt-BR\",\"potentialAction\":[{\"@type\":\"ReadAction\",\"target\":[\"https:\/\/cleitonpinheiro.com.br\/site\/historiador-defende-espaco-de-memoria-em-assentamento-do-mst\/\"]}]},{\"@type\":\"ImageObject\",\"inLanguage\":\"pt-BR\",\"@id\":\"https:\/\/cleitonpinheiro.com.br\/site\/historiador-defende-espaco-de-memoria-em-assentamento-do-mst\/#primaryimage\",\"url\":\"\",\"contentUrl\":\"\"},{\"@type\":\"BreadcrumbList\",\"@id\":\"https:\/\/cleitonpinheiro.com.br\/site\/historiador-defende-espaco-de-memoria-em-assentamento-do-mst\/#breadcrumb\",\"itemListElement\":[{\"@type\":\"ListItem\",\"position\":1,\"name\":\"In\u00edcio\",\"item\":\"https:\/\/cleitonpinheiro.com.br\/site\/\"},{\"@type\":\"ListItem\",\"position\":2,\"name\":\"Historiador defende espa\u00e7o de mem\u00f3ria em assentamento do MST\"}]},{\"@type\":\"WebSite\",\"@id\":\"https:\/\/cleitonpinheiro.com.br\/site\/#website\",\"url\":\"https:\/\/cleitonpinheiro.com.br\/site\/\",\"name\":\"PORTAL DE NOT\u00cdCIAS CLEITON PINHEIRO\",\"description\":\"FALANDO A VERDADE\",\"publisher\":{\"@id\":\"https:\/\/cleitonpinheiro.com.br\/site\/#organization\"},\"potentialAction\":[{\"@type\":\"SearchAction\",\"target\":{\"@type\":\"EntryPoint\",\"urlTemplate\":\"https:\/\/cleitonpinheiro.com.br\/site\/?s={search_term_string}\"},\"query-input\":{\"@type\":\"PropertyValueSpecification\",\"valueRequired\":true,\"valueName\":\"search_term_string\"}}],\"inLanguage\":\"pt-BR\"},{\"@type\":\"Organization\",\"@id\":\"https:\/\/cleitonpinheiro.com.br\/site\/#organization\",\"name\":\"CPNOT\u00cdCIAS\",\"url\":\"https:\/\/cleitonpinheiro.com.br\/site\/\",\"logo\":{\"@type\":\"ImageObject\",\"inLanguage\":\"pt-BR\",\"@id\":\"https:\/\/cleitonpinheiro.com.br\/site\/#\/schema\/logo\/image\/\",\"url\":\"https:\/\/cleitonpinheiro.com.br\/site\/wp-content\/uploads\/2022\/08\/Logo-pequena-2.png\",\"contentUrl\":\"https:\/\/cleitonpinheiro.com.br\/site\/wp-content\/uploads\/2022\/08\/Logo-pequena-2.png\",\"width\":500,\"height\":500,\"caption\":\"CPNOT\u00cdCIAS\"},\"image\":{\"@id\":\"https:\/\/cleitonpinheiro.com.br\/site\/#\/schema\/logo\/image\/\"},\"sameAs\":[\"https:\/\/www.facebook.com\/portalcpnoticias\/\"]},{\"@type\":\"Person\",\"@id\":\"https:\/\/cleitonpinheiro.com.br\/site\/#\/schema\/person\/8f04544e0bc40a1b68775b08360f87db\",\"name\":\"Reda\u00e7\u00e3o CP\",\"image\":{\"@type\":\"ImageObject\",\"inLanguage\":\"pt-BR\",\"@id\":\"https:\/\/cleitonpinheiro.com.br\/site\/#\/schema\/person\/image\/\",\"url\":\"https:\/\/secure.gravatar.com\/avatar\/0bcf19cb29fdc8fc588c490c7ae1b3e174dac268586a63fbe1d1893a0f9020cd?s=96&r=g\",\"contentUrl\":\"https:\/\/secure.gravatar.com\/avatar\/0bcf19cb29fdc8fc588c490c7ae1b3e174dac268586a63fbe1d1893a0f9020cd?s=96&r=g\",\"caption\":\"Reda\u00e7\u00e3o CP\"},\"url\":\"https:\/\/cleitonpinheiro.com.br\/site\/author\/redacao\/\"}]}<\/script>\n<!-- \/ Yoast SEO plugin. -->","yoast_head_json":{"title":"Historiador defende espa\u00e7o de mem\u00f3ria em assentamento do MST - PORTAL DE NOT\u00cdCIAS CLEITON PINHEIRO","robots":{"index":"index","follow":"follow","max-snippet":"max-snippet:-1","max-image-preview":"max-image-preview:large","max-video-preview":"max-video-preview:-1"},"canonical":"https:\/\/cleitonpinheiro.com.br\/site\/historiador-defende-espaco-de-memoria-em-assentamento-do-mst\/","og_locale":"pt_BR","og_type":"article","og_title":"Historiador defende espa\u00e7o de mem\u00f3ria em assentamento do MST - PORTAL DE NOT\u00cdCIAS CLEITON PINHEIRO","og_description":"Da Ag\u00eancia Brasil O historiador Lucas Pedretti, coordenador da Coaliz\u00e3o Brasil por Mem\u00f3ria, Verdade, Justi\u00e7a, Repara\u00e7\u00e3o e Democracia, defendeu a cria\u00e7\u00e3o de um espa\u00e7o de mem\u00f3ria no assentamento do Movimento dos Trabalhadores Rurais Sem Terra (MST) destinado \u00e0 reforma agr\u00e1ria nas terras da antiga Usina Cambahyba, em Campos dos Goytacazes, no norte fluminense, usada como [&hellip;]","og_url":"https:\/\/cleitonpinheiro.com.br\/site\/historiador-defende-espaco-de-memoria-em-assentamento-do-mst\/","og_site_name":"PORTAL DE NOT\u00cdCIAS CLEITON PINHEIRO","article_publisher":"https:\/\/www.facebook.com\/portalcpnoticias\/","article_published_time":"2023-08-28T11:32:45+00:00","article_modified_time":"2023-08-28T11:32:47+00:00","og_image":[{"width":1170,"height":700,"url":"https:\/\/cleitonpinheiro.com.br\/site\/wp-content\/uploads\/2023\/08\/clarice-lissovsky_23-768x512-1.jpg","type":"image\/jpeg"}],"author":"Reda\u00e7\u00e3o CP","twitter_card":"summary_large_image","twitter_misc":{"Escrito por":"Reda\u00e7\u00e3o CP","Est. tempo de leitura":"4 minutos"},"schema":{"@context":"https:\/\/schema.org","@graph":[{"@type":"Article","@id":"https:\/\/cleitonpinheiro.com.br\/site\/historiador-defende-espaco-de-memoria-em-assentamento-do-mst\/#article","isPartOf":{"@id":"https:\/\/cleitonpinheiro.com.br\/site\/historiador-defende-espaco-de-memoria-em-assentamento-do-mst\/"},"author":{"name":"Reda\u00e7\u00e3o CP","@id":"https:\/\/cleitonpinheiro.com.br\/site\/#\/schema\/person\/8f04544e0bc40a1b68775b08360f87db"},"headline":"Historiador defende espa\u00e7o de mem\u00f3ria em assentamento do MST","datePublished":"2023-08-28T11:32:45+00:00","dateModified":"2023-08-28T11:32:47+00:00","mainEntityOfPage":{"@id":"https:\/\/cleitonpinheiro.com.br\/site\/historiador-defende-espaco-de-memoria-em-assentamento-do-mst\/"},"wordCount":604,"commentCount":0,"publisher":{"@id":"https:\/\/cleitonpinheiro.com.br\/site\/#organization"},"image":{"@id":"https:\/\/cleitonpinheiro.com.br\/site\/historiador-defende-espaco-de-memoria-em-assentamento-do-mst\/#primaryimage"},"thumbnailUrl":"https:\/\/cleitonpinheiro.com.br\/site\/wp-content\/uploads\/2023\/08\/clarice-lissovsky_23-768x512-1.jpg","articleSection":["BRASIL \/ MUNDO","MANCHETE SEGUND\u00c1RIA"],"inLanguage":"pt-BR","potentialAction":[{"@type":"CommentAction","name":"Comment","target":["https:\/\/cleitonpinheiro.com.br\/site\/historiador-defende-espaco-de-memoria-em-assentamento-do-mst\/#respond"]}]},{"@type":"WebPage","@id":"https:\/\/cleitonpinheiro.com.br\/site\/historiador-defende-espaco-de-memoria-em-assentamento-do-mst\/","url":"https:\/\/cleitonpinheiro.com.br\/site\/historiador-defende-espaco-de-memoria-em-assentamento-do-mst\/","name":"Historiador defende espa\u00e7o de mem\u00f3ria em assentamento do MST - PORTAL DE NOT\u00cdCIAS CLEITON PINHEIRO","isPartOf":{"@id":"https:\/\/cleitonpinheiro.com.br\/site\/#website"},"primaryImageOfPage":{"@id":"https:\/\/cleitonpinheiro.com.br\/site\/historiador-defende-espaco-de-memoria-em-assentamento-do-mst\/#primaryimage"},"image":{"@id":"https:\/\/cleitonpinheiro.com.br\/site\/historiador-defende-espaco-de-memoria-em-assentamento-do-mst\/#primaryimage"},"thumbnailUrl":"https:\/\/cleitonpinheiro.com.br\/site\/wp-content\/uploads\/2023\/08\/clarice-lissovsky_23-768x512-1.jpg","datePublished":"2023-08-28T11:32:45+00:00","dateModified":"2023-08-28T11:32:47+00:00","breadcrumb":{"@id":"https:\/\/cleitonpinheiro.com.br\/site\/historiador-defende-espaco-de-memoria-em-assentamento-do-mst\/#breadcrumb"},"inLanguage":"pt-BR","potentialAction":[{"@type":"ReadAction","target":["https:\/\/cleitonpinheiro.com.br\/site\/historiador-defende-espaco-de-memoria-em-assentamento-do-mst\/"]}]},{"@type":"ImageObject","inLanguage":"pt-BR","@id":"https:\/\/cleitonpinheiro.com.br\/site\/historiador-defende-espaco-de-memoria-em-assentamento-do-mst\/#primaryimage","url":"","contentUrl":""},{"@type":"BreadcrumbList","@id":"https:\/\/cleitonpinheiro.com.br\/site\/historiador-defende-espaco-de-memoria-em-assentamento-do-mst\/#breadcrumb","itemListElement":[{"@type":"ListItem","position":1,"name":"In\u00edcio","item":"https:\/\/cleitonpinheiro.com.br\/site\/"},{"@type":"ListItem","position":2,"name":"Historiador defende espa\u00e7o de mem\u00f3ria em assentamento do MST"}]},{"@type":"WebSite","@id":"https:\/\/cleitonpinheiro.com.br\/site\/#website","url":"https:\/\/cleitonpinheiro.com.br\/site\/","name":"PORTAL DE NOT\u00cdCIAS CLEITON PINHEIRO","description":"FALANDO A VERDADE","publisher":{"@id":"https:\/\/cleitonpinheiro.com.br\/site\/#organization"},"potentialAction":[{"@type":"SearchAction","target":{"@type":"EntryPoint","urlTemplate":"https:\/\/cleitonpinheiro.com.br\/site\/?s={search_term_string}"},"query-input":{"@type":"PropertyValueSpecification","valueRequired":true,"valueName":"search_term_string"}}],"inLanguage":"pt-BR"},{"@type":"Organization","@id":"https:\/\/cleitonpinheiro.com.br\/site\/#organization","name":"CPNOT\u00cdCIAS","url":"https:\/\/cleitonpinheiro.com.br\/site\/","logo":{"@type":"ImageObject","inLanguage":"pt-BR","@id":"https:\/\/cleitonpinheiro.com.br\/site\/#\/schema\/logo\/image\/","url":"https:\/\/cleitonpinheiro.com.br\/site\/wp-content\/uploads\/2022\/08\/Logo-pequena-2.png","contentUrl":"https:\/\/cleitonpinheiro.com.br\/site\/wp-content\/uploads\/2022\/08\/Logo-pequena-2.png","width":500,"height":500,"caption":"CPNOT\u00cdCIAS"},"image":{"@id":"https:\/\/cleitonpinheiro.com.br\/site\/#\/schema\/logo\/image\/"},"sameAs":["https:\/\/www.facebook.com\/portalcpnoticias\/"]},{"@type":"Person","@id":"https:\/\/cleitonpinheiro.com.br\/site\/#\/schema\/person\/8f04544e0bc40a1b68775b08360f87db","name":"Reda\u00e7\u00e3o CP","image":{"@type":"ImageObject","inLanguage":"pt-BR","@id":"https:\/\/cleitonpinheiro.com.br\/site\/#\/schema\/person\/image\/","url":"https:\/\/secure.gravatar.com\/avatar\/0bcf19cb29fdc8fc588c490c7ae1b3e174dac268586a63fbe1d1893a0f9020cd?s=96&r=g","contentUrl":"https:\/\/secure.gravatar.com\/avatar\/0bcf19cb29fdc8fc588c490c7ae1b3e174dac268586a63fbe1d1893a0f9020cd?s=96&r=g","caption":"Reda\u00e7\u00e3o CP"},"url":"https:\/\/cleitonpinheiro.com.br\/site\/author\/redacao\/"}]}},"views":92,"_links":{"self":[{"href":"https:\/\/cleitonpinheiro.com.br\/site\/wp-json\/wp\/v2\/posts\/73784","targetHints":{"allow":["GET"]}}],"collection":[{"href":"https:\/\/cleitonpinheiro.com.br\/site\/wp-json\/wp\/v2\/posts"}],"about":[{"href":"https:\/\/cleitonpinheiro.com.br\/site\/wp-json\/wp\/v2\/types\/post"}],"author":[{"embeddable":true,"href":"https:\/\/cleitonpinheiro.com.br\/site\/wp-json\/wp\/v2\/users\/13"}],"replies":[{"embeddable":true,"href":"https:\/\/cleitonpinheiro.com.br\/site\/wp-json\/wp\/v2\/comments?post=73784"}],"version-history":[{"count":1,"href":"https:\/\/cleitonpinheiro.com.br\/site\/wp-json\/wp\/v2\/posts\/73784\/revisions"}],"predecessor-version":[{"id":73786,"href":"https:\/\/cleitonpinheiro.com.br\/site\/wp-json\/wp\/v2\/posts\/73784\/revisions\/73786"}],"wp:attachment":[{"href":"https:\/\/cleitonpinheiro.com.br\/site\/wp-json\/wp\/v2\/media?parent=73784"}],"wp:term":[{"taxonomy":"category","embeddable":true,"href":"https:\/\/cleitonpinheiro.com.br\/site\/wp-json\/wp\/v2\/categories?post=73784"},{"taxonomy":"post_tag","embeddable":true,"href":"https:\/\/cleitonpinheiro.com.br\/site\/wp-json\/wp\/v2\/tags?post=73784"}],"curies":[{"name":"wp","href":"https:\/\/api.w.org\/{rel}","templated":true}]}}