{"id":73795,"date":"2023-08-29T08:08:52","date_gmt":"2023-08-29T11:08:52","guid":{"rendered":"https:\/\/cleitonpinheiro.com.br\/site\/?p=73795"},"modified":"2023-08-29T10:21:28","modified_gmt":"2023-08-29T13:21:28","slug":"sancionada-lei-que-aumenta-o-salario-minimo-e-amplia-a-isencao-do-ir-para-ate-r-2-640-mensal","status":"publish","type":"post","link":"https:\/\/cleitonpinheiro.com.br\/site\/sancionada-lei-que-aumenta-o-salario-minimo-e-amplia-a-isencao-do-ir-para-ate-r-2-640-mensal\/","title":{"rendered":"Sancionada lei que aumenta o sal\u00e1rio m\u00ednimo e amplia a isen\u00e7\u00e3o do IR para at\u00e9 R$ 2.640 mensal"},"content":{"rendered":"\n<figure class=\"wp-block-image size-full\"><img decoding=\"async\" src=\"https:\/\/cleitonpinheiro.com.br\/site\/wp-content\/uploads\/2023\/08\/vac_abr2808234068.jpg\" alt=\"\" class=\"wp-image-73796\"\/><figcaption class=\"wp-element-caption\">Valor do piso nacional est\u00e1 em vigor desde o dia 1\u00ba de maio &#8211; Foto: Valter Campanato\/Ag\u00eancia Brasil<\/figcaption><\/figure>\n\n\n\n<p class=\"wp-block-paragraph\"><strong>Da Ag\u00eancia Brasil<\/strong><\/p>\n\n\n\n<p class=\"wp-block-paragraph\">O presidente Luiz In\u00e1cio Lula da Silva sancionou nessa segunda-feira, 28, em evento no Pal\u00e1cio do Planalto, o texto da Medida Provis\u00f3ria 1.172\/2023, que reajusta o sal\u00e1rio m\u00ednimo para R$ 1.320 e amplia a faixa de isen\u00e7\u00e3o da tabela do Imposto de Renda da Pessoa F\u00edsica (IRPF).\u00a0O valor atual do piso nacional est\u00e1 em vigor desde o dia 1\u00ba de maio, quando a MP entrou em vigor.<img decoding=\"async\" src=\"https:\/\/agenciabrasil.ebc.com.br\/ebc.png?id=1551661&amp;o=node\"><img decoding=\"async\" src=\"https:\/\/agenciabrasil.ebc.com.br\/ebc.gif?id=1551661&amp;o=node\"><\/p>\n\n\n\n<p class=\"wp-block-paragraph\">O texto sancionado tamb\u00e9m estabelece a pol\u00edtica de valoriza\u00e7\u00e3o do sal\u00e1rio m\u00ednimo, que prev\u00ea aumento real equivalente \u00e0 varia\u00e7\u00e3o positiva do Produto Interno Bruto (PIB) de dois anos anteriores ao de vig\u00eancia do novo valor. A pol\u00edtica entrar\u00e1 em vigor a partir de 2024, quando o sal\u00e1rio m\u00ednimo deve chegar a R$ 1.461.<\/p>\n\n\n\n<p class=\"wp-block-paragraph\">Para o ministro do Trabalho e Emprego, Luiz Marinho, a retomada da pol\u00edtica de ganho real do sal\u00e1rio m\u00ednimo ter\u00e1 forte impacto positivo na economia. Ele citou que mais de 25 milh\u00f5es de aposentados e pensionistas do Instituto Nacional de Seguridade Social (INSS) recebem o piso. O ministro tamb\u00e9m lembrou que a pol\u00edtica, que vigorou ao longo dos governos anteriores de Lula e da ex-presidente Dilma Rousseff, ao lado dos programas sociais, foi essencial para que a Organiza\u00e7\u00e3o das Na\u00e7\u00f5es Unidas para a Alimenta\u00e7\u00e3o e Agricultura (FAO) retirasse o Brasil do Mapa da Fome no mundo, lista de pa\u00edses com estat\u00edsticas graves de inseguran\u00e7a alimentar. Quase dez anos depois, no entanto,&nbsp;<a href=\"https:\/\/agenciabrasil.ebc.com.br\/direitos-humanos\/noticia\/2023-03\/reverter-fome-em-quatro-anos-sera-grande-desafio-diz-secretaria\">a fome voltou a atingir mais de 33 milh\u00f5es de brasileiros<\/a>, segundo estudo publicado em 2022 pela Rede Brasileira de Pesquisa em Soberania e Seguran\u00e7a Alimentar e Nutricional (Penssan).<\/p>\n\n\n\n<p class=\"wp-block-paragraph\">&#8220;De novo, eu tenho certeza que essa decis\u00e3o vai nos conduzir para que possamos, mais uma vez, tirar o Brasil do Mapa da Fome&#8221;, disse Marinho. J\u00e1 para o ministro da Fazenda, Fernando Haddad, o aumento real do sal\u00e1rio m\u00ednimo, apesar de ser \u201cpouco&#8221;, representa, segundo ele, &#8220;uma sinaliza\u00e7\u00e3o clara que o trabalhador voltou a ter aten\u00e7\u00e3o do governo&#8221;.<\/p>\n\n\n\n<h2 class=\"wp-block-heading\">Isen\u00e7\u00e3o do IRPF<\/h2>\n\n\n\n<p class=\"wp-block-paragraph\">Durante a tramita\u00e7\u00e3o da Medida Provis\u00f3ria no Congresso Nacional, foi inclu\u00edda a amplia\u00e7\u00e3o da faixa de isen\u00e7\u00e3o do Imposto de Renda. Quem ganha at\u00e9 R$ 2.640 ao m\u00eas n\u00e3o ter\u00e1 de pagar imposto de renda. At\u00e9 ent\u00e3o, a isen\u00e7\u00e3o era para quem recebe at\u00e9 R$ 1.903,98 mensais. Segundo o Pal\u00e1cio do Planalto, a san\u00e7\u00e3o ser\u00e1 publicada em edi\u00e7\u00e3o extra do Di\u00e1rio Oficial da Uni\u00e3o (DOU).<\/p>\n\n\n\n<h2 class=\"wp-block-heading\">Negocia\u00e7\u00e3o no servi\u00e7o p\u00fablico<\/h2>\n\n\n\n<p class=\"wp-block-paragraph\">Durante a cerim\u00f4nia, o presidente Lula assinou um decreto que cria um grupo de trabalho interministerial para estabelecer proposta de regulamenta\u00e7\u00e3o das negocia\u00e7\u00f5es coletivas de trabalho no \u00e2mbito da administra\u00e7\u00e3o p\u00fablica federal. A medida visa cumprir a Conven\u00e7\u00e3o 151 da Organiza\u00e7\u00e3o Internacional do Trabalho (OIT), que prev\u00ea, entre outros pontos, liberdade sindical para servidores p\u00fablicos e direito \u00e0 negocia\u00e7\u00e3o de condi\u00e7\u00f5es de trabalho e reajustes salariais em n\u00edveis federal, estadual e municipal. Essa&nbsp;medida tamb\u00e9m ser\u00e1 publicada em edi\u00e7\u00e3o extra do DOU.<\/p>\n","protected":false},"excerpt":{"rendered":"<p>Da Ag\u00eancia Brasil O presidente Luiz In\u00e1cio Lula da Silva sancionou nessa segunda-feira, 28, em evento no Pal\u00e1cio do Planalto, o texto da Medida Provis\u00f3ria 1.172\/2023, que reajusta o sal\u00e1rio m\u00ednimo para R$ 1.320 e amplia a faixa de isen\u00e7\u00e3o da tabela do Imposto de Renda da Pessoa F\u00edsica (IRPF).\u00a0O valor atual do piso nacional [&hellip;]<\/p>\n","protected":false},"author":13,"featured_media":0,"comment_status":"open","ping_status":"open","sticky":false,"template":"","format":"standard","meta":{"_acf_changed":false,"footnotes":""},"categories":[19,898],"tags":[911,1052,1078,1186],"class_list":["post-73795","post","type-post","status-publish","format-standard","hentry","category-brasil-mundo","category-manchete-segundaria","tag-governo-federal","tag-imposto-de-renda","tag-presidente-lula","tag-salario-minimo"],"acf":[],"yoast_head":"<!-- This site is optimized with the Yoast SEO plugin v24.4 - https:\/\/yoast.com\/wordpress\/plugins\/seo\/ -->\n<title>Sancionada lei que aumenta o sal\u00e1rio m\u00ednimo e amplia a isen\u00e7\u00e3o do IR para at\u00e9 R$ 2.640 mensal - PORTAL DE NOT\u00cdCIAS CLEITON PINHEIRO<\/title>\n<meta name=\"robots\" content=\"index, follow, max-snippet:-1, max-image-preview:large, max-video-preview:-1\" \/>\n<link rel=\"canonical\" href=\"https:\/\/cleitonpinheiro.com.br\/site\/sancionada-lei-que-aumenta-o-salario-minimo-e-amplia-a-isencao-do-ir-para-ate-r-2-640-mensal\/\" \/>\n<meta property=\"og:locale\" content=\"pt_BR\" \/>\n<meta property=\"og:type\" content=\"article\" \/>\n<meta property=\"og:title\" content=\"Sancionada lei que aumenta o sal\u00e1rio m\u00ednimo e amplia a isen\u00e7\u00e3o do IR para at\u00e9 R$ 2.640 mensal - PORTAL DE NOT\u00cdCIAS CLEITON PINHEIRO\" \/>\n<meta property=\"og:description\" content=\"Da Ag\u00eancia Brasil O presidente Luiz In\u00e1cio Lula da Silva sancionou nessa segunda-feira, 28, em evento no Pal\u00e1cio do Planalto, o texto da Medida Provis\u00f3ria 1.172\/2023, que reajusta o sal\u00e1rio m\u00ednimo para R$ 1.320 e amplia a faixa de isen\u00e7\u00e3o da tabela do Imposto de Renda da Pessoa F\u00edsica (IRPF).\u00a0O valor atual do piso nacional [&hellip;]\" \/>\n<meta property=\"og:url\" content=\"https:\/\/cleitonpinheiro.com.br\/site\/sancionada-lei-que-aumenta-o-salario-minimo-e-amplia-a-isencao-do-ir-para-ate-r-2-640-mensal\/\" \/>\n<meta property=\"og:site_name\" content=\"PORTAL DE NOT\u00cdCIAS CLEITON PINHEIRO\" \/>\n<meta property=\"article:publisher\" content=\"https:\/\/www.facebook.com\/portalcpnoticias\/\" \/>\n<meta property=\"article:published_time\" content=\"2023-08-29T11:08:52+00:00\" \/>\n<meta property=\"article:modified_time\" content=\"2023-08-29T13:21:28+00:00\" \/>\n<meta property=\"og:image\" content=\"https:\/\/cleitonpinheiro.com.br\/site\/wp-content\/uploads\/2023\/08\/vac_abr2808234068.jpg\" \/>\n\t<meta property=\"og:image:width\" content=\"1170\" \/>\n\t<meta property=\"og:image:height\" content=\"700\" \/>\n\t<meta property=\"og:image:type\" content=\"image\/jpeg\" \/>\n<meta name=\"author\" content=\"Reda\u00e7\u00e3o CP\" \/>\n<meta name=\"twitter:card\" content=\"summary_large_image\" \/>\n<meta name=\"twitter:label1\" content=\"Escrito por\" \/>\n\t<meta name=\"twitter:data1\" content=\"Reda\u00e7\u00e3o CP\" \/>\n\t<meta name=\"twitter:label2\" content=\"Est. tempo de leitura\" \/>\n\t<meta name=\"twitter:data2\" content=\"4 minutos\" \/>\n<script type=\"application\/ld+json\" class=\"yoast-schema-graph\">{\"@context\":\"https:\/\/schema.org\",\"@graph\":[{\"@type\":\"Article\",\"@id\":\"https:\/\/cleitonpinheiro.com.br\/site\/sancionada-lei-que-aumenta-o-salario-minimo-e-amplia-a-isencao-do-ir-para-ate-r-2-640-mensal\/#article\",\"isPartOf\":{\"@id\":\"https:\/\/cleitonpinheiro.com.br\/site\/sancionada-lei-que-aumenta-o-salario-minimo-e-amplia-a-isencao-do-ir-para-ate-r-2-640-mensal\/\"},\"author\":{\"name\":\"Reda\u00e7\u00e3o CP\",\"@id\":\"https:\/\/cleitonpinheiro.com.br\/site\/#\/schema\/person\/8f04544e0bc40a1b68775b08360f87db\"},\"headline\":\"Sancionada lei que aumenta o sal\u00e1rio m\u00ednimo e amplia a isen\u00e7\u00e3o do IR para at\u00e9 R$ 2.640 mensal\",\"datePublished\":\"2023-08-29T11:08:52+00:00\",\"dateModified\":\"2023-08-29T13:21:28+00:00\",\"mainEntityOfPage\":{\"@id\":\"https:\/\/cleitonpinheiro.com.br\/site\/sancionada-lei-que-aumenta-o-salario-minimo-e-amplia-a-isencao-do-ir-para-ate-r-2-640-mensal\/\"},\"wordCount\":572,\"commentCount\":0,\"publisher\":{\"@id\":\"https:\/\/cleitonpinheiro.com.br\/site\/#organization\"},\"image\":{\"@id\":\"https:\/\/cleitonpinheiro.com.br\/site\/sancionada-lei-que-aumenta-o-salario-minimo-e-amplia-a-isencao-do-ir-para-ate-r-2-640-mensal\/#primaryimage\"},\"thumbnailUrl\":\"https:\/\/cleitonpinheiro.com.br\/site\/wp-content\/uploads\/2023\/08\/vac_abr2808234068.jpg\",\"keywords\":[\"governo federal\",\"Imposto de Renda\",\"presidente Lula\",\"sal\u00e1rio m\u00ednimo\"],\"articleSection\":[\"BRASIL \/ MUNDO\",\"MANCHETE SEGUND\u00c1RIA\"],\"inLanguage\":\"pt-BR\",\"potentialAction\":[{\"@type\":\"CommentAction\",\"name\":\"Comment\",\"target\":[\"https:\/\/cleitonpinheiro.com.br\/site\/sancionada-lei-que-aumenta-o-salario-minimo-e-amplia-a-isencao-do-ir-para-ate-r-2-640-mensal\/#respond\"]}]},{\"@type\":\"WebPage\",\"@id\":\"https:\/\/cleitonpinheiro.com.br\/site\/sancionada-lei-que-aumenta-o-salario-minimo-e-amplia-a-isencao-do-ir-para-ate-r-2-640-mensal\/\",\"url\":\"https:\/\/cleitonpinheiro.com.br\/site\/sancionada-lei-que-aumenta-o-salario-minimo-e-amplia-a-isencao-do-ir-para-ate-r-2-640-mensal\/\",\"name\":\"Sancionada lei que aumenta o sal\u00e1rio m\u00ednimo e amplia a isen\u00e7\u00e3o do IR para at\u00e9 R$ 2.640 mensal - PORTAL DE NOT\u00cdCIAS CLEITON PINHEIRO\",\"isPartOf\":{\"@id\":\"https:\/\/cleitonpinheiro.com.br\/site\/#website\"},\"primaryImageOfPage\":{\"@id\":\"https:\/\/cleitonpinheiro.com.br\/site\/sancionada-lei-que-aumenta-o-salario-minimo-e-amplia-a-isencao-do-ir-para-ate-r-2-640-mensal\/#primaryimage\"},\"image\":{\"@id\":\"https:\/\/cleitonpinheiro.com.br\/site\/sancionada-lei-que-aumenta-o-salario-minimo-e-amplia-a-isencao-do-ir-para-ate-r-2-640-mensal\/#primaryimage\"},\"thumbnailUrl\":\"https:\/\/cleitonpinheiro.com.br\/site\/wp-content\/uploads\/2023\/08\/vac_abr2808234068.jpg\",\"datePublished\":\"2023-08-29T11:08:52+00:00\",\"dateModified\":\"2023-08-29T13:21:28+00:00\",\"breadcrumb\":{\"@id\":\"https:\/\/cleitonpinheiro.com.br\/site\/sancionada-lei-que-aumenta-o-salario-minimo-e-amplia-a-isencao-do-ir-para-ate-r-2-640-mensal\/#breadcrumb\"},\"inLanguage\":\"pt-BR\",\"potentialAction\":[{\"@type\":\"ReadAction\",\"target\":[\"https:\/\/cleitonpinheiro.com.br\/site\/sancionada-lei-que-aumenta-o-salario-minimo-e-amplia-a-isencao-do-ir-para-ate-r-2-640-mensal\/\"]}]},{\"@type\":\"ImageObject\",\"inLanguage\":\"pt-BR\",\"@id\":\"https:\/\/cleitonpinheiro.com.br\/site\/sancionada-lei-que-aumenta-o-salario-minimo-e-amplia-a-isencao-do-ir-para-ate-r-2-640-mensal\/#primaryimage\",\"url\":\"\",\"contentUrl\":\"\"},{\"@type\":\"BreadcrumbList\",\"@id\":\"https:\/\/cleitonpinheiro.com.br\/site\/sancionada-lei-que-aumenta-o-salario-minimo-e-amplia-a-isencao-do-ir-para-ate-r-2-640-mensal\/#breadcrumb\",\"itemListElement\":[{\"@type\":\"ListItem\",\"position\":1,\"name\":\"In\u00edcio\",\"item\":\"https:\/\/cleitonpinheiro.com.br\/site\/\"},{\"@type\":\"ListItem\",\"position\":2,\"name\":\"Sancionada lei que aumenta o sal\u00e1rio m\u00ednimo e amplia a isen\u00e7\u00e3o do IR para at\u00e9 R$ 2.640 mensal\"}]},{\"@type\":\"WebSite\",\"@id\":\"https:\/\/cleitonpinheiro.com.br\/site\/#website\",\"url\":\"https:\/\/cleitonpinheiro.com.br\/site\/\",\"name\":\"PORTAL DE NOT\u00cdCIAS CLEITON PINHEIRO\",\"description\":\"FALANDO A VERDADE\",\"publisher\":{\"@id\":\"https:\/\/cleitonpinheiro.com.br\/site\/#organization\"},\"potentialAction\":[{\"@type\":\"SearchAction\",\"target\":{\"@type\":\"EntryPoint\",\"urlTemplate\":\"https:\/\/cleitonpinheiro.com.br\/site\/?s={search_term_string}\"},\"query-input\":{\"@type\":\"PropertyValueSpecification\",\"valueRequired\":true,\"valueName\":\"search_term_string\"}}],\"inLanguage\":\"pt-BR\"},{\"@type\":\"Organization\",\"@id\":\"https:\/\/cleitonpinheiro.com.br\/site\/#organization\",\"name\":\"CPNOT\u00cdCIAS\",\"url\":\"https:\/\/cleitonpinheiro.com.br\/site\/\",\"logo\":{\"@type\":\"ImageObject\",\"inLanguage\":\"pt-BR\",\"@id\":\"https:\/\/cleitonpinheiro.com.br\/site\/#\/schema\/logo\/image\/\",\"url\":\"https:\/\/cleitonpinheiro.com.br\/site\/wp-content\/uploads\/2022\/08\/Logo-pequena-2.png\",\"contentUrl\":\"https:\/\/cleitonpinheiro.com.br\/site\/wp-content\/uploads\/2022\/08\/Logo-pequena-2.png\",\"width\":500,\"height\":500,\"caption\":\"CPNOT\u00cdCIAS\"},\"image\":{\"@id\":\"https:\/\/cleitonpinheiro.com.br\/site\/#\/schema\/logo\/image\/\"},\"sameAs\":[\"https:\/\/www.facebook.com\/portalcpnoticias\/\"]},{\"@type\":\"Person\",\"@id\":\"https:\/\/cleitonpinheiro.com.br\/site\/#\/schema\/person\/8f04544e0bc40a1b68775b08360f87db\",\"name\":\"Reda\u00e7\u00e3o CP\",\"image\":{\"@type\":\"ImageObject\",\"inLanguage\":\"pt-BR\",\"@id\":\"https:\/\/cleitonpinheiro.com.br\/site\/#\/schema\/person\/image\/\",\"url\":\"https:\/\/secure.gravatar.com\/avatar\/0bcf19cb29fdc8fc588c490c7ae1b3e174dac268586a63fbe1d1893a0f9020cd?s=96&r=g\",\"contentUrl\":\"https:\/\/secure.gravatar.com\/avatar\/0bcf19cb29fdc8fc588c490c7ae1b3e174dac268586a63fbe1d1893a0f9020cd?s=96&r=g\",\"caption\":\"Reda\u00e7\u00e3o CP\"},\"url\":\"https:\/\/cleitonpinheiro.com.br\/site\/author\/redacao\/\"}]}<\/script>\n<!-- \/ Yoast SEO plugin. -->","yoast_head_json":{"title":"Sancionada lei que aumenta o sal\u00e1rio m\u00ednimo e amplia a isen\u00e7\u00e3o do IR para at\u00e9 R$ 2.640 mensal - PORTAL DE NOT\u00cdCIAS CLEITON PINHEIRO","robots":{"index":"index","follow":"follow","max-snippet":"max-snippet:-1","max-image-preview":"max-image-preview:large","max-video-preview":"max-video-preview:-1"},"canonical":"https:\/\/cleitonpinheiro.com.br\/site\/sancionada-lei-que-aumenta-o-salario-minimo-e-amplia-a-isencao-do-ir-para-ate-r-2-640-mensal\/","og_locale":"pt_BR","og_type":"article","og_title":"Sancionada lei que aumenta o sal\u00e1rio m\u00ednimo e amplia a isen\u00e7\u00e3o do IR para at\u00e9 R$ 2.640 mensal - PORTAL DE NOT\u00cdCIAS CLEITON PINHEIRO","og_description":"Da Ag\u00eancia Brasil O presidente Luiz In\u00e1cio Lula da Silva sancionou nessa segunda-feira, 28, em evento no Pal\u00e1cio do Planalto, o texto da Medida Provis\u00f3ria 1.172\/2023, que reajusta o sal\u00e1rio m\u00ednimo para R$ 1.320 e amplia a faixa de isen\u00e7\u00e3o da tabela do Imposto de Renda da Pessoa F\u00edsica (IRPF).\u00a0O valor atual do piso nacional [&hellip;]","og_url":"https:\/\/cleitonpinheiro.com.br\/site\/sancionada-lei-que-aumenta-o-salario-minimo-e-amplia-a-isencao-do-ir-para-ate-r-2-640-mensal\/","og_site_name":"PORTAL DE NOT\u00cdCIAS CLEITON PINHEIRO","article_publisher":"https:\/\/www.facebook.com\/portalcpnoticias\/","article_published_time":"2023-08-29T11:08:52+00:00","article_modified_time":"2023-08-29T13:21:28+00:00","og_image":[{"width":1170,"height":700,"url":"https:\/\/cleitonpinheiro.com.br\/site\/wp-content\/uploads\/2023\/08\/vac_abr2808234068.jpg","type":"image\/jpeg"}],"author":"Reda\u00e7\u00e3o CP","twitter_card":"summary_large_image","twitter_misc":{"Escrito por":"Reda\u00e7\u00e3o CP","Est. tempo de leitura":"4 minutos"},"schema":{"@context":"https:\/\/schema.org","@graph":[{"@type":"Article","@id":"https:\/\/cleitonpinheiro.com.br\/site\/sancionada-lei-que-aumenta-o-salario-minimo-e-amplia-a-isencao-do-ir-para-ate-r-2-640-mensal\/#article","isPartOf":{"@id":"https:\/\/cleitonpinheiro.com.br\/site\/sancionada-lei-que-aumenta-o-salario-minimo-e-amplia-a-isencao-do-ir-para-ate-r-2-640-mensal\/"},"author":{"name":"Reda\u00e7\u00e3o CP","@id":"https:\/\/cleitonpinheiro.com.br\/site\/#\/schema\/person\/8f04544e0bc40a1b68775b08360f87db"},"headline":"Sancionada lei que aumenta o sal\u00e1rio m\u00ednimo e amplia a isen\u00e7\u00e3o do IR para at\u00e9 R$ 2.640 mensal","datePublished":"2023-08-29T11:08:52+00:00","dateModified":"2023-08-29T13:21:28+00:00","mainEntityOfPage":{"@id":"https:\/\/cleitonpinheiro.com.br\/site\/sancionada-lei-que-aumenta-o-salario-minimo-e-amplia-a-isencao-do-ir-para-ate-r-2-640-mensal\/"},"wordCount":572,"commentCount":0,"publisher":{"@id":"https:\/\/cleitonpinheiro.com.br\/site\/#organization"},"image":{"@id":"https:\/\/cleitonpinheiro.com.br\/site\/sancionada-lei-que-aumenta-o-salario-minimo-e-amplia-a-isencao-do-ir-para-ate-r-2-640-mensal\/#primaryimage"},"thumbnailUrl":"https:\/\/cleitonpinheiro.com.br\/site\/wp-content\/uploads\/2023\/08\/vac_abr2808234068.jpg","keywords":["governo federal","Imposto de Renda","presidente Lula","sal\u00e1rio m\u00ednimo"],"articleSection":["BRASIL \/ MUNDO","MANCHETE SEGUND\u00c1RIA"],"inLanguage":"pt-BR","potentialAction":[{"@type":"CommentAction","name":"Comment","target":["https:\/\/cleitonpinheiro.com.br\/site\/sancionada-lei-que-aumenta-o-salario-minimo-e-amplia-a-isencao-do-ir-para-ate-r-2-640-mensal\/#respond"]}]},{"@type":"WebPage","@id":"https:\/\/cleitonpinheiro.com.br\/site\/sancionada-lei-que-aumenta-o-salario-minimo-e-amplia-a-isencao-do-ir-para-ate-r-2-640-mensal\/","url":"https:\/\/cleitonpinheiro.com.br\/site\/sancionada-lei-que-aumenta-o-salario-minimo-e-amplia-a-isencao-do-ir-para-ate-r-2-640-mensal\/","name":"Sancionada lei que aumenta o sal\u00e1rio m\u00ednimo e amplia a isen\u00e7\u00e3o do IR para at\u00e9 R$ 2.640 mensal - PORTAL DE NOT\u00cdCIAS CLEITON PINHEIRO","isPartOf":{"@id":"https:\/\/cleitonpinheiro.com.br\/site\/#website"},"primaryImageOfPage":{"@id":"https:\/\/cleitonpinheiro.com.br\/site\/sancionada-lei-que-aumenta-o-salario-minimo-e-amplia-a-isencao-do-ir-para-ate-r-2-640-mensal\/#primaryimage"},"image":{"@id":"https:\/\/cleitonpinheiro.com.br\/site\/sancionada-lei-que-aumenta-o-salario-minimo-e-amplia-a-isencao-do-ir-para-ate-r-2-640-mensal\/#primaryimage"},"thumbnailUrl":"https:\/\/cleitonpinheiro.com.br\/site\/wp-content\/uploads\/2023\/08\/vac_abr2808234068.jpg","datePublished":"2023-08-29T11:08:52+00:00","dateModified":"2023-08-29T13:21:28+00:00","breadcrumb":{"@id":"https:\/\/cleitonpinheiro.com.br\/site\/sancionada-lei-que-aumenta-o-salario-minimo-e-amplia-a-isencao-do-ir-para-ate-r-2-640-mensal\/#breadcrumb"},"inLanguage":"pt-BR","potentialAction":[{"@type":"ReadAction","target":["https:\/\/cleitonpinheiro.com.br\/site\/sancionada-lei-que-aumenta-o-salario-minimo-e-amplia-a-isencao-do-ir-para-ate-r-2-640-mensal\/"]}]},{"@type":"ImageObject","inLanguage":"pt-BR","@id":"https:\/\/cleitonpinheiro.com.br\/site\/sancionada-lei-que-aumenta-o-salario-minimo-e-amplia-a-isencao-do-ir-para-ate-r-2-640-mensal\/#primaryimage","url":"","contentUrl":""},{"@type":"BreadcrumbList","@id":"https:\/\/cleitonpinheiro.com.br\/site\/sancionada-lei-que-aumenta-o-salario-minimo-e-amplia-a-isencao-do-ir-para-ate-r-2-640-mensal\/#breadcrumb","itemListElement":[{"@type":"ListItem","position":1,"name":"In\u00edcio","item":"https:\/\/cleitonpinheiro.com.br\/site\/"},{"@type":"ListItem","position":2,"name":"Sancionada lei que aumenta o sal\u00e1rio m\u00ednimo e amplia a isen\u00e7\u00e3o do IR para at\u00e9 R$ 2.640 mensal"}]},{"@type":"WebSite","@id":"https:\/\/cleitonpinheiro.com.br\/site\/#website","url":"https:\/\/cleitonpinheiro.com.br\/site\/","name":"PORTAL DE NOT\u00cdCIAS CLEITON PINHEIRO","description":"FALANDO A VERDADE","publisher":{"@id":"https:\/\/cleitonpinheiro.com.br\/site\/#organization"},"potentialAction":[{"@type":"SearchAction","target":{"@type":"EntryPoint","urlTemplate":"https:\/\/cleitonpinheiro.com.br\/site\/?s={search_term_string}"},"query-input":{"@type":"PropertyValueSpecification","valueRequired":true,"valueName":"search_term_string"}}],"inLanguage":"pt-BR"},{"@type":"Organization","@id":"https:\/\/cleitonpinheiro.com.br\/site\/#organization","name":"CPNOT\u00cdCIAS","url":"https:\/\/cleitonpinheiro.com.br\/site\/","logo":{"@type":"ImageObject","inLanguage":"pt-BR","@id":"https:\/\/cleitonpinheiro.com.br\/site\/#\/schema\/logo\/image\/","url":"https:\/\/cleitonpinheiro.com.br\/site\/wp-content\/uploads\/2022\/08\/Logo-pequena-2.png","contentUrl":"https:\/\/cleitonpinheiro.com.br\/site\/wp-content\/uploads\/2022\/08\/Logo-pequena-2.png","width":500,"height":500,"caption":"CPNOT\u00cdCIAS"},"image":{"@id":"https:\/\/cleitonpinheiro.com.br\/site\/#\/schema\/logo\/image\/"},"sameAs":["https:\/\/www.facebook.com\/portalcpnoticias\/"]},{"@type":"Person","@id":"https:\/\/cleitonpinheiro.com.br\/site\/#\/schema\/person\/8f04544e0bc40a1b68775b08360f87db","name":"Reda\u00e7\u00e3o CP","image":{"@type":"ImageObject","inLanguage":"pt-BR","@id":"https:\/\/cleitonpinheiro.com.br\/site\/#\/schema\/person\/image\/","url":"https:\/\/secure.gravatar.com\/avatar\/0bcf19cb29fdc8fc588c490c7ae1b3e174dac268586a63fbe1d1893a0f9020cd?s=96&r=g","contentUrl":"https:\/\/secure.gravatar.com\/avatar\/0bcf19cb29fdc8fc588c490c7ae1b3e174dac268586a63fbe1d1893a0f9020cd?s=96&r=g","caption":"Reda\u00e7\u00e3o CP"},"url":"https:\/\/cleitonpinheiro.com.br\/site\/author\/redacao\/"}]}},"views":111,"_links":{"self":[{"href":"https:\/\/cleitonpinheiro.com.br\/site\/wp-json\/wp\/v2\/posts\/73795","targetHints":{"allow":["GET"]}}],"collection":[{"href":"https:\/\/cleitonpinheiro.com.br\/site\/wp-json\/wp\/v2\/posts"}],"about":[{"href":"https:\/\/cleitonpinheiro.com.br\/site\/wp-json\/wp\/v2\/types\/post"}],"author":[{"embeddable":true,"href":"https:\/\/cleitonpinheiro.com.br\/site\/wp-json\/wp\/v2\/users\/13"}],"replies":[{"embeddable":true,"href":"https:\/\/cleitonpinheiro.com.br\/site\/wp-json\/wp\/v2\/comments?post=73795"}],"version-history":[{"count":1,"href":"https:\/\/cleitonpinheiro.com.br\/site\/wp-json\/wp\/v2\/posts\/73795\/revisions"}],"predecessor-version":[{"id":73797,"href":"https:\/\/cleitonpinheiro.com.br\/site\/wp-json\/wp\/v2\/posts\/73795\/revisions\/73797"}],"wp:attachment":[{"href":"https:\/\/cleitonpinheiro.com.br\/site\/wp-json\/wp\/v2\/media?parent=73795"}],"wp:term":[{"taxonomy":"category","embeddable":true,"href":"https:\/\/cleitonpinheiro.com.br\/site\/wp-json\/wp\/v2\/categories?post=73795"},{"taxonomy":"post_tag","embeddable":true,"href":"https:\/\/cleitonpinheiro.com.br\/site\/wp-json\/wp\/v2\/tags?post=73795"}],"curies":[{"name":"wp","href":"https:\/\/api.w.org\/{rel}","templated":true}]}}