{"id":73808,"date":"2023-08-29T10:46:05","date_gmt":"2023-08-29T13:46:05","guid":{"rendered":"https:\/\/cleitonpinheiro.com.br\/site\/?p=73808"},"modified":"2023-12-27T11:30:43","modified_gmt":"2023-12-27T14:30:43","slug":"faustao-segue-na-uti-apos-passar-por-transplante-de-coracao","status":"publish","type":"post","link":"https:\/\/cleitonpinheiro.com.br\/site\/faustao-segue-na-uti-apos-passar-por-transplante-de-coracao\/","title":{"rendered":"Faust\u00e3o segue na UTI ap\u00f3s passar por transplante de cora\u00e7\u00e3o"},"content":{"rendered":"\n<figure class=\"wp-block-image size-full\"><img decoding=\"async\" src=\"https:\/\/cleitonpinheiro.com.br\/site\/wp-content\/uploads\/2023\/08\/alta_faustao_2_jv.jpg\" alt=\"\" class=\"wp-image-73809\"\/><figcaption class=\"wp-element-caption\">Apresentador recebeu novo \u00f3rg\u00e3o nesse domingo (27) &#8211; Foto: Divulga\u00e7\u00e3o<\/figcaption><\/figure>\n\n\n\n<p class=\"wp-block-paragraph\"><strong>Da Ag\u00eancia Brasil<\/strong><\/p>\n\n\n\n<p class=\"wp-block-paragraph\">O apresentador Fausto Silva, conhecido como Faust\u00e3o, segue na Unidade de Terapia Intensiva (UTI) do Hospital Israelita Albert Einstein, na capital paulista, ap\u00f3s passar por um transplante de cora\u00e7\u00e3o nesse domingo (27).<img decoding=\"async\" src=\"https:\/\/agenciabrasil.ebc.com.br\/ebc.png?id=1551691&amp;o=node\"><img decoding=\"async\" src=\"https:\/\/agenciabrasil.ebc.com.br\/ebc.gif?id=1551691&amp;o=node\"><\/p>\n\n\n\n<p class=\"wp-block-paragraph\">De acordo com boletim m\u00e9dico, divulgado nesta segunda-feira (28), ele est\u00e1 sob seda\u00e7\u00e3o e respirando com aux\u00edlio de ventila\u00e7\u00e3o mec\u00e2nica. \u201cSeu estado cl\u00ednico \u00e9 est\u00e1vel e as fun\u00e7\u00f5es do cora\u00e7\u00e3o est\u00e3o de acordo com o esperado para as primeiras 24 horas\u201d, diz a nota.<\/p>\n\n\n\n<p class=\"wp-block-paragraph\">O comunicado \u00e9 assinado pelo cardiologista Fernando Bacal; pelo cirurgi\u00e3o cardiovascular F\u00e1bio Ant\u00f4nio Gaiotto; e pelo diretor m\u00e9dico e de Servi\u00e7os Hospitalares do Hospital Israelita Albert Einstein, Miguel Cendoroglo Neto.<\/p>\n\n\n\n<p class=\"wp-block-paragraph\">Faust\u00e3o foi inclu\u00eddo na fila de transplantes depois do&nbsp;agravamento de um quadro de insufici\u00eancia card\u00edaca, que \u00e9 acompanhado desde 2020.<\/p>\n","protected":false},"excerpt":{"rendered":"<p>Da Ag\u00eancia Brasil O apresentador Fausto Silva, conhecido como Faust\u00e3o, segue na Unidade de Terapia Intensiva (UTI) do Hospital Israelita Albert Einstein, na capital paulista, ap\u00f3s passar por um transplante de cora\u00e7\u00e3o nesse domingo (27). De acordo com boletim m\u00e9dico, divulgado nesta segunda-feira (28), ele est\u00e1 sob seda\u00e7\u00e3o e respirando com aux\u00edlio de ventila\u00e7\u00e3o mec\u00e2nica. [&hellip;]<\/p>\n","protected":false},"author":13,"featured_media":0,"comment_status":"open","ping_status":"open","sticky":false,"template":"","format":"standard","meta":{"_acf_changed":false,"footnotes":""},"categories":[19,21],"tags":[],"class_list":["post-73808","post","type-post","status-publish","format-standard","hentry","category-brasil-mundo","category-todas-noticias"],"acf":[],"yoast_head":"<!-- This site is optimized with the Yoast SEO plugin v24.4 - https:\/\/yoast.com\/wordpress\/plugins\/seo\/ -->\n<title>Faust\u00e3o segue na UTI ap\u00f3s passar por transplante de cora\u00e7\u00e3o - PORTAL DE NOT\u00cdCIAS CLEITON PINHEIRO<\/title>\n<meta name=\"robots\" content=\"index, follow, max-snippet:-1, max-image-preview:large, max-video-preview:-1\" \/>\n<link rel=\"canonical\" href=\"https:\/\/cleitonpinheiro.com.br\/site\/faustao-segue-na-uti-apos-passar-por-transplante-de-coracao\/\" \/>\n<meta property=\"og:locale\" content=\"pt_BR\" \/>\n<meta property=\"og:type\" content=\"article\" \/>\n<meta property=\"og:title\" content=\"Faust\u00e3o segue na UTI ap\u00f3s passar por transplante de cora\u00e7\u00e3o - PORTAL DE NOT\u00cdCIAS CLEITON PINHEIRO\" \/>\n<meta property=\"og:description\" content=\"Da Ag\u00eancia Brasil O apresentador Fausto Silva, conhecido como Faust\u00e3o, segue na Unidade de Terapia Intensiva (UTI) do Hospital Israelita Albert Einstein, na capital paulista, ap\u00f3s passar por um transplante de cora\u00e7\u00e3o nesse domingo (27). De acordo com boletim m\u00e9dico, divulgado nesta segunda-feira (28), ele est\u00e1 sob seda\u00e7\u00e3o e respirando com aux\u00edlio de ventila\u00e7\u00e3o mec\u00e2nica. [&hellip;]\" \/>\n<meta property=\"og:url\" content=\"https:\/\/cleitonpinheiro.com.br\/site\/faustao-segue-na-uti-apos-passar-por-transplante-de-coracao\/\" \/>\n<meta property=\"og:site_name\" content=\"PORTAL DE NOT\u00cdCIAS CLEITON PINHEIRO\" \/>\n<meta property=\"article:publisher\" content=\"https:\/\/www.facebook.com\/portalcpnoticias\/\" \/>\n<meta property=\"article:published_time\" content=\"2023-08-29T13:46:05+00:00\" \/>\n<meta property=\"article:modified_time\" content=\"2023-12-27T14:30:43+00:00\" \/>\n<meta property=\"og:image\" content=\"https:\/\/cleitonpinheiro.com.br\/site\/wp-content\/uploads\/2023\/08\/alta_faustao_2_jv.jpg\" \/>\n\t<meta property=\"og:image:width\" content=\"1170\" \/>\n\t<meta property=\"og:image:height\" content=\"700\" \/>\n\t<meta property=\"og:image:type\" content=\"image\/jpeg\" \/>\n<meta name=\"author\" content=\"Reda\u00e7\u00e3o CP\" \/>\n<meta name=\"twitter:card\" content=\"summary_large_image\" \/>\n<meta name=\"twitter:label1\" content=\"Escrito por\" \/>\n\t<meta name=\"twitter:data1\" content=\"Reda\u00e7\u00e3o CP\" \/>\n\t<meta name=\"twitter:label2\" content=\"Est. tempo de leitura\" \/>\n\t<meta name=\"twitter:data2\" content=\"2 minutos\" \/>\n<script type=\"application\/ld+json\" class=\"yoast-schema-graph\">{\"@context\":\"https:\/\/schema.org\",\"@graph\":[{\"@type\":\"Article\",\"@id\":\"https:\/\/cleitonpinheiro.com.br\/site\/faustao-segue-na-uti-apos-passar-por-transplante-de-coracao\/#article\",\"isPartOf\":{\"@id\":\"https:\/\/cleitonpinheiro.com.br\/site\/faustao-segue-na-uti-apos-passar-por-transplante-de-coracao\/\"},\"author\":{\"name\":\"Reda\u00e7\u00e3o CP\",\"@id\":\"https:\/\/cleitonpinheiro.com.br\/site\/#\/schema\/person\/8f04544e0bc40a1b68775b08360f87db\"},\"headline\":\"Faust\u00e3o segue na UTI ap\u00f3s passar por transplante de cora\u00e7\u00e3o\",\"datePublished\":\"2023-08-29T13:46:05+00:00\",\"dateModified\":\"2023-12-27T14:30:43+00:00\",\"mainEntityOfPage\":{\"@id\":\"https:\/\/cleitonpinheiro.com.br\/site\/faustao-segue-na-uti-apos-passar-por-transplante-de-coracao\/\"},\"wordCount\":171,\"commentCount\":0,\"publisher\":{\"@id\":\"https:\/\/cleitonpinheiro.com.br\/site\/#organization\"},\"image\":{\"@id\":\"https:\/\/cleitonpinheiro.com.br\/site\/faustao-segue-na-uti-apos-passar-por-transplante-de-coracao\/#primaryimage\"},\"thumbnailUrl\":\"https:\/\/cleitonpinheiro.com.br\/site\/wp-content\/uploads\/2023\/08\/alta_faustao_2_jv.jpg\",\"articleSection\":[\"BRASIL \/ MUNDO\",\"TODAS NOTICIAS\"],\"inLanguage\":\"pt-BR\",\"potentialAction\":[{\"@type\":\"CommentAction\",\"name\":\"Comment\",\"target\":[\"https:\/\/cleitonpinheiro.com.br\/site\/faustao-segue-na-uti-apos-passar-por-transplante-de-coracao\/#respond\"]}]},{\"@type\":\"WebPage\",\"@id\":\"https:\/\/cleitonpinheiro.com.br\/site\/faustao-segue-na-uti-apos-passar-por-transplante-de-coracao\/\",\"url\":\"https:\/\/cleitonpinheiro.com.br\/site\/faustao-segue-na-uti-apos-passar-por-transplante-de-coracao\/\",\"name\":\"Faust\u00e3o segue na UTI ap\u00f3s passar por transplante de cora\u00e7\u00e3o - PORTAL DE NOT\u00cdCIAS CLEITON PINHEIRO\",\"isPartOf\":{\"@id\":\"https:\/\/cleitonpinheiro.com.br\/site\/#website\"},\"primaryImageOfPage\":{\"@id\":\"https:\/\/cleitonpinheiro.com.br\/site\/faustao-segue-na-uti-apos-passar-por-transplante-de-coracao\/#primaryimage\"},\"image\":{\"@id\":\"https:\/\/cleitonpinheiro.com.br\/site\/faustao-segue-na-uti-apos-passar-por-transplante-de-coracao\/#primaryimage\"},\"thumbnailUrl\":\"https:\/\/cleitonpinheiro.com.br\/site\/wp-content\/uploads\/2023\/08\/alta_faustao_2_jv.jpg\",\"datePublished\":\"2023-08-29T13:46:05+00:00\",\"dateModified\":\"2023-12-27T14:30:43+00:00\",\"breadcrumb\":{\"@id\":\"https:\/\/cleitonpinheiro.com.br\/site\/faustao-segue-na-uti-apos-passar-por-transplante-de-coracao\/#breadcrumb\"},\"inLanguage\":\"pt-BR\",\"potentialAction\":[{\"@type\":\"ReadAction\",\"target\":[\"https:\/\/cleitonpinheiro.com.br\/site\/faustao-segue-na-uti-apos-passar-por-transplante-de-coracao\/\"]}]},{\"@type\":\"ImageObject\",\"inLanguage\":\"pt-BR\",\"@id\":\"https:\/\/cleitonpinheiro.com.br\/site\/faustao-segue-na-uti-apos-passar-por-transplante-de-coracao\/#primaryimage\",\"url\":\"\",\"contentUrl\":\"\"},{\"@type\":\"BreadcrumbList\",\"@id\":\"https:\/\/cleitonpinheiro.com.br\/site\/faustao-segue-na-uti-apos-passar-por-transplante-de-coracao\/#breadcrumb\",\"itemListElement\":[{\"@type\":\"ListItem\",\"position\":1,\"name\":\"In\u00edcio\",\"item\":\"https:\/\/cleitonpinheiro.com.br\/site\/\"},{\"@type\":\"ListItem\",\"position\":2,\"name\":\"Faust\u00e3o segue na UTI ap\u00f3s passar por transplante de cora\u00e7\u00e3o\"}]},{\"@type\":\"WebSite\",\"@id\":\"https:\/\/cleitonpinheiro.com.br\/site\/#website\",\"url\":\"https:\/\/cleitonpinheiro.com.br\/site\/\",\"name\":\"PORTAL DE NOT\u00cdCIAS CLEITON PINHEIRO\",\"description\":\"FALANDO A VERDADE\",\"publisher\":{\"@id\":\"https:\/\/cleitonpinheiro.com.br\/site\/#organization\"},\"potentialAction\":[{\"@type\":\"SearchAction\",\"target\":{\"@type\":\"EntryPoint\",\"urlTemplate\":\"https:\/\/cleitonpinheiro.com.br\/site\/?s={search_term_string}\"},\"query-input\":{\"@type\":\"PropertyValueSpecification\",\"valueRequired\":true,\"valueName\":\"search_term_string\"}}],\"inLanguage\":\"pt-BR\"},{\"@type\":\"Organization\",\"@id\":\"https:\/\/cleitonpinheiro.com.br\/site\/#organization\",\"name\":\"CPNOT\u00cdCIAS\",\"url\":\"https:\/\/cleitonpinheiro.com.br\/site\/\",\"logo\":{\"@type\":\"ImageObject\",\"inLanguage\":\"pt-BR\",\"@id\":\"https:\/\/cleitonpinheiro.com.br\/site\/#\/schema\/logo\/image\/\",\"url\":\"https:\/\/cleitonpinheiro.com.br\/site\/wp-content\/uploads\/2022\/08\/Logo-pequena-2.png\",\"contentUrl\":\"https:\/\/cleitonpinheiro.com.br\/site\/wp-content\/uploads\/2022\/08\/Logo-pequena-2.png\",\"width\":500,\"height\":500,\"caption\":\"CPNOT\u00cdCIAS\"},\"image\":{\"@id\":\"https:\/\/cleitonpinheiro.com.br\/site\/#\/schema\/logo\/image\/\"},\"sameAs\":[\"https:\/\/www.facebook.com\/portalcpnoticias\/\"]},{\"@type\":\"Person\",\"@id\":\"https:\/\/cleitonpinheiro.com.br\/site\/#\/schema\/person\/8f04544e0bc40a1b68775b08360f87db\",\"name\":\"Reda\u00e7\u00e3o CP\",\"image\":{\"@type\":\"ImageObject\",\"inLanguage\":\"pt-BR\",\"@id\":\"https:\/\/cleitonpinheiro.com.br\/site\/#\/schema\/person\/image\/\",\"url\":\"https:\/\/secure.gravatar.com\/avatar\/0bcf19cb29fdc8fc588c490c7ae1b3e174dac268586a63fbe1d1893a0f9020cd?s=96&r=g\",\"contentUrl\":\"https:\/\/secure.gravatar.com\/avatar\/0bcf19cb29fdc8fc588c490c7ae1b3e174dac268586a63fbe1d1893a0f9020cd?s=96&r=g\",\"caption\":\"Reda\u00e7\u00e3o CP\"},\"url\":\"https:\/\/cleitonpinheiro.com.br\/site\/author\/redacao\/\"}]}<\/script>\n<!-- \/ Yoast SEO plugin. -->","yoast_head_json":{"title":"Faust\u00e3o segue na UTI ap\u00f3s passar por transplante de cora\u00e7\u00e3o - PORTAL DE NOT\u00cdCIAS CLEITON PINHEIRO","robots":{"index":"index","follow":"follow","max-snippet":"max-snippet:-1","max-image-preview":"max-image-preview:large","max-video-preview":"max-video-preview:-1"},"canonical":"https:\/\/cleitonpinheiro.com.br\/site\/faustao-segue-na-uti-apos-passar-por-transplante-de-coracao\/","og_locale":"pt_BR","og_type":"article","og_title":"Faust\u00e3o segue na UTI ap\u00f3s passar por transplante de cora\u00e7\u00e3o - PORTAL DE NOT\u00cdCIAS CLEITON PINHEIRO","og_description":"Da Ag\u00eancia Brasil O apresentador Fausto Silva, conhecido como Faust\u00e3o, segue na Unidade de Terapia Intensiva (UTI) do Hospital Israelita Albert Einstein, na capital paulista, ap\u00f3s passar por um transplante de cora\u00e7\u00e3o nesse domingo (27). De acordo com boletim m\u00e9dico, divulgado nesta segunda-feira (28), ele est\u00e1 sob seda\u00e7\u00e3o e respirando com aux\u00edlio de ventila\u00e7\u00e3o mec\u00e2nica. [&hellip;]","og_url":"https:\/\/cleitonpinheiro.com.br\/site\/faustao-segue-na-uti-apos-passar-por-transplante-de-coracao\/","og_site_name":"PORTAL DE NOT\u00cdCIAS CLEITON PINHEIRO","article_publisher":"https:\/\/www.facebook.com\/portalcpnoticias\/","article_published_time":"2023-08-29T13:46:05+00:00","article_modified_time":"2023-12-27T14:30:43+00:00","og_image":[{"width":1170,"height":700,"url":"https:\/\/cleitonpinheiro.com.br\/site\/wp-content\/uploads\/2023\/08\/alta_faustao_2_jv.jpg","type":"image\/jpeg"}],"author":"Reda\u00e7\u00e3o CP","twitter_card":"summary_large_image","twitter_misc":{"Escrito por":"Reda\u00e7\u00e3o CP","Est. tempo de leitura":"2 minutos"},"schema":{"@context":"https:\/\/schema.org","@graph":[{"@type":"Article","@id":"https:\/\/cleitonpinheiro.com.br\/site\/faustao-segue-na-uti-apos-passar-por-transplante-de-coracao\/#article","isPartOf":{"@id":"https:\/\/cleitonpinheiro.com.br\/site\/faustao-segue-na-uti-apos-passar-por-transplante-de-coracao\/"},"author":{"name":"Reda\u00e7\u00e3o CP","@id":"https:\/\/cleitonpinheiro.com.br\/site\/#\/schema\/person\/8f04544e0bc40a1b68775b08360f87db"},"headline":"Faust\u00e3o segue na UTI ap\u00f3s passar por transplante de cora\u00e7\u00e3o","datePublished":"2023-08-29T13:46:05+00:00","dateModified":"2023-12-27T14:30:43+00:00","mainEntityOfPage":{"@id":"https:\/\/cleitonpinheiro.com.br\/site\/faustao-segue-na-uti-apos-passar-por-transplante-de-coracao\/"},"wordCount":171,"commentCount":0,"publisher":{"@id":"https:\/\/cleitonpinheiro.com.br\/site\/#organization"},"image":{"@id":"https:\/\/cleitonpinheiro.com.br\/site\/faustao-segue-na-uti-apos-passar-por-transplante-de-coracao\/#primaryimage"},"thumbnailUrl":"https:\/\/cleitonpinheiro.com.br\/site\/wp-content\/uploads\/2023\/08\/alta_faustao_2_jv.jpg","articleSection":["BRASIL \/ MUNDO","TODAS NOTICIAS"],"inLanguage":"pt-BR","potentialAction":[{"@type":"CommentAction","name":"Comment","target":["https:\/\/cleitonpinheiro.com.br\/site\/faustao-segue-na-uti-apos-passar-por-transplante-de-coracao\/#respond"]}]},{"@type":"WebPage","@id":"https:\/\/cleitonpinheiro.com.br\/site\/faustao-segue-na-uti-apos-passar-por-transplante-de-coracao\/","url":"https:\/\/cleitonpinheiro.com.br\/site\/faustao-segue-na-uti-apos-passar-por-transplante-de-coracao\/","name":"Faust\u00e3o segue na UTI ap\u00f3s passar por transplante de cora\u00e7\u00e3o - PORTAL DE NOT\u00cdCIAS CLEITON PINHEIRO","isPartOf":{"@id":"https:\/\/cleitonpinheiro.com.br\/site\/#website"},"primaryImageOfPage":{"@id":"https:\/\/cleitonpinheiro.com.br\/site\/faustao-segue-na-uti-apos-passar-por-transplante-de-coracao\/#primaryimage"},"image":{"@id":"https:\/\/cleitonpinheiro.com.br\/site\/faustao-segue-na-uti-apos-passar-por-transplante-de-coracao\/#primaryimage"},"thumbnailUrl":"https:\/\/cleitonpinheiro.com.br\/site\/wp-content\/uploads\/2023\/08\/alta_faustao_2_jv.jpg","datePublished":"2023-08-29T13:46:05+00:00","dateModified":"2023-12-27T14:30:43+00:00","breadcrumb":{"@id":"https:\/\/cleitonpinheiro.com.br\/site\/faustao-segue-na-uti-apos-passar-por-transplante-de-coracao\/#breadcrumb"},"inLanguage":"pt-BR","potentialAction":[{"@type":"ReadAction","target":["https:\/\/cleitonpinheiro.com.br\/site\/faustao-segue-na-uti-apos-passar-por-transplante-de-coracao\/"]}]},{"@type":"ImageObject","inLanguage":"pt-BR","@id":"https:\/\/cleitonpinheiro.com.br\/site\/faustao-segue-na-uti-apos-passar-por-transplante-de-coracao\/#primaryimage","url":"","contentUrl":""},{"@type":"BreadcrumbList","@id":"https:\/\/cleitonpinheiro.com.br\/site\/faustao-segue-na-uti-apos-passar-por-transplante-de-coracao\/#breadcrumb","itemListElement":[{"@type":"ListItem","position":1,"name":"In\u00edcio","item":"https:\/\/cleitonpinheiro.com.br\/site\/"},{"@type":"ListItem","position":2,"name":"Faust\u00e3o segue na UTI ap\u00f3s passar por transplante de cora\u00e7\u00e3o"}]},{"@type":"WebSite","@id":"https:\/\/cleitonpinheiro.com.br\/site\/#website","url":"https:\/\/cleitonpinheiro.com.br\/site\/","name":"PORTAL DE NOT\u00cdCIAS CLEITON PINHEIRO","description":"FALANDO A VERDADE","publisher":{"@id":"https:\/\/cleitonpinheiro.com.br\/site\/#organization"},"potentialAction":[{"@type":"SearchAction","target":{"@type":"EntryPoint","urlTemplate":"https:\/\/cleitonpinheiro.com.br\/site\/?s={search_term_string}"},"query-input":{"@type":"PropertyValueSpecification","valueRequired":true,"valueName":"search_term_string"}}],"inLanguage":"pt-BR"},{"@type":"Organization","@id":"https:\/\/cleitonpinheiro.com.br\/site\/#organization","name":"CPNOT\u00cdCIAS","url":"https:\/\/cleitonpinheiro.com.br\/site\/","logo":{"@type":"ImageObject","inLanguage":"pt-BR","@id":"https:\/\/cleitonpinheiro.com.br\/site\/#\/schema\/logo\/image\/","url":"https:\/\/cleitonpinheiro.com.br\/site\/wp-content\/uploads\/2022\/08\/Logo-pequena-2.png","contentUrl":"https:\/\/cleitonpinheiro.com.br\/site\/wp-content\/uploads\/2022\/08\/Logo-pequena-2.png","width":500,"height":500,"caption":"CPNOT\u00cdCIAS"},"image":{"@id":"https:\/\/cleitonpinheiro.com.br\/site\/#\/schema\/logo\/image\/"},"sameAs":["https:\/\/www.facebook.com\/portalcpnoticias\/"]},{"@type":"Person","@id":"https:\/\/cleitonpinheiro.com.br\/site\/#\/schema\/person\/8f04544e0bc40a1b68775b08360f87db","name":"Reda\u00e7\u00e3o CP","image":{"@type":"ImageObject","inLanguage":"pt-BR","@id":"https:\/\/cleitonpinheiro.com.br\/site\/#\/schema\/person\/image\/","url":"https:\/\/secure.gravatar.com\/avatar\/0bcf19cb29fdc8fc588c490c7ae1b3e174dac268586a63fbe1d1893a0f9020cd?s=96&r=g","contentUrl":"https:\/\/secure.gravatar.com\/avatar\/0bcf19cb29fdc8fc588c490c7ae1b3e174dac268586a63fbe1d1893a0f9020cd?s=96&r=g","caption":"Reda\u00e7\u00e3o CP"},"url":"https:\/\/cleitonpinheiro.com.br\/site\/author\/redacao\/"}]}},"views":114,"_links":{"self":[{"href":"https:\/\/cleitonpinheiro.com.br\/site\/wp-json\/wp\/v2\/posts\/73808","targetHints":{"allow":["GET"]}}],"collection":[{"href":"https:\/\/cleitonpinheiro.com.br\/site\/wp-json\/wp\/v2\/posts"}],"about":[{"href":"https:\/\/cleitonpinheiro.com.br\/site\/wp-json\/wp\/v2\/types\/post"}],"author":[{"embeddable":true,"href":"https:\/\/cleitonpinheiro.com.br\/site\/wp-json\/wp\/v2\/users\/13"}],"replies":[{"embeddable":true,"href":"https:\/\/cleitonpinheiro.com.br\/site\/wp-json\/wp\/v2\/comments?post=73808"}],"version-history":[{"count":1,"href":"https:\/\/cleitonpinheiro.com.br\/site\/wp-json\/wp\/v2\/posts\/73808\/revisions"}],"predecessor-version":[{"id":73810,"href":"https:\/\/cleitonpinheiro.com.br\/site\/wp-json\/wp\/v2\/posts\/73808\/revisions\/73810"}],"wp:attachment":[{"href":"https:\/\/cleitonpinheiro.com.br\/site\/wp-json\/wp\/v2\/media?parent=73808"}],"wp:term":[{"taxonomy":"category","embeddable":true,"href":"https:\/\/cleitonpinheiro.com.br\/site\/wp-json\/wp\/v2\/categories?post=73808"},{"taxonomy":"post_tag","embeddable":true,"href":"https:\/\/cleitonpinheiro.com.br\/site\/wp-json\/wp\/v2\/tags?post=73808"}],"curies":[{"name":"wp","href":"https:\/\/api.w.org\/{rel}","templated":true}]}}