{"id":73811,"date":"2023-08-29T10:48:35","date_gmt":"2023-08-29T13:48:35","guid":{"rendered":"https:\/\/cleitonpinheiro.com.br\/site\/?p=73811"},"modified":"2023-08-29T10:48:38","modified_gmt":"2023-08-29T13:48:38","slug":"ministro-fux-do-stf-suspende-lei-que-cria-dia-do-patriota-em-porto-alegre","status":"publish","type":"post","link":"https:\/\/cleitonpinheiro.com.br\/site\/ministro-fux-do-stf-suspende-lei-que-cria-dia-do-patriota-em-porto-alegre\/","title":{"rendered":"Ministro Fux do STF suspende lei que cria Dia do Patriota em Porto Alegre"},"content":{"rendered":"\n<figure class=\"wp-block-image size-full\"><img decoding=\"async\" src=\"https:\/\/cleitonpinheiro.com.br\/site\/wp-content\/uploads\/2023\/08\/bancoimagemfotoaudiencia_ap_462923.jpg\" alt=\"\" class=\"wp-image-73812\"\/><figcaption class=\"wp-element-caption\">Luiz Fux atendeu pedido feito na sexta-feira pela PGR &#8211; Foto: Felipe Sampaio\/STF\n<\/figcaption><\/figure>\n\n\n\n<p class=\"wp-block-paragraph\"><strong>Da Ag\u00eancia Brasil<\/strong><\/p>\n\n\n\n<p class=\"wp-block-paragraph\">O ministro do Supremo Tribunal Federal (STF) Luiz Fux decidiu suspender, nesta segunda-feira (28), a lei aprovada pela C\u00e2mara Municipal de Porto Alegre (RS) que instituiu a data 8 de janeiro como o Dia do Patriota na capital ga\u00facha.<img decoding=\"async\" src=\"https:\/\/agenciabrasil.ebc.com.br\/ebc.png?id=1551693&amp;o=node\"><img decoding=\"async\" src=\"https:\/\/agenciabrasil.ebc.com.br\/ebc.gif?id=1551693&amp;o=node\"><\/p>\n\n\n\n<p class=\"wp-block-paragraph\">A lei, promulgada no in\u00edcio do m\u00eas, se refere ao dia em que apoiadores do ex-presidente Jair Bolsonaro invadiram e depredaram as sedes dos Tr\u00eas Poderes, em Bras\u00edlia.<\/p>\n\n\n\n<p class=\"wp-block-paragraph\">O ministro atendeu a&nbsp;<a href=\"https:\/\/agenciabrasil.ebc.com.br\/politica\/noticia\/2023-08\/pgr-vai-ao-stf-contra-lei-de-porto-alegre-que-celebra-atos-golpistas\" target=\"_blank\" rel=\"noreferrer noopener\">um pedido de suspens\u00e3o feito<\/a>&nbsp;pela Procuradoria-Geral da Rep\u00fablica (PGR).<\/p>\n\n\n\n<p class=\"wp-block-paragraph\">Na decis\u00e3o, Fux entendeu que a lei fere princ\u00edpios constitucionais democr\u00e1ticos. Para o ministro, a lei exaltou a atua\u00e7\u00e3o de investigados que participaram de atos golpistas.<\/p>\n\n\n\n<blockquote class=\"wp-block-quote is-layout-flow wp-block-quote-is-layout-flow\">\n<p class=\"wp-block-paragraph\">&#8220;Os infames atos do dia 8 de janeiro entraram para a hist\u00f3ria como s\u00edmbolo de que a avers\u00e3o \u00e0 democracia produz viol\u00eancia e desperta puls\u00f5es contr\u00e1rias \u00e0 toler\u00e2ncia, gerando atos criminosos inimagin\u00e1veis em um Estado de Direito. O dia 8 de janeiro n\u00e3o merece data comemorativa, mas antes rep\u00fadio constante, para que atitudes deste jaez n\u00e3o se repitam.&#8221;<\/p>\n<\/blockquote>\n\n\n\n<h2 class=\"wp-block-heading\">Lei revogada<\/h2>\n\n\n\n<p class=\"wp-block-paragraph\">Mais cedo, a C\u00e2mara Municipal de Porto Alegre decidiu revogar a lei. Segundo o presidente da Casa, vereador Hamilton Sossmeier (PTB), os&nbsp;<a href=\"https:\/\/agenciabrasil.ebc.com.br\/politica\/noticia\/2023-08\/vereadores-de-porto-alegre-fazem-acordo-para-revogar-dia-do-patriota\" target=\"_blank\" rel=\"noreferrer noopener\">parlamentares formaram acordo para aprovar<\/a>&nbsp;um projeto que revoga a lei ap\u00f3s a repercuss\u00e3o negativa da mat\u00e9ria. A expectativa \u00e9 de que a proposta seja aprovada at\u00e9 a pr\u00f3xima quarta-feira (30).<\/p>\n\n\n\n<p class=\"wp-block-paragraph\">O projeto de lei que criou a data foi proposto pelo ent\u00e3o vereador Alexandre Bobadra (PL), que teve o mandato cassado ap\u00f3s ser condenado em processo por abuso de poder econ\u00f4mico pelo Tribunal Regional Eleitoral do Rio Grande do Sul.<\/p>\n\n\n\n<p class=\"wp-block-paragraph\">O projeto n\u00e3o chegou a ser votado no plen\u00e1rio da C\u00e2mara de Vereadores, mas passou em tr\u00eas comiss\u00f5es e depois seguiu para san\u00e7\u00e3o do prefeito Sebasti\u00e3o Melo. Como o prefeito n\u00e3o se manifestou no prazo previsto nem para vetar, nem para sancionar o projeto, a mat\u00e9ria voltou \u00e0 C\u00e2mara e foi automaticamente transformada em lei.<\/p>\n","protected":false},"excerpt":{"rendered":"<p>Da Ag\u00eancia Brasil O ministro do Supremo Tribunal Federal (STF) Luiz Fux decidiu suspender, nesta segunda-feira (28), a lei aprovada pela C\u00e2mara Municipal de Porto Alegre (RS) que instituiu a data 8 de janeiro como o Dia do Patriota na capital ga\u00facha. A lei, promulgada no in\u00edcio do m\u00eas, se refere ao dia em que [&hellip;]<\/p>\n","protected":false},"author":13,"featured_media":0,"comment_status":"open","ping_status":"open","sticky":false,"template":"","format":"standard","meta":{"_acf_changed":false,"footnotes":""},"categories":[898,23],"tags":[],"class_list":["post-73811","post","type-post","status-publish","format-standard","hentry","category-manchete-segundaria","category-politica"],"acf":[],"yoast_head":"<!-- This site is optimized with the Yoast SEO plugin v24.4 - https:\/\/yoast.com\/wordpress\/plugins\/seo\/ -->\n<title>Ministro Fux do STF suspende lei que cria Dia do Patriota em Porto Alegre - PORTAL DE NOT\u00cdCIAS CLEITON PINHEIRO<\/title>\n<meta name=\"robots\" content=\"index, follow, max-snippet:-1, max-image-preview:large, max-video-preview:-1\" \/>\n<link rel=\"canonical\" href=\"https:\/\/cleitonpinheiro.com.br\/site\/ministro-fux-do-stf-suspende-lei-que-cria-dia-do-patriota-em-porto-alegre\/\" \/>\n<meta property=\"og:locale\" content=\"pt_BR\" \/>\n<meta property=\"og:type\" content=\"article\" \/>\n<meta property=\"og:title\" content=\"Ministro Fux do STF suspende lei que cria Dia do Patriota em Porto Alegre - PORTAL DE NOT\u00cdCIAS CLEITON PINHEIRO\" \/>\n<meta property=\"og:description\" content=\"Da Ag\u00eancia Brasil O ministro do Supremo Tribunal Federal (STF) Luiz Fux decidiu suspender, nesta segunda-feira (28), a lei aprovada pela C\u00e2mara Municipal de Porto Alegre (RS) que instituiu a data 8 de janeiro como o Dia do Patriota na capital ga\u00facha. A lei, promulgada no in\u00edcio do m\u00eas, se refere ao dia em que [&hellip;]\" \/>\n<meta property=\"og:url\" content=\"https:\/\/cleitonpinheiro.com.br\/site\/ministro-fux-do-stf-suspende-lei-que-cria-dia-do-patriota-em-porto-alegre\/\" \/>\n<meta property=\"og:site_name\" content=\"PORTAL DE NOT\u00cdCIAS CLEITON PINHEIRO\" \/>\n<meta property=\"article:publisher\" content=\"https:\/\/www.facebook.com\/portalcpnoticias\/\" \/>\n<meta property=\"article:published_time\" content=\"2023-08-29T13:48:35+00:00\" \/>\n<meta property=\"article:modified_time\" content=\"2023-08-29T13:48:38+00:00\" \/>\n<meta property=\"og:image\" content=\"https:\/\/cleitonpinheiro.com.br\/site\/wp-content\/uploads\/2023\/08\/bancoimagemfotoaudiencia_ap_462923.jpg\" \/>\n\t<meta property=\"og:image:width\" content=\"1170\" \/>\n\t<meta property=\"og:image:height\" content=\"700\" \/>\n\t<meta property=\"og:image:type\" content=\"image\/jpeg\" \/>\n<meta name=\"author\" content=\"Reda\u00e7\u00e3o CP\" \/>\n<meta name=\"twitter:card\" content=\"summary_large_image\" \/>\n<meta name=\"twitter:label1\" content=\"Escrito por\" \/>\n\t<meta name=\"twitter:data1\" content=\"Reda\u00e7\u00e3o CP\" \/>\n\t<meta name=\"twitter:label2\" content=\"Est. tempo de leitura\" \/>\n\t<meta name=\"twitter:data2\" content=\"3 minutos\" \/>\n<script type=\"application\/ld+json\" class=\"yoast-schema-graph\">{\"@context\":\"https:\/\/schema.org\",\"@graph\":[{\"@type\":\"Article\",\"@id\":\"https:\/\/cleitonpinheiro.com.br\/site\/ministro-fux-do-stf-suspende-lei-que-cria-dia-do-patriota-em-porto-alegre\/#article\",\"isPartOf\":{\"@id\":\"https:\/\/cleitonpinheiro.com.br\/site\/ministro-fux-do-stf-suspende-lei-que-cria-dia-do-patriota-em-porto-alegre\/\"},\"author\":{\"name\":\"Reda\u00e7\u00e3o CP\",\"@id\":\"https:\/\/cleitonpinheiro.com.br\/site\/#\/schema\/person\/8f04544e0bc40a1b68775b08360f87db\"},\"headline\":\"Ministro Fux do STF suspende lei que cria Dia do Patriota em Porto Alegre\",\"datePublished\":\"2023-08-29T13:48:35+00:00\",\"dateModified\":\"2023-08-29T13:48:38+00:00\",\"mainEntityOfPage\":{\"@id\":\"https:\/\/cleitonpinheiro.com.br\/site\/ministro-fux-do-stf-suspende-lei-que-cria-dia-do-patriota-em-porto-alegre\/\"},\"wordCount\":383,\"commentCount\":0,\"publisher\":{\"@id\":\"https:\/\/cleitonpinheiro.com.br\/site\/#organization\"},\"image\":{\"@id\":\"https:\/\/cleitonpinheiro.com.br\/site\/ministro-fux-do-stf-suspende-lei-que-cria-dia-do-patriota-em-porto-alegre\/#primaryimage\"},\"thumbnailUrl\":\"https:\/\/cleitonpinheiro.com.br\/site\/wp-content\/uploads\/2023\/08\/bancoimagemfotoaudiencia_ap_462923.jpg\",\"articleSection\":[\"MANCHETE SEGUND\u00c1RIA\",\"POL\u00cdTICA\"],\"inLanguage\":\"pt-BR\",\"potentialAction\":[{\"@type\":\"CommentAction\",\"name\":\"Comment\",\"target\":[\"https:\/\/cleitonpinheiro.com.br\/site\/ministro-fux-do-stf-suspende-lei-que-cria-dia-do-patriota-em-porto-alegre\/#respond\"]}]},{\"@type\":\"WebPage\",\"@id\":\"https:\/\/cleitonpinheiro.com.br\/site\/ministro-fux-do-stf-suspende-lei-que-cria-dia-do-patriota-em-porto-alegre\/\",\"url\":\"https:\/\/cleitonpinheiro.com.br\/site\/ministro-fux-do-stf-suspende-lei-que-cria-dia-do-patriota-em-porto-alegre\/\",\"name\":\"Ministro Fux do STF suspende lei que cria Dia do Patriota em Porto Alegre - PORTAL DE NOT\u00cdCIAS CLEITON PINHEIRO\",\"isPartOf\":{\"@id\":\"https:\/\/cleitonpinheiro.com.br\/site\/#website\"},\"primaryImageOfPage\":{\"@id\":\"https:\/\/cleitonpinheiro.com.br\/site\/ministro-fux-do-stf-suspende-lei-que-cria-dia-do-patriota-em-porto-alegre\/#primaryimage\"},\"image\":{\"@id\":\"https:\/\/cleitonpinheiro.com.br\/site\/ministro-fux-do-stf-suspende-lei-que-cria-dia-do-patriota-em-porto-alegre\/#primaryimage\"},\"thumbnailUrl\":\"https:\/\/cleitonpinheiro.com.br\/site\/wp-content\/uploads\/2023\/08\/bancoimagemfotoaudiencia_ap_462923.jpg\",\"datePublished\":\"2023-08-29T13:48:35+00:00\",\"dateModified\":\"2023-08-29T13:48:38+00:00\",\"breadcrumb\":{\"@id\":\"https:\/\/cleitonpinheiro.com.br\/site\/ministro-fux-do-stf-suspende-lei-que-cria-dia-do-patriota-em-porto-alegre\/#breadcrumb\"},\"inLanguage\":\"pt-BR\",\"potentialAction\":[{\"@type\":\"ReadAction\",\"target\":[\"https:\/\/cleitonpinheiro.com.br\/site\/ministro-fux-do-stf-suspende-lei-que-cria-dia-do-patriota-em-porto-alegre\/\"]}]},{\"@type\":\"ImageObject\",\"inLanguage\":\"pt-BR\",\"@id\":\"https:\/\/cleitonpinheiro.com.br\/site\/ministro-fux-do-stf-suspende-lei-que-cria-dia-do-patriota-em-porto-alegre\/#primaryimage\",\"url\":\"\",\"contentUrl\":\"\"},{\"@type\":\"BreadcrumbList\",\"@id\":\"https:\/\/cleitonpinheiro.com.br\/site\/ministro-fux-do-stf-suspende-lei-que-cria-dia-do-patriota-em-porto-alegre\/#breadcrumb\",\"itemListElement\":[{\"@type\":\"ListItem\",\"position\":1,\"name\":\"In\u00edcio\",\"item\":\"https:\/\/cleitonpinheiro.com.br\/site\/\"},{\"@type\":\"ListItem\",\"position\":2,\"name\":\"Ministro Fux do STF suspende lei que cria Dia do Patriota em Porto Alegre\"}]},{\"@type\":\"WebSite\",\"@id\":\"https:\/\/cleitonpinheiro.com.br\/site\/#website\",\"url\":\"https:\/\/cleitonpinheiro.com.br\/site\/\",\"name\":\"PORTAL DE NOT\u00cdCIAS CLEITON PINHEIRO\",\"description\":\"FALANDO A VERDADE\",\"publisher\":{\"@id\":\"https:\/\/cleitonpinheiro.com.br\/site\/#organization\"},\"potentialAction\":[{\"@type\":\"SearchAction\",\"target\":{\"@type\":\"EntryPoint\",\"urlTemplate\":\"https:\/\/cleitonpinheiro.com.br\/site\/?s={search_term_string}\"},\"query-input\":{\"@type\":\"PropertyValueSpecification\",\"valueRequired\":true,\"valueName\":\"search_term_string\"}}],\"inLanguage\":\"pt-BR\"},{\"@type\":\"Organization\",\"@id\":\"https:\/\/cleitonpinheiro.com.br\/site\/#organization\",\"name\":\"CPNOT\u00cdCIAS\",\"url\":\"https:\/\/cleitonpinheiro.com.br\/site\/\",\"logo\":{\"@type\":\"ImageObject\",\"inLanguage\":\"pt-BR\",\"@id\":\"https:\/\/cleitonpinheiro.com.br\/site\/#\/schema\/logo\/image\/\",\"url\":\"https:\/\/cleitonpinheiro.com.br\/site\/wp-content\/uploads\/2022\/08\/Logo-pequena-2.png\",\"contentUrl\":\"https:\/\/cleitonpinheiro.com.br\/site\/wp-content\/uploads\/2022\/08\/Logo-pequena-2.png\",\"width\":500,\"height\":500,\"caption\":\"CPNOT\u00cdCIAS\"},\"image\":{\"@id\":\"https:\/\/cleitonpinheiro.com.br\/site\/#\/schema\/logo\/image\/\"},\"sameAs\":[\"https:\/\/www.facebook.com\/portalcpnoticias\/\"]},{\"@type\":\"Person\",\"@id\":\"https:\/\/cleitonpinheiro.com.br\/site\/#\/schema\/person\/8f04544e0bc40a1b68775b08360f87db\",\"name\":\"Reda\u00e7\u00e3o CP\",\"image\":{\"@type\":\"ImageObject\",\"inLanguage\":\"pt-BR\",\"@id\":\"https:\/\/cleitonpinheiro.com.br\/site\/#\/schema\/person\/image\/\",\"url\":\"https:\/\/secure.gravatar.com\/avatar\/0bcf19cb29fdc8fc588c490c7ae1b3e174dac268586a63fbe1d1893a0f9020cd?s=96&r=g\",\"contentUrl\":\"https:\/\/secure.gravatar.com\/avatar\/0bcf19cb29fdc8fc588c490c7ae1b3e174dac268586a63fbe1d1893a0f9020cd?s=96&r=g\",\"caption\":\"Reda\u00e7\u00e3o CP\"},\"url\":\"https:\/\/cleitonpinheiro.com.br\/site\/author\/redacao\/\"}]}<\/script>\n<!-- \/ Yoast SEO plugin. -->","yoast_head_json":{"title":"Ministro Fux do STF suspende lei que cria Dia do Patriota em Porto Alegre - PORTAL DE NOT\u00cdCIAS CLEITON PINHEIRO","robots":{"index":"index","follow":"follow","max-snippet":"max-snippet:-1","max-image-preview":"max-image-preview:large","max-video-preview":"max-video-preview:-1"},"canonical":"https:\/\/cleitonpinheiro.com.br\/site\/ministro-fux-do-stf-suspende-lei-que-cria-dia-do-patriota-em-porto-alegre\/","og_locale":"pt_BR","og_type":"article","og_title":"Ministro Fux do STF suspende lei que cria Dia do Patriota em Porto Alegre - PORTAL DE NOT\u00cdCIAS CLEITON PINHEIRO","og_description":"Da Ag\u00eancia Brasil O ministro do Supremo Tribunal Federal (STF) Luiz Fux decidiu suspender, nesta segunda-feira (28), a lei aprovada pela C\u00e2mara Municipal de Porto Alegre (RS) que instituiu a data 8 de janeiro como o Dia do Patriota na capital ga\u00facha. A lei, promulgada no in\u00edcio do m\u00eas, se refere ao dia em que [&hellip;]","og_url":"https:\/\/cleitonpinheiro.com.br\/site\/ministro-fux-do-stf-suspende-lei-que-cria-dia-do-patriota-em-porto-alegre\/","og_site_name":"PORTAL DE NOT\u00cdCIAS CLEITON PINHEIRO","article_publisher":"https:\/\/www.facebook.com\/portalcpnoticias\/","article_published_time":"2023-08-29T13:48:35+00:00","article_modified_time":"2023-08-29T13:48:38+00:00","og_image":[{"width":1170,"height":700,"url":"https:\/\/cleitonpinheiro.com.br\/site\/wp-content\/uploads\/2023\/08\/bancoimagemfotoaudiencia_ap_462923.jpg","type":"image\/jpeg"}],"author":"Reda\u00e7\u00e3o CP","twitter_card":"summary_large_image","twitter_misc":{"Escrito por":"Reda\u00e7\u00e3o CP","Est. tempo de leitura":"3 minutos"},"schema":{"@context":"https:\/\/schema.org","@graph":[{"@type":"Article","@id":"https:\/\/cleitonpinheiro.com.br\/site\/ministro-fux-do-stf-suspende-lei-que-cria-dia-do-patriota-em-porto-alegre\/#article","isPartOf":{"@id":"https:\/\/cleitonpinheiro.com.br\/site\/ministro-fux-do-stf-suspende-lei-que-cria-dia-do-patriota-em-porto-alegre\/"},"author":{"name":"Reda\u00e7\u00e3o CP","@id":"https:\/\/cleitonpinheiro.com.br\/site\/#\/schema\/person\/8f04544e0bc40a1b68775b08360f87db"},"headline":"Ministro Fux do STF suspende lei que cria Dia do Patriota em Porto Alegre","datePublished":"2023-08-29T13:48:35+00:00","dateModified":"2023-08-29T13:48:38+00:00","mainEntityOfPage":{"@id":"https:\/\/cleitonpinheiro.com.br\/site\/ministro-fux-do-stf-suspende-lei-que-cria-dia-do-patriota-em-porto-alegre\/"},"wordCount":383,"commentCount":0,"publisher":{"@id":"https:\/\/cleitonpinheiro.com.br\/site\/#organization"},"image":{"@id":"https:\/\/cleitonpinheiro.com.br\/site\/ministro-fux-do-stf-suspende-lei-que-cria-dia-do-patriota-em-porto-alegre\/#primaryimage"},"thumbnailUrl":"https:\/\/cleitonpinheiro.com.br\/site\/wp-content\/uploads\/2023\/08\/bancoimagemfotoaudiencia_ap_462923.jpg","articleSection":["MANCHETE SEGUND\u00c1RIA","POL\u00cdTICA"],"inLanguage":"pt-BR","potentialAction":[{"@type":"CommentAction","name":"Comment","target":["https:\/\/cleitonpinheiro.com.br\/site\/ministro-fux-do-stf-suspende-lei-que-cria-dia-do-patriota-em-porto-alegre\/#respond"]}]},{"@type":"WebPage","@id":"https:\/\/cleitonpinheiro.com.br\/site\/ministro-fux-do-stf-suspende-lei-que-cria-dia-do-patriota-em-porto-alegre\/","url":"https:\/\/cleitonpinheiro.com.br\/site\/ministro-fux-do-stf-suspende-lei-que-cria-dia-do-patriota-em-porto-alegre\/","name":"Ministro Fux do STF suspende lei que cria Dia do Patriota em Porto Alegre - PORTAL DE NOT\u00cdCIAS CLEITON PINHEIRO","isPartOf":{"@id":"https:\/\/cleitonpinheiro.com.br\/site\/#website"},"primaryImageOfPage":{"@id":"https:\/\/cleitonpinheiro.com.br\/site\/ministro-fux-do-stf-suspende-lei-que-cria-dia-do-patriota-em-porto-alegre\/#primaryimage"},"image":{"@id":"https:\/\/cleitonpinheiro.com.br\/site\/ministro-fux-do-stf-suspende-lei-que-cria-dia-do-patriota-em-porto-alegre\/#primaryimage"},"thumbnailUrl":"https:\/\/cleitonpinheiro.com.br\/site\/wp-content\/uploads\/2023\/08\/bancoimagemfotoaudiencia_ap_462923.jpg","datePublished":"2023-08-29T13:48:35+00:00","dateModified":"2023-08-29T13:48:38+00:00","breadcrumb":{"@id":"https:\/\/cleitonpinheiro.com.br\/site\/ministro-fux-do-stf-suspende-lei-que-cria-dia-do-patriota-em-porto-alegre\/#breadcrumb"},"inLanguage":"pt-BR","potentialAction":[{"@type":"ReadAction","target":["https:\/\/cleitonpinheiro.com.br\/site\/ministro-fux-do-stf-suspende-lei-que-cria-dia-do-patriota-em-porto-alegre\/"]}]},{"@type":"ImageObject","inLanguage":"pt-BR","@id":"https:\/\/cleitonpinheiro.com.br\/site\/ministro-fux-do-stf-suspende-lei-que-cria-dia-do-patriota-em-porto-alegre\/#primaryimage","url":"","contentUrl":""},{"@type":"BreadcrumbList","@id":"https:\/\/cleitonpinheiro.com.br\/site\/ministro-fux-do-stf-suspende-lei-que-cria-dia-do-patriota-em-porto-alegre\/#breadcrumb","itemListElement":[{"@type":"ListItem","position":1,"name":"In\u00edcio","item":"https:\/\/cleitonpinheiro.com.br\/site\/"},{"@type":"ListItem","position":2,"name":"Ministro Fux do STF suspende lei que cria Dia do Patriota em Porto Alegre"}]},{"@type":"WebSite","@id":"https:\/\/cleitonpinheiro.com.br\/site\/#website","url":"https:\/\/cleitonpinheiro.com.br\/site\/","name":"PORTAL DE NOT\u00cdCIAS CLEITON PINHEIRO","description":"FALANDO A VERDADE","publisher":{"@id":"https:\/\/cleitonpinheiro.com.br\/site\/#organization"},"potentialAction":[{"@type":"SearchAction","target":{"@type":"EntryPoint","urlTemplate":"https:\/\/cleitonpinheiro.com.br\/site\/?s={search_term_string}"},"query-input":{"@type":"PropertyValueSpecification","valueRequired":true,"valueName":"search_term_string"}}],"inLanguage":"pt-BR"},{"@type":"Organization","@id":"https:\/\/cleitonpinheiro.com.br\/site\/#organization","name":"CPNOT\u00cdCIAS","url":"https:\/\/cleitonpinheiro.com.br\/site\/","logo":{"@type":"ImageObject","inLanguage":"pt-BR","@id":"https:\/\/cleitonpinheiro.com.br\/site\/#\/schema\/logo\/image\/","url":"https:\/\/cleitonpinheiro.com.br\/site\/wp-content\/uploads\/2022\/08\/Logo-pequena-2.png","contentUrl":"https:\/\/cleitonpinheiro.com.br\/site\/wp-content\/uploads\/2022\/08\/Logo-pequena-2.png","width":500,"height":500,"caption":"CPNOT\u00cdCIAS"},"image":{"@id":"https:\/\/cleitonpinheiro.com.br\/site\/#\/schema\/logo\/image\/"},"sameAs":["https:\/\/www.facebook.com\/portalcpnoticias\/"]},{"@type":"Person","@id":"https:\/\/cleitonpinheiro.com.br\/site\/#\/schema\/person\/8f04544e0bc40a1b68775b08360f87db","name":"Reda\u00e7\u00e3o CP","image":{"@type":"ImageObject","inLanguage":"pt-BR","@id":"https:\/\/cleitonpinheiro.com.br\/site\/#\/schema\/person\/image\/","url":"https:\/\/secure.gravatar.com\/avatar\/0bcf19cb29fdc8fc588c490c7ae1b3e174dac268586a63fbe1d1893a0f9020cd?s=96&r=g","contentUrl":"https:\/\/secure.gravatar.com\/avatar\/0bcf19cb29fdc8fc588c490c7ae1b3e174dac268586a63fbe1d1893a0f9020cd?s=96&r=g","caption":"Reda\u00e7\u00e3o CP"},"url":"https:\/\/cleitonpinheiro.com.br\/site\/author\/redacao\/"}]}},"views":211,"_links":{"self":[{"href":"https:\/\/cleitonpinheiro.com.br\/site\/wp-json\/wp\/v2\/posts\/73811","targetHints":{"allow":["GET"]}}],"collection":[{"href":"https:\/\/cleitonpinheiro.com.br\/site\/wp-json\/wp\/v2\/posts"}],"about":[{"href":"https:\/\/cleitonpinheiro.com.br\/site\/wp-json\/wp\/v2\/types\/post"}],"author":[{"embeddable":true,"href":"https:\/\/cleitonpinheiro.com.br\/site\/wp-json\/wp\/v2\/users\/13"}],"replies":[{"embeddable":true,"href":"https:\/\/cleitonpinheiro.com.br\/site\/wp-json\/wp\/v2\/comments?post=73811"}],"version-history":[{"count":1,"href":"https:\/\/cleitonpinheiro.com.br\/site\/wp-json\/wp\/v2\/posts\/73811\/revisions"}],"predecessor-version":[{"id":73813,"href":"https:\/\/cleitonpinheiro.com.br\/site\/wp-json\/wp\/v2\/posts\/73811\/revisions\/73813"}],"wp:attachment":[{"href":"https:\/\/cleitonpinheiro.com.br\/site\/wp-json\/wp\/v2\/media?parent=73811"}],"wp:term":[{"taxonomy":"category","embeddable":true,"href":"https:\/\/cleitonpinheiro.com.br\/site\/wp-json\/wp\/v2\/categories?post=73811"},{"taxonomy":"post_tag","embeddable":true,"href":"https:\/\/cleitonpinheiro.com.br\/site\/wp-json\/wp\/v2\/tags?post=73811"}],"curies":[{"name":"wp","href":"https:\/\/api.w.org\/{rel}","templated":true}]}}