{"id":73829,"date":"2023-08-29T15:59:55","date_gmt":"2023-08-29T18:59:55","guid":{"rendered":"https:\/\/cleitonpinheiro.com.br\/site\/?p=73829"},"modified":"2023-12-27T11:29:27","modified_gmt":"2023-12-27T14:29:27","slug":"governo-do-to-elabora-calendario-de-festas-e-eventos-culturais-tradicionais-do-estado","status":"publish","type":"post","link":"https:\/\/cleitonpinheiro.com.br\/site\/governo-do-to-elabora-calendario-de-festas-e-eventos-culturais-tradicionais-do-estado\/","title":{"rendered":"Governo do TO elabora calend\u00e1rio de festas e eventos culturais tradicionais do Estado"},"content":{"rendered":"\n<figure class=\"wp-block-image size-full\"><img decoding=\"async\" src=\"https:\/\/cleitonpinheiro.com.br\/site\/wp-content\/uploads\/2023\/08\/344543.jpg\" alt=\"\" class=\"wp-image-73830\"\/><figcaption class=\"wp-element-caption\">Festa do Divino no munic\u00edpio de Natividade &#8211; Foto: Kadu Souza\/Governo do Tocantins<\/figcaption><\/figure>\n\n\n\n<p class=\"wp-block-paragraph\">Com o prop\u00f3sito de preservar e valorizar a identidade cultural do Tocantins, a Secretaria de Estado da Cultura (Secult) realiza, entre os dias 28 de agosto e 28 de outubro, visitas t\u00e9cnicas em diferentes pontos do Estado.&nbsp;<\/p>\n\n\n\n<p class=\"wp-block-paragraph\">Taboc\u00e3o, Tupirama, Arapoema e Pau D\u2019Arco s\u00e3o as primeiras cidades tocantinenses que recebem a equipe da Secult, que seguir\u00e1 realizando visitas, conforme programa\u00e7\u00e3o elaborada previamente.<\/p>\n\n\n\n<p class=\"wp-block-paragraph\">A a\u00e7\u00e3o atuar\u00e1 na cataloga\u00e7\u00e3o de festas e eventos tradicionais dos munic\u00edpios, bem como na capacita\u00e7\u00e3o dos gestores culturais municipais para inclu\u00edrem seus eventos no Calend\u00e1rio Cultural do Tocantins.&nbsp;<\/p>\n\n\n\n<p class=\"wp-block-paragraph\">O Calend\u00e1rio Cultural do Estado do Tocantins foi criado pela Lei n\u00b0 1.525\/2004 e regulamentado pelo Decreto n\u00b0 4.357 de 25 de julho de 2011. Ele \u00e9 respons\u00e1vel por apresentar as datas de cria\u00e7\u00e3o dos munic\u00edpios e as mais diversas manifesta\u00e7\u00f5es culturais do Estado, sendo divulgado de forma on-line. Integrando o calend\u00e1rio, atualmente, existem 275 eventos culturais, celebrados em diversos cantos do Tocantins.<\/p>\n\n\n\n<p class=\"wp-block-paragraph\">Para a gerente de Acervos e Patrim\u00f4nio Hist\u00f3rico, Art\u00edstico e Cultural da Secult, Alline Alves dos Santos, esse trabalho de visita\u00e7\u00e3o nos munic\u00edpios possui sua relev\u00e2ncia na tradu\u00e7\u00e3o da identidade cultural de cada munic\u00edpio. \u201cEsse compromisso \u00e9 primordial na inser\u00e7\u00e3o dessas manifesta\u00e7\u00f5es culturais no Calend\u00e1rio Cultural do Estado do Tocantins, refor\u00e7ando ainda mais essas heran\u00e7as hist\u00f3ricas de cada regi\u00e3o, diversificando, reconhecendo e fomentando cada evento cultural tocantinense\u201d, explica Alline.<\/p>\n\n\n\n<p class=\"wp-block-paragraph\">O projeto faz parte das atribui\u00e7\u00f5es da Ger\u00eancia de Acervos e Patrim\u00f4nio Hist\u00f3rico, Art\u00edstico e Cultural da Secult, que registra os atrativos hist\u00f3ricos e culturais do Estado, proporcionando a sua divulga\u00e7\u00e3o e preserva\u00e7\u00e3o. As visitas tamb\u00e9m auxiliam no processo de elabora\u00e7\u00e3o do Calend\u00e1rio Cultural do Estado, que \u00e9 classificado em duas modalidades: Eventos Tradicionais e Agenda Cultural.<\/p>\n\n\n\n<p class=\"wp-block-paragraph\"><strong>Inscri\u00e7\u00e3o<\/strong><\/p>\n\n\n\n<p class=\"wp-block-paragraph\">Para incluir eventos tradicionais no Calend\u00e1rio Cultural do Tocantins, o munic\u00edpio deve realizar um procedimento formal conforme determina\u00e7\u00e3o da Instru\u00e7\u00e3o Normativa n\u00b0 001\/2012 e encaminhar para a Secult toda documenta\u00e7\u00e3o exigida, al\u00e9m de um of\u00edcio requerendo a inclus\u00e3o do evento no calend\u00e1rio.<\/p>\n\n\n\n<p class=\"wp-block-paragraph\">Para ter acesso a todos os documentos referentes ao Calend\u00e1rio Cultural, os interessados podem acessar o site da Secult ou conferir no&nbsp;<a href=\"https:\/\/www.to.gov.br\/secult\/calendario-cultural\/72l2u2ks8ef1\">link<\/a>.<\/p>\n","protected":false},"excerpt":{"rendered":"<p>Com o prop\u00f3sito de preservar e valorizar a identidade cultural do Tocantins, a Secretaria de Estado da Cultura (Secult) realiza, entre os dias 28 de agosto e 28 de outubro, visitas t\u00e9cnicas em diferentes pontos do Estado.&nbsp; Taboc\u00e3o, Tupirama, Arapoema e Pau D\u2019Arco s\u00e3o as primeiras cidades tocantinenses que recebem a equipe da Secult, que [&hellip;]<\/p>\n","protected":false},"author":13,"featured_media":0,"comment_status":"open","ping_status":"open","sticky":false,"template":"","format":"standard","meta":{"_acf_changed":false,"footnotes":""},"categories":[8,21],"tags":[],"class_list":["post-73829","post","type-post","status-publish","format-standard","hentry","category-estado","category-todas-noticias"],"acf":[],"yoast_head":"<!-- This site is optimized with the Yoast SEO plugin v24.4 - https:\/\/yoast.com\/wordpress\/plugins\/seo\/ -->\n<title>Governo do TO elabora calend\u00e1rio de festas e eventos culturais tradicionais do Estado - PORTAL DE NOT\u00cdCIAS CLEITON PINHEIRO<\/title>\n<meta name=\"robots\" content=\"index, follow, max-snippet:-1, max-image-preview:large, max-video-preview:-1\" \/>\n<link rel=\"canonical\" href=\"https:\/\/cleitonpinheiro.com.br\/site\/governo-do-to-elabora-calendario-de-festas-e-eventos-culturais-tradicionais-do-estado\/\" \/>\n<meta property=\"og:locale\" content=\"pt_BR\" \/>\n<meta property=\"og:type\" content=\"article\" \/>\n<meta property=\"og:title\" content=\"Governo do TO elabora calend\u00e1rio de festas e eventos culturais tradicionais do Estado - PORTAL DE NOT\u00cdCIAS CLEITON PINHEIRO\" \/>\n<meta property=\"og:description\" content=\"Com o prop\u00f3sito de preservar e valorizar a identidade cultural do Tocantins, a Secretaria de Estado da Cultura (Secult) realiza, entre os dias 28 de agosto e 28 de outubro, visitas t\u00e9cnicas em diferentes pontos do Estado.&nbsp; Taboc\u00e3o, Tupirama, Arapoema e Pau D\u2019Arco s\u00e3o as primeiras cidades tocantinenses que recebem a equipe da Secult, que [&hellip;]\" \/>\n<meta property=\"og:url\" content=\"https:\/\/cleitonpinheiro.com.br\/site\/governo-do-to-elabora-calendario-de-festas-e-eventos-culturais-tradicionais-do-estado\/\" \/>\n<meta property=\"og:site_name\" content=\"PORTAL DE NOT\u00cdCIAS CLEITON PINHEIRO\" \/>\n<meta property=\"article:publisher\" content=\"https:\/\/www.facebook.com\/portalcpnoticias\/\" \/>\n<meta property=\"article:published_time\" content=\"2023-08-29T18:59:55+00:00\" \/>\n<meta property=\"article:modified_time\" content=\"2023-12-27T14:29:27+00:00\" \/>\n<meta property=\"og:image\" content=\"https:\/\/cleitonpinheiro.com.br\/site\/wp-content\/uploads\/2023\/08\/344543.jpg\" \/>\n\t<meta property=\"og:image:width\" content=\"883\" \/>\n\t<meta property=\"og:image:height\" content=\"505\" \/>\n\t<meta property=\"og:image:type\" content=\"image\/jpeg\" \/>\n<meta name=\"author\" content=\"Reda\u00e7\u00e3o CP\" \/>\n<meta name=\"twitter:card\" content=\"summary_large_image\" \/>\n<meta name=\"twitter:label1\" content=\"Escrito por\" \/>\n\t<meta name=\"twitter:data1\" content=\"Reda\u00e7\u00e3o CP\" \/>\n\t<meta name=\"twitter:label2\" content=\"Est. tempo de leitura\" \/>\n\t<meta name=\"twitter:data2\" content=\"3 minutos\" \/>\n<script type=\"application\/ld+json\" class=\"yoast-schema-graph\">{\"@context\":\"https:\/\/schema.org\",\"@graph\":[{\"@type\":\"Article\",\"@id\":\"https:\/\/cleitonpinheiro.com.br\/site\/governo-do-to-elabora-calendario-de-festas-e-eventos-culturais-tradicionais-do-estado\/#article\",\"isPartOf\":{\"@id\":\"https:\/\/cleitonpinheiro.com.br\/site\/governo-do-to-elabora-calendario-de-festas-e-eventos-culturais-tradicionais-do-estado\/\"},\"author\":{\"name\":\"Reda\u00e7\u00e3o CP\",\"@id\":\"https:\/\/cleitonpinheiro.com.br\/site\/#\/schema\/person\/8f04544e0bc40a1b68775b08360f87db\"},\"headline\":\"Governo do TO elabora calend\u00e1rio de festas e eventos culturais tradicionais do Estado\",\"datePublished\":\"2023-08-29T18:59:55+00:00\",\"dateModified\":\"2023-12-27T14:29:27+00:00\",\"mainEntityOfPage\":{\"@id\":\"https:\/\/cleitonpinheiro.com.br\/site\/governo-do-to-elabora-calendario-de-festas-e-eventos-culturais-tradicionais-do-estado\/\"},\"wordCount\":422,\"commentCount\":0,\"publisher\":{\"@id\":\"https:\/\/cleitonpinheiro.com.br\/site\/#organization\"},\"image\":{\"@id\":\"https:\/\/cleitonpinheiro.com.br\/site\/governo-do-to-elabora-calendario-de-festas-e-eventos-culturais-tradicionais-do-estado\/#primaryimage\"},\"thumbnailUrl\":\"https:\/\/cleitonpinheiro.com.br\/site\/wp-content\/uploads\/2023\/08\/344543.jpg\",\"articleSection\":[\"ESTADO\",\"TODAS NOTICIAS\"],\"inLanguage\":\"pt-BR\",\"potentialAction\":[{\"@type\":\"CommentAction\",\"name\":\"Comment\",\"target\":[\"https:\/\/cleitonpinheiro.com.br\/site\/governo-do-to-elabora-calendario-de-festas-e-eventos-culturais-tradicionais-do-estado\/#respond\"]}]},{\"@type\":\"WebPage\",\"@id\":\"https:\/\/cleitonpinheiro.com.br\/site\/governo-do-to-elabora-calendario-de-festas-e-eventos-culturais-tradicionais-do-estado\/\",\"url\":\"https:\/\/cleitonpinheiro.com.br\/site\/governo-do-to-elabora-calendario-de-festas-e-eventos-culturais-tradicionais-do-estado\/\",\"name\":\"Governo do TO elabora calend\u00e1rio de festas e eventos culturais tradicionais do Estado - PORTAL DE NOT\u00cdCIAS CLEITON PINHEIRO\",\"isPartOf\":{\"@id\":\"https:\/\/cleitonpinheiro.com.br\/site\/#website\"},\"primaryImageOfPage\":{\"@id\":\"https:\/\/cleitonpinheiro.com.br\/site\/governo-do-to-elabora-calendario-de-festas-e-eventos-culturais-tradicionais-do-estado\/#primaryimage\"},\"image\":{\"@id\":\"https:\/\/cleitonpinheiro.com.br\/site\/governo-do-to-elabora-calendario-de-festas-e-eventos-culturais-tradicionais-do-estado\/#primaryimage\"},\"thumbnailUrl\":\"https:\/\/cleitonpinheiro.com.br\/site\/wp-content\/uploads\/2023\/08\/344543.jpg\",\"datePublished\":\"2023-08-29T18:59:55+00:00\",\"dateModified\":\"2023-12-27T14:29:27+00:00\",\"breadcrumb\":{\"@id\":\"https:\/\/cleitonpinheiro.com.br\/site\/governo-do-to-elabora-calendario-de-festas-e-eventos-culturais-tradicionais-do-estado\/#breadcrumb\"},\"inLanguage\":\"pt-BR\",\"potentialAction\":[{\"@type\":\"ReadAction\",\"target\":[\"https:\/\/cleitonpinheiro.com.br\/site\/governo-do-to-elabora-calendario-de-festas-e-eventos-culturais-tradicionais-do-estado\/\"]}]},{\"@type\":\"ImageObject\",\"inLanguage\":\"pt-BR\",\"@id\":\"https:\/\/cleitonpinheiro.com.br\/site\/governo-do-to-elabora-calendario-de-festas-e-eventos-culturais-tradicionais-do-estado\/#primaryimage\",\"url\":\"\",\"contentUrl\":\"\"},{\"@type\":\"BreadcrumbList\",\"@id\":\"https:\/\/cleitonpinheiro.com.br\/site\/governo-do-to-elabora-calendario-de-festas-e-eventos-culturais-tradicionais-do-estado\/#breadcrumb\",\"itemListElement\":[{\"@type\":\"ListItem\",\"position\":1,\"name\":\"In\u00edcio\",\"item\":\"https:\/\/cleitonpinheiro.com.br\/site\/\"},{\"@type\":\"ListItem\",\"position\":2,\"name\":\"Governo do TO elabora calend\u00e1rio de festas e eventos culturais tradicionais do Estado\"}]},{\"@type\":\"WebSite\",\"@id\":\"https:\/\/cleitonpinheiro.com.br\/site\/#website\",\"url\":\"https:\/\/cleitonpinheiro.com.br\/site\/\",\"name\":\"PORTAL DE NOT\u00cdCIAS CLEITON PINHEIRO\",\"description\":\"FALANDO A VERDADE\",\"publisher\":{\"@id\":\"https:\/\/cleitonpinheiro.com.br\/site\/#organization\"},\"potentialAction\":[{\"@type\":\"SearchAction\",\"target\":{\"@type\":\"EntryPoint\",\"urlTemplate\":\"https:\/\/cleitonpinheiro.com.br\/site\/?s={search_term_string}\"},\"query-input\":{\"@type\":\"PropertyValueSpecification\",\"valueRequired\":true,\"valueName\":\"search_term_string\"}}],\"inLanguage\":\"pt-BR\"},{\"@type\":\"Organization\",\"@id\":\"https:\/\/cleitonpinheiro.com.br\/site\/#organization\",\"name\":\"CPNOT\u00cdCIAS\",\"url\":\"https:\/\/cleitonpinheiro.com.br\/site\/\",\"logo\":{\"@type\":\"ImageObject\",\"inLanguage\":\"pt-BR\",\"@id\":\"https:\/\/cleitonpinheiro.com.br\/site\/#\/schema\/logo\/image\/\",\"url\":\"https:\/\/cleitonpinheiro.com.br\/site\/wp-content\/uploads\/2022\/08\/Logo-pequena-2.png\",\"contentUrl\":\"https:\/\/cleitonpinheiro.com.br\/site\/wp-content\/uploads\/2022\/08\/Logo-pequena-2.png\",\"width\":500,\"height\":500,\"caption\":\"CPNOT\u00cdCIAS\"},\"image\":{\"@id\":\"https:\/\/cleitonpinheiro.com.br\/site\/#\/schema\/logo\/image\/\"},\"sameAs\":[\"https:\/\/www.facebook.com\/portalcpnoticias\/\"]},{\"@type\":\"Person\",\"@id\":\"https:\/\/cleitonpinheiro.com.br\/site\/#\/schema\/person\/8f04544e0bc40a1b68775b08360f87db\",\"name\":\"Reda\u00e7\u00e3o CP\",\"image\":{\"@type\":\"ImageObject\",\"inLanguage\":\"pt-BR\",\"@id\":\"https:\/\/cleitonpinheiro.com.br\/site\/#\/schema\/person\/image\/\",\"url\":\"https:\/\/secure.gravatar.com\/avatar\/0bcf19cb29fdc8fc588c490c7ae1b3e174dac268586a63fbe1d1893a0f9020cd?s=96&r=g\",\"contentUrl\":\"https:\/\/secure.gravatar.com\/avatar\/0bcf19cb29fdc8fc588c490c7ae1b3e174dac268586a63fbe1d1893a0f9020cd?s=96&r=g\",\"caption\":\"Reda\u00e7\u00e3o CP\"},\"url\":\"https:\/\/cleitonpinheiro.com.br\/site\/author\/redacao\/\"}]}<\/script>\n<!-- \/ Yoast SEO plugin. -->","yoast_head_json":{"title":"Governo do TO elabora calend\u00e1rio de festas e eventos culturais tradicionais do Estado - PORTAL DE NOT\u00cdCIAS CLEITON PINHEIRO","robots":{"index":"index","follow":"follow","max-snippet":"max-snippet:-1","max-image-preview":"max-image-preview:large","max-video-preview":"max-video-preview:-1"},"canonical":"https:\/\/cleitonpinheiro.com.br\/site\/governo-do-to-elabora-calendario-de-festas-e-eventos-culturais-tradicionais-do-estado\/","og_locale":"pt_BR","og_type":"article","og_title":"Governo do TO elabora calend\u00e1rio de festas e eventos culturais tradicionais do Estado - PORTAL DE NOT\u00cdCIAS CLEITON PINHEIRO","og_description":"Com o prop\u00f3sito de preservar e valorizar a identidade cultural do Tocantins, a Secretaria de Estado da Cultura (Secult) realiza, entre os dias 28 de agosto e 28 de outubro, visitas t\u00e9cnicas em diferentes pontos do Estado.&nbsp; Taboc\u00e3o, Tupirama, Arapoema e Pau D\u2019Arco s\u00e3o as primeiras cidades tocantinenses que recebem a equipe da Secult, que [&hellip;]","og_url":"https:\/\/cleitonpinheiro.com.br\/site\/governo-do-to-elabora-calendario-de-festas-e-eventos-culturais-tradicionais-do-estado\/","og_site_name":"PORTAL DE NOT\u00cdCIAS CLEITON PINHEIRO","article_publisher":"https:\/\/www.facebook.com\/portalcpnoticias\/","article_published_time":"2023-08-29T18:59:55+00:00","article_modified_time":"2023-12-27T14:29:27+00:00","og_image":[{"width":883,"height":505,"url":"https:\/\/cleitonpinheiro.com.br\/site\/wp-content\/uploads\/2023\/08\/344543.jpg","type":"image\/jpeg"}],"author":"Reda\u00e7\u00e3o CP","twitter_card":"summary_large_image","twitter_misc":{"Escrito por":"Reda\u00e7\u00e3o CP","Est. tempo de leitura":"3 minutos"},"schema":{"@context":"https:\/\/schema.org","@graph":[{"@type":"Article","@id":"https:\/\/cleitonpinheiro.com.br\/site\/governo-do-to-elabora-calendario-de-festas-e-eventos-culturais-tradicionais-do-estado\/#article","isPartOf":{"@id":"https:\/\/cleitonpinheiro.com.br\/site\/governo-do-to-elabora-calendario-de-festas-e-eventos-culturais-tradicionais-do-estado\/"},"author":{"name":"Reda\u00e7\u00e3o CP","@id":"https:\/\/cleitonpinheiro.com.br\/site\/#\/schema\/person\/8f04544e0bc40a1b68775b08360f87db"},"headline":"Governo do TO elabora calend\u00e1rio de festas e eventos culturais tradicionais do Estado","datePublished":"2023-08-29T18:59:55+00:00","dateModified":"2023-12-27T14:29:27+00:00","mainEntityOfPage":{"@id":"https:\/\/cleitonpinheiro.com.br\/site\/governo-do-to-elabora-calendario-de-festas-e-eventos-culturais-tradicionais-do-estado\/"},"wordCount":422,"commentCount":0,"publisher":{"@id":"https:\/\/cleitonpinheiro.com.br\/site\/#organization"},"image":{"@id":"https:\/\/cleitonpinheiro.com.br\/site\/governo-do-to-elabora-calendario-de-festas-e-eventos-culturais-tradicionais-do-estado\/#primaryimage"},"thumbnailUrl":"https:\/\/cleitonpinheiro.com.br\/site\/wp-content\/uploads\/2023\/08\/344543.jpg","articleSection":["ESTADO","TODAS NOTICIAS"],"inLanguage":"pt-BR","potentialAction":[{"@type":"CommentAction","name":"Comment","target":["https:\/\/cleitonpinheiro.com.br\/site\/governo-do-to-elabora-calendario-de-festas-e-eventos-culturais-tradicionais-do-estado\/#respond"]}]},{"@type":"WebPage","@id":"https:\/\/cleitonpinheiro.com.br\/site\/governo-do-to-elabora-calendario-de-festas-e-eventos-culturais-tradicionais-do-estado\/","url":"https:\/\/cleitonpinheiro.com.br\/site\/governo-do-to-elabora-calendario-de-festas-e-eventos-culturais-tradicionais-do-estado\/","name":"Governo do TO elabora calend\u00e1rio de festas e eventos culturais tradicionais do Estado - PORTAL DE NOT\u00cdCIAS CLEITON PINHEIRO","isPartOf":{"@id":"https:\/\/cleitonpinheiro.com.br\/site\/#website"},"primaryImageOfPage":{"@id":"https:\/\/cleitonpinheiro.com.br\/site\/governo-do-to-elabora-calendario-de-festas-e-eventos-culturais-tradicionais-do-estado\/#primaryimage"},"image":{"@id":"https:\/\/cleitonpinheiro.com.br\/site\/governo-do-to-elabora-calendario-de-festas-e-eventos-culturais-tradicionais-do-estado\/#primaryimage"},"thumbnailUrl":"https:\/\/cleitonpinheiro.com.br\/site\/wp-content\/uploads\/2023\/08\/344543.jpg","datePublished":"2023-08-29T18:59:55+00:00","dateModified":"2023-12-27T14:29:27+00:00","breadcrumb":{"@id":"https:\/\/cleitonpinheiro.com.br\/site\/governo-do-to-elabora-calendario-de-festas-e-eventos-culturais-tradicionais-do-estado\/#breadcrumb"},"inLanguage":"pt-BR","potentialAction":[{"@type":"ReadAction","target":["https:\/\/cleitonpinheiro.com.br\/site\/governo-do-to-elabora-calendario-de-festas-e-eventos-culturais-tradicionais-do-estado\/"]}]},{"@type":"ImageObject","inLanguage":"pt-BR","@id":"https:\/\/cleitonpinheiro.com.br\/site\/governo-do-to-elabora-calendario-de-festas-e-eventos-culturais-tradicionais-do-estado\/#primaryimage","url":"","contentUrl":""},{"@type":"BreadcrumbList","@id":"https:\/\/cleitonpinheiro.com.br\/site\/governo-do-to-elabora-calendario-de-festas-e-eventos-culturais-tradicionais-do-estado\/#breadcrumb","itemListElement":[{"@type":"ListItem","position":1,"name":"In\u00edcio","item":"https:\/\/cleitonpinheiro.com.br\/site\/"},{"@type":"ListItem","position":2,"name":"Governo do TO elabora calend\u00e1rio de festas e eventos culturais tradicionais do Estado"}]},{"@type":"WebSite","@id":"https:\/\/cleitonpinheiro.com.br\/site\/#website","url":"https:\/\/cleitonpinheiro.com.br\/site\/","name":"PORTAL DE NOT\u00cdCIAS CLEITON PINHEIRO","description":"FALANDO A VERDADE","publisher":{"@id":"https:\/\/cleitonpinheiro.com.br\/site\/#organization"},"potentialAction":[{"@type":"SearchAction","target":{"@type":"EntryPoint","urlTemplate":"https:\/\/cleitonpinheiro.com.br\/site\/?s={search_term_string}"},"query-input":{"@type":"PropertyValueSpecification","valueRequired":true,"valueName":"search_term_string"}}],"inLanguage":"pt-BR"},{"@type":"Organization","@id":"https:\/\/cleitonpinheiro.com.br\/site\/#organization","name":"CPNOT\u00cdCIAS","url":"https:\/\/cleitonpinheiro.com.br\/site\/","logo":{"@type":"ImageObject","inLanguage":"pt-BR","@id":"https:\/\/cleitonpinheiro.com.br\/site\/#\/schema\/logo\/image\/","url":"https:\/\/cleitonpinheiro.com.br\/site\/wp-content\/uploads\/2022\/08\/Logo-pequena-2.png","contentUrl":"https:\/\/cleitonpinheiro.com.br\/site\/wp-content\/uploads\/2022\/08\/Logo-pequena-2.png","width":500,"height":500,"caption":"CPNOT\u00cdCIAS"},"image":{"@id":"https:\/\/cleitonpinheiro.com.br\/site\/#\/schema\/logo\/image\/"},"sameAs":["https:\/\/www.facebook.com\/portalcpnoticias\/"]},{"@type":"Person","@id":"https:\/\/cleitonpinheiro.com.br\/site\/#\/schema\/person\/8f04544e0bc40a1b68775b08360f87db","name":"Reda\u00e7\u00e3o CP","image":{"@type":"ImageObject","inLanguage":"pt-BR","@id":"https:\/\/cleitonpinheiro.com.br\/site\/#\/schema\/person\/image\/","url":"https:\/\/secure.gravatar.com\/avatar\/0bcf19cb29fdc8fc588c490c7ae1b3e174dac268586a63fbe1d1893a0f9020cd?s=96&r=g","contentUrl":"https:\/\/secure.gravatar.com\/avatar\/0bcf19cb29fdc8fc588c490c7ae1b3e174dac268586a63fbe1d1893a0f9020cd?s=96&r=g","caption":"Reda\u00e7\u00e3o CP"},"url":"https:\/\/cleitonpinheiro.com.br\/site\/author\/redacao\/"}]}},"views":120,"_links":{"self":[{"href":"https:\/\/cleitonpinheiro.com.br\/site\/wp-json\/wp\/v2\/posts\/73829","targetHints":{"allow":["GET"]}}],"collection":[{"href":"https:\/\/cleitonpinheiro.com.br\/site\/wp-json\/wp\/v2\/posts"}],"about":[{"href":"https:\/\/cleitonpinheiro.com.br\/site\/wp-json\/wp\/v2\/types\/post"}],"author":[{"embeddable":true,"href":"https:\/\/cleitonpinheiro.com.br\/site\/wp-json\/wp\/v2\/users\/13"}],"replies":[{"embeddable":true,"href":"https:\/\/cleitonpinheiro.com.br\/site\/wp-json\/wp\/v2\/comments?post=73829"}],"version-history":[{"count":1,"href":"https:\/\/cleitonpinheiro.com.br\/site\/wp-json\/wp\/v2\/posts\/73829\/revisions"}],"predecessor-version":[{"id":73831,"href":"https:\/\/cleitonpinheiro.com.br\/site\/wp-json\/wp\/v2\/posts\/73829\/revisions\/73831"}],"wp:attachment":[{"href":"https:\/\/cleitonpinheiro.com.br\/site\/wp-json\/wp\/v2\/media?parent=73829"}],"wp:term":[{"taxonomy":"category","embeddable":true,"href":"https:\/\/cleitonpinheiro.com.br\/site\/wp-json\/wp\/v2\/categories?post=73829"},{"taxonomy":"post_tag","embeddable":true,"href":"https:\/\/cleitonpinheiro.com.br\/site\/wp-json\/wp\/v2\/tags?post=73829"}],"curies":[{"name":"wp","href":"https:\/\/api.w.org\/{rel}","templated":true}]}}