{"id":73832,"date":"2023-08-29T14:17:00","date_gmt":"2023-08-29T17:17:00","guid":{"rendered":"https:\/\/cleitonpinheiro.com.br\/site\/?p=73832"},"modified":"2023-08-29T16:23:00","modified_gmt":"2023-08-29T19:23:00","slug":"falha-em-equipamento-de-usina-contribuiu-para-apagao-revela-ons","status":"publish","type":"post","link":"https:\/\/cleitonpinheiro.com.br\/site\/falha-em-equipamento-de-usina-contribuiu-para-apagao-revela-ons\/","title":{"rendered":"Falha em equipamento de usina contribuiu para apag\u00e3o, revela ONS"},"content":{"rendered":"\n<figure class=\"wp-block-image size-full\"><img decoding=\"async\" src=\"https:\/\/cleitonpinheiro.com.br\/site\/wp-content\/uploads\/2023\/08\/29082023-lula4225.jpg\" alt=\"\" class=\"wp-image-73833\"\/><figcaption class=\"wp-element-caption\">Diretor-geral do ONS, Luiz Carlos Ciocchi, fala sobre apag\u00e3o ocorrido no \u00faltimo dia 15 &#8211; Foto: Lula Marques\/Ag\u00eancia Brasil<\/figcaption><\/figure>\n\n\n\n<p class=\"wp-block-paragraph\"><strong>Da Ag\u00eancia Brasil<\/strong><\/p>\n\n\n\n<p class=\"wp-block-paragraph\">O diretor-geral do Operador Nacional do Sistema El\u00e9trico (ONS), Luiz Carlos Ciocchi, disse, nesta ter\u00e7a-feira (29), que o sistema de prote\u00e7\u00e3o de uma usina demorou mais tempo que o previsto para entrar em a\u00e7\u00e3o, gerando uma sobrecarga que causou o apag\u00e3o energ\u00e9tico do \u00faltimo dia 15.<img decoding=\"async\" src=\"https:\/\/agenciabrasil.ebc.com.br\/ebc.png?id=1551821&amp;o=node\"><img decoding=\"async\" src=\"https:\/\/agenciabrasil.ebc.com.br\/ebc.gif?id=1551821&amp;o=node\"><\/p>\n\n\n\n<p class=\"wp-block-paragraph\">\u201cEsta avalia\u00e7\u00e3o s\u00f3 foi poss\u00edvel gra\u00e7as \u00e0s informa\u00e7\u00f5es que os agentes [do setor el\u00e9trico] nos passaram, mostrando&nbsp;o tempo que o aparelho [um regulador de tens\u00e3o] de uma usina demorou a entrar em a\u00e7\u00e3o\u201d, revelou Ciocchi na abertura da reuni\u00e3o conjunta das comiss\u00f5es de Fiscaliza\u00e7\u00e3o Financeira e Controle e de Minas e Energia da C\u00e2mara dos Deputados.<\/p>\n\n\n\n<p class=\"wp-block-paragraph\">Segundo o diretor-geral do ONS &#8211; entidade privada respons\u00e1vel por coordenar e controlar a opera\u00e7\u00e3o das instala\u00e7\u00f5es de gera\u00e7\u00e3o e transmiss\u00e3o de energia el\u00e9trica no Sistema Interligado Nacional \u2013 o equipamento em quest\u00e3o deveria ter demorado 15 milissegundos para entrar em a\u00e7\u00e3o, conforme previsto nos projetos habilitados pelos agentes econ\u00f4micos, mas demorou entre 80 milissegundos e 100 milissegundos.<\/p>\n\n\n\n<p class=\"wp-block-paragraph\">Ainda de acordo com Ciocchi, ao tentar reconstituir, em simuladores, os fatos que antecederam&nbsp;o apag\u00e3o do \u00faltimo dia 15, os especialistas do setor n\u00e3o conseguiam obter o desligamento das fontes geradoras usando o tempo de resposta indicado nos projetos. S\u00f3 ao receber \u201ca pista\u201d de que o equipamento de uma usina pode ter demorado al\u00e9m do tempo previsto para entrar em a\u00e7\u00e3o, os t\u00e9cnicos conseguiram reproduzir o evento.<\/p>\n\n\n\n<p class=\"wp-block-paragraph\">\u201cA grande pista, j\u00e1 discutida com t\u00e9cnicos, engenheiros e com v\u00e1rios&nbsp;<em>experts<\/em>&nbsp;do setor, \u00e9 que a\u00ed est\u00e1 a causa de uma s\u00e9rie de outros eventos, de aberturas de linhas, que levaram a esta desconex\u00e3o que atingiu praticamente todo o Brasil\u201d, acrescentou o diretor-geral do ONS.<\/p>\n\n\n\n<p class=\"wp-block-paragraph\">Ciochi refor\u00e7ou que, conforme divulgado anteriormente, o chamado \u201cevento zero\u201d que contribuiu para que o apag\u00e3o acontecesse foi o&nbsp;<a href=\"https:\/\/agenciabrasil.ebc.com.br\/geral\/noticia\/2023-08\/linha-de-transmissao-desligou-milissegundos-antes-de-apagao\" target=\"_blank\" rel=\"noreferrer noopener\">desligamento&nbsp;da linha de transmiss\u00e3o 500kV Quixad\u00e1-Fortaleza<\/a>. Segundo as autoridades do setor, isso ocorreu milissegundos antes da pane moment\u00e2nea no sistema, por \u201catua\u00e7\u00e3o indevida\u201d dos mecanismos de prote\u00e7\u00e3o do Sistema Interligado.<\/p>\n\n\n\n<p class=\"wp-block-paragraph\">\u201cRepetindo o que falamos \u00e0 \u00e9poca, isso n\u00e3o foi a causa do fen\u00f4meno, pois o sistema brasileiro tem suas redund\u00e2ncias [prote\u00e7\u00f5es em sequ\u00eancia] e \u00e9 projetado para resistir a uma perda simples desta natureza\u201d, comentou Ciochi, voltando a classificar a ocorr\u00eancia do dia 15 como um \u201cfen\u00f4meno completamente inusitado\u201d.<\/p>\n\n\n\n<p class=\"wp-block-paragraph\">O apag\u00e3o energ\u00e9tico deixou cerca de 29 milh\u00f5es de brasileiros sem energia em quase todo o pa\u00eds, com exce\u00e7\u00e3o do estado de Roraima, cujo sistema n\u00e3o est\u00e1 ligado ao do resto do pa\u00eds. A interrup\u00e7\u00e3o do fornecimento de energia el\u00e9trica, que come\u00e7ou por volta das 8h30 (hor\u00e1rio de Bras\u00edlia)&nbsp;do dia 15, afetou as regi\u00f5es do pa\u00eds de forma diferente.<\/p>\n\n\n\n<p class=\"wp-block-paragraph\">Nas regi\u00f5es Sul, Sudeste e Centro-Oeste, de acordo com Ciochi, o servi\u00e7o foi restabelecido quase que integralmente em menos de uma hora. J\u00e1 na Regi\u00e3o Nordeste, a recupera\u00e7\u00e3o demorou mais. Foram necess\u00e1rias tr\u00eas horas para restabelecer apenas 70% da carga afetada. O impacto foi ainda maior na Regi\u00e3o Norte. \u201cFoi praticamente um<em>&nbsp;blecaute&nbsp;<\/em>total e a recupera\u00e7\u00e3o enfrentou algumas dificuldades. Ainda assim, \u00e0s 15h49, mais de 90% da carga estava recuperada\u201d, apontou o diretor-geral do ONS, admitindo que, em termos nacionais, o apag\u00e3o foi \u201cde grandes propor\u00e7\u00f5es\u201d.<\/p>\n\n\n\n<p class=\"wp-block-paragraph\">O detalhamento das causas e responsabilidades pelo apag\u00e3o constar\u00e3o de um relat\u00f3rio consolidado que o ONS divulgar\u00e1 nas pr\u00f3ximas semanas.<\/p>\n","protected":false},"excerpt":{"rendered":"<p>Da Ag\u00eancia Brasil O diretor-geral do Operador Nacional do Sistema El\u00e9trico (ONS), Luiz Carlos Ciocchi, disse, nesta ter\u00e7a-feira (29), que o sistema de prote\u00e7\u00e3o de uma usina demorou mais tempo que o previsto para entrar em a\u00e7\u00e3o, gerando uma sobrecarga que causou o apag\u00e3o energ\u00e9tico do \u00faltimo dia 15. \u201cEsta avalia\u00e7\u00e3o s\u00f3 foi poss\u00edvel gra\u00e7as [&hellip;]<\/p>\n","protected":false},"author":13,"featured_media":0,"comment_status":"open","ping_status":"open","sticky":false,"template":"","format":"standard","meta":{"_acf_changed":false,"footnotes":""},"categories":[19,898],"tags":[],"class_list":["post-73832","post","type-post","status-publish","format-standard","hentry","category-brasil-mundo","category-manchete-segundaria"],"acf":[],"yoast_head":"<!-- This site is optimized with the Yoast SEO plugin v24.4 - https:\/\/yoast.com\/wordpress\/plugins\/seo\/ -->\n<title>Falha em equipamento de usina contribuiu para apag\u00e3o, revela ONS - PORTAL DE NOT\u00cdCIAS CLEITON PINHEIRO<\/title>\n<meta name=\"robots\" content=\"index, follow, max-snippet:-1, max-image-preview:large, max-video-preview:-1\" \/>\n<link rel=\"canonical\" href=\"https:\/\/cleitonpinheiro.com.br\/site\/falha-em-equipamento-de-usina-contribuiu-para-apagao-revela-ons\/\" \/>\n<meta property=\"og:locale\" content=\"pt_BR\" \/>\n<meta property=\"og:type\" content=\"article\" \/>\n<meta property=\"og:title\" content=\"Falha em equipamento de usina contribuiu para apag\u00e3o, revela ONS - PORTAL DE NOT\u00cdCIAS CLEITON PINHEIRO\" \/>\n<meta property=\"og:description\" content=\"Da Ag\u00eancia Brasil O diretor-geral do Operador Nacional do Sistema El\u00e9trico (ONS), Luiz Carlos Ciocchi, disse, nesta ter\u00e7a-feira (29), que o sistema de prote\u00e7\u00e3o de uma usina demorou mais tempo que o previsto para entrar em a\u00e7\u00e3o, gerando uma sobrecarga que causou o apag\u00e3o energ\u00e9tico do \u00faltimo dia 15. \u201cEsta avalia\u00e7\u00e3o s\u00f3 foi poss\u00edvel gra\u00e7as [&hellip;]\" \/>\n<meta property=\"og:url\" content=\"https:\/\/cleitonpinheiro.com.br\/site\/falha-em-equipamento-de-usina-contribuiu-para-apagao-revela-ons\/\" \/>\n<meta property=\"og:site_name\" content=\"PORTAL DE NOT\u00cdCIAS CLEITON PINHEIRO\" \/>\n<meta property=\"article:publisher\" content=\"https:\/\/www.facebook.com\/portalcpnoticias\/\" \/>\n<meta property=\"article:published_time\" content=\"2023-08-29T17:17:00+00:00\" \/>\n<meta property=\"article:modified_time\" content=\"2023-08-29T19:23:00+00:00\" \/>\n<meta property=\"og:image\" content=\"https:\/\/cleitonpinheiro.com.br\/site\/wp-content\/uploads\/2023\/08\/29082023-lula4225.jpg\" \/>\n\t<meta property=\"og:image:width\" content=\"1170\" \/>\n\t<meta property=\"og:image:height\" content=\"700\" \/>\n\t<meta property=\"og:image:type\" content=\"image\/jpeg\" \/>\n<meta name=\"author\" content=\"Reda\u00e7\u00e3o CP\" \/>\n<meta name=\"twitter:card\" content=\"summary_large_image\" \/>\n<meta name=\"twitter:label1\" content=\"Escrito por\" \/>\n\t<meta name=\"twitter:data1\" content=\"Reda\u00e7\u00e3o CP\" \/>\n\t<meta name=\"twitter:label2\" content=\"Est. tempo de leitura\" \/>\n\t<meta name=\"twitter:data2\" content=\"4 minutos\" \/>\n<script type=\"application\/ld+json\" class=\"yoast-schema-graph\">{\"@context\":\"https:\/\/schema.org\",\"@graph\":[{\"@type\":\"Article\",\"@id\":\"https:\/\/cleitonpinheiro.com.br\/site\/falha-em-equipamento-de-usina-contribuiu-para-apagao-revela-ons\/#article\",\"isPartOf\":{\"@id\":\"https:\/\/cleitonpinheiro.com.br\/site\/falha-em-equipamento-de-usina-contribuiu-para-apagao-revela-ons\/\"},\"author\":{\"name\":\"Reda\u00e7\u00e3o CP\",\"@id\":\"https:\/\/cleitonpinheiro.com.br\/site\/#\/schema\/person\/8f04544e0bc40a1b68775b08360f87db\"},\"headline\":\"Falha em equipamento de usina contribuiu para apag\u00e3o, revela ONS\",\"datePublished\":\"2023-08-29T17:17:00+00:00\",\"dateModified\":\"2023-08-29T19:23:00+00:00\",\"mainEntityOfPage\":{\"@id\":\"https:\/\/cleitonpinheiro.com.br\/site\/falha-em-equipamento-de-usina-contribuiu-para-apagao-revela-ons\/\"},\"wordCount\":649,\"commentCount\":0,\"publisher\":{\"@id\":\"https:\/\/cleitonpinheiro.com.br\/site\/#organization\"},\"image\":{\"@id\":\"https:\/\/cleitonpinheiro.com.br\/site\/falha-em-equipamento-de-usina-contribuiu-para-apagao-revela-ons\/#primaryimage\"},\"thumbnailUrl\":\"https:\/\/cleitonpinheiro.com.br\/site\/wp-content\/uploads\/2023\/08\/29082023-lula4225.jpg\",\"articleSection\":[\"BRASIL \/ MUNDO\",\"MANCHETE SEGUND\u00c1RIA\"],\"inLanguage\":\"pt-BR\",\"potentialAction\":[{\"@type\":\"CommentAction\",\"name\":\"Comment\",\"target\":[\"https:\/\/cleitonpinheiro.com.br\/site\/falha-em-equipamento-de-usina-contribuiu-para-apagao-revela-ons\/#respond\"]}]},{\"@type\":\"WebPage\",\"@id\":\"https:\/\/cleitonpinheiro.com.br\/site\/falha-em-equipamento-de-usina-contribuiu-para-apagao-revela-ons\/\",\"url\":\"https:\/\/cleitonpinheiro.com.br\/site\/falha-em-equipamento-de-usina-contribuiu-para-apagao-revela-ons\/\",\"name\":\"Falha em equipamento de usina contribuiu para apag\u00e3o, revela ONS - PORTAL DE NOT\u00cdCIAS CLEITON PINHEIRO\",\"isPartOf\":{\"@id\":\"https:\/\/cleitonpinheiro.com.br\/site\/#website\"},\"primaryImageOfPage\":{\"@id\":\"https:\/\/cleitonpinheiro.com.br\/site\/falha-em-equipamento-de-usina-contribuiu-para-apagao-revela-ons\/#primaryimage\"},\"image\":{\"@id\":\"https:\/\/cleitonpinheiro.com.br\/site\/falha-em-equipamento-de-usina-contribuiu-para-apagao-revela-ons\/#primaryimage\"},\"thumbnailUrl\":\"https:\/\/cleitonpinheiro.com.br\/site\/wp-content\/uploads\/2023\/08\/29082023-lula4225.jpg\",\"datePublished\":\"2023-08-29T17:17:00+00:00\",\"dateModified\":\"2023-08-29T19:23:00+00:00\",\"breadcrumb\":{\"@id\":\"https:\/\/cleitonpinheiro.com.br\/site\/falha-em-equipamento-de-usina-contribuiu-para-apagao-revela-ons\/#breadcrumb\"},\"inLanguage\":\"pt-BR\",\"potentialAction\":[{\"@type\":\"ReadAction\",\"target\":[\"https:\/\/cleitonpinheiro.com.br\/site\/falha-em-equipamento-de-usina-contribuiu-para-apagao-revela-ons\/\"]}]},{\"@type\":\"ImageObject\",\"inLanguage\":\"pt-BR\",\"@id\":\"https:\/\/cleitonpinheiro.com.br\/site\/falha-em-equipamento-de-usina-contribuiu-para-apagao-revela-ons\/#primaryimage\",\"url\":\"\",\"contentUrl\":\"\"},{\"@type\":\"BreadcrumbList\",\"@id\":\"https:\/\/cleitonpinheiro.com.br\/site\/falha-em-equipamento-de-usina-contribuiu-para-apagao-revela-ons\/#breadcrumb\",\"itemListElement\":[{\"@type\":\"ListItem\",\"position\":1,\"name\":\"In\u00edcio\",\"item\":\"https:\/\/cleitonpinheiro.com.br\/site\/\"},{\"@type\":\"ListItem\",\"position\":2,\"name\":\"Falha em equipamento de usina contribuiu para apag\u00e3o, revela ONS\"}]},{\"@type\":\"WebSite\",\"@id\":\"https:\/\/cleitonpinheiro.com.br\/site\/#website\",\"url\":\"https:\/\/cleitonpinheiro.com.br\/site\/\",\"name\":\"PORTAL DE NOT\u00cdCIAS CLEITON PINHEIRO\",\"description\":\"FALANDO A VERDADE\",\"publisher\":{\"@id\":\"https:\/\/cleitonpinheiro.com.br\/site\/#organization\"},\"potentialAction\":[{\"@type\":\"SearchAction\",\"target\":{\"@type\":\"EntryPoint\",\"urlTemplate\":\"https:\/\/cleitonpinheiro.com.br\/site\/?s={search_term_string}\"},\"query-input\":{\"@type\":\"PropertyValueSpecification\",\"valueRequired\":true,\"valueName\":\"search_term_string\"}}],\"inLanguage\":\"pt-BR\"},{\"@type\":\"Organization\",\"@id\":\"https:\/\/cleitonpinheiro.com.br\/site\/#organization\",\"name\":\"CPNOT\u00cdCIAS\",\"url\":\"https:\/\/cleitonpinheiro.com.br\/site\/\",\"logo\":{\"@type\":\"ImageObject\",\"inLanguage\":\"pt-BR\",\"@id\":\"https:\/\/cleitonpinheiro.com.br\/site\/#\/schema\/logo\/image\/\",\"url\":\"https:\/\/cleitonpinheiro.com.br\/site\/wp-content\/uploads\/2022\/08\/Logo-pequena-2.png\",\"contentUrl\":\"https:\/\/cleitonpinheiro.com.br\/site\/wp-content\/uploads\/2022\/08\/Logo-pequena-2.png\",\"width\":500,\"height\":500,\"caption\":\"CPNOT\u00cdCIAS\"},\"image\":{\"@id\":\"https:\/\/cleitonpinheiro.com.br\/site\/#\/schema\/logo\/image\/\"},\"sameAs\":[\"https:\/\/www.facebook.com\/portalcpnoticias\/\"]},{\"@type\":\"Person\",\"@id\":\"https:\/\/cleitonpinheiro.com.br\/site\/#\/schema\/person\/8f04544e0bc40a1b68775b08360f87db\",\"name\":\"Reda\u00e7\u00e3o CP\",\"image\":{\"@type\":\"ImageObject\",\"inLanguage\":\"pt-BR\",\"@id\":\"https:\/\/cleitonpinheiro.com.br\/site\/#\/schema\/person\/image\/\",\"url\":\"https:\/\/secure.gravatar.com\/avatar\/0bcf19cb29fdc8fc588c490c7ae1b3e174dac268586a63fbe1d1893a0f9020cd?s=96&r=g\",\"contentUrl\":\"https:\/\/secure.gravatar.com\/avatar\/0bcf19cb29fdc8fc588c490c7ae1b3e174dac268586a63fbe1d1893a0f9020cd?s=96&r=g\",\"caption\":\"Reda\u00e7\u00e3o CP\"},\"url\":\"https:\/\/cleitonpinheiro.com.br\/site\/author\/redacao\/\"}]}<\/script>\n<!-- \/ Yoast SEO plugin. -->","yoast_head_json":{"title":"Falha em equipamento de usina contribuiu para apag\u00e3o, revela ONS - PORTAL DE NOT\u00cdCIAS CLEITON PINHEIRO","robots":{"index":"index","follow":"follow","max-snippet":"max-snippet:-1","max-image-preview":"max-image-preview:large","max-video-preview":"max-video-preview:-1"},"canonical":"https:\/\/cleitonpinheiro.com.br\/site\/falha-em-equipamento-de-usina-contribuiu-para-apagao-revela-ons\/","og_locale":"pt_BR","og_type":"article","og_title":"Falha em equipamento de usina contribuiu para apag\u00e3o, revela ONS - PORTAL DE NOT\u00cdCIAS CLEITON PINHEIRO","og_description":"Da Ag\u00eancia Brasil O diretor-geral do Operador Nacional do Sistema El\u00e9trico (ONS), Luiz Carlos Ciocchi, disse, nesta ter\u00e7a-feira (29), que o sistema de prote\u00e7\u00e3o de uma usina demorou mais tempo que o previsto para entrar em a\u00e7\u00e3o, gerando uma sobrecarga que causou o apag\u00e3o energ\u00e9tico do \u00faltimo dia 15. \u201cEsta avalia\u00e7\u00e3o s\u00f3 foi poss\u00edvel gra\u00e7as [&hellip;]","og_url":"https:\/\/cleitonpinheiro.com.br\/site\/falha-em-equipamento-de-usina-contribuiu-para-apagao-revela-ons\/","og_site_name":"PORTAL DE NOT\u00cdCIAS CLEITON PINHEIRO","article_publisher":"https:\/\/www.facebook.com\/portalcpnoticias\/","article_published_time":"2023-08-29T17:17:00+00:00","article_modified_time":"2023-08-29T19:23:00+00:00","og_image":[{"width":1170,"height":700,"url":"https:\/\/cleitonpinheiro.com.br\/site\/wp-content\/uploads\/2023\/08\/29082023-lula4225.jpg","type":"image\/jpeg"}],"author":"Reda\u00e7\u00e3o CP","twitter_card":"summary_large_image","twitter_misc":{"Escrito por":"Reda\u00e7\u00e3o CP","Est. tempo de leitura":"4 minutos"},"schema":{"@context":"https:\/\/schema.org","@graph":[{"@type":"Article","@id":"https:\/\/cleitonpinheiro.com.br\/site\/falha-em-equipamento-de-usina-contribuiu-para-apagao-revela-ons\/#article","isPartOf":{"@id":"https:\/\/cleitonpinheiro.com.br\/site\/falha-em-equipamento-de-usina-contribuiu-para-apagao-revela-ons\/"},"author":{"name":"Reda\u00e7\u00e3o CP","@id":"https:\/\/cleitonpinheiro.com.br\/site\/#\/schema\/person\/8f04544e0bc40a1b68775b08360f87db"},"headline":"Falha em equipamento de usina contribuiu para apag\u00e3o, revela ONS","datePublished":"2023-08-29T17:17:00+00:00","dateModified":"2023-08-29T19:23:00+00:00","mainEntityOfPage":{"@id":"https:\/\/cleitonpinheiro.com.br\/site\/falha-em-equipamento-de-usina-contribuiu-para-apagao-revela-ons\/"},"wordCount":649,"commentCount":0,"publisher":{"@id":"https:\/\/cleitonpinheiro.com.br\/site\/#organization"},"image":{"@id":"https:\/\/cleitonpinheiro.com.br\/site\/falha-em-equipamento-de-usina-contribuiu-para-apagao-revela-ons\/#primaryimage"},"thumbnailUrl":"https:\/\/cleitonpinheiro.com.br\/site\/wp-content\/uploads\/2023\/08\/29082023-lula4225.jpg","articleSection":["BRASIL \/ MUNDO","MANCHETE SEGUND\u00c1RIA"],"inLanguage":"pt-BR","potentialAction":[{"@type":"CommentAction","name":"Comment","target":["https:\/\/cleitonpinheiro.com.br\/site\/falha-em-equipamento-de-usina-contribuiu-para-apagao-revela-ons\/#respond"]}]},{"@type":"WebPage","@id":"https:\/\/cleitonpinheiro.com.br\/site\/falha-em-equipamento-de-usina-contribuiu-para-apagao-revela-ons\/","url":"https:\/\/cleitonpinheiro.com.br\/site\/falha-em-equipamento-de-usina-contribuiu-para-apagao-revela-ons\/","name":"Falha em equipamento de usina contribuiu para apag\u00e3o, revela ONS - PORTAL DE NOT\u00cdCIAS CLEITON PINHEIRO","isPartOf":{"@id":"https:\/\/cleitonpinheiro.com.br\/site\/#website"},"primaryImageOfPage":{"@id":"https:\/\/cleitonpinheiro.com.br\/site\/falha-em-equipamento-de-usina-contribuiu-para-apagao-revela-ons\/#primaryimage"},"image":{"@id":"https:\/\/cleitonpinheiro.com.br\/site\/falha-em-equipamento-de-usina-contribuiu-para-apagao-revela-ons\/#primaryimage"},"thumbnailUrl":"https:\/\/cleitonpinheiro.com.br\/site\/wp-content\/uploads\/2023\/08\/29082023-lula4225.jpg","datePublished":"2023-08-29T17:17:00+00:00","dateModified":"2023-08-29T19:23:00+00:00","breadcrumb":{"@id":"https:\/\/cleitonpinheiro.com.br\/site\/falha-em-equipamento-de-usina-contribuiu-para-apagao-revela-ons\/#breadcrumb"},"inLanguage":"pt-BR","potentialAction":[{"@type":"ReadAction","target":["https:\/\/cleitonpinheiro.com.br\/site\/falha-em-equipamento-de-usina-contribuiu-para-apagao-revela-ons\/"]}]},{"@type":"ImageObject","inLanguage":"pt-BR","@id":"https:\/\/cleitonpinheiro.com.br\/site\/falha-em-equipamento-de-usina-contribuiu-para-apagao-revela-ons\/#primaryimage","url":"","contentUrl":""},{"@type":"BreadcrumbList","@id":"https:\/\/cleitonpinheiro.com.br\/site\/falha-em-equipamento-de-usina-contribuiu-para-apagao-revela-ons\/#breadcrumb","itemListElement":[{"@type":"ListItem","position":1,"name":"In\u00edcio","item":"https:\/\/cleitonpinheiro.com.br\/site\/"},{"@type":"ListItem","position":2,"name":"Falha em equipamento de usina contribuiu para apag\u00e3o, revela ONS"}]},{"@type":"WebSite","@id":"https:\/\/cleitonpinheiro.com.br\/site\/#website","url":"https:\/\/cleitonpinheiro.com.br\/site\/","name":"PORTAL DE NOT\u00cdCIAS CLEITON PINHEIRO","description":"FALANDO A VERDADE","publisher":{"@id":"https:\/\/cleitonpinheiro.com.br\/site\/#organization"},"potentialAction":[{"@type":"SearchAction","target":{"@type":"EntryPoint","urlTemplate":"https:\/\/cleitonpinheiro.com.br\/site\/?s={search_term_string}"},"query-input":{"@type":"PropertyValueSpecification","valueRequired":true,"valueName":"search_term_string"}}],"inLanguage":"pt-BR"},{"@type":"Organization","@id":"https:\/\/cleitonpinheiro.com.br\/site\/#organization","name":"CPNOT\u00cdCIAS","url":"https:\/\/cleitonpinheiro.com.br\/site\/","logo":{"@type":"ImageObject","inLanguage":"pt-BR","@id":"https:\/\/cleitonpinheiro.com.br\/site\/#\/schema\/logo\/image\/","url":"https:\/\/cleitonpinheiro.com.br\/site\/wp-content\/uploads\/2022\/08\/Logo-pequena-2.png","contentUrl":"https:\/\/cleitonpinheiro.com.br\/site\/wp-content\/uploads\/2022\/08\/Logo-pequena-2.png","width":500,"height":500,"caption":"CPNOT\u00cdCIAS"},"image":{"@id":"https:\/\/cleitonpinheiro.com.br\/site\/#\/schema\/logo\/image\/"},"sameAs":["https:\/\/www.facebook.com\/portalcpnoticias\/"]},{"@type":"Person","@id":"https:\/\/cleitonpinheiro.com.br\/site\/#\/schema\/person\/8f04544e0bc40a1b68775b08360f87db","name":"Reda\u00e7\u00e3o CP","image":{"@type":"ImageObject","inLanguage":"pt-BR","@id":"https:\/\/cleitonpinheiro.com.br\/site\/#\/schema\/person\/image\/","url":"https:\/\/secure.gravatar.com\/avatar\/0bcf19cb29fdc8fc588c490c7ae1b3e174dac268586a63fbe1d1893a0f9020cd?s=96&r=g","contentUrl":"https:\/\/secure.gravatar.com\/avatar\/0bcf19cb29fdc8fc588c490c7ae1b3e174dac268586a63fbe1d1893a0f9020cd?s=96&r=g","caption":"Reda\u00e7\u00e3o CP"},"url":"https:\/\/cleitonpinheiro.com.br\/site\/author\/redacao\/"}]}},"views":105,"_links":{"self":[{"href":"https:\/\/cleitonpinheiro.com.br\/site\/wp-json\/wp\/v2\/posts\/73832","targetHints":{"allow":["GET"]}}],"collection":[{"href":"https:\/\/cleitonpinheiro.com.br\/site\/wp-json\/wp\/v2\/posts"}],"about":[{"href":"https:\/\/cleitonpinheiro.com.br\/site\/wp-json\/wp\/v2\/types\/post"}],"author":[{"embeddable":true,"href":"https:\/\/cleitonpinheiro.com.br\/site\/wp-json\/wp\/v2\/users\/13"}],"replies":[{"embeddable":true,"href":"https:\/\/cleitonpinheiro.com.br\/site\/wp-json\/wp\/v2\/comments?post=73832"}],"version-history":[{"count":1,"href":"https:\/\/cleitonpinheiro.com.br\/site\/wp-json\/wp\/v2\/posts\/73832\/revisions"}],"predecessor-version":[{"id":73834,"href":"https:\/\/cleitonpinheiro.com.br\/site\/wp-json\/wp\/v2\/posts\/73832\/revisions\/73834"}],"wp:attachment":[{"href":"https:\/\/cleitonpinheiro.com.br\/site\/wp-json\/wp\/v2\/media?parent=73832"}],"wp:term":[{"taxonomy":"category","embeddable":true,"href":"https:\/\/cleitonpinheiro.com.br\/site\/wp-json\/wp\/v2\/categories?post=73832"},{"taxonomy":"post_tag","embeddable":true,"href":"https:\/\/cleitonpinheiro.com.br\/site\/wp-json\/wp\/v2\/tags?post=73832"}],"curies":[{"name":"wp","href":"https:\/\/api.w.org\/{rel}","templated":true}]}}