{"id":73835,"date":"2023-08-29T15:00:00","date_gmt":"2023-08-29T18:00:00","guid":{"rendered":"https:\/\/cleitonpinheiro.com.br\/site\/?p=73835"},"modified":"2023-08-29T16:30:26","modified_gmt":"2023-08-29T19:30:26","slug":"entenda-propostas-de-mudancas-na-tributacao-para-super-ricos-lula-assinou-mp-nessa-segunda","status":"publish","type":"post","link":"https:\/\/cleitonpinheiro.com.br\/site\/entenda-propostas-de-mudancas-na-tributacao-para-super-ricos-lula-assinou-mp-nessa-segunda\/","title":{"rendered":"Entenda propostas de mudan\u00e7as na tributa\u00e7\u00e3o para super-ricos; Lula assinou MP nessa segunda"},"content":{"rendered":"\n<figure class=\"wp-block-image size-full\"><img decoding=\"async\" src=\"https:\/\/cleitonpinheiro.com.br\/site\/wp-content\/uploads\/2023\/08\/ballots-1195005_640.jpg\" alt=\"\" class=\"wp-image-73836\"\/><figcaption class=\"wp-element-caption\">Previs\u00e3o \u00e9 arrecadar at\u00e9 R$ 54 bilh\u00f5es at\u00e9 2026 com taxa\u00e7\u00e3o &#8211; Foto: Pixabay<\/figcaption><\/figure>\n\n\n\n<p class=\"wp-block-paragraph\"><strong>Da Ag\u00eancia Brasil<\/strong><\/p>\n\n\n\n<p class=\"wp-block-paragraph\">Com previs\u00e3o de arrecadar at\u00e9 R$ 54 bilh\u00f5es at\u00e9 2026, a taxa\u00e7\u00e3o dos investimentos da parcela mais rica da popula\u00e7\u00e3o depende de vota\u00e7\u00e3o no Congresso Nacional. Caber\u00e1 aos parlamentares aprovar a medida provis\u00f3ria que tributa os fundos exclusivos e o capital aplicado em\u00a0<em>offshores<\/em>\u00a0(empresas no exterior).<img decoding=\"async\" src=\"https:\/\/agenciabrasil.ebc.com.br\/ebc.png?id=1551704&amp;o=node\"><img decoding=\"async\" src=\"https:\/\/agenciabrasil.ebc.com.br\/ebc.gif?id=1551704&amp;o=node\"><\/p>\n\n\n\n<p class=\"wp-block-paragraph\">O governo precisa refor\u00e7ar o caixa para compensar o aumento do limite de isen\u00e7\u00e3o da tabela do Imposto de Renda, sancionada nesta segunda-feira (28) pelo presidente Luiz In\u00e1cio Lula da Silva. O dinheiro tamb\u00e9m \u00e9 importante para cumprir a meta de zerar o d\u00e9ficit prim\u00e1rio em 2024, conforme estipulado pelo novo arcabou\u00e7o fiscal, aprovado na \u00faltima semana pelo Congresso.<\/p>\n\n\n\n<p class=\"wp-block-paragraph\">Com a resist\u00eancia de parlamentares \u00e0 tributa\u00e7\u00e3o das&nbsp;<em>offshores<\/em>, o governo decidiu transferir o tema para um projeto de lei e passar a tributar os fundos exclusivos, instrumentos personalizados de investimentos, com um \u00fanico cotista, que exigem pelo menos R$ 10 milh\u00f5es de entrada e taxa de manuten\u00e7\u00e3o de R$ 150 mil por ano. Atualmente, apenas 2,5 mil brasileiros aplicam nesses fundos, que acumulam patrim\u00f4nio de R$ 756,8 bilh\u00f5es e respondem por 12,3% da ind\u00fastria de fundos no pa\u00eds.<\/p>\n\n\n\n<p class=\"wp-block-paragraph\">Atualmente, os fundos exclusivos pagam Imposto de Renda (IR), mas apenas no momento do resgate e com tabela regressiva, quanto mais tempo de aplica\u00e7\u00e3o, menor o imposto. O governo quer igualar os fundos exclusivos aos demais fundos de investimento, com cobran\u00e7a semestral de IR conhecida como come-cotas. Al\u00e9m disso, quem antecipar o pagamento do imposto pagar\u00e1 al\u00edquotas mais baixas.<\/p>\n\n\n\n<p class=\"wp-block-paragraph\">Em rela\u00e7\u00e3o \u00e0 taxa\u00e7\u00e3o das&nbsp;<em>offshores,<\/em>&nbsp;que inicialmente estava em medida provis\u00f3ria&nbsp;mas foi transferida para um projeto de lei, o governo quer instituir a tributa\u00e7\u00e3o de&nbsp;<em>trusts<\/em>, instrumentos pelos quais os investidores entregam os bens para terceiros administrarem. Atualmente, os recursos no exterior s\u00e3o tributados apenas e se o capital retorna ao Brasil. O governo estima em pouco mais de R$ 1 trilh\u00e3o (pouco mais de US$ 200 bilh\u00f5es) o valor aplicado por pessoas f\u00edsicas no exterior.<\/p>\n\n\n\n<h2 class=\"wp-block-heading\">Confira as propostas do governo<\/h2>\n\n\n\n<p class=\"wp-block-paragraph\">Fundos exclusivos<\/p>\n\n\n\n<p class=\"wp-block-paragraph\">\u2022 &nbsp; &nbsp;Instrumento: medida provis\u00f3ria;<\/p>\n\n\n\n<p class=\"wp-block-paragraph\">\u2022 &nbsp; &nbsp;Como \u00e9: tributa\u00e7\u00e3o apenas no momento do resgate do investimento;<\/p>\n\n\n\n<p class=\"wp-block-paragraph\">\u2022 &nbsp; &nbsp;Tributa\u00e7\u00e3o: al\u00edquota de 15% a 22,5% de Imposto de Renda sobre os rendimentos uma vez a cada semestre, por meio do mecanismo chamado \u201ccome-cotas\u201d, a partir do ano que vem. Fundos com maiores prazos de aplica\u00e7\u00e3o t\u00eam al\u00edquotas mais baixas por causa da tabela regressiva de Imposto de Renda;<\/p>\n\n\n\n<p class=\"wp-block-paragraph\">\u2022 &nbsp; &nbsp;Atualiza\u00e7\u00e3o antecipada: quem optar por come\u00e7ar a pagar o come-cotas em 2023&nbsp;pagar\u00e1 10% sobre o estoque dos rendimentos, passando a pagar de 15% a 22,5% nos anos seguintes. Quem n\u00e3o optar, pagar\u00e1 s\u00f3 em 2024, mas com as al\u00edquotas mais altas;<\/p>\n\n\n\n<p class=\"wp-block-paragraph\">\u2022 &nbsp; &nbsp;Previs\u00e3o de arrecada\u00e7\u00e3o: R$ 24 bilh\u00f5es entre 2023 e 2026, divididos da seguinte forma:<\/p>\n\n\n\n<p class=\"wp-block-paragraph\">&nbsp; &nbsp; &nbsp; &nbsp;\u2013 &nbsp; &nbsp;R$ 3,21 em 2023;<\/p>\n\n\n\n<p class=\"wp-block-paragraph\">&nbsp; &nbsp; &nbsp; &nbsp;\u2013 &nbsp; &nbsp;R$ 13,28 bilh\u00f5es em 2024;<\/p>\n\n\n\n<p class=\"wp-block-paragraph\">&nbsp; &nbsp; &nbsp; &nbsp;\u2013 &nbsp; &nbsp;R$ 3,51 bilh\u00f5es em 2025;<\/p>\n\n\n\n<p class=\"wp-block-paragraph\">&nbsp; &nbsp; &nbsp; &nbsp;\u2013 &nbsp; &nbsp;R$ 3,86 bilh\u00f5es em 2026.<\/p>\n\n\n\n<h2 class=\"wp-block-heading\">Offshore e trusts<\/h2>\n\n\n\n<p class=\"wp-block-paragraph\">\u2022 &nbsp; &nbsp;Instrumento: projeto de lei;<\/p>\n\n\n\n<p class=\"wp-block-paragraph\">\u2022 &nbsp; &nbsp;Como \u00e9: recursos investidos em&nbsp;<em>offshores<\/em>, empresas no exterior que abrigam fundos de investimentos, s\u00f3 pagam 15% de Imposto de Renda sobre ganho de capital se voltarem ao Brasil;<\/p>\n\n\n\n<p class=\"wp-block-paragraph\">\u2022 &nbsp; &nbsp;Tributa\u00e7\u00e3o: cobran\u00e7a anual de rendimentos a partir de 2024, com al\u00edquotas progressivas de 0% a 22,5%. Ainda n\u00e3o est\u00e1 claro se al\u00edquotas variar\u00e3o conforme o prazo ou o valor aplicado.<\/p>\n\n\n\n<p class=\"wp-block-paragraph\">\u2022 &nbsp; &nbsp;Forma de cobran\u00e7a: tributa\u00e7\u00e3o dos trusts, rela\u00e7\u00e3o jur\u00eddica em que dono do patrim\u00f4nio transfere bens para terceiros administrarem.<\/p>\n\n\n\n<p class=\"wp-block-paragraph\">\u2022 &nbsp; &nbsp;Como funcionam os trusts: atualmente, legisla\u00e7\u00e3o brasileira n\u00e3o trata dessa modalidade de investimento, usada para reduzir o pagamento de tributos por meio de elis\u00e3o fiscal (brechas na legisla\u00e7\u00e3o) e facilitar distribui\u00e7\u00e3o de heran\u00e7as em vida;<\/p>\n\n\n\n<p class=\"wp-block-paragraph\">\u2022 &nbsp; &nbsp;Atualiza\u00e7\u00e3o antecipada: al\u00edquota de 10% sobre ganhos de capital para quem atualizar o valor de bens e direitos no exterior para o valor de mercado em 31 de dezembro de 2023. Quem n\u00e3o fizer o procedimento pagar\u00e1 15%.<\/p>\n\n\n\n<p class=\"wp-block-paragraph\">\u2022 &nbsp; &nbsp;Previs\u00e3o de arrecada\u00e7\u00e3o: R$ 24 bilh\u00f5es entre 2023 e 2026, divididos da seguinte forma:<\/p>\n\n\n\n<p class=\"wp-block-paragraph\">&nbsp; &nbsp; &nbsp; &nbsp;\u2013 &nbsp; &nbsp;R$ 7,05 bilh\u00f5es em 2024;<\/p>\n\n\n\n<p class=\"wp-block-paragraph\">&nbsp; &nbsp; &nbsp; &nbsp;\u2013 &nbsp; &nbsp;R$ 6,75 bilh\u00f5es em 2025;<\/p>\n\n\n\n<p class=\"wp-block-paragraph\">&nbsp; &nbsp; &nbsp; &nbsp;\u2013 &nbsp; &nbsp;R$ 7,13 bilh\u00f5es em 2026.<\/p>\n","protected":false},"excerpt":{"rendered":"<p>Da Ag\u00eancia Brasil Com previs\u00e3o de arrecadar at\u00e9 R$ 54 bilh\u00f5es at\u00e9 2026, a taxa\u00e7\u00e3o dos investimentos da parcela mais rica da popula\u00e7\u00e3o depende de vota\u00e7\u00e3o no Congresso Nacional. Caber\u00e1 aos parlamentares aprovar a medida provis\u00f3ria que tributa os fundos exclusivos e o capital aplicado em\u00a0offshores\u00a0(empresas no exterior). O governo precisa refor\u00e7ar o caixa para [&hellip;]<\/p>\n","protected":false},"author":13,"featured_media":0,"comment_status":"open","ping_status":"open","sticky":false,"template":"","format":"standard","meta":{"_acf_changed":false,"footnotes":""},"categories":[19,898],"tags":[],"class_list":["post-73835","post","type-post","status-publish","format-standard","hentry","category-brasil-mundo","category-manchete-segundaria"],"acf":[],"yoast_head":"<!-- This site is optimized with the Yoast SEO plugin v24.4 - https:\/\/yoast.com\/wordpress\/plugins\/seo\/ -->\n<title>Entenda propostas de mudan\u00e7as na tributa\u00e7\u00e3o para super-ricos; Lula assinou MP nessa segunda - PORTAL DE NOT\u00cdCIAS CLEITON PINHEIRO<\/title>\n<meta name=\"robots\" content=\"index, follow, max-snippet:-1, max-image-preview:large, max-video-preview:-1\" \/>\n<link rel=\"canonical\" href=\"https:\/\/cleitonpinheiro.com.br\/site\/entenda-propostas-de-mudancas-na-tributacao-para-super-ricos-lula-assinou-mp-nessa-segunda\/\" \/>\n<meta property=\"og:locale\" content=\"pt_BR\" \/>\n<meta property=\"og:type\" content=\"article\" \/>\n<meta property=\"og:title\" content=\"Entenda propostas de mudan\u00e7as na tributa\u00e7\u00e3o para super-ricos; Lula assinou MP nessa segunda - PORTAL DE NOT\u00cdCIAS CLEITON PINHEIRO\" \/>\n<meta property=\"og:description\" content=\"Da Ag\u00eancia Brasil Com previs\u00e3o de arrecadar at\u00e9 R$ 54 bilh\u00f5es at\u00e9 2026, a taxa\u00e7\u00e3o dos investimentos da parcela mais rica da popula\u00e7\u00e3o depende de vota\u00e7\u00e3o no Congresso Nacional. Caber\u00e1 aos parlamentares aprovar a medida provis\u00f3ria que tributa os fundos exclusivos e o capital aplicado em\u00a0offshores\u00a0(empresas no exterior). O governo precisa refor\u00e7ar o caixa para [&hellip;]\" \/>\n<meta property=\"og:url\" content=\"https:\/\/cleitonpinheiro.com.br\/site\/entenda-propostas-de-mudancas-na-tributacao-para-super-ricos-lula-assinou-mp-nessa-segunda\/\" \/>\n<meta property=\"og:site_name\" content=\"PORTAL DE NOT\u00cdCIAS CLEITON PINHEIRO\" \/>\n<meta property=\"article:publisher\" content=\"https:\/\/www.facebook.com\/portalcpnoticias\/\" \/>\n<meta property=\"article:published_time\" content=\"2023-08-29T18:00:00+00:00\" \/>\n<meta property=\"article:modified_time\" content=\"2023-08-29T19:30:26+00:00\" \/>\n<meta property=\"og:image\" content=\"https:\/\/cleitonpinheiro.com.br\/site\/wp-content\/uploads\/2023\/08\/ballots-1195005_640.jpg\" \/>\n\t<meta property=\"og:image:width\" content=\"640\" \/>\n\t<meta property=\"og:image:height\" content=\"427\" \/>\n\t<meta property=\"og:image:type\" content=\"image\/jpeg\" \/>\n<meta name=\"author\" content=\"Reda\u00e7\u00e3o CP\" \/>\n<meta name=\"twitter:card\" content=\"summary_large_image\" \/>\n<meta name=\"twitter:label1\" content=\"Escrito por\" \/>\n\t<meta name=\"twitter:data1\" content=\"Reda\u00e7\u00e3o CP\" \/>\n\t<meta name=\"twitter:label2\" content=\"Est. tempo de leitura\" \/>\n\t<meta name=\"twitter:data2\" content=\"5 minutos\" \/>\n<script type=\"application\/ld+json\" class=\"yoast-schema-graph\">{\"@context\":\"https:\/\/schema.org\",\"@graph\":[{\"@type\":\"Article\",\"@id\":\"https:\/\/cleitonpinheiro.com.br\/site\/entenda-propostas-de-mudancas-na-tributacao-para-super-ricos-lula-assinou-mp-nessa-segunda\/#article\",\"isPartOf\":{\"@id\":\"https:\/\/cleitonpinheiro.com.br\/site\/entenda-propostas-de-mudancas-na-tributacao-para-super-ricos-lula-assinou-mp-nessa-segunda\/\"},\"author\":{\"name\":\"Reda\u00e7\u00e3o CP\",\"@id\":\"https:\/\/cleitonpinheiro.com.br\/site\/#\/schema\/person\/8f04544e0bc40a1b68775b08360f87db\"},\"headline\":\"Entenda propostas de mudan\u00e7as na tributa\u00e7\u00e3o para super-ricos; Lula assinou MP nessa segunda\",\"datePublished\":\"2023-08-29T18:00:00+00:00\",\"dateModified\":\"2023-08-29T19:30:26+00:00\",\"mainEntityOfPage\":{\"@id\":\"https:\/\/cleitonpinheiro.com.br\/site\/entenda-propostas-de-mudancas-na-tributacao-para-super-ricos-lula-assinou-mp-nessa-segunda\/\"},\"wordCount\":783,\"commentCount\":0,\"publisher\":{\"@id\":\"https:\/\/cleitonpinheiro.com.br\/site\/#organization\"},\"image\":{\"@id\":\"https:\/\/cleitonpinheiro.com.br\/site\/entenda-propostas-de-mudancas-na-tributacao-para-super-ricos-lula-assinou-mp-nessa-segunda\/#primaryimage\"},\"thumbnailUrl\":\"https:\/\/cleitonpinheiro.com.br\/site\/wp-content\/uploads\/2023\/08\/ballots-1195005_640.jpg\",\"articleSection\":[\"BRASIL \/ MUNDO\",\"MANCHETE SEGUND\u00c1RIA\"],\"inLanguage\":\"pt-BR\",\"potentialAction\":[{\"@type\":\"CommentAction\",\"name\":\"Comment\",\"target\":[\"https:\/\/cleitonpinheiro.com.br\/site\/entenda-propostas-de-mudancas-na-tributacao-para-super-ricos-lula-assinou-mp-nessa-segunda\/#respond\"]}]},{\"@type\":\"WebPage\",\"@id\":\"https:\/\/cleitonpinheiro.com.br\/site\/entenda-propostas-de-mudancas-na-tributacao-para-super-ricos-lula-assinou-mp-nessa-segunda\/\",\"url\":\"https:\/\/cleitonpinheiro.com.br\/site\/entenda-propostas-de-mudancas-na-tributacao-para-super-ricos-lula-assinou-mp-nessa-segunda\/\",\"name\":\"Entenda propostas de mudan\u00e7as na tributa\u00e7\u00e3o para super-ricos; Lula assinou MP nessa segunda - PORTAL DE NOT\u00cdCIAS CLEITON PINHEIRO\",\"isPartOf\":{\"@id\":\"https:\/\/cleitonpinheiro.com.br\/site\/#website\"},\"primaryImageOfPage\":{\"@id\":\"https:\/\/cleitonpinheiro.com.br\/site\/entenda-propostas-de-mudancas-na-tributacao-para-super-ricos-lula-assinou-mp-nessa-segunda\/#primaryimage\"},\"image\":{\"@id\":\"https:\/\/cleitonpinheiro.com.br\/site\/entenda-propostas-de-mudancas-na-tributacao-para-super-ricos-lula-assinou-mp-nessa-segunda\/#primaryimage\"},\"thumbnailUrl\":\"https:\/\/cleitonpinheiro.com.br\/site\/wp-content\/uploads\/2023\/08\/ballots-1195005_640.jpg\",\"datePublished\":\"2023-08-29T18:00:00+00:00\",\"dateModified\":\"2023-08-29T19:30:26+00:00\",\"breadcrumb\":{\"@id\":\"https:\/\/cleitonpinheiro.com.br\/site\/entenda-propostas-de-mudancas-na-tributacao-para-super-ricos-lula-assinou-mp-nessa-segunda\/#breadcrumb\"},\"inLanguage\":\"pt-BR\",\"potentialAction\":[{\"@type\":\"ReadAction\",\"target\":[\"https:\/\/cleitonpinheiro.com.br\/site\/entenda-propostas-de-mudancas-na-tributacao-para-super-ricos-lula-assinou-mp-nessa-segunda\/\"]}]},{\"@type\":\"ImageObject\",\"inLanguage\":\"pt-BR\",\"@id\":\"https:\/\/cleitonpinheiro.com.br\/site\/entenda-propostas-de-mudancas-na-tributacao-para-super-ricos-lula-assinou-mp-nessa-segunda\/#primaryimage\",\"url\":\"\",\"contentUrl\":\"\"},{\"@type\":\"BreadcrumbList\",\"@id\":\"https:\/\/cleitonpinheiro.com.br\/site\/entenda-propostas-de-mudancas-na-tributacao-para-super-ricos-lula-assinou-mp-nessa-segunda\/#breadcrumb\",\"itemListElement\":[{\"@type\":\"ListItem\",\"position\":1,\"name\":\"In\u00edcio\",\"item\":\"https:\/\/cleitonpinheiro.com.br\/site\/\"},{\"@type\":\"ListItem\",\"position\":2,\"name\":\"Entenda propostas de mudan\u00e7as na tributa\u00e7\u00e3o para super-ricos; Lula assinou MP nessa segunda\"}]},{\"@type\":\"WebSite\",\"@id\":\"https:\/\/cleitonpinheiro.com.br\/site\/#website\",\"url\":\"https:\/\/cleitonpinheiro.com.br\/site\/\",\"name\":\"PORTAL DE NOT\u00cdCIAS CLEITON PINHEIRO\",\"description\":\"FALANDO A VERDADE\",\"publisher\":{\"@id\":\"https:\/\/cleitonpinheiro.com.br\/site\/#organization\"},\"potentialAction\":[{\"@type\":\"SearchAction\",\"target\":{\"@type\":\"EntryPoint\",\"urlTemplate\":\"https:\/\/cleitonpinheiro.com.br\/site\/?s={search_term_string}\"},\"query-input\":{\"@type\":\"PropertyValueSpecification\",\"valueRequired\":true,\"valueName\":\"search_term_string\"}}],\"inLanguage\":\"pt-BR\"},{\"@type\":\"Organization\",\"@id\":\"https:\/\/cleitonpinheiro.com.br\/site\/#organization\",\"name\":\"CPNOT\u00cdCIAS\",\"url\":\"https:\/\/cleitonpinheiro.com.br\/site\/\",\"logo\":{\"@type\":\"ImageObject\",\"inLanguage\":\"pt-BR\",\"@id\":\"https:\/\/cleitonpinheiro.com.br\/site\/#\/schema\/logo\/image\/\",\"url\":\"https:\/\/cleitonpinheiro.com.br\/site\/wp-content\/uploads\/2022\/08\/Logo-pequena-2.png\",\"contentUrl\":\"https:\/\/cleitonpinheiro.com.br\/site\/wp-content\/uploads\/2022\/08\/Logo-pequena-2.png\",\"width\":500,\"height\":500,\"caption\":\"CPNOT\u00cdCIAS\"},\"image\":{\"@id\":\"https:\/\/cleitonpinheiro.com.br\/site\/#\/schema\/logo\/image\/\"},\"sameAs\":[\"https:\/\/www.facebook.com\/portalcpnoticias\/\"]},{\"@type\":\"Person\",\"@id\":\"https:\/\/cleitonpinheiro.com.br\/site\/#\/schema\/person\/8f04544e0bc40a1b68775b08360f87db\",\"name\":\"Reda\u00e7\u00e3o CP\",\"image\":{\"@type\":\"ImageObject\",\"inLanguage\":\"pt-BR\",\"@id\":\"https:\/\/cleitonpinheiro.com.br\/site\/#\/schema\/person\/image\/\",\"url\":\"https:\/\/secure.gravatar.com\/avatar\/0bcf19cb29fdc8fc588c490c7ae1b3e174dac268586a63fbe1d1893a0f9020cd?s=96&r=g\",\"contentUrl\":\"https:\/\/secure.gravatar.com\/avatar\/0bcf19cb29fdc8fc588c490c7ae1b3e174dac268586a63fbe1d1893a0f9020cd?s=96&r=g\",\"caption\":\"Reda\u00e7\u00e3o CP\"},\"url\":\"https:\/\/cleitonpinheiro.com.br\/site\/author\/redacao\/\"}]}<\/script>\n<!-- \/ Yoast SEO plugin. -->","yoast_head_json":{"title":"Entenda propostas de mudan\u00e7as na tributa\u00e7\u00e3o para super-ricos; Lula assinou MP nessa segunda - PORTAL DE NOT\u00cdCIAS CLEITON PINHEIRO","robots":{"index":"index","follow":"follow","max-snippet":"max-snippet:-1","max-image-preview":"max-image-preview:large","max-video-preview":"max-video-preview:-1"},"canonical":"https:\/\/cleitonpinheiro.com.br\/site\/entenda-propostas-de-mudancas-na-tributacao-para-super-ricos-lula-assinou-mp-nessa-segunda\/","og_locale":"pt_BR","og_type":"article","og_title":"Entenda propostas de mudan\u00e7as na tributa\u00e7\u00e3o para super-ricos; Lula assinou MP nessa segunda - PORTAL DE NOT\u00cdCIAS CLEITON PINHEIRO","og_description":"Da Ag\u00eancia Brasil Com previs\u00e3o de arrecadar at\u00e9 R$ 54 bilh\u00f5es at\u00e9 2026, a taxa\u00e7\u00e3o dos investimentos da parcela mais rica da popula\u00e7\u00e3o depende de vota\u00e7\u00e3o no Congresso Nacional. Caber\u00e1 aos parlamentares aprovar a medida provis\u00f3ria que tributa os fundos exclusivos e o capital aplicado em\u00a0offshores\u00a0(empresas no exterior). O governo precisa refor\u00e7ar o caixa para [&hellip;]","og_url":"https:\/\/cleitonpinheiro.com.br\/site\/entenda-propostas-de-mudancas-na-tributacao-para-super-ricos-lula-assinou-mp-nessa-segunda\/","og_site_name":"PORTAL DE NOT\u00cdCIAS CLEITON PINHEIRO","article_publisher":"https:\/\/www.facebook.com\/portalcpnoticias\/","article_published_time":"2023-08-29T18:00:00+00:00","article_modified_time":"2023-08-29T19:30:26+00:00","og_image":[{"width":640,"height":427,"url":"https:\/\/cleitonpinheiro.com.br\/site\/wp-content\/uploads\/2023\/08\/ballots-1195005_640.jpg","type":"image\/jpeg"}],"author":"Reda\u00e7\u00e3o CP","twitter_card":"summary_large_image","twitter_misc":{"Escrito por":"Reda\u00e7\u00e3o CP","Est. tempo de leitura":"5 minutos"},"schema":{"@context":"https:\/\/schema.org","@graph":[{"@type":"Article","@id":"https:\/\/cleitonpinheiro.com.br\/site\/entenda-propostas-de-mudancas-na-tributacao-para-super-ricos-lula-assinou-mp-nessa-segunda\/#article","isPartOf":{"@id":"https:\/\/cleitonpinheiro.com.br\/site\/entenda-propostas-de-mudancas-na-tributacao-para-super-ricos-lula-assinou-mp-nessa-segunda\/"},"author":{"name":"Reda\u00e7\u00e3o CP","@id":"https:\/\/cleitonpinheiro.com.br\/site\/#\/schema\/person\/8f04544e0bc40a1b68775b08360f87db"},"headline":"Entenda propostas de mudan\u00e7as na tributa\u00e7\u00e3o para super-ricos; Lula assinou MP nessa segunda","datePublished":"2023-08-29T18:00:00+00:00","dateModified":"2023-08-29T19:30:26+00:00","mainEntityOfPage":{"@id":"https:\/\/cleitonpinheiro.com.br\/site\/entenda-propostas-de-mudancas-na-tributacao-para-super-ricos-lula-assinou-mp-nessa-segunda\/"},"wordCount":783,"commentCount":0,"publisher":{"@id":"https:\/\/cleitonpinheiro.com.br\/site\/#organization"},"image":{"@id":"https:\/\/cleitonpinheiro.com.br\/site\/entenda-propostas-de-mudancas-na-tributacao-para-super-ricos-lula-assinou-mp-nessa-segunda\/#primaryimage"},"thumbnailUrl":"https:\/\/cleitonpinheiro.com.br\/site\/wp-content\/uploads\/2023\/08\/ballots-1195005_640.jpg","articleSection":["BRASIL \/ MUNDO","MANCHETE SEGUND\u00c1RIA"],"inLanguage":"pt-BR","potentialAction":[{"@type":"CommentAction","name":"Comment","target":["https:\/\/cleitonpinheiro.com.br\/site\/entenda-propostas-de-mudancas-na-tributacao-para-super-ricos-lula-assinou-mp-nessa-segunda\/#respond"]}]},{"@type":"WebPage","@id":"https:\/\/cleitonpinheiro.com.br\/site\/entenda-propostas-de-mudancas-na-tributacao-para-super-ricos-lula-assinou-mp-nessa-segunda\/","url":"https:\/\/cleitonpinheiro.com.br\/site\/entenda-propostas-de-mudancas-na-tributacao-para-super-ricos-lula-assinou-mp-nessa-segunda\/","name":"Entenda propostas de mudan\u00e7as na tributa\u00e7\u00e3o para super-ricos; Lula assinou MP nessa segunda - PORTAL DE NOT\u00cdCIAS CLEITON PINHEIRO","isPartOf":{"@id":"https:\/\/cleitonpinheiro.com.br\/site\/#website"},"primaryImageOfPage":{"@id":"https:\/\/cleitonpinheiro.com.br\/site\/entenda-propostas-de-mudancas-na-tributacao-para-super-ricos-lula-assinou-mp-nessa-segunda\/#primaryimage"},"image":{"@id":"https:\/\/cleitonpinheiro.com.br\/site\/entenda-propostas-de-mudancas-na-tributacao-para-super-ricos-lula-assinou-mp-nessa-segunda\/#primaryimage"},"thumbnailUrl":"https:\/\/cleitonpinheiro.com.br\/site\/wp-content\/uploads\/2023\/08\/ballots-1195005_640.jpg","datePublished":"2023-08-29T18:00:00+00:00","dateModified":"2023-08-29T19:30:26+00:00","breadcrumb":{"@id":"https:\/\/cleitonpinheiro.com.br\/site\/entenda-propostas-de-mudancas-na-tributacao-para-super-ricos-lula-assinou-mp-nessa-segunda\/#breadcrumb"},"inLanguage":"pt-BR","potentialAction":[{"@type":"ReadAction","target":["https:\/\/cleitonpinheiro.com.br\/site\/entenda-propostas-de-mudancas-na-tributacao-para-super-ricos-lula-assinou-mp-nessa-segunda\/"]}]},{"@type":"ImageObject","inLanguage":"pt-BR","@id":"https:\/\/cleitonpinheiro.com.br\/site\/entenda-propostas-de-mudancas-na-tributacao-para-super-ricos-lula-assinou-mp-nessa-segunda\/#primaryimage","url":"","contentUrl":""},{"@type":"BreadcrumbList","@id":"https:\/\/cleitonpinheiro.com.br\/site\/entenda-propostas-de-mudancas-na-tributacao-para-super-ricos-lula-assinou-mp-nessa-segunda\/#breadcrumb","itemListElement":[{"@type":"ListItem","position":1,"name":"In\u00edcio","item":"https:\/\/cleitonpinheiro.com.br\/site\/"},{"@type":"ListItem","position":2,"name":"Entenda propostas de mudan\u00e7as na tributa\u00e7\u00e3o para super-ricos; Lula assinou MP nessa segunda"}]},{"@type":"WebSite","@id":"https:\/\/cleitonpinheiro.com.br\/site\/#website","url":"https:\/\/cleitonpinheiro.com.br\/site\/","name":"PORTAL DE NOT\u00cdCIAS CLEITON PINHEIRO","description":"FALANDO A VERDADE","publisher":{"@id":"https:\/\/cleitonpinheiro.com.br\/site\/#organization"},"potentialAction":[{"@type":"SearchAction","target":{"@type":"EntryPoint","urlTemplate":"https:\/\/cleitonpinheiro.com.br\/site\/?s={search_term_string}"},"query-input":{"@type":"PropertyValueSpecification","valueRequired":true,"valueName":"search_term_string"}}],"inLanguage":"pt-BR"},{"@type":"Organization","@id":"https:\/\/cleitonpinheiro.com.br\/site\/#organization","name":"CPNOT\u00cdCIAS","url":"https:\/\/cleitonpinheiro.com.br\/site\/","logo":{"@type":"ImageObject","inLanguage":"pt-BR","@id":"https:\/\/cleitonpinheiro.com.br\/site\/#\/schema\/logo\/image\/","url":"https:\/\/cleitonpinheiro.com.br\/site\/wp-content\/uploads\/2022\/08\/Logo-pequena-2.png","contentUrl":"https:\/\/cleitonpinheiro.com.br\/site\/wp-content\/uploads\/2022\/08\/Logo-pequena-2.png","width":500,"height":500,"caption":"CPNOT\u00cdCIAS"},"image":{"@id":"https:\/\/cleitonpinheiro.com.br\/site\/#\/schema\/logo\/image\/"},"sameAs":["https:\/\/www.facebook.com\/portalcpnoticias\/"]},{"@type":"Person","@id":"https:\/\/cleitonpinheiro.com.br\/site\/#\/schema\/person\/8f04544e0bc40a1b68775b08360f87db","name":"Reda\u00e7\u00e3o CP","image":{"@type":"ImageObject","inLanguage":"pt-BR","@id":"https:\/\/cleitonpinheiro.com.br\/site\/#\/schema\/person\/image\/","url":"https:\/\/secure.gravatar.com\/avatar\/0bcf19cb29fdc8fc588c490c7ae1b3e174dac268586a63fbe1d1893a0f9020cd?s=96&r=g","contentUrl":"https:\/\/secure.gravatar.com\/avatar\/0bcf19cb29fdc8fc588c490c7ae1b3e174dac268586a63fbe1d1893a0f9020cd?s=96&r=g","caption":"Reda\u00e7\u00e3o CP"},"url":"https:\/\/cleitonpinheiro.com.br\/site\/author\/redacao\/"}]}},"views":105,"_links":{"self":[{"href":"https:\/\/cleitonpinheiro.com.br\/site\/wp-json\/wp\/v2\/posts\/73835","targetHints":{"allow":["GET"]}}],"collection":[{"href":"https:\/\/cleitonpinheiro.com.br\/site\/wp-json\/wp\/v2\/posts"}],"about":[{"href":"https:\/\/cleitonpinheiro.com.br\/site\/wp-json\/wp\/v2\/types\/post"}],"author":[{"embeddable":true,"href":"https:\/\/cleitonpinheiro.com.br\/site\/wp-json\/wp\/v2\/users\/13"}],"replies":[{"embeddable":true,"href":"https:\/\/cleitonpinheiro.com.br\/site\/wp-json\/wp\/v2\/comments?post=73835"}],"version-history":[{"count":1,"href":"https:\/\/cleitonpinheiro.com.br\/site\/wp-json\/wp\/v2\/posts\/73835\/revisions"}],"predecessor-version":[{"id":73837,"href":"https:\/\/cleitonpinheiro.com.br\/site\/wp-json\/wp\/v2\/posts\/73835\/revisions\/73837"}],"wp:attachment":[{"href":"https:\/\/cleitonpinheiro.com.br\/site\/wp-json\/wp\/v2\/media?parent=73835"}],"wp:term":[{"taxonomy":"category","embeddable":true,"href":"https:\/\/cleitonpinheiro.com.br\/site\/wp-json\/wp\/v2\/categories?post=73835"},{"taxonomy":"post_tag","embeddable":true,"href":"https:\/\/cleitonpinheiro.com.br\/site\/wp-json\/wp\/v2\/tags?post=73835"}],"curies":[{"name":"wp","href":"https:\/\/api.w.org\/{rel}","templated":true}]}}