{"id":73838,"date":"2023-08-29T19:31:39","date_gmt":"2023-08-29T22:31:39","guid":{"rendered":"https:\/\/cleitonpinheiro.com.br\/site\/?p=73838"},"modified":"2023-08-30T10:12:06","modified_gmt":"2023-08-30T13:12:06","slug":"prefeitura-de-palmas-entrega-177-certidoes-de-matriculas-no-lago-sul-e-em-buritirana","status":"publish","type":"post","link":"https:\/\/cleitonpinheiro.com.br\/site\/prefeitura-de-palmas-entrega-177-certidoes-de-matriculas-no-lago-sul-e-em-buritirana\/","title":{"rendered":"Prefeitura de Palmas entrega 177 certid\u00f5es de matr\u00edculas no Lago Sul e em Buritirana"},"content":{"rendered":"\n<figure class=\"wp-block-image size-full\"><img decoding=\"async\" src=\"https:\/\/cleitonpinheiro.com.br\/site\/wp-content\/uploads\/2023\/08\/f7715b0d-b54b-448f-b642-86952a0f976c.jpg\" alt=\"\" class=\"wp-image-73839\"\/><figcaption class=\"wp-element-caption\">Entrega de certid\u00f5es contempla 137 im\u00f3veis do setor Lago Sul &#8211; Foto: Edu Fortes\/Prefeitura de Palmas<\/figcaption><\/figure>\n\n\n\n<p class=\"wp-block-paragraph\">Mais 177 fam\u00edlias palmenses ir\u00e3o receber, nesta semana, suas certid\u00f5es de matr\u00edcula (t\u00edtulo de propriedade do im\u00f3vel), ou como se diz no jarg\u00e3o popular \u201ccasa de papel passado\u201d. O benef\u00edcio faz parte da pol\u00edtica de regulariza\u00e7\u00e3o fundi\u00e1ria da Prefeitura de Palmas, executada pela Secretaria Municipal de Assuntos Fundi\u00e1rios (Semaf). As entregas fazem parte&nbsp;da 1\u00aa edi\u00e7\u00e3o da Semana de Regulariza\u00e7\u00e3o Fundi\u00e1ria na Amaz\u00f4nia Legal, que inclui, al\u00e9m do Tocantins, os estados do&nbsp;Acre, Amap\u00e1, Amazonas, Maranh\u00e3o, Mato Grosso, Rond\u00f4nia, Roraima e Par\u00e1.<\/p>\n\n\n\n<p class=\"wp-block-paragraph\">Nesta ter\u00e7a-feira, 29, a regulariza\u00e7\u00e3o&nbsp;contempla&nbsp;137 propriet\u00e1rios do setor Lago Sul. O evento, que deve contar com a presen\u00e7a da prefeita de Palmas, Cinthia Ribeiro, ter\u00e1 in\u00edcio \u00e0s 19 horas, na Escola de Tempo Integral (ETI) Margarida Lemos, no Jardim Aureny III. Na quarta-feira, 30, a entrega de certid\u00f5es de matr\u00edculas est\u00e1 previsto para \u00e0s 9 horas, na Escola de Tempo Integral Luiz Nunes de Oliveira, em&nbsp;Buritirana, e tamb\u00e9m deve contar com a participa\u00e7\u00e3o da prefeita Cinthia.<\/p>\n\n\n\n<p class=\"wp-block-paragraph\">O secret\u00e1rio da Semaf, Fabr\u00edcio Rodrigues Braga, destaca que a atual gest\u00e3o da Capital tem em sua rotina o trabalho de regulariza\u00e7\u00e3o fundi\u00e1ria do Munic\u00edpio, por entender que esta \u00e9 uma pol\u00edtica de desenvolvimento econ\u00f4mico e social, que traz em seu bojo a seguran\u00e7a jur\u00eddica e a prote\u00e7\u00e3o ao meio ambiente, dentre outros ganhos. \u201cEsta \u00e9 uma forma de incluir todos os mun\u00edcipes em programas oficiais de desenvolvimento social e econ\u00f4mico\u201d. De 2018 a 2023 foram entregues 833 certid\u00f5es de matr\u00edcula e tr\u00eas \u00e1reas foram regularizadas. Atualmente a Semaf trabalha na regulariza\u00e7\u00e3o de 12 \u00e1reas e a previs\u00e3o \u00e9 de entrega de mais de 600 certid\u00f5es ainda este ano.<\/p>\n","protected":false},"excerpt":{"rendered":"<p>Mais 177 fam\u00edlias palmenses ir\u00e3o receber, nesta semana, suas certid\u00f5es de matr\u00edcula (t\u00edtulo de propriedade do im\u00f3vel), ou como se diz no jarg\u00e3o popular \u201ccasa de papel passado\u201d. O benef\u00edcio faz parte da pol\u00edtica de regulariza\u00e7\u00e3o fundi\u00e1ria da Prefeitura de Palmas, executada pela Secretaria Municipal de Assuntos Fundi\u00e1rios (Semaf). As entregas fazem parte&nbsp;da 1\u00aa edi\u00e7\u00e3o [&hellip;]<\/p>\n","protected":false},"author":13,"featured_media":0,"comment_status":"open","ping_status":"open","sticky":false,"template":"","format":"standard","meta":{"_acf_changed":false,"footnotes":""},"categories":[22,21],"tags":[],"class_list":["post-73838","post","type-post","status-publish","format-standard","hentry","category-cidades","category-todas-noticias"],"acf":[],"yoast_head":"<!-- This site is optimized with the Yoast SEO plugin v24.4 - https:\/\/yoast.com\/wordpress\/plugins\/seo\/ -->\n<title>Prefeitura de Palmas entrega 177 certid\u00f5es de matr\u00edculas no Lago Sul e em Buritirana - PORTAL DE NOT\u00cdCIAS CLEITON PINHEIRO<\/title>\n<meta name=\"robots\" content=\"index, follow, max-snippet:-1, max-image-preview:large, max-video-preview:-1\" \/>\n<link rel=\"canonical\" href=\"https:\/\/cleitonpinheiro.com.br\/site\/prefeitura-de-palmas-entrega-177-certidoes-de-matriculas-no-lago-sul-e-em-buritirana\/\" \/>\n<meta property=\"og:locale\" content=\"pt_BR\" \/>\n<meta property=\"og:type\" content=\"article\" \/>\n<meta property=\"og:title\" content=\"Prefeitura de Palmas entrega 177 certid\u00f5es de matr\u00edculas no Lago Sul e em Buritirana - PORTAL DE NOT\u00cdCIAS CLEITON PINHEIRO\" \/>\n<meta property=\"og:description\" content=\"Mais 177 fam\u00edlias palmenses ir\u00e3o receber, nesta semana, suas certid\u00f5es de matr\u00edcula (t\u00edtulo de propriedade do im\u00f3vel), ou como se diz no jarg\u00e3o popular \u201ccasa de papel passado\u201d. O benef\u00edcio faz parte da pol\u00edtica de regulariza\u00e7\u00e3o fundi\u00e1ria da Prefeitura de Palmas, executada pela Secretaria Municipal de Assuntos Fundi\u00e1rios (Semaf). As entregas fazem parte&nbsp;da 1\u00aa edi\u00e7\u00e3o [&hellip;]\" \/>\n<meta property=\"og:url\" content=\"https:\/\/cleitonpinheiro.com.br\/site\/prefeitura-de-palmas-entrega-177-certidoes-de-matriculas-no-lago-sul-e-em-buritirana\/\" \/>\n<meta property=\"og:site_name\" content=\"PORTAL DE NOT\u00cdCIAS CLEITON PINHEIRO\" \/>\n<meta property=\"article:publisher\" content=\"https:\/\/www.facebook.com\/portalcpnoticias\/\" \/>\n<meta property=\"article:published_time\" content=\"2023-08-29T22:31:39+00:00\" \/>\n<meta property=\"article:modified_time\" content=\"2023-08-30T13:12:06+00:00\" \/>\n<meta property=\"og:image\" content=\"https:\/\/cleitonpinheiro.com.br\/site\/wp-content\/uploads\/2023\/08\/f7715b0d-b54b-448f-b642-86952a0f976c.jpg\" \/>\n\t<meta property=\"og:image:width\" content=\"800\" \/>\n\t<meta property=\"og:image:height\" content=\"533\" \/>\n\t<meta property=\"og:image:type\" content=\"image\/jpeg\" \/>\n<meta name=\"author\" content=\"Reda\u00e7\u00e3o CP\" \/>\n<meta name=\"twitter:card\" content=\"summary_large_image\" \/>\n<meta name=\"twitter:label1\" content=\"Escrito por\" \/>\n\t<meta name=\"twitter:data1\" content=\"Reda\u00e7\u00e3o CP\" \/>\n\t<meta name=\"twitter:label2\" content=\"Est. tempo de leitura\" \/>\n\t<meta name=\"twitter:data2\" content=\"2 minutos\" \/>\n<script type=\"application\/ld+json\" class=\"yoast-schema-graph\">{\"@context\":\"https:\/\/schema.org\",\"@graph\":[{\"@type\":\"Article\",\"@id\":\"https:\/\/cleitonpinheiro.com.br\/site\/prefeitura-de-palmas-entrega-177-certidoes-de-matriculas-no-lago-sul-e-em-buritirana\/#article\",\"isPartOf\":{\"@id\":\"https:\/\/cleitonpinheiro.com.br\/site\/prefeitura-de-palmas-entrega-177-certidoes-de-matriculas-no-lago-sul-e-em-buritirana\/\"},\"author\":{\"name\":\"Reda\u00e7\u00e3o CP\",\"@id\":\"https:\/\/cleitonpinheiro.com.br\/site\/#\/schema\/person\/8f04544e0bc40a1b68775b08360f87db\"},\"headline\":\"Prefeitura de Palmas entrega 177 certid\u00f5es de matr\u00edculas no Lago Sul e em Buritirana\",\"datePublished\":\"2023-08-29T22:31:39+00:00\",\"dateModified\":\"2023-08-30T13:12:06+00:00\",\"mainEntityOfPage\":{\"@id\":\"https:\/\/cleitonpinheiro.com.br\/site\/prefeitura-de-palmas-entrega-177-certidoes-de-matriculas-no-lago-sul-e-em-buritirana\/\"},\"wordCount\":340,\"commentCount\":0,\"publisher\":{\"@id\":\"https:\/\/cleitonpinheiro.com.br\/site\/#organization\"},\"image\":{\"@id\":\"https:\/\/cleitonpinheiro.com.br\/site\/prefeitura-de-palmas-entrega-177-certidoes-de-matriculas-no-lago-sul-e-em-buritirana\/#primaryimage\"},\"thumbnailUrl\":\"https:\/\/cleitonpinheiro.com.br\/site\/wp-content\/uploads\/2023\/08\/f7715b0d-b54b-448f-b642-86952a0f976c.jpg\",\"articleSection\":[\"CIDADES\",\"TODAS NOTICIAS\"],\"inLanguage\":\"pt-BR\",\"potentialAction\":[{\"@type\":\"CommentAction\",\"name\":\"Comment\",\"target\":[\"https:\/\/cleitonpinheiro.com.br\/site\/prefeitura-de-palmas-entrega-177-certidoes-de-matriculas-no-lago-sul-e-em-buritirana\/#respond\"]}]},{\"@type\":\"WebPage\",\"@id\":\"https:\/\/cleitonpinheiro.com.br\/site\/prefeitura-de-palmas-entrega-177-certidoes-de-matriculas-no-lago-sul-e-em-buritirana\/\",\"url\":\"https:\/\/cleitonpinheiro.com.br\/site\/prefeitura-de-palmas-entrega-177-certidoes-de-matriculas-no-lago-sul-e-em-buritirana\/\",\"name\":\"Prefeitura de Palmas entrega 177 certid\u00f5es de matr\u00edculas no Lago Sul e em Buritirana - PORTAL DE NOT\u00cdCIAS CLEITON PINHEIRO\",\"isPartOf\":{\"@id\":\"https:\/\/cleitonpinheiro.com.br\/site\/#website\"},\"primaryImageOfPage\":{\"@id\":\"https:\/\/cleitonpinheiro.com.br\/site\/prefeitura-de-palmas-entrega-177-certidoes-de-matriculas-no-lago-sul-e-em-buritirana\/#primaryimage\"},\"image\":{\"@id\":\"https:\/\/cleitonpinheiro.com.br\/site\/prefeitura-de-palmas-entrega-177-certidoes-de-matriculas-no-lago-sul-e-em-buritirana\/#primaryimage\"},\"thumbnailUrl\":\"https:\/\/cleitonpinheiro.com.br\/site\/wp-content\/uploads\/2023\/08\/f7715b0d-b54b-448f-b642-86952a0f976c.jpg\",\"datePublished\":\"2023-08-29T22:31:39+00:00\",\"dateModified\":\"2023-08-30T13:12:06+00:00\",\"breadcrumb\":{\"@id\":\"https:\/\/cleitonpinheiro.com.br\/site\/prefeitura-de-palmas-entrega-177-certidoes-de-matriculas-no-lago-sul-e-em-buritirana\/#breadcrumb\"},\"inLanguage\":\"pt-BR\",\"potentialAction\":[{\"@type\":\"ReadAction\",\"target\":[\"https:\/\/cleitonpinheiro.com.br\/site\/prefeitura-de-palmas-entrega-177-certidoes-de-matriculas-no-lago-sul-e-em-buritirana\/\"]}]},{\"@type\":\"ImageObject\",\"inLanguage\":\"pt-BR\",\"@id\":\"https:\/\/cleitonpinheiro.com.br\/site\/prefeitura-de-palmas-entrega-177-certidoes-de-matriculas-no-lago-sul-e-em-buritirana\/#primaryimage\",\"url\":\"\",\"contentUrl\":\"\"},{\"@type\":\"BreadcrumbList\",\"@id\":\"https:\/\/cleitonpinheiro.com.br\/site\/prefeitura-de-palmas-entrega-177-certidoes-de-matriculas-no-lago-sul-e-em-buritirana\/#breadcrumb\",\"itemListElement\":[{\"@type\":\"ListItem\",\"position\":1,\"name\":\"In\u00edcio\",\"item\":\"https:\/\/cleitonpinheiro.com.br\/site\/\"},{\"@type\":\"ListItem\",\"position\":2,\"name\":\"Prefeitura de Palmas entrega 177 certid\u00f5es de matr\u00edculas no Lago Sul e em Buritirana\"}]},{\"@type\":\"WebSite\",\"@id\":\"https:\/\/cleitonpinheiro.com.br\/site\/#website\",\"url\":\"https:\/\/cleitonpinheiro.com.br\/site\/\",\"name\":\"PORTAL DE NOT\u00cdCIAS CLEITON PINHEIRO\",\"description\":\"FALANDO A VERDADE\",\"publisher\":{\"@id\":\"https:\/\/cleitonpinheiro.com.br\/site\/#organization\"},\"potentialAction\":[{\"@type\":\"SearchAction\",\"target\":{\"@type\":\"EntryPoint\",\"urlTemplate\":\"https:\/\/cleitonpinheiro.com.br\/site\/?s={search_term_string}\"},\"query-input\":{\"@type\":\"PropertyValueSpecification\",\"valueRequired\":true,\"valueName\":\"search_term_string\"}}],\"inLanguage\":\"pt-BR\"},{\"@type\":\"Organization\",\"@id\":\"https:\/\/cleitonpinheiro.com.br\/site\/#organization\",\"name\":\"CPNOT\u00cdCIAS\",\"url\":\"https:\/\/cleitonpinheiro.com.br\/site\/\",\"logo\":{\"@type\":\"ImageObject\",\"inLanguage\":\"pt-BR\",\"@id\":\"https:\/\/cleitonpinheiro.com.br\/site\/#\/schema\/logo\/image\/\",\"url\":\"https:\/\/cleitonpinheiro.com.br\/site\/wp-content\/uploads\/2022\/08\/Logo-pequena-2.png\",\"contentUrl\":\"https:\/\/cleitonpinheiro.com.br\/site\/wp-content\/uploads\/2022\/08\/Logo-pequena-2.png\",\"width\":500,\"height\":500,\"caption\":\"CPNOT\u00cdCIAS\"},\"image\":{\"@id\":\"https:\/\/cleitonpinheiro.com.br\/site\/#\/schema\/logo\/image\/\"},\"sameAs\":[\"https:\/\/www.facebook.com\/portalcpnoticias\/\"]},{\"@type\":\"Person\",\"@id\":\"https:\/\/cleitonpinheiro.com.br\/site\/#\/schema\/person\/8f04544e0bc40a1b68775b08360f87db\",\"name\":\"Reda\u00e7\u00e3o CP\",\"image\":{\"@type\":\"ImageObject\",\"inLanguage\":\"pt-BR\",\"@id\":\"https:\/\/cleitonpinheiro.com.br\/site\/#\/schema\/person\/image\/\",\"url\":\"https:\/\/secure.gravatar.com\/avatar\/0bcf19cb29fdc8fc588c490c7ae1b3e174dac268586a63fbe1d1893a0f9020cd?s=96&r=g\",\"contentUrl\":\"https:\/\/secure.gravatar.com\/avatar\/0bcf19cb29fdc8fc588c490c7ae1b3e174dac268586a63fbe1d1893a0f9020cd?s=96&r=g\",\"caption\":\"Reda\u00e7\u00e3o CP\"},\"url\":\"https:\/\/cleitonpinheiro.com.br\/site\/author\/redacao\/\"}]}<\/script>\n<!-- \/ Yoast SEO plugin. -->","yoast_head_json":{"title":"Prefeitura de Palmas entrega 177 certid\u00f5es de matr\u00edculas no Lago Sul e em Buritirana - PORTAL DE NOT\u00cdCIAS CLEITON PINHEIRO","robots":{"index":"index","follow":"follow","max-snippet":"max-snippet:-1","max-image-preview":"max-image-preview:large","max-video-preview":"max-video-preview:-1"},"canonical":"https:\/\/cleitonpinheiro.com.br\/site\/prefeitura-de-palmas-entrega-177-certidoes-de-matriculas-no-lago-sul-e-em-buritirana\/","og_locale":"pt_BR","og_type":"article","og_title":"Prefeitura de Palmas entrega 177 certid\u00f5es de matr\u00edculas no Lago Sul e em Buritirana - PORTAL DE NOT\u00cdCIAS CLEITON PINHEIRO","og_description":"Mais 177 fam\u00edlias palmenses ir\u00e3o receber, nesta semana, suas certid\u00f5es de matr\u00edcula (t\u00edtulo de propriedade do im\u00f3vel), ou como se diz no jarg\u00e3o popular \u201ccasa de papel passado\u201d. O benef\u00edcio faz parte da pol\u00edtica de regulariza\u00e7\u00e3o fundi\u00e1ria da Prefeitura de Palmas, executada pela Secretaria Municipal de Assuntos Fundi\u00e1rios (Semaf). As entregas fazem parte&nbsp;da 1\u00aa edi\u00e7\u00e3o [&hellip;]","og_url":"https:\/\/cleitonpinheiro.com.br\/site\/prefeitura-de-palmas-entrega-177-certidoes-de-matriculas-no-lago-sul-e-em-buritirana\/","og_site_name":"PORTAL DE NOT\u00cdCIAS CLEITON PINHEIRO","article_publisher":"https:\/\/www.facebook.com\/portalcpnoticias\/","article_published_time":"2023-08-29T22:31:39+00:00","article_modified_time":"2023-08-30T13:12:06+00:00","og_image":[{"width":800,"height":533,"url":"https:\/\/cleitonpinheiro.com.br\/site\/wp-content\/uploads\/2023\/08\/f7715b0d-b54b-448f-b642-86952a0f976c.jpg","type":"image\/jpeg"}],"author":"Reda\u00e7\u00e3o CP","twitter_card":"summary_large_image","twitter_misc":{"Escrito por":"Reda\u00e7\u00e3o CP","Est. tempo de leitura":"2 minutos"},"schema":{"@context":"https:\/\/schema.org","@graph":[{"@type":"Article","@id":"https:\/\/cleitonpinheiro.com.br\/site\/prefeitura-de-palmas-entrega-177-certidoes-de-matriculas-no-lago-sul-e-em-buritirana\/#article","isPartOf":{"@id":"https:\/\/cleitonpinheiro.com.br\/site\/prefeitura-de-palmas-entrega-177-certidoes-de-matriculas-no-lago-sul-e-em-buritirana\/"},"author":{"name":"Reda\u00e7\u00e3o CP","@id":"https:\/\/cleitonpinheiro.com.br\/site\/#\/schema\/person\/8f04544e0bc40a1b68775b08360f87db"},"headline":"Prefeitura de Palmas entrega 177 certid\u00f5es de matr\u00edculas no Lago Sul e em Buritirana","datePublished":"2023-08-29T22:31:39+00:00","dateModified":"2023-08-30T13:12:06+00:00","mainEntityOfPage":{"@id":"https:\/\/cleitonpinheiro.com.br\/site\/prefeitura-de-palmas-entrega-177-certidoes-de-matriculas-no-lago-sul-e-em-buritirana\/"},"wordCount":340,"commentCount":0,"publisher":{"@id":"https:\/\/cleitonpinheiro.com.br\/site\/#organization"},"image":{"@id":"https:\/\/cleitonpinheiro.com.br\/site\/prefeitura-de-palmas-entrega-177-certidoes-de-matriculas-no-lago-sul-e-em-buritirana\/#primaryimage"},"thumbnailUrl":"https:\/\/cleitonpinheiro.com.br\/site\/wp-content\/uploads\/2023\/08\/f7715b0d-b54b-448f-b642-86952a0f976c.jpg","articleSection":["CIDADES","TODAS NOTICIAS"],"inLanguage":"pt-BR","potentialAction":[{"@type":"CommentAction","name":"Comment","target":["https:\/\/cleitonpinheiro.com.br\/site\/prefeitura-de-palmas-entrega-177-certidoes-de-matriculas-no-lago-sul-e-em-buritirana\/#respond"]}]},{"@type":"WebPage","@id":"https:\/\/cleitonpinheiro.com.br\/site\/prefeitura-de-palmas-entrega-177-certidoes-de-matriculas-no-lago-sul-e-em-buritirana\/","url":"https:\/\/cleitonpinheiro.com.br\/site\/prefeitura-de-palmas-entrega-177-certidoes-de-matriculas-no-lago-sul-e-em-buritirana\/","name":"Prefeitura de Palmas entrega 177 certid\u00f5es de matr\u00edculas no Lago Sul e em Buritirana - PORTAL DE NOT\u00cdCIAS CLEITON PINHEIRO","isPartOf":{"@id":"https:\/\/cleitonpinheiro.com.br\/site\/#website"},"primaryImageOfPage":{"@id":"https:\/\/cleitonpinheiro.com.br\/site\/prefeitura-de-palmas-entrega-177-certidoes-de-matriculas-no-lago-sul-e-em-buritirana\/#primaryimage"},"image":{"@id":"https:\/\/cleitonpinheiro.com.br\/site\/prefeitura-de-palmas-entrega-177-certidoes-de-matriculas-no-lago-sul-e-em-buritirana\/#primaryimage"},"thumbnailUrl":"https:\/\/cleitonpinheiro.com.br\/site\/wp-content\/uploads\/2023\/08\/f7715b0d-b54b-448f-b642-86952a0f976c.jpg","datePublished":"2023-08-29T22:31:39+00:00","dateModified":"2023-08-30T13:12:06+00:00","breadcrumb":{"@id":"https:\/\/cleitonpinheiro.com.br\/site\/prefeitura-de-palmas-entrega-177-certidoes-de-matriculas-no-lago-sul-e-em-buritirana\/#breadcrumb"},"inLanguage":"pt-BR","potentialAction":[{"@type":"ReadAction","target":["https:\/\/cleitonpinheiro.com.br\/site\/prefeitura-de-palmas-entrega-177-certidoes-de-matriculas-no-lago-sul-e-em-buritirana\/"]}]},{"@type":"ImageObject","inLanguage":"pt-BR","@id":"https:\/\/cleitonpinheiro.com.br\/site\/prefeitura-de-palmas-entrega-177-certidoes-de-matriculas-no-lago-sul-e-em-buritirana\/#primaryimage","url":"","contentUrl":""},{"@type":"BreadcrumbList","@id":"https:\/\/cleitonpinheiro.com.br\/site\/prefeitura-de-palmas-entrega-177-certidoes-de-matriculas-no-lago-sul-e-em-buritirana\/#breadcrumb","itemListElement":[{"@type":"ListItem","position":1,"name":"In\u00edcio","item":"https:\/\/cleitonpinheiro.com.br\/site\/"},{"@type":"ListItem","position":2,"name":"Prefeitura de Palmas entrega 177 certid\u00f5es de matr\u00edculas no Lago Sul e em Buritirana"}]},{"@type":"WebSite","@id":"https:\/\/cleitonpinheiro.com.br\/site\/#website","url":"https:\/\/cleitonpinheiro.com.br\/site\/","name":"PORTAL DE NOT\u00cdCIAS CLEITON PINHEIRO","description":"FALANDO A VERDADE","publisher":{"@id":"https:\/\/cleitonpinheiro.com.br\/site\/#organization"},"potentialAction":[{"@type":"SearchAction","target":{"@type":"EntryPoint","urlTemplate":"https:\/\/cleitonpinheiro.com.br\/site\/?s={search_term_string}"},"query-input":{"@type":"PropertyValueSpecification","valueRequired":true,"valueName":"search_term_string"}}],"inLanguage":"pt-BR"},{"@type":"Organization","@id":"https:\/\/cleitonpinheiro.com.br\/site\/#organization","name":"CPNOT\u00cdCIAS","url":"https:\/\/cleitonpinheiro.com.br\/site\/","logo":{"@type":"ImageObject","inLanguage":"pt-BR","@id":"https:\/\/cleitonpinheiro.com.br\/site\/#\/schema\/logo\/image\/","url":"https:\/\/cleitonpinheiro.com.br\/site\/wp-content\/uploads\/2022\/08\/Logo-pequena-2.png","contentUrl":"https:\/\/cleitonpinheiro.com.br\/site\/wp-content\/uploads\/2022\/08\/Logo-pequena-2.png","width":500,"height":500,"caption":"CPNOT\u00cdCIAS"},"image":{"@id":"https:\/\/cleitonpinheiro.com.br\/site\/#\/schema\/logo\/image\/"},"sameAs":["https:\/\/www.facebook.com\/portalcpnoticias\/"]},{"@type":"Person","@id":"https:\/\/cleitonpinheiro.com.br\/site\/#\/schema\/person\/8f04544e0bc40a1b68775b08360f87db","name":"Reda\u00e7\u00e3o CP","image":{"@type":"ImageObject","inLanguage":"pt-BR","@id":"https:\/\/cleitonpinheiro.com.br\/site\/#\/schema\/person\/image\/","url":"https:\/\/secure.gravatar.com\/avatar\/0bcf19cb29fdc8fc588c490c7ae1b3e174dac268586a63fbe1d1893a0f9020cd?s=96&r=g","contentUrl":"https:\/\/secure.gravatar.com\/avatar\/0bcf19cb29fdc8fc588c490c7ae1b3e174dac268586a63fbe1d1893a0f9020cd?s=96&r=g","caption":"Reda\u00e7\u00e3o CP"},"url":"https:\/\/cleitonpinheiro.com.br\/site\/author\/redacao\/"}]}},"views":117,"_links":{"self":[{"href":"https:\/\/cleitonpinheiro.com.br\/site\/wp-json\/wp\/v2\/posts\/73838","targetHints":{"allow":["GET"]}}],"collection":[{"href":"https:\/\/cleitonpinheiro.com.br\/site\/wp-json\/wp\/v2\/posts"}],"about":[{"href":"https:\/\/cleitonpinheiro.com.br\/site\/wp-json\/wp\/v2\/types\/post"}],"author":[{"embeddable":true,"href":"https:\/\/cleitonpinheiro.com.br\/site\/wp-json\/wp\/v2\/users\/13"}],"replies":[{"embeddable":true,"href":"https:\/\/cleitonpinheiro.com.br\/site\/wp-json\/wp\/v2\/comments?post=73838"}],"version-history":[{"count":1,"href":"https:\/\/cleitonpinheiro.com.br\/site\/wp-json\/wp\/v2\/posts\/73838\/revisions"}],"predecessor-version":[{"id":73840,"href":"https:\/\/cleitonpinheiro.com.br\/site\/wp-json\/wp\/v2\/posts\/73838\/revisions\/73840"}],"wp:attachment":[{"href":"https:\/\/cleitonpinheiro.com.br\/site\/wp-json\/wp\/v2\/media?parent=73838"}],"wp:term":[{"taxonomy":"category","embeddable":true,"href":"https:\/\/cleitonpinheiro.com.br\/site\/wp-json\/wp\/v2\/categories?post=73838"},{"taxonomy":"post_tag","embeddable":true,"href":"https:\/\/cleitonpinheiro.com.br\/site\/wp-json\/wp\/v2\/tags?post=73838"}],"curies":[{"name":"wp","href":"https:\/\/api.w.org\/{rel}","templated":true}]}}