{"id":73841,"date":"2023-08-29T19:38:59","date_gmt":"2023-08-29T22:38:59","guid":{"rendered":"https:\/\/cleitonpinheiro.com.br\/site\/?p=73841"},"modified":"2023-08-30T10:11:31","modified_gmt":"2023-08-30T13:11:31","slug":"pelas-acoes-de-regularizacao-fundiaria-prefeitura-de-palmas-recebe-selo-diamante-do-tj-to","status":"publish","type":"post","link":"https:\/\/cleitonpinheiro.com.br\/site\/pelas-acoes-de-regularizacao-fundiaria-prefeitura-de-palmas-recebe-selo-diamante-do-tj-to\/","title":{"rendered":"Pelas a\u00e7\u00f5es de regulariza\u00e7\u00e3o fundi\u00e1ria, Prefeitura de Palmas recebe Selo Diamante do TJ-TO"},"content":{"rendered":"\n<figure class=\"wp-block-image size-full\"><img decoding=\"async\" src=\"https:\/\/cleitonpinheiro.com.br\/site\/wp-content\/uploads\/2023\/08\/5caae115-024d-496d-a256-01e61c0e4a63.jpg\" alt=\"\" class=\"wp-image-73842\"\/><figcaption class=\"wp-element-caption\">Com a pontua\u00e7\u00e3o mais alta, a Prefeitura de Palmas \u00e9 premiada pelo TJTO com o Selo Diamante de Responsabilidade Social \u201cQuem Regulariza Dignifica\u201d &#8211; Foto: Edu Fortes\/Prefeitura de Palmas<\/figcaption><\/figure>\n\n\n\n<p class=\"wp-block-paragraph\">Como parte da programa\u00e7\u00e3o da 1\u00aa Semana Nacional de Regulariza\u00e7\u00e3o Fundi\u00e1ria &#8211; Solo Seguro, a Prefeitura de Palmas recebeu o Selo Diamante de Responsabilidade Social \u201cQuem Regulariza Dignifica\u201d do Tribunal de Justi\u00e7a do Tocantins (TJTO), durante o evento realizado na Capital nesta segunda-feira, 28. \u201cIsso \u00e9 algo grandioso para a Gest\u00e3o Municipal. Essa entrega \u00e9 a medida de pelo menos 12 meses do desempenho do trabalho de regulariza\u00e7\u00e3o fundi\u00e1ria em Palmas\u201d, avaliou a prefeita da Capital, Cinthia Ribeiro, que comemorou a pontua\u00e7\u00e3o m\u00e1xima alcan\u00e7ada.<\/p>\n\n\n\n<p class=\"wp-block-paragraph\">\u201cAt\u00e9 o fim do ano teremos a entrega de aproximadamente 2 mil t\u00edtulos. Temos Buritirana e Lago Sul ainda essa semana, com cerca de 200 t\u00edtulos. Al\u00e9m dos setores Cana\u00e3, Sol Nascente, entre outros, que tamb\u00e9m ser\u00e3o contemplados\u201d, detalha a prefeita Cinthia. Junto com a Prefeitura de Palmas, tamb\u00e9m recebeu o selo o Cart\u00f3rio de Registro de Im\u00f3veis, durante evento realizado na &nbsp;Escola Municipal de Tempo Integral Daniel Batista, na Arne 64 (508 Norte). Durante o evento, a Prefeitura de Palmas entregou 332 certid\u00f5es de matr\u00edcula (t\u00edtulo) para moradores do setor Lago Norte.<\/p>\n\n\n\n<p class=\"wp-block-paragraph\">\u201c\u00c9 um reconhecimento importante do servi\u00e7o da Gest\u00e3o Municipal, que implementou uma pol\u00edtica de regulariza\u00e7\u00e3o fundi\u00e1ria com foco nos im\u00f3veis ainda em nome do munic\u00edpio e nas \u00e1reas que foram microparceladas de forma irregular, impossibilitando que servi\u00e7os p\u00fablicos de infraestrutura fossem implementados\u201d, detalha o secret\u00e1rio municipal de Assuntos Fundi\u00e1rios (Semaf), Fabr\u00edcio Rodrigues Braga.<\/p>\n\n\n\n<p class=\"wp-block-paragraph\">Atualmente a Gest\u00e3o Municipal est\u00e1 com 12 \u00e1reas na Capital em processo de regulariza\u00e7\u00e3o, al\u00e9m do&nbsp;processo permanente de pedido de emiss\u00e3o de certid\u00e3o de matr\u00edcula de im\u00f3veis em \u00e1reas j\u00e1 regularizadas, mas que o propriet\u00e1rio ainda n\u00e3o tem o t\u00edtulo.<\/p>\n\n\n\n<p class=\"wp-block-paragraph\"><strong>Crit\u00e9rios<\/strong><br>A premia\u00e7\u00e3o, criada pela Corregedoria-Geral da Justi\u00e7a do Estado do Tocantins, que integra o TJTO, tem tr\u00eas categorias:<\/p>\n\n\n\n<ul class=\"wp-block-list\">\n<li>munic\u00edpios de pequeno porte: at\u00e9 5 mil habitantes;<\/li>\n\n\n\n<li>munic\u00edpios de m\u00e9dio porte: de 5.001 a 25 mil habitantes;<\/li>\n\n\n\n<li>munic\u00edpios de grande porte: acima de 25 mil habitantes.<\/li>\n<\/ul>\n\n\n\n<p class=\"wp-block-paragraph\">E cada categoria concorre aos selos Bronze, quem atinge 75 pontos; Prata, quem alcan\u00e7ar 100 pontos; Ouro, quem obtiver 125 pontos ou mais; e Diamante, quem conseguir 150 pontos. &nbsp;A pontua\u00e7\u00e3o leva em considera\u00e7\u00e3o:<\/p>\n\n\n\n<ul class=\"wp-block-list\">\n<li>assinatura do termo de coopera\u00e7\u00e3o t\u00e9cnica com o N\u00facleo de Preven\u00e7\u00e3o e Regulariza\u00e7\u00e3o Fundi\u00e1ria (Nupref);<\/li>\n\n\n\n<li>institui\u00e7\u00e3o, na estrutura administrativa interna dos Munic\u00edpios, de N\u00facleos, Departamentos, Secretarias de Regulariza\u00e7\u00e3o Fundi\u00e1ria ou similares;<\/li>\n\n\n\n<li>adequa\u00e7\u00e3o da legisla\u00e7\u00e3o local aos ditames da Lei Federal 13.465\/2017;<\/li>\n\n\n\n<li>quantidade de t\u00edtulos emitidos nos 12 meses que antecederam o m\u00eas da premia\u00e7\u00e3o.&nbsp;<\/li>\n<\/ul>\n\n\n\n<p class=\"wp-block-paragraph\">Durante o evento,&nbsp;a corregedora-geral da Justi\u00e7a e vice-presidente do F\u00f3rum Fundi\u00e1rio Nacional, desembargadora Maysa Vendramini Rosal, destacou que o momento \u00e9 importante para as pol\u00edticas p\u00fablicas voltadas para a Regulariza\u00e7\u00e3o Fundi\u00e1ria. \u201cEsse projeto de regulariza\u00e7\u00e3o \u00e9 de extrema import\u00e2ncia para os munic\u00edpios. Ap\u00f3s anos de espera, cidad\u00e3os que aguardaram o documento de propriedade poder\u00e3o, finalmente, ter em m\u00e3os os t\u00edtulos e usufruir plenamente dos seus direitos, como acesso ao cr\u00e9dito banc\u00e1rio para constru\u00e7\u00e3o, reforma e outras melhorias; acesso a servi\u00e7os b\u00e1sicos de infraestrutura, lazer, sa\u00fade e educa\u00e7\u00e3o.\u201d<\/p>\n","protected":false},"excerpt":{"rendered":"<p>Como parte da programa\u00e7\u00e3o da 1\u00aa Semana Nacional de Regulariza\u00e7\u00e3o Fundi\u00e1ria &#8211; Solo Seguro, a Prefeitura de Palmas recebeu o Selo Diamante de Responsabilidade Social \u201cQuem Regulariza Dignifica\u201d do Tribunal de Justi\u00e7a do Tocantins (TJTO), durante o evento realizado na Capital nesta segunda-feira, 28. \u201cIsso \u00e9 algo grandioso para a Gest\u00e3o Municipal. Essa entrega \u00e9 [&hellip;]<\/p>\n","protected":false},"author":13,"featured_media":0,"comment_status":"open","ping_status":"open","sticky":false,"template":"","format":"standard","meta":{"_acf_changed":false,"footnotes":""},"categories":[22,898],"tags":[],"class_list":["post-73841","post","type-post","status-publish","format-standard","hentry","category-cidades","category-manchete-segundaria"],"acf":[],"yoast_head":"<!-- This site is optimized with the Yoast SEO plugin v24.4 - https:\/\/yoast.com\/wordpress\/plugins\/seo\/ -->\n<title>Pelas a\u00e7\u00f5es de regulariza\u00e7\u00e3o fundi\u00e1ria, Prefeitura de Palmas recebe Selo Diamante do TJ-TO - PORTAL DE NOT\u00cdCIAS CLEITON PINHEIRO<\/title>\n<meta name=\"robots\" content=\"index, follow, max-snippet:-1, max-image-preview:large, max-video-preview:-1\" \/>\n<link rel=\"canonical\" href=\"https:\/\/cleitonpinheiro.com.br\/site\/pelas-acoes-de-regularizacao-fundiaria-prefeitura-de-palmas-recebe-selo-diamante-do-tj-to\/\" \/>\n<meta property=\"og:locale\" content=\"pt_BR\" \/>\n<meta property=\"og:type\" content=\"article\" \/>\n<meta property=\"og:title\" content=\"Pelas a\u00e7\u00f5es de regulariza\u00e7\u00e3o fundi\u00e1ria, Prefeitura de Palmas recebe Selo Diamante do TJ-TO - PORTAL DE NOT\u00cdCIAS CLEITON PINHEIRO\" \/>\n<meta property=\"og:description\" content=\"Como parte da programa\u00e7\u00e3o da 1\u00aa Semana Nacional de Regulariza\u00e7\u00e3o Fundi\u00e1ria &#8211; Solo Seguro, a Prefeitura de Palmas recebeu o Selo Diamante de Responsabilidade Social \u201cQuem Regulariza Dignifica\u201d do Tribunal de Justi\u00e7a do Tocantins (TJTO), durante o evento realizado na Capital nesta segunda-feira, 28. \u201cIsso \u00e9 algo grandioso para a Gest\u00e3o Municipal. Essa entrega \u00e9 [&hellip;]\" \/>\n<meta property=\"og:url\" content=\"https:\/\/cleitonpinheiro.com.br\/site\/pelas-acoes-de-regularizacao-fundiaria-prefeitura-de-palmas-recebe-selo-diamante-do-tj-to\/\" \/>\n<meta property=\"og:site_name\" content=\"PORTAL DE NOT\u00cdCIAS CLEITON PINHEIRO\" \/>\n<meta property=\"article:publisher\" content=\"https:\/\/www.facebook.com\/portalcpnoticias\/\" \/>\n<meta property=\"article:published_time\" content=\"2023-08-29T22:38:59+00:00\" \/>\n<meta property=\"article:modified_time\" content=\"2023-08-30T13:11:31+00:00\" \/>\n<meta property=\"og:image\" content=\"https:\/\/cleitonpinheiro.com.br\/site\/wp-content\/uploads\/2023\/08\/5caae115-024d-496d-a256-01e61c0e4a63.jpg\" \/>\n\t<meta property=\"og:image:width\" content=\"800\" \/>\n\t<meta property=\"og:image:height\" content=\"533\" \/>\n\t<meta property=\"og:image:type\" content=\"image\/jpeg\" \/>\n<meta name=\"author\" content=\"Reda\u00e7\u00e3o CP\" \/>\n<meta name=\"twitter:card\" content=\"summary_large_image\" \/>\n<meta name=\"twitter:label1\" content=\"Escrito por\" \/>\n\t<meta name=\"twitter:data1\" content=\"Reda\u00e7\u00e3o CP\" \/>\n\t<meta name=\"twitter:label2\" content=\"Est. tempo de leitura\" \/>\n\t<meta name=\"twitter:data2\" content=\"4 minutos\" \/>\n<script type=\"application\/ld+json\" class=\"yoast-schema-graph\">{\"@context\":\"https:\/\/schema.org\",\"@graph\":[{\"@type\":\"Article\",\"@id\":\"https:\/\/cleitonpinheiro.com.br\/site\/pelas-acoes-de-regularizacao-fundiaria-prefeitura-de-palmas-recebe-selo-diamante-do-tj-to\/#article\",\"isPartOf\":{\"@id\":\"https:\/\/cleitonpinheiro.com.br\/site\/pelas-acoes-de-regularizacao-fundiaria-prefeitura-de-palmas-recebe-selo-diamante-do-tj-to\/\"},\"author\":{\"name\":\"Reda\u00e7\u00e3o CP\",\"@id\":\"https:\/\/cleitonpinheiro.com.br\/site\/#\/schema\/person\/8f04544e0bc40a1b68775b08360f87db\"},\"headline\":\"Pelas a\u00e7\u00f5es de regulariza\u00e7\u00e3o fundi\u00e1ria, Prefeitura de Palmas recebe Selo Diamante do TJ-TO\",\"datePublished\":\"2023-08-29T22:38:59+00:00\",\"dateModified\":\"2023-08-30T13:11:31+00:00\",\"mainEntityOfPage\":{\"@id\":\"https:\/\/cleitonpinheiro.com.br\/site\/pelas-acoes-de-regularizacao-fundiaria-prefeitura-de-palmas-recebe-selo-diamante-do-tj-to\/\"},\"wordCount\":612,\"commentCount\":0,\"publisher\":{\"@id\":\"https:\/\/cleitonpinheiro.com.br\/site\/#organization\"},\"image\":{\"@id\":\"https:\/\/cleitonpinheiro.com.br\/site\/pelas-acoes-de-regularizacao-fundiaria-prefeitura-de-palmas-recebe-selo-diamante-do-tj-to\/#primaryimage\"},\"thumbnailUrl\":\"https:\/\/cleitonpinheiro.com.br\/site\/wp-content\/uploads\/2023\/08\/5caae115-024d-496d-a256-01e61c0e4a63.jpg\",\"articleSection\":[\"CIDADES\",\"MANCHETE SEGUND\u00c1RIA\"],\"inLanguage\":\"pt-BR\",\"potentialAction\":[{\"@type\":\"CommentAction\",\"name\":\"Comment\",\"target\":[\"https:\/\/cleitonpinheiro.com.br\/site\/pelas-acoes-de-regularizacao-fundiaria-prefeitura-de-palmas-recebe-selo-diamante-do-tj-to\/#respond\"]}]},{\"@type\":\"WebPage\",\"@id\":\"https:\/\/cleitonpinheiro.com.br\/site\/pelas-acoes-de-regularizacao-fundiaria-prefeitura-de-palmas-recebe-selo-diamante-do-tj-to\/\",\"url\":\"https:\/\/cleitonpinheiro.com.br\/site\/pelas-acoes-de-regularizacao-fundiaria-prefeitura-de-palmas-recebe-selo-diamante-do-tj-to\/\",\"name\":\"Pelas a\u00e7\u00f5es de regulariza\u00e7\u00e3o fundi\u00e1ria, Prefeitura de Palmas recebe Selo Diamante do TJ-TO - PORTAL DE NOT\u00cdCIAS CLEITON PINHEIRO\",\"isPartOf\":{\"@id\":\"https:\/\/cleitonpinheiro.com.br\/site\/#website\"},\"primaryImageOfPage\":{\"@id\":\"https:\/\/cleitonpinheiro.com.br\/site\/pelas-acoes-de-regularizacao-fundiaria-prefeitura-de-palmas-recebe-selo-diamante-do-tj-to\/#primaryimage\"},\"image\":{\"@id\":\"https:\/\/cleitonpinheiro.com.br\/site\/pelas-acoes-de-regularizacao-fundiaria-prefeitura-de-palmas-recebe-selo-diamante-do-tj-to\/#primaryimage\"},\"thumbnailUrl\":\"https:\/\/cleitonpinheiro.com.br\/site\/wp-content\/uploads\/2023\/08\/5caae115-024d-496d-a256-01e61c0e4a63.jpg\",\"datePublished\":\"2023-08-29T22:38:59+00:00\",\"dateModified\":\"2023-08-30T13:11:31+00:00\",\"breadcrumb\":{\"@id\":\"https:\/\/cleitonpinheiro.com.br\/site\/pelas-acoes-de-regularizacao-fundiaria-prefeitura-de-palmas-recebe-selo-diamante-do-tj-to\/#breadcrumb\"},\"inLanguage\":\"pt-BR\",\"potentialAction\":[{\"@type\":\"ReadAction\",\"target\":[\"https:\/\/cleitonpinheiro.com.br\/site\/pelas-acoes-de-regularizacao-fundiaria-prefeitura-de-palmas-recebe-selo-diamante-do-tj-to\/\"]}]},{\"@type\":\"ImageObject\",\"inLanguage\":\"pt-BR\",\"@id\":\"https:\/\/cleitonpinheiro.com.br\/site\/pelas-acoes-de-regularizacao-fundiaria-prefeitura-de-palmas-recebe-selo-diamante-do-tj-to\/#primaryimage\",\"url\":\"\",\"contentUrl\":\"\"},{\"@type\":\"BreadcrumbList\",\"@id\":\"https:\/\/cleitonpinheiro.com.br\/site\/pelas-acoes-de-regularizacao-fundiaria-prefeitura-de-palmas-recebe-selo-diamante-do-tj-to\/#breadcrumb\",\"itemListElement\":[{\"@type\":\"ListItem\",\"position\":1,\"name\":\"In\u00edcio\",\"item\":\"https:\/\/cleitonpinheiro.com.br\/site\/\"},{\"@type\":\"ListItem\",\"position\":2,\"name\":\"Pelas a\u00e7\u00f5es de regulariza\u00e7\u00e3o fundi\u00e1ria, Prefeitura de Palmas recebe Selo Diamante do TJ-TO\"}]},{\"@type\":\"WebSite\",\"@id\":\"https:\/\/cleitonpinheiro.com.br\/site\/#website\",\"url\":\"https:\/\/cleitonpinheiro.com.br\/site\/\",\"name\":\"PORTAL DE NOT\u00cdCIAS CLEITON PINHEIRO\",\"description\":\"FALANDO A VERDADE\",\"publisher\":{\"@id\":\"https:\/\/cleitonpinheiro.com.br\/site\/#organization\"},\"potentialAction\":[{\"@type\":\"SearchAction\",\"target\":{\"@type\":\"EntryPoint\",\"urlTemplate\":\"https:\/\/cleitonpinheiro.com.br\/site\/?s={search_term_string}\"},\"query-input\":{\"@type\":\"PropertyValueSpecification\",\"valueRequired\":true,\"valueName\":\"search_term_string\"}}],\"inLanguage\":\"pt-BR\"},{\"@type\":\"Organization\",\"@id\":\"https:\/\/cleitonpinheiro.com.br\/site\/#organization\",\"name\":\"CPNOT\u00cdCIAS\",\"url\":\"https:\/\/cleitonpinheiro.com.br\/site\/\",\"logo\":{\"@type\":\"ImageObject\",\"inLanguage\":\"pt-BR\",\"@id\":\"https:\/\/cleitonpinheiro.com.br\/site\/#\/schema\/logo\/image\/\",\"url\":\"https:\/\/cleitonpinheiro.com.br\/site\/wp-content\/uploads\/2022\/08\/Logo-pequena-2.png\",\"contentUrl\":\"https:\/\/cleitonpinheiro.com.br\/site\/wp-content\/uploads\/2022\/08\/Logo-pequena-2.png\",\"width\":500,\"height\":500,\"caption\":\"CPNOT\u00cdCIAS\"},\"image\":{\"@id\":\"https:\/\/cleitonpinheiro.com.br\/site\/#\/schema\/logo\/image\/\"},\"sameAs\":[\"https:\/\/www.facebook.com\/portalcpnoticias\/\"]},{\"@type\":\"Person\",\"@id\":\"https:\/\/cleitonpinheiro.com.br\/site\/#\/schema\/person\/8f04544e0bc40a1b68775b08360f87db\",\"name\":\"Reda\u00e7\u00e3o CP\",\"image\":{\"@type\":\"ImageObject\",\"inLanguage\":\"pt-BR\",\"@id\":\"https:\/\/cleitonpinheiro.com.br\/site\/#\/schema\/person\/image\/\",\"url\":\"https:\/\/secure.gravatar.com\/avatar\/0bcf19cb29fdc8fc588c490c7ae1b3e174dac268586a63fbe1d1893a0f9020cd?s=96&r=g\",\"contentUrl\":\"https:\/\/secure.gravatar.com\/avatar\/0bcf19cb29fdc8fc588c490c7ae1b3e174dac268586a63fbe1d1893a0f9020cd?s=96&r=g\",\"caption\":\"Reda\u00e7\u00e3o CP\"},\"url\":\"https:\/\/cleitonpinheiro.com.br\/site\/author\/redacao\/\"}]}<\/script>\n<!-- \/ Yoast SEO plugin. -->","yoast_head_json":{"title":"Pelas a\u00e7\u00f5es de regulariza\u00e7\u00e3o fundi\u00e1ria, Prefeitura de Palmas recebe Selo Diamante do TJ-TO - PORTAL DE NOT\u00cdCIAS CLEITON PINHEIRO","robots":{"index":"index","follow":"follow","max-snippet":"max-snippet:-1","max-image-preview":"max-image-preview:large","max-video-preview":"max-video-preview:-1"},"canonical":"https:\/\/cleitonpinheiro.com.br\/site\/pelas-acoes-de-regularizacao-fundiaria-prefeitura-de-palmas-recebe-selo-diamante-do-tj-to\/","og_locale":"pt_BR","og_type":"article","og_title":"Pelas a\u00e7\u00f5es de regulariza\u00e7\u00e3o fundi\u00e1ria, Prefeitura de Palmas recebe Selo Diamante do TJ-TO - PORTAL DE NOT\u00cdCIAS CLEITON PINHEIRO","og_description":"Como parte da programa\u00e7\u00e3o da 1\u00aa Semana Nacional de Regulariza\u00e7\u00e3o Fundi\u00e1ria &#8211; Solo Seguro, a Prefeitura de Palmas recebeu o Selo Diamante de Responsabilidade Social \u201cQuem Regulariza Dignifica\u201d do Tribunal de Justi\u00e7a do Tocantins (TJTO), durante o evento realizado na Capital nesta segunda-feira, 28. \u201cIsso \u00e9 algo grandioso para a Gest\u00e3o Municipal. Essa entrega \u00e9 [&hellip;]","og_url":"https:\/\/cleitonpinheiro.com.br\/site\/pelas-acoes-de-regularizacao-fundiaria-prefeitura-de-palmas-recebe-selo-diamante-do-tj-to\/","og_site_name":"PORTAL DE NOT\u00cdCIAS CLEITON PINHEIRO","article_publisher":"https:\/\/www.facebook.com\/portalcpnoticias\/","article_published_time":"2023-08-29T22:38:59+00:00","article_modified_time":"2023-08-30T13:11:31+00:00","og_image":[{"width":800,"height":533,"url":"https:\/\/cleitonpinheiro.com.br\/site\/wp-content\/uploads\/2023\/08\/5caae115-024d-496d-a256-01e61c0e4a63.jpg","type":"image\/jpeg"}],"author":"Reda\u00e7\u00e3o CP","twitter_card":"summary_large_image","twitter_misc":{"Escrito por":"Reda\u00e7\u00e3o CP","Est. tempo de leitura":"4 minutos"},"schema":{"@context":"https:\/\/schema.org","@graph":[{"@type":"Article","@id":"https:\/\/cleitonpinheiro.com.br\/site\/pelas-acoes-de-regularizacao-fundiaria-prefeitura-de-palmas-recebe-selo-diamante-do-tj-to\/#article","isPartOf":{"@id":"https:\/\/cleitonpinheiro.com.br\/site\/pelas-acoes-de-regularizacao-fundiaria-prefeitura-de-palmas-recebe-selo-diamante-do-tj-to\/"},"author":{"name":"Reda\u00e7\u00e3o CP","@id":"https:\/\/cleitonpinheiro.com.br\/site\/#\/schema\/person\/8f04544e0bc40a1b68775b08360f87db"},"headline":"Pelas a\u00e7\u00f5es de regulariza\u00e7\u00e3o fundi\u00e1ria, Prefeitura de Palmas recebe Selo Diamante do TJ-TO","datePublished":"2023-08-29T22:38:59+00:00","dateModified":"2023-08-30T13:11:31+00:00","mainEntityOfPage":{"@id":"https:\/\/cleitonpinheiro.com.br\/site\/pelas-acoes-de-regularizacao-fundiaria-prefeitura-de-palmas-recebe-selo-diamante-do-tj-to\/"},"wordCount":612,"commentCount":0,"publisher":{"@id":"https:\/\/cleitonpinheiro.com.br\/site\/#organization"},"image":{"@id":"https:\/\/cleitonpinheiro.com.br\/site\/pelas-acoes-de-regularizacao-fundiaria-prefeitura-de-palmas-recebe-selo-diamante-do-tj-to\/#primaryimage"},"thumbnailUrl":"https:\/\/cleitonpinheiro.com.br\/site\/wp-content\/uploads\/2023\/08\/5caae115-024d-496d-a256-01e61c0e4a63.jpg","articleSection":["CIDADES","MANCHETE SEGUND\u00c1RIA"],"inLanguage":"pt-BR","potentialAction":[{"@type":"CommentAction","name":"Comment","target":["https:\/\/cleitonpinheiro.com.br\/site\/pelas-acoes-de-regularizacao-fundiaria-prefeitura-de-palmas-recebe-selo-diamante-do-tj-to\/#respond"]}]},{"@type":"WebPage","@id":"https:\/\/cleitonpinheiro.com.br\/site\/pelas-acoes-de-regularizacao-fundiaria-prefeitura-de-palmas-recebe-selo-diamante-do-tj-to\/","url":"https:\/\/cleitonpinheiro.com.br\/site\/pelas-acoes-de-regularizacao-fundiaria-prefeitura-de-palmas-recebe-selo-diamante-do-tj-to\/","name":"Pelas a\u00e7\u00f5es de regulariza\u00e7\u00e3o fundi\u00e1ria, Prefeitura de Palmas recebe Selo Diamante do TJ-TO - PORTAL DE NOT\u00cdCIAS CLEITON PINHEIRO","isPartOf":{"@id":"https:\/\/cleitonpinheiro.com.br\/site\/#website"},"primaryImageOfPage":{"@id":"https:\/\/cleitonpinheiro.com.br\/site\/pelas-acoes-de-regularizacao-fundiaria-prefeitura-de-palmas-recebe-selo-diamante-do-tj-to\/#primaryimage"},"image":{"@id":"https:\/\/cleitonpinheiro.com.br\/site\/pelas-acoes-de-regularizacao-fundiaria-prefeitura-de-palmas-recebe-selo-diamante-do-tj-to\/#primaryimage"},"thumbnailUrl":"https:\/\/cleitonpinheiro.com.br\/site\/wp-content\/uploads\/2023\/08\/5caae115-024d-496d-a256-01e61c0e4a63.jpg","datePublished":"2023-08-29T22:38:59+00:00","dateModified":"2023-08-30T13:11:31+00:00","breadcrumb":{"@id":"https:\/\/cleitonpinheiro.com.br\/site\/pelas-acoes-de-regularizacao-fundiaria-prefeitura-de-palmas-recebe-selo-diamante-do-tj-to\/#breadcrumb"},"inLanguage":"pt-BR","potentialAction":[{"@type":"ReadAction","target":["https:\/\/cleitonpinheiro.com.br\/site\/pelas-acoes-de-regularizacao-fundiaria-prefeitura-de-palmas-recebe-selo-diamante-do-tj-to\/"]}]},{"@type":"ImageObject","inLanguage":"pt-BR","@id":"https:\/\/cleitonpinheiro.com.br\/site\/pelas-acoes-de-regularizacao-fundiaria-prefeitura-de-palmas-recebe-selo-diamante-do-tj-to\/#primaryimage","url":"","contentUrl":""},{"@type":"BreadcrumbList","@id":"https:\/\/cleitonpinheiro.com.br\/site\/pelas-acoes-de-regularizacao-fundiaria-prefeitura-de-palmas-recebe-selo-diamante-do-tj-to\/#breadcrumb","itemListElement":[{"@type":"ListItem","position":1,"name":"In\u00edcio","item":"https:\/\/cleitonpinheiro.com.br\/site\/"},{"@type":"ListItem","position":2,"name":"Pelas a\u00e7\u00f5es de regulariza\u00e7\u00e3o fundi\u00e1ria, Prefeitura de Palmas recebe Selo Diamante do TJ-TO"}]},{"@type":"WebSite","@id":"https:\/\/cleitonpinheiro.com.br\/site\/#website","url":"https:\/\/cleitonpinheiro.com.br\/site\/","name":"PORTAL DE NOT\u00cdCIAS CLEITON PINHEIRO","description":"FALANDO A VERDADE","publisher":{"@id":"https:\/\/cleitonpinheiro.com.br\/site\/#organization"},"potentialAction":[{"@type":"SearchAction","target":{"@type":"EntryPoint","urlTemplate":"https:\/\/cleitonpinheiro.com.br\/site\/?s={search_term_string}"},"query-input":{"@type":"PropertyValueSpecification","valueRequired":true,"valueName":"search_term_string"}}],"inLanguage":"pt-BR"},{"@type":"Organization","@id":"https:\/\/cleitonpinheiro.com.br\/site\/#organization","name":"CPNOT\u00cdCIAS","url":"https:\/\/cleitonpinheiro.com.br\/site\/","logo":{"@type":"ImageObject","inLanguage":"pt-BR","@id":"https:\/\/cleitonpinheiro.com.br\/site\/#\/schema\/logo\/image\/","url":"https:\/\/cleitonpinheiro.com.br\/site\/wp-content\/uploads\/2022\/08\/Logo-pequena-2.png","contentUrl":"https:\/\/cleitonpinheiro.com.br\/site\/wp-content\/uploads\/2022\/08\/Logo-pequena-2.png","width":500,"height":500,"caption":"CPNOT\u00cdCIAS"},"image":{"@id":"https:\/\/cleitonpinheiro.com.br\/site\/#\/schema\/logo\/image\/"},"sameAs":["https:\/\/www.facebook.com\/portalcpnoticias\/"]},{"@type":"Person","@id":"https:\/\/cleitonpinheiro.com.br\/site\/#\/schema\/person\/8f04544e0bc40a1b68775b08360f87db","name":"Reda\u00e7\u00e3o CP","image":{"@type":"ImageObject","inLanguage":"pt-BR","@id":"https:\/\/cleitonpinheiro.com.br\/site\/#\/schema\/person\/image\/","url":"https:\/\/secure.gravatar.com\/avatar\/0bcf19cb29fdc8fc588c490c7ae1b3e174dac268586a63fbe1d1893a0f9020cd?s=96&r=g","contentUrl":"https:\/\/secure.gravatar.com\/avatar\/0bcf19cb29fdc8fc588c490c7ae1b3e174dac268586a63fbe1d1893a0f9020cd?s=96&r=g","caption":"Reda\u00e7\u00e3o CP"},"url":"https:\/\/cleitonpinheiro.com.br\/site\/author\/redacao\/"}]}},"views":125,"_links":{"self":[{"href":"https:\/\/cleitonpinheiro.com.br\/site\/wp-json\/wp\/v2\/posts\/73841","targetHints":{"allow":["GET"]}}],"collection":[{"href":"https:\/\/cleitonpinheiro.com.br\/site\/wp-json\/wp\/v2\/posts"}],"about":[{"href":"https:\/\/cleitonpinheiro.com.br\/site\/wp-json\/wp\/v2\/types\/post"}],"author":[{"embeddable":true,"href":"https:\/\/cleitonpinheiro.com.br\/site\/wp-json\/wp\/v2\/users\/13"}],"replies":[{"embeddable":true,"href":"https:\/\/cleitonpinheiro.com.br\/site\/wp-json\/wp\/v2\/comments?post=73841"}],"version-history":[{"count":1,"href":"https:\/\/cleitonpinheiro.com.br\/site\/wp-json\/wp\/v2\/posts\/73841\/revisions"}],"predecessor-version":[{"id":73843,"href":"https:\/\/cleitonpinheiro.com.br\/site\/wp-json\/wp\/v2\/posts\/73841\/revisions\/73843"}],"wp:attachment":[{"href":"https:\/\/cleitonpinheiro.com.br\/site\/wp-json\/wp\/v2\/media?parent=73841"}],"wp:term":[{"taxonomy":"category","embeddable":true,"href":"https:\/\/cleitonpinheiro.com.br\/site\/wp-json\/wp\/v2\/categories?post=73841"},{"taxonomy":"post_tag","embeddable":true,"href":"https:\/\/cleitonpinheiro.com.br\/site\/wp-json\/wp\/v2\/tags?post=73841"}],"curies":[{"name":"wp","href":"https:\/\/api.w.org\/{rel}","templated":true}]}}