{"id":73848,"date":"2023-08-30T10:24:04","date_gmt":"2023-08-30T13:24:04","guid":{"rendered":"https:\/\/cleitonpinheiro.com.br\/site\/?p=73848"},"modified":"2023-08-30T10:24:07","modified_gmt":"2023-08-30T13:24:07","slug":"prefeitura-de-palmas-inaugura-feira-da-promessa-em-taquaralto-nesta-quinta-feira-31","status":"publish","type":"post","link":"https:\/\/cleitonpinheiro.com.br\/site\/prefeitura-de-palmas-inaugura-feira-da-promessa-em-taquaralto-nesta-quinta-feira-31\/","title":{"rendered":"Prefeitura de Palmas inaugura Feira da Promessa em Taquaralto nesta quinta-feira, 31"},"content":{"rendered":"\n<figure class=\"wp-block-image size-full\"><img decoding=\"async\" src=\"https:\/\/cleitonpinheiro.com.br\/site\/wp-content\/uploads\/2023\/08\/c5b0f7c5-b6f0-49e3-999a-976a65b423e6.jpg\" alt=\"\" class=\"wp-image-73849\"\/><figcaption class=\"wp-element-caption\">Feira Maria das D\u00f4res Brito \u00e9 o nome da falada feira da promessa em Taquaralto &#8211; Foto: Lia Mara\/Prefeitura de Palmas<\/figcaption><\/figure>\n\n\n\n<p class=\"wp-block-paragraph\">A t\u00e3o esperada Feira da Promessa ser\u00e1 entregue a popula\u00e7\u00e3o nesta quinta-feira, 31, \u00e0s 17 horas, marcando n\u00e3o apenas a concretiza\u00e7\u00e3o de uma infraestrutura f\u00edsica para comercializa\u00e7\u00e3o de alimentos frescos e saud\u00e1veis, mas o fim da espera de 30 anos pelos moradores de Taquaralto. O nome Feira da Promessa \u00e9 em refer\u00eancia \u00e0 antiga promessa feita por gest\u00f5es municipais anteriores que n\u00e3o priorizaram essa necessidade e n\u00e3o cumpriram com o compromisso feito.<\/p>\n\n\n\n<p class=\"wp-block-paragraph\">Em 2021, a prefeita Cinthia Ribeiro selou um compromisso com a comunidade ao assinar a Ordem de Servi\u00e7o no valor de R$ 2,3 milh\u00f5es, marcando o in\u00edcio da constru\u00e7\u00e3o da primeira etapa da Feira, sendo que a ent\u00e3o senadora K\u00e1tia Abreu foi a respons\u00e1vel pela destina\u00e7\u00e3o de R$ 1,146 mi do governo federal.<\/p>\n\n\n\n<p class=\"wp-block-paragraph\">A primeira feira coberta de Taquaralto recebe o nome Maria das D\u00f4res Brito, uma homenagem a uma conhecida feirante da Capital. \u201cDas Dores\u201d, como era chamada por todos, era natural de Carolina (MA) e chegou a Palmas em 1994. Iniciou sua trajet\u00f3ria como feirante na Feira do Jardim Aureny I e trabalhou durante anos nas feiras da Arse 1106 (112 sul), 304 Sul e Feira do Bosque. Foi integrante da Associa\u00e7\u00e3o de Feirantes e sempre esteve lutando pela classe. \u201cDas Dores\u201d morreu v\u00edtima da covid-19, em 9 de outubro de 2020.<\/p>\n\n\n\n<p class=\"wp-block-paragraph\">A feirante era empreendedora, companheira dos colegas de feira, apaixonada pela arte de cozinhar, dentre as suas receitas a preferida dos seus clientes era &nbsp;o tradicional chambari. A nova Feira Maria das D\u00f4res Brito surge como um s\u00edmbolo de esperan\u00e7a, para os que comercializaram por longos anos os seus produtos incansavelmente debaixo do sol e da chuva pr\u00f3ximo a Pra\u00e7a da Igreja Matriz, na Avenida Tocantins em Taquaralto. Al\u00e9m disso, a feira oferecer\u00e1 comodidade de um ambiente adequado para quem deseja adquirir produtos locais frescos e de qualidade.<\/p>\n\n\n\n<h2 class=\"wp-block-heading\"><strong>Localiza\u00e7\u00e3o<\/strong><\/h2>\n\n\n\n<p class=\"wp-block-paragraph\">A estrutura coberta e planejada fica pr\u00f3xima da pra\u00e7a principal de Taquaralto, uma dist\u00e2ncia de 700 metros, localizada na Rua P-4. A primeira etapa da obra atender\u00e1 cerca de 80 feirantes para a comercializa\u00e7\u00e3o de verduras, frutas, cereais, peixes, refei\u00e7\u00f5es e produtos diversos.<\/p>\n\n\n\n<p class=\"wp-block-paragraph\">Segundo a Secretaria Municipal de Desenvolvimento Econ\u00f4mico e Emprego (Sedem) j\u00e1 est\u00e3o cadastrados para a Feira da Promessa os ambulantes que atualmente trabalham improvisadamente na Pra\u00e7a em Taquaralto. O local tamb\u00e9m atender\u00e1 &nbsp;comerciantes ambulantes da regi\u00e3o de Taquaralto e setores vizinhos.<\/p>\n","protected":false},"excerpt":{"rendered":"<p>A t\u00e3o esperada Feira da Promessa ser\u00e1 entregue a popula\u00e7\u00e3o nesta quinta-feira, 31, \u00e0s 17 horas, marcando n\u00e3o apenas a concretiza\u00e7\u00e3o de uma infraestrutura f\u00edsica para comercializa\u00e7\u00e3o de alimentos frescos e saud\u00e1veis, mas o fim da espera de 30 anos pelos moradores de Taquaralto. O nome Feira da Promessa \u00e9 em refer\u00eancia \u00e0 antiga promessa [&hellip;]<\/p>\n","protected":false},"author":13,"featured_media":0,"comment_status":"open","ping_status":"open","sticky":false,"template":"","format":"standard","meta":{"_acf_changed":false,"footnotes":""},"categories":[22,898],"tags":[],"class_list":["post-73848","post","type-post","status-publish","format-standard","hentry","category-cidades","category-manchete-segundaria"],"acf":[],"yoast_head":"<!-- This site is optimized with the Yoast SEO plugin v24.4 - https:\/\/yoast.com\/wordpress\/plugins\/seo\/ -->\n<title>Prefeitura de Palmas inaugura Feira da Promessa em Taquaralto nesta quinta-feira, 31 - PORTAL DE NOT\u00cdCIAS CLEITON PINHEIRO<\/title>\n<meta name=\"robots\" content=\"index, follow, max-snippet:-1, max-image-preview:large, max-video-preview:-1\" \/>\n<link rel=\"canonical\" href=\"https:\/\/cleitonpinheiro.com.br\/site\/prefeitura-de-palmas-inaugura-feira-da-promessa-em-taquaralto-nesta-quinta-feira-31\/\" \/>\n<meta property=\"og:locale\" content=\"pt_BR\" \/>\n<meta property=\"og:type\" content=\"article\" \/>\n<meta property=\"og:title\" content=\"Prefeitura de Palmas inaugura Feira da Promessa em Taquaralto nesta quinta-feira, 31 - PORTAL DE NOT\u00cdCIAS CLEITON PINHEIRO\" \/>\n<meta property=\"og:description\" content=\"A t\u00e3o esperada Feira da Promessa ser\u00e1 entregue a popula\u00e7\u00e3o nesta quinta-feira, 31, \u00e0s 17 horas, marcando n\u00e3o apenas a concretiza\u00e7\u00e3o de uma infraestrutura f\u00edsica para comercializa\u00e7\u00e3o de alimentos frescos e saud\u00e1veis, mas o fim da espera de 30 anos pelos moradores de Taquaralto. O nome Feira da Promessa \u00e9 em refer\u00eancia \u00e0 antiga promessa [&hellip;]\" \/>\n<meta property=\"og:url\" content=\"https:\/\/cleitonpinheiro.com.br\/site\/prefeitura-de-palmas-inaugura-feira-da-promessa-em-taquaralto-nesta-quinta-feira-31\/\" \/>\n<meta property=\"og:site_name\" content=\"PORTAL DE NOT\u00cdCIAS CLEITON PINHEIRO\" \/>\n<meta property=\"article:publisher\" content=\"https:\/\/www.facebook.com\/portalcpnoticias\/\" \/>\n<meta property=\"article:published_time\" content=\"2023-08-30T13:24:04+00:00\" \/>\n<meta property=\"article:modified_time\" content=\"2023-08-30T13:24:07+00:00\" \/>\n<meta property=\"og:image\" content=\"https:\/\/cleitonpinheiro.com.br\/site\/wp-content\/uploads\/2023\/08\/c5b0f7c5-b6f0-49e3-999a-976a65b423e6.jpg\" \/>\n\t<meta property=\"og:image:width\" content=\"800\" \/>\n\t<meta property=\"og:image:height\" content=\"533\" \/>\n\t<meta property=\"og:image:type\" content=\"image\/jpeg\" \/>\n<meta name=\"author\" content=\"Reda\u00e7\u00e3o CP\" \/>\n<meta name=\"twitter:card\" content=\"summary_large_image\" \/>\n<meta name=\"twitter:label1\" content=\"Escrito por\" \/>\n\t<meta name=\"twitter:data1\" content=\"Reda\u00e7\u00e3o CP\" \/>\n\t<meta name=\"twitter:label2\" content=\"Est. tempo de leitura\" \/>\n\t<meta name=\"twitter:data2\" content=\"3 minutos\" \/>\n<script type=\"application\/ld+json\" class=\"yoast-schema-graph\">{\"@context\":\"https:\/\/schema.org\",\"@graph\":[{\"@type\":\"Article\",\"@id\":\"https:\/\/cleitonpinheiro.com.br\/site\/prefeitura-de-palmas-inaugura-feira-da-promessa-em-taquaralto-nesta-quinta-feira-31\/#article\",\"isPartOf\":{\"@id\":\"https:\/\/cleitonpinheiro.com.br\/site\/prefeitura-de-palmas-inaugura-feira-da-promessa-em-taquaralto-nesta-quinta-feira-31\/\"},\"author\":{\"name\":\"Reda\u00e7\u00e3o CP\",\"@id\":\"https:\/\/cleitonpinheiro.com.br\/site\/#\/schema\/person\/8f04544e0bc40a1b68775b08360f87db\"},\"headline\":\"Prefeitura de Palmas inaugura Feira da Promessa em Taquaralto nesta quinta-feira, 31\",\"datePublished\":\"2023-08-30T13:24:04+00:00\",\"dateModified\":\"2023-08-30T13:24:07+00:00\",\"mainEntityOfPage\":{\"@id\":\"https:\/\/cleitonpinheiro.com.br\/site\/prefeitura-de-palmas-inaugura-feira-da-promessa-em-taquaralto-nesta-quinta-feira-31\/\"},\"wordCount\":448,\"commentCount\":0,\"publisher\":{\"@id\":\"https:\/\/cleitonpinheiro.com.br\/site\/#organization\"},\"image\":{\"@id\":\"https:\/\/cleitonpinheiro.com.br\/site\/prefeitura-de-palmas-inaugura-feira-da-promessa-em-taquaralto-nesta-quinta-feira-31\/#primaryimage\"},\"thumbnailUrl\":\"https:\/\/cleitonpinheiro.com.br\/site\/wp-content\/uploads\/2023\/08\/c5b0f7c5-b6f0-49e3-999a-976a65b423e6.jpg\",\"articleSection\":[\"CIDADES\",\"MANCHETE SEGUND\u00c1RIA\"],\"inLanguage\":\"pt-BR\",\"potentialAction\":[{\"@type\":\"CommentAction\",\"name\":\"Comment\",\"target\":[\"https:\/\/cleitonpinheiro.com.br\/site\/prefeitura-de-palmas-inaugura-feira-da-promessa-em-taquaralto-nesta-quinta-feira-31\/#respond\"]}]},{\"@type\":\"WebPage\",\"@id\":\"https:\/\/cleitonpinheiro.com.br\/site\/prefeitura-de-palmas-inaugura-feira-da-promessa-em-taquaralto-nesta-quinta-feira-31\/\",\"url\":\"https:\/\/cleitonpinheiro.com.br\/site\/prefeitura-de-palmas-inaugura-feira-da-promessa-em-taquaralto-nesta-quinta-feira-31\/\",\"name\":\"Prefeitura de Palmas inaugura Feira da Promessa em Taquaralto nesta quinta-feira, 31 - PORTAL DE NOT\u00cdCIAS CLEITON PINHEIRO\",\"isPartOf\":{\"@id\":\"https:\/\/cleitonpinheiro.com.br\/site\/#website\"},\"primaryImageOfPage\":{\"@id\":\"https:\/\/cleitonpinheiro.com.br\/site\/prefeitura-de-palmas-inaugura-feira-da-promessa-em-taquaralto-nesta-quinta-feira-31\/#primaryimage\"},\"image\":{\"@id\":\"https:\/\/cleitonpinheiro.com.br\/site\/prefeitura-de-palmas-inaugura-feira-da-promessa-em-taquaralto-nesta-quinta-feira-31\/#primaryimage\"},\"thumbnailUrl\":\"https:\/\/cleitonpinheiro.com.br\/site\/wp-content\/uploads\/2023\/08\/c5b0f7c5-b6f0-49e3-999a-976a65b423e6.jpg\",\"datePublished\":\"2023-08-30T13:24:04+00:00\",\"dateModified\":\"2023-08-30T13:24:07+00:00\",\"breadcrumb\":{\"@id\":\"https:\/\/cleitonpinheiro.com.br\/site\/prefeitura-de-palmas-inaugura-feira-da-promessa-em-taquaralto-nesta-quinta-feira-31\/#breadcrumb\"},\"inLanguage\":\"pt-BR\",\"potentialAction\":[{\"@type\":\"ReadAction\",\"target\":[\"https:\/\/cleitonpinheiro.com.br\/site\/prefeitura-de-palmas-inaugura-feira-da-promessa-em-taquaralto-nesta-quinta-feira-31\/\"]}]},{\"@type\":\"ImageObject\",\"inLanguage\":\"pt-BR\",\"@id\":\"https:\/\/cleitonpinheiro.com.br\/site\/prefeitura-de-palmas-inaugura-feira-da-promessa-em-taquaralto-nesta-quinta-feira-31\/#primaryimage\",\"url\":\"\",\"contentUrl\":\"\"},{\"@type\":\"BreadcrumbList\",\"@id\":\"https:\/\/cleitonpinheiro.com.br\/site\/prefeitura-de-palmas-inaugura-feira-da-promessa-em-taquaralto-nesta-quinta-feira-31\/#breadcrumb\",\"itemListElement\":[{\"@type\":\"ListItem\",\"position\":1,\"name\":\"In\u00edcio\",\"item\":\"https:\/\/cleitonpinheiro.com.br\/site\/\"},{\"@type\":\"ListItem\",\"position\":2,\"name\":\"Prefeitura de Palmas inaugura Feira da Promessa em Taquaralto nesta quinta-feira, 31\"}]},{\"@type\":\"WebSite\",\"@id\":\"https:\/\/cleitonpinheiro.com.br\/site\/#website\",\"url\":\"https:\/\/cleitonpinheiro.com.br\/site\/\",\"name\":\"PORTAL DE NOT\u00cdCIAS CLEITON PINHEIRO\",\"description\":\"FALANDO A VERDADE\",\"publisher\":{\"@id\":\"https:\/\/cleitonpinheiro.com.br\/site\/#organization\"},\"potentialAction\":[{\"@type\":\"SearchAction\",\"target\":{\"@type\":\"EntryPoint\",\"urlTemplate\":\"https:\/\/cleitonpinheiro.com.br\/site\/?s={search_term_string}\"},\"query-input\":{\"@type\":\"PropertyValueSpecification\",\"valueRequired\":true,\"valueName\":\"search_term_string\"}}],\"inLanguage\":\"pt-BR\"},{\"@type\":\"Organization\",\"@id\":\"https:\/\/cleitonpinheiro.com.br\/site\/#organization\",\"name\":\"CPNOT\u00cdCIAS\",\"url\":\"https:\/\/cleitonpinheiro.com.br\/site\/\",\"logo\":{\"@type\":\"ImageObject\",\"inLanguage\":\"pt-BR\",\"@id\":\"https:\/\/cleitonpinheiro.com.br\/site\/#\/schema\/logo\/image\/\",\"url\":\"https:\/\/cleitonpinheiro.com.br\/site\/wp-content\/uploads\/2022\/08\/Logo-pequena-2.png\",\"contentUrl\":\"https:\/\/cleitonpinheiro.com.br\/site\/wp-content\/uploads\/2022\/08\/Logo-pequena-2.png\",\"width\":500,\"height\":500,\"caption\":\"CPNOT\u00cdCIAS\"},\"image\":{\"@id\":\"https:\/\/cleitonpinheiro.com.br\/site\/#\/schema\/logo\/image\/\"},\"sameAs\":[\"https:\/\/www.facebook.com\/portalcpnoticias\/\"]},{\"@type\":\"Person\",\"@id\":\"https:\/\/cleitonpinheiro.com.br\/site\/#\/schema\/person\/8f04544e0bc40a1b68775b08360f87db\",\"name\":\"Reda\u00e7\u00e3o CP\",\"image\":{\"@type\":\"ImageObject\",\"inLanguage\":\"pt-BR\",\"@id\":\"https:\/\/cleitonpinheiro.com.br\/site\/#\/schema\/person\/image\/\",\"url\":\"https:\/\/secure.gravatar.com\/avatar\/0bcf19cb29fdc8fc588c490c7ae1b3e174dac268586a63fbe1d1893a0f9020cd?s=96&r=g\",\"contentUrl\":\"https:\/\/secure.gravatar.com\/avatar\/0bcf19cb29fdc8fc588c490c7ae1b3e174dac268586a63fbe1d1893a0f9020cd?s=96&r=g\",\"caption\":\"Reda\u00e7\u00e3o CP\"},\"url\":\"https:\/\/cleitonpinheiro.com.br\/site\/author\/redacao\/\"}]}<\/script>\n<!-- \/ Yoast SEO plugin. -->","yoast_head_json":{"title":"Prefeitura de Palmas inaugura Feira da Promessa em Taquaralto nesta quinta-feira, 31 - PORTAL DE NOT\u00cdCIAS CLEITON PINHEIRO","robots":{"index":"index","follow":"follow","max-snippet":"max-snippet:-1","max-image-preview":"max-image-preview:large","max-video-preview":"max-video-preview:-1"},"canonical":"https:\/\/cleitonpinheiro.com.br\/site\/prefeitura-de-palmas-inaugura-feira-da-promessa-em-taquaralto-nesta-quinta-feira-31\/","og_locale":"pt_BR","og_type":"article","og_title":"Prefeitura de Palmas inaugura Feira da Promessa em Taquaralto nesta quinta-feira, 31 - PORTAL DE NOT\u00cdCIAS CLEITON PINHEIRO","og_description":"A t\u00e3o esperada Feira da Promessa ser\u00e1 entregue a popula\u00e7\u00e3o nesta quinta-feira, 31, \u00e0s 17 horas, marcando n\u00e3o apenas a concretiza\u00e7\u00e3o de uma infraestrutura f\u00edsica para comercializa\u00e7\u00e3o de alimentos frescos e saud\u00e1veis, mas o fim da espera de 30 anos pelos moradores de Taquaralto. O nome Feira da Promessa \u00e9 em refer\u00eancia \u00e0 antiga promessa [&hellip;]","og_url":"https:\/\/cleitonpinheiro.com.br\/site\/prefeitura-de-palmas-inaugura-feira-da-promessa-em-taquaralto-nesta-quinta-feira-31\/","og_site_name":"PORTAL DE NOT\u00cdCIAS CLEITON PINHEIRO","article_publisher":"https:\/\/www.facebook.com\/portalcpnoticias\/","article_published_time":"2023-08-30T13:24:04+00:00","article_modified_time":"2023-08-30T13:24:07+00:00","og_image":[{"width":800,"height":533,"url":"https:\/\/cleitonpinheiro.com.br\/site\/wp-content\/uploads\/2023\/08\/c5b0f7c5-b6f0-49e3-999a-976a65b423e6.jpg","type":"image\/jpeg"}],"author":"Reda\u00e7\u00e3o CP","twitter_card":"summary_large_image","twitter_misc":{"Escrito por":"Reda\u00e7\u00e3o CP","Est. tempo de leitura":"3 minutos"},"schema":{"@context":"https:\/\/schema.org","@graph":[{"@type":"Article","@id":"https:\/\/cleitonpinheiro.com.br\/site\/prefeitura-de-palmas-inaugura-feira-da-promessa-em-taquaralto-nesta-quinta-feira-31\/#article","isPartOf":{"@id":"https:\/\/cleitonpinheiro.com.br\/site\/prefeitura-de-palmas-inaugura-feira-da-promessa-em-taquaralto-nesta-quinta-feira-31\/"},"author":{"name":"Reda\u00e7\u00e3o CP","@id":"https:\/\/cleitonpinheiro.com.br\/site\/#\/schema\/person\/8f04544e0bc40a1b68775b08360f87db"},"headline":"Prefeitura de Palmas inaugura Feira da Promessa em Taquaralto nesta quinta-feira, 31","datePublished":"2023-08-30T13:24:04+00:00","dateModified":"2023-08-30T13:24:07+00:00","mainEntityOfPage":{"@id":"https:\/\/cleitonpinheiro.com.br\/site\/prefeitura-de-palmas-inaugura-feira-da-promessa-em-taquaralto-nesta-quinta-feira-31\/"},"wordCount":448,"commentCount":0,"publisher":{"@id":"https:\/\/cleitonpinheiro.com.br\/site\/#organization"},"image":{"@id":"https:\/\/cleitonpinheiro.com.br\/site\/prefeitura-de-palmas-inaugura-feira-da-promessa-em-taquaralto-nesta-quinta-feira-31\/#primaryimage"},"thumbnailUrl":"https:\/\/cleitonpinheiro.com.br\/site\/wp-content\/uploads\/2023\/08\/c5b0f7c5-b6f0-49e3-999a-976a65b423e6.jpg","articleSection":["CIDADES","MANCHETE SEGUND\u00c1RIA"],"inLanguage":"pt-BR","potentialAction":[{"@type":"CommentAction","name":"Comment","target":["https:\/\/cleitonpinheiro.com.br\/site\/prefeitura-de-palmas-inaugura-feira-da-promessa-em-taquaralto-nesta-quinta-feira-31\/#respond"]}]},{"@type":"WebPage","@id":"https:\/\/cleitonpinheiro.com.br\/site\/prefeitura-de-palmas-inaugura-feira-da-promessa-em-taquaralto-nesta-quinta-feira-31\/","url":"https:\/\/cleitonpinheiro.com.br\/site\/prefeitura-de-palmas-inaugura-feira-da-promessa-em-taquaralto-nesta-quinta-feira-31\/","name":"Prefeitura de Palmas inaugura Feira da Promessa em Taquaralto nesta quinta-feira, 31 - PORTAL DE NOT\u00cdCIAS CLEITON PINHEIRO","isPartOf":{"@id":"https:\/\/cleitonpinheiro.com.br\/site\/#website"},"primaryImageOfPage":{"@id":"https:\/\/cleitonpinheiro.com.br\/site\/prefeitura-de-palmas-inaugura-feira-da-promessa-em-taquaralto-nesta-quinta-feira-31\/#primaryimage"},"image":{"@id":"https:\/\/cleitonpinheiro.com.br\/site\/prefeitura-de-palmas-inaugura-feira-da-promessa-em-taquaralto-nesta-quinta-feira-31\/#primaryimage"},"thumbnailUrl":"https:\/\/cleitonpinheiro.com.br\/site\/wp-content\/uploads\/2023\/08\/c5b0f7c5-b6f0-49e3-999a-976a65b423e6.jpg","datePublished":"2023-08-30T13:24:04+00:00","dateModified":"2023-08-30T13:24:07+00:00","breadcrumb":{"@id":"https:\/\/cleitonpinheiro.com.br\/site\/prefeitura-de-palmas-inaugura-feira-da-promessa-em-taquaralto-nesta-quinta-feira-31\/#breadcrumb"},"inLanguage":"pt-BR","potentialAction":[{"@type":"ReadAction","target":["https:\/\/cleitonpinheiro.com.br\/site\/prefeitura-de-palmas-inaugura-feira-da-promessa-em-taquaralto-nesta-quinta-feira-31\/"]}]},{"@type":"ImageObject","inLanguage":"pt-BR","@id":"https:\/\/cleitonpinheiro.com.br\/site\/prefeitura-de-palmas-inaugura-feira-da-promessa-em-taquaralto-nesta-quinta-feira-31\/#primaryimage","url":"","contentUrl":""},{"@type":"BreadcrumbList","@id":"https:\/\/cleitonpinheiro.com.br\/site\/prefeitura-de-palmas-inaugura-feira-da-promessa-em-taquaralto-nesta-quinta-feira-31\/#breadcrumb","itemListElement":[{"@type":"ListItem","position":1,"name":"In\u00edcio","item":"https:\/\/cleitonpinheiro.com.br\/site\/"},{"@type":"ListItem","position":2,"name":"Prefeitura de Palmas inaugura Feira da Promessa em Taquaralto nesta quinta-feira, 31"}]},{"@type":"WebSite","@id":"https:\/\/cleitonpinheiro.com.br\/site\/#website","url":"https:\/\/cleitonpinheiro.com.br\/site\/","name":"PORTAL DE NOT\u00cdCIAS CLEITON PINHEIRO","description":"FALANDO A VERDADE","publisher":{"@id":"https:\/\/cleitonpinheiro.com.br\/site\/#organization"},"potentialAction":[{"@type":"SearchAction","target":{"@type":"EntryPoint","urlTemplate":"https:\/\/cleitonpinheiro.com.br\/site\/?s={search_term_string}"},"query-input":{"@type":"PropertyValueSpecification","valueRequired":true,"valueName":"search_term_string"}}],"inLanguage":"pt-BR"},{"@type":"Organization","@id":"https:\/\/cleitonpinheiro.com.br\/site\/#organization","name":"CPNOT\u00cdCIAS","url":"https:\/\/cleitonpinheiro.com.br\/site\/","logo":{"@type":"ImageObject","inLanguage":"pt-BR","@id":"https:\/\/cleitonpinheiro.com.br\/site\/#\/schema\/logo\/image\/","url":"https:\/\/cleitonpinheiro.com.br\/site\/wp-content\/uploads\/2022\/08\/Logo-pequena-2.png","contentUrl":"https:\/\/cleitonpinheiro.com.br\/site\/wp-content\/uploads\/2022\/08\/Logo-pequena-2.png","width":500,"height":500,"caption":"CPNOT\u00cdCIAS"},"image":{"@id":"https:\/\/cleitonpinheiro.com.br\/site\/#\/schema\/logo\/image\/"},"sameAs":["https:\/\/www.facebook.com\/portalcpnoticias\/"]},{"@type":"Person","@id":"https:\/\/cleitonpinheiro.com.br\/site\/#\/schema\/person\/8f04544e0bc40a1b68775b08360f87db","name":"Reda\u00e7\u00e3o CP","image":{"@type":"ImageObject","inLanguage":"pt-BR","@id":"https:\/\/cleitonpinheiro.com.br\/site\/#\/schema\/person\/image\/","url":"https:\/\/secure.gravatar.com\/avatar\/0bcf19cb29fdc8fc588c490c7ae1b3e174dac268586a63fbe1d1893a0f9020cd?s=96&r=g","contentUrl":"https:\/\/secure.gravatar.com\/avatar\/0bcf19cb29fdc8fc588c490c7ae1b3e174dac268586a63fbe1d1893a0f9020cd?s=96&r=g","caption":"Reda\u00e7\u00e3o CP"},"url":"https:\/\/cleitonpinheiro.com.br\/site\/author\/redacao\/"}]}},"views":109,"_links":{"self":[{"href":"https:\/\/cleitonpinheiro.com.br\/site\/wp-json\/wp\/v2\/posts\/73848","targetHints":{"allow":["GET"]}}],"collection":[{"href":"https:\/\/cleitonpinheiro.com.br\/site\/wp-json\/wp\/v2\/posts"}],"about":[{"href":"https:\/\/cleitonpinheiro.com.br\/site\/wp-json\/wp\/v2\/types\/post"}],"author":[{"embeddable":true,"href":"https:\/\/cleitonpinheiro.com.br\/site\/wp-json\/wp\/v2\/users\/13"}],"replies":[{"embeddable":true,"href":"https:\/\/cleitonpinheiro.com.br\/site\/wp-json\/wp\/v2\/comments?post=73848"}],"version-history":[{"count":1,"href":"https:\/\/cleitonpinheiro.com.br\/site\/wp-json\/wp\/v2\/posts\/73848\/revisions"}],"predecessor-version":[{"id":73850,"href":"https:\/\/cleitonpinheiro.com.br\/site\/wp-json\/wp\/v2\/posts\/73848\/revisions\/73850"}],"wp:attachment":[{"href":"https:\/\/cleitonpinheiro.com.br\/site\/wp-json\/wp\/v2\/media?parent=73848"}],"wp:term":[{"taxonomy":"category","embeddable":true,"href":"https:\/\/cleitonpinheiro.com.br\/site\/wp-json\/wp\/v2\/categories?post=73848"},{"taxonomy":"post_tag","embeddable":true,"href":"https:\/\/cleitonpinheiro.com.br\/site\/wp-json\/wp\/v2\/tags?post=73848"}],"curies":[{"name":"wp","href":"https:\/\/api.w.org\/{rel}","templated":true}]}}