{"id":73855,"date":"2023-08-30T10:39:51","date_gmt":"2023-08-30T13:39:51","guid":{"rendered":"https:\/\/cleitonpinheiro.com.br\/site\/?p=73855"},"modified":"2023-12-27T11:28:34","modified_gmt":"2023-12-27T14:28:34","slug":"arse-121-vai-ganhar-espaco-pet-quadra-de-volei-e-academia-ao-ar-livre","status":"publish","type":"post","link":"https:\/\/cleitonpinheiro.com.br\/site\/arse-121-vai-ganhar-espaco-pet-quadra-de-volei-e-academia-ao-ar-livre\/","title":{"rendered":"Arse 121 vai ganhar espa\u00e7o pet, quadra de v\u00f4lei e academia ao ar livre"},"content":{"rendered":"\n<figure class=\"wp-block-image size-full\"><img decoding=\"async\" src=\"https:\/\/cleitonpinheiro.com.br\/site\/wp-content\/uploads\/2023\/08\/265dadfc-dd9e-4c9a-8fe8-22a4c8de43ee.jpg\" alt=\"\" class=\"wp-image-73856\"\/><figcaption class=\"wp-element-caption\">Piquetes demarcam onde ficar\u00e3o equipamentos de lazer e esporte no interior de \u00e1rea verde &#8211; Foto: Luciana Pires\/Prefeitura de Palmas<\/figcaption><\/figure>\n\n\n\n<p class=\"wp-block-paragraph\">A Arse 121 (1204 Sul), em Palmas, vai ganhar\u00a0uma pra\u00e7a com equipamentos de incentivo ao esporte e lazer e com espa\u00e7o pet. Segundo a Secretaria Municipal de Infraestrutura e Servi\u00e7os P\u00fablicos (Seisp), a obra j\u00e1 foi iniciada. Quem passa pelo local\u00a0nesta quarta-feira, 30, pode\u00a0visualizar os piquetes com as demarca\u00e7\u00f5es dos espa\u00e7os de lazer e conviv\u00eancia. A caixa de areia da quadra de v\u00f4lei j\u00e1 est\u00e1 sendo concretada.<\/p>\n\n\n\n<p class=\"wp-block-paragraph\">A constru\u00e7\u00e3o da pra\u00e7a foi licitada e receber\u00e1 R$ 1.188.874,59 em investimentos. A empresa vencedora \u00e9 a Valor Engenharia Eireli-ME.<\/p>\n\n\n\n<p class=\"wp-block-paragraph\">A pra\u00e7a fica situada na \u00c1rea P\u00fablica Municipal (APM 9), entre as Alamedas 8 e 9. O projeto prev\u00ea quadra de v\u00f4lei de areia (14 x 22 metros), academia ao ar livre com, pelo menos, nove equipamentos para exerc\u00edcios de baixo impacto, parque infantil com duas plataformas, academia pet, paisagismo, ilumina\u00e7\u00e3o com l\u00e2mpadas de diodo emissor de luz (LED), cal\u00e7adas com acessibilidade, bancos, lixeiras e paisagismo. A comerciante Maria N\u00facia Fontenele explica que gostou de ver a obra come\u00e7ar. \u201cFiquei feliz porque meu filho sempre quis uma pracinha aqui na quadra\u201d, disse.<\/p>\n\n\n\n<h2 class=\"wp-block-heading\"><strong>Espa\u00e7o pet<\/strong><\/h2>\n\n\n\n<p class=\"wp-block-paragraph\">A novidade no projeto da pra\u00e7a \u00e9 a espa\u00e7o pet que ser\u00e1 delimitada em uma \u00e1rea de 13 metros de di\u00e2metro com os seguintes equipamentos: passarela com rampa e escorregador, slalom (12 postes); obst\u00e1culo com aros e gangorra. A inclus\u00e3o da academia pet no projeto atende ao compromisso de campanha da prefeita Cinthia Ribeiro.<\/p>\n\n\n\n<h2 class=\"wp-block-heading\"><strong>Transtorno no canteiro de obras<\/strong><\/h2>\n\n\n\n<p class=\"wp-block-paragraph\">A Seisp divulgou, entre grupos de moradores, comunicado pedindo colabora\u00e7\u00e3o dos moradores do local para que ve\u00edculos evitem trafegar pela \u00e1rea verde, onde a obra est\u00e1 ocorrendo em raz\u00f5es de transtornos gerados com as marca\u00e7\u00f5es e estruturas que est\u00e3o sendo erguidas no canteiro de obras.<\/p>\n\n\n\n<p class=\"wp-block-paragraph\">Segundo a pasta, o contorno do canteiro de obras precisa ser respeitado para que a obra avance. Conforme consta no comunicado, a Seisp conta com a colabora\u00e7\u00e3o de todos para que este novo equipamento traga ainda mais espa\u00e7os qualificados para lazer e esporte da Arse 122 (1206 Sul) e quadras vizinhas.<\/p>\n","protected":false},"excerpt":{"rendered":"<p>A Arse 121 (1204 Sul), em Palmas, vai ganhar\u00a0uma pra\u00e7a com equipamentos de incentivo ao esporte e lazer e com espa\u00e7o pet. Segundo a Secretaria Municipal de Infraestrutura e Servi\u00e7os P\u00fablicos (Seisp), a obra j\u00e1 foi iniciada. Quem passa pelo local\u00a0nesta quarta-feira, 30, pode\u00a0visualizar os piquetes com as demarca\u00e7\u00f5es dos espa\u00e7os de lazer e conviv\u00eancia. [&hellip;]<\/p>\n","protected":false},"author":13,"featured_media":0,"comment_status":"open","ping_status":"open","sticky":false,"template":"","format":"standard","meta":{"_acf_changed":false,"footnotes":""},"categories":[22,21],"tags":[],"class_list":["post-73855","post","type-post","status-publish","format-standard","hentry","category-cidades","category-todas-noticias"],"acf":[],"yoast_head":"<!-- This site is optimized with the Yoast SEO plugin v24.4 - https:\/\/yoast.com\/wordpress\/plugins\/seo\/ -->\n<title>Arse 121 vai ganhar espa\u00e7o pet, quadra de v\u00f4lei e academia ao ar livre - PORTAL DE NOT\u00cdCIAS CLEITON PINHEIRO<\/title>\n<meta name=\"robots\" content=\"index, follow, max-snippet:-1, max-image-preview:large, max-video-preview:-1\" \/>\n<link rel=\"canonical\" href=\"https:\/\/cleitonpinheiro.com.br\/site\/arse-121-vai-ganhar-espaco-pet-quadra-de-volei-e-academia-ao-ar-livre\/\" \/>\n<meta property=\"og:locale\" content=\"pt_BR\" \/>\n<meta property=\"og:type\" content=\"article\" \/>\n<meta property=\"og:title\" content=\"Arse 121 vai ganhar espa\u00e7o pet, quadra de v\u00f4lei e academia ao ar livre - PORTAL DE NOT\u00cdCIAS CLEITON PINHEIRO\" \/>\n<meta property=\"og:description\" content=\"A Arse 121 (1204 Sul), em Palmas, vai ganhar\u00a0uma pra\u00e7a com equipamentos de incentivo ao esporte e lazer e com espa\u00e7o pet. Segundo a Secretaria Municipal de Infraestrutura e Servi\u00e7os P\u00fablicos (Seisp), a obra j\u00e1 foi iniciada. Quem passa pelo local\u00a0nesta quarta-feira, 30, pode\u00a0visualizar os piquetes com as demarca\u00e7\u00f5es dos espa\u00e7os de lazer e conviv\u00eancia. [&hellip;]\" \/>\n<meta property=\"og:url\" content=\"https:\/\/cleitonpinheiro.com.br\/site\/arse-121-vai-ganhar-espaco-pet-quadra-de-volei-e-academia-ao-ar-livre\/\" \/>\n<meta property=\"og:site_name\" content=\"PORTAL DE NOT\u00cdCIAS CLEITON PINHEIRO\" \/>\n<meta property=\"article:publisher\" content=\"https:\/\/www.facebook.com\/portalcpnoticias\/\" \/>\n<meta property=\"article:published_time\" content=\"2023-08-30T13:39:51+00:00\" \/>\n<meta property=\"article:modified_time\" content=\"2023-12-27T14:28:34+00:00\" \/>\n<meta property=\"og:image\" content=\"https:\/\/cleitonpinheiro.com.br\/site\/wp-content\/uploads\/2023\/08\/265dadfc-dd9e-4c9a-8fe8-22a4c8de43ee.jpg\" \/>\n\t<meta property=\"og:image:width\" content=\"800\" \/>\n\t<meta property=\"og:image:height\" content=\"533\" \/>\n\t<meta property=\"og:image:type\" content=\"image\/jpeg\" \/>\n<meta name=\"author\" content=\"Reda\u00e7\u00e3o CP\" \/>\n<meta name=\"twitter:card\" content=\"summary_large_image\" \/>\n<meta name=\"twitter:label1\" content=\"Escrito por\" \/>\n\t<meta name=\"twitter:data1\" content=\"Reda\u00e7\u00e3o CP\" \/>\n\t<meta name=\"twitter:label2\" content=\"Est. tempo de leitura\" \/>\n\t<meta name=\"twitter:data2\" content=\"3 minutos\" \/>\n<script type=\"application\/ld+json\" class=\"yoast-schema-graph\">{\"@context\":\"https:\/\/schema.org\",\"@graph\":[{\"@type\":\"Article\",\"@id\":\"https:\/\/cleitonpinheiro.com.br\/site\/arse-121-vai-ganhar-espaco-pet-quadra-de-volei-e-academia-ao-ar-livre\/#article\",\"isPartOf\":{\"@id\":\"https:\/\/cleitonpinheiro.com.br\/site\/arse-121-vai-ganhar-espaco-pet-quadra-de-volei-e-academia-ao-ar-livre\/\"},\"author\":{\"name\":\"Reda\u00e7\u00e3o CP\",\"@id\":\"https:\/\/cleitonpinheiro.com.br\/site\/#\/schema\/person\/8f04544e0bc40a1b68775b08360f87db\"},\"headline\":\"Arse 121 vai ganhar espa\u00e7o pet, quadra de v\u00f4lei e academia ao ar livre\",\"datePublished\":\"2023-08-30T13:39:51+00:00\",\"dateModified\":\"2023-12-27T14:28:34+00:00\",\"mainEntityOfPage\":{\"@id\":\"https:\/\/cleitonpinheiro.com.br\/site\/arse-121-vai-ganhar-espaco-pet-quadra-de-volei-e-academia-ao-ar-livre\/\"},\"wordCount\":393,\"commentCount\":0,\"publisher\":{\"@id\":\"https:\/\/cleitonpinheiro.com.br\/site\/#organization\"},\"image\":{\"@id\":\"https:\/\/cleitonpinheiro.com.br\/site\/arse-121-vai-ganhar-espaco-pet-quadra-de-volei-e-academia-ao-ar-livre\/#primaryimage\"},\"thumbnailUrl\":\"https:\/\/cleitonpinheiro.com.br\/site\/wp-content\/uploads\/2023\/08\/265dadfc-dd9e-4c9a-8fe8-22a4c8de43ee.jpg\",\"articleSection\":[\"CIDADES\",\"TODAS NOTICIAS\"],\"inLanguage\":\"pt-BR\",\"potentialAction\":[{\"@type\":\"CommentAction\",\"name\":\"Comment\",\"target\":[\"https:\/\/cleitonpinheiro.com.br\/site\/arse-121-vai-ganhar-espaco-pet-quadra-de-volei-e-academia-ao-ar-livre\/#respond\"]}]},{\"@type\":\"WebPage\",\"@id\":\"https:\/\/cleitonpinheiro.com.br\/site\/arse-121-vai-ganhar-espaco-pet-quadra-de-volei-e-academia-ao-ar-livre\/\",\"url\":\"https:\/\/cleitonpinheiro.com.br\/site\/arse-121-vai-ganhar-espaco-pet-quadra-de-volei-e-academia-ao-ar-livre\/\",\"name\":\"Arse 121 vai ganhar espa\u00e7o pet, quadra de v\u00f4lei e academia ao ar livre - PORTAL DE NOT\u00cdCIAS CLEITON PINHEIRO\",\"isPartOf\":{\"@id\":\"https:\/\/cleitonpinheiro.com.br\/site\/#website\"},\"primaryImageOfPage\":{\"@id\":\"https:\/\/cleitonpinheiro.com.br\/site\/arse-121-vai-ganhar-espaco-pet-quadra-de-volei-e-academia-ao-ar-livre\/#primaryimage\"},\"image\":{\"@id\":\"https:\/\/cleitonpinheiro.com.br\/site\/arse-121-vai-ganhar-espaco-pet-quadra-de-volei-e-academia-ao-ar-livre\/#primaryimage\"},\"thumbnailUrl\":\"https:\/\/cleitonpinheiro.com.br\/site\/wp-content\/uploads\/2023\/08\/265dadfc-dd9e-4c9a-8fe8-22a4c8de43ee.jpg\",\"datePublished\":\"2023-08-30T13:39:51+00:00\",\"dateModified\":\"2023-12-27T14:28:34+00:00\",\"breadcrumb\":{\"@id\":\"https:\/\/cleitonpinheiro.com.br\/site\/arse-121-vai-ganhar-espaco-pet-quadra-de-volei-e-academia-ao-ar-livre\/#breadcrumb\"},\"inLanguage\":\"pt-BR\",\"potentialAction\":[{\"@type\":\"ReadAction\",\"target\":[\"https:\/\/cleitonpinheiro.com.br\/site\/arse-121-vai-ganhar-espaco-pet-quadra-de-volei-e-academia-ao-ar-livre\/\"]}]},{\"@type\":\"ImageObject\",\"inLanguage\":\"pt-BR\",\"@id\":\"https:\/\/cleitonpinheiro.com.br\/site\/arse-121-vai-ganhar-espaco-pet-quadra-de-volei-e-academia-ao-ar-livre\/#primaryimage\",\"url\":\"\",\"contentUrl\":\"\"},{\"@type\":\"BreadcrumbList\",\"@id\":\"https:\/\/cleitonpinheiro.com.br\/site\/arse-121-vai-ganhar-espaco-pet-quadra-de-volei-e-academia-ao-ar-livre\/#breadcrumb\",\"itemListElement\":[{\"@type\":\"ListItem\",\"position\":1,\"name\":\"In\u00edcio\",\"item\":\"https:\/\/cleitonpinheiro.com.br\/site\/\"},{\"@type\":\"ListItem\",\"position\":2,\"name\":\"Arse 121 vai ganhar espa\u00e7o pet, quadra de v\u00f4lei e academia ao ar livre\"}]},{\"@type\":\"WebSite\",\"@id\":\"https:\/\/cleitonpinheiro.com.br\/site\/#website\",\"url\":\"https:\/\/cleitonpinheiro.com.br\/site\/\",\"name\":\"PORTAL DE NOT\u00cdCIAS CLEITON PINHEIRO\",\"description\":\"FALANDO A VERDADE\",\"publisher\":{\"@id\":\"https:\/\/cleitonpinheiro.com.br\/site\/#organization\"},\"potentialAction\":[{\"@type\":\"SearchAction\",\"target\":{\"@type\":\"EntryPoint\",\"urlTemplate\":\"https:\/\/cleitonpinheiro.com.br\/site\/?s={search_term_string}\"},\"query-input\":{\"@type\":\"PropertyValueSpecification\",\"valueRequired\":true,\"valueName\":\"search_term_string\"}}],\"inLanguage\":\"pt-BR\"},{\"@type\":\"Organization\",\"@id\":\"https:\/\/cleitonpinheiro.com.br\/site\/#organization\",\"name\":\"CPNOT\u00cdCIAS\",\"url\":\"https:\/\/cleitonpinheiro.com.br\/site\/\",\"logo\":{\"@type\":\"ImageObject\",\"inLanguage\":\"pt-BR\",\"@id\":\"https:\/\/cleitonpinheiro.com.br\/site\/#\/schema\/logo\/image\/\",\"url\":\"https:\/\/cleitonpinheiro.com.br\/site\/wp-content\/uploads\/2022\/08\/Logo-pequena-2.png\",\"contentUrl\":\"https:\/\/cleitonpinheiro.com.br\/site\/wp-content\/uploads\/2022\/08\/Logo-pequena-2.png\",\"width\":500,\"height\":500,\"caption\":\"CPNOT\u00cdCIAS\"},\"image\":{\"@id\":\"https:\/\/cleitonpinheiro.com.br\/site\/#\/schema\/logo\/image\/\"},\"sameAs\":[\"https:\/\/www.facebook.com\/portalcpnoticias\/\"]},{\"@type\":\"Person\",\"@id\":\"https:\/\/cleitonpinheiro.com.br\/site\/#\/schema\/person\/8f04544e0bc40a1b68775b08360f87db\",\"name\":\"Reda\u00e7\u00e3o CP\",\"image\":{\"@type\":\"ImageObject\",\"inLanguage\":\"pt-BR\",\"@id\":\"https:\/\/cleitonpinheiro.com.br\/site\/#\/schema\/person\/image\/\",\"url\":\"https:\/\/secure.gravatar.com\/avatar\/0bcf19cb29fdc8fc588c490c7ae1b3e174dac268586a63fbe1d1893a0f9020cd?s=96&r=g\",\"contentUrl\":\"https:\/\/secure.gravatar.com\/avatar\/0bcf19cb29fdc8fc588c490c7ae1b3e174dac268586a63fbe1d1893a0f9020cd?s=96&r=g\",\"caption\":\"Reda\u00e7\u00e3o CP\"},\"url\":\"https:\/\/cleitonpinheiro.com.br\/site\/author\/redacao\/\"}]}<\/script>\n<!-- \/ Yoast SEO plugin. -->","yoast_head_json":{"title":"Arse 121 vai ganhar espa\u00e7o pet, quadra de v\u00f4lei e academia ao ar livre - PORTAL DE NOT\u00cdCIAS CLEITON PINHEIRO","robots":{"index":"index","follow":"follow","max-snippet":"max-snippet:-1","max-image-preview":"max-image-preview:large","max-video-preview":"max-video-preview:-1"},"canonical":"https:\/\/cleitonpinheiro.com.br\/site\/arse-121-vai-ganhar-espaco-pet-quadra-de-volei-e-academia-ao-ar-livre\/","og_locale":"pt_BR","og_type":"article","og_title":"Arse 121 vai ganhar espa\u00e7o pet, quadra de v\u00f4lei e academia ao ar livre - PORTAL DE NOT\u00cdCIAS CLEITON PINHEIRO","og_description":"A Arse 121 (1204 Sul), em Palmas, vai ganhar\u00a0uma pra\u00e7a com equipamentos de incentivo ao esporte e lazer e com espa\u00e7o pet. Segundo a Secretaria Municipal de Infraestrutura e Servi\u00e7os P\u00fablicos (Seisp), a obra j\u00e1 foi iniciada. Quem passa pelo local\u00a0nesta quarta-feira, 30, pode\u00a0visualizar os piquetes com as demarca\u00e7\u00f5es dos espa\u00e7os de lazer e conviv\u00eancia. [&hellip;]","og_url":"https:\/\/cleitonpinheiro.com.br\/site\/arse-121-vai-ganhar-espaco-pet-quadra-de-volei-e-academia-ao-ar-livre\/","og_site_name":"PORTAL DE NOT\u00cdCIAS CLEITON PINHEIRO","article_publisher":"https:\/\/www.facebook.com\/portalcpnoticias\/","article_published_time":"2023-08-30T13:39:51+00:00","article_modified_time":"2023-12-27T14:28:34+00:00","og_image":[{"width":800,"height":533,"url":"https:\/\/cleitonpinheiro.com.br\/site\/wp-content\/uploads\/2023\/08\/265dadfc-dd9e-4c9a-8fe8-22a4c8de43ee.jpg","type":"image\/jpeg"}],"author":"Reda\u00e7\u00e3o CP","twitter_card":"summary_large_image","twitter_misc":{"Escrito por":"Reda\u00e7\u00e3o CP","Est. tempo de leitura":"3 minutos"},"schema":{"@context":"https:\/\/schema.org","@graph":[{"@type":"Article","@id":"https:\/\/cleitonpinheiro.com.br\/site\/arse-121-vai-ganhar-espaco-pet-quadra-de-volei-e-academia-ao-ar-livre\/#article","isPartOf":{"@id":"https:\/\/cleitonpinheiro.com.br\/site\/arse-121-vai-ganhar-espaco-pet-quadra-de-volei-e-academia-ao-ar-livre\/"},"author":{"name":"Reda\u00e7\u00e3o CP","@id":"https:\/\/cleitonpinheiro.com.br\/site\/#\/schema\/person\/8f04544e0bc40a1b68775b08360f87db"},"headline":"Arse 121 vai ganhar espa\u00e7o pet, quadra de v\u00f4lei e academia ao ar livre","datePublished":"2023-08-30T13:39:51+00:00","dateModified":"2023-12-27T14:28:34+00:00","mainEntityOfPage":{"@id":"https:\/\/cleitonpinheiro.com.br\/site\/arse-121-vai-ganhar-espaco-pet-quadra-de-volei-e-academia-ao-ar-livre\/"},"wordCount":393,"commentCount":0,"publisher":{"@id":"https:\/\/cleitonpinheiro.com.br\/site\/#organization"},"image":{"@id":"https:\/\/cleitonpinheiro.com.br\/site\/arse-121-vai-ganhar-espaco-pet-quadra-de-volei-e-academia-ao-ar-livre\/#primaryimage"},"thumbnailUrl":"https:\/\/cleitonpinheiro.com.br\/site\/wp-content\/uploads\/2023\/08\/265dadfc-dd9e-4c9a-8fe8-22a4c8de43ee.jpg","articleSection":["CIDADES","TODAS NOTICIAS"],"inLanguage":"pt-BR","potentialAction":[{"@type":"CommentAction","name":"Comment","target":["https:\/\/cleitonpinheiro.com.br\/site\/arse-121-vai-ganhar-espaco-pet-quadra-de-volei-e-academia-ao-ar-livre\/#respond"]}]},{"@type":"WebPage","@id":"https:\/\/cleitonpinheiro.com.br\/site\/arse-121-vai-ganhar-espaco-pet-quadra-de-volei-e-academia-ao-ar-livre\/","url":"https:\/\/cleitonpinheiro.com.br\/site\/arse-121-vai-ganhar-espaco-pet-quadra-de-volei-e-academia-ao-ar-livre\/","name":"Arse 121 vai ganhar espa\u00e7o pet, quadra de v\u00f4lei e academia ao ar livre - PORTAL DE NOT\u00cdCIAS CLEITON PINHEIRO","isPartOf":{"@id":"https:\/\/cleitonpinheiro.com.br\/site\/#website"},"primaryImageOfPage":{"@id":"https:\/\/cleitonpinheiro.com.br\/site\/arse-121-vai-ganhar-espaco-pet-quadra-de-volei-e-academia-ao-ar-livre\/#primaryimage"},"image":{"@id":"https:\/\/cleitonpinheiro.com.br\/site\/arse-121-vai-ganhar-espaco-pet-quadra-de-volei-e-academia-ao-ar-livre\/#primaryimage"},"thumbnailUrl":"https:\/\/cleitonpinheiro.com.br\/site\/wp-content\/uploads\/2023\/08\/265dadfc-dd9e-4c9a-8fe8-22a4c8de43ee.jpg","datePublished":"2023-08-30T13:39:51+00:00","dateModified":"2023-12-27T14:28:34+00:00","breadcrumb":{"@id":"https:\/\/cleitonpinheiro.com.br\/site\/arse-121-vai-ganhar-espaco-pet-quadra-de-volei-e-academia-ao-ar-livre\/#breadcrumb"},"inLanguage":"pt-BR","potentialAction":[{"@type":"ReadAction","target":["https:\/\/cleitonpinheiro.com.br\/site\/arse-121-vai-ganhar-espaco-pet-quadra-de-volei-e-academia-ao-ar-livre\/"]}]},{"@type":"ImageObject","inLanguage":"pt-BR","@id":"https:\/\/cleitonpinheiro.com.br\/site\/arse-121-vai-ganhar-espaco-pet-quadra-de-volei-e-academia-ao-ar-livre\/#primaryimage","url":"","contentUrl":""},{"@type":"BreadcrumbList","@id":"https:\/\/cleitonpinheiro.com.br\/site\/arse-121-vai-ganhar-espaco-pet-quadra-de-volei-e-academia-ao-ar-livre\/#breadcrumb","itemListElement":[{"@type":"ListItem","position":1,"name":"In\u00edcio","item":"https:\/\/cleitonpinheiro.com.br\/site\/"},{"@type":"ListItem","position":2,"name":"Arse 121 vai ganhar espa\u00e7o pet, quadra de v\u00f4lei e academia ao ar livre"}]},{"@type":"WebSite","@id":"https:\/\/cleitonpinheiro.com.br\/site\/#website","url":"https:\/\/cleitonpinheiro.com.br\/site\/","name":"PORTAL DE NOT\u00cdCIAS CLEITON PINHEIRO","description":"FALANDO A VERDADE","publisher":{"@id":"https:\/\/cleitonpinheiro.com.br\/site\/#organization"},"potentialAction":[{"@type":"SearchAction","target":{"@type":"EntryPoint","urlTemplate":"https:\/\/cleitonpinheiro.com.br\/site\/?s={search_term_string}"},"query-input":{"@type":"PropertyValueSpecification","valueRequired":true,"valueName":"search_term_string"}}],"inLanguage":"pt-BR"},{"@type":"Organization","@id":"https:\/\/cleitonpinheiro.com.br\/site\/#organization","name":"CPNOT\u00cdCIAS","url":"https:\/\/cleitonpinheiro.com.br\/site\/","logo":{"@type":"ImageObject","inLanguage":"pt-BR","@id":"https:\/\/cleitonpinheiro.com.br\/site\/#\/schema\/logo\/image\/","url":"https:\/\/cleitonpinheiro.com.br\/site\/wp-content\/uploads\/2022\/08\/Logo-pequena-2.png","contentUrl":"https:\/\/cleitonpinheiro.com.br\/site\/wp-content\/uploads\/2022\/08\/Logo-pequena-2.png","width":500,"height":500,"caption":"CPNOT\u00cdCIAS"},"image":{"@id":"https:\/\/cleitonpinheiro.com.br\/site\/#\/schema\/logo\/image\/"},"sameAs":["https:\/\/www.facebook.com\/portalcpnoticias\/"]},{"@type":"Person","@id":"https:\/\/cleitonpinheiro.com.br\/site\/#\/schema\/person\/8f04544e0bc40a1b68775b08360f87db","name":"Reda\u00e7\u00e3o CP","image":{"@type":"ImageObject","inLanguage":"pt-BR","@id":"https:\/\/cleitonpinheiro.com.br\/site\/#\/schema\/person\/image\/","url":"https:\/\/secure.gravatar.com\/avatar\/0bcf19cb29fdc8fc588c490c7ae1b3e174dac268586a63fbe1d1893a0f9020cd?s=96&r=g","contentUrl":"https:\/\/secure.gravatar.com\/avatar\/0bcf19cb29fdc8fc588c490c7ae1b3e174dac268586a63fbe1d1893a0f9020cd?s=96&r=g","caption":"Reda\u00e7\u00e3o CP"},"url":"https:\/\/cleitonpinheiro.com.br\/site\/author\/redacao\/"}]}},"views":111,"_links":{"self":[{"href":"https:\/\/cleitonpinheiro.com.br\/site\/wp-json\/wp\/v2\/posts\/73855","targetHints":{"allow":["GET"]}}],"collection":[{"href":"https:\/\/cleitonpinheiro.com.br\/site\/wp-json\/wp\/v2\/posts"}],"about":[{"href":"https:\/\/cleitonpinheiro.com.br\/site\/wp-json\/wp\/v2\/types\/post"}],"author":[{"embeddable":true,"href":"https:\/\/cleitonpinheiro.com.br\/site\/wp-json\/wp\/v2\/users\/13"}],"replies":[{"embeddable":true,"href":"https:\/\/cleitonpinheiro.com.br\/site\/wp-json\/wp\/v2\/comments?post=73855"}],"version-history":[{"count":1,"href":"https:\/\/cleitonpinheiro.com.br\/site\/wp-json\/wp\/v2\/posts\/73855\/revisions"}],"predecessor-version":[{"id":73857,"href":"https:\/\/cleitonpinheiro.com.br\/site\/wp-json\/wp\/v2\/posts\/73855\/revisions\/73857"}],"wp:attachment":[{"href":"https:\/\/cleitonpinheiro.com.br\/site\/wp-json\/wp\/v2\/media?parent=73855"}],"wp:term":[{"taxonomy":"category","embeddable":true,"href":"https:\/\/cleitonpinheiro.com.br\/site\/wp-json\/wp\/v2\/categories?post=73855"},{"taxonomy":"post_tag","embeddable":true,"href":"https:\/\/cleitonpinheiro.com.br\/site\/wp-json\/wp\/v2\/tags?post=73855"}],"curies":[{"name":"wp","href":"https:\/\/api.w.org\/{rel}","templated":true}]}}