{"id":73867,"date":"2023-08-30T17:05:53","date_gmt":"2023-08-30T20:05:53","guid":{"rendered":"https:\/\/cleitonpinheiro.com.br\/site\/?p=73867"},"modified":"2023-12-27T11:28:18","modified_gmt":"2023-12-27T14:28:18","slug":"noite-desta-quarta-feira-tera-superlua-azul","status":"publish","type":"post","link":"https:\/\/cleitonpinheiro.com.br\/site\/noite-desta-quarta-feira-tera-superlua-azul\/","title":{"rendered":"Noite desta quarta-feira ter\u00e1 Superlua Azul"},"content":{"rendered":"\n<figure class=\"wp-block-image size-full\"><img decoding=\"async\" src=\"https:\/\/cleitonpinheiro.com.br\/site\/wp-content\/uploads\/2023\/08\/926214-superlua-3.jpg\" alt=\"superlua\" class=\"wp-image-73868\"\/><figcaption class=\"wp-element-caption\">Ponto de maior aproxima\u00e7\u00e3o com a Lua cheia ser\u00e1 \u00e0s 22h35 &#8211; Foto: Marcello Casal Jr\/Ag\u00eancia Brasil<\/figcaption><\/figure>\n\n\n\n<p class=\"wp-block-paragraph\"><strong>Da Ag\u00eancia Brasil<\/strong><\/p>\n\n\n\n<p class=\"wp-block-paragraph\">A noite desta quarta-feira (30) ser\u00e1 de Superlua Azul. A\u00a0<em>Blue Moon\u00a0<\/em>&#8211; \u00a0termo utilizado para a segunda lua cheia do m\u00eas &#8211; ter\u00e1, hoje, uma vers\u00e3o maior e mais brilhante. \u00c9 que ela estar\u00e1 em seu ponto de \u00f3rbita mais pr\u00f3ximo da Terra, o chamado perigeu.<img decoding=\"async\" src=\"https:\/\/agenciabrasil.ebc.com.br\/ebc.png?id=1551993&amp;o=node\"><img decoding=\"async\" src=\"https:\/\/agenciabrasil.ebc.com.br\/ebc.gif?id=1551993&amp;o=node\"><\/p>\n\n\n\n<p class=\"wp-block-paragraph\">Musa inspiradora de uma das can\u00e7\u00f5es mais conhecidas do mundo, composta por Richard Rodgers e Lorenz Hart, a&nbsp;<em>Blue Moon<\/em>&nbsp;\u2013 enquanto m\u00fasica \u2013 foi eternizada em vozes como as de Frank Sinatra, Elvis Presley, Ella Fitzgerald e Billie Holiday.<\/p>\n\n\n\n<h2 class=\"wp-block-heading\">Menor dist\u00e2ncia<\/h2>\n\n\n\n<p class=\"wp-block-paragraph\">A maior aproxima\u00e7\u00e3o entre a Terra e a Lua ser\u00e1 \u00e0s 22h35 &#8211; no hor\u00e1rio de Bras\u00edlia &#8211; quando a Lua estar\u00e1 a &nbsp;357.181 quil\u00f4metros da Terra. Segundo o Observat\u00f3rio Nacional, a dist\u00e2ncia m\u00e9dia at\u00e9 nosso sat\u00e9lite natural \u00e9 de cerca de 384.400 quil\u00f4metros.<\/p>\n\n\n\n<p class=\"wp-block-paragraph\">Astr\u00f4noma do Observat\u00f3rio Nacional, Josina Nascimento explica que a Superlua ocorre de uma a seis vezes por ano, mas em alguns casos a proximidade \u00e9 ainda maior porque a \u00f3rbita da Lua \u00e9 el\u00edptica e n\u00e3o circular.<\/p>\n\n\n\n<h2 class=\"wp-block-heading\">Brilho<\/h2>\n\n\n\n<p class=\"wp-block-paragraph\">Esse ponto de maior proximidade ocorre quando ela se encontra no perigeu, como na noite de hoje. O ponto mais afastado chama-se apogeu. \u201cOs observadores poder\u00e3o notar uma lua mais brilhante do que outras luas. O fen\u00f4meno poder\u00e1 ser visto em todas as regi\u00f5es do planeta\u201d, explica Josina Nascimento.<\/p>\n\n\n\n<h2 class=\"wp-block-heading\">Pr\u00f3xima do horizonte<\/h2>\n\n\n\n<p class=\"wp-block-paragraph\">Segundo a astr\u00f4noma, todas as luas cheias nascem no horizonte (a leste), quando o Sol se p\u00f5e (a oeste), e se p\u00f5em (a oeste) quando o Sol nasce (a leste), portanto \u00e9 poss\u00edvel ver a Lua durante toda a noite e de qualquer lugar do pa\u00eds.<\/p>\n\n\n\n<p class=\"wp-block-paragraph\">Josina acrescenta que uma boa hora para observar a Superlua \u00e9 quando ela estiver mais pr\u00f3xima do horizonte, logo ap\u00f3s o p\u00f4r do sol, ou no dia seguinte, antes do nascer do Sol. Nessa posi\u00e7\u00e3o, ela parecer\u00e1 ainda maior, podendo apresentar \u201cbelas varia\u00e7\u00f5es de tonalidade, devido \u00e0s part\u00edculas suspensas na atmosfera\u201d.<\/p>\n\n\n\n<p class=\"wp-block-paragraph\">&#8220;O evento de uma Superlua atrai ainda mais os olhares para o c\u00e9u, nos ajudando a divulgar e popularizar a ci\u00eancia. E, al\u00e9m disso, \u00e9 um evento que pode ser visto por muitas horas (durante toda a noite), de qualquer lugar do mundo e por qualquer pessoa, porque \u00e9 vis\u00edvel a olho nu\u201d, finalizou a astr\u00f4noma.<\/p>\n","protected":false},"excerpt":{"rendered":"<p>Da Ag\u00eancia Brasil A noite desta quarta-feira (30) ser\u00e1 de Superlua Azul. A\u00a0Blue Moon\u00a0&#8211; \u00a0termo utilizado para a segunda lua cheia do m\u00eas &#8211; ter\u00e1, hoje, uma vers\u00e3o maior e mais brilhante. \u00c9 que ela estar\u00e1 em seu ponto de \u00f3rbita mais pr\u00f3ximo da Terra, o chamado perigeu. Musa inspiradora de uma das can\u00e7\u00f5es mais [&hellip;]<\/p>\n","protected":false},"author":13,"featured_media":0,"comment_status":"open","ping_status":"open","sticky":false,"template":"","format":"standard","meta":{"_acf_changed":false,"footnotes":""},"categories":[19,21],"tags":[1189,1188],"class_list":["post-73867","post","type-post","status-publish","format-standard","hentry","category-brasil-mundo","category-todas-noticias","tag-blue-moon","tag-superlua"],"acf":[],"yoast_head":"<!-- This site is optimized with the Yoast SEO plugin v24.4 - https:\/\/yoast.com\/wordpress\/plugins\/seo\/ -->\n<title>Noite desta quarta-feira ter\u00e1 Superlua Azul - PORTAL DE NOT\u00cdCIAS CLEITON PINHEIRO<\/title>\n<meta name=\"robots\" content=\"index, follow, max-snippet:-1, max-image-preview:large, max-video-preview:-1\" \/>\n<link rel=\"canonical\" href=\"https:\/\/cleitonpinheiro.com.br\/site\/noite-desta-quarta-feira-tera-superlua-azul\/\" \/>\n<meta property=\"og:locale\" content=\"pt_BR\" \/>\n<meta property=\"og:type\" content=\"article\" \/>\n<meta property=\"og:title\" content=\"Noite desta quarta-feira ter\u00e1 Superlua Azul - PORTAL DE NOT\u00cdCIAS CLEITON PINHEIRO\" \/>\n<meta property=\"og:description\" content=\"Da Ag\u00eancia Brasil A noite desta quarta-feira (30) ser\u00e1 de Superlua Azul. A\u00a0Blue Moon\u00a0&#8211; \u00a0termo utilizado para a segunda lua cheia do m\u00eas &#8211; ter\u00e1, hoje, uma vers\u00e3o maior e mais brilhante. \u00c9 que ela estar\u00e1 em seu ponto de \u00f3rbita mais pr\u00f3ximo da Terra, o chamado perigeu. Musa inspiradora de uma das can\u00e7\u00f5es mais [&hellip;]\" \/>\n<meta property=\"og:url\" content=\"https:\/\/cleitonpinheiro.com.br\/site\/noite-desta-quarta-feira-tera-superlua-azul\/\" \/>\n<meta property=\"og:site_name\" content=\"PORTAL DE NOT\u00cdCIAS CLEITON PINHEIRO\" \/>\n<meta property=\"article:publisher\" content=\"https:\/\/www.facebook.com\/portalcpnoticias\/\" \/>\n<meta property=\"article:published_time\" content=\"2023-08-30T20:05:53+00:00\" \/>\n<meta property=\"article:modified_time\" content=\"2023-12-27T14:28:18+00:00\" \/>\n<meta property=\"og:image\" content=\"https:\/\/cleitonpinheiro.com.br\/site\/wp-content\/uploads\/2023\/08\/926214-superlua-3.jpg\" \/>\n\t<meta property=\"og:image:width\" content=\"1170\" \/>\n\t<meta property=\"og:image:height\" content=\"700\" \/>\n\t<meta property=\"og:image:type\" content=\"image\/jpeg\" \/>\n<meta name=\"author\" content=\"Reda\u00e7\u00e3o CP\" \/>\n<meta name=\"twitter:card\" content=\"summary_large_image\" \/>\n<meta name=\"twitter:label1\" content=\"Escrito por\" \/>\n\t<meta name=\"twitter:data1\" content=\"Reda\u00e7\u00e3o CP\" \/>\n\t<meta name=\"twitter:label2\" content=\"Est. tempo de leitura\" \/>\n\t<meta name=\"twitter:data2\" content=\"3 minutos\" \/>\n<script type=\"application\/ld+json\" class=\"yoast-schema-graph\">{\"@context\":\"https:\/\/schema.org\",\"@graph\":[{\"@type\":\"Article\",\"@id\":\"https:\/\/cleitonpinheiro.com.br\/site\/noite-desta-quarta-feira-tera-superlua-azul\/#article\",\"isPartOf\":{\"@id\":\"https:\/\/cleitonpinheiro.com.br\/site\/noite-desta-quarta-feira-tera-superlua-azul\/\"},\"author\":{\"name\":\"Reda\u00e7\u00e3o CP\",\"@id\":\"https:\/\/cleitonpinheiro.com.br\/site\/#\/schema\/person\/8f04544e0bc40a1b68775b08360f87db\"},\"headline\":\"Noite desta quarta-feira ter\u00e1 Superlua Azul\",\"datePublished\":\"2023-08-30T20:05:53+00:00\",\"dateModified\":\"2023-12-27T14:28:18+00:00\",\"mainEntityOfPage\":{\"@id\":\"https:\/\/cleitonpinheiro.com.br\/site\/noite-desta-quarta-feira-tera-superlua-azul\/\"},\"wordCount\":435,\"commentCount\":0,\"publisher\":{\"@id\":\"https:\/\/cleitonpinheiro.com.br\/site\/#organization\"},\"image\":{\"@id\":\"https:\/\/cleitonpinheiro.com.br\/site\/noite-desta-quarta-feira-tera-superlua-azul\/#primaryimage\"},\"thumbnailUrl\":\"https:\/\/cleitonpinheiro.com.br\/site\/wp-content\/uploads\/2023\/08\/926214-superlua-3.jpg\",\"keywords\":[\"blue moon\",\"superlua\"],\"articleSection\":[\"BRASIL \/ MUNDO\",\"TODAS NOTICIAS\"],\"inLanguage\":\"pt-BR\",\"potentialAction\":[{\"@type\":\"CommentAction\",\"name\":\"Comment\",\"target\":[\"https:\/\/cleitonpinheiro.com.br\/site\/noite-desta-quarta-feira-tera-superlua-azul\/#respond\"]}]},{\"@type\":\"WebPage\",\"@id\":\"https:\/\/cleitonpinheiro.com.br\/site\/noite-desta-quarta-feira-tera-superlua-azul\/\",\"url\":\"https:\/\/cleitonpinheiro.com.br\/site\/noite-desta-quarta-feira-tera-superlua-azul\/\",\"name\":\"Noite desta quarta-feira ter\u00e1 Superlua Azul - PORTAL DE NOT\u00cdCIAS CLEITON PINHEIRO\",\"isPartOf\":{\"@id\":\"https:\/\/cleitonpinheiro.com.br\/site\/#website\"},\"primaryImageOfPage\":{\"@id\":\"https:\/\/cleitonpinheiro.com.br\/site\/noite-desta-quarta-feira-tera-superlua-azul\/#primaryimage\"},\"image\":{\"@id\":\"https:\/\/cleitonpinheiro.com.br\/site\/noite-desta-quarta-feira-tera-superlua-azul\/#primaryimage\"},\"thumbnailUrl\":\"https:\/\/cleitonpinheiro.com.br\/site\/wp-content\/uploads\/2023\/08\/926214-superlua-3.jpg\",\"datePublished\":\"2023-08-30T20:05:53+00:00\",\"dateModified\":\"2023-12-27T14:28:18+00:00\",\"breadcrumb\":{\"@id\":\"https:\/\/cleitonpinheiro.com.br\/site\/noite-desta-quarta-feira-tera-superlua-azul\/#breadcrumb\"},\"inLanguage\":\"pt-BR\",\"potentialAction\":[{\"@type\":\"ReadAction\",\"target\":[\"https:\/\/cleitonpinheiro.com.br\/site\/noite-desta-quarta-feira-tera-superlua-azul\/\"]}]},{\"@type\":\"ImageObject\",\"inLanguage\":\"pt-BR\",\"@id\":\"https:\/\/cleitonpinheiro.com.br\/site\/noite-desta-quarta-feira-tera-superlua-azul\/#primaryimage\",\"url\":\"\",\"contentUrl\":\"\"},{\"@type\":\"BreadcrumbList\",\"@id\":\"https:\/\/cleitonpinheiro.com.br\/site\/noite-desta-quarta-feira-tera-superlua-azul\/#breadcrumb\",\"itemListElement\":[{\"@type\":\"ListItem\",\"position\":1,\"name\":\"In\u00edcio\",\"item\":\"https:\/\/cleitonpinheiro.com.br\/site\/\"},{\"@type\":\"ListItem\",\"position\":2,\"name\":\"Noite desta quarta-feira ter\u00e1 Superlua Azul\"}]},{\"@type\":\"WebSite\",\"@id\":\"https:\/\/cleitonpinheiro.com.br\/site\/#website\",\"url\":\"https:\/\/cleitonpinheiro.com.br\/site\/\",\"name\":\"PORTAL DE NOT\u00cdCIAS CLEITON PINHEIRO\",\"description\":\"FALANDO A VERDADE\",\"publisher\":{\"@id\":\"https:\/\/cleitonpinheiro.com.br\/site\/#organization\"},\"potentialAction\":[{\"@type\":\"SearchAction\",\"target\":{\"@type\":\"EntryPoint\",\"urlTemplate\":\"https:\/\/cleitonpinheiro.com.br\/site\/?s={search_term_string}\"},\"query-input\":{\"@type\":\"PropertyValueSpecification\",\"valueRequired\":true,\"valueName\":\"search_term_string\"}}],\"inLanguage\":\"pt-BR\"},{\"@type\":\"Organization\",\"@id\":\"https:\/\/cleitonpinheiro.com.br\/site\/#organization\",\"name\":\"CPNOT\u00cdCIAS\",\"url\":\"https:\/\/cleitonpinheiro.com.br\/site\/\",\"logo\":{\"@type\":\"ImageObject\",\"inLanguage\":\"pt-BR\",\"@id\":\"https:\/\/cleitonpinheiro.com.br\/site\/#\/schema\/logo\/image\/\",\"url\":\"https:\/\/cleitonpinheiro.com.br\/site\/wp-content\/uploads\/2022\/08\/Logo-pequena-2.png\",\"contentUrl\":\"https:\/\/cleitonpinheiro.com.br\/site\/wp-content\/uploads\/2022\/08\/Logo-pequena-2.png\",\"width\":500,\"height\":500,\"caption\":\"CPNOT\u00cdCIAS\"},\"image\":{\"@id\":\"https:\/\/cleitonpinheiro.com.br\/site\/#\/schema\/logo\/image\/\"},\"sameAs\":[\"https:\/\/www.facebook.com\/portalcpnoticias\/\"]},{\"@type\":\"Person\",\"@id\":\"https:\/\/cleitonpinheiro.com.br\/site\/#\/schema\/person\/8f04544e0bc40a1b68775b08360f87db\",\"name\":\"Reda\u00e7\u00e3o CP\",\"image\":{\"@type\":\"ImageObject\",\"inLanguage\":\"pt-BR\",\"@id\":\"https:\/\/cleitonpinheiro.com.br\/site\/#\/schema\/person\/image\/\",\"url\":\"https:\/\/secure.gravatar.com\/avatar\/0bcf19cb29fdc8fc588c490c7ae1b3e174dac268586a63fbe1d1893a0f9020cd?s=96&r=g\",\"contentUrl\":\"https:\/\/secure.gravatar.com\/avatar\/0bcf19cb29fdc8fc588c490c7ae1b3e174dac268586a63fbe1d1893a0f9020cd?s=96&r=g\",\"caption\":\"Reda\u00e7\u00e3o CP\"},\"url\":\"https:\/\/cleitonpinheiro.com.br\/site\/author\/redacao\/\"}]}<\/script>\n<!-- \/ Yoast SEO plugin. -->","yoast_head_json":{"title":"Noite desta quarta-feira ter\u00e1 Superlua Azul - PORTAL DE NOT\u00cdCIAS CLEITON PINHEIRO","robots":{"index":"index","follow":"follow","max-snippet":"max-snippet:-1","max-image-preview":"max-image-preview:large","max-video-preview":"max-video-preview:-1"},"canonical":"https:\/\/cleitonpinheiro.com.br\/site\/noite-desta-quarta-feira-tera-superlua-azul\/","og_locale":"pt_BR","og_type":"article","og_title":"Noite desta quarta-feira ter\u00e1 Superlua Azul - PORTAL DE NOT\u00cdCIAS CLEITON PINHEIRO","og_description":"Da Ag\u00eancia Brasil A noite desta quarta-feira (30) ser\u00e1 de Superlua Azul. A\u00a0Blue Moon\u00a0&#8211; \u00a0termo utilizado para a segunda lua cheia do m\u00eas &#8211; ter\u00e1, hoje, uma vers\u00e3o maior e mais brilhante. \u00c9 que ela estar\u00e1 em seu ponto de \u00f3rbita mais pr\u00f3ximo da Terra, o chamado perigeu. Musa inspiradora de uma das can\u00e7\u00f5es mais [&hellip;]","og_url":"https:\/\/cleitonpinheiro.com.br\/site\/noite-desta-quarta-feira-tera-superlua-azul\/","og_site_name":"PORTAL DE NOT\u00cdCIAS CLEITON PINHEIRO","article_publisher":"https:\/\/www.facebook.com\/portalcpnoticias\/","article_published_time":"2023-08-30T20:05:53+00:00","article_modified_time":"2023-12-27T14:28:18+00:00","og_image":[{"width":1170,"height":700,"url":"https:\/\/cleitonpinheiro.com.br\/site\/wp-content\/uploads\/2023\/08\/926214-superlua-3.jpg","type":"image\/jpeg"}],"author":"Reda\u00e7\u00e3o CP","twitter_card":"summary_large_image","twitter_misc":{"Escrito por":"Reda\u00e7\u00e3o CP","Est. tempo de leitura":"3 minutos"},"schema":{"@context":"https:\/\/schema.org","@graph":[{"@type":"Article","@id":"https:\/\/cleitonpinheiro.com.br\/site\/noite-desta-quarta-feira-tera-superlua-azul\/#article","isPartOf":{"@id":"https:\/\/cleitonpinheiro.com.br\/site\/noite-desta-quarta-feira-tera-superlua-azul\/"},"author":{"name":"Reda\u00e7\u00e3o CP","@id":"https:\/\/cleitonpinheiro.com.br\/site\/#\/schema\/person\/8f04544e0bc40a1b68775b08360f87db"},"headline":"Noite desta quarta-feira ter\u00e1 Superlua Azul","datePublished":"2023-08-30T20:05:53+00:00","dateModified":"2023-12-27T14:28:18+00:00","mainEntityOfPage":{"@id":"https:\/\/cleitonpinheiro.com.br\/site\/noite-desta-quarta-feira-tera-superlua-azul\/"},"wordCount":435,"commentCount":0,"publisher":{"@id":"https:\/\/cleitonpinheiro.com.br\/site\/#organization"},"image":{"@id":"https:\/\/cleitonpinheiro.com.br\/site\/noite-desta-quarta-feira-tera-superlua-azul\/#primaryimage"},"thumbnailUrl":"https:\/\/cleitonpinheiro.com.br\/site\/wp-content\/uploads\/2023\/08\/926214-superlua-3.jpg","keywords":["blue moon","superlua"],"articleSection":["BRASIL \/ MUNDO","TODAS NOTICIAS"],"inLanguage":"pt-BR","potentialAction":[{"@type":"CommentAction","name":"Comment","target":["https:\/\/cleitonpinheiro.com.br\/site\/noite-desta-quarta-feira-tera-superlua-azul\/#respond"]}]},{"@type":"WebPage","@id":"https:\/\/cleitonpinheiro.com.br\/site\/noite-desta-quarta-feira-tera-superlua-azul\/","url":"https:\/\/cleitonpinheiro.com.br\/site\/noite-desta-quarta-feira-tera-superlua-azul\/","name":"Noite desta quarta-feira ter\u00e1 Superlua Azul - PORTAL DE NOT\u00cdCIAS CLEITON PINHEIRO","isPartOf":{"@id":"https:\/\/cleitonpinheiro.com.br\/site\/#website"},"primaryImageOfPage":{"@id":"https:\/\/cleitonpinheiro.com.br\/site\/noite-desta-quarta-feira-tera-superlua-azul\/#primaryimage"},"image":{"@id":"https:\/\/cleitonpinheiro.com.br\/site\/noite-desta-quarta-feira-tera-superlua-azul\/#primaryimage"},"thumbnailUrl":"https:\/\/cleitonpinheiro.com.br\/site\/wp-content\/uploads\/2023\/08\/926214-superlua-3.jpg","datePublished":"2023-08-30T20:05:53+00:00","dateModified":"2023-12-27T14:28:18+00:00","breadcrumb":{"@id":"https:\/\/cleitonpinheiro.com.br\/site\/noite-desta-quarta-feira-tera-superlua-azul\/#breadcrumb"},"inLanguage":"pt-BR","potentialAction":[{"@type":"ReadAction","target":["https:\/\/cleitonpinheiro.com.br\/site\/noite-desta-quarta-feira-tera-superlua-azul\/"]}]},{"@type":"ImageObject","inLanguage":"pt-BR","@id":"https:\/\/cleitonpinheiro.com.br\/site\/noite-desta-quarta-feira-tera-superlua-azul\/#primaryimage","url":"","contentUrl":""},{"@type":"BreadcrumbList","@id":"https:\/\/cleitonpinheiro.com.br\/site\/noite-desta-quarta-feira-tera-superlua-azul\/#breadcrumb","itemListElement":[{"@type":"ListItem","position":1,"name":"In\u00edcio","item":"https:\/\/cleitonpinheiro.com.br\/site\/"},{"@type":"ListItem","position":2,"name":"Noite desta quarta-feira ter\u00e1 Superlua Azul"}]},{"@type":"WebSite","@id":"https:\/\/cleitonpinheiro.com.br\/site\/#website","url":"https:\/\/cleitonpinheiro.com.br\/site\/","name":"PORTAL DE NOT\u00cdCIAS CLEITON PINHEIRO","description":"FALANDO A VERDADE","publisher":{"@id":"https:\/\/cleitonpinheiro.com.br\/site\/#organization"},"potentialAction":[{"@type":"SearchAction","target":{"@type":"EntryPoint","urlTemplate":"https:\/\/cleitonpinheiro.com.br\/site\/?s={search_term_string}"},"query-input":{"@type":"PropertyValueSpecification","valueRequired":true,"valueName":"search_term_string"}}],"inLanguage":"pt-BR"},{"@type":"Organization","@id":"https:\/\/cleitonpinheiro.com.br\/site\/#organization","name":"CPNOT\u00cdCIAS","url":"https:\/\/cleitonpinheiro.com.br\/site\/","logo":{"@type":"ImageObject","inLanguage":"pt-BR","@id":"https:\/\/cleitonpinheiro.com.br\/site\/#\/schema\/logo\/image\/","url":"https:\/\/cleitonpinheiro.com.br\/site\/wp-content\/uploads\/2022\/08\/Logo-pequena-2.png","contentUrl":"https:\/\/cleitonpinheiro.com.br\/site\/wp-content\/uploads\/2022\/08\/Logo-pequena-2.png","width":500,"height":500,"caption":"CPNOT\u00cdCIAS"},"image":{"@id":"https:\/\/cleitonpinheiro.com.br\/site\/#\/schema\/logo\/image\/"},"sameAs":["https:\/\/www.facebook.com\/portalcpnoticias\/"]},{"@type":"Person","@id":"https:\/\/cleitonpinheiro.com.br\/site\/#\/schema\/person\/8f04544e0bc40a1b68775b08360f87db","name":"Reda\u00e7\u00e3o CP","image":{"@type":"ImageObject","inLanguage":"pt-BR","@id":"https:\/\/cleitonpinheiro.com.br\/site\/#\/schema\/person\/image\/","url":"https:\/\/secure.gravatar.com\/avatar\/0bcf19cb29fdc8fc588c490c7ae1b3e174dac268586a63fbe1d1893a0f9020cd?s=96&r=g","contentUrl":"https:\/\/secure.gravatar.com\/avatar\/0bcf19cb29fdc8fc588c490c7ae1b3e174dac268586a63fbe1d1893a0f9020cd?s=96&r=g","caption":"Reda\u00e7\u00e3o CP"},"url":"https:\/\/cleitonpinheiro.com.br\/site\/author\/redacao\/"}]}},"views":233,"_links":{"self":[{"href":"https:\/\/cleitonpinheiro.com.br\/site\/wp-json\/wp\/v2\/posts\/73867","targetHints":{"allow":["GET"]}}],"collection":[{"href":"https:\/\/cleitonpinheiro.com.br\/site\/wp-json\/wp\/v2\/posts"}],"about":[{"href":"https:\/\/cleitonpinheiro.com.br\/site\/wp-json\/wp\/v2\/types\/post"}],"author":[{"embeddable":true,"href":"https:\/\/cleitonpinheiro.com.br\/site\/wp-json\/wp\/v2\/users\/13"}],"replies":[{"embeddable":true,"href":"https:\/\/cleitonpinheiro.com.br\/site\/wp-json\/wp\/v2\/comments?post=73867"}],"version-history":[{"count":1,"href":"https:\/\/cleitonpinheiro.com.br\/site\/wp-json\/wp\/v2\/posts\/73867\/revisions"}],"predecessor-version":[{"id":73869,"href":"https:\/\/cleitonpinheiro.com.br\/site\/wp-json\/wp\/v2\/posts\/73867\/revisions\/73869"}],"wp:attachment":[{"href":"https:\/\/cleitonpinheiro.com.br\/site\/wp-json\/wp\/v2\/media?parent=73867"}],"wp:term":[{"taxonomy":"category","embeddable":true,"href":"https:\/\/cleitonpinheiro.com.br\/site\/wp-json\/wp\/v2\/categories?post=73867"},{"taxonomy":"post_tag","embeddable":true,"href":"https:\/\/cleitonpinheiro.com.br\/site\/wp-json\/wp\/v2\/tags?post=73867"}],"curies":[{"name":"wp","href":"https:\/\/api.w.org\/{rel}","templated":true}]}}