{"id":73911,"date":"2023-09-01T13:06:32","date_gmt":"2023-09-01T16:06:32","guid":{"rendered":"https:\/\/cleitonpinheiro.com.br\/site\/?p=73911"},"modified":"2023-09-01T13:06:33","modified_gmt":"2023-09-01T16:06:33","slug":"ministro-do-zanin-vota-contra-marco-temporal-e-desempata-julgamento-no-stf","status":"publish","type":"post","link":"https:\/\/cleitonpinheiro.com.br\/site\/ministro-do-zanin-vota-contra-marco-temporal-e-desempata-julgamento-no-stf\/","title":{"rendered":"Ministro do Zanin vota contra marco temporal e desempata julgamento no STF"},"content":{"rendered":"\n<figure class=\"wp-block-image size-full\"><img decoding=\"async\" src=\"https:\/\/cleitonpinheiro.com.br\/site\/wp-content\/uploads\/2023\/08\/53121000461_e15cabc4cd_o.jpg\" alt=\"\" class=\"wp-image-73912\"\/><figcaption class=\"wp-element-caption\">O placar no julgamento do STF est\u00e1 3 votos a 2 contra a tese &#8211; Foto: Carlos Moura\/SCO\/STF<\/figcaption><\/figure>\n\n\n\n<p class=\"wp-block-paragraph\"><strong>Da Ag\u00eancia Brasil<\/strong><\/p>\n\n\n\n<p class=\"wp-block-paragraph\">O ministro Cristiano Zanin, do Supremo Tribunal Federal (STF), votou nesta quinta-feira (31) contra o marco temporal para demarca\u00e7\u00e3o de terras ind\u00edgenas.&nbsp;O posicionamento do ministro desempatou o julgamento.<img decoding=\"async\" src=\"https:\/\/agenciabrasil.ebc.com.br\/ebc.png?id=1552519&amp;o=node\"><img decoding=\"async\" src=\"https:\/\/agenciabrasil.ebc.com.br\/ebc.gif?id=1552519&amp;o=node\"><\/p>\n\n\n\n<p class=\"wp-block-paragraph\">Com o entendimento, o placar est\u00e1 3 votos a 2 contra a tese. Anteriormente, os ministros Edson Fachin e Alexandre de Moraes se manifestaram contra o entendimento&nbsp;e Nunes Marques e Andr\u00e9 Mendon\u00e7a se manifestaram a favor do marco temporal.&nbsp;<\/p>\n\n\n\n<p class=\"wp-block-paragraph\">Ap\u00f3s o voto de Zanin, o julgamento foi suspenso para o intervalo. Faltam os votos de seis ministros.&nbsp;<\/p>\n\n\n\n<p class=\"wp-block-paragraph\">Para Zanin, a Constitui\u00e7\u00e3o reconhece o direito \u00e0 posse e usufruto de terras ind\u00edgenas antes de sua promulga\u00e7\u00e3o.&nbsp;<\/p>\n\n\n\n<p class=\"wp-block-paragraph\">\u201cA originalidade do direito dos ind\u00edgenas \u00e0s terras que ocupam foi reafirmada com o advento da Constitui\u00e7\u00e3o de 1988, o que revela a proced\u00eancia desse direito sobre qualquer outro, assim como a aus\u00eancia de marco temporal a partir de implanta\u00e7\u00e3o do novo regime constitucional\u201d, afirmou.&nbsp;<\/p>\n\n\n\n<p class=\"wp-block-paragraph\"><strong>Indeniza\u00e7\u00e3o&nbsp;<\/strong><\/p>\n\n\n\n<p class=\"wp-block-paragraph\">Apesar de votar contra o marco, Zanin reconheceu a possibilidade de indeniza\u00e7\u00e3o a particulares que adquiriram terras de \u201cboa-f\u00e9\u201d. Pelo entendimento, a indeniza\u00e7\u00e3o por benfeitorias e pela terra nua valeria para propriet\u00e1rios que receberam do governo t\u00edtulos de terras que deveriam ser consideradas como \u00e1reas ind\u00edgenas.&nbsp;<\/p>\n\n\n\n<p class=\"wp-block-paragraph\">\u201cEm situa\u00e7\u00f5es complexas, o Estado pode e deve transferir \u00e0s partes a possibilidade de constru\u00e7\u00e3o de uma solu\u00e7\u00e3o pacificadora, que preserva o interesse de todos os envolvidos e traga seguran\u00e7a jur\u00eddica necess\u00e1ria para continuidade de atividades, neg\u00f3cios e usufruto dos bens envolvidos no conflito\u201d, afirmou.&nbsp;<\/p>\n\n\n\n<p class=\"wp-block-paragraph\">A possibilidade de indeniza\u00e7\u00e3o tamb\u00e9m consta no voto proferido por Alexandre de Moraes.&nbsp;<\/p>\n\n\n\n<p class=\"wp-block-paragraph\"><strong>Entenda&nbsp;<\/strong><\/p>\n\n\n\n<p class=\"wp-block-paragraph\">No julgamento, os ministros discutem o chamado marco temporal. Pela tese, defendida por propriet\u00e1rios de terras, os ind\u00edgenas somente teriam direito \u00e0s \u00e1reas&nbsp;que estavam em sua posse no dia 5 de outubro de 1988, data da promulga\u00e7\u00e3o da Constitui\u00e7\u00e3o Federal, ou que estavam em disputa judicial na \u00e9poca. Os ind\u00edgenas s\u00e3o contra o entendimento.<\/p>\n\n\n\n<p class=\"wp-block-paragraph\">O processo que motivou a discuss\u00e3o trata da disputa pela posse da Terra Ind\u00edgena (TI) Ibirama, em Santa Catarina. A \u00e1rea \u00e9 habitada pelos povos Xokleng, Kaingang e Guarani, e a posse de parte da terra \u00e9 questionada pela procuradoria do estado.<\/p>\n","protected":false},"excerpt":{"rendered":"<p>Da Ag\u00eancia Brasil O ministro Cristiano Zanin, do Supremo Tribunal Federal (STF), votou nesta quinta-feira (31) contra o marco temporal para demarca\u00e7\u00e3o de terras ind\u00edgenas.&nbsp;O posicionamento do ministro desempatou o julgamento. Com o entendimento, o placar est\u00e1 3 votos a 2 contra a tese. Anteriormente, os ministros Edson Fachin e Alexandre de Moraes se manifestaram [&hellip;]<\/p>\n","protected":false},"author":13,"featured_media":0,"comment_status":"open","ping_status":"open","sticky":false,"template":"","format":"standard","meta":{"_acf_changed":false,"footnotes":""},"categories":[19,898],"tags":[1099,1187,142,1202],"class_list":["post-73911","post","type-post","status-publish","format-standard","hentry","category-brasil-mundo","category-manchete-segundaria","tag-cristiano-zanin","tag-marco-temporal","tag-stf","tag-territorios-indigenas"],"acf":[],"yoast_head":"<!-- This site is optimized with the Yoast SEO plugin v24.4 - https:\/\/yoast.com\/wordpress\/plugins\/seo\/ -->\n<title>Ministro do Zanin vota contra marco temporal e desempata julgamento no STF - PORTAL DE NOT\u00cdCIAS CLEITON PINHEIRO<\/title>\n<meta name=\"robots\" content=\"index, follow, max-snippet:-1, max-image-preview:large, max-video-preview:-1\" \/>\n<link rel=\"canonical\" href=\"https:\/\/cleitonpinheiro.com.br\/site\/ministro-do-zanin-vota-contra-marco-temporal-e-desempata-julgamento-no-stf\/\" \/>\n<meta property=\"og:locale\" content=\"pt_BR\" \/>\n<meta property=\"og:type\" content=\"article\" \/>\n<meta property=\"og:title\" content=\"Ministro do Zanin vota contra marco temporal e desempata julgamento no STF - PORTAL DE NOT\u00cdCIAS CLEITON PINHEIRO\" \/>\n<meta property=\"og:description\" content=\"Da Ag\u00eancia Brasil O ministro Cristiano Zanin, do Supremo Tribunal Federal (STF), votou nesta quinta-feira (31) contra o marco temporal para demarca\u00e7\u00e3o de terras ind\u00edgenas.&nbsp;O posicionamento do ministro desempatou o julgamento. Com o entendimento, o placar est\u00e1 3 votos a 2 contra a tese. Anteriormente, os ministros Edson Fachin e Alexandre de Moraes se manifestaram [&hellip;]\" \/>\n<meta property=\"og:url\" content=\"https:\/\/cleitonpinheiro.com.br\/site\/ministro-do-zanin-vota-contra-marco-temporal-e-desempata-julgamento-no-stf\/\" \/>\n<meta property=\"og:site_name\" content=\"PORTAL DE NOT\u00cdCIAS CLEITON PINHEIRO\" \/>\n<meta property=\"article:publisher\" content=\"https:\/\/www.facebook.com\/portalcpnoticias\/\" \/>\n<meta property=\"article:published_time\" content=\"2023-09-01T16:06:32+00:00\" \/>\n<meta property=\"article:modified_time\" content=\"2023-09-01T16:06:33+00:00\" \/>\n<meta property=\"og:image\" content=\"https:\/\/cleitonpinheiro.com.br\/site\/wp-content\/uploads\/2023\/08\/53121000461_e15cabc4cd_o.jpg\" \/>\n\t<meta property=\"og:image:width\" content=\"1170\" \/>\n\t<meta property=\"og:image:height\" content=\"700\" \/>\n\t<meta property=\"og:image:type\" content=\"image\/jpeg\" \/>\n<meta name=\"author\" content=\"Reda\u00e7\u00e3o CP\" \/>\n<meta name=\"twitter:card\" content=\"summary_large_image\" \/>\n<meta name=\"twitter:label1\" content=\"Escrito por\" \/>\n\t<meta name=\"twitter:data1\" content=\"Reda\u00e7\u00e3o CP\" \/>\n\t<meta name=\"twitter:label2\" content=\"Est. tempo de leitura\" \/>\n\t<meta name=\"twitter:data2\" content=\"3 minutos\" \/>\n<script type=\"application\/ld+json\" class=\"yoast-schema-graph\">{\"@context\":\"https:\/\/schema.org\",\"@graph\":[{\"@type\":\"Article\",\"@id\":\"https:\/\/cleitonpinheiro.com.br\/site\/ministro-do-zanin-vota-contra-marco-temporal-e-desempata-julgamento-no-stf\/#article\",\"isPartOf\":{\"@id\":\"https:\/\/cleitonpinheiro.com.br\/site\/ministro-do-zanin-vota-contra-marco-temporal-e-desempata-julgamento-no-stf\/\"},\"author\":{\"name\":\"Reda\u00e7\u00e3o CP\",\"@id\":\"https:\/\/cleitonpinheiro.com.br\/site\/#\/schema\/person\/8f04544e0bc40a1b68775b08360f87db\"},\"headline\":\"Ministro do Zanin vota contra marco temporal e desempata julgamento no STF\",\"datePublished\":\"2023-09-01T16:06:32+00:00\",\"dateModified\":\"2023-09-01T16:06:33+00:00\",\"mainEntityOfPage\":{\"@id\":\"https:\/\/cleitonpinheiro.com.br\/site\/ministro-do-zanin-vota-contra-marco-temporal-e-desempata-julgamento-no-stf\/\"},\"wordCount\":425,\"commentCount\":0,\"publisher\":{\"@id\":\"https:\/\/cleitonpinheiro.com.br\/site\/#organization\"},\"image\":{\"@id\":\"https:\/\/cleitonpinheiro.com.br\/site\/ministro-do-zanin-vota-contra-marco-temporal-e-desempata-julgamento-no-stf\/#primaryimage\"},\"thumbnailUrl\":\"https:\/\/cleitonpinheiro.com.br\/site\/wp-content\/uploads\/2023\/08\/53121000461_e15cabc4cd_o.jpg\",\"keywords\":[\"Cristiano Zanin\",\"marco temporal\",\"STF\",\"territ\u00f3rios ind\u00edgenas\"],\"articleSection\":[\"BRASIL \/ MUNDO\",\"MANCHETE SEGUND\u00c1RIA\"],\"inLanguage\":\"pt-BR\",\"potentialAction\":[{\"@type\":\"CommentAction\",\"name\":\"Comment\",\"target\":[\"https:\/\/cleitonpinheiro.com.br\/site\/ministro-do-zanin-vota-contra-marco-temporal-e-desempata-julgamento-no-stf\/#respond\"]}]},{\"@type\":\"WebPage\",\"@id\":\"https:\/\/cleitonpinheiro.com.br\/site\/ministro-do-zanin-vota-contra-marco-temporal-e-desempata-julgamento-no-stf\/\",\"url\":\"https:\/\/cleitonpinheiro.com.br\/site\/ministro-do-zanin-vota-contra-marco-temporal-e-desempata-julgamento-no-stf\/\",\"name\":\"Ministro do Zanin vota contra marco temporal e desempata julgamento no STF - PORTAL DE NOT\u00cdCIAS CLEITON PINHEIRO\",\"isPartOf\":{\"@id\":\"https:\/\/cleitonpinheiro.com.br\/site\/#website\"},\"primaryImageOfPage\":{\"@id\":\"https:\/\/cleitonpinheiro.com.br\/site\/ministro-do-zanin-vota-contra-marco-temporal-e-desempata-julgamento-no-stf\/#primaryimage\"},\"image\":{\"@id\":\"https:\/\/cleitonpinheiro.com.br\/site\/ministro-do-zanin-vota-contra-marco-temporal-e-desempata-julgamento-no-stf\/#primaryimage\"},\"thumbnailUrl\":\"https:\/\/cleitonpinheiro.com.br\/site\/wp-content\/uploads\/2023\/08\/53121000461_e15cabc4cd_o.jpg\",\"datePublished\":\"2023-09-01T16:06:32+00:00\",\"dateModified\":\"2023-09-01T16:06:33+00:00\",\"breadcrumb\":{\"@id\":\"https:\/\/cleitonpinheiro.com.br\/site\/ministro-do-zanin-vota-contra-marco-temporal-e-desempata-julgamento-no-stf\/#breadcrumb\"},\"inLanguage\":\"pt-BR\",\"potentialAction\":[{\"@type\":\"ReadAction\",\"target\":[\"https:\/\/cleitonpinheiro.com.br\/site\/ministro-do-zanin-vota-contra-marco-temporal-e-desempata-julgamento-no-stf\/\"]}]},{\"@type\":\"ImageObject\",\"inLanguage\":\"pt-BR\",\"@id\":\"https:\/\/cleitonpinheiro.com.br\/site\/ministro-do-zanin-vota-contra-marco-temporal-e-desempata-julgamento-no-stf\/#primaryimage\",\"url\":\"\",\"contentUrl\":\"\"},{\"@type\":\"BreadcrumbList\",\"@id\":\"https:\/\/cleitonpinheiro.com.br\/site\/ministro-do-zanin-vota-contra-marco-temporal-e-desempata-julgamento-no-stf\/#breadcrumb\",\"itemListElement\":[{\"@type\":\"ListItem\",\"position\":1,\"name\":\"In\u00edcio\",\"item\":\"https:\/\/cleitonpinheiro.com.br\/site\/\"},{\"@type\":\"ListItem\",\"position\":2,\"name\":\"Ministro do Zanin vota contra marco temporal e desempata julgamento no STF\"}]},{\"@type\":\"WebSite\",\"@id\":\"https:\/\/cleitonpinheiro.com.br\/site\/#website\",\"url\":\"https:\/\/cleitonpinheiro.com.br\/site\/\",\"name\":\"PORTAL DE NOT\u00cdCIAS CLEITON PINHEIRO\",\"description\":\"FALANDO A VERDADE\",\"publisher\":{\"@id\":\"https:\/\/cleitonpinheiro.com.br\/site\/#organization\"},\"potentialAction\":[{\"@type\":\"SearchAction\",\"target\":{\"@type\":\"EntryPoint\",\"urlTemplate\":\"https:\/\/cleitonpinheiro.com.br\/site\/?s={search_term_string}\"},\"query-input\":{\"@type\":\"PropertyValueSpecification\",\"valueRequired\":true,\"valueName\":\"search_term_string\"}}],\"inLanguage\":\"pt-BR\"},{\"@type\":\"Organization\",\"@id\":\"https:\/\/cleitonpinheiro.com.br\/site\/#organization\",\"name\":\"CPNOT\u00cdCIAS\",\"url\":\"https:\/\/cleitonpinheiro.com.br\/site\/\",\"logo\":{\"@type\":\"ImageObject\",\"inLanguage\":\"pt-BR\",\"@id\":\"https:\/\/cleitonpinheiro.com.br\/site\/#\/schema\/logo\/image\/\",\"url\":\"https:\/\/cleitonpinheiro.com.br\/site\/wp-content\/uploads\/2022\/08\/Logo-pequena-2.png\",\"contentUrl\":\"https:\/\/cleitonpinheiro.com.br\/site\/wp-content\/uploads\/2022\/08\/Logo-pequena-2.png\",\"width\":500,\"height\":500,\"caption\":\"CPNOT\u00cdCIAS\"},\"image\":{\"@id\":\"https:\/\/cleitonpinheiro.com.br\/site\/#\/schema\/logo\/image\/\"},\"sameAs\":[\"https:\/\/www.facebook.com\/portalcpnoticias\/\"]},{\"@type\":\"Person\",\"@id\":\"https:\/\/cleitonpinheiro.com.br\/site\/#\/schema\/person\/8f04544e0bc40a1b68775b08360f87db\",\"name\":\"Reda\u00e7\u00e3o CP\",\"image\":{\"@type\":\"ImageObject\",\"inLanguage\":\"pt-BR\",\"@id\":\"https:\/\/cleitonpinheiro.com.br\/site\/#\/schema\/person\/image\/\",\"url\":\"https:\/\/secure.gravatar.com\/avatar\/0bcf19cb29fdc8fc588c490c7ae1b3e174dac268586a63fbe1d1893a0f9020cd?s=96&r=g\",\"contentUrl\":\"https:\/\/secure.gravatar.com\/avatar\/0bcf19cb29fdc8fc588c490c7ae1b3e174dac268586a63fbe1d1893a0f9020cd?s=96&r=g\",\"caption\":\"Reda\u00e7\u00e3o CP\"},\"url\":\"https:\/\/cleitonpinheiro.com.br\/site\/author\/redacao\/\"}]}<\/script>\n<!-- \/ Yoast SEO plugin. -->","yoast_head_json":{"title":"Ministro do Zanin vota contra marco temporal e desempata julgamento no STF - PORTAL DE NOT\u00cdCIAS CLEITON PINHEIRO","robots":{"index":"index","follow":"follow","max-snippet":"max-snippet:-1","max-image-preview":"max-image-preview:large","max-video-preview":"max-video-preview:-1"},"canonical":"https:\/\/cleitonpinheiro.com.br\/site\/ministro-do-zanin-vota-contra-marco-temporal-e-desempata-julgamento-no-stf\/","og_locale":"pt_BR","og_type":"article","og_title":"Ministro do Zanin vota contra marco temporal e desempata julgamento no STF - PORTAL DE NOT\u00cdCIAS CLEITON PINHEIRO","og_description":"Da Ag\u00eancia Brasil O ministro Cristiano Zanin, do Supremo Tribunal Federal (STF), votou nesta quinta-feira (31) contra o marco temporal para demarca\u00e7\u00e3o de terras ind\u00edgenas.&nbsp;O posicionamento do ministro desempatou o julgamento. Com o entendimento, o placar est\u00e1 3 votos a 2 contra a tese. Anteriormente, os ministros Edson Fachin e Alexandre de Moraes se manifestaram [&hellip;]","og_url":"https:\/\/cleitonpinheiro.com.br\/site\/ministro-do-zanin-vota-contra-marco-temporal-e-desempata-julgamento-no-stf\/","og_site_name":"PORTAL DE NOT\u00cdCIAS CLEITON PINHEIRO","article_publisher":"https:\/\/www.facebook.com\/portalcpnoticias\/","article_published_time":"2023-09-01T16:06:32+00:00","article_modified_time":"2023-09-01T16:06:33+00:00","og_image":[{"width":1170,"height":700,"url":"https:\/\/cleitonpinheiro.com.br\/site\/wp-content\/uploads\/2023\/08\/53121000461_e15cabc4cd_o.jpg","type":"image\/jpeg"}],"author":"Reda\u00e7\u00e3o CP","twitter_card":"summary_large_image","twitter_misc":{"Escrito por":"Reda\u00e7\u00e3o CP","Est. tempo de leitura":"3 minutos"},"schema":{"@context":"https:\/\/schema.org","@graph":[{"@type":"Article","@id":"https:\/\/cleitonpinheiro.com.br\/site\/ministro-do-zanin-vota-contra-marco-temporal-e-desempata-julgamento-no-stf\/#article","isPartOf":{"@id":"https:\/\/cleitonpinheiro.com.br\/site\/ministro-do-zanin-vota-contra-marco-temporal-e-desempata-julgamento-no-stf\/"},"author":{"name":"Reda\u00e7\u00e3o CP","@id":"https:\/\/cleitonpinheiro.com.br\/site\/#\/schema\/person\/8f04544e0bc40a1b68775b08360f87db"},"headline":"Ministro do Zanin vota contra marco temporal e desempata julgamento no STF","datePublished":"2023-09-01T16:06:32+00:00","dateModified":"2023-09-01T16:06:33+00:00","mainEntityOfPage":{"@id":"https:\/\/cleitonpinheiro.com.br\/site\/ministro-do-zanin-vota-contra-marco-temporal-e-desempata-julgamento-no-stf\/"},"wordCount":425,"commentCount":0,"publisher":{"@id":"https:\/\/cleitonpinheiro.com.br\/site\/#organization"},"image":{"@id":"https:\/\/cleitonpinheiro.com.br\/site\/ministro-do-zanin-vota-contra-marco-temporal-e-desempata-julgamento-no-stf\/#primaryimage"},"thumbnailUrl":"https:\/\/cleitonpinheiro.com.br\/site\/wp-content\/uploads\/2023\/08\/53121000461_e15cabc4cd_o.jpg","keywords":["Cristiano Zanin","marco temporal","STF","territ\u00f3rios ind\u00edgenas"],"articleSection":["BRASIL \/ MUNDO","MANCHETE SEGUND\u00c1RIA"],"inLanguage":"pt-BR","potentialAction":[{"@type":"CommentAction","name":"Comment","target":["https:\/\/cleitonpinheiro.com.br\/site\/ministro-do-zanin-vota-contra-marco-temporal-e-desempata-julgamento-no-stf\/#respond"]}]},{"@type":"WebPage","@id":"https:\/\/cleitonpinheiro.com.br\/site\/ministro-do-zanin-vota-contra-marco-temporal-e-desempata-julgamento-no-stf\/","url":"https:\/\/cleitonpinheiro.com.br\/site\/ministro-do-zanin-vota-contra-marco-temporal-e-desempata-julgamento-no-stf\/","name":"Ministro do Zanin vota contra marco temporal e desempata julgamento no STF - PORTAL DE NOT\u00cdCIAS CLEITON PINHEIRO","isPartOf":{"@id":"https:\/\/cleitonpinheiro.com.br\/site\/#website"},"primaryImageOfPage":{"@id":"https:\/\/cleitonpinheiro.com.br\/site\/ministro-do-zanin-vota-contra-marco-temporal-e-desempata-julgamento-no-stf\/#primaryimage"},"image":{"@id":"https:\/\/cleitonpinheiro.com.br\/site\/ministro-do-zanin-vota-contra-marco-temporal-e-desempata-julgamento-no-stf\/#primaryimage"},"thumbnailUrl":"https:\/\/cleitonpinheiro.com.br\/site\/wp-content\/uploads\/2023\/08\/53121000461_e15cabc4cd_o.jpg","datePublished":"2023-09-01T16:06:32+00:00","dateModified":"2023-09-01T16:06:33+00:00","breadcrumb":{"@id":"https:\/\/cleitonpinheiro.com.br\/site\/ministro-do-zanin-vota-contra-marco-temporal-e-desempata-julgamento-no-stf\/#breadcrumb"},"inLanguage":"pt-BR","potentialAction":[{"@type":"ReadAction","target":["https:\/\/cleitonpinheiro.com.br\/site\/ministro-do-zanin-vota-contra-marco-temporal-e-desempata-julgamento-no-stf\/"]}]},{"@type":"ImageObject","inLanguage":"pt-BR","@id":"https:\/\/cleitonpinheiro.com.br\/site\/ministro-do-zanin-vota-contra-marco-temporal-e-desempata-julgamento-no-stf\/#primaryimage","url":"","contentUrl":""},{"@type":"BreadcrumbList","@id":"https:\/\/cleitonpinheiro.com.br\/site\/ministro-do-zanin-vota-contra-marco-temporal-e-desempata-julgamento-no-stf\/#breadcrumb","itemListElement":[{"@type":"ListItem","position":1,"name":"In\u00edcio","item":"https:\/\/cleitonpinheiro.com.br\/site\/"},{"@type":"ListItem","position":2,"name":"Ministro do Zanin vota contra marco temporal e desempata julgamento no STF"}]},{"@type":"WebSite","@id":"https:\/\/cleitonpinheiro.com.br\/site\/#website","url":"https:\/\/cleitonpinheiro.com.br\/site\/","name":"PORTAL DE NOT\u00cdCIAS CLEITON PINHEIRO","description":"FALANDO A VERDADE","publisher":{"@id":"https:\/\/cleitonpinheiro.com.br\/site\/#organization"},"potentialAction":[{"@type":"SearchAction","target":{"@type":"EntryPoint","urlTemplate":"https:\/\/cleitonpinheiro.com.br\/site\/?s={search_term_string}"},"query-input":{"@type":"PropertyValueSpecification","valueRequired":true,"valueName":"search_term_string"}}],"inLanguage":"pt-BR"},{"@type":"Organization","@id":"https:\/\/cleitonpinheiro.com.br\/site\/#organization","name":"CPNOT\u00cdCIAS","url":"https:\/\/cleitonpinheiro.com.br\/site\/","logo":{"@type":"ImageObject","inLanguage":"pt-BR","@id":"https:\/\/cleitonpinheiro.com.br\/site\/#\/schema\/logo\/image\/","url":"https:\/\/cleitonpinheiro.com.br\/site\/wp-content\/uploads\/2022\/08\/Logo-pequena-2.png","contentUrl":"https:\/\/cleitonpinheiro.com.br\/site\/wp-content\/uploads\/2022\/08\/Logo-pequena-2.png","width":500,"height":500,"caption":"CPNOT\u00cdCIAS"},"image":{"@id":"https:\/\/cleitonpinheiro.com.br\/site\/#\/schema\/logo\/image\/"},"sameAs":["https:\/\/www.facebook.com\/portalcpnoticias\/"]},{"@type":"Person","@id":"https:\/\/cleitonpinheiro.com.br\/site\/#\/schema\/person\/8f04544e0bc40a1b68775b08360f87db","name":"Reda\u00e7\u00e3o CP","image":{"@type":"ImageObject","inLanguage":"pt-BR","@id":"https:\/\/cleitonpinheiro.com.br\/site\/#\/schema\/person\/image\/","url":"https:\/\/secure.gravatar.com\/avatar\/0bcf19cb29fdc8fc588c490c7ae1b3e174dac268586a63fbe1d1893a0f9020cd?s=96&r=g","contentUrl":"https:\/\/secure.gravatar.com\/avatar\/0bcf19cb29fdc8fc588c490c7ae1b3e174dac268586a63fbe1d1893a0f9020cd?s=96&r=g","caption":"Reda\u00e7\u00e3o CP"},"url":"https:\/\/cleitonpinheiro.com.br\/site\/author\/redacao\/"}]}},"views":127,"_links":{"self":[{"href":"https:\/\/cleitonpinheiro.com.br\/site\/wp-json\/wp\/v2\/posts\/73911","targetHints":{"allow":["GET"]}}],"collection":[{"href":"https:\/\/cleitonpinheiro.com.br\/site\/wp-json\/wp\/v2\/posts"}],"about":[{"href":"https:\/\/cleitonpinheiro.com.br\/site\/wp-json\/wp\/v2\/types\/post"}],"author":[{"embeddable":true,"href":"https:\/\/cleitonpinheiro.com.br\/site\/wp-json\/wp\/v2\/users\/13"}],"replies":[{"embeddable":true,"href":"https:\/\/cleitonpinheiro.com.br\/site\/wp-json\/wp\/v2\/comments?post=73911"}],"version-history":[{"count":2,"href":"https:\/\/cleitonpinheiro.com.br\/site\/wp-json\/wp\/v2\/posts\/73911\/revisions"}],"predecessor-version":[{"id":73954,"href":"https:\/\/cleitonpinheiro.com.br\/site\/wp-json\/wp\/v2\/posts\/73911\/revisions\/73954"}],"wp:attachment":[{"href":"https:\/\/cleitonpinheiro.com.br\/site\/wp-json\/wp\/v2\/media?parent=73911"}],"wp:term":[{"taxonomy":"category","embeddable":true,"href":"https:\/\/cleitonpinheiro.com.br\/site\/wp-json\/wp\/v2\/categories?post=73911"},{"taxonomy":"post_tag","embeddable":true,"href":"https:\/\/cleitonpinheiro.com.br\/site\/wp-json\/wp\/v2\/tags?post=73911"}],"curies":[{"name":"wp","href":"https:\/\/api.w.org\/{rel}","templated":true}]}}