{"id":73914,"date":"2023-09-01T13:05:47","date_gmt":"2023-09-01T16:05:47","guid":{"rendered":"https:\/\/cleitonpinheiro.com.br\/site\/?p=73914"},"modified":"2023-09-01T13:05:49","modified_gmt":"2023-09-01T16:05:49","slug":"emenda-parlamentar-governo-do-to-recebe-mais-de-r-87-milhoes-para-investir-na-saude","status":"publish","type":"post","link":"https:\/\/cleitonpinheiro.com.br\/site\/emenda-parlamentar-governo-do-to-recebe-mais-de-r-87-milhoes-para-investir-na-saude\/","title":{"rendered":"Emenda parlamentar: Governo do TO recebe mais de R$ 87 milh\u00f5es para investir na sa\u00fade"},"content":{"rendered":"\n<figure class=\"wp-block-image size-full\"><img decoding=\"async\" src=\"https:\/\/cleitonpinheiro.com.br\/site\/wp-content\/uploads\/2023\/08\/344987.jpeg\" alt=\"\" class=\"wp-image-73915\"\/><figcaption class=\"wp-element-caption\">Verba \u00e9 destinada ao custeio dos Servi\u00e7os de Aten\u00e7\u00e3o Especializada em Sa\u00fade &#8211; Foto: In\u00e1cio Neto\/Governo do Tocantins<\/figcaption><\/figure>\n\n\n\n<p class=\"wp-block-paragraph\">Uma parte das despesas da Secretaria de Estado da Sa\u00fade (SES-TO), deste ano, est\u00e1 com o custeio garantido, por meio de emendas parlamentares da bancada federal do Tocantins no Congresso Nacional, que foram alocadas no Or\u00e7amento da Uni\u00e3o de 2023. Nesta quinta-feira, 31, foram liberados R$ 87.597.362,00.<\/p>\n\n\n\n<p class=\"wp-block-paragraph\">A verba \u00e9 destinada ao custeio dos Servi\u00e7os de Aten\u00e7\u00e3o Especializada em Sa\u00fade, oferecidos pelo Sistema \u00danico de Sa\u00fade (SUS). O processo de libera\u00e7\u00e3o de emendas parlamentares federais come\u00e7a com a indica\u00e7\u00e3o dos recursos ao \u00f3rg\u00e3o gestor da verba, neste caso, o Minist\u00e9rio da Sa\u00fade. Posteriormente, \u00e9 apresentado o plano de trabalho e firmado o conv\u00eanio. O Governo do Tocantins cumpriu todas as etapas e, agora, o recurso foi liberado.<\/p>\n\n\n\n<p class=\"wp-block-paragraph\">O governador Wanderlei Barbosa destacou que a sa\u00fade \u00e9 uma das \u00e1reas mais desafiadoras da gest\u00e3o e que est\u00e1 sendo priorizada na busca por novos recursos. &#8216;\u2019Para oferecer um atendimento em sa\u00fade p\u00fablica de qualidade, vivemos desafios di\u00e1rios e \u00e9 por essa raz\u00e3o que a nossa busca por solu\u00e7\u00f5es \u00e9 constante. Os recursos destinados pelos deputados federais e senadores s\u00e3o o resultado do di\u00e1logo que constru\u00edmos para que o tocantinense seja o grande beneficiado&#8221;, afirmou o governador.<\/p>\n\n\n\n<p class=\"wp-block-paragraph\">De acordo com a coordenadora da bancada federal do Tocantins, senadora Professora Dorinha, que tamb\u00e9m \u00e9 vice-l\u00edder do Governo Federal no Senado, o esfor\u00e7o coletivo da bancada tem proporcionado resultados como esse. \u201cA coordena\u00e7\u00e3o da bancada n\u00e3o mediu esfor\u00e7os para que o pagamento ocorresse o mais r\u00e1pido poss\u00edvel, para atender a popula\u00e7\u00e3o na \u00e1rea da sa\u00fade. A bancada federal vem atuando de forma unida com o Governo do Tocantins e as prefeituras, para que a gente possa atender bem a nossa popula\u00e7\u00e3o em uma \u00e1rea t\u00e3o estrat\u00e9gica que \u00e9 a sa\u00fade\u201d, esclareceu a senadora.<\/p>\n\n\n\n<p class=\"wp-block-paragraph\"><strong>Aplica\u00e7\u00e3o dos recursos<\/strong><\/p>\n\n\n\n<p class=\"wp-block-paragraph\">Os Servi\u00e7os de Aten\u00e7\u00e3o Especializada em Sa\u00fade s\u00e3o organizados em duas categorias, sendo elas: a m\u00e9dia complexidade, na qual est\u00e3o os servi\u00e7os encontrados em hospitais direcionados ao atendimento por m\u00e9dicos especialistas (pediatria, ortopedia, entre outros); e a alta complexidade, na qual se encaixam os servi\u00e7os dos hospitais de grande porte, aparelhados com centro cir\u00fargico, leitos de UTI, tecnologia de ponta e atendimentos avan\u00e7ados.<\/p>\n\n\n\n<p class=\"wp-block-paragraph\">O secret\u00e1rio de Estado da Sa\u00fade interino do Tocantins, Paulo C\u00e9sar Benfica, esclareceu que os recursos v\u00e3o possibilitar a amplia\u00e7\u00e3o dos atendimentos. &#8220;Estes recursos chegam em um momento muito importante, pois o Estado ter\u00e1 suporte para o custeio da sa\u00fade especializada. A destina\u00e7\u00e3o das emendas, por parte dos parlamentares, mostra o comprometimento de cada um, com cuidado da popula\u00e7\u00e3o tocantinense. Agradecemos o olhar humanizado e reiteramos que o valor ser\u00e1 investido para um Sistema \u00danico, ainda melhor, para atender as demandas da popula\u00e7\u00e3o dependente da sa\u00fade p\u00fablica&#8221;, concluiu o secret\u00e1rio.<\/p>\n","protected":false},"excerpt":{"rendered":"<p>Uma parte das despesas da Secretaria de Estado da Sa\u00fade (SES-TO), deste ano, est\u00e1 com o custeio garantido, por meio de emendas parlamentares da bancada federal do Tocantins no Congresso Nacional, que foram alocadas no Or\u00e7amento da Uni\u00e3o de 2023. Nesta quinta-feira, 31, foram liberados R$ 87.597.362,00. A verba \u00e9 destinada ao custeio dos Servi\u00e7os [&hellip;]<\/p>\n","protected":false},"author":13,"featured_media":0,"comment_status":"open","ping_status":"open","sticky":false,"template":"","format":"standard","meta":{"_acf_changed":false,"footnotes":""},"categories":[8,898],"tags":[1204,1203,722],"class_list":["post-73914","post","type-post","status-publish","format-standard","hentry","category-estado","category-manchete-segundaria","tag-bancada-do-tocantins","tag-emenda-parlamentar","tag-saude"],"acf":[],"yoast_head":"<!-- This site is optimized with the Yoast SEO plugin v24.4 - https:\/\/yoast.com\/wordpress\/plugins\/seo\/ -->\n<title>Emenda parlamentar: Governo do TO recebe mais de R$ 87 milh\u00f5es para investir na sa\u00fade - PORTAL DE NOT\u00cdCIAS CLEITON PINHEIRO<\/title>\n<meta name=\"robots\" content=\"index, follow, max-snippet:-1, max-image-preview:large, max-video-preview:-1\" \/>\n<link rel=\"canonical\" href=\"https:\/\/cleitonpinheiro.com.br\/site\/emenda-parlamentar-governo-do-to-recebe-mais-de-r-87-milhoes-para-investir-na-saude\/\" \/>\n<meta property=\"og:locale\" content=\"pt_BR\" \/>\n<meta property=\"og:type\" content=\"article\" \/>\n<meta property=\"og:title\" content=\"Emenda parlamentar: Governo do TO recebe mais de R$ 87 milh\u00f5es para investir na sa\u00fade - PORTAL DE NOT\u00cdCIAS CLEITON PINHEIRO\" \/>\n<meta property=\"og:description\" content=\"Uma parte das despesas da Secretaria de Estado da Sa\u00fade (SES-TO), deste ano, est\u00e1 com o custeio garantido, por meio de emendas parlamentares da bancada federal do Tocantins no Congresso Nacional, que foram alocadas no Or\u00e7amento da Uni\u00e3o de 2023. Nesta quinta-feira, 31, foram liberados R$ 87.597.362,00. A verba \u00e9 destinada ao custeio dos Servi\u00e7os [&hellip;]\" \/>\n<meta property=\"og:url\" content=\"https:\/\/cleitonpinheiro.com.br\/site\/emenda-parlamentar-governo-do-to-recebe-mais-de-r-87-milhoes-para-investir-na-saude\/\" \/>\n<meta property=\"og:site_name\" content=\"PORTAL DE NOT\u00cdCIAS CLEITON PINHEIRO\" \/>\n<meta property=\"article:publisher\" content=\"https:\/\/www.facebook.com\/portalcpnoticias\/\" \/>\n<meta property=\"article:published_time\" content=\"2023-09-01T16:05:47+00:00\" \/>\n<meta property=\"article:modified_time\" content=\"2023-09-01T16:05:49+00:00\" \/>\n<meta property=\"og:image\" content=\"https:\/\/cleitonpinheiro.com.br\/site\/wp-content\/uploads\/2023\/08\/344987.jpeg\" \/>\n\t<meta property=\"og:image:width\" content=\"883\" \/>\n\t<meta property=\"og:image:height\" content=\"505\" \/>\n\t<meta property=\"og:image:type\" content=\"image\/jpeg\" \/>\n<meta name=\"author\" content=\"Reda\u00e7\u00e3o CP\" \/>\n<meta name=\"twitter:card\" content=\"summary_large_image\" \/>\n<meta name=\"twitter:label1\" content=\"Escrito por\" \/>\n\t<meta name=\"twitter:data1\" content=\"Reda\u00e7\u00e3o CP\" \/>\n\t<meta name=\"twitter:label2\" content=\"Est. tempo de leitura\" \/>\n\t<meta name=\"twitter:data2\" content=\"3 minutos\" \/>\n<script type=\"application\/ld+json\" class=\"yoast-schema-graph\">{\"@context\":\"https:\/\/schema.org\",\"@graph\":[{\"@type\":\"Article\",\"@id\":\"https:\/\/cleitonpinheiro.com.br\/site\/emenda-parlamentar-governo-do-to-recebe-mais-de-r-87-milhoes-para-investir-na-saude\/#article\",\"isPartOf\":{\"@id\":\"https:\/\/cleitonpinheiro.com.br\/site\/emenda-parlamentar-governo-do-to-recebe-mais-de-r-87-milhoes-para-investir-na-saude\/\"},\"author\":{\"name\":\"Reda\u00e7\u00e3o CP\",\"@id\":\"https:\/\/cleitonpinheiro.com.br\/site\/#\/schema\/person\/8f04544e0bc40a1b68775b08360f87db\"},\"headline\":\"Emenda parlamentar: Governo do TO recebe mais de R$ 87 milh\u00f5es para investir na sa\u00fade\",\"datePublished\":\"2023-09-01T16:05:47+00:00\",\"dateModified\":\"2023-09-01T16:05:49+00:00\",\"mainEntityOfPage\":{\"@id\":\"https:\/\/cleitonpinheiro.com.br\/site\/emenda-parlamentar-governo-do-to-recebe-mais-de-r-87-milhoes-para-investir-na-saude\/\"},\"wordCount\":535,\"commentCount\":0,\"publisher\":{\"@id\":\"https:\/\/cleitonpinheiro.com.br\/site\/#organization\"},\"image\":{\"@id\":\"https:\/\/cleitonpinheiro.com.br\/site\/emenda-parlamentar-governo-do-to-recebe-mais-de-r-87-milhoes-para-investir-na-saude\/#primaryimage\"},\"thumbnailUrl\":\"https:\/\/cleitonpinheiro.com.br\/site\/wp-content\/uploads\/2023\/08\/344987.jpeg\",\"keywords\":[\"bancada do tocantins\",\"emenda parlamentar\",\"Sa\u00fade\"],\"articleSection\":[\"ESTADO\",\"MANCHETE SEGUND\u00c1RIA\"],\"inLanguage\":\"pt-BR\",\"potentialAction\":[{\"@type\":\"CommentAction\",\"name\":\"Comment\",\"target\":[\"https:\/\/cleitonpinheiro.com.br\/site\/emenda-parlamentar-governo-do-to-recebe-mais-de-r-87-milhoes-para-investir-na-saude\/#respond\"]}]},{\"@type\":\"WebPage\",\"@id\":\"https:\/\/cleitonpinheiro.com.br\/site\/emenda-parlamentar-governo-do-to-recebe-mais-de-r-87-milhoes-para-investir-na-saude\/\",\"url\":\"https:\/\/cleitonpinheiro.com.br\/site\/emenda-parlamentar-governo-do-to-recebe-mais-de-r-87-milhoes-para-investir-na-saude\/\",\"name\":\"Emenda parlamentar: Governo do TO recebe mais de R$ 87 milh\u00f5es para investir na sa\u00fade - PORTAL DE NOT\u00cdCIAS CLEITON PINHEIRO\",\"isPartOf\":{\"@id\":\"https:\/\/cleitonpinheiro.com.br\/site\/#website\"},\"primaryImageOfPage\":{\"@id\":\"https:\/\/cleitonpinheiro.com.br\/site\/emenda-parlamentar-governo-do-to-recebe-mais-de-r-87-milhoes-para-investir-na-saude\/#primaryimage\"},\"image\":{\"@id\":\"https:\/\/cleitonpinheiro.com.br\/site\/emenda-parlamentar-governo-do-to-recebe-mais-de-r-87-milhoes-para-investir-na-saude\/#primaryimage\"},\"thumbnailUrl\":\"https:\/\/cleitonpinheiro.com.br\/site\/wp-content\/uploads\/2023\/08\/344987.jpeg\",\"datePublished\":\"2023-09-01T16:05:47+00:00\",\"dateModified\":\"2023-09-01T16:05:49+00:00\",\"breadcrumb\":{\"@id\":\"https:\/\/cleitonpinheiro.com.br\/site\/emenda-parlamentar-governo-do-to-recebe-mais-de-r-87-milhoes-para-investir-na-saude\/#breadcrumb\"},\"inLanguage\":\"pt-BR\",\"potentialAction\":[{\"@type\":\"ReadAction\",\"target\":[\"https:\/\/cleitonpinheiro.com.br\/site\/emenda-parlamentar-governo-do-to-recebe-mais-de-r-87-milhoes-para-investir-na-saude\/\"]}]},{\"@type\":\"ImageObject\",\"inLanguage\":\"pt-BR\",\"@id\":\"https:\/\/cleitonpinheiro.com.br\/site\/emenda-parlamentar-governo-do-to-recebe-mais-de-r-87-milhoes-para-investir-na-saude\/#primaryimage\",\"url\":\"\",\"contentUrl\":\"\"},{\"@type\":\"BreadcrumbList\",\"@id\":\"https:\/\/cleitonpinheiro.com.br\/site\/emenda-parlamentar-governo-do-to-recebe-mais-de-r-87-milhoes-para-investir-na-saude\/#breadcrumb\",\"itemListElement\":[{\"@type\":\"ListItem\",\"position\":1,\"name\":\"In\u00edcio\",\"item\":\"https:\/\/cleitonpinheiro.com.br\/site\/\"},{\"@type\":\"ListItem\",\"position\":2,\"name\":\"Emenda parlamentar: Governo do TO recebe mais de R$ 87 milh\u00f5es para investir na sa\u00fade\"}]},{\"@type\":\"WebSite\",\"@id\":\"https:\/\/cleitonpinheiro.com.br\/site\/#website\",\"url\":\"https:\/\/cleitonpinheiro.com.br\/site\/\",\"name\":\"PORTAL DE NOT\u00cdCIAS CLEITON PINHEIRO\",\"description\":\"FALANDO A VERDADE\",\"publisher\":{\"@id\":\"https:\/\/cleitonpinheiro.com.br\/site\/#organization\"},\"potentialAction\":[{\"@type\":\"SearchAction\",\"target\":{\"@type\":\"EntryPoint\",\"urlTemplate\":\"https:\/\/cleitonpinheiro.com.br\/site\/?s={search_term_string}\"},\"query-input\":{\"@type\":\"PropertyValueSpecification\",\"valueRequired\":true,\"valueName\":\"search_term_string\"}}],\"inLanguage\":\"pt-BR\"},{\"@type\":\"Organization\",\"@id\":\"https:\/\/cleitonpinheiro.com.br\/site\/#organization\",\"name\":\"CPNOT\u00cdCIAS\",\"url\":\"https:\/\/cleitonpinheiro.com.br\/site\/\",\"logo\":{\"@type\":\"ImageObject\",\"inLanguage\":\"pt-BR\",\"@id\":\"https:\/\/cleitonpinheiro.com.br\/site\/#\/schema\/logo\/image\/\",\"url\":\"https:\/\/cleitonpinheiro.com.br\/site\/wp-content\/uploads\/2022\/08\/Logo-pequena-2.png\",\"contentUrl\":\"https:\/\/cleitonpinheiro.com.br\/site\/wp-content\/uploads\/2022\/08\/Logo-pequena-2.png\",\"width\":500,\"height\":500,\"caption\":\"CPNOT\u00cdCIAS\"},\"image\":{\"@id\":\"https:\/\/cleitonpinheiro.com.br\/site\/#\/schema\/logo\/image\/\"},\"sameAs\":[\"https:\/\/www.facebook.com\/portalcpnoticias\/\"]},{\"@type\":\"Person\",\"@id\":\"https:\/\/cleitonpinheiro.com.br\/site\/#\/schema\/person\/8f04544e0bc40a1b68775b08360f87db\",\"name\":\"Reda\u00e7\u00e3o CP\",\"image\":{\"@type\":\"ImageObject\",\"inLanguage\":\"pt-BR\",\"@id\":\"https:\/\/cleitonpinheiro.com.br\/site\/#\/schema\/person\/image\/\",\"url\":\"https:\/\/secure.gravatar.com\/avatar\/0bcf19cb29fdc8fc588c490c7ae1b3e174dac268586a63fbe1d1893a0f9020cd?s=96&r=g\",\"contentUrl\":\"https:\/\/secure.gravatar.com\/avatar\/0bcf19cb29fdc8fc588c490c7ae1b3e174dac268586a63fbe1d1893a0f9020cd?s=96&r=g\",\"caption\":\"Reda\u00e7\u00e3o CP\"},\"url\":\"https:\/\/cleitonpinheiro.com.br\/site\/author\/redacao\/\"}]}<\/script>\n<!-- \/ Yoast SEO plugin. -->","yoast_head_json":{"title":"Emenda parlamentar: Governo do TO recebe mais de R$ 87 milh\u00f5es para investir na sa\u00fade - PORTAL DE NOT\u00cdCIAS CLEITON PINHEIRO","robots":{"index":"index","follow":"follow","max-snippet":"max-snippet:-1","max-image-preview":"max-image-preview:large","max-video-preview":"max-video-preview:-1"},"canonical":"https:\/\/cleitonpinheiro.com.br\/site\/emenda-parlamentar-governo-do-to-recebe-mais-de-r-87-milhoes-para-investir-na-saude\/","og_locale":"pt_BR","og_type":"article","og_title":"Emenda parlamentar: Governo do TO recebe mais de R$ 87 milh\u00f5es para investir na sa\u00fade - PORTAL DE NOT\u00cdCIAS CLEITON PINHEIRO","og_description":"Uma parte das despesas da Secretaria de Estado da Sa\u00fade (SES-TO), deste ano, est\u00e1 com o custeio garantido, por meio de emendas parlamentares da bancada federal do Tocantins no Congresso Nacional, que foram alocadas no Or\u00e7amento da Uni\u00e3o de 2023. Nesta quinta-feira, 31, foram liberados R$ 87.597.362,00. A verba \u00e9 destinada ao custeio dos Servi\u00e7os [&hellip;]","og_url":"https:\/\/cleitonpinheiro.com.br\/site\/emenda-parlamentar-governo-do-to-recebe-mais-de-r-87-milhoes-para-investir-na-saude\/","og_site_name":"PORTAL DE NOT\u00cdCIAS CLEITON PINHEIRO","article_publisher":"https:\/\/www.facebook.com\/portalcpnoticias\/","article_published_time":"2023-09-01T16:05:47+00:00","article_modified_time":"2023-09-01T16:05:49+00:00","og_image":[{"width":883,"height":505,"url":"https:\/\/cleitonpinheiro.com.br\/site\/wp-content\/uploads\/2023\/08\/344987.jpeg","type":"image\/jpeg"}],"author":"Reda\u00e7\u00e3o CP","twitter_card":"summary_large_image","twitter_misc":{"Escrito por":"Reda\u00e7\u00e3o CP","Est. tempo de leitura":"3 minutos"},"schema":{"@context":"https:\/\/schema.org","@graph":[{"@type":"Article","@id":"https:\/\/cleitonpinheiro.com.br\/site\/emenda-parlamentar-governo-do-to-recebe-mais-de-r-87-milhoes-para-investir-na-saude\/#article","isPartOf":{"@id":"https:\/\/cleitonpinheiro.com.br\/site\/emenda-parlamentar-governo-do-to-recebe-mais-de-r-87-milhoes-para-investir-na-saude\/"},"author":{"name":"Reda\u00e7\u00e3o CP","@id":"https:\/\/cleitonpinheiro.com.br\/site\/#\/schema\/person\/8f04544e0bc40a1b68775b08360f87db"},"headline":"Emenda parlamentar: Governo do TO recebe mais de R$ 87 milh\u00f5es para investir na sa\u00fade","datePublished":"2023-09-01T16:05:47+00:00","dateModified":"2023-09-01T16:05:49+00:00","mainEntityOfPage":{"@id":"https:\/\/cleitonpinheiro.com.br\/site\/emenda-parlamentar-governo-do-to-recebe-mais-de-r-87-milhoes-para-investir-na-saude\/"},"wordCount":535,"commentCount":0,"publisher":{"@id":"https:\/\/cleitonpinheiro.com.br\/site\/#organization"},"image":{"@id":"https:\/\/cleitonpinheiro.com.br\/site\/emenda-parlamentar-governo-do-to-recebe-mais-de-r-87-milhoes-para-investir-na-saude\/#primaryimage"},"thumbnailUrl":"https:\/\/cleitonpinheiro.com.br\/site\/wp-content\/uploads\/2023\/08\/344987.jpeg","keywords":["bancada do tocantins","emenda parlamentar","Sa\u00fade"],"articleSection":["ESTADO","MANCHETE SEGUND\u00c1RIA"],"inLanguage":"pt-BR","potentialAction":[{"@type":"CommentAction","name":"Comment","target":["https:\/\/cleitonpinheiro.com.br\/site\/emenda-parlamentar-governo-do-to-recebe-mais-de-r-87-milhoes-para-investir-na-saude\/#respond"]}]},{"@type":"WebPage","@id":"https:\/\/cleitonpinheiro.com.br\/site\/emenda-parlamentar-governo-do-to-recebe-mais-de-r-87-milhoes-para-investir-na-saude\/","url":"https:\/\/cleitonpinheiro.com.br\/site\/emenda-parlamentar-governo-do-to-recebe-mais-de-r-87-milhoes-para-investir-na-saude\/","name":"Emenda parlamentar: Governo do TO recebe mais de R$ 87 milh\u00f5es para investir na sa\u00fade - PORTAL DE NOT\u00cdCIAS CLEITON PINHEIRO","isPartOf":{"@id":"https:\/\/cleitonpinheiro.com.br\/site\/#website"},"primaryImageOfPage":{"@id":"https:\/\/cleitonpinheiro.com.br\/site\/emenda-parlamentar-governo-do-to-recebe-mais-de-r-87-milhoes-para-investir-na-saude\/#primaryimage"},"image":{"@id":"https:\/\/cleitonpinheiro.com.br\/site\/emenda-parlamentar-governo-do-to-recebe-mais-de-r-87-milhoes-para-investir-na-saude\/#primaryimage"},"thumbnailUrl":"https:\/\/cleitonpinheiro.com.br\/site\/wp-content\/uploads\/2023\/08\/344987.jpeg","datePublished":"2023-09-01T16:05:47+00:00","dateModified":"2023-09-01T16:05:49+00:00","breadcrumb":{"@id":"https:\/\/cleitonpinheiro.com.br\/site\/emenda-parlamentar-governo-do-to-recebe-mais-de-r-87-milhoes-para-investir-na-saude\/#breadcrumb"},"inLanguage":"pt-BR","potentialAction":[{"@type":"ReadAction","target":["https:\/\/cleitonpinheiro.com.br\/site\/emenda-parlamentar-governo-do-to-recebe-mais-de-r-87-milhoes-para-investir-na-saude\/"]}]},{"@type":"ImageObject","inLanguage":"pt-BR","@id":"https:\/\/cleitonpinheiro.com.br\/site\/emenda-parlamentar-governo-do-to-recebe-mais-de-r-87-milhoes-para-investir-na-saude\/#primaryimage","url":"","contentUrl":""},{"@type":"BreadcrumbList","@id":"https:\/\/cleitonpinheiro.com.br\/site\/emenda-parlamentar-governo-do-to-recebe-mais-de-r-87-milhoes-para-investir-na-saude\/#breadcrumb","itemListElement":[{"@type":"ListItem","position":1,"name":"In\u00edcio","item":"https:\/\/cleitonpinheiro.com.br\/site\/"},{"@type":"ListItem","position":2,"name":"Emenda parlamentar: Governo do TO recebe mais de R$ 87 milh\u00f5es para investir na sa\u00fade"}]},{"@type":"WebSite","@id":"https:\/\/cleitonpinheiro.com.br\/site\/#website","url":"https:\/\/cleitonpinheiro.com.br\/site\/","name":"PORTAL DE NOT\u00cdCIAS CLEITON PINHEIRO","description":"FALANDO A VERDADE","publisher":{"@id":"https:\/\/cleitonpinheiro.com.br\/site\/#organization"},"potentialAction":[{"@type":"SearchAction","target":{"@type":"EntryPoint","urlTemplate":"https:\/\/cleitonpinheiro.com.br\/site\/?s={search_term_string}"},"query-input":{"@type":"PropertyValueSpecification","valueRequired":true,"valueName":"search_term_string"}}],"inLanguage":"pt-BR"},{"@type":"Organization","@id":"https:\/\/cleitonpinheiro.com.br\/site\/#organization","name":"CPNOT\u00cdCIAS","url":"https:\/\/cleitonpinheiro.com.br\/site\/","logo":{"@type":"ImageObject","inLanguage":"pt-BR","@id":"https:\/\/cleitonpinheiro.com.br\/site\/#\/schema\/logo\/image\/","url":"https:\/\/cleitonpinheiro.com.br\/site\/wp-content\/uploads\/2022\/08\/Logo-pequena-2.png","contentUrl":"https:\/\/cleitonpinheiro.com.br\/site\/wp-content\/uploads\/2022\/08\/Logo-pequena-2.png","width":500,"height":500,"caption":"CPNOT\u00cdCIAS"},"image":{"@id":"https:\/\/cleitonpinheiro.com.br\/site\/#\/schema\/logo\/image\/"},"sameAs":["https:\/\/www.facebook.com\/portalcpnoticias\/"]},{"@type":"Person","@id":"https:\/\/cleitonpinheiro.com.br\/site\/#\/schema\/person\/8f04544e0bc40a1b68775b08360f87db","name":"Reda\u00e7\u00e3o CP","image":{"@type":"ImageObject","inLanguage":"pt-BR","@id":"https:\/\/cleitonpinheiro.com.br\/site\/#\/schema\/person\/image\/","url":"https:\/\/secure.gravatar.com\/avatar\/0bcf19cb29fdc8fc588c490c7ae1b3e174dac268586a63fbe1d1893a0f9020cd?s=96&r=g","contentUrl":"https:\/\/secure.gravatar.com\/avatar\/0bcf19cb29fdc8fc588c490c7ae1b3e174dac268586a63fbe1d1893a0f9020cd?s=96&r=g","caption":"Reda\u00e7\u00e3o CP"},"url":"https:\/\/cleitonpinheiro.com.br\/site\/author\/redacao\/"}]}},"views":137,"_links":{"self":[{"href":"https:\/\/cleitonpinheiro.com.br\/site\/wp-json\/wp\/v2\/posts\/73914","targetHints":{"allow":["GET"]}}],"collection":[{"href":"https:\/\/cleitonpinheiro.com.br\/site\/wp-json\/wp\/v2\/posts"}],"about":[{"href":"https:\/\/cleitonpinheiro.com.br\/site\/wp-json\/wp\/v2\/types\/post"}],"author":[{"embeddable":true,"href":"https:\/\/cleitonpinheiro.com.br\/site\/wp-json\/wp\/v2\/users\/13"}],"replies":[{"embeddable":true,"href":"https:\/\/cleitonpinheiro.com.br\/site\/wp-json\/wp\/v2\/comments?post=73914"}],"version-history":[{"count":1,"href":"https:\/\/cleitonpinheiro.com.br\/site\/wp-json\/wp\/v2\/posts\/73914\/revisions"}],"predecessor-version":[{"id":73916,"href":"https:\/\/cleitonpinheiro.com.br\/site\/wp-json\/wp\/v2\/posts\/73914\/revisions\/73916"}],"wp:attachment":[{"href":"https:\/\/cleitonpinheiro.com.br\/site\/wp-json\/wp\/v2\/media?parent=73914"}],"wp:term":[{"taxonomy":"category","embeddable":true,"href":"https:\/\/cleitonpinheiro.com.br\/site\/wp-json\/wp\/v2\/categories?post=73914"},{"taxonomy":"post_tag","embeddable":true,"href":"https:\/\/cleitonpinheiro.com.br\/site\/wp-json\/wp\/v2\/tags?post=73914"}],"curies":[{"name":"wp","href":"https:\/\/api.w.org\/{rel}","templated":true}]}}