{"id":73931,"date":"2023-09-01T13:04:42","date_gmt":"2023-09-01T16:04:42","guid":{"rendered":"https:\/\/cleitonpinheiro.com.br\/site\/?p=73931"},"modified":"2023-09-01T13:04:43","modified_gmt":"2023-09-01T16:04:43","slug":"agentes-comunitarios-de-saude-e-de-combate-a-endemias-estao-em-greve-em-colinas-do-tocantins","status":"publish","type":"post","link":"https:\/\/cleitonpinheiro.com.br\/site\/agentes-comunitarios-de-saude-e-de-combate-a-endemias-estao-em-greve-em-colinas-do-tocantins\/","title":{"rendered":"Agentes Comunit\u00e1rios de Sa\u00fade e de Combate a Endemias est\u00e3o em greve em Colinas do Tocantins"},"content":{"rendered":"\n<figure class=\"wp-block-image size-full\"><img decoding=\"async\" src=\"https:\/\/cleitonpinheiro.com.br\/site\/wp-content\/uploads\/2023\/08\/Foto-4-credito-Divulgacao-Sintras.png\" alt=\"\" class=\"wp-image-73932\"\/><figcaption class=\"wp-element-caption\">A greve iniciou dia 22 deste m\u00eas por tempo indeterminado &#8211; Foto: Divulga\u00e7\u00e3o Sintras.           \n\n<\/figcaption><\/figure>\n\n\n\n<p class=\"wp-block-paragraph\">A greve dos Agentes Comunit\u00e1rios de Sa\u00fade (ACS) e dos Agentes de Combate a Endemias (ACS) em Colinas do Tocantins segue por tempo indeterminado. Com dez dias de paralisa\u00e7\u00e3o, a diretoria do Sintras e os profissionais aguardam abertura de negocia\u00e7\u00e3o com o prefeito Josemar Carlos Casarin para discutir a atualiza\u00e7\u00e3o salarial na tabela do Plano de Cargo Carreira e Remunera\u00e7\u00e3o (PCCR).<\/p>\n\n\n\n<p class=\"wp-block-paragraph\">Nesse tempo de paralisa\u00e7\u00e3o, os grevistas realizaram caminhada nas principais avenidas da cidade no intuito de esclarecer para a popula\u00e7\u00e3o sobre as reivindica\u00e7\u00f5es da classe e fortalecer o movimento. Para o presidente do Sintras, Manoel Pereira de Miranda, a gest\u00e3o teria que fazer isso como demanda de rotina. \u201c\u00c9 um direito t\u00e3o \u00f3bvio, que nem precisava uma mobiliza\u00e7\u00e3o dessa para a gest\u00e3o municipal entender que \u00e9 um direito adquirido, e que com a altera\u00e7\u00e3o do sal\u00e1rio m\u00ednimo todo in\u00edcio do ano, j\u00e1 deveria constar nas demandas da prefeitura essa altera\u00e7\u00e3o na tabela financeira. T\u00e1 na Lei\u201d, ressaltou Miranda.<\/p>\n\n\n\n<p class=\"wp-block-paragraph\">Segundo o diretor da regional do Sintras em Colinas, a falta de atualiza\u00e7\u00e3o da tabela financeira no PCCR gera preju\u00edzos a categoria. \u201cQuando o valor do sal\u00e1rio m\u00ednimo aumenta, a gest\u00e3o municipal tem que fazer a atualiza\u00e7\u00e3o no in\u00edcio da tabela para n\u00e3o gerar perdas financeiras para os agentes no que refere as suas progress\u00f5es horizontais e verticais\u201d, disse o diretor Tesoureiro, Mikel de Sousa Silva.<\/p>\n\n\n\n<p class=\"wp-block-paragraph\">Ele ainda explica que \u201ca gest\u00e3o mant\u00e9m hoje uma tabela vigente do ano de 2021, a qual seu vencimento inicial n\u00e3o corresponde os dois sal\u00e1rios m\u00ednimos que determina a Emenda Constitucinal-120, dessa forma deixando os servidores sem evolu\u00e7\u00e3o. \u00c9 o que estamos cobrando a atualiza\u00e7\u00e3o do sal\u00e1rio m\u00ednimo na tabela financeira correspondente ao ano de 2023 e o prefeito atualizar os valores das progress\u00f5es\u201d, afirmou Mikel.<\/p>\n\n\n\n<h2 class=\"wp-block-heading\">Greve<\/h2>\n\n\n\n<p class=\"wp-block-paragraph\">O movimento paredista segue com os profissionais mobilizados na frente das unidades de sa\u00fade e na Pra\u00e7a 7 de Setembro. Atualmente 85 agentes comp\u00f5e o quadro de servidores efetivos do munic\u00edpio.<br>A greve por tempo indeterminado foi deliberada em Assembleia Geral em 15 de agosto, no audit\u00f3rio da C\u00e2mara Municipal de Colinas do Tocantins.<\/p>\n","protected":false},"excerpt":{"rendered":"<p>A greve dos Agentes Comunit\u00e1rios de Sa\u00fade (ACS) e dos Agentes de Combate a Endemias (ACS) em Colinas do Tocantins segue por tempo indeterminado. Com dez dias de paralisa\u00e7\u00e3o, a diretoria do Sintras e os profissionais aguardam abertura de negocia\u00e7\u00e3o com o prefeito Josemar Carlos Casarin para discutir a atualiza\u00e7\u00e3o salarial na tabela do Plano [&hellip;]<\/p>\n","protected":false},"author":13,"featured_media":0,"comment_status":"open","ping_status":"open","sticky":false,"template":"","format":"standard","meta":{"_acf_changed":false,"footnotes":""},"categories":[22,898],"tags":[],"class_list":["post-73931","post","type-post","status-publish","format-standard","hentry","category-cidades","category-manchete-segundaria"],"acf":[],"yoast_head":"<!-- This site is optimized with the Yoast SEO plugin v24.4 - https:\/\/yoast.com\/wordpress\/plugins\/seo\/ -->\n<title>Agentes Comunit\u00e1rios de Sa\u00fade e de Combate a Endemias est\u00e3o em greve em Colinas do Tocantins - PORTAL DE NOT\u00cdCIAS CLEITON PINHEIRO<\/title>\n<meta name=\"robots\" content=\"index, follow, max-snippet:-1, max-image-preview:large, max-video-preview:-1\" \/>\n<link rel=\"canonical\" href=\"https:\/\/cleitonpinheiro.com.br\/site\/agentes-comunitarios-de-saude-e-de-combate-a-endemias-estao-em-greve-em-colinas-do-tocantins\/\" \/>\n<meta property=\"og:locale\" content=\"pt_BR\" \/>\n<meta property=\"og:type\" content=\"article\" \/>\n<meta property=\"og:title\" content=\"Agentes Comunit\u00e1rios de Sa\u00fade e de Combate a Endemias est\u00e3o em greve em Colinas do Tocantins - PORTAL DE NOT\u00cdCIAS CLEITON PINHEIRO\" \/>\n<meta property=\"og:description\" content=\"A greve dos Agentes Comunit\u00e1rios de Sa\u00fade (ACS) e dos Agentes de Combate a Endemias (ACS) em Colinas do Tocantins segue por tempo indeterminado. Com dez dias de paralisa\u00e7\u00e3o, a diretoria do Sintras e os profissionais aguardam abertura de negocia\u00e7\u00e3o com o prefeito Josemar Carlos Casarin para discutir a atualiza\u00e7\u00e3o salarial na tabela do Plano [&hellip;]\" \/>\n<meta property=\"og:url\" content=\"https:\/\/cleitonpinheiro.com.br\/site\/agentes-comunitarios-de-saude-e-de-combate-a-endemias-estao-em-greve-em-colinas-do-tocantins\/\" \/>\n<meta property=\"og:site_name\" content=\"PORTAL DE NOT\u00cdCIAS CLEITON PINHEIRO\" \/>\n<meta property=\"article:publisher\" content=\"https:\/\/www.facebook.com\/portalcpnoticias\/\" \/>\n<meta property=\"article:published_time\" content=\"2023-09-01T16:04:42+00:00\" \/>\n<meta property=\"article:modified_time\" content=\"2023-09-01T16:04:43+00:00\" \/>\n<meta property=\"og:image\" content=\"https:\/\/cleitonpinheiro.com.br\/site\/wp-content\/uploads\/2023\/08\/Foto-4-credito-Divulgacao-Sintras.png\" \/>\n\t<meta property=\"og:image:width\" content=\"750\" \/>\n\t<meta property=\"og:image:height\" content=\"450\" \/>\n\t<meta property=\"og:image:type\" content=\"image\/png\" \/>\n<meta name=\"author\" content=\"Reda\u00e7\u00e3o CP\" \/>\n<meta name=\"twitter:card\" content=\"summary_large_image\" \/>\n<meta name=\"twitter:label1\" content=\"Escrito por\" \/>\n\t<meta name=\"twitter:data1\" content=\"Reda\u00e7\u00e3o CP\" \/>\n\t<meta name=\"twitter:label2\" content=\"Est. tempo de leitura\" \/>\n\t<meta name=\"twitter:data2\" content=\"3 minutos\" \/>\n<script type=\"application\/ld+json\" class=\"yoast-schema-graph\">{\"@context\":\"https:\/\/schema.org\",\"@graph\":[{\"@type\":\"Article\",\"@id\":\"https:\/\/cleitonpinheiro.com.br\/site\/agentes-comunitarios-de-saude-e-de-combate-a-endemias-estao-em-greve-em-colinas-do-tocantins\/#article\",\"isPartOf\":{\"@id\":\"https:\/\/cleitonpinheiro.com.br\/site\/agentes-comunitarios-de-saude-e-de-combate-a-endemias-estao-em-greve-em-colinas-do-tocantins\/\"},\"author\":{\"name\":\"Reda\u00e7\u00e3o CP\",\"@id\":\"https:\/\/cleitonpinheiro.com.br\/site\/#\/schema\/person\/8f04544e0bc40a1b68775b08360f87db\"},\"headline\":\"Agentes Comunit\u00e1rios de Sa\u00fade e de Combate a Endemias est\u00e3o em greve em Colinas do Tocantins\",\"datePublished\":\"2023-09-01T16:04:42+00:00\",\"dateModified\":\"2023-09-01T16:04:43+00:00\",\"mainEntityOfPage\":{\"@id\":\"https:\/\/cleitonpinheiro.com.br\/site\/agentes-comunitarios-de-saude-e-de-combate-a-endemias-estao-em-greve-em-colinas-do-tocantins\/\"},\"wordCount\":415,\"commentCount\":0,\"publisher\":{\"@id\":\"https:\/\/cleitonpinheiro.com.br\/site\/#organization\"},\"image\":{\"@id\":\"https:\/\/cleitonpinheiro.com.br\/site\/agentes-comunitarios-de-saude-e-de-combate-a-endemias-estao-em-greve-em-colinas-do-tocantins\/#primaryimage\"},\"thumbnailUrl\":\"https:\/\/cleitonpinheiro.com.br\/site\/wp-content\/uploads\/2023\/08\/Foto-4-credito-Divulgacao-Sintras.png\",\"articleSection\":[\"CIDADES\",\"MANCHETE SEGUND\u00c1RIA\"],\"inLanguage\":\"pt-BR\",\"potentialAction\":[{\"@type\":\"CommentAction\",\"name\":\"Comment\",\"target\":[\"https:\/\/cleitonpinheiro.com.br\/site\/agentes-comunitarios-de-saude-e-de-combate-a-endemias-estao-em-greve-em-colinas-do-tocantins\/#respond\"]}]},{\"@type\":\"WebPage\",\"@id\":\"https:\/\/cleitonpinheiro.com.br\/site\/agentes-comunitarios-de-saude-e-de-combate-a-endemias-estao-em-greve-em-colinas-do-tocantins\/\",\"url\":\"https:\/\/cleitonpinheiro.com.br\/site\/agentes-comunitarios-de-saude-e-de-combate-a-endemias-estao-em-greve-em-colinas-do-tocantins\/\",\"name\":\"Agentes Comunit\u00e1rios de Sa\u00fade e de Combate a Endemias est\u00e3o em greve em Colinas do Tocantins - PORTAL DE NOT\u00cdCIAS CLEITON PINHEIRO\",\"isPartOf\":{\"@id\":\"https:\/\/cleitonpinheiro.com.br\/site\/#website\"},\"primaryImageOfPage\":{\"@id\":\"https:\/\/cleitonpinheiro.com.br\/site\/agentes-comunitarios-de-saude-e-de-combate-a-endemias-estao-em-greve-em-colinas-do-tocantins\/#primaryimage\"},\"image\":{\"@id\":\"https:\/\/cleitonpinheiro.com.br\/site\/agentes-comunitarios-de-saude-e-de-combate-a-endemias-estao-em-greve-em-colinas-do-tocantins\/#primaryimage\"},\"thumbnailUrl\":\"https:\/\/cleitonpinheiro.com.br\/site\/wp-content\/uploads\/2023\/08\/Foto-4-credito-Divulgacao-Sintras.png\",\"datePublished\":\"2023-09-01T16:04:42+00:00\",\"dateModified\":\"2023-09-01T16:04:43+00:00\",\"breadcrumb\":{\"@id\":\"https:\/\/cleitonpinheiro.com.br\/site\/agentes-comunitarios-de-saude-e-de-combate-a-endemias-estao-em-greve-em-colinas-do-tocantins\/#breadcrumb\"},\"inLanguage\":\"pt-BR\",\"potentialAction\":[{\"@type\":\"ReadAction\",\"target\":[\"https:\/\/cleitonpinheiro.com.br\/site\/agentes-comunitarios-de-saude-e-de-combate-a-endemias-estao-em-greve-em-colinas-do-tocantins\/\"]}]},{\"@type\":\"ImageObject\",\"inLanguage\":\"pt-BR\",\"@id\":\"https:\/\/cleitonpinheiro.com.br\/site\/agentes-comunitarios-de-saude-e-de-combate-a-endemias-estao-em-greve-em-colinas-do-tocantins\/#primaryimage\",\"url\":\"\",\"contentUrl\":\"\"},{\"@type\":\"BreadcrumbList\",\"@id\":\"https:\/\/cleitonpinheiro.com.br\/site\/agentes-comunitarios-de-saude-e-de-combate-a-endemias-estao-em-greve-em-colinas-do-tocantins\/#breadcrumb\",\"itemListElement\":[{\"@type\":\"ListItem\",\"position\":1,\"name\":\"In\u00edcio\",\"item\":\"https:\/\/cleitonpinheiro.com.br\/site\/\"},{\"@type\":\"ListItem\",\"position\":2,\"name\":\"Agentes Comunit\u00e1rios de Sa\u00fade e de Combate a Endemias est\u00e3o em greve em Colinas do Tocantins\"}]},{\"@type\":\"WebSite\",\"@id\":\"https:\/\/cleitonpinheiro.com.br\/site\/#website\",\"url\":\"https:\/\/cleitonpinheiro.com.br\/site\/\",\"name\":\"PORTAL DE NOT\u00cdCIAS CLEITON PINHEIRO\",\"description\":\"FALANDO A VERDADE\",\"publisher\":{\"@id\":\"https:\/\/cleitonpinheiro.com.br\/site\/#organization\"},\"potentialAction\":[{\"@type\":\"SearchAction\",\"target\":{\"@type\":\"EntryPoint\",\"urlTemplate\":\"https:\/\/cleitonpinheiro.com.br\/site\/?s={search_term_string}\"},\"query-input\":{\"@type\":\"PropertyValueSpecification\",\"valueRequired\":true,\"valueName\":\"search_term_string\"}}],\"inLanguage\":\"pt-BR\"},{\"@type\":\"Organization\",\"@id\":\"https:\/\/cleitonpinheiro.com.br\/site\/#organization\",\"name\":\"CPNOT\u00cdCIAS\",\"url\":\"https:\/\/cleitonpinheiro.com.br\/site\/\",\"logo\":{\"@type\":\"ImageObject\",\"inLanguage\":\"pt-BR\",\"@id\":\"https:\/\/cleitonpinheiro.com.br\/site\/#\/schema\/logo\/image\/\",\"url\":\"https:\/\/cleitonpinheiro.com.br\/site\/wp-content\/uploads\/2022\/08\/Logo-pequena-2.png\",\"contentUrl\":\"https:\/\/cleitonpinheiro.com.br\/site\/wp-content\/uploads\/2022\/08\/Logo-pequena-2.png\",\"width\":500,\"height\":500,\"caption\":\"CPNOT\u00cdCIAS\"},\"image\":{\"@id\":\"https:\/\/cleitonpinheiro.com.br\/site\/#\/schema\/logo\/image\/\"},\"sameAs\":[\"https:\/\/www.facebook.com\/portalcpnoticias\/\"]},{\"@type\":\"Person\",\"@id\":\"https:\/\/cleitonpinheiro.com.br\/site\/#\/schema\/person\/8f04544e0bc40a1b68775b08360f87db\",\"name\":\"Reda\u00e7\u00e3o CP\",\"image\":{\"@type\":\"ImageObject\",\"inLanguage\":\"pt-BR\",\"@id\":\"https:\/\/cleitonpinheiro.com.br\/site\/#\/schema\/person\/image\/\",\"url\":\"https:\/\/secure.gravatar.com\/avatar\/0bcf19cb29fdc8fc588c490c7ae1b3e174dac268586a63fbe1d1893a0f9020cd?s=96&r=g\",\"contentUrl\":\"https:\/\/secure.gravatar.com\/avatar\/0bcf19cb29fdc8fc588c490c7ae1b3e174dac268586a63fbe1d1893a0f9020cd?s=96&r=g\",\"caption\":\"Reda\u00e7\u00e3o CP\"},\"url\":\"https:\/\/cleitonpinheiro.com.br\/site\/author\/redacao\/\"}]}<\/script>\n<!-- \/ Yoast SEO plugin. -->","yoast_head_json":{"title":"Agentes Comunit\u00e1rios de Sa\u00fade e de Combate a Endemias est\u00e3o em greve em Colinas do Tocantins - PORTAL DE NOT\u00cdCIAS CLEITON PINHEIRO","robots":{"index":"index","follow":"follow","max-snippet":"max-snippet:-1","max-image-preview":"max-image-preview:large","max-video-preview":"max-video-preview:-1"},"canonical":"https:\/\/cleitonpinheiro.com.br\/site\/agentes-comunitarios-de-saude-e-de-combate-a-endemias-estao-em-greve-em-colinas-do-tocantins\/","og_locale":"pt_BR","og_type":"article","og_title":"Agentes Comunit\u00e1rios de Sa\u00fade e de Combate a Endemias est\u00e3o em greve em Colinas do Tocantins - PORTAL DE NOT\u00cdCIAS CLEITON PINHEIRO","og_description":"A greve dos Agentes Comunit\u00e1rios de Sa\u00fade (ACS) e dos Agentes de Combate a Endemias (ACS) em Colinas do Tocantins segue por tempo indeterminado. Com dez dias de paralisa\u00e7\u00e3o, a diretoria do Sintras e os profissionais aguardam abertura de negocia\u00e7\u00e3o com o prefeito Josemar Carlos Casarin para discutir a atualiza\u00e7\u00e3o salarial na tabela do Plano [&hellip;]","og_url":"https:\/\/cleitonpinheiro.com.br\/site\/agentes-comunitarios-de-saude-e-de-combate-a-endemias-estao-em-greve-em-colinas-do-tocantins\/","og_site_name":"PORTAL DE NOT\u00cdCIAS CLEITON PINHEIRO","article_publisher":"https:\/\/www.facebook.com\/portalcpnoticias\/","article_published_time":"2023-09-01T16:04:42+00:00","article_modified_time":"2023-09-01T16:04:43+00:00","og_image":[{"width":750,"height":450,"url":"https:\/\/cleitonpinheiro.com.br\/site\/wp-content\/uploads\/2023\/08\/Foto-4-credito-Divulgacao-Sintras.png","type":"image\/png"}],"author":"Reda\u00e7\u00e3o CP","twitter_card":"summary_large_image","twitter_misc":{"Escrito por":"Reda\u00e7\u00e3o CP","Est. tempo de leitura":"3 minutos"},"schema":{"@context":"https:\/\/schema.org","@graph":[{"@type":"Article","@id":"https:\/\/cleitonpinheiro.com.br\/site\/agentes-comunitarios-de-saude-e-de-combate-a-endemias-estao-em-greve-em-colinas-do-tocantins\/#article","isPartOf":{"@id":"https:\/\/cleitonpinheiro.com.br\/site\/agentes-comunitarios-de-saude-e-de-combate-a-endemias-estao-em-greve-em-colinas-do-tocantins\/"},"author":{"name":"Reda\u00e7\u00e3o CP","@id":"https:\/\/cleitonpinheiro.com.br\/site\/#\/schema\/person\/8f04544e0bc40a1b68775b08360f87db"},"headline":"Agentes Comunit\u00e1rios de Sa\u00fade e de Combate a Endemias est\u00e3o em greve em Colinas do Tocantins","datePublished":"2023-09-01T16:04:42+00:00","dateModified":"2023-09-01T16:04:43+00:00","mainEntityOfPage":{"@id":"https:\/\/cleitonpinheiro.com.br\/site\/agentes-comunitarios-de-saude-e-de-combate-a-endemias-estao-em-greve-em-colinas-do-tocantins\/"},"wordCount":415,"commentCount":0,"publisher":{"@id":"https:\/\/cleitonpinheiro.com.br\/site\/#organization"},"image":{"@id":"https:\/\/cleitonpinheiro.com.br\/site\/agentes-comunitarios-de-saude-e-de-combate-a-endemias-estao-em-greve-em-colinas-do-tocantins\/#primaryimage"},"thumbnailUrl":"https:\/\/cleitonpinheiro.com.br\/site\/wp-content\/uploads\/2023\/08\/Foto-4-credito-Divulgacao-Sintras.png","articleSection":["CIDADES","MANCHETE SEGUND\u00c1RIA"],"inLanguage":"pt-BR","potentialAction":[{"@type":"CommentAction","name":"Comment","target":["https:\/\/cleitonpinheiro.com.br\/site\/agentes-comunitarios-de-saude-e-de-combate-a-endemias-estao-em-greve-em-colinas-do-tocantins\/#respond"]}]},{"@type":"WebPage","@id":"https:\/\/cleitonpinheiro.com.br\/site\/agentes-comunitarios-de-saude-e-de-combate-a-endemias-estao-em-greve-em-colinas-do-tocantins\/","url":"https:\/\/cleitonpinheiro.com.br\/site\/agentes-comunitarios-de-saude-e-de-combate-a-endemias-estao-em-greve-em-colinas-do-tocantins\/","name":"Agentes Comunit\u00e1rios de Sa\u00fade e de Combate a Endemias est\u00e3o em greve em Colinas do Tocantins - PORTAL DE NOT\u00cdCIAS CLEITON PINHEIRO","isPartOf":{"@id":"https:\/\/cleitonpinheiro.com.br\/site\/#website"},"primaryImageOfPage":{"@id":"https:\/\/cleitonpinheiro.com.br\/site\/agentes-comunitarios-de-saude-e-de-combate-a-endemias-estao-em-greve-em-colinas-do-tocantins\/#primaryimage"},"image":{"@id":"https:\/\/cleitonpinheiro.com.br\/site\/agentes-comunitarios-de-saude-e-de-combate-a-endemias-estao-em-greve-em-colinas-do-tocantins\/#primaryimage"},"thumbnailUrl":"https:\/\/cleitonpinheiro.com.br\/site\/wp-content\/uploads\/2023\/08\/Foto-4-credito-Divulgacao-Sintras.png","datePublished":"2023-09-01T16:04:42+00:00","dateModified":"2023-09-01T16:04:43+00:00","breadcrumb":{"@id":"https:\/\/cleitonpinheiro.com.br\/site\/agentes-comunitarios-de-saude-e-de-combate-a-endemias-estao-em-greve-em-colinas-do-tocantins\/#breadcrumb"},"inLanguage":"pt-BR","potentialAction":[{"@type":"ReadAction","target":["https:\/\/cleitonpinheiro.com.br\/site\/agentes-comunitarios-de-saude-e-de-combate-a-endemias-estao-em-greve-em-colinas-do-tocantins\/"]}]},{"@type":"ImageObject","inLanguage":"pt-BR","@id":"https:\/\/cleitonpinheiro.com.br\/site\/agentes-comunitarios-de-saude-e-de-combate-a-endemias-estao-em-greve-em-colinas-do-tocantins\/#primaryimage","url":"","contentUrl":""},{"@type":"BreadcrumbList","@id":"https:\/\/cleitonpinheiro.com.br\/site\/agentes-comunitarios-de-saude-e-de-combate-a-endemias-estao-em-greve-em-colinas-do-tocantins\/#breadcrumb","itemListElement":[{"@type":"ListItem","position":1,"name":"In\u00edcio","item":"https:\/\/cleitonpinheiro.com.br\/site\/"},{"@type":"ListItem","position":2,"name":"Agentes Comunit\u00e1rios de Sa\u00fade e de Combate a Endemias est\u00e3o em greve em Colinas do Tocantins"}]},{"@type":"WebSite","@id":"https:\/\/cleitonpinheiro.com.br\/site\/#website","url":"https:\/\/cleitonpinheiro.com.br\/site\/","name":"PORTAL DE NOT\u00cdCIAS CLEITON PINHEIRO","description":"FALANDO A VERDADE","publisher":{"@id":"https:\/\/cleitonpinheiro.com.br\/site\/#organization"},"potentialAction":[{"@type":"SearchAction","target":{"@type":"EntryPoint","urlTemplate":"https:\/\/cleitonpinheiro.com.br\/site\/?s={search_term_string}"},"query-input":{"@type":"PropertyValueSpecification","valueRequired":true,"valueName":"search_term_string"}}],"inLanguage":"pt-BR"},{"@type":"Organization","@id":"https:\/\/cleitonpinheiro.com.br\/site\/#organization","name":"CPNOT\u00cdCIAS","url":"https:\/\/cleitonpinheiro.com.br\/site\/","logo":{"@type":"ImageObject","inLanguage":"pt-BR","@id":"https:\/\/cleitonpinheiro.com.br\/site\/#\/schema\/logo\/image\/","url":"https:\/\/cleitonpinheiro.com.br\/site\/wp-content\/uploads\/2022\/08\/Logo-pequena-2.png","contentUrl":"https:\/\/cleitonpinheiro.com.br\/site\/wp-content\/uploads\/2022\/08\/Logo-pequena-2.png","width":500,"height":500,"caption":"CPNOT\u00cdCIAS"},"image":{"@id":"https:\/\/cleitonpinheiro.com.br\/site\/#\/schema\/logo\/image\/"},"sameAs":["https:\/\/www.facebook.com\/portalcpnoticias\/"]},{"@type":"Person","@id":"https:\/\/cleitonpinheiro.com.br\/site\/#\/schema\/person\/8f04544e0bc40a1b68775b08360f87db","name":"Reda\u00e7\u00e3o CP","image":{"@type":"ImageObject","inLanguage":"pt-BR","@id":"https:\/\/cleitonpinheiro.com.br\/site\/#\/schema\/person\/image\/","url":"https:\/\/secure.gravatar.com\/avatar\/0bcf19cb29fdc8fc588c490c7ae1b3e174dac268586a63fbe1d1893a0f9020cd?s=96&r=g","contentUrl":"https:\/\/secure.gravatar.com\/avatar\/0bcf19cb29fdc8fc588c490c7ae1b3e174dac268586a63fbe1d1893a0f9020cd?s=96&r=g","caption":"Reda\u00e7\u00e3o CP"},"url":"https:\/\/cleitonpinheiro.com.br\/site\/author\/redacao\/"}]}},"views":126,"_links":{"self":[{"href":"https:\/\/cleitonpinheiro.com.br\/site\/wp-json\/wp\/v2\/posts\/73931","targetHints":{"allow":["GET"]}}],"collection":[{"href":"https:\/\/cleitonpinheiro.com.br\/site\/wp-json\/wp\/v2\/posts"}],"about":[{"href":"https:\/\/cleitonpinheiro.com.br\/site\/wp-json\/wp\/v2\/types\/post"}],"author":[{"embeddable":true,"href":"https:\/\/cleitonpinheiro.com.br\/site\/wp-json\/wp\/v2\/users\/13"}],"replies":[{"embeddable":true,"href":"https:\/\/cleitonpinheiro.com.br\/site\/wp-json\/wp\/v2\/comments?post=73931"}],"version-history":[{"count":2,"href":"https:\/\/cleitonpinheiro.com.br\/site\/wp-json\/wp\/v2\/posts\/73931\/revisions"}],"predecessor-version":[{"id":73934,"href":"https:\/\/cleitonpinheiro.com.br\/site\/wp-json\/wp\/v2\/posts\/73931\/revisions\/73934"}],"wp:attachment":[{"href":"https:\/\/cleitonpinheiro.com.br\/site\/wp-json\/wp\/v2\/media?parent=73931"}],"wp:term":[{"taxonomy":"category","embeddable":true,"href":"https:\/\/cleitonpinheiro.com.br\/site\/wp-json\/wp\/v2\/categories?post=73931"},{"taxonomy":"post_tag","embeddable":true,"href":"https:\/\/cleitonpinheiro.com.br\/site\/wp-json\/wp\/v2\/tags?post=73931"}],"curies":[{"name":"wp","href":"https:\/\/api.w.org\/{rel}","templated":true}]}}