{"id":73935,"date":"2023-09-01T13:04:12","date_gmt":"2023-09-01T16:04:12","guid":{"rendered":"https:\/\/cleitonpinheiro.com.br\/site\/?p=73935"},"modified":"2023-12-27T11:24:08","modified_gmt":"2023-12-27T14:24:08","slug":"cine-cultura-traz-passagens-e-para-onde-voam-as-feiticeiras-na-programacao-desta-semana","status":"publish","type":"post","link":"https:\/\/cleitonpinheiro.com.br\/site\/cine-cultura-traz-passagens-e-para-onde-voam-as-feiticeiras-na-programacao-desta-semana\/","title":{"rendered":"Cine Cultura traz \u2018Passagens\u2019 e \u2018Para onde voam as feiticeiras\u2019 na programa\u00e7\u00e3o desta semana"},"content":{"rendered":"\n<figure class=\"wp-block-image size-full\"><img decoding=\"async\" src=\"https:\/\/cleitonpinheiro.com.br\/site\/wp-content\/uploads\/2023\/08\/unnamed.jpg\" alt=\"\" class=\"wp-image-73936\"\/><figcaption class=\"wp-element-caption\">&#8220;Para onde voam as feiticeiras\u2019 acompanha a deriva de encena\u00e7\u00f5es e improvisos de sete artistas pelas ruas do centro de S\u00e3o Paulo &#8211; Foto: Divulga\u00e7\u00e3o<\/figcaption><\/figure>\n\n\n\n<p class=\"wp-block-paragraph\">Um retrato c\u00f4mico, sexy e honesto dos relacionamentos t\u00f3xicos na era moderna. \u00c9 disso que se trata \u201cPassagens&#8221;, filme estrelado por Franz Rogowski, Ben Whishaw e Ad\u00e8le Exarchopoulos. A obra de Ira Sachs estreia no Cine Cultura nesta sexta-feira, 1\u00ba de setembro, \u00e0s 18h30. Passagens \u00e9 um lan\u00e7amento MUBI em parceria com a O2 Play Filmes.<\/p>\n\n\n\n<p class=\"wp-block-paragraph\">Outra obra em cartaz nesta semana \u00e9 \u2018Para onde voam as feiticeiras\u2019. O filme acompanha a deriva de encena\u00e7\u00f5es e improvisos de sete artistas pelas ruas do centro de S\u00e3o Paulo em uma experi\u00eancia cinematogr\u00e1fica que torna vis\u00edvel a persist\u00eancia de preconceitos arcaicos de g\u00eanero e ra\u00e7a no imagin\u00e1rio comum. No centro da narrativa est\u00e1 a import\u00e2ncia da resist\u00eancia pol\u00edtica atrav\u00e9s das alian\u00e7as de luta comum entre coletivos LGBTQIA+, negritude, ind\u00edgenas e trabalhadores sem teto.&nbsp;<\/p>\n\n\n\n<p class=\"wp-block-paragraph\"><strong>Ingressos<\/strong><br>Os ingressos para assistir aos filmes da programa\u00e7\u00e3o desta semana est\u00e3o dispon\u00edveis no Cine Cultura, localizado no Espa\u00e7o Cultural Jos\u00e9 Gomes Sobrinho,&nbsp;todos no valor de R$ 15,00 a inteira e R$ 7,50, a meia entrada. O Cine Cultura Palmas reserva o direito de alterar a programa\u00e7\u00e3o sem aviso pr\u00e9vio.<\/p>\n\n\n\n<p class=\"wp-block-paragraph\">Para mais informa\u00e7\u00f5es, ligue no telefone 3212-7308.<\/p>\n\n\n\n<p class=\"wp-block-paragraph\"><strong>Programa\u00e7\u00e3o<\/strong><\/p>\n\n\n\n<blockquote class=\"wp-block-quote is-layout-flow wp-block-quote-is-layout-flow\">\n<p class=\"wp-block-paragraph\"><strong>Quinta 31\/08<\/strong><\/p>\n<\/blockquote>\n\n\n\n<p class=\"wp-block-paragraph\"><strong>14h30|&nbsp;Infinitas Terras, Cau\u00ea Brand\u00e3o<\/strong><br>Drama| Brasil| 2023| 112\u2019<br>Classifica\u00e7\u00e3o: 14 anos<\/p>\n\n\n\n<p class=\"wp-block-paragraph\"><strong>16h30|&nbsp;Para Onde Voam as Feiticeiras, Eliane Caff\u00e9, Carla Caff\u00e9, Beto Amaral<\/strong><br>Document\u00e1rio| Brasil| 2023| 89\u2019<br>Classifica\u00e7\u00e3o: 14 anos&nbsp;<\/p>\n\n\n\n<p class=\"wp-block-paragraph\"><strong>19h10| Retratos Fantasmas, Kleber Mendon\u00e7a Filho&nbsp;<\/strong><br>Document\u00e1rio| Brasil| 2023| 91\u2019<br>Classifica\u00e7\u00e3o: 12 anos<\/p>\n\n\n\n<blockquote class=\"wp-block-quote is-layout-flow wp-block-quote-is-layout-flow\">\n<p class=\"wp-block-paragraph\"><strong>Sexta&nbsp;01\/09<\/strong><\/p>\n<\/blockquote>\n\n\n\n<p class=\"wp-block-paragraph\"><strong>16h30|&nbsp;Para Onde Voam as Feiticeiras, Eliane Caff\u00e9, Carla Caff\u00e9, Beto Amaral<\/strong><br>Document\u00e1rio| Brasil| 2023| 89\u2019<br>Classifica\u00e7\u00e3o: 14 anos&nbsp;<\/p>\n\n\n\n<p class=\"wp-block-paragraph\"><strong>18h30|&nbsp;Passagens, Ira Sachs<\/strong><br>Drama, Romance| Fran\u00e7a e Alemanha| 2023| 92\u2019<br>Classifica\u00e7\u00e3o: 12 anos<\/p>\n\n\n\n<p class=\"wp-block-paragraph\"><strong>20h30| Retratos Fantasmas, Kleber Mendon\u00e7a Filho<\/strong>&nbsp;<br>Document\u00e1rio| Brasil| 2023| 91\u2019<br>Classifica\u00e7\u00e3o: 12 anos<\/p>\n\n\n\n<blockquote class=\"wp-block-quote is-layout-flow wp-block-quote-is-layout-flow\">\n<p class=\"wp-block-paragraph\"><strong>S\u00e1bado&nbsp;02\/09<\/strong><\/p>\n<\/blockquote>\n\n\n\n<p class=\"wp-block-paragraph\"><strong>16h30|&nbsp;Para Onde Voam as Feiticeiras, Eliane Caff\u00e9, Carla Caff\u00e9, Beto Amaral<\/strong><br>Document\u00e1rio| Brasil| 2023| 89\u2019<br>Classifica\u00e7\u00e3o: 14 anos&nbsp;<\/p>\n\n\n\n<p class=\"wp-block-paragraph\"><strong>18h30|&nbsp;Passagens, Ira Sachs<\/strong><br>Drama, Romance| Fran\u00e7a e Alemanha| 2023| 92\u2019<br>Classifica\u00e7\u00e3o: 12 anos<\/p>\n\n\n\n<p class=\"wp-block-paragraph\"><strong>20h30| Retratos Fantasmas, Kleber Mendon\u00e7a Filho&nbsp;<\/strong><br>Document\u00e1rio| Brasil| 2023| 91\u2019<br>Classifica\u00e7\u00e3o: 12 anos<\/p>\n\n\n\n<blockquote class=\"wp-block-quote is-layout-flow wp-block-quote-is-layout-flow\">\n<p class=\"wp-block-paragraph\"><strong>Domingo&nbsp;03\/09<\/strong><\/p>\n<\/blockquote>\n\n\n\n<p class=\"wp-block-paragraph\"><strong>16h30| Retratos Fantasmas, Kleber Mendon\u00e7a Filho&nbsp;<\/strong><br>Document\u00e1rio| Brasil| 2023| 91\u2019<br>Classifica\u00e7\u00e3o: 12 anos<\/p>\n\n\n\n<blockquote class=\"wp-block-quote is-layout-flow wp-block-quote-is-layout-flow\">\n<p class=\"wp-block-paragraph\"><strong>Quarta 06\/09<\/strong><\/p>\n<\/blockquote>\n\n\n\n<p class=\"wp-block-paragraph\"><strong>14h30| Infinitas Terras, Cau\u00ea Brand\u00e3o<\/strong><br>Drama| Brasil| 2023| 112\u2019<br>Classifica\u00e7\u00e3o: 14 anos<\/p>\n\n\n\n<p class=\"wp-block-paragraph\"><strong>16h30|&nbsp;Passagens, Ira Sachs<\/strong><br>Drama, Romance| Fran\u00e7a e Alemanha| 2023| 92\u2019<br>Classifica\u00e7\u00e3o: 12 anos<\/p>\n\n\n\n<p class=\"wp-block-paragraph\"><strong>18h30|&nbsp;Para Onde Voam as Feiticeiras, Eliane Caff\u00e9, Carla Caff\u00e9, Beto Amaral<\/strong><br>Document\u00e1rio| Brasil| 2023| 89\u2019<br>Classifica\u00e7\u00e3o: 14 anos&nbsp;<\/p>\n\n\n\n<p class=\"wp-block-paragraph\"><strong>20h30| Retratos Fantasmas, Kleber Mendon\u00e7a Filho&nbsp;<\/strong><br>Document\u00e1rio| Brasil| 2023| 91\u2019<br>Classifica\u00e7\u00e3o: 12 anos<\/p>\n","protected":false},"excerpt":{"rendered":"<p>Um retrato c\u00f4mico, sexy e honesto dos relacionamentos t\u00f3xicos na era moderna. \u00c9 disso que se trata \u201cPassagens&#8221;, filme estrelado por Franz Rogowski, Ben Whishaw e Ad\u00e8le Exarchopoulos. A obra de Ira Sachs estreia no Cine Cultura nesta sexta-feira, 1\u00ba de setembro, \u00e0s 18h30. Passagens \u00e9 um lan\u00e7amento MUBI em parceria com a O2 Play [&hellip;]<\/p>\n","protected":false},"author":13,"featured_media":0,"comment_status":"open","ping_status":"open","sticky":false,"template":"","format":"standard","meta":{"_acf_changed":false,"footnotes":""},"categories":[22,21],"tags":[981,47,720],"class_list":["post-73935","post","type-post","status-publish","format-standard","hentry","category-cidades","category-todas-noticias","tag-cine-cultura","tag-palmas","tag-prefeitura-de-palmas"],"acf":[],"yoast_head":"<!-- This site is optimized with the Yoast SEO plugin v24.4 - https:\/\/yoast.com\/wordpress\/plugins\/seo\/ -->\n<title>Cine Cultura traz \u2018Passagens\u2019 e \u2018Para onde voam as feiticeiras\u2019 na programa\u00e7\u00e3o desta semana - PORTAL DE NOT\u00cdCIAS CLEITON PINHEIRO<\/title>\n<meta name=\"robots\" content=\"index, follow, max-snippet:-1, max-image-preview:large, max-video-preview:-1\" \/>\n<link rel=\"canonical\" href=\"https:\/\/cleitonpinheiro.com.br\/site\/cine-cultura-traz-passagens-e-para-onde-voam-as-feiticeiras-na-programacao-desta-semana\/\" \/>\n<meta property=\"og:locale\" content=\"pt_BR\" \/>\n<meta property=\"og:type\" content=\"article\" \/>\n<meta property=\"og:title\" content=\"Cine Cultura traz \u2018Passagens\u2019 e \u2018Para onde voam as feiticeiras\u2019 na programa\u00e7\u00e3o desta semana - PORTAL DE NOT\u00cdCIAS CLEITON PINHEIRO\" \/>\n<meta property=\"og:description\" content=\"Um retrato c\u00f4mico, sexy e honesto dos relacionamentos t\u00f3xicos na era moderna. \u00c9 disso que se trata \u201cPassagens&#8221;, filme estrelado por Franz Rogowski, Ben Whishaw e Ad\u00e8le Exarchopoulos. A obra de Ira Sachs estreia no Cine Cultura nesta sexta-feira, 1\u00ba de setembro, \u00e0s 18h30. Passagens \u00e9 um lan\u00e7amento MUBI em parceria com a O2 Play [&hellip;]\" \/>\n<meta property=\"og:url\" content=\"https:\/\/cleitonpinheiro.com.br\/site\/cine-cultura-traz-passagens-e-para-onde-voam-as-feiticeiras-na-programacao-desta-semana\/\" \/>\n<meta property=\"og:site_name\" content=\"PORTAL DE NOT\u00cdCIAS CLEITON PINHEIRO\" \/>\n<meta property=\"article:publisher\" content=\"https:\/\/www.facebook.com\/portalcpnoticias\/\" \/>\n<meta property=\"article:published_time\" content=\"2023-09-01T16:04:12+00:00\" \/>\n<meta property=\"article:modified_time\" content=\"2023-12-27T14:24:08+00:00\" \/>\n<meta property=\"og:image\" content=\"https:\/\/cleitonpinheiro.com.br\/site\/wp-content\/uploads\/2023\/08\/unnamed.jpg\" \/>\n\t<meta property=\"og:image:width\" content=\"2560\" \/>\n\t<meta property=\"og:image:height\" content=\"1440\" \/>\n\t<meta property=\"og:image:type\" content=\"image\/jpeg\" \/>\n<meta name=\"author\" content=\"Reda\u00e7\u00e3o CP\" \/>\n<meta name=\"twitter:card\" content=\"summary_large_image\" \/>\n<meta name=\"twitter:label1\" content=\"Escrito por\" \/>\n\t<meta name=\"twitter:data1\" content=\"Reda\u00e7\u00e3o CP\" \/>\n\t<meta name=\"twitter:label2\" content=\"Est. tempo de leitura\" \/>\n\t<meta name=\"twitter:data2\" content=\"3 minutos\" \/>\n<script type=\"application\/ld+json\" class=\"yoast-schema-graph\">{\"@context\":\"https:\/\/schema.org\",\"@graph\":[{\"@type\":\"Article\",\"@id\":\"https:\/\/cleitonpinheiro.com.br\/site\/cine-cultura-traz-passagens-e-para-onde-voam-as-feiticeiras-na-programacao-desta-semana\/#article\",\"isPartOf\":{\"@id\":\"https:\/\/cleitonpinheiro.com.br\/site\/cine-cultura-traz-passagens-e-para-onde-voam-as-feiticeiras-na-programacao-desta-semana\/\"},\"author\":{\"name\":\"Reda\u00e7\u00e3o CP\",\"@id\":\"https:\/\/cleitonpinheiro.com.br\/site\/#\/schema\/person\/8f04544e0bc40a1b68775b08360f87db\"},\"headline\":\"Cine Cultura traz \u2018Passagens\u2019 e \u2018Para onde voam as feiticeiras\u2019 na programa\u00e7\u00e3o desta semana\",\"datePublished\":\"2023-09-01T16:04:12+00:00\",\"dateModified\":\"2023-12-27T14:24:08+00:00\",\"mainEntityOfPage\":{\"@id\":\"https:\/\/cleitonpinheiro.com.br\/site\/cine-cultura-traz-passagens-e-para-onde-voam-as-feiticeiras-na-programacao-desta-semana\/\"},\"wordCount\":480,\"commentCount\":0,\"publisher\":{\"@id\":\"https:\/\/cleitonpinheiro.com.br\/site\/#organization\"},\"image\":{\"@id\":\"https:\/\/cleitonpinheiro.com.br\/site\/cine-cultura-traz-passagens-e-para-onde-voam-as-feiticeiras-na-programacao-desta-semana\/#primaryimage\"},\"thumbnailUrl\":\"https:\/\/cleitonpinheiro.com.br\/site\/wp-content\/uploads\/2023\/08\/unnamed.jpg\",\"keywords\":[\"Cine Cultura\",\"palmas\",\"Prefeitura de Palmas\"],\"articleSection\":[\"CIDADES\",\"TODAS NOTICIAS\"],\"inLanguage\":\"pt-BR\",\"potentialAction\":[{\"@type\":\"CommentAction\",\"name\":\"Comment\",\"target\":[\"https:\/\/cleitonpinheiro.com.br\/site\/cine-cultura-traz-passagens-e-para-onde-voam-as-feiticeiras-na-programacao-desta-semana\/#respond\"]}]},{\"@type\":\"WebPage\",\"@id\":\"https:\/\/cleitonpinheiro.com.br\/site\/cine-cultura-traz-passagens-e-para-onde-voam-as-feiticeiras-na-programacao-desta-semana\/\",\"url\":\"https:\/\/cleitonpinheiro.com.br\/site\/cine-cultura-traz-passagens-e-para-onde-voam-as-feiticeiras-na-programacao-desta-semana\/\",\"name\":\"Cine Cultura traz \u2018Passagens\u2019 e \u2018Para onde voam as feiticeiras\u2019 na programa\u00e7\u00e3o desta semana - PORTAL DE NOT\u00cdCIAS CLEITON PINHEIRO\",\"isPartOf\":{\"@id\":\"https:\/\/cleitonpinheiro.com.br\/site\/#website\"},\"primaryImageOfPage\":{\"@id\":\"https:\/\/cleitonpinheiro.com.br\/site\/cine-cultura-traz-passagens-e-para-onde-voam-as-feiticeiras-na-programacao-desta-semana\/#primaryimage\"},\"image\":{\"@id\":\"https:\/\/cleitonpinheiro.com.br\/site\/cine-cultura-traz-passagens-e-para-onde-voam-as-feiticeiras-na-programacao-desta-semana\/#primaryimage\"},\"thumbnailUrl\":\"https:\/\/cleitonpinheiro.com.br\/site\/wp-content\/uploads\/2023\/08\/unnamed.jpg\",\"datePublished\":\"2023-09-01T16:04:12+00:00\",\"dateModified\":\"2023-12-27T14:24:08+00:00\",\"breadcrumb\":{\"@id\":\"https:\/\/cleitonpinheiro.com.br\/site\/cine-cultura-traz-passagens-e-para-onde-voam-as-feiticeiras-na-programacao-desta-semana\/#breadcrumb\"},\"inLanguage\":\"pt-BR\",\"potentialAction\":[{\"@type\":\"ReadAction\",\"target\":[\"https:\/\/cleitonpinheiro.com.br\/site\/cine-cultura-traz-passagens-e-para-onde-voam-as-feiticeiras-na-programacao-desta-semana\/\"]}]},{\"@type\":\"ImageObject\",\"inLanguage\":\"pt-BR\",\"@id\":\"https:\/\/cleitonpinheiro.com.br\/site\/cine-cultura-traz-passagens-e-para-onde-voam-as-feiticeiras-na-programacao-desta-semana\/#primaryimage\",\"url\":\"\",\"contentUrl\":\"\"},{\"@type\":\"BreadcrumbList\",\"@id\":\"https:\/\/cleitonpinheiro.com.br\/site\/cine-cultura-traz-passagens-e-para-onde-voam-as-feiticeiras-na-programacao-desta-semana\/#breadcrumb\",\"itemListElement\":[{\"@type\":\"ListItem\",\"position\":1,\"name\":\"In\u00edcio\",\"item\":\"https:\/\/cleitonpinheiro.com.br\/site\/\"},{\"@type\":\"ListItem\",\"position\":2,\"name\":\"Cine Cultura traz \u2018Passagens\u2019 e \u2018Para onde voam as feiticeiras\u2019 na programa\u00e7\u00e3o desta semana\"}]},{\"@type\":\"WebSite\",\"@id\":\"https:\/\/cleitonpinheiro.com.br\/site\/#website\",\"url\":\"https:\/\/cleitonpinheiro.com.br\/site\/\",\"name\":\"PORTAL DE NOT\u00cdCIAS CLEITON PINHEIRO\",\"description\":\"FALANDO A VERDADE\",\"publisher\":{\"@id\":\"https:\/\/cleitonpinheiro.com.br\/site\/#organization\"},\"potentialAction\":[{\"@type\":\"SearchAction\",\"target\":{\"@type\":\"EntryPoint\",\"urlTemplate\":\"https:\/\/cleitonpinheiro.com.br\/site\/?s={search_term_string}\"},\"query-input\":{\"@type\":\"PropertyValueSpecification\",\"valueRequired\":true,\"valueName\":\"search_term_string\"}}],\"inLanguage\":\"pt-BR\"},{\"@type\":\"Organization\",\"@id\":\"https:\/\/cleitonpinheiro.com.br\/site\/#organization\",\"name\":\"CPNOT\u00cdCIAS\",\"url\":\"https:\/\/cleitonpinheiro.com.br\/site\/\",\"logo\":{\"@type\":\"ImageObject\",\"inLanguage\":\"pt-BR\",\"@id\":\"https:\/\/cleitonpinheiro.com.br\/site\/#\/schema\/logo\/image\/\",\"url\":\"https:\/\/cleitonpinheiro.com.br\/site\/wp-content\/uploads\/2022\/08\/Logo-pequena-2.png\",\"contentUrl\":\"https:\/\/cleitonpinheiro.com.br\/site\/wp-content\/uploads\/2022\/08\/Logo-pequena-2.png\",\"width\":500,\"height\":500,\"caption\":\"CPNOT\u00cdCIAS\"},\"image\":{\"@id\":\"https:\/\/cleitonpinheiro.com.br\/site\/#\/schema\/logo\/image\/\"},\"sameAs\":[\"https:\/\/www.facebook.com\/portalcpnoticias\/\"]},{\"@type\":\"Person\",\"@id\":\"https:\/\/cleitonpinheiro.com.br\/site\/#\/schema\/person\/8f04544e0bc40a1b68775b08360f87db\",\"name\":\"Reda\u00e7\u00e3o CP\",\"image\":{\"@type\":\"ImageObject\",\"inLanguage\":\"pt-BR\",\"@id\":\"https:\/\/cleitonpinheiro.com.br\/site\/#\/schema\/person\/image\/\",\"url\":\"https:\/\/secure.gravatar.com\/avatar\/0bcf19cb29fdc8fc588c490c7ae1b3e174dac268586a63fbe1d1893a0f9020cd?s=96&r=g\",\"contentUrl\":\"https:\/\/secure.gravatar.com\/avatar\/0bcf19cb29fdc8fc588c490c7ae1b3e174dac268586a63fbe1d1893a0f9020cd?s=96&r=g\",\"caption\":\"Reda\u00e7\u00e3o CP\"},\"url\":\"https:\/\/cleitonpinheiro.com.br\/site\/author\/redacao\/\"}]}<\/script>\n<!-- \/ Yoast SEO plugin. -->","yoast_head_json":{"title":"Cine Cultura traz \u2018Passagens\u2019 e \u2018Para onde voam as feiticeiras\u2019 na programa\u00e7\u00e3o desta semana - PORTAL DE NOT\u00cdCIAS CLEITON PINHEIRO","robots":{"index":"index","follow":"follow","max-snippet":"max-snippet:-1","max-image-preview":"max-image-preview:large","max-video-preview":"max-video-preview:-1"},"canonical":"https:\/\/cleitonpinheiro.com.br\/site\/cine-cultura-traz-passagens-e-para-onde-voam-as-feiticeiras-na-programacao-desta-semana\/","og_locale":"pt_BR","og_type":"article","og_title":"Cine Cultura traz \u2018Passagens\u2019 e \u2018Para onde voam as feiticeiras\u2019 na programa\u00e7\u00e3o desta semana - PORTAL DE NOT\u00cdCIAS CLEITON PINHEIRO","og_description":"Um retrato c\u00f4mico, sexy e honesto dos relacionamentos t\u00f3xicos na era moderna. \u00c9 disso que se trata \u201cPassagens&#8221;, filme estrelado por Franz Rogowski, Ben Whishaw e Ad\u00e8le Exarchopoulos. A obra de Ira Sachs estreia no Cine Cultura nesta sexta-feira, 1\u00ba de setembro, \u00e0s 18h30. Passagens \u00e9 um lan\u00e7amento MUBI em parceria com a O2 Play [&hellip;]","og_url":"https:\/\/cleitonpinheiro.com.br\/site\/cine-cultura-traz-passagens-e-para-onde-voam-as-feiticeiras-na-programacao-desta-semana\/","og_site_name":"PORTAL DE NOT\u00cdCIAS CLEITON PINHEIRO","article_publisher":"https:\/\/www.facebook.com\/portalcpnoticias\/","article_published_time":"2023-09-01T16:04:12+00:00","article_modified_time":"2023-12-27T14:24:08+00:00","og_image":[{"width":2560,"height":1440,"url":"https:\/\/cleitonpinheiro.com.br\/site\/wp-content\/uploads\/2023\/08\/unnamed.jpg","type":"image\/jpeg"}],"author":"Reda\u00e7\u00e3o CP","twitter_card":"summary_large_image","twitter_misc":{"Escrito por":"Reda\u00e7\u00e3o CP","Est. tempo de leitura":"3 minutos"},"schema":{"@context":"https:\/\/schema.org","@graph":[{"@type":"Article","@id":"https:\/\/cleitonpinheiro.com.br\/site\/cine-cultura-traz-passagens-e-para-onde-voam-as-feiticeiras-na-programacao-desta-semana\/#article","isPartOf":{"@id":"https:\/\/cleitonpinheiro.com.br\/site\/cine-cultura-traz-passagens-e-para-onde-voam-as-feiticeiras-na-programacao-desta-semana\/"},"author":{"name":"Reda\u00e7\u00e3o CP","@id":"https:\/\/cleitonpinheiro.com.br\/site\/#\/schema\/person\/8f04544e0bc40a1b68775b08360f87db"},"headline":"Cine Cultura traz \u2018Passagens\u2019 e \u2018Para onde voam as feiticeiras\u2019 na programa\u00e7\u00e3o desta semana","datePublished":"2023-09-01T16:04:12+00:00","dateModified":"2023-12-27T14:24:08+00:00","mainEntityOfPage":{"@id":"https:\/\/cleitonpinheiro.com.br\/site\/cine-cultura-traz-passagens-e-para-onde-voam-as-feiticeiras-na-programacao-desta-semana\/"},"wordCount":480,"commentCount":0,"publisher":{"@id":"https:\/\/cleitonpinheiro.com.br\/site\/#organization"},"image":{"@id":"https:\/\/cleitonpinheiro.com.br\/site\/cine-cultura-traz-passagens-e-para-onde-voam-as-feiticeiras-na-programacao-desta-semana\/#primaryimage"},"thumbnailUrl":"https:\/\/cleitonpinheiro.com.br\/site\/wp-content\/uploads\/2023\/08\/unnamed.jpg","keywords":["Cine Cultura","palmas","Prefeitura de Palmas"],"articleSection":["CIDADES","TODAS NOTICIAS"],"inLanguage":"pt-BR","potentialAction":[{"@type":"CommentAction","name":"Comment","target":["https:\/\/cleitonpinheiro.com.br\/site\/cine-cultura-traz-passagens-e-para-onde-voam-as-feiticeiras-na-programacao-desta-semana\/#respond"]}]},{"@type":"WebPage","@id":"https:\/\/cleitonpinheiro.com.br\/site\/cine-cultura-traz-passagens-e-para-onde-voam-as-feiticeiras-na-programacao-desta-semana\/","url":"https:\/\/cleitonpinheiro.com.br\/site\/cine-cultura-traz-passagens-e-para-onde-voam-as-feiticeiras-na-programacao-desta-semana\/","name":"Cine Cultura traz \u2018Passagens\u2019 e \u2018Para onde voam as feiticeiras\u2019 na programa\u00e7\u00e3o desta semana - PORTAL DE NOT\u00cdCIAS CLEITON PINHEIRO","isPartOf":{"@id":"https:\/\/cleitonpinheiro.com.br\/site\/#website"},"primaryImageOfPage":{"@id":"https:\/\/cleitonpinheiro.com.br\/site\/cine-cultura-traz-passagens-e-para-onde-voam-as-feiticeiras-na-programacao-desta-semana\/#primaryimage"},"image":{"@id":"https:\/\/cleitonpinheiro.com.br\/site\/cine-cultura-traz-passagens-e-para-onde-voam-as-feiticeiras-na-programacao-desta-semana\/#primaryimage"},"thumbnailUrl":"https:\/\/cleitonpinheiro.com.br\/site\/wp-content\/uploads\/2023\/08\/unnamed.jpg","datePublished":"2023-09-01T16:04:12+00:00","dateModified":"2023-12-27T14:24:08+00:00","breadcrumb":{"@id":"https:\/\/cleitonpinheiro.com.br\/site\/cine-cultura-traz-passagens-e-para-onde-voam-as-feiticeiras-na-programacao-desta-semana\/#breadcrumb"},"inLanguage":"pt-BR","potentialAction":[{"@type":"ReadAction","target":["https:\/\/cleitonpinheiro.com.br\/site\/cine-cultura-traz-passagens-e-para-onde-voam-as-feiticeiras-na-programacao-desta-semana\/"]}]},{"@type":"ImageObject","inLanguage":"pt-BR","@id":"https:\/\/cleitonpinheiro.com.br\/site\/cine-cultura-traz-passagens-e-para-onde-voam-as-feiticeiras-na-programacao-desta-semana\/#primaryimage","url":"","contentUrl":""},{"@type":"BreadcrumbList","@id":"https:\/\/cleitonpinheiro.com.br\/site\/cine-cultura-traz-passagens-e-para-onde-voam-as-feiticeiras-na-programacao-desta-semana\/#breadcrumb","itemListElement":[{"@type":"ListItem","position":1,"name":"In\u00edcio","item":"https:\/\/cleitonpinheiro.com.br\/site\/"},{"@type":"ListItem","position":2,"name":"Cine Cultura traz \u2018Passagens\u2019 e \u2018Para onde voam as feiticeiras\u2019 na programa\u00e7\u00e3o desta semana"}]},{"@type":"WebSite","@id":"https:\/\/cleitonpinheiro.com.br\/site\/#website","url":"https:\/\/cleitonpinheiro.com.br\/site\/","name":"PORTAL DE NOT\u00cdCIAS CLEITON PINHEIRO","description":"FALANDO A VERDADE","publisher":{"@id":"https:\/\/cleitonpinheiro.com.br\/site\/#organization"},"potentialAction":[{"@type":"SearchAction","target":{"@type":"EntryPoint","urlTemplate":"https:\/\/cleitonpinheiro.com.br\/site\/?s={search_term_string}"},"query-input":{"@type":"PropertyValueSpecification","valueRequired":true,"valueName":"search_term_string"}}],"inLanguage":"pt-BR"},{"@type":"Organization","@id":"https:\/\/cleitonpinheiro.com.br\/site\/#organization","name":"CPNOT\u00cdCIAS","url":"https:\/\/cleitonpinheiro.com.br\/site\/","logo":{"@type":"ImageObject","inLanguage":"pt-BR","@id":"https:\/\/cleitonpinheiro.com.br\/site\/#\/schema\/logo\/image\/","url":"https:\/\/cleitonpinheiro.com.br\/site\/wp-content\/uploads\/2022\/08\/Logo-pequena-2.png","contentUrl":"https:\/\/cleitonpinheiro.com.br\/site\/wp-content\/uploads\/2022\/08\/Logo-pequena-2.png","width":500,"height":500,"caption":"CPNOT\u00cdCIAS"},"image":{"@id":"https:\/\/cleitonpinheiro.com.br\/site\/#\/schema\/logo\/image\/"},"sameAs":["https:\/\/www.facebook.com\/portalcpnoticias\/"]},{"@type":"Person","@id":"https:\/\/cleitonpinheiro.com.br\/site\/#\/schema\/person\/8f04544e0bc40a1b68775b08360f87db","name":"Reda\u00e7\u00e3o CP","image":{"@type":"ImageObject","inLanguage":"pt-BR","@id":"https:\/\/cleitonpinheiro.com.br\/site\/#\/schema\/person\/image\/","url":"https:\/\/secure.gravatar.com\/avatar\/0bcf19cb29fdc8fc588c490c7ae1b3e174dac268586a63fbe1d1893a0f9020cd?s=96&r=g","contentUrl":"https:\/\/secure.gravatar.com\/avatar\/0bcf19cb29fdc8fc588c490c7ae1b3e174dac268586a63fbe1d1893a0f9020cd?s=96&r=g","caption":"Reda\u00e7\u00e3o CP"},"url":"https:\/\/cleitonpinheiro.com.br\/site\/author\/redacao\/"}]}},"views":118,"_links":{"self":[{"href":"https:\/\/cleitonpinheiro.com.br\/site\/wp-json\/wp\/v2\/posts\/73935","targetHints":{"allow":["GET"]}}],"collection":[{"href":"https:\/\/cleitonpinheiro.com.br\/site\/wp-json\/wp\/v2\/posts"}],"about":[{"href":"https:\/\/cleitonpinheiro.com.br\/site\/wp-json\/wp\/v2\/types\/post"}],"author":[{"embeddable":true,"href":"https:\/\/cleitonpinheiro.com.br\/site\/wp-json\/wp\/v2\/users\/13"}],"replies":[{"embeddable":true,"href":"https:\/\/cleitonpinheiro.com.br\/site\/wp-json\/wp\/v2\/comments?post=73935"}],"version-history":[{"count":1,"href":"https:\/\/cleitonpinheiro.com.br\/site\/wp-json\/wp\/v2\/posts\/73935\/revisions"}],"predecessor-version":[{"id":73937,"href":"https:\/\/cleitonpinheiro.com.br\/site\/wp-json\/wp\/v2\/posts\/73935\/revisions\/73937"}],"wp:attachment":[{"href":"https:\/\/cleitonpinheiro.com.br\/site\/wp-json\/wp\/v2\/media?parent=73935"}],"wp:term":[{"taxonomy":"category","embeddable":true,"href":"https:\/\/cleitonpinheiro.com.br\/site\/wp-json\/wp\/v2\/categories?post=73935"},{"taxonomy":"post_tag","embeddable":true,"href":"https:\/\/cleitonpinheiro.com.br\/site\/wp-json\/wp\/v2\/tags?post=73935"}],"curies":[{"name":"wp","href":"https:\/\/api.w.org\/{rel}","templated":true}]}}