{"id":73938,"date":"2023-09-01T13:03:42","date_gmt":"2023-09-01T16:03:42","guid":{"rendered":"https:\/\/cleitonpinheiro.com.br\/site\/?p=73938"},"modified":"2023-09-01T13:03:43","modified_gmt":"2023-09-01T16:03:43","slug":"barroso-e-quarto-ministro-a-votar-contra-marco-temporal-no-stf-placar-4-votos-a-2-contra-a-tese","status":"publish","type":"post","link":"https:\/\/cleitonpinheiro.com.br\/site\/barroso-e-quarto-ministro-a-votar-contra-marco-temporal-no-stf-placar-4-votos-a-2-contra-a-tese\/","title":{"rendered":"Barroso \u00e9 quarto ministro a votar contra marco temporal no STF; placar 4 votos a 2 contra a tese"},"content":{"rendered":"\n<figure class=\"wp-block-image size-full\"><img decoding=\"async\" src=\"https:\/\/cleitonpinheiro.com.br\/site\/wp-content\/uploads\/2023\/08\/53155734508_7f2c405433_o.jpg\" alt=\"\" class=\"wp-image-73939\"\/><figcaption class=\"wp-element-caption\">Julgamento foi suspenso e ser\u00e1 retomado na quarta-feira (6) &#8211; Foto: Nelson Jr\/SCO\/STF<\/figcaption><\/figure>\n\n\n\n<p class=\"wp-block-paragraph\"><strong>Da Ag\u00eancia Brasil<\/strong><\/p>\n\n\n\n<p class=\"wp-block-paragraph\">O ministro Lu\u00eds Roberto Barroso (ao centro), do Supremo Tribunal Federal (STF), ampliou o placar contra o marco temporal para demarca\u00e7\u00e3o de terras ind\u00edgenas. Na sess\u00e3o desta tarde, Barroso proferiu o quarto voto contra o marco. Com o posicionamento do ministro, o placar do julgamento est\u00e1 em 4 votos a 2 contra a tese.<img decoding=\"async\" src=\"https:\/\/agenciabrasil.ebc.com.br\/ebc.png?id=1552534&amp;o=node\"><img decoding=\"async\" src=\"https:\/\/agenciabrasil.ebc.com.br\/ebc.gif?id=1552534&amp;o=node\"><\/p>\n\n\n\n<p class=\"wp-block-paragraph\">Ap\u00f3s o voto de Barroso, o julgamento foi suspenso e ser\u00e1 retomado na quarta-feira (6).&nbsp;<\/p>\n\n\n\n<p class=\"wp-block-paragraph\">Em seu voto, Barroso citou o julgamento que garantiu a demarca\u00e7\u00e3o da Terra Ind\u00edgena Raposa Serra do Sol, em Roraima, e afirmou que a Constitui\u00e7\u00e3o protege o direito dos ind\u00edgenas a sua identidade cultural e assegura direito \u00e0 terra.<\/p>\n\n\n\n<p class=\"wp-block-paragraph\">\u201cN\u00e3o existe marco temporal fixo e inexor\u00e1vel, e a ocupa\u00e7\u00e3o tradicional tamb\u00e9m pode ser demonstrada pela persist\u00eancia na reivindica\u00e7\u00e3o de perman\u00eancia na \u00e1rea\u201d, afirmou.<\/p>\n\n\n\n<h2 class=\"wp-block-heading\">Votos<\/h2>\n\n\n\n<p class=\"wp-block-paragraph\">At\u00e9 o momento, al\u00e9m de Barroso, os ministros Edson Fachin, Alexandre de Moraes e Cristiano Zanin se manifestaram contra o marco temporal. Nunes Marques e Andr\u00e9 Mendon\u00e7a se manifestaram a favor.<\/p>\n\n\n\n<p class=\"wp-block-paragraph\">Moraes e Zanin votaram contra o limite temporal, mas estabeleceram a possibilidade de indeniza\u00e7\u00e3o a particulares que adquiriram terras de \u201cboa-f\u00e9\u201d. Pelo entendimento, a indeniza\u00e7\u00e3o por benfeitorias e pela terra nua valeria para propriet\u00e1rios que receberam do governo t\u00edtulos de terras que deveriam ser consideradas como \u00e1reas ind\u00edgenas.<\/p>\n\n\n\n<h2 class=\"wp-block-heading\">Cr\u00edticas<\/h2>\n\n\n\n<p class=\"wp-block-paragraph\">A indeniza\u00e7\u00e3o aos propriet\u00e1rios por parte do governo \u00e9 criticada pelo movimento indigenista. Para a Articula\u00e7\u00e3o dos Povos Ind\u00edgenas do Brasil (Apib), a possibilidade \u00e9 &#8220;desastrosa&#8221; e pode inviabilizar as demarca\u00e7\u00f5es.<\/p>\n\n\n\n<p class=\"wp-block-paragraph\">O Conselho Indigenista Mission\u00e1rio (Cimi) afirma que a possibilidade de indeniza\u00e7\u00e3o ou compensa\u00e7\u00e3o de territ\u00f3rio vai aumentar os conflitos no campo.<\/p>\n\n\n\n<figure class=\"wp-block-image\"><img decoding=\"async\" src=\"https:\/\/imagens.ebc.com.br\/6fcfJ6ov5zeBJKkFZV0MGmAOiF8=\/754x0\/smart\/https:\/\/agenciabrasil.ebc.com.br\/sites\/default\/files\/thumbnails\/image\/_ja_0502.jpg?itok=zj1so3_3\" alt=\"Bras\u00edlia (DF) - 31\/08\/2023, Manifesta\u00e7\u00e3o de Ind\u00edgenas contra o Marco Temporal na pra\u00e7a dos Tr\u00eas Poderes.  \nFoto: Jo\u00e9dson Alves\/Ag\u00eancia Brasil\" title=\"Jo\u00e9dson Alves\/Ag\u00eancia Brasil\"\/><\/figure>\n\n\n\n<h6 class=\"wp-block-heading\">Manifesta\u00e7\u00e3o de Ind\u00edgenas contra o&nbsp;marco temporal na Pra\u00e7a dos Tr\u00eas Poderes&nbsp;&#8211;&nbsp;<strong>Jo\u00e9dson Alves\/Ag\u00eancia Brasil<\/strong><\/h6>\n\n\n\n<h2 class=\"wp-block-heading\">Entenda<\/h2>\n\n\n\n<p class=\"wp-block-paragraph\">No julgamento, os ministros discutem o chamado marco temporal. Pela tese, defendida por propriet\u00e1rios de terras, os ind\u00edgenas somente teriam direito \u00e0s terras que estavam em sua posse no dia 5 de outubro de 1988, data da promulga\u00e7\u00e3o da Constitui\u00e7\u00e3o Federal, ou que estavam em disputa judicial na \u00e9poca. Os ind\u00edgenas s\u00e3o contra o entendimento.<\/p>\n\n\n\n<p class=\"wp-block-paragraph\">O processo que motivou a discuss\u00e3o trata da disputa pela posse da Terra Ind\u00edgena (TI) Ibirama, em Santa Catarina. A \u00e1rea \u00e9 habitada pelos povos Xokleng, Kaingang e Guarani, e a posse de parte da terra \u00e9 questionada pela procuradoria do estado.<\/p>\n","protected":false},"excerpt":{"rendered":"<p>Da Ag\u00eancia Brasil O ministro Lu\u00eds Roberto Barroso (ao centro), do Supremo Tribunal Federal (STF), ampliou o placar contra o marco temporal para demarca\u00e7\u00e3o de terras ind\u00edgenas. Na sess\u00e3o desta tarde, Barroso proferiu o quarto voto contra o marco. Com o posicionamento do ministro, o placar do julgamento est\u00e1 em 4 votos a 2 contra [&hellip;]<\/p>\n","protected":false},"author":13,"featured_media":0,"comment_status":"open","ping_status":"open","sticky":false,"template":"","format":"standard","meta":{"_acf_changed":false,"footnotes":""},"categories":[19,898],"tags":[1187,1207,142,1202],"class_list":["post-73938","post","type-post","status-publish","format-standard","hentry","category-brasil-mundo","category-manchete-segundaria","tag-marco-temporal","tag-roberto-barroso","tag-stf","tag-territorios-indigenas"],"acf":[],"yoast_head":"<!-- This site is optimized with the Yoast SEO plugin v24.4 - https:\/\/yoast.com\/wordpress\/plugins\/seo\/ -->\n<title>Barroso \u00e9 quarto ministro a votar contra marco temporal no STF; placar 4 votos a 2 contra a tese - PORTAL DE NOT\u00cdCIAS CLEITON PINHEIRO<\/title>\n<meta name=\"robots\" content=\"index, follow, max-snippet:-1, max-image-preview:large, max-video-preview:-1\" \/>\n<link rel=\"canonical\" href=\"https:\/\/cleitonpinheiro.com.br\/site\/barroso-e-quarto-ministro-a-votar-contra-marco-temporal-no-stf-placar-4-votos-a-2-contra-a-tese\/\" \/>\n<meta property=\"og:locale\" content=\"pt_BR\" \/>\n<meta property=\"og:type\" content=\"article\" \/>\n<meta property=\"og:title\" content=\"Barroso \u00e9 quarto ministro a votar contra marco temporal no STF; placar 4 votos a 2 contra a tese - PORTAL DE NOT\u00cdCIAS CLEITON PINHEIRO\" \/>\n<meta property=\"og:description\" content=\"Da Ag\u00eancia Brasil O ministro Lu\u00eds Roberto Barroso (ao centro), do Supremo Tribunal Federal (STF), ampliou o placar contra o marco temporal para demarca\u00e7\u00e3o de terras ind\u00edgenas. Na sess\u00e3o desta tarde, Barroso proferiu o quarto voto contra o marco. Com o posicionamento do ministro, o placar do julgamento est\u00e1 em 4 votos a 2 contra [&hellip;]\" \/>\n<meta property=\"og:url\" content=\"https:\/\/cleitonpinheiro.com.br\/site\/barroso-e-quarto-ministro-a-votar-contra-marco-temporal-no-stf-placar-4-votos-a-2-contra-a-tese\/\" \/>\n<meta property=\"og:site_name\" content=\"PORTAL DE NOT\u00cdCIAS CLEITON PINHEIRO\" \/>\n<meta property=\"article:publisher\" content=\"https:\/\/www.facebook.com\/portalcpnoticias\/\" \/>\n<meta property=\"article:published_time\" content=\"2023-09-01T16:03:42+00:00\" \/>\n<meta property=\"article:modified_time\" content=\"2023-09-01T16:03:43+00:00\" \/>\n<meta property=\"og:image\" content=\"https:\/\/cleitonpinheiro.com.br\/site\/wp-content\/uploads\/2023\/08\/53155734508_7f2c405433_o.jpg\" \/>\n\t<meta property=\"og:image:width\" content=\"1170\" \/>\n\t<meta property=\"og:image:height\" content=\"700\" \/>\n\t<meta property=\"og:image:type\" content=\"image\/jpeg\" \/>\n<meta name=\"author\" content=\"Reda\u00e7\u00e3o CP\" \/>\n<meta name=\"twitter:card\" content=\"summary_large_image\" \/>\n<meta name=\"twitter:label1\" content=\"Escrito por\" \/>\n\t<meta name=\"twitter:data1\" content=\"Reda\u00e7\u00e3o CP\" \/>\n\t<meta name=\"twitter:label2\" content=\"Est. tempo de leitura\" \/>\n\t<meta name=\"twitter:data2\" content=\"3 minutos\" \/>\n<script type=\"application\/ld+json\" class=\"yoast-schema-graph\">{\"@context\":\"https:\/\/schema.org\",\"@graph\":[{\"@type\":\"Article\",\"@id\":\"https:\/\/cleitonpinheiro.com.br\/site\/barroso-e-quarto-ministro-a-votar-contra-marco-temporal-no-stf-placar-4-votos-a-2-contra-a-tese\/#article\",\"isPartOf\":{\"@id\":\"https:\/\/cleitonpinheiro.com.br\/site\/barroso-e-quarto-ministro-a-votar-contra-marco-temporal-no-stf-placar-4-votos-a-2-contra-a-tese\/\"},\"author\":{\"name\":\"Reda\u00e7\u00e3o CP\",\"@id\":\"https:\/\/cleitonpinheiro.com.br\/site\/#\/schema\/person\/8f04544e0bc40a1b68775b08360f87db\"},\"headline\":\"Barroso \u00e9 quarto ministro a votar contra marco temporal no STF; placar 4 votos a 2 contra a tese\",\"datePublished\":\"2023-09-01T16:03:42+00:00\",\"dateModified\":\"2023-09-01T16:03:43+00:00\",\"mainEntityOfPage\":{\"@id\":\"https:\/\/cleitonpinheiro.com.br\/site\/barroso-e-quarto-ministro-a-votar-contra-marco-temporal-no-stf-placar-4-votos-a-2-contra-a-tese\/\"},\"wordCount\":455,\"commentCount\":0,\"publisher\":{\"@id\":\"https:\/\/cleitonpinheiro.com.br\/site\/#organization\"},\"image\":{\"@id\":\"https:\/\/cleitonpinheiro.com.br\/site\/barroso-e-quarto-ministro-a-votar-contra-marco-temporal-no-stf-placar-4-votos-a-2-contra-a-tese\/#primaryimage\"},\"thumbnailUrl\":\"https:\/\/cleitonpinheiro.com.br\/site\/wp-content\/uploads\/2023\/08\/53155734508_7f2c405433_o.jpg\",\"keywords\":[\"marco temporal\",\"Roberto Barroso\",\"STF\",\"territ\u00f3rios ind\u00edgenas\"],\"articleSection\":[\"BRASIL \/ MUNDO\",\"MANCHETE SEGUND\u00c1RIA\"],\"inLanguage\":\"pt-BR\",\"potentialAction\":[{\"@type\":\"CommentAction\",\"name\":\"Comment\",\"target\":[\"https:\/\/cleitonpinheiro.com.br\/site\/barroso-e-quarto-ministro-a-votar-contra-marco-temporal-no-stf-placar-4-votos-a-2-contra-a-tese\/#respond\"]}]},{\"@type\":\"WebPage\",\"@id\":\"https:\/\/cleitonpinheiro.com.br\/site\/barroso-e-quarto-ministro-a-votar-contra-marco-temporal-no-stf-placar-4-votos-a-2-contra-a-tese\/\",\"url\":\"https:\/\/cleitonpinheiro.com.br\/site\/barroso-e-quarto-ministro-a-votar-contra-marco-temporal-no-stf-placar-4-votos-a-2-contra-a-tese\/\",\"name\":\"Barroso \u00e9 quarto ministro a votar contra marco temporal no STF; placar 4 votos a 2 contra a tese - PORTAL DE NOT\u00cdCIAS CLEITON PINHEIRO\",\"isPartOf\":{\"@id\":\"https:\/\/cleitonpinheiro.com.br\/site\/#website\"},\"primaryImageOfPage\":{\"@id\":\"https:\/\/cleitonpinheiro.com.br\/site\/barroso-e-quarto-ministro-a-votar-contra-marco-temporal-no-stf-placar-4-votos-a-2-contra-a-tese\/#primaryimage\"},\"image\":{\"@id\":\"https:\/\/cleitonpinheiro.com.br\/site\/barroso-e-quarto-ministro-a-votar-contra-marco-temporal-no-stf-placar-4-votos-a-2-contra-a-tese\/#primaryimage\"},\"thumbnailUrl\":\"https:\/\/cleitonpinheiro.com.br\/site\/wp-content\/uploads\/2023\/08\/53155734508_7f2c405433_o.jpg\",\"datePublished\":\"2023-09-01T16:03:42+00:00\",\"dateModified\":\"2023-09-01T16:03:43+00:00\",\"breadcrumb\":{\"@id\":\"https:\/\/cleitonpinheiro.com.br\/site\/barroso-e-quarto-ministro-a-votar-contra-marco-temporal-no-stf-placar-4-votos-a-2-contra-a-tese\/#breadcrumb\"},\"inLanguage\":\"pt-BR\",\"potentialAction\":[{\"@type\":\"ReadAction\",\"target\":[\"https:\/\/cleitonpinheiro.com.br\/site\/barroso-e-quarto-ministro-a-votar-contra-marco-temporal-no-stf-placar-4-votos-a-2-contra-a-tese\/\"]}]},{\"@type\":\"ImageObject\",\"inLanguage\":\"pt-BR\",\"@id\":\"https:\/\/cleitonpinheiro.com.br\/site\/barroso-e-quarto-ministro-a-votar-contra-marco-temporal-no-stf-placar-4-votos-a-2-contra-a-tese\/#primaryimage\",\"url\":\"\",\"contentUrl\":\"\"},{\"@type\":\"BreadcrumbList\",\"@id\":\"https:\/\/cleitonpinheiro.com.br\/site\/barroso-e-quarto-ministro-a-votar-contra-marco-temporal-no-stf-placar-4-votos-a-2-contra-a-tese\/#breadcrumb\",\"itemListElement\":[{\"@type\":\"ListItem\",\"position\":1,\"name\":\"In\u00edcio\",\"item\":\"https:\/\/cleitonpinheiro.com.br\/site\/\"},{\"@type\":\"ListItem\",\"position\":2,\"name\":\"Barroso \u00e9 quarto ministro a votar contra marco temporal no STF; placar 4 votos a 2 contra a tese\"}]},{\"@type\":\"WebSite\",\"@id\":\"https:\/\/cleitonpinheiro.com.br\/site\/#website\",\"url\":\"https:\/\/cleitonpinheiro.com.br\/site\/\",\"name\":\"PORTAL DE NOT\u00cdCIAS CLEITON PINHEIRO\",\"description\":\"FALANDO A VERDADE\",\"publisher\":{\"@id\":\"https:\/\/cleitonpinheiro.com.br\/site\/#organization\"},\"potentialAction\":[{\"@type\":\"SearchAction\",\"target\":{\"@type\":\"EntryPoint\",\"urlTemplate\":\"https:\/\/cleitonpinheiro.com.br\/site\/?s={search_term_string}\"},\"query-input\":{\"@type\":\"PropertyValueSpecification\",\"valueRequired\":true,\"valueName\":\"search_term_string\"}}],\"inLanguage\":\"pt-BR\"},{\"@type\":\"Organization\",\"@id\":\"https:\/\/cleitonpinheiro.com.br\/site\/#organization\",\"name\":\"CPNOT\u00cdCIAS\",\"url\":\"https:\/\/cleitonpinheiro.com.br\/site\/\",\"logo\":{\"@type\":\"ImageObject\",\"inLanguage\":\"pt-BR\",\"@id\":\"https:\/\/cleitonpinheiro.com.br\/site\/#\/schema\/logo\/image\/\",\"url\":\"https:\/\/cleitonpinheiro.com.br\/site\/wp-content\/uploads\/2022\/08\/Logo-pequena-2.png\",\"contentUrl\":\"https:\/\/cleitonpinheiro.com.br\/site\/wp-content\/uploads\/2022\/08\/Logo-pequena-2.png\",\"width\":500,\"height\":500,\"caption\":\"CPNOT\u00cdCIAS\"},\"image\":{\"@id\":\"https:\/\/cleitonpinheiro.com.br\/site\/#\/schema\/logo\/image\/\"},\"sameAs\":[\"https:\/\/www.facebook.com\/portalcpnoticias\/\"]},{\"@type\":\"Person\",\"@id\":\"https:\/\/cleitonpinheiro.com.br\/site\/#\/schema\/person\/8f04544e0bc40a1b68775b08360f87db\",\"name\":\"Reda\u00e7\u00e3o CP\",\"image\":{\"@type\":\"ImageObject\",\"inLanguage\":\"pt-BR\",\"@id\":\"https:\/\/cleitonpinheiro.com.br\/site\/#\/schema\/person\/image\/\",\"url\":\"https:\/\/secure.gravatar.com\/avatar\/0bcf19cb29fdc8fc588c490c7ae1b3e174dac268586a63fbe1d1893a0f9020cd?s=96&r=g\",\"contentUrl\":\"https:\/\/secure.gravatar.com\/avatar\/0bcf19cb29fdc8fc588c490c7ae1b3e174dac268586a63fbe1d1893a0f9020cd?s=96&r=g\",\"caption\":\"Reda\u00e7\u00e3o CP\"},\"url\":\"https:\/\/cleitonpinheiro.com.br\/site\/author\/redacao\/\"}]}<\/script>\n<!-- \/ Yoast SEO plugin. -->","yoast_head_json":{"title":"Barroso \u00e9 quarto ministro a votar contra marco temporal no STF; placar 4 votos a 2 contra a tese - PORTAL DE NOT\u00cdCIAS CLEITON PINHEIRO","robots":{"index":"index","follow":"follow","max-snippet":"max-snippet:-1","max-image-preview":"max-image-preview:large","max-video-preview":"max-video-preview:-1"},"canonical":"https:\/\/cleitonpinheiro.com.br\/site\/barroso-e-quarto-ministro-a-votar-contra-marco-temporal-no-stf-placar-4-votos-a-2-contra-a-tese\/","og_locale":"pt_BR","og_type":"article","og_title":"Barroso \u00e9 quarto ministro a votar contra marco temporal no STF; placar 4 votos a 2 contra a tese - PORTAL DE NOT\u00cdCIAS CLEITON PINHEIRO","og_description":"Da Ag\u00eancia Brasil O ministro Lu\u00eds Roberto Barroso (ao centro), do Supremo Tribunal Federal (STF), ampliou o placar contra o marco temporal para demarca\u00e7\u00e3o de terras ind\u00edgenas. Na sess\u00e3o desta tarde, Barroso proferiu o quarto voto contra o marco. Com o posicionamento do ministro, o placar do julgamento est\u00e1 em 4 votos a 2 contra [&hellip;]","og_url":"https:\/\/cleitonpinheiro.com.br\/site\/barroso-e-quarto-ministro-a-votar-contra-marco-temporal-no-stf-placar-4-votos-a-2-contra-a-tese\/","og_site_name":"PORTAL DE NOT\u00cdCIAS CLEITON PINHEIRO","article_publisher":"https:\/\/www.facebook.com\/portalcpnoticias\/","article_published_time":"2023-09-01T16:03:42+00:00","article_modified_time":"2023-09-01T16:03:43+00:00","og_image":[{"width":1170,"height":700,"url":"https:\/\/cleitonpinheiro.com.br\/site\/wp-content\/uploads\/2023\/08\/53155734508_7f2c405433_o.jpg","type":"image\/jpeg"}],"author":"Reda\u00e7\u00e3o CP","twitter_card":"summary_large_image","twitter_misc":{"Escrito por":"Reda\u00e7\u00e3o CP","Est. tempo de leitura":"3 minutos"},"schema":{"@context":"https:\/\/schema.org","@graph":[{"@type":"Article","@id":"https:\/\/cleitonpinheiro.com.br\/site\/barroso-e-quarto-ministro-a-votar-contra-marco-temporal-no-stf-placar-4-votos-a-2-contra-a-tese\/#article","isPartOf":{"@id":"https:\/\/cleitonpinheiro.com.br\/site\/barroso-e-quarto-ministro-a-votar-contra-marco-temporal-no-stf-placar-4-votos-a-2-contra-a-tese\/"},"author":{"name":"Reda\u00e7\u00e3o CP","@id":"https:\/\/cleitonpinheiro.com.br\/site\/#\/schema\/person\/8f04544e0bc40a1b68775b08360f87db"},"headline":"Barroso \u00e9 quarto ministro a votar contra marco temporal no STF; placar 4 votos a 2 contra a tese","datePublished":"2023-09-01T16:03:42+00:00","dateModified":"2023-09-01T16:03:43+00:00","mainEntityOfPage":{"@id":"https:\/\/cleitonpinheiro.com.br\/site\/barroso-e-quarto-ministro-a-votar-contra-marco-temporal-no-stf-placar-4-votos-a-2-contra-a-tese\/"},"wordCount":455,"commentCount":0,"publisher":{"@id":"https:\/\/cleitonpinheiro.com.br\/site\/#organization"},"image":{"@id":"https:\/\/cleitonpinheiro.com.br\/site\/barroso-e-quarto-ministro-a-votar-contra-marco-temporal-no-stf-placar-4-votos-a-2-contra-a-tese\/#primaryimage"},"thumbnailUrl":"https:\/\/cleitonpinheiro.com.br\/site\/wp-content\/uploads\/2023\/08\/53155734508_7f2c405433_o.jpg","keywords":["marco temporal","Roberto Barroso","STF","territ\u00f3rios ind\u00edgenas"],"articleSection":["BRASIL \/ MUNDO","MANCHETE SEGUND\u00c1RIA"],"inLanguage":"pt-BR","potentialAction":[{"@type":"CommentAction","name":"Comment","target":["https:\/\/cleitonpinheiro.com.br\/site\/barroso-e-quarto-ministro-a-votar-contra-marco-temporal-no-stf-placar-4-votos-a-2-contra-a-tese\/#respond"]}]},{"@type":"WebPage","@id":"https:\/\/cleitonpinheiro.com.br\/site\/barroso-e-quarto-ministro-a-votar-contra-marco-temporal-no-stf-placar-4-votos-a-2-contra-a-tese\/","url":"https:\/\/cleitonpinheiro.com.br\/site\/barroso-e-quarto-ministro-a-votar-contra-marco-temporal-no-stf-placar-4-votos-a-2-contra-a-tese\/","name":"Barroso \u00e9 quarto ministro a votar contra marco temporal no STF; placar 4 votos a 2 contra a tese - PORTAL DE NOT\u00cdCIAS CLEITON PINHEIRO","isPartOf":{"@id":"https:\/\/cleitonpinheiro.com.br\/site\/#website"},"primaryImageOfPage":{"@id":"https:\/\/cleitonpinheiro.com.br\/site\/barroso-e-quarto-ministro-a-votar-contra-marco-temporal-no-stf-placar-4-votos-a-2-contra-a-tese\/#primaryimage"},"image":{"@id":"https:\/\/cleitonpinheiro.com.br\/site\/barroso-e-quarto-ministro-a-votar-contra-marco-temporal-no-stf-placar-4-votos-a-2-contra-a-tese\/#primaryimage"},"thumbnailUrl":"https:\/\/cleitonpinheiro.com.br\/site\/wp-content\/uploads\/2023\/08\/53155734508_7f2c405433_o.jpg","datePublished":"2023-09-01T16:03:42+00:00","dateModified":"2023-09-01T16:03:43+00:00","breadcrumb":{"@id":"https:\/\/cleitonpinheiro.com.br\/site\/barroso-e-quarto-ministro-a-votar-contra-marco-temporal-no-stf-placar-4-votos-a-2-contra-a-tese\/#breadcrumb"},"inLanguage":"pt-BR","potentialAction":[{"@type":"ReadAction","target":["https:\/\/cleitonpinheiro.com.br\/site\/barroso-e-quarto-ministro-a-votar-contra-marco-temporal-no-stf-placar-4-votos-a-2-contra-a-tese\/"]}]},{"@type":"ImageObject","inLanguage":"pt-BR","@id":"https:\/\/cleitonpinheiro.com.br\/site\/barroso-e-quarto-ministro-a-votar-contra-marco-temporal-no-stf-placar-4-votos-a-2-contra-a-tese\/#primaryimage","url":"","contentUrl":""},{"@type":"BreadcrumbList","@id":"https:\/\/cleitonpinheiro.com.br\/site\/barroso-e-quarto-ministro-a-votar-contra-marco-temporal-no-stf-placar-4-votos-a-2-contra-a-tese\/#breadcrumb","itemListElement":[{"@type":"ListItem","position":1,"name":"In\u00edcio","item":"https:\/\/cleitonpinheiro.com.br\/site\/"},{"@type":"ListItem","position":2,"name":"Barroso \u00e9 quarto ministro a votar contra marco temporal no STF; placar 4 votos a 2 contra a tese"}]},{"@type":"WebSite","@id":"https:\/\/cleitonpinheiro.com.br\/site\/#website","url":"https:\/\/cleitonpinheiro.com.br\/site\/","name":"PORTAL DE NOT\u00cdCIAS CLEITON PINHEIRO","description":"FALANDO A VERDADE","publisher":{"@id":"https:\/\/cleitonpinheiro.com.br\/site\/#organization"},"potentialAction":[{"@type":"SearchAction","target":{"@type":"EntryPoint","urlTemplate":"https:\/\/cleitonpinheiro.com.br\/site\/?s={search_term_string}"},"query-input":{"@type":"PropertyValueSpecification","valueRequired":true,"valueName":"search_term_string"}}],"inLanguage":"pt-BR"},{"@type":"Organization","@id":"https:\/\/cleitonpinheiro.com.br\/site\/#organization","name":"CPNOT\u00cdCIAS","url":"https:\/\/cleitonpinheiro.com.br\/site\/","logo":{"@type":"ImageObject","inLanguage":"pt-BR","@id":"https:\/\/cleitonpinheiro.com.br\/site\/#\/schema\/logo\/image\/","url":"https:\/\/cleitonpinheiro.com.br\/site\/wp-content\/uploads\/2022\/08\/Logo-pequena-2.png","contentUrl":"https:\/\/cleitonpinheiro.com.br\/site\/wp-content\/uploads\/2022\/08\/Logo-pequena-2.png","width":500,"height":500,"caption":"CPNOT\u00cdCIAS"},"image":{"@id":"https:\/\/cleitonpinheiro.com.br\/site\/#\/schema\/logo\/image\/"},"sameAs":["https:\/\/www.facebook.com\/portalcpnoticias\/"]},{"@type":"Person","@id":"https:\/\/cleitonpinheiro.com.br\/site\/#\/schema\/person\/8f04544e0bc40a1b68775b08360f87db","name":"Reda\u00e7\u00e3o CP","image":{"@type":"ImageObject","inLanguage":"pt-BR","@id":"https:\/\/cleitonpinheiro.com.br\/site\/#\/schema\/person\/image\/","url":"https:\/\/secure.gravatar.com\/avatar\/0bcf19cb29fdc8fc588c490c7ae1b3e174dac268586a63fbe1d1893a0f9020cd?s=96&r=g","contentUrl":"https:\/\/secure.gravatar.com\/avatar\/0bcf19cb29fdc8fc588c490c7ae1b3e174dac268586a63fbe1d1893a0f9020cd?s=96&r=g","caption":"Reda\u00e7\u00e3o CP"},"url":"https:\/\/cleitonpinheiro.com.br\/site\/author\/redacao\/"}]}},"views":112,"_links":{"self":[{"href":"https:\/\/cleitonpinheiro.com.br\/site\/wp-json\/wp\/v2\/posts\/73938","targetHints":{"allow":["GET"]}}],"collection":[{"href":"https:\/\/cleitonpinheiro.com.br\/site\/wp-json\/wp\/v2\/posts"}],"about":[{"href":"https:\/\/cleitonpinheiro.com.br\/site\/wp-json\/wp\/v2\/types\/post"}],"author":[{"embeddable":true,"href":"https:\/\/cleitonpinheiro.com.br\/site\/wp-json\/wp\/v2\/users\/13"}],"replies":[{"embeddable":true,"href":"https:\/\/cleitonpinheiro.com.br\/site\/wp-json\/wp\/v2\/comments?post=73938"}],"version-history":[{"count":1,"href":"https:\/\/cleitonpinheiro.com.br\/site\/wp-json\/wp\/v2\/posts\/73938\/revisions"}],"predecessor-version":[{"id":73940,"href":"https:\/\/cleitonpinheiro.com.br\/site\/wp-json\/wp\/v2\/posts\/73938\/revisions\/73940"}],"wp:attachment":[{"href":"https:\/\/cleitonpinheiro.com.br\/site\/wp-json\/wp\/v2\/media?parent=73938"}],"wp:term":[{"taxonomy":"category","embeddable":true,"href":"https:\/\/cleitonpinheiro.com.br\/site\/wp-json\/wp\/v2\/categories?post=73938"},{"taxonomy":"post_tag","embeddable":true,"href":"https:\/\/cleitonpinheiro.com.br\/site\/wp-json\/wp\/v2\/tags?post=73938"}],"curies":[{"name":"wp","href":"https:\/\/api.w.org\/{rel}","templated":true}]}}