{"id":73985,"date":"2023-09-05T17:57:23","date_gmt":"2023-09-05T20:57:23","guid":{"rendered":"https:\/\/cleitonpinheiro.com.br\/site\/?p=73985"},"modified":"2023-09-08T12:33:39","modified_gmt":"2023-09-08T15:33:39","slug":"41-pratos-compoem-o-cardapio-do-festival-gastronomico-de-taquarucu","status":"publish","type":"post","link":"https:\/\/cleitonpinheiro.com.br\/site\/41-pratos-compoem-o-cardapio-do-festival-gastronomico-de-taquarucu\/","title":{"rendered":"41 pratos comp\u00f5em o card\u00e1pio do Festival Gastron\u00f4mico de Taquaru\u00e7u"},"content":{"rendered":"\n<figure class=\"wp-block-image size-full\"><img decoding=\"async\" src=\"https:\/\/cleitonpinheiro.com.br\/site\/wp-content\/uploads\/2023\/09\/122b80e326d84dabad5443a1e68bf6cf.jpg\" alt=\"\" class=\"wp-image-73986\"\/><figcaption class=\"wp-element-caption\">Conhe\u00e7a os pratos do 17\u00ba FGT no https:\/\/fgt2023.com.br\/ &#8211; Foto: montagem<\/figcaption><\/figure>\n\n\n\n<p class=\"wp-block-paragraph\">A 17\u00aa edi\u00e7\u00e3o do Festival Gastron\u00f4mico de Taquaru\u00e7u est\u00e1 chegando. Contando com <a href=\"https:\/\/fgt2023.com.br\/\">41 pratos diferentes<\/a>, que representam bem as del\u00edcias tocantinenses, o evento inicia nesta quarta-feira, 6, com show do artista nacional Almir Sater. Organizado pela Prefeitura de Palmas, por meio da Ag\u00eancia Municipal de Turismo (Agtur), a festividade traz sabores que atendem a todos os gostos e paladar, contando agora com uma categoria vegetariana, para aqueles que possuem intoler\u00e2ncia \u00e0 lactose ou que buscam receitas saud\u00e1veis.\u00a0<\/p>\n\n\n\n<p class=\"wp-block-paragraph\">Al\u00e9m desta categoria, intitulada \u201cSa\u00fade e Bem-Estar\u201d, que conta com dois pratos, h\u00e1 ainda outras cinco divis\u00f5es, sendo elas: dez pratos de \u201cComidinha Salgada\u201d, dez \u201cPratos Salgado\u201d, dez \u201cPratos Doce\u201d, seis \u201cTrailer\/Food Truck\u201d e tr\u00eas pratos da \u201cRota Gastron\u00f4mica\u201d. Todos estar\u00e3o participando da competi\u00e7\u00e3o durante os cinco dias, com os jurados avaliando e a popula\u00e7\u00e3o podendo aproveitar bem esses sabores. Com exce\u00e7\u00e3o dos tr\u00eas pratos da \u201cRota Gastron\u00f4mica\u201d, que j\u00e1 est\u00e3o sendo comercializados nos pr\u00f3prios restaurantes.<\/p>\n\n\n\n<p class=\"wp-block-paragraph\">Compondo a categoria de \u201cComidinhas Salgadas\u201d, os visitantes poder\u00e3o degustar pratos com ingredientes queridinhos do tocantinense, como \u201cFervedouro de Chambari\u201d da Chef Marleide Gon\u00e7alves Borges;&nbsp;\u201cChambasol\u201d da Chef Karla Tatiana de Jesus Souza, entre outros. E para a sobremesa, tem a op\u00e7\u00e3o de um delicioso \u201cBolo Gelado de Murici\u201d da Chef Kliscia Barros de Carvalho; uma \u201cFatia Amor Tocantinense\u201d, da Chef Emily Gon\u00e7alves Ferreira e a pessoa pode aproveitar e&nbsp;dividir com o seu amor, dentre outros pratos.&nbsp;<\/p>\n\n\n\n<p class=\"wp-block-paragraph\">E, buscando incentivar ainda mais a economia do Distrito de Taquaru\u00e7u, tem a \u201cRota Gastron\u00f4mica\u201d &#8211; composta apenas por restaurantes da comunidade serrana. S\u00e3o tr\u00eas participantes nesta categoria, cada um apresentando um prato, sendo: Restaurante Mandala, com o prato \u201cPirarucu Bela Vista\u201d da chef Jaqueline Costa dos Santos;&nbsp;Pousada Casa das Flores, com o \u201cDuo Das Araras\u201d da chef Kenia de Moura Borges, al\u00e9m da chef Maria do Socorro Nascimento Cavalcante com o Rabacam Bai\u00e3o Moiado.<\/p>\n\n\n\n<p class=\"wp-block-paragraph\"><strong>Valores&nbsp;<\/strong><br>E para aqueles que querem se planejar, est\u00e3o aqui alguns valores dos alimentos vendidos durante o Festival. Os pratos de \u201cComidinhas salgadas\u201d estar\u00e3o todos custando R$ 16,00, exceto o prato \u201cSabor da Serra\u201d que custar\u00e1 R$ 18,00. Enquanto isso, os \u201cPratos Doces\u201d custar\u00e3o R$ 14,00, os \u201cPratos Salgados\u201d R$ 20,00 e os da categoria \u201cSa\u00fade e bem-estar\u201d R$ 16,00. J\u00e1 os Food Trucks est\u00e3o com valores variando de R$ 17,00 a R$ 19,00.&nbsp;<\/p>\n\n\n\n<p class=\"wp-block-paragraph\">Dos tr\u00eas pratos concorrentes da Rota Gastron\u00f4mica, um estar\u00e1 custando R$49,90, sendo ele o \u201cDuo de Araras\u201d. O \u201cPirarucu Bela Vista\u201d, do Restaurante Mandela,&nbsp;vai custar R$ 49,00. J\u00e1 o prato Rabacam Bai\u00e3o Moiado, da chef Maria do Socorro Nascimento Cavalcante estar\u00e1 valendo R$ 30,00.&nbsp;<\/p>\n\n\n\n<p class=\"wp-block-paragraph\">Para conferir a lista completa de pratos com seus respectivos valores, clique&nbsp;<a href=\"https:\/\/fgt2023.com.br\/\" target=\"_blank\" rel=\"noreferrer noopener\">aqui.<\/a>&nbsp;<\/p>\n","protected":false},"excerpt":{"rendered":"<p>A 17\u00aa edi\u00e7\u00e3o do Festival Gastron\u00f4mico de Taquaru\u00e7u est\u00e1 chegando. Contando com 41 pratos diferentes, que representam bem as del\u00edcias tocantinenses, o evento inicia nesta quarta-feira, 6, com show do artista nacional Almir Sater. Organizado pela Prefeitura de Palmas, por meio da Ag\u00eancia Municipal de Turismo (Agtur), a festividade traz sabores que atendem a todos [&hellip;]<\/p>\n","protected":false},"author":13,"featured_media":0,"comment_status":"open","ping_status":"open","sticky":false,"template":"","format":"standard","meta":{"_acf_changed":false,"footnotes":""},"categories":[22,21],"tags":[],"class_list":["post-73985","post","type-post","status-publish","format-standard","hentry","category-cidades","category-todas-noticias"],"acf":[],"yoast_head":"<!-- This site is optimized with the Yoast SEO plugin v24.4 - https:\/\/yoast.com\/wordpress\/plugins\/seo\/ -->\n<title>41 pratos comp\u00f5em o card\u00e1pio do Festival Gastron\u00f4mico de Taquaru\u00e7u - PORTAL DE NOT\u00cdCIAS CLEITON PINHEIRO<\/title>\n<meta name=\"robots\" content=\"index, follow, max-snippet:-1, max-image-preview:large, max-video-preview:-1\" \/>\n<link rel=\"canonical\" href=\"https:\/\/cleitonpinheiro.com.br\/site\/41-pratos-compoem-o-cardapio-do-festival-gastronomico-de-taquarucu\/\" \/>\n<meta property=\"og:locale\" content=\"pt_BR\" \/>\n<meta property=\"og:type\" content=\"article\" \/>\n<meta property=\"og:title\" content=\"41 pratos comp\u00f5em o card\u00e1pio do Festival Gastron\u00f4mico de Taquaru\u00e7u - PORTAL DE NOT\u00cdCIAS CLEITON PINHEIRO\" \/>\n<meta property=\"og:description\" content=\"A 17\u00aa edi\u00e7\u00e3o do Festival Gastron\u00f4mico de Taquaru\u00e7u est\u00e1 chegando. Contando com 41 pratos diferentes, que representam bem as del\u00edcias tocantinenses, o evento inicia nesta quarta-feira, 6, com show do artista nacional Almir Sater. Organizado pela Prefeitura de Palmas, por meio da Ag\u00eancia Municipal de Turismo (Agtur), a festividade traz sabores que atendem a todos [&hellip;]\" \/>\n<meta property=\"og:url\" content=\"https:\/\/cleitonpinheiro.com.br\/site\/41-pratos-compoem-o-cardapio-do-festival-gastronomico-de-taquarucu\/\" \/>\n<meta property=\"og:site_name\" content=\"PORTAL DE NOT\u00cdCIAS CLEITON PINHEIRO\" \/>\n<meta property=\"article:publisher\" content=\"https:\/\/www.facebook.com\/portalcpnoticias\/\" \/>\n<meta property=\"article:published_time\" content=\"2023-09-05T20:57:23+00:00\" \/>\n<meta property=\"article:modified_time\" content=\"2023-09-08T15:33:39+00:00\" \/>\n<meta property=\"og:image\" content=\"https:\/\/cleitonpinheiro.com.br\/site\/wp-content\/uploads\/2023\/09\/122b80e326d84dabad5443a1e68bf6cf.jpg\" \/>\n\t<meta property=\"og:image:width\" content=\"800\" \/>\n\t<meta property=\"og:image:height\" content=\"523\" \/>\n\t<meta property=\"og:image:type\" content=\"image\/jpeg\" \/>\n<meta name=\"author\" content=\"Reda\u00e7\u00e3o CP\" \/>\n<meta name=\"twitter:card\" content=\"summary_large_image\" \/>\n<meta name=\"twitter:label1\" content=\"Escrito por\" \/>\n\t<meta name=\"twitter:data1\" content=\"Reda\u00e7\u00e3o CP\" \/>\n\t<meta name=\"twitter:label2\" content=\"Est. tempo de leitura\" \/>\n\t<meta name=\"twitter:data2\" content=\"3 minutos\" \/>\n<script type=\"application\/ld+json\" class=\"yoast-schema-graph\">{\"@context\":\"https:\/\/schema.org\",\"@graph\":[{\"@type\":\"Article\",\"@id\":\"https:\/\/cleitonpinheiro.com.br\/site\/41-pratos-compoem-o-cardapio-do-festival-gastronomico-de-taquarucu\/#article\",\"isPartOf\":{\"@id\":\"https:\/\/cleitonpinheiro.com.br\/site\/41-pratos-compoem-o-cardapio-do-festival-gastronomico-de-taquarucu\/\"},\"author\":{\"name\":\"Reda\u00e7\u00e3o CP\",\"@id\":\"https:\/\/cleitonpinheiro.com.br\/site\/#\/schema\/person\/8f04544e0bc40a1b68775b08360f87db\"},\"headline\":\"41 pratos comp\u00f5em o card\u00e1pio do Festival Gastron\u00f4mico de Taquaru\u00e7u\",\"datePublished\":\"2023-09-05T20:57:23+00:00\",\"dateModified\":\"2023-09-08T15:33:39+00:00\",\"mainEntityOfPage\":{\"@id\":\"https:\/\/cleitonpinheiro.com.br\/site\/41-pratos-compoem-o-cardapio-do-festival-gastronomico-de-taquarucu\/\"},\"wordCount\":502,\"commentCount\":0,\"publisher\":{\"@id\":\"https:\/\/cleitonpinheiro.com.br\/site\/#organization\"},\"image\":{\"@id\":\"https:\/\/cleitonpinheiro.com.br\/site\/41-pratos-compoem-o-cardapio-do-festival-gastronomico-de-taquarucu\/#primaryimage\"},\"thumbnailUrl\":\"https:\/\/cleitonpinheiro.com.br\/site\/wp-content\/uploads\/2023\/09\/122b80e326d84dabad5443a1e68bf6cf.jpg\",\"articleSection\":[\"CIDADES\",\"TODAS NOTICIAS\"],\"inLanguage\":\"pt-BR\",\"potentialAction\":[{\"@type\":\"CommentAction\",\"name\":\"Comment\",\"target\":[\"https:\/\/cleitonpinheiro.com.br\/site\/41-pratos-compoem-o-cardapio-do-festival-gastronomico-de-taquarucu\/#respond\"]}]},{\"@type\":\"WebPage\",\"@id\":\"https:\/\/cleitonpinheiro.com.br\/site\/41-pratos-compoem-o-cardapio-do-festival-gastronomico-de-taquarucu\/\",\"url\":\"https:\/\/cleitonpinheiro.com.br\/site\/41-pratos-compoem-o-cardapio-do-festival-gastronomico-de-taquarucu\/\",\"name\":\"41 pratos comp\u00f5em o card\u00e1pio do Festival Gastron\u00f4mico de Taquaru\u00e7u - PORTAL DE NOT\u00cdCIAS CLEITON PINHEIRO\",\"isPartOf\":{\"@id\":\"https:\/\/cleitonpinheiro.com.br\/site\/#website\"},\"primaryImageOfPage\":{\"@id\":\"https:\/\/cleitonpinheiro.com.br\/site\/41-pratos-compoem-o-cardapio-do-festival-gastronomico-de-taquarucu\/#primaryimage\"},\"image\":{\"@id\":\"https:\/\/cleitonpinheiro.com.br\/site\/41-pratos-compoem-o-cardapio-do-festival-gastronomico-de-taquarucu\/#primaryimage\"},\"thumbnailUrl\":\"https:\/\/cleitonpinheiro.com.br\/site\/wp-content\/uploads\/2023\/09\/122b80e326d84dabad5443a1e68bf6cf.jpg\",\"datePublished\":\"2023-09-05T20:57:23+00:00\",\"dateModified\":\"2023-09-08T15:33:39+00:00\",\"breadcrumb\":{\"@id\":\"https:\/\/cleitonpinheiro.com.br\/site\/41-pratos-compoem-o-cardapio-do-festival-gastronomico-de-taquarucu\/#breadcrumb\"},\"inLanguage\":\"pt-BR\",\"potentialAction\":[{\"@type\":\"ReadAction\",\"target\":[\"https:\/\/cleitonpinheiro.com.br\/site\/41-pratos-compoem-o-cardapio-do-festival-gastronomico-de-taquarucu\/\"]}]},{\"@type\":\"ImageObject\",\"inLanguage\":\"pt-BR\",\"@id\":\"https:\/\/cleitonpinheiro.com.br\/site\/41-pratos-compoem-o-cardapio-do-festival-gastronomico-de-taquarucu\/#primaryimage\",\"url\":\"\",\"contentUrl\":\"\"},{\"@type\":\"BreadcrumbList\",\"@id\":\"https:\/\/cleitonpinheiro.com.br\/site\/41-pratos-compoem-o-cardapio-do-festival-gastronomico-de-taquarucu\/#breadcrumb\",\"itemListElement\":[{\"@type\":\"ListItem\",\"position\":1,\"name\":\"In\u00edcio\",\"item\":\"https:\/\/cleitonpinheiro.com.br\/site\/\"},{\"@type\":\"ListItem\",\"position\":2,\"name\":\"41 pratos comp\u00f5em o card\u00e1pio do Festival Gastron\u00f4mico de Taquaru\u00e7u\"}]},{\"@type\":\"WebSite\",\"@id\":\"https:\/\/cleitonpinheiro.com.br\/site\/#website\",\"url\":\"https:\/\/cleitonpinheiro.com.br\/site\/\",\"name\":\"PORTAL DE NOT\u00cdCIAS CLEITON PINHEIRO\",\"description\":\"FALANDO A VERDADE\",\"publisher\":{\"@id\":\"https:\/\/cleitonpinheiro.com.br\/site\/#organization\"},\"potentialAction\":[{\"@type\":\"SearchAction\",\"target\":{\"@type\":\"EntryPoint\",\"urlTemplate\":\"https:\/\/cleitonpinheiro.com.br\/site\/?s={search_term_string}\"},\"query-input\":{\"@type\":\"PropertyValueSpecification\",\"valueRequired\":true,\"valueName\":\"search_term_string\"}}],\"inLanguage\":\"pt-BR\"},{\"@type\":\"Organization\",\"@id\":\"https:\/\/cleitonpinheiro.com.br\/site\/#organization\",\"name\":\"CPNOT\u00cdCIAS\",\"url\":\"https:\/\/cleitonpinheiro.com.br\/site\/\",\"logo\":{\"@type\":\"ImageObject\",\"inLanguage\":\"pt-BR\",\"@id\":\"https:\/\/cleitonpinheiro.com.br\/site\/#\/schema\/logo\/image\/\",\"url\":\"https:\/\/cleitonpinheiro.com.br\/site\/wp-content\/uploads\/2022\/08\/Logo-pequena-2.png\",\"contentUrl\":\"https:\/\/cleitonpinheiro.com.br\/site\/wp-content\/uploads\/2022\/08\/Logo-pequena-2.png\",\"width\":500,\"height\":500,\"caption\":\"CPNOT\u00cdCIAS\"},\"image\":{\"@id\":\"https:\/\/cleitonpinheiro.com.br\/site\/#\/schema\/logo\/image\/\"},\"sameAs\":[\"https:\/\/www.facebook.com\/portalcpnoticias\/\"]},{\"@type\":\"Person\",\"@id\":\"https:\/\/cleitonpinheiro.com.br\/site\/#\/schema\/person\/8f04544e0bc40a1b68775b08360f87db\",\"name\":\"Reda\u00e7\u00e3o CP\",\"image\":{\"@type\":\"ImageObject\",\"inLanguage\":\"pt-BR\",\"@id\":\"https:\/\/cleitonpinheiro.com.br\/site\/#\/schema\/person\/image\/\",\"url\":\"https:\/\/secure.gravatar.com\/avatar\/0bcf19cb29fdc8fc588c490c7ae1b3e174dac268586a63fbe1d1893a0f9020cd?s=96&r=g\",\"contentUrl\":\"https:\/\/secure.gravatar.com\/avatar\/0bcf19cb29fdc8fc588c490c7ae1b3e174dac268586a63fbe1d1893a0f9020cd?s=96&r=g\",\"caption\":\"Reda\u00e7\u00e3o CP\"},\"url\":\"https:\/\/cleitonpinheiro.com.br\/site\/author\/redacao\/\"}]}<\/script>\n<!-- \/ Yoast SEO plugin. -->","yoast_head_json":{"title":"41 pratos comp\u00f5em o card\u00e1pio do Festival Gastron\u00f4mico de Taquaru\u00e7u - PORTAL DE NOT\u00cdCIAS CLEITON PINHEIRO","robots":{"index":"index","follow":"follow","max-snippet":"max-snippet:-1","max-image-preview":"max-image-preview:large","max-video-preview":"max-video-preview:-1"},"canonical":"https:\/\/cleitonpinheiro.com.br\/site\/41-pratos-compoem-o-cardapio-do-festival-gastronomico-de-taquarucu\/","og_locale":"pt_BR","og_type":"article","og_title":"41 pratos comp\u00f5em o card\u00e1pio do Festival Gastron\u00f4mico de Taquaru\u00e7u - PORTAL DE NOT\u00cdCIAS CLEITON PINHEIRO","og_description":"A 17\u00aa edi\u00e7\u00e3o do Festival Gastron\u00f4mico de Taquaru\u00e7u est\u00e1 chegando. Contando com 41 pratos diferentes, que representam bem as del\u00edcias tocantinenses, o evento inicia nesta quarta-feira, 6, com show do artista nacional Almir Sater. Organizado pela Prefeitura de Palmas, por meio da Ag\u00eancia Municipal de Turismo (Agtur), a festividade traz sabores que atendem a todos [&hellip;]","og_url":"https:\/\/cleitonpinheiro.com.br\/site\/41-pratos-compoem-o-cardapio-do-festival-gastronomico-de-taquarucu\/","og_site_name":"PORTAL DE NOT\u00cdCIAS CLEITON PINHEIRO","article_publisher":"https:\/\/www.facebook.com\/portalcpnoticias\/","article_published_time":"2023-09-05T20:57:23+00:00","article_modified_time":"2023-09-08T15:33:39+00:00","og_image":[{"width":800,"height":523,"url":"https:\/\/cleitonpinheiro.com.br\/site\/wp-content\/uploads\/2023\/09\/122b80e326d84dabad5443a1e68bf6cf.jpg","type":"image\/jpeg"}],"author":"Reda\u00e7\u00e3o CP","twitter_card":"summary_large_image","twitter_misc":{"Escrito por":"Reda\u00e7\u00e3o CP","Est. tempo de leitura":"3 minutos"},"schema":{"@context":"https:\/\/schema.org","@graph":[{"@type":"Article","@id":"https:\/\/cleitonpinheiro.com.br\/site\/41-pratos-compoem-o-cardapio-do-festival-gastronomico-de-taquarucu\/#article","isPartOf":{"@id":"https:\/\/cleitonpinheiro.com.br\/site\/41-pratos-compoem-o-cardapio-do-festival-gastronomico-de-taquarucu\/"},"author":{"name":"Reda\u00e7\u00e3o CP","@id":"https:\/\/cleitonpinheiro.com.br\/site\/#\/schema\/person\/8f04544e0bc40a1b68775b08360f87db"},"headline":"41 pratos comp\u00f5em o card\u00e1pio do Festival Gastron\u00f4mico de Taquaru\u00e7u","datePublished":"2023-09-05T20:57:23+00:00","dateModified":"2023-09-08T15:33:39+00:00","mainEntityOfPage":{"@id":"https:\/\/cleitonpinheiro.com.br\/site\/41-pratos-compoem-o-cardapio-do-festival-gastronomico-de-taquarucu\/"},"wordCount":502,"commentCount":0,"publisher":{"@id":"https:\/\/cleitonpinheiro.com.br\/site\/#organization"},"image":{"@id":"https:\/\/cleitonpinheiro.com.br\/site\/41-pratos-compoem-o-cardapio-do-festival-gastronomico-de-taquarucu\/#primaryimage"},"thumbnailUrl":"https:\/\/cleitonpinheiro.com.br\/site\/wp-content\/uploads\/2023\/09\/122b80e326d84dabad5443a1e68bf6cf.jpg","articleSection":["CIDADES","TODAS NOTICIAS"],"inLanguage":"pt-BR","potentialAction":[{"@type":"CommentAction","name":"Comment","target":["https:\/\/cleitonpinheiro.com.br\/site\/41-pratos-compoem-o-cardapio-do-festival-gastronomico-de-taquarucu\/#respond"]}]},{"@type":"WebPage","@id":"https:\/\/cleitonpinheiro.com.br\/site\/41-pratos-compoem-o-cardapio-do-festival-gastronomico-de-taquarucu\/","url":"https:\/\/cleitonpinheiro.com.br\/site\/41-pratos-compoem-o-cardapio-do-festival-gastronomico-de-taquarucu\/","name":"41 pratos comp\u00f5em o card\u00e1pio do Festival Gastron\u00f4mico de Taquaru\u00e7u - PORTAL DE NOT\u00cdCIAS CLEITON PINHEIRO","isPartOf":{"@id":"https:\/\/cleitonpinheiro.com.br\/site\/#website"},"primaryImageOfPage":{"@id":"https:\/\/cleitonpinheiro.com.br\/site\/41-pratos-compoem-o-cardapio-do-festival-gastronomico-de-taquarucu\/#primaryimage"},"image":{"@id":"https:\/\/cleitonpinheiro.com.br\/site\/41-pratos-compoem-o-cardapio-do-festival-gastronomico-de-taquarucu\/#primaryimage"},"thumbnailUrl":"https:\/\/cleitonpinheiro.com.br\/site\/wp-content\/uploads\/2023\/09\/122b80e326d84dabad5443a1e68bf6cf.jpg","datePublished":"2023-09-05T20:57:23+00:00","dateModified":"2023-09-08T15:33:39+00:00","breadcrumb":{"@id":"https:\/\/cleitonpinheiro.com.br\/site\/41-pratos-compoem-o-cardapio-do-festival-gastronomico-de-taquarucu\/#breadcrumb"},"inLanguage":"pt-BR","potentialAction":[{"@type":"ReadAction","target":["https:\/\/cleitonpinheiro.com.br\/site\/41-pratos-compoem-o-cardapio-do-festival-gastronomico-de-taquarucu\/"]}]},{"@type":"ImageObject","inLanguage":"pt-BR","@id":"https:\/\/cleitonpinheiro.com.br\/site\/41-pratos-compoem-o-cardapio-do-festival-gastronomico-de-taquarucu\/#primaryimage","url":"","contentUrl":""},{"@type":"BreadcrumbList","@id":"https:\/\/cleitonpinheiro.com.br\/site\/41-pratos-compoem-o-cardapio-do-festival-gastronomico-de-taquarucu\/#breadcrumb","itemListElement":[{"@type":"ListItem","position":1,"name":"In\u00edcio","item":"https:\/\/cleitonpinheiro.com.br\/site\/"},{"@type":"ListItem","position":2,"name":"41 pratos comp\u00f5em o card\u00e1pio do Festival Gastron\u00f4mico de Taquaru\u00e7u"}]},{"@type":"WebSite","@id":"https:\/\/cleitonpinheiro.com.br\/site\/#website","url":"https:\/\/cleitonpinheiro.com.br\/site\/","name":"PORTAL DE NOT\u00cdCIAS CLEITON PINHEIRO","description":"FALANDO A VERDADE","publisher":{"@id":"https:\/\/cleitonpinheiro.com.br\/site\/#organization"},"potentialAction":[{"@type":"SearchAction","target":{"@type":"EntryPoint","urlTemplate":"https:\/\/cleitonpinheiro.com.br\/site\/?s={search_term_string}"},"query-input":{"@type":"PropertyValueSpecification","valueRequired":true,"valueName":"search_term_string"}}],"inLanguage":"pt-BR"},{"@type":"Organization","@id":"https:\/\/cleitonpinheiro.com.br\/site\/#organization","name":"CPNOT\u00cdCIAS","url":"https:\/\/cleitonpinheiro.com.br\/site\/","logo":{"@type":"ImageObject","inLanguage":"pt-BR","@id":"https:\/\/cleitonpinheiro.com.br\/site\/#\/schema\/logo\/image\/","url":"https:\/\/cleitonpinheiro.com.br\/site\/wp-content\/uploads\/2022\/08\/Logo-pequena-2.png","contentUrl":"https:\/\/cleitonpinheiro.com.br\/site\/wp-content\/uploads\/2022\/08\/Logo-pequena-2.png","width":500,"height":500,"caption":"CPNOT\u00cdCIAS"},"image":{"@id":"https:\/\/cleitonpinheiro.com.br\/site\/#\/schema\/logo\/image\/"},"sameAs":["https:\/\/www.facebook.com\/portalcpnoticias\/"]},{"@type":"Person","@id":"https:\/\/cleitonpinheiro.com.br\/site\/#\/schema\/person\/8f04544e0bc40a1b68775b08360f87db","name":"Reda\u00e7\u00e3o CP","image":{"@type":"ImageObject","inLanguage":"pt-BR","@id":"https:\/\/cleitonpinheiro.com.br\/site\/#\/schema\/person\/image\/","url":"https:\/\/secure.gravatar.com\/avatar\/0bcf19cb29fdc8fc588c490c7ae1b3e174dac268586a63fbe1d1893a0f9020cd?s=96&r=g","contentUrl":"https:\/\/secure.gravatar.com\/avatar\/0bcf19cb29fdc8fc588c490c7ae1b3e174dac268586a63fbe1d1893a0f9020cd?s=96&r=g","caption":"Reda\u00e7\u00e3o CP"},"url":"https:\/\/cleitonpinheiro.com.br\/site\/author\/redacao\/"}]}},"views":170,"_links":{"self":[{"href":"https:\/\/cleitonpinheiro.com.br\/site\/wp-json\/wp\/v2\/posts\/73985","targetHints":{"allow":["GET"]}}],"collection":[{"href":"https:\/\/cleitonpinheiro.com.br\/site\/wp-json\/wp\/v2\/posts"}],"about":[{"href":"https:\/\/cleitonpinheiro.com.br\/site\/wp-json\/wp\/v2\/types\/post"}],"author":[{"embeddable":true,"href":"https:\/\/cleitonpinheiro.com.br\/site\/wp-json\/wp\/v2\/users\/13"}],"replies":[{"embeddable":true,"href":"https:\/\/cleitonpinheiro.com.br\/site\/wp-json\/wp\/v2\/comments?post=73985"}],"version-history":[{"count":1,"href":"https:\/\/cleitonpinheiro.com.br\/site\/wp-json\/wp\/v2\/posts\/73985\/revisions"}],"predecessor-version":[{"id":73987,"href":"https:\/\/cleitonpinheiro.com.br\/site\/wp-json\/wp\/v2\/posts\/73985\/revisions\/73987"}],"wp:attachment":[{"href":"https:\/\/cleitonpinheiro.com.br\/site\/wp-json\/wp\/v2\/media?parent=73985"}],"wp:term":[{"taxonomy":"category","embeddable":true,"href":"https:\/\/cleitonpinheiro.com.br\/site\/wp-json\/wp\/v2\/categories?post=73985"},{"taxonomy":"post_tag","embeddable":true,"href":"https:\/\/cleitonpinheiro.com.br\/site\/wp-json\/wp\/v2\/tags?post=73985"}],"curies":[{"name":"wp","href":"https:\/\/api.w.org\/{rel}","templated":true}]}}