{"id":73992,"date":"2023-09-05T22:04:04","date_gmt":"2023-09-06T01:04:04","guid":{"rendered":"https:\/\/cleitonpinheiro.com.br\/site\/?p=73992"},"modified":"2023-09-05T22:04:06","modified_gmt":"2023-09-06T01:04:06","slug":"dpe-to-atua-na-protecao-e-na-garantia-de-direitos-de-quilombolas-da-comunidade-rio-preto","status":"publish","type":"post","link":"https:\/\/cleitonpinheiro.com.br\/site\/dpe-to-atua-na-protecao-e-na-garantia-de-direitos-de-quilombolas-da-comunidade-rio-preto\/","title":{"rendered":"DPE-TO atua na prote\u00e7\u00e3o e na garantia de direitos de quilombolas da Comunidade Rio Preto"},"content":{"rendered":"\n<figure class=\"wp-block-image size-full\"><img decoding=\"async\" src=\"https:\/\/cleitonpinheiro.com.br\/site\/wp-content\/uploads\/2023\/09\/Foto-Marcus-Mesquita-Comunicacao-DPE-TO.jpeg\" alt=\"\" class=\"wp-image-73993\"\/><figcaption class=\"wp-element-caption\">Defensor p\u00fablico Fabr\u00edcio Brito conversou com as fam\u00edlias que residem na comunidade &#8211; Foto: Marcus Mesquita \/ Comunica\u00e7\u00e3o DPE-TO<\/figcaption><\/figure>\n\n\n\n<p class=\"wp-block-paragraph\">Uma comunidade quase centen\u00e1ria e que lida com a falta de servi\u00e7os p\u00fablicos b\u00e1sicos e, tamb\u00e9m, com a constante amea\u00e7a violenta de terceiros interessados nas terras. Esta \u00e9 a realidade com o qual convive cerca de 150 quilombolas que integram a Comunidade Rio Preto, que recebeu, nesta segunda-feira, 4, uma equipe da Defensoria P\u00fablica do Estado do Tocantins (DPE-TO) e de outras entidades p\u00fablicas em favor da busca pelas prote\u00e7\u00e3o e garantia de direitos dos povos tradicionais.<\/p>\n\n\n\n<p class=\"wp-block-paragraph\">Estiveram no local o coordenador do N\u00facleo da Defensoria P\u00fablica Agr\u00e1ria (DPagra), defensor p\u00fablico Fabr\u00edcio Silva Brito, e o assessor jur\u00eddico do DPagra, Diego Panhussatti. Conforme explicou Fabr\u00edcio Brito, depois de informada sobre esta demanda pela Secretaria de Estado dos Povos Origin\u00e1rios e Tradicionais (Sepot), a Defensoria foi at\u00e9 a Comunidade para, inicialmente, conhecer de perto a realidade local.<\/p>\n\n\n\n<p class=\"wp-block-paragraph\">\u201cEsta reuni\u00e3o foi muito produtiva. Contamos com a participa\u00e7\u00e3o de 70 pessoas, dentre quilombolas afetados por diversos problemas e autoridades que atuam nos \u00e2mbitos Federal, Estadual, Municipal local e de representa\u00e7\u00e3o quilombola. Os di\u00e1logos foram francos, abrangentes e nos municiaram de informa\u00e7\u00f5es que nos servir\u00e3o de base para os encaminhamentos que faremos de agora por diante\u201d, contextualizou o Coordenador do DPagra.<\/p>\n\n\n\n<p class=\"wp-block-paragraph\"><strong>Problemas expostos<\/strong><\/p>\n\n\n\n<p class=\"wp-block-paragraph\">Localizada em Lagoa do Tocantins, munic\u00edpio distante 111 km de Palmas, a Comunidade Quilombola Rio Preto tem como queixa mais urgente as constantes amea\u00e7as, para que se retirem no territ\u00f3rio, o que j\u00e1 envolveu agress\u00f5es psicol\u00f3gicas e verbais, com amea\u00e7a de morte por pessoas armadas, destrui\u00e7\u00e3o de planta\u00e7\u00f5es, instala\u00e7\u00e3o de cercas, dificultando o deslocamento dos moradores na regi\u00e3o, e at\u00e9 derrubadas e incinera\u00e7\u00e3o de casas, dentre outros problemas.<\/p>\n\n\n\n<p class=\"wp-block-paragraph\">Al\u00e9m disto, segundo relataram as moradoras e os moradores mais antigos da Rio Preto, a Comunidade tamb\u00e9m convive com a dificuldade de locomo\u00e7\u00e3o at\u00e9 a cidade, visto que as rotas de acesso n\u00e3o s\u00e3o pavimentadas, muitas delas s\u00e3o arenosas e uma ponte que servia de atalho foi destru\u00edda pela antiga gest\u00e3o municipal e nunca mais foi reerguida. Outra quest\u00e3o tamb\u00e9m \u00e9 apontada, a falta de oferta da educa\u00e7\u00e3o b\u00e1sica na localidade, visto que a escola municipal que funcionava na Comunidade, desde os anos 90, foi desativada em 2019 e, desde ent\u00e3o, as(os) estudantes t\u00eam de se deslocar 80 km, diariamente, entre ida e volta, para uma unidade localizada em Lagoa do Tocantins.<\/p>\n\n\n\n<p class=\"wp-block-paragraph\"><strong>Fim da invisibilidade<\/strong><\/p>\n\n\n\n<p class=\"wp-block-paragraph\">Conforme explicou a presidente da Associa\u00e7\u00e3o da Comunidade Quilombola Rio Preto, Rita Lopes dos Santos, diante de tantos relatos de viol\u00eancia e priva\u00e7\u00f5es de direitos sofridas pelo povo que ela integra, ter a Defensoria P\u00fablica presente ao lado deles traz esperan\u00e7a de que a invisibilidade social ali imposta logo ter\u00e1 um fim.<\/p>\n\n\n\n<p class=\"wp-block-paragraph\">\u201c\u00c9 muito importante ter aqui, na nossa Comunidade, tantos representantes do Poder P\u00fablico e da Defensoria P\u00fablica, e esta como a nossa defensora de fato, fazendo valer o nome que tem. Isto nos d\u00e1 a sensa\u00e7\u00e3o de que agora estamos sendo enxergados e que finalmente nos ser\u00e3o garantidos os direitos que temos\u201d, vislumbrou a Lideran\u00e7a, nascida na Comunidade.<\/p>\n\n\n\n<p class=\"wp-block-paragraph\"><strong>Entidades participantes<\/strong><\/p>\n\n\n\n<p class=\"wp-block-paragraph\">Tamb\u00e9m participaram da reuni\u00e3o a secret\u00e1ria da Sepot, Narubia Werreria, o&nbsp;procurador da Rep\u00fablica, \u00c1lvaro Manzano, al\u00e9m de representantes da Coordena\u00e7\u00e3o Estadual das Comunidades Quilombolas do Tocantins (Coeqto); da Associa\u00e7\u00e3o da Comunidade Quilombola Rio Preto; da Universidade Federal do Tocantins (UFT); da Prefeitura e da C\u00e2mara de Vereadores da Lagoa do Tocantins.<\/p>\n","protected":false},"excerpt":{"rendered":"<p>Uma comunidade quase centen\u00e1ria e que lida com a falta de servi\u00e7os p\u00fablicos b\u00e1sicos e, tamb\u00e9m, com a constante amea\u00e7a violenta de terceiros interessados nas terras. Esta \u00e9 a realidade com o qual convive cerca de 150 quilombolas que integram a Comunidade Rio Preto, que recebeu, nesta segunda-feira, 4, uma equipe da Defensoria P\u00fablica do [&hellip;]<\/p>\n","protected":false},"author":13,"featured_media":0,"comment_status":"open","ping_status":"open","sticky":false,"template":"","format":"standard","meta":{"_acf_changed":false,"footnotes":""},"categories":[22,898],"tags":[],"class_list":["post-73992","post","type-post","status-publish","format-standard","hentry","category-cidades","category-manchete-segundaria"],"acf":[],"yoast_head":"<!-- This site is optimized with the Yoast SEO plugin v24.4 - https:\/\/yoast.com\/wordpress\/plugins\/seo\/ -->\n<title>DPE-TO atua na prote\u00e7\u00e3o e na garantia de direitos de quilombolas da Comunidade Rio Preto - PORTAL DE NOT\u00cdCIAS CLEITON PINHEIRO<\/title>\n<meta name=\"robots\" content=\"index, follow, max-snippet:-1, max-image-preview:large, max-video-preview:-1\" \/>\n<link rel=\"canonical\" href=\"https:\/\/cleitonpinheiro.com.br\/site\/dpe-to-atua-na-protecao-e-na-garantia-de-direitos-de-quilombolas-da-comunidade-rio-preto\/\" \/>\n<meta property=\"og:locale\" content=\"pt_BR\" \/>\n<meta property=\"og:type\" content=\"article\" \/>\n<meta property=\"og:title\" content=\"DPE-TO atua na prote\u00e7\u00e3o e na garantia de direitos de quilombolas da Comunidade Rio Preto - PORTAL DE NOT\u00cdCIAS CLEITON PINHEIRO\" \/>\n<meta property=\"og:description\" content=\"Uma comunidade quase centen\u00e1ria e que lida com a falta de servi\u00e7os p\u00fablicos b\u00e1sicos e, tamb\u00e9m, com a constante amea\u00e7a violenta de terceiros interessados nas terras. Esta \u00e9 a realidade com o qual convive cerca de 150 quilombolas que integram a Comunidade Rio Preto, que recebeu, nesta segunda-feira, 4, uma equipe da Defensoria P\u00fablica do [&hellip;]\" \/>\n<meta property=\"og:url\" content=\"https:\/\/cleitonpinheiro.com.br\/site\/dpe-to-atua-na-protecao-e-na-garantia-de-direitos-de-quilombolas-da-comunidade-rio-preto\/\" \/>\n<meta property=\"og:site_name\" content=\"PORTAL DE NOT\u00cdCIAS CLEITON PINHEIRO\" \/>\n<meta property=\"article:publisher\" content=\"https:\/\/www.facebook.com\/portalcpnoticias\/\" \/>\n<meta property=\"article:published_time\" content=\"2023-09-06T01:04:04+00:00\" \/>\n<meta property=\"article:modified_time\" content=\"2023-09-06T01:04:06+00:00\" \/>\n<meta property=\"og:image\" content=\"https:\/\/cleitonpinheiro.com.br\/site\/wp-content\/uploads\/2023\/09\/Foto-Marcus-Mesquita-Comunicacao-DPE-TO.jpeg\" \/>\n\t<meta property=\"og:image:width\" content=\"1600\" \/>\n\t<meta property=\"og:image:height\" content=\"1066\" \/>\n\t<meta property=\"og:image:type\" content=\"image\/jpeg\" \/>\n<meta name=\"author\" content=\"Reda\u00e7\u00e3o CP\" \/>\n<meta name=\"twitter:card\" content=\"summary_large_image\" \/>\n<meta name=\"twitter:label1\" content=\"Escrito por\" \/>\n\t<meta name=\"twitter:data1\" content=\"Reda\u00e7\u00e3o CP\" \/>\n\t<meta name=\"twitter:label2\" content=\"Est. tempo de leitura\" \/>\n\t<meta name=\"twitter:data2\" content=\"4 minutos\" \/>\n<script type=\"application\/ld+json\" class=\"yoast-schema-graph\">{\"@context\":\"https:\/\/schema.org\",\"@graph\":[{\"@type\":\"Article\",\"@id\":\"https:\/\/cleitonpinheiro.com.br\/site\/dpe-to-atua-na-protecao-e-na-garantia-de-direitos-de-quilombolas-da-comunidade-rio-preto\/#article\",\"isPartOf\":{\"@id\":\"https:\/\/cleitonpinheiro.com.br\/site\/dpe-to-atua-na-protecao-e-na-garantia-de-direitos-de-quilombolas-da-comunidade-rio-preto\/\"},\"author\":{\"name\":\"Reda\u00e7\u00e3o CP\",\"@id\":\"https:\/\/cleitonpinheiro.com.br\/site\/#\/schema\/person\/8f04544e0bc40a1b68775b08360f87db\"},\"headline\":\"DPE-TO atua na prote\u00e7\u00e3o e na garantia de direitos de quilombolas da Comunidade Rio Preto\",\"datePublished\":\"2023-09-06T01:04:04+00:00\",\"dateModified\":\"2023-09-06T01:04:06+00:00\",\"mainEntityOfPage\":{\"@id\":\"https:\/\/cleitonpinheiro.com.br\/site\/dpe-to-atua-na-protecao-e-na-garantia-de-direitos-de-quilombolas-da-comunidade-rio-preto\/\"},\"wordCount\":642,\"commentCount\":0,\"publisher\":{\"@id\":\"https:\/\/cleitonpinheiro.com.br\/site\/#organization\"},\"image\":{\"@id\":\"https:\/\/cleitonpinheiro.com.br\/site\/dpe-to-atua-na-protecao-e-na-garantia-de-direitos-de-quilombolas-da-comunidade-rio-preto\/#primaryimage\"},\"thumbnailUrl\":\"https:\/\/cleitonpinheiro.com.br\/site\/wp-content\/uploads\/2023\/09\/Foto-Marcus-Mesquita-Comunicacao-DPE-TO.jpeg\",\"articleSection\":[\"CIDADES\",\"MANCHETE SEGUND\u00c1RIA\"],\"inLanguage\":\"pt-BR\",\"potentialAction\":[{\"@type\":\"CommentAction\",\"name\":\"Comment\",\"target\":[\"https:\/\/cleitonpinheiro.com.br\/site\/dpe-to-atua-na-protecao-e-na-garantia-de-direitos-de-quilombolas-da-comunidade-rio-preto\/#respond\"]}]},{\"@type\":\"WebPage\",\"@id\":\"https:\/\/cleitonpinheiro.com.br\/site\/dpe-to-atua-na-protecao-e-na-garantia-de-direitos-de-quilombolas-da-comunidade-rio-preto\/\",\"url\":\"https:\/\/cleitonpinheiro.com.br\/site\/dpe-to-atua-na-protecao-e-na-garantia-de-direitos-de-quilombolas-da-comunidade-rio-preto\/\",\"name\":\"DPE-TO atua na prote\u00e7\u00e3o e na garantia de direitos de quilombolas da Comunidade Rio Preto - PORTAL DE NOT\u00cdCIAS CLEITON PINHEIRO\",\"isPartOf\":{\"@id\":\"https:\/\/cleitonpinheiro.com.br\/site\/#website\"},\"primaryImageOfPage\":{\"@id\":\"https:\/\/cleitonpinheiro.com.br\/site\/dpe-to-atua-na-protecao-e-na-garantia-de-direitos-de-quilombolas-da-comunidade-rio-preto\/#primaryimage\"},\"image\":{\"@id\":\"https:\/\/cleitonpinheiro.com.br\/site\/dpe-to-atua-na-protecao-e-na-garantia-de-direitos-de-quilombolas-da-comunidade-rio-preto\/#primaryimage\"},\"thumbnailUrl\":\"https:\/\/cleitonpinheiro.com.br\/site\/wp-content\/uploads\/2023\/09\/Foto-Marcus-Mesquita-Comunicacao-DPE-TO.jpeg\",\"datePublished\":\"2023-09-06T01:04:04+00:00\",\"dateModified\":\"2023-09-06T01:04:06+00:00\",\"breadcrumb\":{\"@id\":\"https:\/\/cleitonpinheiro.com.br\/site\/dpe-to-atua-na-protecao-e-na-garantia-de-direitos-de-quilombolas-da-comunidade-rio-preto\/#breadcrumb\"},\"inLanguage\":\"pt-BR\",\"potentialAction\":[{\"@type\":\"ReadAction\",\"target\":[\"https:\/\/cleitonpinheiro.com.br\/site\/dpe-to-atua-na-protecao-e-na-garantia-de-direitos-de-quilombolas-da-comunidade-rio-preto\/\"]}]},{\"@type\":\"ImageObject\",\"inLanguage\":\"pt-BR\",\"@id\":\"https:\/\/cleitonpinheiro.com.br\/site\/dpe-to-atua-na-protecao-e-na-garantia-de-direitos-de-quilombolas-da-comunidade-rio-preto\/#primaryimage\",\"url\":\"\",\"contentUrl\":\"\"},{\"@type\":\"BreadcrumbList\",\"@id\":\"https:\/\/cleitonpinheiro.com.br\/site\/dpe-to-atua-na-protecao-e-na-garantia-de-direitos-de-quilombolas-da-comunidade-rio-preto\/#breadcrumb\",\"itemListElement\":[{\"@type\":\"ListItem\",\"position\":1,\"name\":\"In\u00edcio\",\"item\":\"https:\/\/cleitonpinheiro.com.br\/site\/\"},{\"@type\":\"ListItem\",\"position\":2,\"name\":\"DPE-TO atua na prote\u00e7\u00e3o e na garantia de direitos de quilombolas da Comunidade Rio Preto\"}]},{\"@type\":\"WebSite\",\"@id\":\"https:\/\/cleitonpinheiro.com.br\/site\/#website\",\"url\":\"https:\/\/cleitonpinheiro.com.br\/site\/\",\"name\":\"PORTAL DE NOT\u00cdCIAS CLEITON PINHEIRO\",\"description\":\"FALANDO A VERDADE\",\"publisher\":{\"@id\":\"https:\/\/cleitonpinheiro.com.br\/site\/#organization\"},\"potentialAction\":[{\"@type\":\"SearchAction\",\"target\":{\"@type\":\"EntryPoint\",\"urlTemplate\":\"https:\/\/cleitonpinheiro.com.br\/site\/?s={search_term_string}\"},\"query-input\":{\"@type\":\"PropertyValueSpecification\",\"valueRequired\":true,\"valueName\":\"search_term_string\"}}],\"inLanguage\":\"pt-BR\"},{\"@type\":\"Organization\",\"@id\":\"https:\/\/cleitonpinheiro.com.br\/site\/#organization\",\"name\":\"CPNOT\u00cdCIAS\",\"url\":\"https:\/\/cleitonpinheiro.com.br\/site\/\",\"logo\":{\"@type\":\"ImageObject\",\"inLanguage\":\"pt-BR\",\"@id\":\"https:\/\/cleitonpinheiro.com.br\/site\/#\/schema\/logo\/image\/\",\"url\":\"https:\/\/cleitonpinheiro.com.br\/site\/wp-content\/uploads\/2022\/08\/Logo-pequena-2.png\",\"contentUrl\":\"https:\/\/cleitonpinheiro.com.br\/site\/wp-content\/uploads\/2022\/08\/Logo-pequena-2.png\",\"width\":500,\"height\":500,\"caption\":\"CPNOT\u00cdCIAS\"},\"image\":{\"@id\":\"https:\/\/cleitonpinheiro.com.br\/site\/#\/schema\/logo\/image\/\"},\"sameAs\":[\"https:\/\/www.facebook.com\/portalcpnoticias\/\"]},{\"@type\":\"Person\",\"@id\":\"https:\/\/cleitonpinheiro.com.br\/site\/#\/schema\/person\/8f04544e0bc40a1b68775b08360f87db\",\"name\":\"Reda\u00e7\u00e3o CP\",\"image\":{\"@type\":\"ImageObject\",\"inLanguage\":\"pt-BR\",\"@id\":\"https:\/\/cleitonpinheiro.com.br\/site\/#\/schema\/person\/image\/\",\"url\":\"https:\/\/secure.gravatar.com\/avatar\/0bcf19cb29fdc8fc588c490c7ae1b3e174dac268586a63fbe1d1893a0f9020cd?s=96&r=g\",\"contentUrl\":\"https:\/\/secure.gravatar.com\/avatar\/0bcf19cb29fdc8fc588c490c7ae1b3e174dac268586a63fbe1d1893a0f9020cd?s=96&r=g\",\"caption\":\"Reda\u00e7\u00e3o CP\"},\"url\":\"https:\/\/cleitonpinheiro.com.br\/site\/author\/redacao\/\"}]}<\/script>\n<!-- \/ Yoast SEO plugin. -->","yoast_head_json":{"title":"DPE-TO atua na prote\u00e7\u00e3o e na garantia de direitos de quilombolas da Comunidade Rio Preto - PORTAL DE NOT\u00cdCIAS CLEITON PINHEIRO","robots":{"index":"index","follow":"follow","max-snippet":"max-snippet:-1","max-image-preview":"max-image-preview:large","max-video-preview":"max-video-preview:-1"},"canonical":"https:\/\/cleitonpinheiro.com.br\/site\/dpe-to-atua-na-protecao-e-na-garantia-de-direitos-de-quilombolas-da-comunidade-rio-preto\/","og_locale":"pt_BR","og_type":"article","og_title":"DPE-TO atua na prote\u00e7\u00e3o e na garantia de direitos de quilombolas da Comunidade Rio Preto - PORTAL DE NOT\u00cdCIAS CLEITON PINHEIRO","og_description":"Uma comunidade quase centen\u00e1ria e que lida com a falta de servi\u00e7os p\u00fablicos b\u00e1sicos e, tamb\u00e9m, com a constante amea\u00e7a violenta de terceiros interessados nas terras. Esta \u00e9 a realidade com o qual convive cerca de 150 quilombolas que integram a Comunidade Rio Preto, que recebeu, nesta segunda-feira, 4, uma equipe da Defensoria P\u00fablica do [&hellip;]","og_url":"https:\/\/cleitonpinheiro.com.br\/site\/dpe-to-atua-na-protecao-e-na-garantia-de-direitos-de-quilombolas-da-comunidade-rio-preto\/","og_site_name":"PORTAL DE NOT\u00cdCIAS CLEITON PINHEIRO","article_publisher":"https:\/\/www.facebook.com\/portalcpnoticias\/","article_published_time":"2023-09-06T01:04:04+00:00","article_modified_time":"2023-09-06T01:04:06+00:00","og_image":[{"width":1600,"height":1066,"url":"https:\/\/cleitonpinheiro.com.br\/site\/wp-content\/uploads\/2023\/09\/Foto-Marcus-Mesquita-Comunicacao-DPE-TO.jpeg","type":"image\/jpeg"}],"author":"Reda\u00e7\u00e3o CP","twitter_card":"summary_large_image","twitter_misc":{"Escrito por":"Reda\u00e7\u00e3o CP","Est. tempo de leitura":"4 minutos"},"schema":{"@context":"https:\/\/schema.org","@graph":[{"@type":"Article","@id":"https:\/\/cleitonpinheiro.com.br\/site\/dpe-to-atua-na-protecao-e-na-garantia-de-direitos-de-quilombolas-da-comunidade-rio-preto\/#article","isPartOf":{"@id":"https:\/\/cleitonpinheiro.com.br\/site\/dpe-to-atua-na-protecao-e-na-garantia-de-direitos-de-quilombolas-da-comunidade-rio-preto\/"},"author":{"name":"Reda\u00e7\u00e3o CP","@id":"https:\/\/cleitonpinheiro.com.br\/site\/#\/schema\/person\/8f04544e0bc40a1b68775b08360f87db"},"headline":"DPE-TO atua na prote\u00e7\u00e3o e na garantia de direitos de quilombolas da Comunidade Rio Preto","datePublished":"2023-09-06T01:04:04+00:00","dateModified":"2023-09-06T01:04:06+00:00","mainEntityOfPage":{"@id":"https:\/\/cleitonpinheiro.com.br\/site\/dpe-to-atua-na-protecao-e-na-garantia-de-direitos-de-quilombolas-da-comunidade-rio-preto\/"},"wordCount":642,"commentCount":0,"publisher":{"@id":"https:\/\/cleitonpinheiro.com.br\/site\/#organization"},"image":{"@id":"https:\/\/cleitonpinheiro.com.br\/site\/dpe-to-atua-na-protecao-e-na-garantia-de-direitos-de-quilombolas-da-comunidade-rio-preto\/#primaryimage"},"thumbnailUrl":"https:\/\/cleitonpinheiro.com.br\/site\/wp-content\/uploads\/2023\/09\/Foto-Marcus-Mesquita-Comunicacao-DPE-TO.jpeg","articleSection":["CIDADES","MANCHETE SEGUND\u00c1RIA"],"inLanguage":"pt-BR","potentialAction":[{"@type":"CommentAction","name":"Comment","target":["https:\/\/cleitonpinheiro.com.br\/site\/dpe-to-atua-na-protecao-e-na-garantia-de-direitos-de-quilombolas-da-comunidade-rio-preto\/#respond"]}]},{"@type":"WebPage","@id":"https:\/\/cleitonpinheiro.com.br\/site\/dpe-to-atua-na-protecao-e-na-garantia-de-direitos-de-quilombolas-da-comunidade-rio-preto\/","url":"https:\/\/cleitonpinheiro.com.br\/site\/dpe-to-atua-na-protecao-e-na-garantia-de-direitos-de-quilombolas-da-comunidade-rio-preto\/","name":"DPE-TO atua na prote\u00e7\u00e3o e na garantia de direitos de quilombolas da Comunidade Rio Preto - PORTAL DE NOT\u00cdCIAS CLEITON PINHEIRO","isPartOf":{"@id":"https:\/\/cleitonpinheiro.com.br\/site\/#website"},"primaryImageOfPage":{"@id":"https:\/\/cleitonpinheiro.com.br\/site\/dpe-to-atua-na-protecao-e-na-garantia-de-direitos-de-quilombolas-da-comunidade-rio-preto\/#primaryimage"},"image":{"@id":"https:\/\/cleitonpinheiro.com.br\/site\/dpe-to-atua-na-protecao-e-na-garantia-de-direitos-de-quilombolas-da-comunidade-rio-preto\/#primaryimage"},"thumbnailUrl":"https:\/\/cleitonpinheiro.com.br\/site\/wp-content\/uploads\/2023\/09\/Foto-Marcus-Mesquita-Comunicacao-DPE-TO.jpeg","datePublished":"2023-09-06T01:04:04+00:00","dateModified":"2023-09-06T01:04:06+00:00","breadcrumb":{"@id":"https:\/\/cleitonpinheiro.com.br\/site\/dpe-to-atua-na-protecao-e-na-garantia-de-direitos-de-quilombolas-da-comunidade-rio-preto\/#breadcrumb"},"inLanguage":"pt-BR","potentialAction":[{"@type":"ReadAction","target":["https:\/\/cleitonpinheiro.com.br\/site\/dpe-to-atua-na-protecao-e-na-garantia-de-direitos-de-quilombolas-da-comunidade-rio-preto\/"]}]},{"@type":"ImageObject","inLanguage":"pt-BR","@id":"https:\/\/cleitonpinheiro.com.br\/site\/dpe-to-atua-na-protecao-e-na-garantia-de-direitos-de-quilombolas-da-comunidade-rio-preto\/#primaryimage","url":"","contentUrl":""},{"@type":"BreadcrumbList","@id":"https:\/\/cleitonpinheiro.com.br\/site\/dpe-to-atua-na-protecao-e-na-garantia-de-direitos-de-quilombolas-da-comunidade-rio-preto\/#breadcrumb","itemListElement":[{"@type":"ListItem","position":1,"name":"In\u00edcio","item":"https:\/\/cleitonpinheiro.com.br\/site\/"},{"@type":"ListItem","position":2,"name":"DPE-TO atua na prote\u00e7\u00e3o e na garantia de direitos de quilombolas da Comunidade Rio Preto"}]},{"@type":"WebSite","@id":"https:\/\/cleitonpinheiro.com.br\/site\/#website","url":"https:\/\/cleitonpinheiro.com.br\/site\/","name":"PORTAL DE NOT\u00cdCIAS CLEITON PINHEIRO","description":"FALANDO A VERDADE","publisher":{"@id":"https:\/\/cleitonpinheiro.com.br\/site\/#organization"},"potentialAction":[{"@type":"SearchAction","target":{"@type":"EntryPoint","urlTemplate":"https:\/\/cleitonpinheiro.com.br\/site\/?s={search_term_string}"},"query-input":{"@type":"PropertyValueSpecification","valueRequired":true,"valueName":"search_term_string"}}],"inLanguage":"pt-BR"},{"@type":"Organization","@id":"https:\/\/cleitonpinheiro.com.br\/site\/#organization","name":"CPNOT\u00cdCIAS","url":"https:\/\/cleitonpinheiro.com.br\/site\/","logo":{"@type":"ImageObject","inLanguage":"pt-BR","@id":"https:\/\/cleitonpinheiro.com.br\/site\/#\/schema\/logo\/image\/","url":"https:\/\/cleitonpinheiro.com.br\/site\/wp-content\/uploads\/2022\/08\/Logo-pequena-2.png","contentUrl":"https:\/\/cleitonpinheiro.com.br\/site\/wp-content\/uploads\/2022\/08\/Logo-pequena-2.png","width":500,"height":500,"caption":"CPNOT\u00cdCIAS"},"image":{"@id":"https:\/\/cleitonpinheiro.com.br\/site\/#\/schema\/logo\/image\/"},"sameAs":["https:\/\/www.facebook.com\/portalcpnoticias\/"]},{"@type":"Person","@id":"https:\/\/cleitonpinheiro.com.br\/site\/#\/schema\/person\/8f04544e0bc40a1b68775b08360f87db","name":"Reda\u00e7\u00e3o CP","image":{"@type":"ImageObject","inLanguage":"pt-BR","@id":"https:\/\/cleitonpinheiro.com.br\/site\/#\/schema\/person\/image\/","url":"https:\/\/secure.gravatar.com\/avatar\/0bcf19cb29fdc8fc588c490c7ae1b3e174dac268586a63fbe1d1893a0f9020cd?s=96&r=g","contentUrl":"https:\/\/secure.gravatar.com\/avatar\/0bcf19cb29fdc8fc588c490c7ae1b3e174dac268586a63fbe1d1893a0f9020cd?s=96&r=g","caption":"Reda\u00e7\u00e3o CP"},"url":"https:\/\/cleitonpinheiro.com.br\/site\/author\/redacao\/"}]}},"views":121,"_links":{"self":[{"href":"https:\/\/cleitonpinheiro.com.br\/site\/wp-json\/wp\/v2\/posts\/73992","targetHints":{"allow":["GET"]}}],"collection":[{"href":"https:\/\/cleitonpinheiro.com.br\/site\/wp-json\/wp\/v2\/posts"}],"about":[{"href":"https:\/\/cleitonpinheiro.com.br\/site\/wp-json\/wp\/v2\/types\/post"}],"author":[{"embeddable":true,"href":"https:\/\/cleitonpinheiro.com.br\/site\/wp-json\/wp\/v2\/users\/13"}],"replies":[{"embeddable":true,"href":"https:\/\/cleitonpinheiro.com.br\/site\/wp-json\/wp\/v2\/comments?post=73992"}],"version-history":[{"count":1,"href":"https:\/\/cleitonpinheiro.com.br\/site\/wp-json\/wp\/v2\/posts\/73992\/revisions"}],"predecessor-version":[{"id":73994,"href":"https:\/\/cleitonpinheiro.com.br\/site\/wp-json\/wp\/v2\/posts\/73992\/revisions\/73994"}],"wp:attachment":[{"href":"https:\/\/cleitonpinheiro.com.br\/site\/wp-json\/wp\/v2\/media?parent=73992"}],"wp:term":[{"taxonomy":"category","embeddable":true,"href":"https:\/\/cleitonpinheiro.com.br\/site\/wp-json\/wp\/v2\/categories?post=73992"},{"taxonomy":"post_tag","embeddable":true,"href":"https:\/\/cleitonpinheiro.com.br\/site\/wp-json\/wp\/v2\/tags?post=73992"}],"curies":[{"name":"wp","href":"https:\/\/api.w.org\/{rel}","templated":true}]}}