{"id":74014,"date":"2023-09-07T12:04:53","date_gmt":"2023-09-07T15:04:53","guid":{"rendered":"https:\/\/cleitonpinheiro.com.br\/site\/?p=74014"},"modified":"2023-09-11T16:53:14","modified_gmt":"2023-09-11T19:53:14","slug":"com-almir-no-palco-e-ruth-na-cozinha-primeira-noite-do-17o-fgt-encanta-publico","status":"publish","type":"post","link":"https:\/\/cleitonpinheiro.com.br\/site\/com-almir-no-palco-e-ruth-na-cozinha-primeira-noite-do-17o-fgt-encanta-publico\/","title":{"rendered":"Com Almir no palco e Ruth na cozinha, primeira noite do 17\u00ba FGT encanta p\u00fablico"},"content":{"rendered":"\n<figure class=\"wp-block-image size-full\"><img decoding=\"async\" src=\"https:\/\/cleitonpinheiro.com.br\/site\/wp-content\/uploads\/2023\/09\/8e486017-1a29-4365-8eb6-2bdc93285aae.jpg\" alt=\"\" class=\"wp-image-74016\"\/><figcaption class=\"wp-element-caption\">Decora\u00e7\u00e3o, organiza\u00e7\u00e3o do evento e a presen\u00e7a de Almir Sater foram pontos avaliados como positivos &#8211; Foto: Edu Fortes\/Prefeitura de Palmas<\/figcaption><\/figure>\n\n\n\n<p class=\"wp-block-paragraph\">A primeira noite de Festival Gastron\u00f4mico de Taquaru\u00e7u (FGT), nessa quarta-feira, 6, teve a programa\u00e7\u00e3o aprovada pelo p\u00fablico. A organiza\u00e7\u00e3o do evento e a presen\u00e7a de Almir Sater foram pontos avaliados como positivos. \u201cEstou gostando muito. Tive facilidade para estacionar e chegar at\u00e9 aqui. J\u00e1 curtia o Almir, \u00e9 um artista com repert\u00f3rio muito bom. A programa\u00e7\u00e3o inteira agradou\u201d, disse a pedagoga Tatiana Fernandes sobre a 17\u00aa edi\u00e7\u00e3o do FGT.<\/p>\n\n\n\n<p class=\"wp-block-paragraph\">O cantor e compositor apresentou seu show da turn\u00ea do \u00e1lbum +Ar, cujos protagonistas s\u00e3o os contos sobre a vida do pantaneiro e o viol\u00e3o. \u201cAgradecemos demais o carinho do p\u00fablico, \u00e9 uma satisfa\u00e7\u00e3o voltar e ver como essa cidade cresceu e est\u00e1 bem cuidada\u201d, disse o artista. Tamb\u00e9m passaram pelo palco do festival L\u00e9o Pinheiro, Keythe Ara\u00fajo e DJ L\u00e9lis.<\/p>\n\n\n\n<p class=\"wp-block-paragraph\">A prefeita Cinthia Ribeiro anunciou o show convidando os presentes e aqueles que n\u00e3o assistiram \u00e0 primeira noite para usufru\u00edrem de todas as atra\u00e7\u00f5es do festival e do distrito de Taquaru\u00e7u pelos pr\u00f3ximos quatro dias. \u201cEssa edi\u00e7\u00e3o do FGT tem tudo para entrar para hist\u00f3ria com recordes em comidas variadas e saborosas, programa\u00e7\u00e3o espetacular com chefs\u00a0\u00a0renomados e grandes apresenta\u00e7\u00f5es de cantores regionais e nacionais. Encontrei fam\u00edlias de Palmas e pessoas que vieram de outros munic\u00edpios e estados para curtirem esse evento que j\u00e1 \u00e9 tradi\u00e7\u00e3o na nossa Capital. Convido os palmenses para subirem a serra e aproveitarem tudo\u201d. A organiza\u00e7\u00e3o do festival \u00e9 da Prefeitura de Palmas, por meio da Ag\u00eancia Municipal de Turismo (Agtur).<\/p>\n\n\n\n<p class=\"wp-block-paragraph\"><strong>Gastronomia<\/strong><\/p>\n\n\n\n<p class=\"wp-block-paragraph\">O FGT \u00e9 uma ocasi\u00e3o perfeita para o palmense brincar de cr\u00edtico gastron\u00f4mico e fazer muita degusta\u00e7\u00e3o. S\u00e3o 41 barracas e foodtrucks com pratos e comidinhas salgadas e doces em receitas in\u00e9ditas. Todas cont\u00eam ingredientes regionais nas prepara\u00e7\u00f5es. &#8220;Amei, tinha alguma coisa bem diferente e gostosa. O arroz cremoso \u00e9 bem peculiar, bem diferente mesmo&#8221;, disse a professora de Arte e Tecnologia Welma Rocha, que assistiu com aten\u00e7\u00e3o o Cozinha Show, programa\u00e7\u00e3o em que cozinheiros profissionais regionais e nacionais fazem demonstra\u00e7\u00e3o de preparos.<\/p>\n\n\n\n<p class=\"wp-block-paragraph\">O chef Marilon Azevedo, que cozinha em um restaurante de Taquaru\u00e7u, usou a cozinha cenogr\u00e1fica para ensinar para a plateia e para o p\u00fablico, que assistia a transmiss\u00e3o ao vivo, como fazer uma panceta defumada servida \u00e0 pururuca com geleia de pimenta e farofa de baba\u00e7u, com defuma\u00e7\u00e3o sem conservantes.<\/p>\n\n\n\n<p class=\"wp-block-paragraph\">A chef Ruth Almeida, cuja carreira nacional nasceu a partir de sua cozinha em Palmas, apresentou um prato com mem\u00f3rias afetivas pessoais, chamado \u201cPai e M\u00e3e\u201d, cujo ingrediente principal \u00e9 o pirarucu assado na folha de bananeira acompanhado de arroz cremoso de leite de coco. \u201cFiquei muito feliz que a Agtur me convidou como chef nacional. Minha cozinha \u00e9 muito sustent\u00e1vel, tento aproveitar ao m\u00e1ximo todo o ingrediente e fazer a comida como um ato de afeto\u201d, disse a chef.<\/p>\n\n\n\n<p class=\"wp-block-paragraph\"><strong>Giro pelo circuito<\/strong><\/p>\n\n\n\n<p class=\"wp-block-paragraph\">O circuito gastron\u00f4mico est\u00e1 cheio de atra\u00e7\u00f5es. Al\u00e9m do Cozinha Show, \u00e9 poss\u00edvel visitar uma mercearia com produtos da terra como queijos artesanais, pa\u00e7oca de carne, biojoias, artesanato, p\u00e3es com ingredientes cultivados no pr\u00f3prio distrito, como o p\u00e3o de ab\u00f3bora vegano. Tamb\u00e9m h\u00e1 um espa\u00e7o kids gratuito e intera\u00e7\u00e3o com os palha\u00e7os do Circo Kinkitura, Os Cacos e o Palha\u00e7o Batatinha.<\/p>\n","protected":false},"excerpt":{"rendered":"<p>A primeira noite de Festival Gastron\u00f4mico de Taquaru\u00e7u (FGT), nessa quarta-feira, 6, teve a programa\u00e7\u00e3o aprovada pelo p\u00fablico. A organiza\u00e7\u00e3o do evento e a presen\u00e7a de Almir Sater foram pontos avaliados como positivos. \u201cEstou gostando muito. Tive facilidade para estacionar e chegar at\u00e9 aqui. J\u00e1 curtia o Almir, \u00e9 um artista com repert\u00f3rio muito bom. [&hellip;]<\/p>\n","protected":false},"author":13,"featured_media":0,"comment_status":"open","ping_status":"open","sticky":false,"template":"","format":"standard","meta":{"_acf_changed":false,"footnotes":""},"categories":[22,898,21],"tags":[1210,720,956],"class_list":["post-74014","post","type-post","status-publish","format-standard","hentry","category-cidades","category-manchete-segundaria","category-todas-noticias","tag-17o-fgt","tag-prefeitura-de-palmas","tag-taquarucu"],"acf":[],"yoast_head":"<!-- This site is optimized with the Yoast SEO plugin v24.4 - https:\/\/yoast.com\/wordpress\/plugins\/seo\/ -->\n<title>Com Almir no palco e Ruth na cozinha, primeira noite do 17\u00ba FGT encanta p\u00fablico - PORTAL DE NOT\u00cdCIAS CLEITON PINHEIRO<\/title>\n<meta name=\"robots\" content=\"index, follow, max-snippet:-1, max-image-preview:large, max-video-preview:-1\" \/>\n<link rel=\"canonical\" href=\"https:\/\/cleitonpinheiro.com.br\/site\/com-almir-no-palco-e-ruth-na-cozinha-primeira-noite-do-17o-fgt-encanta-publico\/\" \/>\n<meta property=\"og:locale\" content=\"pt_BR\" \/>\n<meta property=\"og:type\" content=\"article\" \/>\n<meta property=\"og:title\" content=\"Com Almir no palco e Ruth na cozinha, primeira noite do 17\u00ba FGT encanta p\u00fablico - PORTAL DE NOT\u00cdCIAS CLEITON PINHEIRO\" \/>\n<meta property=\"og:description\" content=\"A primeira noite de Festival Gastron\u00f4mico de Taquaru\u00e7u (FGT), nessa quarta-feira, 6, teve a programa\u00e7\u00e3o aprovada pelo p\u00fablico. A organiza\u00e7\u00e3o do evento e a presen\u00e7a de Almir Sater foram pontos avaliados como positivos. \u201cEstou gostando muito. Tive facilidade para estacionar e chegar at\u00e9 aqui. J\u00e1 curtia o Almir, \u00e9 um artista com repert\u00f3rio muito bom. [&hellip;]\" \/>\n<meta property=\"og:url\" content=\"https:\/\/cleitonpinheiro.com.br\/site\/com-almir-no-palco-e-ruth-na-cozinha-primeira-noite-do-17o-fgt-encanta-publico\/\" \/>\n<meta property=\"og:site_name\" content=\"PORTAL DE NOT\u00cdCIAS CLEITON PINHEIRO\" \/>\n<meta property=\"article:publisher\" content=\"https:\/\/www.facebook.com\/portalcpnoticias\/\" \/>\n<meta property=\"article:published_time\" content=\"2023-09-07T15:04:53+00:00\" \/>\n<meta property=\"article:modified_time\" content=\"2023-09-11T19:53:14+00:00\" \/>\n<meta property=\"og:image\" content=\"https:\/\/cleitonpinheiro.com.br\/site\/wp-content\/uploads\/2023\/09\/4c857065-bb57-4d29-b7e4-2709db876d68.jpg\" \/>\n\t<meta property=\"og:image:width\" content=\"800\" \/>\n\t<meta property=\"og:image:height\" content=\"533\" \/>\n\t<meta property=\"og:image:type\" content=\"image\/jpeg\" \/>\n<meta name=\"author\" content=\"Reda\u00e7\u00e3o CP\" \/>\n<meta name=\"twitter:card\" content=\"summary_large_image\" \/>\n<meta name=\"twitter:label1\" content=\"Escrito por\" \/>\n\t<meta name=\"twitter:data1\" content=\"Reda\u00e7\u00e3o CP\" \/>\n\t<meta name=\"twitter:label2\" content=\"Est. tempo de leitura\" \/>\n\t<meta name=\"twitter:data2\" content=\"4 minutos\" \/>\n<script type=\"application\/ld+json\" class=\"yoast-schema-graph\">{\"@context\":\"https:\/\/schema.org\",\"@graph\":[{\"@type\":\"Article\",\"@id\":\"https:\/\/cleitonpinheiro.com.br\/site\/com-almir-no-palco-e-ruth-na-cozinha-primeira-noite-do-17o-fgt-encanta-publico\/#article\",\"isPartOf\":{\"@id\":\"https:\/\/cleitonpinheiro.com.br\/site\/com-almir-no-palco-e-ruth-na-cozinha-primeira-noite-do-17o-fgt-encanta-publico\/\"},\"author\":{\"name\":\"Reda\u00e7\u00e3o CP\",\"@id\":\"https:\/\/cleitonpinheiro.com.br\/site\/#\/schema\/person\/8f04544e0bc40a1b68775b08360f87db\"},\"headline\":\"Com Almir no palco e Ruth na cozinha, primeira noite do 17\u00ba FGT encanta p\u00fablico\",\"datePublished\":\"2023-09-07T15:04:53+00:00\",\"dateModified\":\"2023-09-11T19:53:14+00:00\",\"mainEntityOfPage\":{\"@id\":\"https:\/\/cleitonpinheiro.com.br\/site\/com-almir-no-palco-e-ruth-na-cozinha-primeira-noite-do-17o-fgt-encanta-publico\/\"},\"wordCount\":617,\"commentCount\":0,\"publisher\":{\"@id\":\"https:\/\/cleitonpinheiro.com.br\/site\/#organization\"},\"image\":{\"@id\":\"https:\/\/cleitonpinheiro.com.br\/site\/com-almir-no-palco-e-ruth-na-cozinha-primeira-noite-do-17o-fgt-encanta-publico\/#primaryimage\"},\"thumbnailUrl\":\"https:\/\/cleitonpinheiro.com.br\/site\/wp-content\/uploads\/2023\/09\/8e486017-1a29-4365-8eb6-2bdc93285aae.jpg\",\"keywords\":[\"17\u00ba FGT\",\"Prefeitura de Palmas\",\"Taquaru\u00e7u\"],\"articleSection\":[\"CIDADES\",\"MANCHETE SEGUND\u00c1RIA\",\"TODAS NOTICIAS\"],\"inLanguage\":\"pt-BR\",\"potentialAction\":[{\"@type\":\"CommentAction\",\"name\":\"Comment\",\"target\":[\"https:\/\/cleitonpinheiro.com.br\/site\/com-almir-no-palco-e-ruth-na-cozinha-primeira-noite-do-17o-fgt-encanta-publico\/#respond\"]}]},{\"@type\":\"WebPage\",\"@id\":\"https:\/\/cleitonpinheiro.com.br\/site\/com-almir-no-palco-e-ruth-na-cozinha-primeira-noite-do-17o-fgt-encanta-publico\/\",\"url\":\"https:\/\/cleitonpinheiro.com.br\/site\/com-almir-no-palco-e-ruth-na-cozinha-primeira-noite-do-17o-fgt-encanta-publico\/\",\"name\":\"Com Almir no palco e Ruth na cozinha, primeira noite do 17\u00ba FGT encanta p\u00fablico - PORTAL DE NOT\u00cdCIAS CLEITON PINHEIRO\",\"isPartOf\":{\"@id\":\"https:\/\/cleitonpinheiro.com.br\/site\/#website\"},\"primaryImageOfPage\":{\"@id\":\"https:\/\/cleitonpinheiro.com.br\/site\/com-almir-no-palco-e-ruth-na-cozinha-primeira-noite-do-17o-fgt-encanta-publico\/#primaryimage\"},\"image\":{\"@id\":\"https:\/\/cleitonpinheiro.com.br\/site\/com-almir-no-palco-e-ruth-na-cozinha-primeira-noite-do-17o-fgt-encanta-publico\/#primaryimage\"},\"thumbnailUrl\":\"https:\/\/cleitonpinheiro.com.br\/site\/wp-content\/uploads\/2023\/09\/8e486017-1a29-4365-8eb6-2bdc93285aae.jpg\",\"datePublished\":\"2023-09-07T15:04:53+00:00\",\"dateModified\":\"2023-09-11T19:53:14+00:00\",\"breadcrumb\":{\"@id\":\"https:\/\/cleitonpinheiro.com.br\/site\/com-almir-no-palco-e-ruth-na-cozinha-primeira-noite-do-17o-fgt-encanta-publico\/#breadcrumb\"},\"inLanguage\":\"pt-BR\",\"potentialAction\":[{\"@type\":\"ReadAction\",\"target\":[\"https:\/\/cleitonpinheiro.com.br\/site\/com-almir-no-palco-e-ruth-na-cozinha-primeira-noite-do-17o-fgt-encanta-publico\/\"]}]},{\"@type\":\"ImageObject\",\"inLanguage\":\"pt-BR\",\"@id\":\"https:\/\/cleitonpinheiro.com.br\/site\/com-almir-no-palco-e-ruth-na-cozinha-primeira-noite-do-17o-fgt-encanta-publico\/#primaryimage\",\"url\":\"\",\"contentUrl\":\"\"},{\"@type\":\"BreadcrumbList\",\"@id\":\"https:\/\/cleitonpinheiro.com.br\/site\/com-almir-no-palco-e-ruth-na-cozinha-primeira-noite-do-17o-fgt-encanta-publico\/#breadcrumb\",\"itemListElement\":[{\"@type\":\"ListItem\",\"position\":1,\"name\":\"In\u00edcio\",\"item\":\"https:\/\/cleitonpinheiro.com.br\/site\/\"},{\"@type\":\"ListItem\",\"position\":2,\"name\":\"Com Almir no palco e Ruth na cozinha, primeira noite do 17\u00ba FGT encanta p\u00fablico\"}]},{\"@type\":\"WebSite\",\"@id\":\"https:\/\/cleitonpinheiro.com.br\/site\/#website\",\"url\":\"https:\/\/cleitonpinheiro.com.br\/site\/\",\"name\":\"PORTAL DE NOT\u00cdCIAS CLEITON PINHEIRO\",\"description\":\"FALANDO A VERDADE\",\"publisher\":{\"@id\":\"https:\/\/cleitonpinheiro.com.br\/site\/#organization\"},\"potentialAction\":[{\"@type\":\"SearchAction\",\"target\":{\"@type\":\"EntryPoint\",\"urlTemplate\":\"https:\/\/cleitonpinheiro.com.br\/site\/?s={search_term_string}\"},\"query-input\":{\"@type\":\"PropertyValueSpecification\",\"valueRequired\":true,\"valueName\":\"search_term_string\"}}],\"inLanguage\":\"pt-BR\"},{\"@type\":\"Organization\",\"@id\":\"https:\/\/cleitonpinheiro.com.br\/site\/#organization\",\"name\":\"CPNOT\u00cdCIAS\",\"url\":\"https:\/\/cleitonpinheiro.com.br\/site\/\",\"logo\":{\"@type\":\"ImageObject\",\"inLanguage\":\"pt-BR\",\"@id\":\"https:\/\/cleitonpinheiro.com.br\/site\/#\/schema\/logo\/image\/\",\"url\":\"https:\/\/cleitonpinheiro.com.br\/site\/wp-content\/uploads\/2022\/08\/Logo-pequena-2.png\",\"contentUrl\":\"https:\/\/cleitonpinheiro.com.br\/site\/wp-content\/uploads\/2022\/08\/Logo-pequena-2.png\",\"width\":500,\"height\":500,\"caption\":\"CPNOT\u00cdCIAS\"},\"image\":{\"@id\":\"https:\/\/cleitonpinheiro.com.br\/site\/#\/schema\/logo\/image\/\"},\"sameAs\":[\"https:\/\/www.facebook.com\/portalcpnoticias\/\"]},{\"@type\":\"Person\",\"@id\":\"https:\/\/cleitonpinheiro.com.br\/site\/#\/schema\/person\/8f04544e0bc40a1b68775b08360f87db\",\"name\":\"Reda\u00e7\u00e3o CP\",\"image\":{\"@type\":\"ImageObject\",\"inLanguage\":\"pt-BR\",\"@id\":\"https:\/\/cleitonpinheiro.com.br\/site\/#\/schema\/person\/image\/\",\"url\":\"https:\/\/secure.gravatar.com\/avatar\/0bcf19cb29fdc8fc588c490c7ae1b3e174dac268586a63fbe1d1893a0f9020cd?s=96&r=g\",\"contentUrl\":\"https:\/\/secure.gravatar.com\/avatar\/0bcf19cb29fdc8fc588c490c7ae1b3e174dac268586a63fbe1d1893a0f9020cd?s=96&r=g\",\"caption\":\"Reda\u00e7\u00e3o CP\"},\"url\":\"https:\/\/cleitonpinheiro.com.br\/site\/author\/redacao\/\"}]}<\/script>\n<!-- \/ Yoast SEO plugin. -->","yoast_head_json":{"title":"Com Almir no palco e Ruth na cozinha, primeira noite do 17\u00ba FGT encanta p\u00fablico - PORTAL DE NOT\u00cdCIAS CLEITON PINHEIRO","robots":{"index":"index","follow":"follow","max-snippet":"max-snippet:-1","max-image-preview":"max-image-preview:large","max-video-preview":"max-video-preview:-1"},"canonical":"https:\/\/cleitonpinheiro.com.br\/site\/com-almir-no-palco-e-ruth-na-cozinha-primeira-noite-do-17o-fgt-encanta-publico\/","og_locale":"pt_BR","og_type":"article","og_title":"Com Almir no palco e Ruth na cozinha, primeira noite do 17\u00ba FGT encanta p\u00fablico - PORTAL DE NOT\u00cdCIAS CLEITON PINHEIRO","og_description":"A primeira noite de Festival Gastron\u00f4mico de Taquaru\u00e7u (FGT), nessa quarta-feira, 6, teve a programa\u00e7\u00e3o aprovada pelo p\u00fablico. A organiza\u00e7\u00e3o do evento e a presen\u00e7a de Almir Sater foram pontos avaliados como positivos. \u201cEstou gostando muito. Tive facilidade para estacionar e chegar at\u00e9 aqui. J\u00e1 curtia o Almir, \u00e9 um artista com repert\u00f3rio muito bom. [&hellip;]","og_url":"https:\/\/cleitonpinheiro.com.br\/site\/com-almir-no-palco-e-ruth-na-cozinha-primeira-noite-do-17o-fgt-encanta-publico\/","og_site_name":"PORTAL DE NOT\u00cdCIAS CLEITON PINHEIRO","article_publisher":"https:\/\/www.facebook.com\/portalcpnoticias\/","article_published_time":"2023-09-07T15:04:53+00:00","article_modified_time":"2023-09-11T19:53:14+00:00","og_image":[{"width":800,"height":533,"url":"https:\/\/cleitonpinheiro.com.br\/site\/wp-content\/uploads\/2023\/09\/4c857065-bb57-4d29-b7e4-2709db876d68.jpg","type":"image\/jpeg"}],"author":"Reda\u00e7\u00e3o CP","twitter_card":"summary_large_image","twitter_misc":{"Escrito por":"Reda\u00e7\u00e3o CP","Est. tempo de leitura":"4 minutos"},"schema":{"@context":"https:\/\/schema.org","@graph":[{"@type":"Article","@id":"https:\/\/cleitonpinheiro.com.br\/site\/com-almir-no-palco-e-ruth-na-cozinha-primeira-noite-do-17o-fgt-encanta-publico\/#article","isPartOf":{"@id":"https:\/\/cleitonpinheiro.com.br\/site\/com-almir-no-palco-e-ruth-na-cozinha-primeira-noite-do-17o-fgt-encanta-publico\/"},"author":{"name":"Reda\u00e7\u00e3o CP","@id":"https:\/\/cleitonpinheiro.com.br\/site\/#\/schema\/person\/8f04544e0bc40a1b68775b08360f87db"},"headline":"Com Almir no palco e Ruth na cozinha, primeira noite do 17\u00ba FGT encanta p\u00fablico","datePublished":"2023-09-07T15:04:53+00:00","dateModified":"2023-09-11T19:53:14+00:00","mainEntityOfPage":{"@id":"https:\/\/cleitonpinheiro.com.br\/site\/com-almir-no-palco-e-ruth-na-cozinha-primeira-noite-do-17o-fgt-encanta-publico\/"},"wordCount":617,"commentCount":0,"publisher":{"@id":"https:\/\/cleitonpinheiro.com.br\/site\/#organization"},"image":{"@id":"https:\/\/cleitonpinheiro.com.br\/site\/com-almir-no-palco-e-ruth-na-cozinha-primeira-noite-do-17o-fgt-encanta-publico\/#primaryimage"},"thumbnailUrl":"https:\/\/cleitonpinheiro.com.br\/site\/wp-content\/uploads\/2023\/09\/8e486017-1a29-4365-8eb6-2bdc93285aae.jpg","keywords":["17\u00ba FGT","Prefeitura de Palmas","Taquaru\u00e7u"],"articleSection":["CIDADES","MANCHETE SEGUND\u00c1RIA","TODAS NOTICIAS"],"inLanguage":"pt-BR","potentialAction":[{"@type":"CommentAction","name":"Comment","target":["https:\/\/cleitonpinheiro.com.br\/site\/com-almir-no-palco-e-ruth-na-cozinha-primeira-noite-do-17o-fgt-encanta-publico\/#respond"]}]},{"@type":"WebPage","@id":"https:\/\/cleitonpinheiro.com.br\/site\/com-almir-no-palco-e-ruth-na-cozinha-primeira-noite-do-17o-fgt-encanta-publico\/","url":"https:\/\/cleitonpinheiro.com.br\/site\/com-almir-no-palco-e-ruth-na-cozinha-primeira-noite-do-17o-fgt-encanta-publico\/","name":"Com Almir no palco e Ruth na cozinha, primeira noite do 17\u00ba FGT encanta p\u00fablico - PORTAL DE NOT\u00cdCIAS CLEITON PINHEIRO","isPartOf":{"@id":"https:\/\/cleitonpinheiro.com.br\/site\/#website"},"primaryImageOfPage":{"@id":"https:\/\/cleitonpinheiro.com.br\/site\/com-almir-no-palco-e-ruth-na-cozinha-primeira-noite-do-17o-fgt-encanta-publico\/#primaryimage"},"image":{"@id":"https:\/\/cleitonpinheiro.com.br\/site\/com-almir-no-palco-e-ruth-na-cozinha-primeira-noite-do-17o-fgt-encanta-publico\/#primaryimage"},"thumbnailUrl":"https:\/\/cleitonpinheiro.com.br\/site\/wp-content\/uploads\/2023\/09\/8e486017-1a29-4365-8eb6-2bdc93285aae.jpg","datePublished":"2023-09-07T15:04:53+00:00","dateModified":"2023-09-11T19:53:14+00:00","breadcrumb":{"@id":"https:\/\/cleitonpinheiro.com.br\/site\/com-almir-no-palco-e-ruth-na-cozinha-primeira-noite-do-17o-fgt-encanta-publico\/#breadcrumb"},"inLanguage":"pt-BR","potentialAction":[{"@type":"ReadAction","target":["https:\/\/cleitonpinheiro.com.br\/site\/com-almir-no-palco-e-ruth-na-cozinha-primeira-noite-do-17o-fgt-encanta-publico\/"]}]},{"@type":"ImageObject","inLanguage":"pt-BR","@id":"https:\/\/cleitonpinheiro.com.br\/site\/com-almir-no-palco-e-ruth-na-cozinha-primeira-noite-do-17o-fgt-encanta-publico\/#primaryimage","url":"","contentUrl":""},{"@type":"BreadcrumbList","@id":"https:\/\/cleitonpinheiro.com.br\/site\/com-almir-no-palco-e-ruth-na-cozinha-primeira-noite-do-17o-fgt-encanta-publico\/#breadcrumb","itemListElement":[{"@type":"ListItem","position":1,"name":"In\u00edcio","item":"https:\/\/cleitonpinheiro.com.br\/site\/"},{"@type":"ListItem","position":2,"name":"Com Almir no palco e Ruth na cozinha, primeira noite do 17\u00ba FGT encanta p\u00fablico"}]},{"@type":"WebSite","@id":"https:\/\/cleitonpinheiro.com.br\/site\/#website","url":"https:\/\/cleitonpinheiro.com.br\/site\/","name":"PORTAL DE NOT\u00cdCIAS CLEITON PINHEIRO","description":"FALANDO A VERDADE","publisher":{"@id":"https:\/\/cleitonpinheiro.com.br\/site\/#organization"},"potentialAction":[{"@type":"SearchAction","target":{"@type":"EntryPoint","urlTemplate":"https:\/\/cleitonpinheiro.com.br\/site\/?s={search_term_string}"},"query-input":{"@type":"PropertyValueSpecification","valueRequired":true,"valueName":"search_term_string"}}],"inLanguage":"pt-BR"},{"@type":"Organization","@id":"https:\/\/cleitonpinheiro.com.br\/site\/#organization","name":"CPNOT\u00cdCIAS","url":"https:\/\/cleitonpinheiro.com.br\/site\/","logo":{"@type":"ImageObject","inLanguage":"pt-BR","@id":"https:\/\/cleitonpinheiro.com.br\/site\/#\/schema\/logo\/image\/","url":"https:\/\/cleitonpinheiro.com.br\/site\/wp-content\/uploads\/2022\/08\/Logo-pequena-2.png","contentUrl":"https:\/\/cleitonpinheiro.com.br\/site\/wp-content\/uploads\/2022\/08\/Logo-pequena-2.png","width":500,"height":500,"caption":"CPNOT\u00cdCIAS"},"image":{"@id":"https:\/\/cleitonpinheiro.com.br\/site\/#\/schema\/logo\/image\/"},"sameAs":["https:\/\/www.facebook.com\/portalcpnoticias\/"]},{"@type":"Person","@id":"https:\/\/cleitonpinheiro.com.br\/site\/#\/schema\/person\/8f04544e0bc40a1b68775b08360f87db","name":"Reda\u00e7\u00e3o CP","image":{"@type":"ImageObject","inLanguage":"pt-BR","@id":"https:\/\/cleitonpinheiro.com.br\/site\/#\/schema\/person\/image\/","url":"https:\/\/secure.gravatar.com\/avatar\/0bcf19cb29fdc8fc588c490c7ae1b3e174dac268586a63fbe1d1893a0f9020cd?s=96&r=g","contentUrl":"https:\/\/secure.gravatar.com\/avatar\/0bcf19cb29fdc8fc588c490c7ae1b3e174dac268586a63fbe1d1893a0f9020cd?s=96&r=g","caption":"Reda\u00e7\u00e3o CP"},"url":"https:\/\/cleitonpinheiro.com.br\/site\/author\/redacao\/"}]}},"views":120,"_links":{"self":[{"href":"https:\/\/cleitonpinheiro.com.br\/site\/wp-json\/wp\/v2\/posts\/74014","targetHints":{"allow":["GET"]}}],"collection":[{"href":"https:\/\/cleitonpinheiro.com.br\/site\/wp-json\/wp\/v2\/posts"}],"about":[{"href":"https:\/\/cleitonpinheiro.com.br\/site\/wp-json\/wp\/v2\/types\/post"}],"author":[{"embeddable":true,"href":"https:\/\/cleitonpinheiro.com.br\/site\/wp-json\/wp\/v2\/users\/13"}],"replies":[{"embeddable":true,"href":"https:\/\/cleitonpinheiro.com.br\/site\/wp-json\/wp\/v2\/comments?post=74014"}],"version-history":[{"count":2,"href":"https:\/\/cleitonpinheiro.com.br\/site\/wp-json\/wp\/v2\/posts\/74014\/revisions"}],"predecessor-version":[{"id":74018,"href":"https:\/\/cleitonpinheiro.com.br\/site\/wp-json\/wp\/v2\/posts\/74014\/revisions\/74018"}],"wp:attachment":[{"href":"https:\/\/cleitonpinheiro.com.br\/site\/wp-json\/wp\/v2\/media?parent=74014"}],"wp:term":[{"taxonomy":"category","embeddable":true,"href":"https:\/\/cleitonpinheiro.com.br\/site\/wp-json\/wp\/v2\/categories?post=74014"},{"taxonomy":"post_tag","embeddable":true,"href":"https:\/\/cleitonpinheiro.com.br\/site\/wp-json\/wp\/v2\/tags?post=74014"}],"curies":[{"name":"wp","href":"https:\/\/api.w.org\/{rel}","templated":true}]}}