{"id":74019,"date":"2023-09-07T12:11:51","date_gmt":"2023-09-07T15:11:51","guid":{"rendered":"https:\/\/cleitonpinheiro.com.br\/site\/?p=74019"},"modified":"2023-09-08T11:37:16","modified_gmt":"2023-09-08T14:37:16","slug":"segunda-noite-do-fgt-tera-manu-bahtidao-no-palco-e-roberto-raviolli-na-cozinha-show","status":"publish","type":"post","link":"https:\/\/cleitonpinheiro.com.br\/site\/segunda-noite-do-fgt-tera-manu-bahtidao-no-palco-e-roberto-raviolli-na-cozinha-show\/","title":{"rendered":"Segunda noite do FGT ter\u00e1 Manu Bahtid\u00e3o no palco e Roberto Raviolli na Cozinha Show"},"content":{"rendered":"\n<figure class=\"wp-block-image size-full\"><img decoding=\"async\" src=\"https:\/\/cleitonpinheiro.com.br\/site\/wp-content\/uploads\/2023\/09\/f03b7afe-4441-4464-ae23-218c7fe847e0.jpg\" alt=\"\" class=\"wp-image-74021\"\/><figcaption class=\"wp-element-caption\">Programa\u00e7\u00e3o do 17\u00ba FGT segue at\u00e9 domingo, 10 &#8211; Foto: J\u00fanior Suzuki\/Prefeitura de Palmas<\/figcaption><\/figure>\n\n\n\n<p class=\"wp-block-paragraph\">Depois de uma estreia brilhante, que contou com o grande show de Almir Sater e de talentosos artistas regionais, a 17\u00aa edi\u00e7\u00e3o do Festival Gastron\u00f4mico de Taquaru\u00e7u entra, nesta quinta-feira, 7, em sua segunda noite, o evento contar\u00e1\u00a0com uma gama de atra\u00e7\u00f5es para todos os p\u00fablicos.<\/p>\n\n\n\n<p class=\"wp-block-paragraph\">No palco, a atra\u00e7\u00e3o principal ser\u00e1 Manu Bahtid\u00e3o com seu ritmo envolvente do tecnomelody. Al\u00e9m da cantora, tamb\u00e9m sobem ao palco, a partir das 21 horas, o grupo Amaz\u00f4nia Cantoria e a cantora Keila Lipe, com repert\u00f3rios variados e muita m\u00fasica boa para animar os presentes.&nbsp;<\/p>\n\n\n\n<p class=\"wp-block-paragraph\">Um pouco antes, a partir das 18 horas, a\u00a0Cozinha Show abre as portas para um assunto s\u00e9rio a ser debatido de forma l\u00fadica e divertida. A Secretaria Municiapl de Seguran\u00e7a e Mobilidade Urbana (Sesmu), em parceria com o \u201cN\u00facleo Experimental da Companhia A Barraca\u201d, apresentam a pe\u00e7a \u201cO Auto da Vida no Tr\u00e2nsito\u201d, que trata sobre a seguran\u00e7a nas nossas vias ao mesmo tempo, em que leva entretenimento a adultos e crian\u00e7as.\u00a0<\/p>\n\n\n\n<figure class=\"wp-block-image alignleft size-full is-resized\"><img fetchpriority=\"high\" decoding=\"async\" src=\"https:\/\/cleitonpinheiro.com.br\/site\/wp-content\/uploads\/2023\/09\/7b2f9ec0aa7d4bcda0cf33219fce3314.jpeg\" alt=\"\" class=\"wp-image-74020\" width=\"418\" height=\"270\"\/><figcaption class=\"wp-element-caption\">Atra\u00e7\u00e3o principal ser\u00e1 Manu Bahtid\u00e3o no palco principal nesta quinta &#8211; Foto: Divulga\u00e7\u00e3o<\/figcaption><\/figure>\n\n\n\n<p class=\"wp-block-paragraph\">Logo a p\u00f3s a pe\u00e7a, as chefs Maria Ediv\u00e2ngela e Lucivanda Oliveira apresentam suas receitas especiais ao p\u00fablico, seguidas do renomado chef Roberto Raviolli.&nbsp;<\/p>\n\n\n\n<p class=\"wp-block-paragraph\">Al\u00e9m das atra\u00e7\u00f5es art\u00edsticas e gastron\u00f4micas, o p\u00fablico segue podendo experimentar as del\u00edcias dos pratos servidos pelos competidores do FGT, bem como da Rota Gastron\u00f4mica e dos demais vendedores que atendem todas as noites no circuito do evento.\u00a0Est\u00e1 imperd\u00edvel!<\/p>\n\n\n\n<p class=\"wp-block-paragraph\"><\/p>\n\n\n\n<p class=\"wp-block-paragraph\"><strong>PROGRAMA\u00c7\u00c3O 07\/09 (QUINTA)<\/strong><\/p>\n\n\n\n<p class=\"wp-block-paragraph\">COZINHA SHOW<br>18 horas: Pe\u00e7a \u201cO Auto da Vida no Tr\u00e2nsito\u201d<br>19 horas: Chef Maria Ediv\u00e2ngela e Chef Lucivanda Oliveira (Taquaru\u00e7u)<br>20 horas: Chef Roberto Raviolli<\/p>\n\n\n\n<p class=\"wp-block-paragraph\">PALCO<br>21h00: AmazoniaCantoria<br>23 horas: Manu Bahtid\u00e3o<br>00H30: Keila Lipe<\/p>\n","protected":false},"excerpt":{"rendered":"<p>Depois de uma estreia brilhante, que contou com o grande show de Almir Sater e de talentosos artistas regionais, a 17\u00aa edi\u00e7\u00e3o do Festival Gastron\u00f4mico de Taquaru\u00e7u entra, nesta quinta-feira, 7, em sua segunda noite, o evento contar\u00e1\u00a0com uma gama de atra\u00e7\u00f5es para todos os p\u00fablicos. No palco, a atra\u00e7\u00e3o principal ser\u00e1 Manu Bahtid\u00e3o com [&hellip;]<\/p>\n","protected":false},"author":13,"featured_media":0,"comment_status":"open","ping_status":"open","sticky":false,"template":"","format":"standard","meta":{"_acf_changed":false,"footnotes":""},"categories":[22,21],"tags":[720],"class_list":["post-74019","post","type-post","status-publish","format-standard","hentry","category-cidades","category-todas-noticias","tag-prefeitura-de-palmas"],"acf":[],"yoast_head":"<!-- This site is optimized with the Yoast SEO plugin v24.4 - https:\/\/yoast.com\/wordpress\/plugins\/seo\/ -->\n<title>Segunda noite do FGT ter\u00e1 Manu Bahtid\u00e3o no palco e Roberto Raviolli na Cozinha Show - PORTAL DE NOT\u00cdCIAS CLEITON PINHEIRO<\/title>\n<meta name=\"robots\" content=\"index, follow, max-snippet:-1, max-image-preview:large, max-video-preview:-1\" \/>\n<link rel=\"canonical\" href=\"https:\/\/cleitonpinheiro.com.br\/site\/segunda-noite-do-fgt-tera-manu-bahtidao-no-palco-e-roberto-raviolli-na-cozinha-show\/\" \/>\n<meta property=\"og:locale\" content=\"pt_BR\" \/>\n<meta property=\"og:type\" content=\"article\" \/>\n<meta property=\"og:title\" content=\"Segunda noite do FGT ter\u00e1 Manu Bahtid\u00e3o no palco e Roberto Raviolli na Cozinha Show - PORTAL DE NOT\u00cdCIAS CLEITON PINHEIRO\" \/>\n<meta property=\"og:description\" content=\"Depois de uma estreia brilhante, que contou com o grande show de Almir Sater e de talentosos artistas regionais, a 17\u00aa edi\u00e7\u00e3o do Festival Gastron\u00f4mico de Taquaru\u00e7u entra, nesta quinta-feira, 7, em sua segunda noite, o evento contar\u00e1\u00a0com uma gama de atra\u00e7\u00f5es para todos os p\u00fablicos. No palco, a atra\u00e7\u00e3o principal ser\u00e1 Manu Bahtid\u00e3o com [&hellip;]\" \/>\n<meta property=\"og:url\" content=\"https:\/\/cleitonpinheiro.com.br\/site\/segunda-noite-do-fgt-tera-manu-bahtidao-no-palco-e-roberto-raviolli-na-cozinha-show\/\" \/>\n<meta property=\"og:site_name\" content=\"PORTAL DE NOT\u00cdCIAS CLEITON PINHEIRO\" \/>\n<meta property=\"article:publisher\" content=\"https:\/\/www.facebook.com\/portalcpnoticias\/\" \/>\n<meta property=\"article:published_time\" content=\"2023-09-07T15:11:51+00:00\" \/>\n<meta property=\"article:modified_time\" content=\"2023-09-08T14:37:16+00:00\" \/>\n<meta property=\"og:image\" content=\"https:\/\/cleitonpinheiro.com.br\/site\/wp-content\/uploads\/2023\/09\/2ad530fc-d676-4bac-b70a-ca30ecec149e.jpg\" \/>\n\t<meta property=\"og:image:width\" content=\"800\" \/>\n\t<meta property=\"og:image:height\" content=\"533\" \/>\n\t<meta property=\"og:image:type\" content=\"image\/jpeg\" \/>\n<meta name=\"author\" content=\"Reda\u00e7\u00e3o CP\" \/>\n<meta name=\"twitter:card\" content=\"summary_large_image\" \/>\n<meta name=\"twitter:label1\" content=\"Escrito por\" \/>\n\t<meta name=\"twitter:data1\" content=\"Reda\u00e7\u00e3o CP\" \/>\n\t<meta name=\"twitter:label2\" content=\"Est. tempo de leitura\" \/>\n\t<meta name=\"twitter:data2\" content=\"3 minutos\" \/>\n<script type=\"application\/ld+json\" class=\"yoast-schema-graph\">{\"@context\":\"https:\/\/schema.org\",\"@graph\":[{\"@type\":\"Article\",\"@id\":\"https:\/\/cleitonpinheiro.com.br\/site\/segunda-noite-do-fgt-tera-manu-bahtidao-no-palco-e-roberto-raviolli-na-cozinha-show\/#article\",\"isPartOf\":{\"@id\":\"https:\/\/cleitonpinheiro.com.br\/site\/segunda-noite-do-fgt-tera-manu-bahtidao-no-palco-e-roberto-raviolli-na-cozinha-show\/\"},\"author\":{\"name\":\"Reda\u00e7\u00e3o CP\",\"@id\":\"https:\/\/cleitonpinheiro.com.br\/site\/#\/schema\/person\/8f04544e0bc40a1b68775b08360f87db\"},\"headline\":\"Segunda noite do FGT ter\u00e1 Manu Bahtid\u00e3o no palco e Roberto Raviolli na Cozinha Show\",\"datePublished\":\"2023-09-07T15:11:51+00:00\",\"dateModified\":\"2023-09-08T14:37:16+00:00\",\"mainEntityOfPage\":{\"@id\":\"https:\/\/cleitonpinheiro.com.br\/site\/segunda-noite-do-fgt-tera-manu-bahtidao-no-palco-e-roberto-raviolli-na-cozinha-show\/\"},\"wordCount\":347,\"commentCount\":0,\"publisher\":{\"@id\":\"https:\/\/cleitonpinheiro.com.br\/site\/#organization\"},\"image\":{\"@id\":\"https:\/\/cleitonpinheiro.com.br\/site\/segunda-noite-do-fgt-tera-manu-bahtidao-no-palco-e-roberto-raviolli-na-cozinha-show\/#primaryimage\"},\"thumbnailUrl\":\"https:\/\/cleitonpinheiro.com.br\/site\/wp-content\/uploads\/2023\/09\/f03b7afe-4441-4464-ae23-218c7fe847e0.jpg\",\"keywords\":[\"Prefeitura de Palmas\"],\"articleSection\":[\"CIDADES\",\"TODAS NOTICIAS\"],\"inLanguage\":\"pt-BR\",\"potentialAction\":[{\"@type\":\"CommentAction\",\"name\":\"Comment\",\"target\":[\"https:\/\/cleitonpinheiro.com.br\/site\/segunda-noite-do-fgt-tera-manu-bahtidao-no-palco-e-roberto-raviolli-na-cozinha-show\/#respond\"]}]},{\"@type\":\"WebPage\",\"@id\":\"https:\/\/cleitonpinheiro.com.br\/site\/segunda-noite-do-fgt-tera-manu-bahtidao-no-palco-e-roberto-raviolli-na-cozinha-show\/\",\"url\":\"https:\/\/cleitonpinheiro.com.br\/site\/segunda-noite-do-fgt-tera-manu-bahtidao-no-palco-e-roberto-raviolli-na-cozinha-show\/\",\"name\":\"Segunda noite do FGT ter\u00e1 Manu Bahtid\u00e3o no palco e Roberto Raviolli na Cozinha Show - PORTAL DE NOT\u00cdCIAS CLEITON PINHEIRO\",\"isPartOf\":{\"@id\":\"https:\/\/cleitonpinheiro.com.br\/site\/#website\"},\"primaryImageOfPage\":{\"@id\":\"https:\/\/cleitonpinheiro.com.br\/site\/segunda-noite-do-fgt-tera-manu-bahtidao-no-palco-e-roberto-raviolli-na-cozinha-show\/#primaryimage\"},\"image\":{\"@id\":\"https:\/\/cleitonpinheiro.com.br\/site\/segunda-noite-do-fgt-tera-manu-bahtidao-no-palco-e-roberto-raviolli-na-cozinha-show\/#primaryimage\"},\"thumbnailUrl\":\"https:\/\/cleitonpinheiro.com.br\/site\/wp-content\/uploads\/2023\/09\/f03b7afe-4441-4464-ae23-218c7fe847e0.jpg\",\"datePublished\":\"2023-09-07T15:11:51+00:00\",\"dateModified\":\"2023-09-08T14:37:16+00:00\",\"breadcrumb\":{\"@id\":\"https:\/\/cleitonpinheiro.com.br\/site\/segunda-noite-do-fgt-tera-manu-bahtidao-no-palco-e-roberto-raviolli-na-cozinha-show\/#breadcrumb\"},\"inLanguage\":\"pt-BR\",\"potentialAction\":[{\"@type\":\"ReadAction\",\"target\":[\"https:\/\/cleitonpinheiro.com.br\/site\/segunda-noite-do-fgt-tera-manu-bahtidao-no-palco-e-roberto-raviolli-na-cozinha-show\/\"]}]},{\"@type\":\"ImageObject\",\"inLanguage\":\"pt-BR\",\"@id\":\"https:\/\/cleitonpinheiro.com.br\/site\/segunda-noite-do-fgt-tera-manu-bahtidao-no-palco-e-roberto-raviolli-na-cozinha-show\/#primaryimage\",\"url\":\"\",\"contentUrl\":\"\"},{\"@type\":\"BreadcrumbList\",\"@id\":\"https:\/\/cleitonpinheiro.com.br\/site\/segunda-noite-do-fgt-tera-manu-bahtidao-no-palco-e-roberto-raviolli-na-cozinha-show\/#breadcrumb\",\"itemListElement\":[{\"@type\":\"ListItem\",\"position\":1,\"name\":\"In\u00edcio\",\"item\":\"https:\/\/cleitonpinheiro.com.br\/site\/\"},{\"@type\":\"ListItem\",\"position\":2,\"name\":\"Segunda noite do FGT ter\u00e1 Manu Bahtid\u00e3o no palco e Roberto Raviolli na Cozinha Show\"}]},{\"@type\":\"WebSite\",\"@id\":\"https:\/\/cleitonpinheiro.com.br\/site\/#website\",\"url\":\"https:\/\/cleitonpinheiro.com.br\/site\/\",\"name\":\"PORTAL DE NOT\u00cdCIAS CLEITON PINHEIRO\",\"description\":\"FALANDO A VERDADE\",\"publisher\":{\"@id\":\"https:\/\/cleitonpinheiro.com.br\/site\/#organization\"},\"potentialAction\":[{\"@type\":\"SearchAction\",\"target\":{\"@type\":\"EntryPoint\",\"urlTemplate\":\"https:\/\/cleitonpinheiro.com.br\/site\/?s={search_term_string}\"},\"query-input\":{\"@type\":\"PropertyValueSpecification\",\"valueRequired\":true,\"valueName\":\"search_term_string\"}}],\"inLanguage\":\"pt-BR\"},{\"@type\":\"Organization\",\"@id\":\"https:\/\/cleitonpinheiro.com.br\/site\/#organization\",\"name\":\"CPNOT\u00cdCIAS\",\"url\":\"https:\/\/cleitonpinheiro.com.br\/site\/\",\"logo\":{\"@type\":\"ImageObject\",\"inLanguage\":\"pt-BR\",\"@id\":\"https:\/\/cleitonpinheiro.com.br\/site\/#\/schema\/logo\/image\/\",\"url\":\"https:\/\/cleitonpinheiro.com.br\/site\/wp-content\/uploads\/2022\/08\/Logo-pequena-2.png\",\"contentUrl\":\"https:\/\/cleitonpinheiro.com.br\/site\/wp-content\/uploads\/2022\/08\/Logo-pequena-2.png\",\"width\":500,\"height\":500,\"caption\":\"CPNOT\u00cdCIAS\"},\"image\":{\"@id\":\"https:\/\/cleitonpinheiro.com.br\/site\/#\/schema\/logo\/image\/\"},\"sameAs\":[\"https:\/\/www.facebook.com\/portalcpnoticias\/\"]},{\"@type\":\"Person\",\"@id\":\"https:\/\/cleitonpinheiro.com.br\/site\/#\/schema\/person\/8f04544e0bc40a1b68775b08360f87db\",\"name\":\"Reda\u00e7\u00e3o CP\",\"image\":{\"@type\":\"ImageObject\",\"inLanguage\":\"pt-BR\",\"@id\":\"https:\/\/cleitonpinheiro.com.br\/site\/#\/schema\/person\/image\/\",\"url\":\"https:\/\/secure.gravatar.com\/avatar\/0bcf19cb29fdc8fc588c490c7ae1b3e174dac268586a63fbe1d1893a0f9020cd?s=96&r=g\",\"contentUrl\":\"https:\/\/secure.gravatar.com\/avatar\/0bcf19cb29fdc8fc588c490c7ae1b3e174dac268586a63fbe1d1893a0f9020cd?s=96&r=g\",\"caption\":\"Reda\u00e7\u00e3o CP\"},\"url\":\"https:\/\/cleitonpinheiro.com.br\/site\/author\/redacao\/\"}]}<\/script>\n<!-- \/ Yoast SEO plugin. -->","yoast_head_json":{"title":"Segunda noite do FGT ter\u00e1 Manu Bahtid\u00e3o no palco e Roberto Raviolli na Cozinha Show - PORTAL DE NOT\u00cdCIAS CLEITON PINHEIRO","robots":{"index":"index","follow":"follow","max-snippet":"max-snippet:-1","max-image-preview":"max-image-preview:large","max-video-preview":"max-video-preview:-1"},"canonical":"https:\/\/cleitonpinheiro.com.br\/site\/segunda-noite-do-fgt-tera-manu-bahtidao-no-palco-e-roberto-raviolli-na-cozinha-show\/","og_locale":"pt_BR","og_type":"article","og_title":"Segunda noite do FGT ter\u00e1 Manu Bahtid\u00e3o no palco e Roberto Raviolli na Cozinha Show - PORTAL DE NOT\u00cdCIAS CLEITON PINHEIRO","og_description":"Depois de uma estreia brilhante, que contou com o grande show de Almir Sater e de talentosos artistas regionais, a 17\u00aa edi\u00e7\u00e3o do Festival Gastron\u00f4mico de Taquaru\u00e7u entra, nesta quinta-feira, 7, em sua segunda noite, o evento contar\u00e1\u00a0com uma gama de atra\u00e7\u00f5es para todos os p\u00fablicos. No palco, a atra\u00e7\u00e3o principal ser\u00e1 Manu Bahtid\u00e3o com [&hellip;]","og_url":"https:\/\/cleitonpinheiro.com.br\/site\/segunda-noite-do-fgt-tera-manu-bahtidao-no-palco-e-roberto-raviolli-na-cozinha-show\/","og_site_name":"PORTAL DE NOT\u00cdCIAS CLEITON PINHEIRO","article_publisher":"https:\/\/www.facebook.com\/portalcpnoticias\/","article_published_time":"2023-09-07T15:11:51+00:00","article_modified_time":"2023-09-08T14:37:16+00:00","og_image":[{"width":800,"height":533,"url":"https:\/\/cleitonpinheiro.com.br\/site\/wp-content\/uploads\/2023\/09\/2ad530fc-d676-4bac-b70a-ca30ecec149e.jpg","type":"image\/jpeg"}],"author":"Reda\u00e7\u00e3o CP","twitter_card":"summary_large_image","twitter_misc":{"Escrito por":"Reda\u00e7\u00e3o CP","Est. tempo de leitura":"3 minutos"},"schema":{"@context":"https:\/\/schema.org","@graph":[{"@type":"Article","@id":"https:\/\/cleitonpinheiro.com.br\/site\/segunda-noite-do-fgt-tera-manu-bahtidao-no-palco-e-roberto-raviolli-na-cozinha-show\/#article","isPartOf":{"@id":"https:\/\/cleitonpinheiro.com.br\/site\/segunda-noite-do-fgt-tera-manu-bahtidao-no-palco-e-roberto-raviolli-na-cozinha-show\/"},"author":{"name":"Reda\u00e7\u00e3o CP","@id":"https:\/\/cleitonpinheiro.com.br\/site\/#\/schema\/person\/8f04544e0bc40a1b68775b08360f87db"},"headline":"Segunda noite do FGT ter\u00e1 Manu Bahtid\u00e3o no palco e Roberto Raviolli na Cozinha Show","datePublished":"2023-09-07T15:11:51+00:00","dateModified":"2023-09-08T14:37:16+00:00","mainEntityOfPage":{"@id":"https:\/\/cleitonpinheiro.com.br\/site\/segunda-noite-do-fgt-tera-manu-bahtidao-no-palco-e-roberto-raviolli-na-cozinha-show\/"},"wordCount":347,"commentCount":0,"publisher":{"@id":"https:\/\/cleitonpinheiro.com.br\/site\/#organization"},"image":{"@id":"https:\/\/cleitonpinheiro.com.br\/site\/segunda-noite-do-fgt-tera-manu-bahtidao-no-palco-e-roberto-raviolli-na-cozinha-show\/#primaryimage"},"thumbnailUrl":"https:\/\/cleitonpinheiro.com.br\/site\/wp-content\/uploads\/2023\/09\/f03b7afe-4441-4464-ae23-218c7fe847e0.jpg","keywords":["Prefeitura de Palmas"],"articleSection":["CIDADES","TODAS NOTICIAS"],"inLanguage":"pt-BR","potentialAction":[{"@type":"CommentAction","name":"Comment","target":["https:\/\/cleitonpinheiro.com.br\/site\/segunda-noite-do-fgt-tera-manu-bahtidao-no-palco-e-roberto-raviolli-na-cozinha-show\/#respond"]}]},{"@type":"WebPage","@id":"https:\/\/cleitonpinheiro.com.br\/site\/segunda-noite-do-fgt-tera-manu-bahtidao-no-palco-e-roberto-raviolli-na-cozinha-show\/","url":"https:\/\/cleitonpinheiro.com.br\/site\/segunda-noite-do-fgt-tera-manu-bahtidao-no-palco-e-roberto-raviolli-na-cozinha-show\/","name":"Segunda noite do FGT ter\u00e1 Manu Bahtid\u00e3o no palco e Roberto Raviolli na Cozinha Show - PORTAL DE NOT\u00cdCIAS CLEITON PINHEIRO","isPartOf":{"@id":"https:\/\/cleitonpinheiro.com.br\/site\/#website"},"primaryImageOfPage":{"@id":"https:\/\/cleitonpinheiro.com.br\/site\/segunda-noite-do-fgt-tera-manu-bahtidao-no-palco-e-roberto-raviolli-na-cozinha-show\/#primaryimage"},"image":{"@id":"https:\/\/cleitonpinheiro.com.br\/site\/segunda-noite-do-fgt-tera-manu-bahtidao-no-palco-e-roberto-raviolli-na-cozinha-show\/#primaryimage"},"thumbnailUrl":"https:\/\/cleitonpinheiro.com.br\/site\/wp-content\/uploads\/2023\/09\/f03b7afe-4441-4464-ae23-218c7fe847e0.jpg","datePublished":"2023-09-07T15:11:51+00:00","dateModified":"2023-09-08T14:37:16+00:00","breadcrumb":{"@id":"https:\/\/cleitonpinheiro.com.br\/site\/segunda-noite-do-fgt-tera-manu-bahtidao-no-palco-e-roberto-raviolli-na-cozinha-show\/#breadcrumb"},"inLanguage":"pt-BR","potentialAction":[{"@type":"ReadAction","target":["https:\/\/cleitonpinheiro.com.br\/site\/segunda-noite-do-fgt-tera-manu-bahtidao-no-palco-e-roberto-raviolli-na-cozinha-show\/"]}]},{"@type":"ImageObject","inLanguage":"pt-BR","@id":"https:\/\/cleitonpinheiro.com.br\/site\/segunda-noite-do-fgt-tera-manu-bahtidao-no-palco-e-roberto-raviolli-na-cozinha-show\/#primaryimage","url":"","contentUrl":""},{"@type":"BreadcrumbList","@id":"https:\/\/cleitonpinheiro.com.br\/site\/segunda-noite-do-fgt-tera-manu-bahtidao-no-palco-e-roberto-raviolli-na-cozinha-show\/#breadcrumb","itemListElement":[{"@type":"ListItem","position":1,"name":"In\u00edcio","item":"https:\/\/cleitonpinheiro.com.br\/site\/"},{"@type":"ListItem","position":2,"name":"Segunda noite do FGT ter\u00e1 Manu Bahtid\u00e3o no palco e Roberto Raviolli na Cozinha Show"}]},{"@type":"WebSite","@id":"https:\/\/cleitonpinheiro.com.br\/site\/#website","url":"https:\/\/cleitonpinheiro.com.br\/site\/","name":"PORTAL DE NOT\u00cdCIAS CLEITON PINHEIRO","description":"FALANDO A VERDADE","publisher":{"@id":"https:\/\/cleitonpinheiro.com.br\/site\/#organization"},"potentialAction":[{"@type":"SearchAction","target":{"@type":"EntryPoint","urlTemplate":"https:\/\/cleitonpinheiro.com.br\/site\/?s={search_term_string}"},"query-input":{"@type":"PropertyValueSpecification","valueRequired":true,"valueName":"search_term_string"}}],"inLanguage":"pt-BR"},{"@type":"Organization","@id":"https:\/\/cleitonpinheiro.com.br\/site\/#organization","name":"CPNOT\u00cdCIAS","url":"https:\/\/cleitonpinheiro.com.br\/site\/","logo":{"@type":"ImageObject","inLanguage":"pt-BR","@id":"https:\/\/cleitonpinheiro.com.br\/site\/#\/schema\/logo\/image\/","url":"https:\/\/cleitonpinheiro.com.br\/site\/wp-content\/uploads\/2022\/08\/Logo-pequena-2.png","contentUrl":"https:\/\/cleitonpinheiro.com.br\/site\/wp-content\/uploads\/2022\/08\/Logo-pequena-2.png","width":500,"height":500,"caption":"CPNOT\u00cdCIAS"},"image":{"@id":"https:\/\/cleitonpinheiro.com.br\/site\/#\/schema\/logo\/image\/"},"sameAs":["https:\/\/www.facebook.com\/portalcpnoticias\/"]},{"@type":"Person","@id":"https:\/\/cleitonpinheiro.com.br\/site\/#\/schema\/person\/8f04544e0bc40a1b68775b08360f87db","name":"Reda\u00e7\u00e3o CP","image":{"@type":"ImageObject","inLanguage":"pt-BR","@id":"https:\/\/cleitonpinheiro.com.br\/site\/#\/schema\/person\/image\/","url":"https:\/\/secure.gravatar.com\/avatar\/0bcf19cb29fdc8fc588c490c7ae1b3e174dac268586a63fbe1d1893a0f9020cd?s=96&r=g","contentUrl":"https:\/\/secure.gravatar.com\/avatar\/0bcf19cb29fdc8fc588c490c7ae1b3e174dac268586a63fbe1d1893a0f9020cd?s=96&r=g","caption":"Reda\u00e7\u00e3o CP"},"url":"https:\/\/cleitonpinheiro.com.br\/site\/author\/redacao\/"}]}},"views":123,"_links":{"self":[{"href":"https:\/\/cleitonpinheiro.com.br\/site\/wp-json\/wp\/v2\/posts\/74019","targetHints":{"allow":["GET"]}}],"collection":[{"href":"https:\/\/cleitonpinheiro.com.br\/site\/wp-json\/wp\/v2\/posts"}],"about":[{"href":"https:\/\/cleitonpinheiro.com.br\/site\/wp-json\/wp\/v2\/types\/post"}],"author":[{"embeddable":true,"href":"https:\/\/cleitonpinheiro.com.br\/site\/wp-json\/wp\/v2\/users\/13"}],"replies":[{"embeddable":true,"href":"https:\/\/cleitonpinheiro.com.br\/site\/wp-json\/wp\/v2\/comments?post=74019"}],"version-history":[{"count":1,"href":"https:\/\/cleitonpinheiro.com.br\/site\/wp-json\/wp\/v2\/posts\/74019\/revisions"}],"predecessor-version":[{"id":74023,"href":"https:\/\/cleitonpinheiro.com.br\/site\/wp-json\/wp\/v2\/posts\/74019\/revisions\/74023"}],"wp:attachment":[{"href":"https:\/\/cleitonpinheiro.com.br\/site\/wp-json\/wp\/v2\/media?parent=74019"}],"wp:term":[{"taxonomy":"category","embeddable":true,"href":"https:\/\/cleitonpinheiro.com.br\/site\/wp-json\/wp\/v2\/categories?post=74019"},{"taxonomy":"post_tag","embeddable":true,"href":"https:\/\/cleitonpinheiro.com.br\/site\/wp-json\/wp\/v2\/tags?post=74019"}],"curies":[{"name":"wp","href":"https:\/\/api.w.org\/{rel}","templated":true}]}}