{"id":74030,"date":"2023-09-07T13:07:56","date_gmt":"2023-09-07T16:07:56","guid":{"rendered":"https:\/\/cleitonpinheiro.com.br\/site\/?p=74030"},"modified":"2023-09-07T13:08:02","modified_gmt":"2023-09-07T16:08:02","slug":"alunos-das-etis-almirante-tamandare-e-anisio-teixeira-participam-do-desfile-da-independencia","status":"publish","type":"post","link":"https:\/\/cleitonpinheiro.com.br\/site\/alunos-das-etis-almirante-tamandare-e-anisio-teixeira-participam-do-desfile-da-independencia\/","title":{"rendered":"Alunos das ETIs Almirante Tamandar\u00e9 e An\u00edsio Teixeira participam do desfile da Independ\u00eancia"},"content":{"rendered":"\n<figure class=\"wp-block-image size-full\"><img decoding=\"async\" src=\"https:\/\/cleitonpinheiro.com.br\/site\/wp-content\/uploads\/2023\/09\/33404c3678c34a7082c220ba505af2e5.jpeg\" alt=\"\" class=\"wp-image-74031\"\/><figcaption class=\"wp-element-caption\">Juntas, as duas unidades educacionais, levar\u00e3o para o desfile 500 alunos &#8211; Foto: Josivan Ara\u00fajo\/Divulga\u00e7\u00e3o<\/figcaption><\/figure>\n\n\n\n<p class=\"wp-block-paragraph\">Cerca de 250 alunos da Escola Municipal de Tempo Integral (ETI) An\u00edsio Teixeira, localizada no setor Bertaville, e outros 250 alunos da ETI Almirante Tamandar\u00e9 participar\u00e3o do desfile c\u00edvico-militar em comemora\u00e7\u00e3o aos 201 anos de Independ\u00eancia do Brasil, realizado nesta quinta-feira, 7, na Pra\u00e7a dos Girass\u00f3is, a partir das 18 horas.<\/p>\n\n\n\n<p class=\"wp-block-paragraph\">Juntas, as duas unidades educacionais, levar\u00e3o para a avenida 500 alunos, distribu\u00eddos em diversos pelot\u00f5es e acompanhadas por suas fanfarras.<\/p>\n\n\n\n<p class=\"wp-block-paragraph\">A diretora da ETI An\u00edsio, Cleudemar Abreu, conta que a unidade levar\u00e1 para o desfile um pelot\u00e3o com crian\u00e7as trajadas de PRF, um pelot\u00e3o composto por 52 alunos\/atletas que participaram dos Jogos Estaduais Estudantis (JETs), e estar\u00e3o caracterizados com as modalidades esportivas que praticam, um pelot\u00e3o representando as cores da bandeira, um pelot\u00e3o de balizas e um pelot\u00e3o de porta-bandeiras, acompanhados pela fanfarra da ETI. \u201cDesde que atuo na educa\u00e7\u00e3o, todos os anos, a escola que trabalho participa dos desfiles comemorativos, e esse ano n\u00e3o poderia ser diferente. Ent\u00e3o, eu me sinto feliz demais em representar a rede no desfile e em poder mostrar para a comunidade o trabalho das nossas crian\u00e7as\u201d, destacou.<\/p>\n\n\n\n<p class=\"wp-block-paragraph\">A turminha da professora Franciane Bessa, composta por alunos do 4\u00ba ano do ensino fundamental, foi uma das escolhidas pela dire\u00e7\u00e3o da ETI para participar do ato c\u00edvico. Ela conta que as crian\u00e7as est\u00e3o euf\u00f3ricas e bastante motivadas em participar pela primeira vez de um desfile c\u00edvico-militar. \u201cUma oportunidade muito boa de aprendizado. Eles est\u00e3o empolgad\u00edssimos, participando assiduamente dos ensaios, e ansiosos por representar a rede no desfile\u201d, disse.<\/p>\n\n\n\n<p class=\"wp-block-paragraph\">Representando a turminha, o pequeno Jo\u00e3o Pedro Lustosa, 9 anos, falou da sua expectativa para o grande dia. \u201cEstou muito orgulhoso porque vamos aparecer na televis\u00e3o e todo mundo vai nos aplaudir quando nossa escola passar pela avenida marchando\u201d, afirmou.<\/p>\n\n\n\n<p class=\"wp-block-paragraph\">Al\u00e9m das unidades educacionais do munic\u00edpio, ir\u00e3o participar do Desfile da Independ\u00eancia escolas estaduais, a banda atl\u00e9tica da UFT, Ex\u00e9rcito, Marinha, Pol\u00edcia Militar, Corpo de Bombeiro, Pol\u00edcia Militar, Guarda Metropolitana de Palmas, dentre outras institui\u00e7\u00f5es.<\/p>\n","protected":false},"excerpt":{"rendered":"<p>Cerca de 250 alunos da Escola Municipal de Tempo Integral (ETI) An\u00edsio Teixeira, localizada no setor Bertaville, e outros 250 alunos da ETI Almirante Tamandar\u00e9 participar\u00e3o do desfile c\u00edvico-militar em comemora\u00e7\u00e3o aos 201 anos de Independ\u00eancia do Brasil, realizado nesta quinta-feira, 7, na Pra\u00e7a dos Girass\u00f3is, a partir das 18 horas. Juntas, as duas unidades [&hellip;]<\/p>\n","protected":false},"author":13,"featured_media":0,"comment_status":"open","ping_status":"open","sticky":false,"template":"","format":"standard","meta":{"_acf_changed":false,"footnotes":""},"categories":[22,898],"tags":[],"class_list":["post-74030","post","type-post","status-publish","format-standard","hentry","category-cidades","category-manchete-segundaria"],"acf":[],"yoast_head":"<!-- This site is optimized with the Yoast SEO plugin v24.4 - https:\/\/yoast.com\/wordpress\/plugins\/seo\/ -->\n<title>Alunos das ETIs Almirante Tamandar\u00e9 e An\u00edsio Teixeira participam do desfile da Independ\u00eancia - PORTAL DE NOT\u00cdCIAS CLEITON PINHEIRO<\/title>\n<meta name=\"robots\" content=\"index, follow, max-snippet:-1, max-image-preview:large, max-video-preview:-1\" \/>\n<link rel=\"canonical\" href=\"https:\/\/cleitonpinheiro.com.br\/site\/alunos-das-etis-almirante-tamandare-e-anisio-teixeira-participam-do-desfile-da-independencia\/\" \/>\n<meta property=\"og:locale\" content=\"pt_BR\" \/>\n<meta property=\"og:type\" content=\"article\" \/>\n<meta property=\"og:title\" content=\"Alunos das ETIs Almirante Tamandar\u00e9 e An\u00edsio Teixeira participam do desfile da Independ\u00eancia - PORTAL DE NOT\u00cdCIAS CLEITON PINHEIRO\" \/>\n<meta property=\"og:description\" content=\"Cerca de 250 alunos da Escola Municipal de Tempo Integral (ETI) An\u00edsio Teixeira, localizada no setor Bertaville, e outros 250 alunos da ETI Almirante Tamandar\u00e9 participar\u00e3o do desfile c\u00edvico-militar em comemora\u00e7\u00e3o aos 201 anos de Independ\u00eancia do Brasil, realizado nesta quinta-feira, 7, na Pra\u00e7a dos Girass\u00f3is, a partir das 18 horas. Juntas, as duas unidades [&hellip;]\" \/>\n<meta property=\"og:url\" content=\"https:\/\/cleitonpinheiro.com.br\/site\/alunos-das-etis-almirante-tamandare-e-anisio-teixeira-participam-do-desfile-da-independencia\/\" \/>\n<meta property=\"og:site_name\" content=\"PORTAL DE NOT\u00cdCIAS CLEITON PINHEIRO\" \/>\n<meta property=\"article:publisher\" content=\"https:\/\/www.facebook.com\/portalcpnoticias\/\" \/>\n<meta property=\"article:published_time\" content=\"2023-09-07T16:07:56+00:00\" \/>\n<meta property=\"article:modified_time\" content=\"2023-09-07T16:08:02+00:00\" \/>\n<meta property=\"og:image\" content=\"https:\/\/cleitonpinheiro.com.br\/site\/wp-content\/uploads\/2023\/09\/33404c3678c34a7082c220ba505af2e5.jpeg\" \/>\n\t<meta property=\"og:image:width\" content=\"800\" \/>\n\t<meta property=\"og:image:height\" content=\"533\" \/>\n\t<meta property=\"og:image:type\" content=\"image\/jpeg\" \/>\n<meta name=\"author\" content=\"Reda\u00e7\u00e3o CP\" \/>\n<meta name=\"twitter:card\" content=\"summary_large_image\" \/>\n<meta name=\"twitter:label1\" content=\"Escrito por\" \/>\n\t<meta name=\"twitter:data1\" content=\"Reda\u00e7\u00e3o CP\" \/>\n\t<meta name=\"twitter:label2\" content=\"Est. tempo de leitura\" \/>\n\t<meta name=\"twitter:data2\" content=\"3 minutos\" \/>\n<script type=\"application\/ld+json\" class=\"yoast-schema-graph\">{\"@context\":\"https:\/\/schema.org\",\"@graph\":[{\"@type\":\"Article\",\"@id\":\"https:\/\/cleitonpinheiro.com.br\/site\/alunos-das-etis-almirante-tamandare-e-anisio-teixeira-participam-do-desfile-da-independencia\/#article\",\"isPartOf\":{\"@id\":\"https:\/\/cleitonpinheiro.com.br\/site\/alunos-das-etis-almirante-tamandare-e-anisio-teixeira-participam-do-desfile-da-independencia\/\"},\"author\":{\"name\":\"Reda\u00e7\u00e3o CP\",\"@id\":\"https:\/\/cleitonpinheiro.com.br\/site\/#\/schema\/person\/8f04544e0bc40a1b68775b08360f87db\"},\"headline\":\"Alunos das ETIs Almirante Tamandar\u00e9 e An\u00edsio Teixeira participam do desfile da Independ\u00eancia\",\"datePublished\":\"2023-09-07T16:07:56+00:00\",\"dateModified\":\"2023-09-07T16:08:02+00:00\",\"mainEntityOfPage\":{\"@id\":\"https:\/\/cleitonpinheiro.com.br\/site\/alunos-das-etis-almirante-tamandare-e-anisio-teixeira-participam-do-desfile-da-independencia\/\"},\"wordCount\":394,\"commentCount\":0,\"publisher\":{\"@id\":\"https:\/\/cleitonpinheiro.com.br\/site\/#organization\"},\"image\":{\"@id\":\"https:\/\/cleitonpinheiro.com.br\/site\/alunos-das-etis-almirante-tamandare-e-anisio-teixeira-participam-do-desfile-da-independencia\/#primaryimage\"},\"thumbnailUrl\":\"https:\/\/cleitonpinheiro.com.br\/site\/wp-content\/uploads\/2023\/09\/33404c3678c34a7082c220ba505af2e5.jpeg\",\"articleSection\":[\"CIDADES\",\"MANCHETE SEGUND\u00c1RIA\"],\"inLanguage\":\"pt-BR\",\"potentialAction\":[{\"@type\":\"CommentAction\",\"name\":\"Comment\",\"target\":[\"https:\/\/cleitonpinheiro.com.br\/site\/alunos-das-etis-almirante-tamandare-e-anisio-teixeira-participam-do-desfile-da-independencia\/#respond\"]}]},{\"@type\":\"WebPage\",\"@id\":\"https:\/\/cleitonpinheiro.com.br\/site\/alunos-das-etis-almirante-tamandare-e-anisio-teixeira-participam-do-desfile-da-independencia\/\",\"url\":\"https:\/\/cleitonpinheiro.com.br\/site\/alunos-das-etis-almirante-tamandare-e-anisio-teixeira-participam-do-desfile-da-independencia\/\",\"name\":\"Alunos das ETIs Almirante Tamandar\u00e9 e An\u00edsio Teixeira participam do desfile da Independ\u00eancia - PORTAL DE NOT\u00cdCIAS CLEITON PINHEIRO\",\"isPartOf\":{\"@id\":\"https:\/\/cleitonpinheiro.com.br\/site\/#website\"},\"primaryImageOfPage\":{\"@id\":\"https:\/\/cleitonpinheiro.com.br\/site\/alunos-das-etis-almirante-tamandare-e-anisio-teixeira-participam-do-desfile-da-independencia\/#primaryimage\"},\"image\":{\"@id\":\"https:\/\/cleitonpinheiro.com.br\/site\/alunos-das-etis-almirante-tamandare-e-anisio-teixeira-participam-do-desfile-da-independencia\/#primaryimage\"},\"thumbnailUrl\":\"https:\/\/cleitonpinheiro.com.br\/site\/wp-content\/uploads\/2023\/09\/33404c3678c34a7082c220ba505af2e5.jpeg\",\"datePublished\":\"2023-09-07T16:07:56+00:00\",\"dateModified\":\"2023-09-07T16:08:02+00:00\",\"breadcrumb\":{\"@id\":\"https:\/\/cleitonpinheiro.com.br\/site\/alunos-das-etis-almirante-tamandare-e-anisio-teixeira-participam-do-desfile-da-independencia\/#breadcrumb\"},\"inLanguage\":\"pt-BR\",\"potentialAction\":[{\"@type\":\"ReadAction\",\"target\":[\"https:\/\/cleitonpinheiro.com.br\/site\/alunos-das-etis-almirante-tamandare-e-anisio-teixeira-participam-do-desfile-da-independencia\/\"]}]},{\"@type\":\"ImageObject\",\"inLanguage\":\"pt-BR\",\"@id\":\"https:\/\/cleitonpinheiro.com.br\/site\/alunos-das-etis-almirante-tamandare-e-anisio-teixeira-participam-do-desfile-da-independencia\/#primaryimage\",\"url\":\"\",\"contentUrl\":\"\"},{\"@type\":\"BreadcrumbList\",\"@id\":\"https:\/\/cleitonpinheiro.com.br\/site\/alunos-das-etis-almirante-tamandare-e-anisio-teixeira-participam-do-desfile-da-independencia\/#breadcrumb\",\"itemListElement\":[{\"@type\":\"ListItem\",\"position\":1,\"name\":\"In\u00edcio\",\"item\":\"https:\/\/cleitonpinheiro.com.br\/site\/\"},{\"@type\":\"ListItem\",\"position\":2,\"name\":\"Alunos das ETIs Almirante Tamandar\u00e9 e An\u00edsio Teixeira participam do desfile da Independ\u00eancia\"}]},{\"@type\":\"WebSite\",\"@id\":\"https:\/\/cleitonpinheiro.com.br\/site\/#website\",\"url\":\"https:\/\/cleitonpinheiro.com.br\/site\/\",\"name\":\"PORTAL DE NOT\u00cdCIAS CLEITON PINHEIRO\",\"description\":\"FALANDO A VERDADE\",\"publisher\":{\"@id\":\"https:\/\/cleitonpinheiro.com.br\/site\/#organization\"},\"potentialAction\":[{\"@type\":\"SearchAction\",\"target\":{\"@type\":\"EntryPoint\",\"urlTemplate\":\"https:\/\/cleitonpinheiro.com.br\/site\/?s={search_term_string}\"},\"query-input\":{\"@type\":\"PropertyValueSpecification\",\"valueRequired\":true,\"valueName\":\"search_term_string\"}}],\"inLanguage\":\"pt-BR\"},{\"@type\":\"Organization\",\"@id\":\"https:\/\/cleitonpinheiro.com.br\/site\/#organization\",\"name\":\"CPNOT\u00cdCIAS\",\"url\":\"https:\/\/cleitonpinheiro.com.br\/site\/\",\"logo\":{\"@type\":\"ImageObject\",\"inLanguage\":\"pt-BR\",\"@id\":\"https:\/\/cleitonpinheiro.com.br\/site\/#\/schema\/logo\/image\/\",\"url\":\"https:\/\/cleitonpinheiro.com.br\/site\/wp-content\/uploads\/2022\/08\/Logo-pequena-2.png\",\"contentUrl\":\"https:\/\/cleitonpinheiro.com.br\/site\/wp-content\/uploads\/2022\/08\/Logo-pequena-2.png\",\"width\":500,\"height\":500,\"caption\":\"CPNOT\u00cdCIAS\"},\"image\":{\"@id\":\"https:\/\/cleitonpinheiro.com.br\/site\/#\/schema\/logo\/image\/\"},\"sameAs\":[\"https:\/\/www.facebook.com\/portalcpnoticias\/\"]},{\"@type\":\"Person\",\"@id\":\"https:\/\/cleitonpinheiro.com.br\/site\/#\/schema\/person\/8f04544e0bc40a1b68775b08360f87db\",\"name\":\"Reda\u00e7\u00e3o CP\",\"image\":{\"@type\":\"ImageObject\",\"inLanguage\":\"pt-BR\",\"@id\":\"https:\/\/cleitonpinheiro.com.br\/site\/#\/schema\/person\/image\/\",\"url\":\"https:\/\/secure.gravatar.com\/avatar\/0bcf19cb29fdc8fc588c490c7ae1b3e174dac268586a63fbe1d1893a0f9020cd?s=96&r=g\",\"contentUrl\":\"https:\/\/secure.gravatar.com\/avatar\/0bcf19cb29fdc8fc588c490c7ae1b3e174dac268586a63fbe1d1893a0f9020cd?s=96&r=g\",\"caption\":\"Reda\u00e7\u00e3o CP\"},\"url\":\"https:\/\/cleitonpinheiro.com.br\/site\/author\/redacao\/\"}]}<\/script>\n<!-- \/ Yoast SEO plugin. -->","yoast_head_json":{"title":"Alunos das ETIs Almirante Tamandar\u00e9 e An\u00edsio Teixeira participam do desfile da Independ\u00eancia - PORTAL DE NOT\u00cdCIAS CLEITON PINHEIRO","robots":{"index":"index","follow":"follow","max-snippet":"max-snippet:-1","max-image-preview":"max-image-preview:large","max-video-preview":"max-video-preview:-1"},"canonical":"https:\/\/cleitonpinheiro.com.br\/site\/alunos-das-etis-almirante-tamandare-e-anisio-teixeira-participam-do-desfile-da-independencia\/","og_locale":"pt_BR","og_type":"article","og_title":"Alunos das ETIs Almirante Tamandar\u00e9 e An\u00edsio Teixeira participam do desfile da Independ\u00eancia - PORTAL DE NOT\u00cdCIAS CLEITON PINHEIRO","og_description":"Cerca de 250 alunos da Escola Municipal de Tempo Integral (ETI) An\u00edsio Teixeira, localizada no setor Bertaville, e outros 250 alunos da ETI Almirante Tamandar\u00e9 participar\u00e3o do desfile c\u00edvico-militar em comemora\u00e7\u00e3o aos 201 anos de Independ\u00eancia do Brasil, realizado nesta quinta-feira, 7, na Pra\u00e7a dos Girass\u00f3is, a partir das 18 horas. Juntas, as duas unidades [&hellip;]","og_url":"https:\/\/cleitonpinheiro.com.br\/site\/alunos-das-etis-almirante-tamandare-e-anisio-teixeira-participam-do-desfile-da-independencia\/","og_site_name":"PORTAL DE NOT\u00cdCIAS CLEITON PINHEIRO","article_publisher":"https:\/\/www.facebook.com\/portalcpnoticias\/","article_published_time":"2023-09-07T16:07:56+00:00","article_modified_time":"2023-09-07T16:08:02+00:00","og_image":[{"width":800,"height":533,"url":"https:\/\/cleitonpinheiro.com.br\/site\/wp-content\/uploads\/2023\/09\/33404c3678c34a7082c220ba505af2e5.jpeg","type":"image\/jpeg"}],"author":"Reda\u00e7\u00e3o CP","twitter_card":"summary_large_image","twitter_misc":{"Escrito por":"Reda\u00e7\u00e3o CP","Est. tempo de leitura":"3 minutos"},"schema":{"@context":"https:\/\/schema.org","@graph":[{"@type":"Article","@id":"https:\/\/cleitonpinheiro.com.br\/site\/alunos-das-etis-almirante-tamandare-e-anisio-teixeira-participam-do-desfile-da-independencia\/#article","isPartOf":{"@id":"https:\/\/cleitonpinheiro.com.br\/site\/alunos-das-etis-almirante-tamandare-e-anisio-teixeira-participam-do-desfile-da-independencia\/"},"author":{"name":"Reda\u00e7\u00e3o CP","@id":"https:\/\/cleitonpinheiro.com.br\/site\/#\/schema\/person\/8f04544e0bc40a1b68775b08360f87db"},"headline":"Alunos das ETIs Almirante Tamandar\u00e9 e An\u00edsio Teixeira participam do desfile da Independ\u00eancia","datePublished":"2023-09-07T16:07:56+00:00","dateModified":"2023-09-07T16:08:02+00:00","mainEntityOfPage":{"@id":"https:\/\/cleitonpinheiro.com.br\/site\/alunos-das-etis-almirante-tamandare-e-anisio-teixeira-participam-do-desfile-da-independencia\/"},"wordCount":394,"commentCount":0,"publisher":{"@id":"https:\/\/cleitonpinheiro.com.br\/site\/#organization"},"image":{"@id":"https:\/\/cleitonpinheiro.com.br\/site\/alunos-das-etis-almirante-tamandare-e-anisio-teixeira-participam-do-desfile-da-independencia\/#primaryimage"},"thumbnailUrl":"https:\/\/cleitonpinheiro.com.br\/site\/wp-content\/uploads\/2023\/09\/33404c3678c34a7082c220ba505af2e5.jpeg","articleSection":["CIDADES","MANCHETE SEGUND\u00c1RIA"],"inLanguage":"pt-BR","potentialAction":[{"@type":"CommentAction","name":"Comment","target":["https:\/\/cleitonpinheiro.com.br\/site\/alunos-das-etis-almirante-tamandare-e-anisio-teixeira-participam-do-desfile-da-independencia\/#respond"]}]},{"@type":"WebPage","@id":"https:\/\/cleitonpinheiro.com.br\/site\/alunos-das-etis-almirante-tamandare-e-anisio-teixeira-participam-do-desfile-da-independencia\/","url":"https:\/\/cleitonpinheiro.com.br\/site\/alunos-das-etis-almirante-tamandare-e-anisio-teixeira-participam-do-desfile-da-independencia\/","name":"Alunos das ETIs Almirante Tamandar\u00e9 e An\u00edsio Teixeira participam do desfile da Independ\u00eancia - PORTAL DE NOT\u00cdCIAS CLEITON PINHEIRO","isPartOf":{"@id":"https:\/\/cleitonpinheiro.com.br\/site\/#website"},"primaryImageOfPage":{"@id":"https:\/\/cleitonpinheiro.com.br\/site\/alunos-das-etis-almirante-tamandare-e-anisio-teixeira-participam-do-desfile-da-independencia\/#primaryimage"},"image":{"@id":"https:\/\/cleitonpinheiro.com.br\/site\/alunos-das-etis-almirante-tamandare-e-anisio-teixeira-participam-do-desfile-da-independencia\/#primaryimage"},"thumbnailUrl":"https:\/\/cleitonpinheiro.com.br\/site\/wp-content\/uploads\/2023\/09\/33404c3678c34a7082c220ba505af2e5.jpeg","datePublished":"2023-09-07T16:07:56+00:00","dateModified":"2023-09-07T16:08:02+00:00","breadcrumb":{"@id":"https:\/\/cleitonpinheiro.com.br\/site\/alunos-das-etis-almirante-tamandare-e-anisio-teixeira-participam-do-desfile-da-independencia\/#breadcrumb"},"inLanguage":"pt-BR","potentialAction":[{"@type":"ReadAction","target":["https:\/\/cleitonpinheiro.com.br\/site\/alunos-das-etis-almirante-tamandare-e-anisio-teixeira-participam-do-desfile-da-independencia\/"]}]},{"@type":"ImageObject","inLanguage":"pt-BR","@id":"https:\/\/cleitonpinheiro.com.br\/site\/alunos-das-etis-almirante-tamandare-e-anisio-teixeira-participam-do-desfile-da-independencia\/#primaryimage","url":"","contentUrl":""},{"@type":"BreadcrumbList","@id":"https:\/\/cleitonpinheiro.com.br\/site\/alunos-das-etis-almirante-tamandare-e-anisio-teixeira-participam-do-desfile-da-independencia\/#breadcrumb","itemListElement":[{"@type":"ListItem","position":1,"name":"In\u00edcio","item":"https:\/\/cleitonpinheiro.com.br\/site\/"},{"@type":"ListItem","position":2,"name":"Alunos das ETIs Almirante Tamandar\u00e9 e An\u00edsio Teixeira participam do desfile da Independ\u00eancia"}]},{"@type":"WebSite","@id":"https:\/\/cleitonpinheiro.com.br\/site\/#website","url":"https:\/\/cleitonpinheiro.com.br\/site\/","name":"PORTAL DE NOT\u00cdCIAS CLEITON PINHEIRO","description":"FALANDO A VERDADE","publisher":{"@id":"https:\/\/cleitonpinheiro.com.br\/site\/#organization"},"potentialAction":[{"@type":"SearchAction","target":{"@type":"EntryPoint","urlTemplate":"https:\/\/cleitonpinheiro.com.br\/site\/?s={search_term_string}"},"query-input":{"@type":"PropertyValueSpecification","valueRequired":true,"valueName":"search_term_string"}}],"inLanguage":"pt-BR"},{"@type":"Organization","@id":"https:\/\/cleitonpinheiro.com.br\/site\/#organization","name":"CPNOT\u00cdCIAS","url":"https:\/\/cleitonpinheiro.com.br\/site\/","logo":{"@type":"ImageObject","inLanguage":"pt-BR","@id":"https:\/\/cleitonpinheiro.com.br\/site\/#\/schema\/logo\/image\/","url":"https:\/\/cleitonpinheiro.com.br\/site\/wp-content\/uploads\/2022\/08\/Logo-pequena-2.png","contentUrl":"https:\/\/cleitonpinheiro.com.br\/site\/wp-content\/uploads\/2022\/08\/Logo-pequena-2.png","width":500,"height":500,"caption":"CPNOT\u00cdCIAS"},"image":{"@id":"https:\/\/cleitonpinheiro.com.br\/site\/#\/schema\/logo\/image\/"},"sameAs":["https:\/\/www.facebook.com\/portalcpnoticias\/"]},{"@type":"Person","@id":"https:\/\/cleitonpinheiro.com.br\/site\/#\/schema\/person\/8f04544e0bc40a1b68775b08360f87db","name":"Reda\u00e7\u00e3o CP","image":{"@type":"ImageObject","inLanguage":"pt-BR","@id":"https:\/\/cleitonpinheiro.com.br\/site\/#\/schema\/person\/image\/","url":"https:\/\/secure.gravatar.com\/avatar\/0bcf19cb29fdc8fc588c490c7ae1b3e174dac268586a63fbe1d1893a0f9020cd?s=96&r=g","contentUrl":"https:\/\/secure.gravatar.com\/avatar\/0bcf19cb29fdc8fc588c490c7ae1b3e174dac268586a63fbe1d1893a0f9020cd?s=96&r=g","caption":"Reda\u00e7\u00e3o CP"},"url":"https:\/\/cleitonpinheiro.com.br\/site\/author\/redacao\/"}]}},"views":133,"_links":{"self":[{"href":"https:\/\/cleitonpinheiro.com.br\/site\/wp-json\/wp\/v2\/posts\/74030","targetHints":{"allow":["GET"]}}],"collection":[{"href":"https:\/\/cleitonpinheiro.com.br\/site\/wp-json\/wp\/v2\/posts"}],"about":[{"href":"https:\/\/cleitonpinheiro.com.br\/site\/wp-json\/wp\/v2\/types\/post"}],"author":[{"embeddable":true,"href":"https:\/\/cleitonpinheiro.com.br\/site\/wp-json\/wp\/v2\/users\/13"}],"replies":[{"embeddable":true,"href":"https:\/\/cleitonpinheiro.com.br\/site\/wp-json\/wp\/v2\/comments?post=74030"}],"version-history":[{"count":1,"href":"https:\/\/cleitonpinheiro.com.br\/site\/wp-json\/wp\/v2\/posts\/74030\/revisions"}],"predecessor-version":[{"id":74032,"href":"https:\/\/cleitonpinheiro.com.br\/site\/wp-json\/wp\/v2\/posts\/74030\/revisions\/74032"}],"wp:attachment":[{"href":"https:\/\/cleitonpinheiro.com.br\/site\/wp-json\/wp\/v2\/media?parent=74030"}],"wp:term":[{"taxonomy":"category","embeddable":true,"href":"https:\/\/cleitonpinheiro.com.br\/site\/wp-json\/wp\/v2\/categories?post=74030"},{"taxonomy":"post_tag","embeddable":true,"href":"https:\/\/cleitonpinheiro.com.br\/site\/wp-json\/wp\/v2\/tags?post=74030"}],"curies":[{"name":"wp","href":"https:\/\/api.w.org\/{rel}","templated":true}]}}