{"id":74038,"date":"2023-09-07T15:20:47","date_gmt":"2023-09-07T18:20:47","guid":{"rendered":"https:\/\/cleitonpinheiro.com.br\/site\/?p=74038"},"modified":"2023-09-07T15:20:51","modified_gmt":"2023-09-07T18:20:51","slug":"confira-o-que-abre-e-fecha-durante-feriadao-desta-semana-em-palmas","status":"publish","type":"post","link":"https:\/\/cleitonpinheiro.com.br\/site\/confira-o-que-abre-e-fecha-durante-feriadao-desta-semana-em-palmas\/","title":{"rendered":"Confira o que abre e fecha durante feriad\u00e3o desta semana em Palmas"},"content":{"rendered":"\n<figure class=\"wp-block-image size-full\"><img decoding=\"async\" src=\"https:\/\/cleitonpinheiro.com.br\/site\/wp-content\/uploads\/2023\/09\/9fdd0078-d1e3-445b-9f54-ec47a481cb4a.jpg\" alt=\"\" class=\"wp-image-74039\"\/><figcaption class=\"wp-element-caption\">Feriados alteram hor\u00e1rios e ritmo de vida dos palmenses &#8211; Foto: Regiane Rocha\/Prefeitura de Palmas<\/figcaption><\/figure>\n\n\n\n<p class=\"wp-block-paragraph\">Com o feriad\u00e3o se aproximando, \u00f3rg\u00e3os da administra\u00e7\u00e3o p\u00fablica municipal n\u00e3o abrir\u00e3o, ou ter\u00e3o hor\u00e1rio diferenciado de funcionamento. Abaixo, voc\u00ea confere como fica esse funcionamento, hor\u00e1rios e mais informa\u00e7\u00f5es a respeito.&nbsp;<\/p>\n\n\n\n<p class=\"wp-block-paragraph\">Lembrando que tanto o dia 7, como o dia 8 s\u00e3o feriados institu\u00eddos por lei. Dia 7 de setembro \u00e9 o Dia da Independ\u00eancia do Brasil, portanto feriado nacional, e dia 8 de setembro \u00e9 Dia de Nossa Senhora da Natividade, padroeira do Tocantins (feriado estadual).&nbsp;<\/p>\n\n\n\n<p class=\"wp-block-paragraph\">A exce\u00e7\u00e3o s\u00e3o os \u00f3rg\u00e3os que atuam em sistema de plant\u00e3o emergencial como a seguran\u00e7a p\u00fablica (Guarda Metropolitana de Palmas e ATTM) e servi\u00e7os de limpeza e manuten\u00e7\u00e3o urbana.&nbsp;<br>Sa\u00fade<\/p>\n\n\n\n<p class=\"wp-block-paragraph\">A Secretaria Municipal da Sa\u00fade (Semus) informa que durante os feriados haver\u00e1 atendimento exclusivo para casos de urg\u00eancia e emerg\u00eancia nas Unidades de Pronto Atendimento (UPAs) das regi\u00f5es Norte e Sul, no Servi\u00e7o de Atendimento M\u00f3vel de Urg\u00eancia (Samu) &#8211; pelo telefone 192 &#8211; e no Centro de Aten\u00e7\u00e3o Psicossocial \u00c1lcool e Drogas (Caps AD III) apenas para pacientes j\u00e1 acolhidos.<\/p>\n\n\n\n<p class=\"wp-block-paragraph\">A Unidade de Sa\u00fade da Fam\u00edlia (USF) Eug\u00eanio Pinheiro, situada no Jardim Aureny I, ter\u00e1 atendimento regular para queixas leves durante a sexta-feira, 8, das 7 \u00e0s 19 horas. As demais atividades na aten\u00e7\u00e3o prim\u00e1ria ser\u00e3o retomadas na segunda-feira, 11 de setembro, incluindo atendimentos gerais e vacina\u00e7\u00e3o em todas as Unidades de Sa\u00fade da Fam\u00edlia (USFs). O mesmo se aplica \u00e0 sede administrativa da Semus, localizada na Avenida Teot\u00f4nio Segurado, e aos demais servi\u00e7os da pasta.<\/p>\n\n\n\n<p class=\"wp-block-paragraph\"><strong>Transporte coletivo<\/strong><\/p>\n\n\n\n<p class=\"wp-block-paragraph\">De acordo com a Ag\u00eancia de Transporte Coletivo de Palmas (ATCP), durante os dias 7 e 8 de setembro, feriado nacional e estadual, e nos dias 9 e 10 (s\u00e1bado e domingo), as catracas do transporte p\u00fablico estar\u00e3o livres com entrada pelas portas traseiras dos \u00f4nibus.&nbsp;<\/p>\n\n\n\n<p class=\"wp-block-paragraph\">A Superintend\u00eancia de Bilhetagem Eletr\u00f4nica (Sube) da ATCP n\u00e3o funcionar\u00e1 nos feriados, retomando os trabalhos na segunda-feira, 11. J\u00e1 os servi\u00e7os de bilhetagem &#8211; recarga de cr\u00e9ditos dos cart\u00f5es &#8211; ser\u00e3o oferecidos em dois pontos: na esta\u00e7\u00e3o Apinaj\u00e9, regi\u00e3o Central, e na esta\u00e7\u00e3o Java\u00e9, em Taquaralto, de quinta a s\u00e1bado, das 7 \u00e0s 18 horas; domingo, das 7 \u00e0s 13 horas.&nbsp;<\/p>\n\n\n\n<p class=\"wp-block-paragraph\">Os hor\u00e1rios e escalas de quinta a domingo ser\u00e3o os mesmos operados no s\u00e1bado.<\/p>\n\n\n\n<p class=\"wp-block-paragraph\">Para ter acesso ao itiner\u00e1rio e rotas do \u2018Meu Bus\u00e3o\u2019, os passageiros podem utilizar o aplicativo Cittamobi. Para fazer uso da ferramenta \u00e9 bem simples, basta acessar a loja de aplicativos do seu&nbsp;<em>smartphone<\/em>&nbsp;e realizar o&nbsp;<em>download<\/em>. Ap\u00f3s o cadastro, que requer informa\u00e7\u00f5es b\u00e1sicas e pessoais, os usu\u00e1rios ter\u00e3o acesso \u00e0s informa\u00e7\u00f5es sobre o mapa do itiner\u00e1rio da linha e a fun\u00e7\u00e3o de alarme para avisar quando o \u00f4nibus estiver no ponto de destino.<\/p>\n\n\n\n<p class=\"wp-block-paragraph\"><strong>Social<\/strong><\/p>\n\n\n\n<p class=\"wp-block-paragraph\">Os servi\u00e7os de interesse p\u00fablico da Secretaria Municipal de Desenvolvimento Social (Sedes) funcionar\u00e3o em regime de plant\u00e3o, como os Conselhos Tutelares (atendimento 24 horas) e servi\u00e7o de Plant\u00e3o Social (regime das 7 da manh\u00e3 \u00e0s 19 horas).<\/p>\n\n\n\n<p class=\"wp-block-paragraph\"><strong>Telefones \u00fateis Sedes<\/strong><\/p>\n\n\n\n<p class=\"wp-block-paragraph\">Servi\u00e7o Plant\u00e3o Social &#8211; (63) 99237-5282<br>Conselho Tutelar Norte &#8211; (63) 99210-5134<br>Conselho Tutelar regi\u00e3o Central &#8211; (63) 99210-4982<br>Conselho Tutelar regi\u00e3o Sul I &#8211; (63) 99210-5185<br>Conselho Tutelar regi\u00e3o Sul II &#8211; (63) 99210-5111<\/p>\n\n\n\n<p class=\"wp-block-paragraph\"><strong>Restaurantes populares<\/strong><\/p>\n\n\n\n<p class=\"wp-block-paragraph\">Por conta do feriad\u00e3o prolongado, os restaurantes cadastrados para fornecer as refei\u00e7\u00f5es do programa restaurante popular n\u00e3o funcionar\u00e3o, retomando as atividades a partir da segunda-feira, 11.&nbsp;<\/p>\n","protected":false},"excerpt":{"rendered":"<p>Com o feriad\u00e3o se aproximando, \u00f3rg\u00e3os da administra\u00e7\u00e3o p\u00fablica municipal n\u00e3o abrir\u00e3o, ou ter\u00e3o hor\u00e1rio diferenciado de funcionamento. Abaixo, voc\u00ea confere como fica esse funcionamento, hor\u00e1rios e mais informa\u00e7\u00f5es a respeito.&nbsp; Lembrando que tanto o dia 7, como o dia 8 s\u00e3o feriados institu\u00eddos por lei. Dia 7 de setembro \u00e9 o Dia da Independ\u00eancia [&hellip;]<\/p>\n","protected":false},"author":13,"featured_media":0,"comment_status":"open","ping_status":"open","sticky":false,"template":"","format":"standard","meta":{"_acf_changed":false,"footnotes":""},"categories":[22,898],"tags":[720],"class_list":["post-74038","post","type-post","status-publish","format-standard","hentry","category-cidades","category-manchete-segundaria","tag-prefeitura-de-palmas"],"acf":[],"yoast_head":"<!-- This site is optimized with the Yoast SEO plugin v24.4 - https:\/\/yoast.com\/wordpress\/plugins\/seo\/ -->\n<title>Confira o que abre e fecha durante feriad\u00e3o desta semana em Palmas - PORTAL DE NOT\u00cdCIAS CLEITON PINHEIRO<\/title>\n<meta name=\"robots\" content=\"index, follow, max-snippet:-1, max-image-preview:large, max-video-preview:-1\" \/>\n<link rel=\"canonical\" href=\"https:\/\/cleitonpinheiro.com.br\/site\/confira-o-que-abre-e-fecha-durante-feriadao-desta-semana-em-palmas\/\" \/>\n<meta property=\"og:locale\" content=\"pt_BR\" \/>\n<meta property=\"og:type\" content=\"article\" \/>\n<meta property=\"og:title\" content=\"Confira o que abre e fecha durante feriad\u00e3o desta semana em Palmas - PORTAL DE NOT\u00cdCIAS CLEITON PINHEIRO\" \/>\n<meta property=\"og:description\" content=\"Com o feriad\u00e3o se aproximando, \u00f3rg\u00e3os da administra\u00e7\u00e3o p\u00fablica municipal n\u00e3o abrir\u00e3o, ou ter\u00e3o hor\u00e1rio diferenciado de funcionamento. Abaixo, voc\u00ea confere como fica esse funcionamento, hor\u00e1rios e mais informa\u00e7\u00f5es a respeito.&nbsp; Lembrando que tanto o dia 7, como o dia 8 s\u00e3o feriados institu\u00eddos por lei. Dia 7 de setembro \u00e9 o Dia da Independ\u00eancia [&hellip;]\" \/>\n<meta property=\"og:url\" content=\"https:\/\/cleitonpinheiro.com.br\/site\/confira-o-que-abre-e-fecha-durante-feriadao-desta-semana-em-palmas\/\" \/>\n<meta property=\"og:site_name\" content=\"PORTAL DE NOT\u00cdCIAS CLEITON PINHEIRO\" \/>\n<meta property=\"article:publisher\" content=\"https:\/\/www.facebook.com\/portalcpnoticias\/\" \/>\n<meta property=\"article:published_time\" content=\"2023-09-07T18:20:47+00:00\" \/>\n<meta property=\"article:modified_time\" content=\"2023-09-07T18:20:51+00:00\" \/>\n<meta property=\"og:image\" content=\"https:\/\/cleitonpinheiro.com.br\/site\/wp-content\/uploads\/2023\/09\/9fdd0078-d1e3-445b-9f54-ec47a481cb4a.jpg\" \/>\n\t<meta property=\"og:image:width\" content=\"800\" \/>\n\t<meta property=\"og:image:height\" content=\"533\" \/>\n\t<meta property=\"og:image:type\" content=\"image\/jpeg\" \/>\n<meta name=\"author\" content=\"Reda\u00e7\u00e3o CP\" \/>\n<meta name=\"twitter:card\" content=\"summary_large_image\" \/>\n<meta name=\"twitter:label1\" content=\"Escrito por\" \/>\n\t<meta name=\"twitter:data1\" content=\"Reda\u00e7\u00e3o CP\" \/>\n\t<meta name=\"twitter:label2\" content=\"Est. tempo de leitura\" \/>\n\t<meta name=\"twitter:data2\" content=\"4 minutos\" \/>\n<script type=\"application\/ld+json\" class=\"yoast-schema-graph\">{\"@context\":\"https:\/\/schema.org\",\"@graph\":[{\"@type\":\"Article\",\"@id\":\"https:\/\/cleitonpinheiro.com.br\/site\/confira-o-que-abre-e-fecha-durante-feriadao-desta-semana-em-palmas\/#article\",\"isPartOf\":{\"@id\":\"https:\/\/cleitonpinheiro.com.br\/site\/confira-o-que-abre-e-fecha-durante-feriadao-desta-semana-em-palmas\/\"},\"author\":{\"name\":\"Reda\u00e7\u00e3o CP\",\"@id\":\"https:\/\/cleitonpinheiro.com.br\/site\/#\/schema\/person\/8f04544e0bc40a1b68775b08360f87db\"},\"headline\":\"Confira o que abre e fecha durante feriad\u00e3o desta semana em Palmas\",\"datePublished\":\"2023-09-07T18:20:47+00:00\",\"dateModified\":\"2023-09-07T18:20:51+00:00\",\"mainEntityOfPage\":{\"@id\":\"https:\/\/cleitonpinheiro.com.br\/site\/confira-o-que-abre-e-fecha-durante-feriadao-desta-semana-em-palmas\/\"},\"wordCount\":638,\"commentCount\":0,\"publisher\":{\"@id\":\"https:\/\/cleitonpinheiro.com.br\/site\/#organization\"},\"image\":{\"@id\":\"https:\/\/cleitonpinheiro.com.br\/site\/confira-o-que-abre-e-fecha-durante-feriadao-desta-semana-em-palmas\/#primaryimage\"},\"thumbnailUrl\":\"https:\/\/cleitonpinheiro.com.br\/site\/wp-content\/uploads\/2023\/09\/9fdd0078-d1e3-445b-9f54-ec47a481cb4a.jpg\",\"keywords\":[\"Prefeitura de Palmas\"],\"articleSection\":[\"CIDADES\",\"MANCHETE SEGUND\u00c1RIA\"],\"inLanguage\":\"pt-BR\",\"potentialAction\":[{\"@type\":\"CommentAction\",\"name\":\"Comment\",\"target\":[\"https:\/\/cleitonpinheiro.com.br\/site\/confira-o-que-abre-e-fecha-durante-feriadao-desta-semana-em-palmas\/#respond\"]}]},{\"@type\":\"WebPage\",\"@id\":\"https:\/\/cleitonpinheiro.com.br\/site\/confira-o-que-abre-e-fecha-durante-feriadao-desta-semana-em-palmas\/\",\"url\":\"https:\/\/cleitonpinheiro.com.br\/site\/confira-o-que-abre-e-fecha-durante-feriadao-desta-semana-em-palmas\/\",\"name\":\"Confira o que abre e fecha durante feriad\u00e3o desta semana em Palmas - PORTAL DE NOT\u00cdCIAS CLEITON PINHEIRO\",\"isPartOf\":{\"@id\":\"https:\/\/cleitonpinheiro.com.br\/site\/#website\"},\"primaryImageOfPage\":{\"@id\":\"https:\/\/cleitonpinheiro.com.br\/site\/confira-o-que-abre-e-fecha-durante-feriadao-desta-semana-em-palmas\/#primaryimage\"},\"image\":{\"@id\":\"https:\/\/cleitonpinheiro.com.br\/site\/confira-o-que-abre-e-fecha-durante-feriadao-desta-semana-em-palmas\/#primaryimage\"},\"thumbnailUrl\":\"https:\/\/cleitonpinheiro.com.br\/site\/wp-content\/uploads\/2023\/09\/9fdd0078-d1e3-445b-9f54-ec47a481cb4a.jpg\",\"datePublished\":\"2023-09-07T18:20:47+00:00\",\"dateModified\":\"2023-09-07T18:20:51+00:00\",\"breadcrumb\":{\"@id\":\"https:\/\/cleitonpinheiro.com.br\/site\/confira-o-que-abre-e-fecha-durante-feriadao-desta-semana-em-palmas\/#breadcrumb\"},\"inLanguage\":\"pt-BR\",\"potentialAction\":[{\"@type\":\"ReadAction\",\"target\":[\"https:\/\/cleitonpinheiro.com.br\/site\/confira-o-que-abre-e-fecha-durante-feriadao-desta-semana-em-palmas\/\"]}]},{\"@type\":\"ImageObject\",\"inLanguage\":\"pt-BR\",\"@id\":\"https:\/\/cleitonpinheiro.com.br\/site\/confira-o-que-abre-e-fecha-durante-feriadao-desta-semana-em-palmas\/#primaryimage\",\"url\":\"\",\"contentUrl\":\"\"},{\"@type\":\"BreadcrumbList\",\"@id\":\"https:\/\/cleitonpinheiro.com.br\/site\/confira-o-que-abre-e-fecha-durante-feriadao-desta-semana-em-palmas\/#breadcrumb\",\"itemListElement\":[{\"@type\":\"ListItem\",\"position\":1,\"name\":\"In\u00edcio\",\"item\":\"https:\/\/cleitonpinheiro.com.br\/site\/\"},{\"@type\":\"ListItem\",\"position\":2,\"name\":\"Confira o que abre e fecha durante feriad\u00e3o desta semana em Palmas\"}]},{\"@type\":\"WebSite\",\"@id\":\"https:\/\/cleitonpinheiro.com.br\/site\/#website\",\"url\":\"https:\/\/cleitonpinheiro.com.br\/site\/\",\"name\":\"PORTAL DE NOT\u00cdCIAS CLEITON PINHEIRO\",\"description\":\"FALANDO A VERDADE\",\"publisher\":{\"@id\":\"https:\/\/cleitonpinheiro.com.br\/site\/#organization\"},\"potentialAction\":[{\"@type\":\"SearchAction\",\"target\":{\"@type\":\"EntryPoint\",\"urlTemplate\":\"https:\/\/cleitonpinheiro.com.br\/site\/?s={search_term_string}\"},\"query-input\":{\"@type\":\"PropertyValueSpecification\",\"valueRequired\":true,\"valueName\":\"search_term_string\"}}],\"inLanguage\":\"pt-BR\"},{\"@type\":\"Organization\",\"@id\":\"https:\/\/cleitonpinheiro.com.br\/site\/#organization\",\"name\":\"CPNOT\u00cdCIAS\",\"url\":\"https:\/\/cleitonpinheiro.com.br\/site\/\",\"logo\":{\"@type\":\"ImageObject\",\"inLanguage\":\"pt-BR\",\"@id\":\"https:\/\/cleitonpinheiro.com.br\/site\/#\/schema\/logo\/image\/\",\"url\":\"https:\/\/cleitonpinheiro.com.br\/site\/wp-content\/uploads\/2022\/08\/Logo-pequena-2.png\",\"contentUrl\":\"https:\/\/cleitonpinheiro.com.br\/site\/wp-content\/uploads\/2022\/08\/Logo-pequena-2.png\",\"width\":500,\"height\":500,\"caption\":\"CPNOT\u00cdCIAS\"},\"image\":{\"@id\":\"https:\/\/cleitonpinheiro.com.br\/site\/#\/schema\/logo\/image\/\"},\"sameAs\":[\"https:\/\/www.facebook.com\/portalcpnoticias\/\"]},{\"@type\":\"Person\",\"@id\":\"https:\/\/cleitonpinheiro.com.br\/site\/#\/schema\/person\/8f04544e0bc40a1b68775b08360f87db\",\"name\":\"Reda\u00e7\u00e3o CP\",\"image\":{\"@type\":\"ImageObject\",\"inLanguage\":\"pt-BR\",\"@id\":\"https:\/\/cleitonpinheiro.com.br\/site\/#\/schema\/person\/image\/\",\"url\":\"https:\/\/secure.gravatar.com\/avatar\/0bcf19cb29fdc8fc588c490c7ae1b3e174dac268586a63fbe1d1893a0f9020cd?s=96&r=g\",\"contentUrl\":\"https:\/\/secure.gravatar.com\/avatar\/0bcf19cb29fdc8fc588c490c7ae1b3e174dac268586a63fbe1d1893a0f9020cd?s=96&r=g\",\"caption\":\"Reda\u00e7\u00e3o CP\"},\"url\":\"https:\/\/cleitonpinheiro.com.br\/site\/author\/redacao\/\"}]}<\/script>\n<!-- \/ Yoast SEO plugin. -->","yoast_head_json":{"title":"Confira o que abre e fecha durante feriad\u00e3o desta semana em Palmas - PORTAL DE NOT\u00cdCIAS CLEITON PINHEIRO","robots":{"index":"index","follow":"follow","max-snippet":"max-snippet:-1","max-image-preview":"max-image-preview:large","max-video-preview":"max-video-preview:-1"},"canonical":"https:\/\/cleitonpinheiro.com.br\/site\/confira-o-que-abre-e-fecha-durante-feriadao-desta-semana-em-palmas\/","og_locale":"pt_BR","og_type":"article","og_title":"Confira o que abre e fecha durante feriad\u00e3o desta semana em Palmas - PORTAL DE NOT\u00cdCIAS CLEITON PINHEIRO","og_description":"Com o feriad\u00e3o se aproximando, \u00f3rg\u00e3os da administra\u00e7\u00e3o p\u00fablica municipal n\u00e3o abrir\u00e3o, ou ter\u00e3o hor\u00e1rio diferenciado de funcionamento. Abaixo, voc\u00ea confere como fica esse funcionamento, hor\u00e1rios e mais informa\u00e7\u00f5es a respeito.&nbsp; Lembrando que tanto o dia 7, como o dia 8 s\u00e3o feriados institu\u00eddos por lei. Dia 7 de setembro \u00e9 o Dia da Independ\u00eancia [&hellip;]","og_url":"https:\/\/cleitonpinheiro.com.br\/site\/confira-o-que-abre-e-fecha-durante-feriadao-desta-semana-em-palmas\/","og_site_name":"PORTAL DE NOT\u00cdCIAS CLEITON PINHEIRO","article_publisher":"https:\/\/www.facebook.com\/portalcpnoticias\/","article_published_time":"2023-09-07T18:20:47+00:00","article_modified_time":"2023-09-07T18:20:51+00:00","og_image":[{"width":800,"height":533,"url":"https:\/\/cleitonpinheiro.com.br\/site\/wp-content\/uploads\/2023\/09\/9fdd0078-d1e3-445b-9f54-ec47a481cb4a.jpg","type":"image\/jpeg"}],"author":"Reda\u00e7\u00e3o CP","twitter_card":"summary_large_image","twitter_misc":{"Escrito por":"Reda\u00e7\u00e3o CP","Est. tempo de leitura":"4 minutos"},"schema":{"@context":"https:\/\/schema.org","@graph":[{"@type":"Article","@id":"https:\/\/cleitonpinheiro.com.br\/site\/confira-o-que-abre-e-fecha-durante-feriadao-desta-semana-em-palmas\/#article","isPartOf":{"@id":"https:\/\/cleitonpinheiro.com.br\/site\/confira-o-que-abre-e-fecha-durante-feriadao-desta-semana-em-palmas\/"},"author":{"name":"Reda\u00e7\u00e3o CP","@id":"https:\/\/cleitonpinheiro.com.br\/site\/#\/schema\/person\/8f04544e0bc40a1b68775b08360f87db"},"headline":"Confira o que abre e fecha durante feriad\u00e3o desta semana em Palmas","datePublished":"2023-09-07T18:20:47+00:00","dateModified":"2023-09-07T18:20:51+00:00","mainEntityOfPage":{"@id":"https:\/\/cleitonpinheiro.com.br\/site\/confira-o-que-abre-e-fecha-durante-feriadao-desta-semana-em-palmas\/"},"wordCount":638,"commentCount":0,"publisher":{"@id":"https:\/\/cleitonpinheiro.com.br\/site\/#organization"},"image":{"@id":"https:\/\/cleitonpinheiro.com.br\/site\/confira-o-que-abre-e-fecha-durante-feriadao-desta-semana-em-palmas\/#primaryimage"},"thumbnailUrl":"https:\/\/cleitonpinheiro.com.br\/site\/wp-content\/uploads\/2023\/09\/9fdd0078-d1e3-445b-9f54-ec47a481cb4a.jpg","keywords":["Prefeitura de Palmas"],"articleSection":["CIDADES","MANCHETE SEGUND\u00c1RIA"],"inLanguage":"pt-BR","potentialAction":[{"@type":"CommentAction","name":"Comment","target":["https:\/\/cleitonpinheiro.com.br\/site\/confira-o-que-abre-e-fecha-durante-feriadao-desta-semana-em-palmas\/#respond"]}]},{"@type":"WebPage","@id":"https:\/\/cleitonpinheiro.com.br\/site\/confira-o-que-abre-e-fecha-durante-feriadao-desta-semana-em-palmas\/","url":"https:\/\/cleitonpinheiro.com.br\/site\/confira-o-que-abre-e-fecha-durante-feriadao-desta-semana-em-palmas\/","name":"Confira o que abre e fecha durante feriad\u00e3o desta semana em Palmas - PORTAL DE NOT\u00cdCIAS CLEITON PINHEIRO","isPartOf":{"@id":"https:\/\/cleitonpinheiro.com.br\/site\/#website"},"primaryImageOfPage":{"@id":"https:\/\/cleitonpinheiro.com.br\/site\/confira-o-que-abre-e-fecha-durante-feriadao-desta-semana-em-palmas\/#primaryimage"},"image":{"@id":"https:\/\/cleitonpinheiro.com.br\/site\/confira-o-que-abre-e-fecha-durante-feriadao-desta-semana-em-palmas\/#primaryimage"},"thumbnailUrl":"https:\/\/cleitonpinheiro.com.br\/site\/wp-content\/uploads\/2023\/09\/9fdd0078-d1e3-445b-9f54-ec47a481cb4a.jpg","datePublished":"2023-09-07T18:20:47+00:00","dateModified":"2023-09-07T18:20:51+00:00","breadcrumb":{"@id":"https:\/\/cleitonpinheiro.com.br\/site\/confira-o-que-abre-e-fecha-durante-feriadao-desta-semana-em-palmas\/#breadcrumb"},"inLanguage":"pt-BR","potentialAction":[{"@type":"ReadAction","target":["https:\/\/cleitonpinheiro.com.br\/site\/confira-o-que-abre-e-fecha-durante-feriadao-desta-semana-em-palmas\/"]}]},{"@type":"ImageObject","inLanguage":"pt-BR","@id":"https:\/\/cleitonpinheiro.com.br\/site\/confira-o-que-abre-e-fecha-durante-feriadao-desta-semana-em-palmas\/#primaryimage","url":"","contentUrl":""},{"@type":"BreadcrumbList","@id":"https:\/\/cleitonpinheiro.com.br\/site\/confira-o-que-abre-e-fecha-durante-feriadao-desta-semana-em-palmas\/#breadcrumb","itemListElement":[{"@type":"ListItem","position":1,"name":"In\u00edcio","item":"https:\/\/cleitonpinheiro.com.br\/site\/"},{"@type":"ListItem","position":2,"name":"Confira o que abre e fecha durante feriad\u00e3o desta semana em Palmas"}]},{"@type":"WebSite","@id":"https:\/\/cleitonpinheiro.com.br\/site\/#website","url":"https:\/\/cleitonpinheiro.com.br\/site\/","name":"PORTAL DE NOT\u00cdCIAS CLEITON PINHEIRO","description":"FALANDO A VERDADE","publisher":{"@id":"https:\/\/cleitonpinheiro.com.br\/site\/#organization"},"potentialAction":[{"@type":"SearchAction","target":{"@type":"EntryPoint","urlTemplate":"https:\/\/cleitonpinheiro.com.br\/site\/?s={search_term_string}"},"query-input":{"@type":"PropertyValueSpecification","valueRequired":true,"valueName":"search_term_string"}}],"inLanguage":"pt-BR"},{"@type":"Organization","@id":"https:\/\/cleitonpinheiro.com.br\/site\/#organization","name":"CPNOT\u00cdCIAS","url":"https:\/\/cleitonpinheiro.com.br\/site\/","logo":{"@type":"ImageObject","inLanguage":"pt-BR","@id":"https:\/\/cleitonpinheiro.com.br\/site\/#\/schema\/logo\/image\/","url":"https:\/\/cleitonpinheiro.com.br\/site\/wp-content\/uploads\/2022\/08\/Logo-pequena-2.png","contentUrl":"https:\/\/cleitonpinheiro.com.br\/site\/wp-content\/uploads\/2022\/08\/Logo-pequena-2.png","width":500,"height":500,"caption":"CPNOT\u00cdCIAS"},"image":{"@id":"https:\/\/cleitonpinheiro.com.br\/site\/#\/schema\/logo\/image\/"},"sameAs":["https:\/\/www.facebook.com\/portalcpnoticias\/"]},{"@type":"Person","@id":"https:\/\/cleitonpinheiro.com.br\/site\/#\/schema\/person\/8f04544e0bc40a1b68775b08360f87db","name":"Reda\u00e7\u00e3o CP","image":{"@type":"ImageObject","inLanguage":"pt-BR","@id":"https:\/\/cleitonpinheiro.com.br\/site\/#\/schema\/person\/image\/","url":"https:\/\/secure.gravatar.com\/avatar\/0bcf19cb29fdc8fc588c490c7ae1b3e174dac268586a63fbe1d1893a0f9020cd?s=96&r=g","contentUrl":"https:\/\/secure.gravatar.com\/avatar\/0bcf19cb29fdc8fc588c490c7ae1b3e174dac268586a63fbe1d1893a0f9020cd?s=96&r=g","caption":"Reda\u00e7\u00e3o CP"},"url":"https:\/\/cleitonpinheiro.com.br\/site\/author\/redacao\/"}]}},"views":152,"_links":{"self":[{"href":"https:\/\/cleitonpinheiro.com.br\/site\/wp-json\/wp\/v2\/posts\/74038","targetHints":{"allow":["GET"]}}],"collection":[{"href":"https:\/\/cleitonpinheiro.com.br\/site\/wp-json\/wp\/v2\/posts"}],"about":[{"href":"https:\/\/cleitonpinheiro.com.br\/site\/wp-json\/wp\/v2\/types\/post"}],"author":[{"embeddable":true,"href":"https:\/\/cleitonpinheiro.com.br\/site\/wp-json\/wp\/v2\/users\/13"}],"replies":[{"embeddable":true,"href":"https:\/\/cleitonpinheiro.com.br\/site\/wp-json\/wp\/v2\/comments?post=74038"}],"version-history":[{"count":1,"href":"https:\/\/cleitonpinheiro.com.br\/site\/wp-json\/wp\/v2\/posts\/74038\/revisions"}],"predecessor-version":[{"id":74040,"href":"https:\/\/cleitonpinheiro.com.br\/site\/wp-json\/wp\/v2\/posts\/74038\/revisions\/74040"}],"wp:attachment":[{"href":"https:\/\/cleitonpinheiro.com.br\/site\/wp-json\/wp\/v2\/media?parent=74038"}],"wp:term":[{"taxonomy":"category","embeddable":true,"href":"https:\/\/cleitonpinheiro.com.br\/site\/wp-json\/wp\/v2\/categories?post=74038"},{"taxonomy":"post_tag","embeddable":true,"href":"https:\/\/cleitonpinheiro.com.br\/site\/wp-json\/wp\/v2\/tags?post=74038"}],"curies":[{"name":"wp","href":"https:\/\/api.w.org\/{rel}","templated":true}]}}