{"id":74041,"date":"2023-09-07T15:22:48","date_gmt":"2023-09-07T18:22:48","guid":{"rendered":"https:\/\/cleitonpinheiro.com.br\/site\/?p=74041"},"modified":"2023-09-11T16:46:17","modified_gmt":"2023-09-11T19:46:17","slug":"festival-gastronomico-de-taquarucu-detalha-pratos-e-programacao-em-hotsite","status":"publish","type":"post","link":"https:\/\/cleitonpinheiro.com.br\/site\/festival-gastronomico-de-taquarucu-detalha-pratos-e-programacao-em-hotsite\/","title":{"rendered":"Festival Gastron\u00f4mico de Taquaru\u00e7u detalha pratos e programa\u00e7\u00e3o em hotsite"},"content":{"rendered":"\n<figure class=\"wp-block-image size-full\"><img decoding=\"async\" src=\"https:\/\/cleitonpinheiro.com.br\/site\/wp-content\/uploads\/2023\/09\/e15cf1e5978e48378fe7b7b7f7b3fc27.jpg\" alt=\"\" class=\"wp-image-74042\"\/><\/figure>\n\n\n\n<p class=\"wp-block-paragraph\">O aguardado Festival Gastron\u00f4mico de Taquaru\u00e7u, que est\u00e1 em&nbsp;sua 17\u00aa edi\u00e7\u00e3o, promete&nbsp;uma experi\u00eancia gastron\u00f4mica \u00fanica. E&nbsp;para agu\u00e7ar ainda mais a vontade de conhecer e provar todas essas del\u00edcias, a&nbsp;Ag\u00eancia Municipal de Turismo (AGTUR), em parceria com Secretaria de Comunica\u00e7\u00e3o (Secom), criou um hotsite dedicado ao evento:&nbsp;<a href=\"https:\/\/fgt2023.com.br\/\" target=\"_blank\" rel=\"noreferrer noopener\">FGT 2023<\/a>. O site oferece aos visitantes uma maneira conveniente e informativa de explorar todas as atra\u00e7\u00f5es e del\u00edcias que o festival tem a oferecer.<\/p>\n\n\n\n<p class=\"wp-block-paragraph\">No&nbsp;<a href=\"https:\/\/fgt2023.com.br\/\" target=\"_blank\" rel=\"noreferrer noopener\">hotsite<\/a>&nbsp;oficial do evento, os visitantes podem encontrar informa\u00e7\u00f5es essenciais para aproveitarem ao m\u00e1ximo o festival. Ao acessar o portal ser\u00e1 poss\u00edvel descobrir os pratos e iguarias que ser\u00e3o servidos por chefs renomados e restaurantes locais, tais como:<\/p>\n\n\n\n<p class=\"wp-block-paragraph\"><strong>Conhe\u00e7a os Pratos<\/strong><\/p>\n\n\n\n<p class=\"wp-block-paragraph\">Uma das estrelas do festival \u00e9 a rica e diversificada gastronomia tocantinense, com&nbsp;41 pratos criados exclusivamente para esta edi\u00e7\u00e3o. No&nbsp;hotsite, os visitantes poder\u00e3o explorar todos esses pratos que estar\u00e3o dispon\u00edveis durante o evento, com descri\u00e7\u00f5es detalhadas e imagens que despertam o apetite de qualquer pessoa.<\/p>\n\n\n\n<p class=\"wp-block-paragraph\"><strong>Consulte a programa\u00e7\u00e3o<\/strong><\/p>\n\n\n\n<p class=\"wp-block-paragraph\">Para n\u00e3o perder nenhum momento importante do festival, a programa\u00e7\u00e3o completa est\u00e1 dispon\u00edvel no hotsite. Desde as atra\u00e7\u00f5es musicais at\u00e9 as palestras e workshops, os visitantes poder\u00e3o planejar sua visita com anteced\u00eancia.<\/p>\n\n\n\n<p class=\"wp-block-paragraph\"><strong>Mapa do local<\/strong><\/p>\n\n\n\n<p class=\"wp-block-paragraph\">A localiza\u00e7\u00e3o do evento pode ser facilmente encontrada no mapa interativo dispon\u00edvel no hotsite. Isso torna a navega\u00e7\u00e3o e a busca pelos estandes e atividades desejadas muito mais simples.<\/p>\n\n\n\n<p class=\"wp-block-paragraph\"><strong>Not\u00edcias atualizadas<\/strong><\/p>\n\n\n\n<p class=\"wp-block-paragraph\">Fique por dentro de todas as novidades e acontecimentos relacionados ao festival. O hotsite oferece uma se\u00e7\u00e3o de not\u00edcias para manter os visitantes informados sobre os destaques do evento, entrevistas com chefs e muito mais.<\/p>\n\n\n\n<p class=\"wp-block-paragraph\"><strong>17\u00ba FGT<\/strong><\/p>\n\n\n\n<p class=\"wp-block-paragraph\">O festival ser\u00e1 realizado de 6 a 10 de setembro, em Taquaru\u00e7u, com participa\u00e7\u00e3o de 41 concorrentes. Dentre as novidades anunciadas pela Prefeitura de Palmas h\u00e1 a amplia\u00e7\u00e3o da categoria vegetariana para Sa\u00fade e Bem-estar, que estende as op\u00e7\u00f5es de prepara\u00e7\u00f5es para intolerantes a lactose e para o p\u00fablico, que busca por op\u00e7\u00f5es light e diet. Outra novidade desta edi\u00e7\u00e3o \u00e9 o aumento no valor das premia\u00e7\u00f5es, passando de R$ 72 mil para R$ 114 mil. Agora ser\u00e3o R$ 10 mil para os primeiros lugares, R$ 6 mil para os segundos lugares, e R$ 3 mil para os terceiros, em cada categoria.<\/p>\n","protected":false},"excerpt":{"rendered":"<p>O aguardado Festival Gastron\u00f4mico de Taquaru\u00e7u, que est\u00e1 em&nbsp;sua 17\u00aa edi\u00e7\u00e3o, promete&nbsp;uma experi\u00eancia gastron\u00f4mica \u00fanica. E&nbsp;para agu\u00e7ar ainda mais a vontade de conhecer e provar todas essas del\u00edcias, a&nbsp;Ag\u00eancia Municipal de Turismo (AGTUR), em parceria com Secretaria de Comunica\u00e7\u00e3o (Secom), criou um hotsite dedicado ao evento:&nbsp;FGT 2023. O site oferece aos visitantes uma maneira conveniente [&hellip;]<\/p>\n","protected":false},"author":13,"featured_media":0,"comment_status":"open","ping_status":"open","sticky":false,"template":"","format":"standard","meta":{"_acf_changed":false,"footnotes":""},"categories":[22,21],"tags":[1210,720],"class_list":["post-74041","post","type-post","status-publish","format-standard","hentry","category-cidades","category-todas-noticias","tag-17o-fgt","tag-prefeitura-de-palmas"],"acf":[],"yoast_head":"<!-- This site is optimized with the Yoast SEO plugin v24.4 - https:\/\/yoast.com\/wordpress\/plugins\/seo\/ -->\n<title>Festival Gastron\u00f4mico de Taquaru\u00e7u detalha pratos e programa\u00e7\u00e3o em hotsite - PORTAL DE NOT\u00cdCIAS CLEITON PINHEIRO<\/title>\n<meta name=\"robots\" content=\"index, follow, max-snippet:-1, max-image-preview:large, max-video-preview:-1\" \/>\n<link rel=\"canonical\" href=\"https:\/\/cleitonpinheiro.com.br\/site\/festival-gastronomico-de-taquarucu-detalha-pratos-e-programacao-em-hotsite\/\" \/>\n<meta property=\"og:locale\" content=\"pt_BR\" \/>\n<meta property=\"og:type\" content=\"article\" \/>\n<meta property=\"og:title\" content=\"Festival Gastron\u00f4mico de Taquaru\u00e7u detalha pratos e programa\u00e7\u00e3o em hotsite - PORTAL DE NOT\u00cdCIAS CLEITON PINHEIRO\" \/>\n<meta property=\"og:description\" content=\"O aguardado Festival Gastron\u00f4mico de Taquaru\u00e7u, que est\u00e1 em&nbsp;sua 17\u00aa edi\u00e7\u00e3o, promete&nbsp;uma experi\u00eancia gastron\u00f4mica \u00fanica. E&nbsp;para agu\u00e7ar ainda mais a vontade de conhecer e provar todas essas del\u00edcias, a&nbsp;Ag\u00eancia Municipal de Turismo (AGTUR), em parceria com Secretaria de Comunica\u00e7\u00e3o (Secom), criou um hotsite dedicado ao evento:&nbsp;FGT 2023. O site oferece aos visitantes uma maneira conveniente [&hellip;]\" \/>\n<meta property=\"og:url\" content=\"https:\/\/cleitonpinheiro.com.br\/site\/festival-gastronomico-de-taquarucu-detalha-pratos-e-programacao-em-hotsite\/\" \/>\n<meta property=\"og:site_name\" content=\"PORTAL DE NOT\u00cdCIAS CLEITON PINHEIRO\" \/>\n<meta property=\"article:publisher\" content=\"https:\/\/www.facebook.com\/portalcpnoticias\/\" \/>\n<meta property=\"article:published_time\" content=\"2023-09-07T18:22:48+00:00\" \/>\n<meta property=\"article:modified_time\" content=\"2023-09-11T19:46:17+00:00\" \/>\n<meta property=\"og:image\" content=\"https:\/\/cleitonpinheiro.com.br\/site\/wp-content\/uploads\/2023\/09\/e15cf1e5978e48378fe7b7b7f7b3fc27.jpg\" \/>\n\t<meta property=\"og:image:width\" content=\"800\" \/>\n\t<meta property=\"og:image:height\" content=\"385\" \/>\n\t<meta property=\"og:image:type\" content=\"image\/jpeg\" \/>\n<meta name=\"author\" content=\"Reda\u00e7\u00e3o CP\" \/>\n<meta name=\"twitter:card\" content=\"summary_large_image\" \/>\n<meta name=\"twitter:label1\" content=\"Escrito por\" \/>\n\t<meta name=\"twitter:data1\" content=\"Reda\u00e7\u00e3o CP\" \/>\n\t<meta name=\"twitter:label2\" content=\"Est. tempo de leitura\" \/>\n\t<meta name=\"twitter:data2\" content=\"3 minutos\" \/>\n<script type=\"application\/ld+json\" class=\"yoast-schema-graph\">{\"@context\":\"https:\/\/schema.org\",\"@graph\":[{\"@type\":\"Article\",\"@id\":\"https:\/\/cleitonpinheiro.com.br\/site\/festival-gastronomico-de-taquarucu-detalha-pratos-e-programacao-em-hotsite\/#article\",\"isPartOf\":{\"@id\":\"https:\/\/cleitonpinheiro.com.br\/site\/festival-gastronomico-de-taquarucu-detalha-pratos-e-programacao-em-hotsite\/\"},\"author\":{\"name\":\"Reda\u00e7\u00e3o CP\",\"@id\":\"https:\/\/cleitonpinheiro.com.br\/site\/#\/schema\/person\/8f04544e0bc40a1b68775b08360f87db\"},\"headline\":\"Festival Gastron\u00f4mico de Taquaru\u00e7u detalha pratos e programa\u00e7\u00e3o em hotsite\",\"datePublished\":\"2023-09-07T18:22:48+00:00\",\"dateModified\":\"2023-09-11T19:46:17+00:00\",\"mainEntityOfPage\":{\"@id\":\"https:\/\/cleitonpinheiro.com.br\/site\/festival-gastronomico-de-taquarucu-detalha-pratos-e-programacao-em-hotsite\/\"},\"wordCount\":425,\"commentCount\":0,\"publisher\":{\"@id\":\"https:\/\/cleitonpinheiro.com.br\/site\/#organization\"},\"image\":{\"@id\":\"https:\/\/cleitonpinheiro.com.br\/site\/festival-gastronomico-de-taquarucu-detalha-pratos-e-programacao-em-hotsite\/#primaryimage\"},\"thumbnailUrl\":\"https:\/\/cleitonpinheiro.com.br\/site\/wp-content\/uploads\/2023\/09\/e15cf1e5978e48378fe7b7b7f7b3fc27.jpg\",\"keywords\":[\"17\u00ba FGT\",\"Prefeitura de Palmas\"],\"articleSection\":[\"CIDADES\",\"TODAS NOTICIAS\"],\"inLanguage\":\"pt-BR\",\"potentialAction\":[{\"@type\":\"CommentAction\",\"name\":\"Comment\",\"target\":[\"https:\/\/cleitonpinheiro.com.br\/site\/festival-gastronomico-de-taquarucu-detalha-pratos-e-programacao-em-hotsite\/#respond\"]}]},{\"@type\":\"WebPage\",\"@id\":\"https:\/\/cleitonpinheiro.com.br\/site\/festival-gastronomico-de-taquarucu-detalha-pratos-e-programacao-em-hotsite\/\",\"url\":\"https:\/\/cleitonpinheiro.com.br\/site\/festival-gastronomico-de-taquarucu-detalha-pratos-e-programacao-em-hotsite\/\",\"name\":\"Festival Gastron\u00f4mico de Taquaru\u00e7u detalha pratos e programa\u00e7\u00e3o em hotsite - PORTAL DE NOT\u00cdCIAS CLEITON PINHEIRO\",\"isPartOf\":{\"@id\":\"https:\/\/cleitonpinheiro.com.br\/site\/#website\"},\"primaryImageOfPage\":{\"@id\":\"https:\/\/cleitonpinheiro.com.br\/site\/festival-gastronomico-de-taquarucu-detalha-pratos-e-programacao-em-hotsite\/#primaryimage\"},\"image\":{\"@id\":\"https:\/\/cleitonpinheiro.com.br\/site\/festival-gastronomico-de-taquarucu-detalha-pratos-e-programacao-em-hotsite\/#primaryimage\"},\"thumbnailUrl\":\"https:\/\/cleitonpinheiro.com.br\/site\/wp-content\/uploads\/2023\/09\/e15cf1e5978e48378fe7b7b7f7b3fc27.jpg\",\"datePublished\":\"2023-09-07T18:22:48+00:00\",\"dateModified\":\"2023-09-11T19:46:17+00:00\",\"breadcrumb\":{\"@id\":\"https:\/\/cleitonpinheiro.com.br\/site\/festival-gastronomico-de-taquarucu-detalha-pratos-e-programacao-em-hotsite\/#breadcrumb\"},\"inLanguage\":\"pt-BR\",\"potentialAction\":[{\"@type\":\"ReadAction\",\"target\":[\"https:\/\/cleitonpinheiro.com.br\/site\/festival-gastronomico-de-taquarucu-detalha-pratos-e-programacao-em-hotsite\/\"]}]},{\"@type\":\"ImageObject\",\"inLanguage\":\"pt-BR\",\"@id\":\"https:\/\/cleitonpinheiro.com.br\/site\/festival-gastronomico-de-taquarucu-detalha-pratos-e-programacao-em-hotsite\/#primaryimage\",\"url\":\"\",\"contentUrl\":\"\"},{\"@type\":\"BreadcrumbList\",\"@id\":\"https:\/\/cleitonpinheiro.com.br\/site\/festival-gastronomico-de-taquarucu-detalha-pratos-e-programacao-em-hotsite\/#breadcrumb\",\"itemListElement\":[{\"@type\":\"ListItem\",\"position\":1,\"name\":\"In\u00edcio\",\"item\":\"https:\/\/cleitonpinheiro.com.br\/site\/\"},{\"@type\":\"ListItem\",\"position\":2,\"name\":\"Festival Gastron\u00f4mico de Taquaru\u00e7u detalha pratos e programa\u00e7\u00e3o em hotsite\"}]},{\"@type\":\"WebSite\",\"@id\":\"https:\/\/cleitonpinheiro.com.br\/site\/#website\",\"url\":\"https:\/\/cleitonpinheiro.com.br\/site\/\",\"name\":\"PORTAL DE NOT\u00cdCIAS CLEITON PINHEIRO\",\"description\":\"FALANDO A VERDADE\",\"publisher\":{\"@id\":\"https:\/\/cleitonpinheiro.com.br\/site\/#organization\"},\"potentialAction\":[{\"@type\":\"SearchAction\",\"target\":{\"@type\":\"EntryPoint\",\"urlTemplate\":\"https:\/\/cleitonpinheiro.com.br\/site\/?s={search_term_string}\"},\"query-input\":{\"@type\":\"PropertyValueSpecification\",\"valueRequired\":true,\"valueName\":\"search_term_string\"}}],\"inLanguage\":\"pt-BR\"},{\"@type\":\"Organization\",\"@id\":\"https:\/\/cleitonpinheiro.com.br\/site\/#organization\",\"name\":\"CPNOT\u00cdCIAS\",\"url\":\"https:\/\/cleitonpinheiro.com.br\/site\/\",\"logo\":{\"@type\":\"ImageObject\",\"inLanguage\":\"pt-BR\",\"@id\":\"https:\/\/cleitonpinheiro.com.br\/site\/#\/schema\/logo\/image\/\",\"url\":\"https:\/\/cleitonpinheiro.com.br\/site\/wp-content\/uploads\/2022\/08\/Logo-pequena-2.png\",\"contentUrl\":\"https:\/\/cleitonpinheiro.com.br\/site\/wp-content\/uploads\/2022\/08\/Logo-pequena-2.png\",\"width\":500,\"height\":500,\"caption\":\"CPNOT\u00cdCIAS\"},\"image\":{\"@id\":\"https:\/\/cleitonpinheiro.com.br\/site\/#\/schema\/logo\/image\/\"},\"sameAs\":[\"https:\/\/www.facebook.com\/portalcpnoticias\/\"]},{\"@type\":\"Person\",\"@id\":\"https:\/\/cleitonpinheiro.com.br\/site\/#\/schema\/person\/8f04544e0bc40a1b68775b08360f87db\",\"name\":\"Reda\u00e7\u00e3o CP\",\"image\":{\"@type\":\"ImageObject\",\"inLanguage\":\"pt-BR\",\"@id\":\"https:\/\/cleitonpinheiro.com.br\/site\/#\/schema\/person\/image\/\",\"url\":\"https:\/\/secure.gravatar.com\/avatar\/0bcf19cb29fdc8fc588c490c7ae1b3e174dac268586a63fbe1d1893a0f9020cd?s=96&r=g\",\"contentUrl\":\"https:\/\/secure.gravatar.com\/avatar\/0bcf19cb29fdc8fc588c490c7ae1b3e174dac268586a63fbe1d1893a0f9020cd?s=96&r=g\",\"caption\":\"Reda\u00e7\u00e3o CP\"},\"url\":\"https:\/\/cleitonpinheiro.com.br\/site\/author\/redacao\/\"}]}<\/script>\n<!-- \/ Yoast SEO plugin. -->","yoast_head_json":{"title":"Festival Gastron\u00f4mico de Taquaru\u00e7u detalha pratos e programa\u00e7\u00e3o em hotsite - PORTAL DE NOT\u00cdCIAS CLEITON PINHEIRO","robots":{"index":"index","follow":"follow","max-snippet":"max-snippet:-1","max-image-preview":"max-image-preview:large","max-video-preview":"max-video-preview:-1"},"canonical":"https:\/\/cleitonpinheiro.com.br\/site\/festival-gastronomico-de-taquarucu-detalha-pratos-e-programacao-em-hotsite\/","og_locale":"pt_BR","og_type":"article","og_title":"Festival Gastron\u00f4mico de Taquaru\u00e7u detalha pratos e programa\u00e7\u00e3o em hotsite - PORTAL DE NOT\u00cdCIAS CLEITON PINHEIRO","og_description":"O aguardado Festival Gastron\u00f4mico de Taquaru\u00e7u, que est\u00e1 em&nbsp;sua 17\u00aa edi\u00e7\u00e3o, promete&nbsp;uma experi\u00eancia gastron\u00f4mica \u00fanica. E&nbsp;para agu\u00e7ar ainda mais a vontade de conhecer e provar todas essas del\u00edcias, a&nbsp;Ag\u00eancia Municipal de Turismo (AGTUR), em parceria com Secretaria de Comunica\u00e7\u00e3o (Secom), criou um hotsite dedicado ao evento:&nbsp;FGT 2023. O site oferece aos visitantes uma maneira conveniente [&hellip;]","og_url":"https:\/\/cleitonpinheiro.com.br\/site\/festival-gastronomico-de-taquarucu-detalha-pratos-e-programacao-em-hotsite\/","og_site_name":"PORTAL DE NOT\u00cdCIAS CLEITON PINHEIRO","article_publisher":"https:\/\/www.facebook.com\/portalcpnoticias\/","article_published_time":"2023-09-07T18:22:48+00:00","article_modified_time":"2023-09-11T19:46:17+00:00","og_image":[{"width":800,"height":385,"url":"https:\/\/cleitonpinheiro.com.br\/site\/wp-content\/uploads\/2023\/09\/e15cf1e5978e48378fe7b7b7f7b3fc27.jpg","type":"image\/jpeg"}],"author":"Reda\u00e7\u00e3o CP","twitter_card":"summary_large_image","twitter_misc":{"Escrito por":"Reda\u00e7\u00e3o CP","Est. tempo de leitura":"3 minutos"},"schema":{"@context":"https:\/\/schema.org","@graph":[{"@type":"Article","@id":"https:\/\/cleitonpinheiro.com.br\/site\/festival-gastronomico-de-taquarucu-detalha-pratos-e-programacao-em-hotsite\/#article","isPartOf":{"@id":"https:\/\/cleitonpinheiro.com.br\/site\/festival-gastronomico-de-taquarucu-detalha-pratos-e-programacao-em-hotsite\/"},"author":{"name":"Reda\u00e7\u00e3o CP","@id":"https:\/\/cleitonpinheiro.com.br\/site\/#\/schema\/person\/8f04544e0bc40a1b68775b08360f87db"},"headline":"Festival Gastron\u00f4mico de Taquaru\u00e7u detalha pratos e programa\u00e7\u00e3o em hotsite","datePublished":"2023-09-07T18:22:48+00:00","dateModified":"2023-09-11T19:46:17+00:00","mainEntityOfPage":{"@id":"https:\/\/cleitonpinheiro.com.br\/site\/festival-gastronomico-de-taquarucu-detalha-pratos-e-programacao-em-hotsite\/"},"wordCount":425,"commentCount":0,"publisher":{"@id":"https:\/\/cleitonpinheiro.com.br\/site\/#organization"},"image":{"@id":"https:\/\/cleitonpinheiro.com.br\/site\/festival-gastronomico-de-taquarucu-detalha-pratos-e-programacao-em-hotsite\/#primaryimage"},"thumbnailUrl":"https:\/\/cleitonpinheiro.com.br\/site\/wp-content\/uploads\/2023\/09\/e15cf1e5978e48378fe7b7b7f7b3fc27.jpg","keywords":["17\u00ba FGT","Prefeitura de Palmas"],"articleSection":["CIDADES","TODAS NOTICIAS"],"inLanguage":"pt-BR","potentialAction":[{"@type":"CommentAction","name":"Comment","target":["https:\/\/cleitonpinheiro.com.br\/site\/festival-gastronomico-de-taquarucu-detalha-pratos-e-programacao-em-hotsite\/#respond"]}]},{"@type":"WebPage","@id":"https:\/\/cleitonpinheiro.com.br\/site\/festival-gastronomico-de-taquarucu-detalha-pratos-e-programacao-em-hotsite\/","url":"https:\/\/cleitonpinheiro.com.br\/site\/festival-gastronomico-de-taquarucu-detalha-pratos-e-programacao-em-hotsite\/","name":"Festival Gastron\u00f4mico de Taquaru\u00e7u detalha pratos e programa\u00e7\u00e3o em hotsite - PORTAL DE NOT\u00cdCIAS CLEITON PINHEIRO","isPartOf":{"@id":"https:\/\/cleitonpinheiro.com.br\/site\/#website"},"primaryImageOfPage":{"@id":"https:\/\/cleitonpinheiro.com.br\/site\/festival-gastronomico-de-taquarucu-detalha-pratos-e-programacao-em-hotsite\/#primaryimage"},"image":{"@id":"https:\/\/cleitonpinheiro.com.br\/site\/festival-gastronomico-de-taquarucu-detalha-pratos-e-programacao-em-hotsite\/#primaryimage"},"thumbnailUrl":"https:\/\/cleitonpinheiro.com.br\/site\/wp-content\/uploads\/2023\/09\/e15cf1e5978e48378fe7b7b7f7b3fc27.jpg","datePublished":"2023-09-07T18:22:48+00:00","dateModified":"2023-09-11T19:46:17+00:00","breadcrumb":{"@id":"https:\/\/cleitonpinheiro.com.br\/site\/festival-gastronomico-de-taquarucu-detalha-pratos-e-programacao-em-hotsite\/#breadcrumb"},"inLanguage":"pt-BR","potentialAction":[{"@type":"ReadAction","target":["https:\/\/cleitonpinheiro.com.br\/site\/festival-gastronomico-de-taquarucu-detalha-pratos-e-programacao-em-hotsite\/"]}]},{"@type":"ImageObject","inLanguage":"pt-BR","@id":"https:\/\/cleitonpinheiro.com.br\/site\/festival-gastronomico-de-taquarucu-detalha-pratos-e-programacao-em-hotsite\/#primaryimage","url":"","contentUrl":""},{"@type":"BreadcrumbList","@id":"https:\/\/cleitonpinheiro.com.br\/site\/festival-gastronomico-de-taquarucu-detalha-pratos-e-programacao-em-hotsite\/#breadcrumb","itemListElement":[{"@type":"ListItem","position":1,"name":"In\u00edcio","item":"https:\/\/cleitonpinheiro.com.br\/site\/"},{"@type":"ListItem","position":2,"name":"Festival Gastron\u00f4mico de Taquaru\u00e7u detalha pratos e programa\u00e7\u00e3o em hotsite"}]},{"@type":"WebSite","@id":"https:\/\/cleitonpinheiro.com.br\/site\/#website","url":"https:\/\/cleitonpinheiro.com.br\/site\/","name":"PORTAL DE NOT\u00cdCIAS CLEITON PINHEIRO","description":"FALANDO A VERDADE","publisher":{"@id":"https:\/\/cleitonpinheiro.com.br\/site\/#organization"},"potentialAction":[{"@type":"SearchAction","target":{"@type":"EntryPoint","urlTemplate":"https:\/\/cleitonpinheiro.com.br\/site\/?s={search_term_string}"},"query-input":{"@type":"PropertyValueSpecification","valueRequired":true,"valueName":"search_term_string"}}],"inLanguage":"pt-BR"},{"@type":"Organization","@id":"https:\/\/cleitonpinheiro.com.br\/site\/#organization","name":"CPNOT\u00cdCIAS","url":"https:\/\/cleitonpinheiro.com.br\/site\/","logo":{"@type":"ImageObject","inLanguage":"pt-BR","@id":"https:\/\/cleitonpinheiro.com.br\/site\/#\/schema\/logo\/image\/","url":"https:\/\/cleitonpinheiro.com.br\/site\/wp-content\/uploads\/2022\/08\/Logo-pequena-2.png","contentUrl":"https:\/\/cleitonpinheiro.com.br\/site\/wp-content\/uploads\/2022\/08\/Logo-pequena-2.png","width":500,"height":500,"caption":"CPNOT\u00cdCIAS"},"image":{"@id":"https:\/\/cleitonpinheiro.com.br\/site\/#\/schema\/logo\/image\/"},"sameAs":["https:\/\/www.facebook.com\/portalcpnoticias\/"]},{"@type":"Person","@id":"https:\/\/cleitonpinheiro.com.br\/site\/#\/schema\/person\/8f04544e0bc40a1b68775b08360f87db","name":"Reda\u00e7\u00e3o CP","image":{"@type":"ImageObject","inLanguage":"pt-BR","@id":"https:\/\/cleitonpinheiro.com.br\/site\/#\/schema\/person\/image\/","url":"https:\/\/secure.gravatar.com\/avatar\/0bcf19cb29fdc8fc588c490c7ae1b3e174dac268586a63fbe1d1893a0f9020cd?s=96&r=g","contentUrl":"https:\/\/secure.gravatar.com\/avatar\/0bcf19cb29fdc8fc588c490c7ae1b3e174dac268586a63fbe1d1893a0f9020cd?s=96&r=g","caption":"Reda\u00e7\u00e3o CP"},"url":"https:\/\/cleitonpinheiro.com.br\/site\/author\/redacao\/"}]}},"views":159,"_links":{"self":[{"href":"https:\/\/cleitonpinheiro.com.br\/site\/wp-json\/wp\/v2\/posts\/74041","targetHints":{"allow":["GET"]}}],"collection":[{"href":"https:\/\/cleitonpinheiro.com.br\/site\/wp-json\/wp\/v2\/posts"}],"about":[{"href":"https:\/\/cleitonpinheiro.com.br\/site\/wp-json\/wp\/v2\/types\/post"}],"author":[{"embeddable":true,"href":"https:\/\/cleitonpinheiro.com.br\/site\/wp-json\/wp\/v2\/users\/13"}],"replies":[{"embeddable":true,"href":"https:\/\/cleitonpinheiro.com.br\/site\/wp-json\/wp\/v2\/comments?post=74041"}],"version-history":[{"count":1,"href":"https:\/\/cleitonpinheiro.com.br\/site\/wp-json\/wp\/v2\/posts\/74041\/revisions"}],"predecessor-version":[{"id":74043,"href":"https:\/\/cleitonpinheiro.com.br\/site\/wp-json\/wp\/v2\/posts\/74041\/revisions\/74043"}],"wp:attachment":[{"href":"https:\/\/cleitonpinheiro.com.br\/site\/wp-json\/wp\/v2\/media?parent=74041"}],"wp:term":[{"taxonomy":"category","embeddable":true,"href":"https:\/\/cleitonpinheiro.com.br\/site\/wp-json\/wp\/v2\/categories?post=74041"},{"taxonomy":"post_tag","embeddable":true,"href":"https:\/\/cleitonpinheiro.com.br\/site\/wp-json\/wp\/v2\/tags?post=74041"}],"curies":[{"name":"wp","href":"https:\/\/api.w.org\/{rel}","templated":true}]}}