{"id":74044,"date":"2023-09-07T15:25:35","date_gmt":"2023-09-07T18:25:35","guid":{"rendered":"https:\/\/cleitonpinheiro.com.br\/site\/?p=74044"},"modified":"2023-09-08T12:31:37","modified_gmt":"2023-09-08T15:31:37","slug":"samu-tera-ponto-de-atendimento-no-festival-gastronomico-de-taquarucu","status":"publish","type":"post","link":"https:\/\/cleitonpinheiro.com.br\/site\/samu-tera-ponto-de-atendimento-no-festival-gastronomico-de-taquarucu\/","title":{"rendered":"Samu ter\u00e1 ponto de atendimento no Festival Gastron\u00f4mico de Taquaru\u00e7u"},"content":{"rendered":"\n<figure class=\"wp-block-image size-full\"><img decoding=\"async\" src=\"https:\/\/cleitonpinheiro.com.br\/site\/wp-content\/uploads\/2023\/09\/a7a3cc6e-ec58-4e36-bd59-1199ceac2109.jpg\" alt=\"samu\" class=\"wp-image-74046\"\/><figcaption class=\"wp-element-caption\">Presen\u00e7a do Samu garante assist\u00eancia r\u00e1pida e segura durante FGT &#8211; Foto: Lia Mara\/Prefeitura de Palmas<\/figcaption><\/figure>\n\n\n\n<p class=\"wp-block-paragraph\">Durante a 17\u00aa edi\u00e7\u00e3o do Festival Gastron\u00f4mico de Taquaru\u00e7u (FGT), programado para acontecer de 6 a 10 de setembro, a Secretaria Municipal da Sa\u00fade (Semus) ter\u00e1 um ponto de atendimento com a equipe do Servi\u00e7o de Atendimento M\u00f3vel de Urg\u00eancia (Samu), na Pra\u00e7a Vereador Tarc\u00edsio Machado. Al\u00e9m disso, a Unidade de Sa\u00fade da Fam\u00edlia (USF) Walter Pereira Morato, localizada no distrito, estar\u00e1 funcionando 24 horas por dia durante o evento.<\/p>\n\n\n\n<p class=\"wp-block-paragraph\">Na unidade de sa\u00fade ter\u00e1 uma equipe multiprofissional para atendimento de baixa complexidade. De acordo com a coordenadora da Urg\u00eancia e Emerg\u00eancia da Semus, Cibele Costa, a presen\u00e7a do Samu \u00e9 para assegurar assist\u00eancia a eventualidades que exijam um suporte r\u00e1pido e seguro.<\/p>\n\n\n\n<p class=\"wp-block-paragraph\"><strong>Outros servi\u00e7os<\/strong><\/p>\n\n\n\n<p class=\"wp-block-paragraph\">Para garantir a seguran\u00e7a alimentar da popula\u00e7\u00e3o, a Vigil\u00e2ncia Sanit\u00e1ria de Palmas (Visa) estar\u00e1 em atividade durante o evento para fiscalizar o cumprimento das normas dos ambulantes e participantes inscritos do FGT. Caso os circulantes identifiquem irregularidades, eles podem abordar imediatamente os inspetores atuantes.<\/p>\n","protected":false},"excerpt":{"rendered":"<p>Durante a 17\u00aa edi\u00e7\u00e3o do Festival Gastron\u00f4mico de Taquaru\u00e7u (FGT), programado para acontecer de 6 a 10 de setembro, a Secretaria Municipal da Sa\u00fade (Semus) ter\u00e1 um ponto de atendimento com a equipe do Servi\u00e7o de Atendimento M\u00f3vel de Urg\u00eancia (Samu), na Pra\u00e7a Vereador Tarc\u00edsio Machado. Al\u00e9m disso, a Unidade de Sa\u00fade da Fam\u00edlia (USF) [&hellip;]<\/p>\n","protected":false},"author":13,"featured_media":0,"comment_status":"open","ping_status":"open","sticky":false,"template":"","format":"standard","meta":{"_acf_changed":false,"footnotes":""},"categories":[22,21],"tags":[1210,720],"class_list":["post-74044","post","type-post","status-publish","format-standard","hentry","category-cidades","category-todas-noticias","tag-17o-fgt","tag-prefeitura-de-palmas"],"acf":[],"yoast_head":"<!-- This site is optimized with the Yoast SEO plugin v24.4 - https:\/\/yoast.com\/wordpress\/plugins\/seo\/ -->\n<title>Samu ter\u00e1 ponto de atendimento no Festival Gastron\u00f4mico de Taquaru\u00e7u - PORTAL DE NOT\u00cdCIAS CLEITON PINHEIRO<\/title>\n<meta name=\"robots\" content=\"index, follow, max-snippet:-1, max-image-preview:large, max-video-preview:-1\" \/>\n<link rel=\"canonical\" href=\"https:\/\/cleitonpinheiro.com.br\/site\/samu-tera-ponto-de-atendimento-no-festival-gastronomico-de-taquarucu\/\" \/>\n<meta property=\"og:locale\" content=\"pt_BR\" \/>\n<meta property=\"og:type\" content=\"article\" \/>\n<meta property=\"og:title\" content=\"Samu ter\u00e1 ponto de atendimento no Festival Gastron\u00f4mico de Taquaru\u00e7u - PORTAL DE NOT\u00cdCIAS CLEITON PINHEIRO\" \/>\n<meta property=\"og:description\" content=\"Durante a 17\u00aa edi\u00e7\u00e3o do Festival Gastron\u00f4mico de Taquaru\u00e7u (FGT), programado para acontecer de 6 a 10 de setembro, a Secretaria Municipal da Sa\u00fade (Semus) ter\u00e1 um ponto de atendimento com a equipe do Servi\u00e7o de Atendimento M\u00f3vel de Urg\u00eancia (Samu), na Pra\u00e7a Vereador Tarc\u00edsio Machado. Al\u00e9m disso, a Unidade de Sa\u00fade da Fam\u00edlia (USF) [&hellip;]\" \/>\n<meta property=\"og:url\" content=\"https:\/\/cleitonpinheiro.com.br\/site\/samu-tera-ponto-de-atendimento-no-festival-gastronomico-de-taquarucu\/\" \/>\n<meta property=\"og:site_name\" content=\"PORTAL DE NOT\u00cdCIAS CLEITON PINHEIRO\" \/>\n<meta property=\"article:publisher\" content=\"https:\/\/www.facebook.com\/portalcpnoticias\/\" \/>\n<meta property=\"article:published_time\" content=\"2023-09-07T18:25:35+00:00\" \/>\n<meta property=\"article:modified_time\" content=\"2023-09-08T15:31:37+00:00\" \/>\n<meta property=\"og:image\" content=\"https:\/\/cleitonpinheiro.com.br\/site\/wp-content\/uploads\/2023\/09\/a7a3cc6e-ec58-4e36-bd59-1199ceac2109.jpg\" \/>\n\t<meta property=\"og:image:width\" content=\"800\" \/>\n\t<meta property=\"og:image:height\" content=\"533\" \/>\n\t<meta property=\"og:image:type\" content=\"image\/jpeg\" \/>\n<meta name=\"author\" content=\"Reda\u00e7\u00e3o CP\" \/>\n<meta name=\"twitter:card\" content=\"summary_large_image\" \/>\n<meta name=\"twitter:label1\" content=\"Escrito por\" \/>\n\t<meta name=\"twitter:data1\" content=\"Reda\u00e7\u00e3o CP\" \/>\n\t<meta name=\"twitter:label2\" content=\"Est. tempo de leitura\" \/>\n\t<meta name=\"twitter:data2\" content=\"2 minutos\" \/>\n<script type=\"application\/ld+json\" class=\"yoast-schema-graph\">{\"@context\":\"https:\/\/schema.org\",\"@graph\":[{\"@type\":\"Article\",\"@id\":\"https:\/\/cleitonpinheiro.com.br\/site\/samu-tera-ponto-de-atendimento-no-festival-gastronomico-de-taquarucu\/#article\",\"isPartOf\":{\"@id\":\"https:\/\/cleitonpinheiro.com.br\/site\/samu-tera-ponto-de-atendimento-no-festival-gastronomico-de-taquarucu\/\"},\"author\":{\"name\":\"Reda\u00e7\u00e3o CP\",\"@id\":\"https:\/\/cleitonpinheiro.com.br\/site\/#\/schema\/person\/8f04544e0bc40a1b68775b08360f87db\"},\"headline\":\"Samu ter\u00e1 ponto de atendimento no Festival Gastron\u00f4mico de Taquaru\u00e7u\",\"datePublished\":\"2023-09-07T18:25:35+00:00\",\"dateModified\":\"2023-09-08T15:31:37+00:00\",\"mainEntityOfPage\":{\"@id\":\"https:\/\/cleitonpinheiro.com.br\/site\/samu-tera-ponto-de-atendimento-no-festival-gastronomico-de-taquarucu\/\"},\"wordCount\":209,\"commentCount\":0,\"publisher\":{\"@id\":\"https:\/\/cleitonpinheiro.com.br\/site\/#organization\"},\"image\":{\"@id\":\"https:\/\/cleitonpinheiro.com.br\/site\/samu-tera-ponto-de-atendimento-no-festival-gastronomico-de-taquarucu\/#primaryimage\"},\"thumbnailUrl\":\"https:\/\/cleitonpinheiro.com.br\/site\/wp-content\/uploads\/2023\/09\/a7a3cc6e-ec58-4e36-bd59-1199ceac2109.jpg\",\"keywords\":[\"17\u00ba FGT\",\"Prefeitura de Palmas\"],\"articleSection\":[\"CIDADES\",\"TODAS NOTICIAS\"],\"inLanguage\":\"pt-BR\",\"potentialAction\":[{\"@type\":\"CommentAction\",\"name\":\"Comment\",\"target\":[\"https:\/\/cleitonpinheiro.com.br\/site\/samu-tera-ponto-de-atendimento-no-festival-gastronomico-de-taquarucu\/#respond\"]}]},{\"@type\":\"WebPage\",\"@id\":\"https:\/\/cleitonpinheiro.com.br\/site\/samu-tera-ponto-de-atendimento-no-festival-gastronomico-de-taquarucu\/\",\"url\":\"https:\/\/cleitonpinheiro.com.br\/site\/samu-tera-ponto-de-atendimento-no-festival-gastronomico-de-taquarucu\/\",\"name\":\"Samu ter\u00e1 ponto de atendimento no Festival Gastron\u00f4mico de Taquaru\u00e7u - PORTAL DE NOT\u00cdCIAS CLEITON PINHEIRO\",\"isPartOf\":{\"@id\":\"https:\/\/cleitonpinheiro.com.br\/site\/#website\"},\"primaryImageOfPage\":{\"@id\":\"https:\/\/cleitonpinheiro.com.br\/site\/samu-tera-ponto-de-atendimento-no-festival-gastronomico-de-taquarucu\/#primaryimage\"},\"image\":{\"@id\":\"https:\/\/cleitonpinheiro.com.br\/site\/samu-tera-ponto-de-atendimento-no-festival-gastronomico-de-taquarucu\/#primaryimage\"},\"thumbnailUrl\":\"https:\/\/cleitonpinheiro.com.br\/site\/wp-content\/uploads\/2023\/09\/a7a3cc6e-ec58-4e36-bd59-1199ceac2109.jpg\",\"datePublished\":\"2023-09-07T18:25:35+00:00\",\"dateModified\":\"2023-09-08T15:31:37+00:00\",\"breadcrumb\":{\"@id\":\"https:\/\/cleitonpinheiro.com.br\/site\/samu-tera-ponto-de-atendimento-no-festival-gastronomico-de-taquarucu\/#breadcrumb\"},\"inLanguage\":\"pt-BR\",\"potentialAction\":[{\"@type\":\"ReadAction\",\"target\":[\"https:\/\/cleitonpinheiro.com.br\/site\/samu-tera-ponto-de-atendimento-no-festival-gastronomico-de-taquarucu\/\"]}]},{\"@type\":\"ImageObject\",\"inLanguage\":\"pt-BR\",\"@id\":\"https:\/\/cleitonpinheiro.com.br\/site\/samu-tera-ponto-de-atendimento-no-festival-gastronomico-de-taquarucu\/#primaryimage\",\"url\":\"\",\"contentUrl\":\"\"},{\"@type\":\"BreadcrumbList\",\"@id\":\"https:\/\/cleitonpinheiro.com.br\/site\/samu-tera-ponto-de-atendimento-no-festival-gastronomico-de-taquarucu\/#breadcrumb\",\"itemListElement\":[{\"@type\":\"ListItem\",\"position\":1,\"name\":\"In\u00edcio\",\"item\":\"https:\/\/cleitonpinheiro.com.br\/site\/\"},{\"@type\":\"ListItem\",\"position\":2,\"name\":\"Samu ter\u00e1 ponto de atendimento no Festival Gastron\u00f4mico de Taquaru\u00e7u\"}]},{\"@type\":\"WebSite\",\"@id\":\"https:\/\/cleitonpinheiro.com.br\/site\/#website\",\"url\":\"https:\/\/cleitonpinheiro.com.br\/site\/\",\"name\":\"PORTAL DE NOT\u00cdCIAS CLEITON PINHEIRO\",\"description\":\"FALANDO A VERDADE\",\"publisher\":{\"@id\":\"https:\/\/cleitonpinheiro.com.br\/site\/#organization\"},\"potentialAction\":[{\"@type\":\"SearchAction\",\"target\":{\"@type\":\"EntryPoint\",\"urlTemplate\":\"https:\/\/cleitonpinheiro.com.br\/site\/?s={search_term_string}\"},\"query-input\":{\"@type\":\"PropertyValueSpecification\",\"valueRequired\":true,\"valueName\":\"search_term_string\"}}],\"inLanguage\":\"pt-BR\"},{\"@type\":\"Organization\",\"@id\":\"https:\/\/cleitonpinheiro.com.br\/site\/#organization\",\"name\":\"CPNOT\u00cdCIAS\",\"url\":\"https:\/\/cleitonpinheiro.com.br\/site\/\",\"logo\":{\"@type\":\"ImageObject\",\"inLanguage\":\"pt-BR\",\"@id\":\"https:\/\/cleitonpinheiro.com.br\/site\/#\/schema\/logo\/image\/\",\"url\":\"https:\/\/cleitonpinheiro.com.br\/site\/wp-content\/uploads\/2022\/08\/Logo-pequena-2.png\",\"contentUrl\":\"https:\/\/cleitonpinheiro.com.br\/site\/wp-content\/uploads\/2022\/08\/Logo-pequena-2.png\",\"width\":500,\"height\":500,\"caption\":\"CPNOT\u00cdCIAS\"},\"image\":{\"@id\":\"https:\/\/cleitonpinheiro.com.br\/site\/#\/schema\/logo\/image\/\"},\"sameAs\":[\"https:\/\/www.facebook.com\/portalcpnoticias\/\"]},{\"@type\":\"Person\",\"@id\":\"https:\/\/cleitonpinheiro.com.br\/site\/#\/schema\/person\/8f04544e0bc40a1b68775b08360f87db\",\"name\":\"Reda\u00e7\u00e3o CP\",\"image\":{\"@type\":\"ImageObject\",\"inLanguage\":\"pt-BR\",\"@id\":\"https:\/\/cleitonpinheiro.com.br\/site\/#\/schema\/person\/image\/\",\"url\":\"https:\/\/secure.gravatar.com\/avatar\/0bcf19cb29fdc8fc588c490c7ae1b3e174dac268586a63fbe1d1893a0f9020cd?s=96&r=g\",\"contentUrl\":\"https:\/\/secure.gravatar.com\/avatar\/0bcf19cb29fdc8fc588c490c7ae1b3e174dac268586a63fbe1d1893a0f9020cd?s=96&r=g\",\"caption\":\"Reda\u00e7\u00e3o CP\"},\"url\":\"https:\/\/cleitonpinheiro.com.br\/site\/author\/redacao\/\"}]}<\/script>\n<!-- \/ Yoast SEO plugin. -->","yoast_head_json":{"title":"Samu ter\u00e1 ponto de atendimento no Festival Gastron\u00f4mico de Taquaru\u00e7u - PORTAL DE NOT\u00cdCIAS CLEITON PINHEIRO","robots":{"index":"index","follow":"follow","max-snippet":"max-snippet:-1","max-image-preview":"max-image-preview:large","max-video-preview":"max-video-preview:-1"},"canonical":"https:\/\/cleitonpinheiro.com.br\/site\/samu-tera-ponto-de-atendimento-no-festival-gastronomico-de-taquarucu\/","og_locale":"pt_BR","og_type":"article","og_title":"Samu ter\u00e1 ponto de atendimento no Festival Gastron\u00f4mico de Taquaru\u00e7u - PORTAL DE NOT\u00cdCIAS CLEITON PINHEIRO","og_description":"Durante a 17\u00aa edi\u00e7\u00e3o do Festival Gastron\u00f4mico de Taquaru\u00e7u (FGT), programado para acontecer de 6 a 10 de setembro, a Secretaria Municipal da Sa\u00fade (Semus) ter\u00e1 um ponto de atendimento com a equipe do Servi\u00e7o de Atendimento M\u00f3vel de Urg\u00eancia (Samu), na Pra\u00e7a Vereador Tarc\u00edsio Machado. Al\u00e9m disso, a Unidade de Sa\u00fade da Fam\u00edlia (USF) [&hellip;]","og_url":"https:\/\/cleitonpinheiro.com.br\/site\/samu-tera-ponto-de-atendimento-no-festival-gastronomico-de-taquarucu\/","og_site_name":"PORTAL DE NOT\u00cdCIAS CLEITON PINHEIRO","article_publisher":"https:\/\/www.facebook.com\/portalcpnoticias\/","article_published_time":"2023-09-07T18:25:35+00:00","article_modified_time":"2023-09-08T15:31:37+00:00","og_image":[{"width":800,"height":533,"url":"https:\/\/cleitonpinheiro.com.br\/site\/wp-content\/uploads\/2023\/09\/a7a3cc6e-ec58-4e36-bd59-1199ceac2109.jpg","type":"image\/jpeg"}],"author":"Reda\u00e7\u00e3o CP","twitter_card":"summary_large_image","twitter_misc":{"Escrito por":"Reda\u00e7\u00e3o CP","Est. tempo de leitura":"2 minutos"},"schema":{"@context":"https:\/\/schema.org","@graph":[{"@type":"Article","@id":"https:\/\/cleitonpinheiro.com.br\/site\/samu-tera-ponto-de-atendimento-no-festival-gastronomico-de-taquarucu\/#article","isPartOf":{"@id":"https:\/\/cleitonpinheiro.com.br\/site\/samu-tera-ponto-de-atendimento-no-festival-gastronomico-de-taquarucu\/"},"author":{"name":"Reda\u00e7\u00e3o CP","@id":"https:\/\/cleitonpinheiro.com.br\/site\/#\/schema\/person\/8f04544e0bc40a1b68775b08360f87db"},"headline":"Samu ter\u00e1 ponto de atendimento no Festival Gastron\u00f4mico de Taquaru\u00e7u","datePublished":"2023-09-07T18:25:35+00:00","dateModified":"2023-09-08T15:31:37+00:00","mainEntityOfPage":{"@id":"https:\/\/cleitonpinheiro.com.br\/site\/samu-tera-ponto-de-atendimento-no-festival-gastronomico-de-taquarucu\/"},"wordCount":209,"commentCount":0,"publisher":{"@id":"https:\/\/cleitonpinheiro.com.br\/site\/#organization"},"image":{"@id":"https:\/\/cleitonpinheiro.com.br\/site\/samu-tera-ponto-de-atendimento-no-festival-gastronomico-de-taquarucu\/#primaryimage"},"thumbnailUrl":"https:\/\/cleitonpinheiro.com.br\/site\/wp-content\/uploads\/2023\/09\/a7a3cc6e-ec58-4e36-bd59-1199ceac2109.jpg","keywords":["17\u00ba FGT","Prefeitura de Palmas"],"articleSection":["CIDADES","TODAS NOTICIAS"],"inLanguage":"pt-BR","potentialAction":[{"@type":"CommentAction","name":"Comment","target":["https:\/\/cleitonpinheiro.com.br\/site\/samu-tera-ponto-de-atendimento-no-festival-gastronomico-de-taquarucu\/#respond"]}]},{"@type":"WebPage","@id":"https:\/\/cleitonpinheiro.com.br\/site\/samu-tera-ponto-de-atendimento-no-festival-gastronomico-de-taquarucu\/","url":"https:\/\/cleitonpinheiro.com.br\/site\/samu-tera-ponto-de-atendimento-no-festival-gastronomico-de-taquarucu\/","name":"Samu ter\u00e1 ponto de atendimento no Festival Gastron\u00f4mico de Taquaru\u00e7u - PORTAL DE NOT\u00cdCIAS CLEITON PINHEIRO","isPartOf":{"@id":"https:\/\/cleitonpinheiro.com.br\/site\/#website"},"primaryImageOfPage":{"@id":"https:\/\/cleitonpinheiro.com.br\/site\/samu-tera-ponto-de-atendimento-no-festival-gastronomico-de-taquarucu\/#primaryimage"},"image":{"@id":"https:\/\/cleitonpinheiro.com.br\/site\/samu-tera-ponto-de-atendimento-no-festival-gastronomico-de-taquarucu\/#primaryimage"},"thumbnailUrl":"https:\/\/cleitonpinheiro.com.br\/site\/wp-content\/uploads\/2023\/09\/a7a3cc6e-ec58-4e36-bd59-1199ceac2109.jpg","datePublished":"2023-09-07T18:25:35+00:00","dateModified":"2023-09-08T15:31:37+00:00","breadcrumb":{"@id":"https:\/\/cleitonpinheiro.com.br\/site\/samu-tera-ponto-de-atendimento-no-festival-gastronomico-de-taquarucu\/#breadcrumb"},"inLanguage":"pt-BR","potentialAction":[{"@type":"ReadAction","target":["https:\/\/cleitonpinheiro.com.br\/site\/samu-tera-ponto-de-atendimento-no-festival-gastronomico-de-taquarucu\/"]}]},{"@type":"ImageObject","inLanguage":"pt-BR","@id":"https:\/\/cleitonpinheiro.com.br\/site\/samu-tera-ponto-de-atendimento-no-festival-gastronomico-de-taquarucu\/#primaryimage","url":"","contentUrl":""},{"@type":"BreadcrumbList","@id":"https:\/\/cleitonpinheiro.com.br\/site\/samu-tera-ponto-de-atendimento-no-festival-gastronomico-de-taquarucu\/#breadcrumb","itemListElement":[{"@type":"ListItem","position":1,"name":"In\u00edcio","item":"https:\/\/cleitonpinheiro.com.br\/site\/"},{"@type":"ListItem","position":2,"name":"Samu ter\u00e1 ponto de atendimento no Festival Gastron\u00f4mico de Taquaru\u00e7u"}]},{"@type":"WebSite","@id":"https:\/\/cleitonpinheiro.com.br\/site\/#website","url":"https:\/\/cleitonpinheiro.com.br\/site\/","name":"PORTAL DE NOT\u00cdCIAS CLEITON PINHEIRO","description":"FALANDO A VERDADE","publisher":{"@id":"https:\/\/cleitonpinheiro.com.br\/site\/#organization"},"potentialAction":[{"@type":"SearchAction","target":{"@type":"EntryPoint","urlTemplate":"https:\/\/cleitonpinheiro.com.br\/site\/?s={search_term_string}"},"query-input":{"@type":"PropertyValueSpecification","valueRequired":true,"valueName":"search_term_string"}}],"inLanguage":"pt-BR"},{"@type":"Organization","@id":"https:\/\/cleitonpinheiro.com.br\/site\/#organization","name":"CPNOT\u00cdCIAS","url":"https:\/\/cleitonpinheiro.com.br\/site\/","logo":{"@type":"ImageObject","inLanguage":"pt-BR","@id":"https:\/\/cleitonpinheiro.com.br\/site\/#\/schema\/logo\/image\/","url":"https:\/\/cleitonpinheiro.com.br\/site\/wp-content\/uploads\/2022\/08\/Logo-pequena-2.png","contentUrl":"https:\/\/cleitonpinheiro.com.br\/site\/wp-content\/uploads\/2022\/08\/Logo-pequena-2.png","width":500,"height":500,"caption":"CPNOT\u00cdCIAS"},"image":{"@id":"https:\/\/cleitonpinheiro.com.br\/site\/#\/schema\/logo\/image\/"},"sameAs":["https:\/\/www.facebook.com\/portalcpnoticias\/"]},{"@type":"Person","@id":"https:\/\/cleitonpinheiro.com.br\/site\/#\/schema\/person\/8f04544e0bc40a1b68775b08360f87db","name":"Reda\u00e7\u00e3o CP","image":{"@type":"ImageObject","inLanguage":"pt-BR","@id":"https:\/\/cleitonpinheiro.com.br\/site\/#\/schema\/person\/image\/","url":"https:\/\/secure.gravatar.com\/avatar\/0bcf19cb29fdc8fc588c490c7ae1b3e174dac268586a63fbe1d1893a0f9020cd?s=96&r=g","contentUrl":"https:\/\/secure.gravatar.com\/avatar\/0bcf19cb29fdc8fc588c490c7ae1b3e174dac268586a63fbe1d1893a0f9020cd?s=96&r=g","caption":"Reda\u00e7\u00e3o CP"},"url":"https:\/\/cleitonpinheiro.com.br\/site\/author\/redacao\/"}]}},"views":141,"_links":{"self":[{"href":"https:\/\/cleitonpinheiro.com.br\/site\/wp-json\/wp\/v2\/posts\/74044","targetHints":{"allow":["GET"]}}],"collection":[{"href":"https:\/\/cleitonpinheiro.com.br\/site\/wp-json\/wp\/v2\/posts"}],"about":[{"href":"https:\/\/cleitonpinheiro.com.br\/site\/wp-json\/wp\/v2\/types\/post"}],"author":[{"embeddable":true,"href":"https:\/\/cleitonpinheiro.com.br\/site\/wp-json\/wp\/v2\/users\/13"}],"replies":[{"embeddable":true,"href":"https:\/\/cleitonpinheiro.com.br\/site\/wp-json\/wp\/v2\/comments?post=74044"}],"version-history":[{"count":1,"href":"https:\/\/cleitonpinheiro.com.br\/site\/wp-json\/wp\/v2\/posts\/74044\/revisions"}],"predecessor-version":[{"id":74047,"href":"https:\/\/cleitonpinheiro.com.br\/site\/wp-json\/wp\/v2\/posts\/74044\/revisions\/74047"}],"wp:attachment":[{"href":"https:\/\/cleitonpinheiro.com.br\/site\/wp-json\/wp\/v2\/media?parent=74044"}],"wp:term":[{"taxonomy":"category","embeddable":true,"href":"https:\/\/cleitonpinheiro.com.br\/site\/wp-json\/wp\/v2\/categories?post=74044"},{"taxonomy":"post_tag","embeddable":true,"href":"https:\/\/cleitonpinheiro.com.br\/site\/wp-json\/wp\/v2\/tags?post=74044"}],"curies":[{"name":"wp","href":"https:\/\/api.w.org\/{rel}","templated":true}]}}