{"id":74052,"date":"2023-09-08T11:35:59","date_gmt":"2023-09-08T14:35:59","guid":{"rendered":"https:\/\/cleitonpinheiro.com.br\/site\/?p=74052"},"modified":"2023-09-11T10:52:20","modified_gmt":"2023-09-11T13:52:20","slug":"manu-bahtidao-supera-expectativas-e-lota-segunda-noite-do-festival-gastronomico","status":"publish","type":"post","link":"https:\/\/cleitonpinheiro.com.br\/site\/manu-bahtidao-supera-expectativas-e-lota-segunda-noite-do-festival-gastronomico\/","title":{"rendered":"Manu Bahtid\u00e3o supera expectativas e lota segunda noite do festival gastron\u00f4mico"},"content":{"rendered":"\n<figure class=\"wp-block-image size-full\"><img decoding=\"async\" src=\"https:\/\/cleitonpinheiro.com.br\/site\/wp-content\/uploads\/2023\/09\/3b89f31e2dda481e81acf01270fd970e.jpeg\" alt=\"\" class=\"wp-image-74053\"\/><figcaption class=\"wp-element-caption\">Por onde passa, Manu Bahtid\u00e3o arrasta uma multid\u00e3o &#8211; Foto: Edu Fortes\/Prefeitura de Palmas<\/figcaption><\/figure>\n\n\n\n<p class=\"wp-block-paragraph\">Superando expectativas, o circuito da 17\u00aa edi\u00e7\u00e3o do Festival Gastron\u00f4mico de Taquaru\u00e7u (FGT) ficou lotado na noite desta quinta-feira, 7, feriado da Independ\u00eancia do Brasil. A programa\u00e7\u00e3o especial contou com as del\u00edcias dos mais variados pratos e sabores, e ainda com a grande atra\u00e7\u00e3o musical da noite, o furac\u00e3o paraense Manu Bahtid\u00e3o, que embalou o p\u00fablico com muito tecnomelody. A sensa\u00e7\u00e3o da noite \u00e9 que foi o maior p\u00fablico da hist\u00f3ria do festival.<\/p>\n\n\n\n<p class=\"wp-block-paragraph\">\u201cAmo o Tocantins, amo Palmas, e o pedido da prefeita Cinthia Ribeiro e do povo palmense jamais negaria. Estou aqui muito feliz e grata pelo convite. \u00c9 uma honra estar participando de um dos maiores eventos do Estado\u201d, destacou a cantora, minutos antes de subir ao palco.&nbsp;<\/p>\n\n\n\n<p class=\"wp-block-paragraph\">Por onde passa, Manu Bahtid\u00e3o arrasta uma multid\u00e3o, e em Palmas tamb\u00e9m n\u00e3o foi diferente. Conhecida por entregar performances musicais com dan\u00e7as criativas e interagir diretamente com o p\u00fablico, seus f\u00e3s aguardavam ansiosos a apresenta\u00e7\u00e3o dela no grande palco do FGT. O Jovem J\u00fanior Naja&nbsp;n\u00e3o escondeu a emo\u00e7\u00e3o ao acompanhar da grade a apresenta\u00e7\u00e3o da artista. \u201cEra o show mais esperado do ano. Sou f\u00e3 n\u00famero um dela, e a Munu merece todo sucesso que faz por ser uma artista do povo. Foi uma noite incr\u00edvel e ainda ganhei uma toalhinha dela.\u201d<\/p>\n\n\n\n<p class=\"wp-block-paragraph\"><strong>Cozinha Show<\/strong><\/p>\n\n\n\n<p class=\"wp-block-paragraph\">A programa\u00e7\u00e3o da noite come\u00e7ou no Cozinha Show com a apresenta\u00e7\u00e3o da pe\u00e7a \u201cO Auto da Vida no Tr\u00e2nsito\u201d, que de forma l\u00fadica refor\u00e7ou as a\u00e7\u00f5es de conscientiza\u00e7\u00e3o sobre as boas pr\u00e1ticas de seguran\u00e7a no tr\u00e2nsito. A atividade \u00e9 uma promo\u00e7\u00e3o da Secretaria Municipal de Seguran\u00e7a e Mobilidade Urbana (Sesmu), em parceria com o \u201cN\u00facleo Experimental da Companhia A Barraca\u201d.<\/p>\n\n\n\n<p class=\"wp-block-paragraph\">Passaram ainda pela Cozinha Show as chefs regionais Maria Ediv\u00e3ngela e Lucivanda Oliveira, al\u00e9m do renomado chef Roberto Raviolli, que com muita simpatia e criatividade, presenteou o p\u00fablico com um prato feito com base em ingredientes regionais, como o peixe pirarucu com pimenta-de-macaco e molho vermelho. Os amantes da gastronomia puderam acompanhar as habilidades do grande profissional brasileiro especialista na culin\u00e1ria italiana.<\/p>\n\n\n\n<p class=\"wp-block-paragraph\">A moradora de Capital, que trabalha como encarregada de cr\u00e9ditos e cobran\u00e7a, Sabrina Teixeira, levou a fam\u00edlia para curtir a programa\u00e7\u00e3o. \u201cAt\u00e9 o momento est\u00e1 tudo perfeito e maravilhoso, um ambiente tranquilo d\u00e1 para trazer \u00e0 fam\u00edlia. Estamos aqui com nosso filho e uma sobrinha que s\u00e3o crian\u00e7as especiais e estamos nos divertindo bastante\u201d, ressaltou.&nbsp;<\/p>\n\n\n\n<p class=\"wp-block-paragraph\"><strong>Pratos<\/strong><\/p>\n\n\n\n<p class=\"wp-block-paragraph\">O p\u00fablico pode conhecer e aproveitar as del\u00edcias dos&nbsp;<a href=\"https:\/\/u27764309.ct.sendgrid.net\/ls\/click?upn=7vvcAj0XtsZ3UvyGky7PZVePhR2vYBxLRVx9oVQTC2Oh3ptBFMQ0x1BGSq14vntYphsAJ2lB9ipX-2BcLrBtsl2vVidkQgRtsoihIAuKLBbZ4fwaAlIMKUfDtH3KCdemosm4bUPF6PH35Yo8mBTZv98jho7y3M59G7MZQ7jcRl0R0-3DnEdX_jVwsiUklf-2FtKmEVWXmO-2FLnVN97bnDKbz6YJOPD1szn2UqNhlXam767eGsDpA99CQ-2BC9xU7dQD3Lf-2Fi5JDMzvAM2wARi-2FuthsIJhQ2yKopWjh-2BKqlyfxhquP20g0D1CMc3U-2FLW9AoVfJRVCg4gESIfeq9wNyOQUArGc6zE5g4tkYQW74RUPsGUJPKfqf6J8ypA16FqAU-2Bo7J4ARelsLVjxWi270HVtgNI-2FqxRcwEn77w-3D\" target=\"_blank\" rel=\"noreferrer noopener\">41 pratos<\/a>, de comidinhas doces e salgadas at\u00e9 op\u00e7\u00f5es vegetarianas. Nesta edi\u00e7\u00e3o, as propostas gastron\u00f4micas est\u00e3o sendo avaliadas por tr\u00eas jurados diferentes todas as noites. Os profissionais, que atuam no mundo gastron\u00f4mico, foram previamente selecionados para julgarem os elementos que comp\u00f5em as produ\u00e7\u00f5es concorrentes, como sabor, criatividade, originalidade, dentre outros. Ao clicar neste<a href=\"https:\/\/u27764309.ct.sendgrid.net\/ls\/click?upn=7vvcAj0XtsZ3UvyGky7PZdCTXg2SeJbHkXgxtbHvqGJbuVTIOKEs2EzOtyvcrgSWklcY_jVwsiUklf-2FtKmEVWXmO-2FLnVN97bnDKbz6YJOPD1szn2UqNhlXam767eGsDpA99CQCOD9IgfTCk9DNejC-2FkljeCbxBgggP0eUEbL1maxkxCHUBcWOYXEyhiUusjCU7j0zOKO8GwskfHavsXxAovmJSUgeaL24XNfwrLKx0xOl-2BDxhwMMJfdZESakqdNklRdD50cfpYbzFwjE53FNSnr9SEXkZeXhsmCLoP08EIp5eU1g-3D\" target=\"_blank\" rel=\"noreferrer noopener\">&nbsp;link<\/a>&nbsp;voc\u00ea confere a lista completa de pratos e seus respectivos valores.&nbsp;<br>&nbsp;<br>&nbsp;<\/p>\n\n\n\n<p class=\"wp-block-paragraph\"><strong>M\u00fasica<\/strong><\/p>\n\n\n\n<p class=\"wp-block-paragraph\">Com m\u00fasicas que exaltam as riquezas do Tocantins, com o projeto AmazoniCantoria, os consagrados artistas tocantinenses Juraildes da Cruz, Gen\u00e9sio Tocantins, Braguinha Barroso, Doriv\u00e3 e Lucimar abrilhantaram a noite cantando seus sucessos. Em seguida se apresentou a cantora palmense Keila Lipe, seguida da atra\u00e7\u00e3o principal da noite, a cantora Manu Bahtid\u00e3o, que subiu ao palco e fez uma apresenta\u00e7\u00e3o hist\u00f3rica animando o p\u00fablico com seus maiores sucessos da carreira.&nbsp;<\/p>\n\n\n\n<p class=\"wp-block-paragraph\"><a href=\"https:\/\/u27764309.ct.sendgrid.net\/ls\/click?upn=7vvcAj0XtsZ3UvyGky7PZVePhR2vYBxLRVx9oVQTC2OlCqSMq4z4SaeukqGWYusvtJgKO7JW5Nc7eYvKPMW7X-2BiIsY0zogAmrv8ZaQWpcjeytqdbYfbdeM1TUAuFyGYgnrWu_jVwsiUklf-2FtKmEVWXmO-2FLnVN97bnDKbz6YJOPD1szn2UqNhlXam767eGsDpA99CQs7g05DVUaD4LH-2Bsib4LgyI3BTtMDjDAVh3SrMN3B9l72Nm3XWfVhzyUZ-2FVNbPqip3Mu-2FxZGYmKp8rLoLSp2uiGd6C1vtAYfDRcSGmCqGqz-2BR6-2FDJXzVI8GKBbvJVlQCTW0EUaFrgl0MgaMrB-2BBAKWKsOgxs4qX9N0k2ykEVcYQg-3D\" target=\"_blank\" rel=\"noreferrer noopener\">Confira o primeiro dia do 17\u00ba FGT sob o olhar do rep\u00f3rter fotogr\u00e1fico Edu Fortes<\/a><\/p>\n\n\n\n<p class=\"wp-block-paragraph\"><a href=\"https:\/\/u27764309.ct.sendgrid.net\/ls\/click?upn=7vvcAj0XtsZ3UvyGky7PZVePhR2vYBxLRVx9oVQTC2PKz153Jr-2BlMSYFWNfVILXWt1KoBM2QrSj-2FNcHGk88PMoy-2FLoXiYfuXoNhLpVhcFtpU1zIFTrqBBF7nDTkdxMDuVNb4T3JYs8cw7zkL85CYew-3D-3DBnjZ_jVwsiUklf-2FtKmEVWXmO-2FLnVN97bnDKbz6YJOPD1szn2UqNhlXam767eGsDpA99CQvY1iCirIOAJLGW8w9elxyAD3F2edaWLGpZM40CgaSh9K3n6rizzwKxb-2FL-2BjUMBfGHOu46kfjuutKnCXQ287YaVxVctk2B5oZZ-2Fxtkj1p-2FXmVfISKEIcZf96inhaj-2F-2FtU66Xei9oFNUkBE-2Botab7zRgItx4QernCnCTQLz7SHhd0-3D\" target=\"_blank\" rel=\"noreferrer noopener\">Confira o primeiro dia do 17\u00ba FGT sob o olhar do rep\u00f3rter fotogr\u00e1fico J\u00fanior Suzuki<\/a><\/p>\n\n\n\n<p class=\"wp-block-paragraph\"><a href=\"https:\/\/u27764309.ct.sendgrid.net\/ls\/click?upn=7vvcAj0XtsZ3UvyGky7PZVePhR2vYBxLRVx9oVQTC2MR-2FUwzbrfTh-2FoqEhTTXZSVTmaQ8860T51QpnZPErtr92YWeOUb1YtFDiEfl4jARtTPN8m6A56J0or93eVKwIXKgEO24-2FBh2-2FJy0LF8SSz-2Bz-2FDbxZNwYiDVn5-2BOdrpmlOU-3DNPvx_jVwsiUklf-2FtKmEVWXmO-2FLnVN97bnDKbz6YJOPD1szn2UqNhlXam767eGsDpA99CQvY1iCirIOAJLGW8w9elxyBdAG4dmNUV6tsWSub8PpohksHwXkjfHGeC0vdrv3bBAmUfIZvVPt9lbwYYdF6HLg0vp0tqOaNuf2AkRBDqibGEWYriwjEDiAlG8q5Hh94XsqvZL8TXAnzEVVVgD3HN5Cu76uOdRG3863lyZtQkebOw-3D\" target=\"_blank\" rel=\"noreferrer noopener\">Primeira noite de Festival Gastron\u00f4mico ganha aprova\u00e7\u00e3o do p\u00fablico<\/a><\/p>\n","protected":false},"excerpt":{"rendered":"<p>Superando expectativas, o circuito da 17\u00aa edi\u00e7\u00e3o do Festival Gastron\u00f4mico de Taquaru\u00e7u (FGT) ficou lotado na noite desta quinta-feira, 7, feriado da Independ\u00eancia do Brasil. A programa\u00e7\u00e3o especial contou com as del\u00edcias dos mais variados pratos e sabores, e ainda com a grande atra\u00e7\u00e3o musical da noite, o furac\u00e3o paraense Manu Bahtid\u00e3o, que embalou o [&hellip;]<\/p>\n","protected":false},"author":13,"featured_media":0,"comment_status":"open","ping_status":"open","sticky":false,"template":"","format":"standard","meta":{"_acf_changed":false,"footnotes":""},"categories":[22,21],"tags":[1210,1211,720,956],"class_list":["post-74052","post","type-post","status-publish","format-standard","hentry","category-cidades","category-todas-noticias","tag-17o-fgt","tag-manu-bahtidao","tag-prefeitura-de-palmas","tag-taquarucu"],"acf":[],"yoast_head":"<!-- This site is optimized with the Yoast SEO plugin v24.4 - https:\/\/yoast.com\/wordpress\/plugins\/seo\/ -->\n<title>Manu Bahtid\u00e3o supera expectativas e lota segunda noite do festival gastron\u00f4mico - PORTAL DE NOT\u00cdCIAS CLEITON PINHEIRO<\/title>\n<meta name=\"robots\" content=\"index, follow, max-snippet:-1, max-image-preview:large, max-video-preview:-1\" \/>\n<link rel=\"canonical\" href=\"https:\/\/cleitonpinheiro.com.br\/site\/manu-bahtidao-supera-expectativas-e-lota-segunda-noite-do-festival-gastronomico\/\" \/>\n<meta property=\"og:locale\" content=\"pt_BR\" \/>\n<meta property=\"og:type\" content=\"article\" \/>\n<meta property=\"og:title\" content=\"Manu Bahtid\u00e3o supera expectativas e lota segunda noite do festival gastron\u00f4mico - PORTAL DE NOT\u00cdCIAS CLEITON PINHEIRO\" \/>\n<meta property=\"og:description\" content=\"Superando expectativas, o circuito da 17\u00aa edi\u00e7\u00e3o do Festival Gastron\u00f4mico de Taquaru\u00e7u (FGT) ficou lotado na noite desta quinta-feira, 7, feriado da Independ\u00eancia do Brasil. A programa\u00e7\u00e3o especial contou com as del\u00edcias dos mais variados pratos e sabores, e ainda com a grande atra\u00e7\u00e3o musical da noite, o furac\u00e3o paraense Manu Bahtid\u00e3o, que embalou o [&hellip;]\" \/>\n<meta property=\"og:url\" content=\"https:\/\/cleitonpinheiro.com.br\/site\/manu-bahtidao-supera-expectativas-e-lota-segunda-noite-do-festival-gastronomico\/\" \/>\n<meta property=\"og:site_name\" content=\"PORTAL DE NOT\u00cdCIAS CLEITON PINHEIRO\" \/>\n<meta property=\"article:publisher\" content=\"https:\/\/www.facebook.com\/portalcpnoticias\/\" \/>\n<meta property=\"article:published_time\" content=\"2023-09-08T14:35:59+00:00\" \/>\n<meta property=\"article:modified_time\" content=\"2023-09-11T13:52:20+00:00\" \/>\n<meta property=\"og:image\" content=\"https:\/\/cleitonpinheiro.com.br\/site\/wp-content\/uploads\/2023\/09\/3b89f31e2dda481e81acf01270fd970e.jpeg\" \/>\n\t<meta property=\"og:image:width\" content=\"800\" \/>\n\t<meta property=\"og:image:height\" content=\"533\" \/>\n\t<meta property=\"og:image:type\" content=\"image\/jpeg\" \/>\n<meta name=\"author\" content=\"Reda\u00e7\u00e3o CP\" \/>\n<meta name=\"twitter:card\" content=\"summary_large_image\" \/>\n<meta name=\"twitter:label1\" content=\"Escrito por\" \/>\n\t<meta name=\"twitter:data1\" content=\"Reda\u00e7\u00e3o CP\" \/>\n\t<meta name=\"twitter:label2\" content=\"Est. tempo de leitura\" \/>\n\t<meta name=\"twitter:data2\" content=\"4 minutos\" \/>\n<script type=\"application\/ld+json\" class=\"yoast-schema-graph\">{\"@context\":\"https:\/\/schema.org\",\"@graph\":[{\"@type\":\"Article\",\"@id\":\"https:\/\/cleitonpinheiro.com.br\/site\/manu-bahtidao-supera-expectativas-e-lota-segunda-noite-do-festival-gastronomico\/#article\",\"isPartOf\":{\"@id\":\"https:\/\/cleitonpinheiro.com.br\/site\/manu-bahtidao-supera-expectativas-e-lota-segunda-noite-do-festival-gastronomico\/\"},\"author\":{\"name\":\"Reda\u00e7\u00e3o CP\",\"@id\":\"https:\/\/cleitonpinheiro.com.br\/site\/#\/schema\/person\/8f04544e0bc40a1b68775b08360f87db\"},\"headline\":\"Manu Bahtid\u00e3o supera expectativas e lota segunda noite do festival gastron\u00f4mico\",\"datePublished\":\"2023-09-08T14:35:59+00:00\",\"dateModified\":\"2023-09-11T13:52:20+00:00\",\"mainEntityOfPage\":{\"@id\":\"https:\/\/cleitonpinheiro.com.br\/site\/manu-bahtidao-supera-expectativas-e-lota-segunda-noite-do-festival-gastronomico\/\"},\"wordCount\":686,\"commentCount\":0,\"publisher\":{\"@id\":\"https:\/\/cleitonpinheiro.com.br\/site\/#organization\"},\"image\":{\"@id\":\"https:\/\/cleitonpinheiro.com.br\/site\/manu-bahtidao-supera-expectativas-e-lota-segunda-noite-do-festival-gastronomico\/#primaryimage\"},\"thumbnailUrl\":\"https:\/\/cleitonpinheiro.com.br\/site\/wp-content\/uploads\/2023\/09\/3b89f31e2dda481e81acf01270fd970e.jpeg\",\"keywords\":[\"17\u00ba FGT\",\"Manu Bahtid\u00e3o\",\"Prefeitura de Palmas\",\"Taquaru\u00e7u\"],\"articleSection\":[\"CIDADES\",\"TODAS NOTICIAS\"],\"inLanguage\":\"pt-BR\",\"potentialAction\":[{\"@type\":\"CommentAction\",\"name\":\"Comment\",\"target\":[\"https:\/\/cleitonpinheiro.com.br\/site\/manu-bahtidao-supera-expectativas-e-lota-segunda-noite-do-festival-gastronomico\/#respond\"]}]},{\"@type\":\"WebPage\",\"@id\":\"https:\/\/cleitonpinheiro.com.br\/site\/manu-bahtidao-supera-expectativas-e-lota-segunda-noite-do-festival-gastronomico\/\",\"url\":\"https:\/\/cleitonpinheiro.com.br\/site\/manu-bahtidao-supera-expectativas-e-lota-segunda-noite-do-festival-gastronomico\/\",\"name\":\"Manu Bahtid\u00e3o supera expectativas e lota segunda noite do festival gastron\u00f4mico - PORTAL DE NOT\u00cdCIAS CLEITON PINHEIRO\",\"isPartOf\":{\"@id\":\"https:\/\/cleitonpinheiro.com.br\/site\/#website\"},\"primaryImageOfPage\":{\"@id\":\"https:\/\/cleitonpinheiro.com.br\/site\/manu-bahtidao-supera-expectativas-e-lota-segunda-noite-do-festival-gastronomico\/#primaryimage\"},\"image\":{\"@id\":\"https:\/\/cleitonpinheiro.com.br\/site\/manu-bahtidao-supera-expectativas-e-lota-segunda-noite-do-festival-gastronomico\/#primaryimage\"},\"thumbnailUrl\":\"https:\/\/cleitonpinheiro.com.br\/site\/wp-content\/uploads\/2023\/09\/3b89f31e2dda481e81acf01270fd970e.jpeg\",\"datePublished\":\"2023-09-08T14:35:59+00:00\",\"dateModified\":\"2023-09-11T13:52:20+00:00\",\"breadcrumb\":{\"@id\":\"https:\/\/cleitonpinheiro.com.br\/site\/manu-bahtidao-supera-expectativas-e-lota-segunda-noite-do-festival-gastronomico\/#breadcrumb\"},\"inLanguage\":\"pt-BR\",\"potentialAction\":[{\"@type\":\"ReadAction\",\"target\":[\"https:\/\/cleitonpinheiro.com.br\/site\/manu-bahtidao-supera-expectativas-e-lota-segunda-noite-do-festival-gastronomico\/\"]}]},{\"@type\":\"ImageObject\",\"inLanguage\":\"pt-BR\",\"@id\":\"https:\/\/cleitonpinheiro.com.br\/site\/manu-bahtidao-supera-expectativas-e-lota-segunda-noite-do-festival-gastronomico\/#primaryimage\",\"url\":\"\",\"contentUrl\":\"\"},{\"@type\":\"BreadcrumbList\",\"@id\":\"https:\/\/cleitonpinheiro.com.br\/site\/manu-bahtidao-supera-expectativas-e-lota-segunda-noite-do-festival-gastronomico\/#breadcrumb\",\"itemListElement\":[{\"@type\":\"ListItem\",\"position\":1,\"name\":\"In\u00edcio\",\"item\":\"https:\/\/cleitonpinheiro.com.br\/site\/\"},{\"@type\":\"ListItem\",\"position\":2,\"name\":\"Manu Bahtid\u00e3o supera expectativas e lota segunda noite do festival gastron\u00f4mico\"}]},{\"@type\":\"WebSite\",\"@id\":\"https:\/\/cleitonpinheiro.com.br\/site\/#website\",\"url\":\"https:\/\/cleitonpinheiro.com.br\/site\/\",\"name\":\"PORTAL DE NOT\u00cdCIAS CLEITON PINHEIRO\",\"description\":\"FALANDO A VERDADE\",\"publisher\":{\"@id\":\"https:\/\/cleitonpinheiro.com.br\/site\/#organization\"},\"potentialAction\":[{\"@type\":\"SearchAction\",\"target\":{\"@type\":\"EntryPoint\",\"urlTemplate\":\"https:\/\/cleitonpinheiro.com.br\/site\/?s={search_term_string}\"},\"query-input\":{\"@type\":\"PropertyValueSpecification\",\"valueRequired\":true,\"valueName\":\"search_term_string\"}}],\"inLanguage\":\"pt-BR\"},{\"@type\":\"Organization\",\"@id\":\"https:\/\/cleitonpinheiro.com.br\/site\/#organization\",\"name\":\"CPNOT\u00cdCIAS\",\"url\":\"https:\/\/cleitonpinheiro.com.br\/site\/\",\"logo\":{\"@type\":\"ImageObject\",\"inLanguage\":\"pt-BR\",\"@id\":\"https:\/\/cleitonpinheiro.com.br\/site\/#\/schema\/logo\/image\/\",\"url\":\"https:\/\/cleitonpinheiro.com.br\/site\/wp-content\/uploads\/2022\/08\/Logo-pequena-2.png\",\"contentUrl\":\"https:\/\/cleitonpinheiro.com.br\/site\/wp-content\/uploads\/2022\/08\/Logo-pequena-2.png\",\"width\":500,\"height\":500,\"caption\":\"CPNOT\u00cdCIAS\"},\"image\":{\"@id\":\"https:\/\/cleitonpinheiro.com.br\/site\/#\/schema\/logo\/image\/\"},\"sameAs\":[\"https:\/\/www.facebook.com\/portalcpnoticias\/\"]},{\"@type\":\"Person\",\"@id\":\"https:\/\/cleitonpinheiro.com.br\/site\/#\/schema\/person\/8f04544e0bc40a1b68775b08360f87db\",\"name\":\"Reda\u00e7\u00e3o CP\",\"image\":{\"@type\":\"ImageObject\",\"inLanguage\":\"pt-BR\",\"@id\":\"https:\/\/cleitonpinheiro.com.br\/site\/#\/schema\/person\/image\/\",\"url\":\"https:\/\/secure.gravatar.com\/avatar\/0bcf19cb29fdc8fc588c490c7ae1b3e174dac268586a63fbe1d1893a0f9020cd?s=96&r=g\",\"contentUrl\":\"https:\/\/secure.gravatar.com\/avatar\/0bcf19cb29fdc8fc588c490c7ae1b3e174dac268586a63fbe1d1893a0f9020cd?s=96&r=g\",\"caption\":\"Reda\u00e7\u00e3o CP\"},\"url\":\"https:\/\/cleitonpinheiro.com.br\/site\/author\/redacao\/\"}]}<\/script>\n<!-- \/ Yoast SEO plugin. -->","yoast_head_json":{"title":"Manu Bahtid\u00e3o supera expectativas e lota segunda noite do festival gastron\u00f4mico - PORTAL DE NOT\u00cdCIAS CLEITON PINHEIRO","robots":{"index":"index","follow":"follow","max-snippet":"max-snippet:-1","max-image-preview":"max-image-preview:large","max-video-preview":"max-video-preview:-1"},"canonical":"https:\/\/cleitonpinheiro.com.br\/site\/manu-bahtidao-supera-expectativas-e-lota-segunda-noite-do-festival-gastronomico\/","og_locale":"pt_BR","og_type":"article","og_title":"Manu Bahtid\u00e3o supera expectativas e lota segunda noite do festival gastron\u00f4mico - PORTAL DE NOT\u00cdCIAS CLEITON PINHEIRO","og_description":"Superando expectativas, o circuito da 17\u00aa edi\u00e7\u00e3o do Festival Gastron\u00f4mico de Taquaru\u00e7u (FGT) ficou lotado na noite desta quinta-feira, 7, feriado da Independ\u00eancia do Brasil. A programa\u00e7\u00e3o especial contou com as del\u00edcias dos mais variados pratos e sabores, e ainda com a grande atra\u00e7\u00e3o musical da noite, o furac\u00e3o paraense Manu Bahtid\u00e3o, que embalou o [&hellip;]","og_url":"https:\/\/cleitonpinheiro.com.br\/site\/manu-bahtidao-supera-expectativas-e-lota-segunda-noite-do-festival-gastronomico\/","og_site_name":"PORTAL DE NOT\u00cdCIAS CLEITON PINHEIRO","article_publisher":"https:\/\/www.facebook.com\/portalcpnoticias\/","article_published_time":"2023-09-08T14:35:59+00:00","article_modified_time":"2023-09-11T13:52:20+00:00","og_image":[{"width":800,"height":533,"url":"https:\/\/cleitonpinheiro.com.br\/site\/wp-content\/uploads\/2023\/09\/3b89f31e2dda481e81acf01270fd970e.jpeg","type":"image\/jpeg"}],"author":"Reda\u00e7\u00e3o CP","twitter_card":"summary_large_image","twitter_misc":{"Escrito por":"Reda\u00e7\u00e3o CP","Est. tempo de leitura":"4 minutos"},"schema":{"@context":"https:\/\/schema.org","@graph":[{"@type":"Article","@id":"https:\/\/cleitonpinheiro.com.br\/site\/manu-bahtidao-supera-expectativas-e-lota-segunda-noite-do-festival-gastronomico\/#article","isPartOf":{"@id":"https:\/\/cleitonpinheiro.com.br\/site\/manu-bahtidao-supera-expectativas-e-lota-segunda-noite-do-festival-gastronomico\/"},"author":{"name":"Reda\u00e7\u00e3o CP","@id":"https:\/\/cleitonpinheiro.com.br\/site\/#\/schema\/person\/8f04544e0bc40a1b68775b08360f87db"},"headline":"Manu Bahtid\u00e3o supera expectativas e lota segunda noite do festival gastron\u00f4mico","datePublished":"2023-09-08T14:35:59+00:00","dateModified":"2023-09-11T13:52:20+00:00","mainEntityOfPage":{"@id":"https:\/\/cleitonpinheiro.com.br\/site\/manu-bahtidao-supera-expectativas-e-lota-segunda-noite-do-festival-gastronomico\/"},"wordCount":686,"commentCount":0,"publisher":{"@id":"https:\/\/cleitonpinheiro.com.br\/site\/#organization"},"image":{"@id":"https:\/\/cleitonpinheiro.com.br\/site\/manu-bahtidao-supera-expectativas-e-lota-segunda-noite-do-festival-gastronomico\/#primaryimage"},"thumbnailUrl":"https:\/\/cleitonpinheiro.com.br\/site\/wp-content\/uploads\/2023\/09\/3b89f31e2dda481e81acf01270fd970e.jpeg","keywords":["17\u00ba FGT","Manu Bahtid\u00e3o","Prefeitura de Palmas","Taquaru\u00e7u"],"articleSection":["CIDADES","TODAS NOTICIAS"],"inLanguage":"pt-BR","potentialAction":[{"@type":"CommentAction","name":"Comment","target":["https:\/\/cleitonpinheiro.com.br\/site\/manu-bahtidao-supera-expectativas-e-lota-segunda-noite-do-festival-gastronomico\/#respond"]}]},{"@type":"WebPage","@id":"https:\/\/cleitonpinheiro.com.br\/site\/manu-bahtidao-supera-expectativas-e-lota-segunda-noite-do-festival-gastronomico\/","url":"https:\/\/cleitonpinheiro.com.br\/site\/manu-bahtidao-supera-expectativas-e-lota-segunda-noite-do-festival-gastronomico\/","name":"Manu Bahtid\u00e3o supera expectativas e lota segunda noite do festival gastron\u00f4mico - PORTAL DE NOT\u00cdCIAS CLEITON PINHEIRO","isPartOf":{"@id":"https:\/\/cleitonpinheiro.com.br\/site\/#website"},"primaryImageOfPage":{"@id":"https:\/\/cleitonpinheiro.com.br\/site\/manu-bahtidao-supera-expectativas-e-lota-segunda-noite-do-festival-gastronomico\/#primaryimage"},"image":{"@id":"https:\/\/cleitonpinheiro.com.br\/site\/manu-bahtidao-supera-expectativas-e-lota-segunda-noite-do-festival-gastronomico\/#primaryimage"},"thumbnailUrl":"https:\/\/cleitonpinheiro.com.br\/site\/wp-content\/uploads\/2023\/09\/3b89f31e2dda481e81acf01270fd970e.jpeg","datePublished":"2023-09-08T14:35:59+00:00","dateModified":"2023-09-11T13:52:20+00:00","breadcrumb":{"@id":"https:\/\/cleitonpinheiro.com.br\/site\/manu-bahtidao-supera-expectativas-e-lota-segunda-noite-do-festival-gastronomico\/#breadcrumb"},"inLanguage":"pt-BR","potentialAction":[{"@type":"ReadAction","target":["https:\/\/cleitonpinheiro.com.br\/site\/manu-bahtidao-supera-expectativas-e-lota-segunda-noite-do-festival-gastronomico\/"]}]},{"@type":"ImageObject","inLanguage":"pt-BR","@id":"https:\/\/cleitonpinheiro.com.br\/site\/manu-bahtidao-supera-expectativas-e-lota-segunda-noite-do-festival-gastronomico\/#primaryimage","url":"","contentUrl":""},{"@type":"BreadcrumbList","@id":"https:\/\/cleitonpinheiro.com.br\/site\/manu-bahtidao-supera-expectativas-e-lota-segunda-noite-do-festival-gastronomico\/#breadcrumb","itemListElement":[{"@type":"ListItem","position":1,"name":"In\u00edcio","item":"https:\/\/cleitonpinheiro.com.br\/site\/"},{"@type":"ListItem","position":2,"name":"Manu Bahtid\u00e3o supera expectativas e lota segunda noite do festival gastron\u00f4mico"}]},{"@type":"WebSite","@id":"https:\/\/cleitonpinheiro.com.br\/site\/#website","url":"https:\/\/cleitonpinheiro.com.br\/site\/","name":"PORTAL DE NOT\u00cdCIAS CLEITON PINHEIRO","description":"FALANDO A VERDADE","publisher":{"@id":"https:\/\/cleitonpinheiro.com.br\/site\/#organization"},"potentialAction":[{"@type":"SearchAction","target":{"@type":"EntryPoint","urlTemplate":"https:\/\/cleitonpinheiro.com.br\/site\/?s={search_term_string}"},"query-input":{"@type":"PropertyValueSpecification","valueRequired":true,"valueName":"search_term_string"}}],"inLanguage":"pt-BR"},{"@type":"Organization","@id":"https:\/\/cleitonpinheiro.com.br\/site\/#organization","name":"CPNOT\u00cdCIAS","url":"https:\/\/cleitonpinheiro.com.br\/site\/","logo":{"@type":"ImageObject","inLanguage":"pt-BR","@id":"https:\/\/cleitonpinheiro.com.br\/site\/#\/schema\/logo\/image\/","url":"https:\/\/cleitonpinheiro.com.br\/site\/wp-content\/uploads\/2022\/08\/Logo-pequena-2.png","contentUrl":"https:\/\/cleitonpinheiro.com.br\/site\/wp-content\/uploads\/2022\/08\/Logo-pequena-2.png","width":500,"height":500,"caption":"CPNOT\u00cdCIAS"},"image":{"@id":"https:\/\/cleitonpinheiro.com.br\/site\/#\/schema\/logo\/image\/"},"sameAs":["https:\/\/www.facebook.com\/portalcpnoticias\/"]},{"@type":"Person","@id":"https:\/\/cleitonpinheiro.com.br\/site\/#\/schema\/person\/8f04544e0bc40a1b68775b08360f87db","name":"Reda\u00e7\u00e3o CP","image":{"@type":"ImageObject","inLanguage":"pt-BR","@id":"https:\/\/cleitonpinheiro.com.br\/site\/#\/schema\/person\/image\/","url":"https:\/\/secure.gravatar.com\/avatar\/0bcf19cb29fdc8fc588c490c7ae1b3e174dac268586a63fbe1d1893a0f9020cd?s=96&r=g","contentUrl":"https:\/\/secure.gravatar.com\/avatar\/0bcf19cb29fdc8fc588c490c7ae1b3e174dac268586a63fbe1d1893a0f9020cd?s=96&r=g","caption":"Reda\u00e7\u00e3o CP"},"url":"https:\/\/cleitonpinheiro.com.br\/site\/author\/redacao\/"}]}},"views":183,"_links":{"self":[{"href":"https:\/\/cleitonpinheiro.com.br\/site\/wp-json\/wp\/v2\/posts\/74052","targetHints":{"allow":["GET"]}}],"collection":[{"href":"https:\/\/cleitonpinheiro.com.br\/site\/wp-json\/wp\/v2\/posts"}],"about":[{"href":"https:\/\/cleitonpinheiro.com.br\/site\/wp-json\/wp\/v2\/types\/post"}],"author":[{"embeddable":true,"href":"https:\/\/cleitonpinheiro.com.br\/site\/wp-json\/wp\/v2\/users\/13"}],"replies":[{"embeddable":true,"href":"https:\/\/cleitonpinheiro.com.br\/site\/wp-json\/wp\/v2\/comments?post=74052"}],"version-history":[{"count":1,"href":"https:\/\/cleitonpinheiro.com.br\/site\/wp-json\/wp\/v2\/posts\/74052\/revisions"}],"predecessor-version":[{"id":74054,"href":"https:\/\/cleitonpinheiro.com.br\/site\/wp-json\/wp\/v2\/posts\/74052\/revisions\/74054"}],"wp:attachment":[{"href":"https:\/\/cleitonpinheiro.com.br\/site\/wp-json\/wp\/v2\/media?parent=74052"}],"wp:term":[{"taxonomy":"category","embeddable":true,"href":"https:\/\/cleitonpinheiro.com.br\/site\/wp-json\/wp\/v2\/categories?post=74052"},{"taxonomy":"post_tag","embeddable":true,"href":"https:\/\/cleitonpinheiro.com.br\/site\/wp-json\/wp\/v2\/tags?post=74052"}],"curies":[{"name":"wp","href":"https:\/\/api.w.org\/{rel}","templated":true}]}}