{"id":74055,"date":"2023-09-08T11:53:23","date_gmt":"2023-09-08T14:53:23","guid":{"rendered":"https:\/\/cleitonpinheiro.com.br\/site\/?p=74055"},"modified":"2023-09-11T10:52:13","modified_gmt":"2023-09-11T13:52:13","slug":"motoristas-deixam-carros-no-ginasio-ayrton-senna-e-seguem-de-transporte-coletivo","status":"publish","type":"post","link":"https:\/\/cleitonpinheiro.com.br\/site\/motoristas-deixam-carros-no-ginasio-ayrton-senna-e-seguem-de-transporte-coletivo\/","title":{"rendered":"Motoristas deixam carros no Gin\u00e1sio Ayrton Senna e seguem de transporte coletivo"},"content":{"rendered":"\n<figure class=\"wp-block-image size-full\"><img decoding=\"async\" src=\"https:\/\/cleitonpinheiro.com.br\/site\/wp-content\/uploads\/2023\/09\/6e8620666c234d4ea039b788a5e094a6.jpg\" alt=\"\" class=\"wp-image-74056\"\/><figcaption class=\"wp-element-caption\">Iniciativa se destaca como uma alternativa para diminuir o fluxo de carros no Distrito &#8211; Foto: Regiane Rocha\/Prefeitura de Palmas<\/figcaption><\/figure>\n\n\n\n<p class=\"wp-block-paragraph\">Com a vasta programa\u00e7\u00e3o do 17\u00ba\u00a0Festival Gastron\u00f4mico de Taquaru\u00e7u, muitos motoristas preferiram deixar seus ve\u00edculos no estacionamento do Gin\u00e1sio Ayrton Senna, em Taquaralto, e seguiram para o evento de transporte coletivo &#8211; \u00a0Meu Bus\u00e3o Palmas, na noite desta quinta-feira, 7, a fim de garantir maior comodidade em estacionar e fugir do congestionamento, principalmente na descida da regi\u00e3o serrana do distrito.<\/p>\n\n\n\n<p class=\"wp-block-paragraph\">Com iniciativa da Ag\u00eancia de Transporte Coletivo de Palmas (ATCP), a linha exclusiva e gratuita entrou em opera\u00e7\u00e3o a partir das 18 horas, com destino \u00e0 Pra\u00e7a Joaquim Maraca\u00edpe, em Taquaru\u00e7u. As rotas foram iniciadas de acordo com a demanda do p\u00fablico, e o retorno segue mantido em at\u00e9 uma&nbsp;hora ap\u00f3s o encerramento das festividades, em todos os dias de evento. Al\u00e9m disso, o refor\u00e7o n\u00e3o interfere no funcionamento convencional da Linha 450 &#8211; Taquaru\u00e7u, com o ponto de sa\u00edda da Esta\u00e7\u00e3o Java\u00e9 em Taquaralto.<\/p>\n\n\n\n<p class=\"wp-block-paragraph\">A cabeleireira&nbsp;Ana Alice Teixeira, 35 anos, participante do festival&nbsp;juntamente com a sua filha, Ana Fl\u00e1via, optaram&nbsp;pela comodidade e agilidade do transporte p\u00fablico. \u201c\u00c9 bem melhor pegar o \u00f4nibus em Taquaralto, pois n\u00e3o temos a preocupa\u00e7\u00e3o de subir e descer a serra. Al\u00e9m disso, a viagem \u00e9 r\u00e1pida e bem tranquila\u201d, destacou Ana.<\/p>\n\n\n\n<p class=\"wp-block-paragraph\">Quem tamb\u00e9m aproveitou para subir a serra de Meu Bus\u00e3o foi o eletricista&nbsp;Murilo Vieira Campos, 33 anos. Ele conta que a experi\u00eancia foi r\u00e1pida e tranquila. \u201cAchei muito boa a vinda de \u00f4nibus. Tudo muito r\u00e1pido e tranquilo. Sempre vim de \u00f4nibus e n\u00e3o tenho do que reclamar\u201d, declara.<\/p>\n\n\n\n<p class=\"wp-block-paragraph\">O Festival Gastron\u00f4mico de Taquaru\u00e7u \u00e9 um dos eventos mais aguardados na regi\u00e3o e atrai amantes da gastronomia de todos os cantos. E, com a gratuidade no transporte p\u00fablico, mais pessoas t\u00eam a oportunidade de explorar as diversas iguarias oferecidas pelos chefs e restaurantes locais.<\/p>\n\n\n\n<p class=\"wp-block-paragraph\"><strong>Gratuidade<\/strong><\/p>\n\n\n\n<p class=\"wp-block-paragraph\">Durante os dias 7 e 8 de setembro, feriado nacional e estadual, e nos dias 9 e 10, s\u00e1bado e domingo, as catracas do transporte p\u00fablico estar\u00e3o livres com entrada pelas portas traseiras em todas as linhas na Capital.<\/p>\n\n\n\n<p class=\"wp-block-paragraph\">A medida n\u00e3o apenas facilitou o acesso ao festival, mas tamb\u00e9m promoveu a mobilidade sustent\u00e1vel na cidade, reduzindo o n\u00famero de ve\u00edculos particulares nas vias e diminuindo o congestionamento nas estradas.<\/p>\n\n\n\n<p class=\"wp-block-paragraph\"><a href=\"https:\/\/agenciapalmas.com\/Noticia\/236835\/manu-bahtidao-supera-expectativas-e-lota-segunda-noite-do-festival-gastronomico\" target=\"_blank\" rel=\"noreferrer noopener\">Manu Bahtid\u00e3o supera expectativas e lota segunda noite do festival gastron\u00f4mico<\/a><\/p>\n\n\n\n<p class=\"wp-block-paragraph\"><a href=\"https:\/\/agenciapalmas.com\/Fotos\/160907\/primeira-noite-do-17-fgt-edu-fortes\" target=\"_blank\" rel=\"noreferrer noopener\">Confira o primeiro dia do 17\u00ba FGT sob o olhar do rep\u00f3rter fotogr\u00e1fico Edu Fortes<\/a><\/p>\n\n\n\n<p class=\"wp-block-paragraph\"><a href=\"https:\/\/agenciapalmas.com\/Fotos\/160906\/primeira-noite-do-17-festival-gastronomico-de-taquarucu-fgt\" target=\"_blank\" rel=\"noreferrer noopener\">Confira o primeiro dia do 17\u00ba FGT sob o olhar do rep\u00f3rter fotogr\u00e1fico J\u00fanior Suzuki<\/a><\/p>\n\n\n\n<p class=\"wp-block-paragraph\"><a href=\"https:\/\/agenciapalmas.com\/Noticia\/236821\/primeira-noite-de-festival-gastronomico-ganha-aprovacao-do-publico\" target=\"_blank\" rel=\"noreferrer noopener\">Primeira noite de Festival Gastron\u00f4mico ganha aprova\u00e7\u00e3o do p\u00fablico<\/a><\/p>\n","protected":false},"excerpt":{"rendered":"<p>Com a vasta programa\u00e7\u00e3o do 17\u00ba\u00a0Festival Gastron\u00f4mico de Taquaru\u00e7u, muitos motoristas preferiram deixar seus ve\u00edculos no estacionamento do Gin\u00e1sio Ayrton Senna, em Taquaralto, e seguiram para o evento de transporte coletivo &#8211; \u00a0Meu Bus\u00e3o Palmas, na noite desta quinta-feira, 7, a fim de garantir maior comodidade em estacionar e fugir do congestionamento, principalmente na descida [&hellip;]<\/p>\n","protected":false},"author":13,"featured_media":0,"comment_status":"open","ping_status":"open","sticky":false,"template":"","format":"standard","meta":{"_acf_changed":false,"footnotes":""},"categories":[22,21],"tags":[1210,720,956],"class_list":["post-74055","post","type-post","status-publish","format-standard","hentry","category-cidades","category-todas-noticias","tag-17o-fgt","tag-prefeitura-de-palmas","tag-taquarucu"],"acf":[],"yoast_head":"<!-- This site is optimized with the Yoast SEO plugin v24.4 - https:\/\/yoast.com\/wordpress\/plugins\/seo\/ -->\n<title>Motoristas deixam carros no Gin\u00e1sio Ayrton Senna e seguem de transporte coletivo - PORTAL DE NOT\u00cdCIAS CLEITON PINHEIRO<\/title>\n<meta name=\"robots\" content=\"index, follow, max-snippet:-1, max-image-preview:large, max-video-preview:-1\" \/>\n<link rel=\"canonical\" href=\"https:\/\/cleitonpinheiro.com.br\/site\/motoristas-deixam-carros-no-ginasio-ayrton-senna-e-seguem-de-transporte-coletivo\/\" \/>\n<meta property=\"og:locale\" content=\"pt_BR\" \/>\n<meta property=\"og:type\" content=\"article\" \/>\n<meta property=\"og:title\" content=\"Motoristas deixam carros no Gin\u00e1sio Ayrton Senna e seguem de transporte coletivo - PORTAL DE NOT\u00cdCIAS CLEITON PINHEIRO\" \/>\n<meta property=\"og:description\" content=\"Com a vasta programa\u00e7\u00e3o do 17\u00ba\u00a0Festival Gastron\u00f4mico de Taquaru\u00e7u, muitos motoristas preferiram deixar seus ve\u00edculos no estacionamento do Gin\u00e1sio Ayrton Senna, em Taquaralto, e seguiram para o evento de transporte coletivo &#8211; \u00a0Meu Bus\u00e3o Palmas, na noite desta quinta-feira, 7, a fim de garantir maior comodidade em estacionar e fugir do congestionamento, principalmente na descida [&hellip;]\" \/>\n<meta property=\"og:url\" content=\"https:\/\/cleitonpinheiro.com.br\/site\/motoristas-deixam-carros-no-ginasio-ayrton-senna-e-seguem-de-transporte-coletivo\/\" \/>\n<meta property=\"og:site_name\" content=\"PORTAL DE NOT\u00cdCIAS CLEITON PINHEIRO\" \/>\n<meta property=\"article:publisher\" content=\"https:\/\/www.facebook.com\/portalcpnoticias\/\" \/>\n<meta property=\"article:published_time\" content=\"2023-09-08T14:53:23+00:00\" \/>\n<meta property=\"article:modified_time\" content=\"2023-09-11T13:52:13+00:00\" \/>\n<meta property=\"og:image\" content=\"https:\/\/cleitonpinheiro.com.br\/site\/wp-content\/uploads\/2023\/09\/6e8620666c234d4ea039b788a5e094a6.jpg\" \/>\n\t<meta property=\"og:image:width\" content=\"800\" \/>\n\t<meta property=\"og:image:height\" content=\"533\" \/>\n\t<meta property=\"og:image:type\" content=\"image\/jpeg\" \/>\n<meta name=\"author\" content=\"Reda\u00e7\u00e3o CP\" \/>\n<meta name=\"twitter:card\" content=\"summary_large_image\" \/>\n<meta name=\"twitter:label1\" content=\"Escrito por\" \/>\n\t<meta name=\"twitter:data1\" content=\"Reda\u00e7\u00e3o CP\" \/>\n\t<meta name=\"twitter:label2\" content=\"Est. tempo de leitura\" \/>\n\t<meta name=\"twitter:data2\" content=\"3 minutos\" \/>\n<script type=\"application\/ld+json\" class=\"yoast-schema-graph\">{\"@context\":\"https:\/\/schema.org\",\"@graph\":[{\"@type\":\"Article\",\"@id\":\"https:\/\/cleitonpinheiro.com.br\/site\/motoristas-deixam-carros-no-ginasio-ayrton-senna-e-seguem-de-transporte-coletivo\/#article\",\"isPartOf\":{\"@id\":\"https:\/\/cleitonpinheiro.com.br\/site\/motoristas-deixam-carros-no-ginasio-ayrton-senna-e-seguem-de-transporte-coletivo\/\"},\"author\":{\"name\":\"Reda\u00e7\u00e3o CP\",\"@id\":\"https:\/\/cleitonpinheiro.com.br\/site\/#\/schema\/person\/8f04544e0bc40a1b68775b08360f87db\"},\"headline\":\"Motoristas deixam carros no Gin\u00e1sio Ayrton Senna e seguem de transporte coletivo\",\"datePublished\":\"2023-09-08T14:53:23+00:00\",\"dateModified\":\"2023-09-11T13:52:13+00:00\",\"mainEntityOfPage\":{\"@id\":\"https:\/\/cleitonpinheiro.com.br\/site\/motoristas-deixam-carros-no-ginasio-ayrton-senna-e-seguem-de-transporte-coletivo\/\"},\"wordCount\":496,\"commentCount\":0,\"publisher\":{\"@id\":\"https:\/\/cleitonpinheiro.com.br\/site\/#organization\"},\"image\":{\"@id\":\"https:\/\/cleitonpinheiro.com.br\/site\/motoristas-deixam-carros-no-ginasio-ayrton-senna-e-seguem-de-transporte-coletivo\/#primaryimage\"},\"thumbnailUrl\":\"https:\/\/cleitonpinheiro.com.br\/site\/wp-content\/uploads\/2023\/09\/6e8620666c234d4ea039b788a5e094a6.jpg\",\"keywords\":[\"17\u00ba FGT\",\"Prefeitura de Palmas\",\"Taquaru\u00e7u\"],\"articleSection\":[\"CIDADES\",\"TODAS NOTICIAS\"],\"inLanguage\":\"pt-BR\",\"potentialAction\":[{\"@type\":\"CommentAction\",\"name\":\"Comment\",\"target\":[\"https:\/\/cleitonpinheiro.com.br\/site\/motoristas-deixam-carros-no-ginasio-ayrton-senna-e-seguem-de-transporte-coletivo\/#respond\"]}]},{\"@type\":\"WebPage\",\"@id\":\"https:\/\/cleitonpinheiro.com.br\/site\/motoristas-deixam-carros-no-ginasio-ayrton-senna-e-seguem-de-transporte-coletivo\/\",\"url\":\"https:\/\/cleitonpinheiro.com.br\/site\/motoristas-deixam-carros-no-ginasio-ayrton-senna-e-seguem-de-transporte-coletivo\/\",\"name\":\"Motoristas deixam carros no Gin\u00e1sio Ayrton Senna e seguem de transporte coletivo - PORTAL DE NOT\u00cdCIAS CLEITON PINHEIRO\",\"isPartOf\":{\"@id\":\"https:\/\/cleitonpinheiro.com.br\/site\/#website\"},\"primaryImageOfPage\":{\"@id\":\"https:\/\/cleitonpinheiro.com.br\/site\/motoristas-deixam-carros-no-ginasio-ayrton-senna-e-seguem-de-transporte-coletivo\/#primaryimage\"},\"image\":{\"@id\":\"https:\/\/cleitonpinheiro.com.br\/site\/motoristas-deixam-carros-no-ginasio-ayrton-senna-e-seguem-de-transporte-coletivo\/#primaryimage\"},\"thumbnailUrl\":\"https:\/\/cleitonpinheiro.com.br\/site\/wp-content\/uploads\/2023\/09\/6e8620666c234d4ea039b788a5e094a6.jpg\",\"datePublished\":\"2023-09-08T14:53:23+00:00\",\"dateModified\":\"2023-09-11T13:52:13+00:00\",\"breadcrumb\":{\"@id\":\"https:\/\/cleitonpinheiro.com.br\/site\/motoristas-deixam-carros-no-ginasio-ayrton-senna-e-seguem-de-transporte-coletivo\/#breadcrumb\"},\"inLanguage\":\"pt-BR\",\"potentialAction\":[{\"@type\":\"ReadAction\",\"target\":[\"https:\/\/cleitonpinheiro.com.br\/site\/motoristas-deixam-carros-no-ginasio-ayrton-senna-e-seguem-de-transporte-coletivo\/\"]}]},{\"@type\":\"ImageObject\",\"inLanguage\":\"pt-BR\",\"@id\":\"https:\/\/cleitonpinheiro.com.br\/site\/motoristas-deixam-carros-no-ginasio-ayrton-senna-e-seguem-de-transporte-coletivo\/#primaryimage\",\"url\":\"\",\"contentUrl\":\"\"},{\"@type\":\"BreadcrumbList\",\"@id\":\"https:\/\/cleitonpinheiro.com.br\/site\/motoristas-deixam-carros-no-ginasio-ayrton-senna-e-seguem-de-transporte-coletivo\/#breadcrumb\",\"itemListElement\":[{\"@type\":\"ListItem\",\"position\":1,\"name\":\"In\u00edcio\",\"item\":\"https:\/\/cleitonpinheiro.com.br\/site\/\"},{\"@type\":\"ListItem\",\"position\":2,\"name\":\"Motoristas deixam carros no Gin\u00e1sio Ayrton Senna e seguem de transporte coletivo\"}]},{\"@type\":\"WebSite\",\"@id\":\"https:\/\/cleitonpinheiro.com.br\/site\/#website\",\"url\":\"https:\/\/cleitonpinheiro.com.br\/site\/\",\"name\":\"PORTAL DE NOT\u00cdCIAS CLEITON PINHEIRO\",\"description\":\"FALANDO A VERDADE\",\"publisher\":{\"@id\":\"https:\/\/cleitonpinheiro.com.br\/site\/#organization\"},\"potentialAction\":[{\"@type\":\"SearchAction\",\"target\":{\"@type\":\"EntryPoint\",\"urlTemplate\":\"https:\/\/cleitonpinheiro.com.br\/site\/?s={search_term_string}\"},\"query-input\":{\"@type\":\"PropertyValueSpecification\",\"valueRequired\":true,\"valueName\":\"search_term_string\"}}],\"inLanguage\":\"pt-BR\"},{\"@type\":\"Organization\",\"@id\":\"https:\/\/cleitonpinheiro.com.br\/site\/#organization\",\"name\":\"CPNOT\u00cdCIAS\",\"url\":\"https:\/\/cleitonpinheiro.com.br\/site\/\",\"logo\":{\"@type\":\"ImageObject\",\"inLanguage\":\"pt-BR\",\"@id\":\"https:\/\/cleitonpinheiro.com.br\/site\/#\/schema\/logo\/image\/\",\"url\":\"https:\/\/cleitonpinheiro.com.br\/site\/wp-content\/uploads\/2022\/08\/Logo-pequena-2.png\",\"contentUrl\":\"https:\/\/cleitonpinheiro.com.br\/site\/wp-content\/uploads\/2022\/08\/Logo-pequena-2.png\",\"width\":500,\"height\":500,\"caption\":\"CPNOT\u00cdCIAS\"},\"image\":{\"@id\":\"https:\/\/cleitonpinheiro.com.br\/site\/#\/schema\/logo\/image\/\"},\"sameAs\":[\"https:\/\/www.facebook.com\/portalcpnoticias\/\"]},{\"@type\":\"Person\",\"@id\":\"https:\/\/cleitonpinheiro.com.br\/site\/#\/schema\/person\/8f04544e0bc40a1b68775b08360f87db\",\"name\":\"Reda\u00e7\u00e3o CP\",\"image\":{\"@type\":\"ImageObject\",\"inLanguage\":\"pt-BR\",\"@id\":\"https:\/\/cleitonpinheiro.com.br\/site\/#\/schema\/person\/image\/\",\"url\":\"https:\/\/secure.gravatar.com\/avatar\/0bcf19cb29fdc8fc588c490c7ae1b3e174dac268586a63fbe1d1893a0f9020cd?s=96&r=g\",\"contentUrl\":\"https:\/\/secure.gravatar.com\/avatar\/0bcf19cb29fdc8fc588c490c7ae1b3e174dac268586a63fbe1d1893a0f9020cd?s=96&r=g\",\"caption\":\"Reda\u00e7\u00e3o CP\"},\"url\":\"https:\/\/cleitonpinheiro.com.br\/site\/author\/redacao\/\"}]}<\/script>\n<!-- \/ Yoast SEO plugin. -->","yoast_head_json":{"title":"Motoristas deixam carros no Gin\u00e1sio Ayrton Senna e seguem de transporte coletivo - PORTAL DE NOT\u00cdCIAS CLEITON PINHEIRO","robots":{"index":"index","follow":"follow","max-snippet":"max-snippet:-1","max-image-preview":"max-image-preview:large","max-video-preview":"max-video-preview:-1"},"canonical":"https:\/\/cleitonpinheiro.com.br\/site\/motoristas-deixam-carros-no-ginasio-ayrton-senna-e-seguem-de-transporte-coletivo\/","og_locale":"pt_BR","og_type":"article","og_title":"Motoristas deixam carros no Gin\u00e1sio Ayrton Senna e seguem de transporte coletivo - PORTAL DE NOT\u00cdCIAS CLEITON PINHEIRO","og_description":"Com a vasta programa\u00e7\u00e3o do 17\u00ba\u00a0Festival Gastron\u00f4mico de Taquaru\u00e7u, muitos motoristas preferiram deixar seus ve\u00edculos no estacionamento do Gin\u00e1sio Ayrton Senna, em Taquaralto, e seguiram para o evento de transporte coletivo &#8211; \u00a0Meu Bus\u00e3o Palmas, na noite desta quinta-feira, 7, a fim de garantir maior comodidade em estacionar e fugir do congestionamento, principalmente na descida [&hellip;]","og_url":"https:\/\/cleitonpinheiro.com.br\/site\/motoristas-deixam-carros-no-ginasio-ayrton-senna-e-seguem-de-transporte-coletivo\/","og_site_name":"PORTAL DE NOT\u00cdCIAS CLEITON PINHEIRO","article_publisher":"https:\/\/www.facebook.com\/portalcpnoticias\/","article_published_time":"2023-09-08T14:53:23+00:00","article_modified_time":"2023-09-11T13:52:13+00:00","og_image":[{"width":800,"height":533,"url":"https:\/\/cleitonpinheiro.com.br\/site\/wp-content\/uploads\/2023\/09\/6e8620666c234d4ea039b788a5e094a6.jpg","type":"image\/jpeg"}],"author":"Reda\u00e7\u00e3o CP","twitter_card":"summary_large_image","twitter_misc":{"Escrito por":"Reda\u00e7\u00e3o CP","Est. tempo de leitura":"3 minutos"},"schema":{"@context":"https:\/\/schema.org","@graph":[{"@type":"Article","@id":"https:\/\/cleitonpinheiro.com.br\/site\/motoristas-deixam-carros-no-ginasio-ayrton-senna-e-seguem-de-transporte-coletivo\/#article","isPartOf":{"@id":"https:\/\/cleitonpinheiro.com.br\/site\/motoristas-deixam-carros-no-ginasio-ayrton-senna-e-seguem-de-transporte-coletivo\/"},"author":{"name":"Reda\u00e7\u00e3o CP","@id":"https:\/\/cleitonpinheiro.com.br\/site\/#\/schema\/person\/8f04544e0bc40a1b68775b08360f87db"},"headline":"Motoristas deixam carros no Gin\u00e1sio Ayrton Senna e seguem de transporte coletivo","datePublished":"2023-09-08T14:53:23+00:00","dateModified":"2023-09-11T13:52:13+00:00","mainEntityOfPage":{"@id":"https:\/\/cleitonpinheiro.com.br\/site\/motoristas-deixam-carros-no-ginasio-ayrton-senna-e-seguem-de-transporte-coletivo\/"},"wordCount":496,"commentCount":0,"publisher":{"@id":"https:\/\/cleitonpinheiro.com.br\/site\/#organization"},"image":{"@id":"https:\/\/cleitonpinheiro.com.br\/site\/motoristas-deixam-carros-no-ginasio-ayrton-senna-e-seguem-de-transporte-coletivo\/#primaryimage"},"thumbnailUrl":"https:\/\/cleitonpinheiro.com.br\/site\/wp-content\/uploads\/2023\/09\/6e8620666c234d4ea039b788a5e094a6.jpg","keywords":["17\u00ba FGT","Prefeitura de Palmas","Taquaru\u00e7u"],"articleSection":["CIDADES","TODAS NOTICIAS"],"inLanguage":"pt-BR","potentialAction":[{"@type":"CommentAction","name":"Comment","target":["https:\/\/cleitonpinheiro.com.br\/site\/motoristas-deixam-carros-no-ginasio-ayrton-senna-e-seguem-de-transporte-coletivo\/#respond"]}]},{"@type":"WebPage","@id":"https:\/\/cleitonpinheiro.com.br\/site\/motoristas-deixam-carros-no-ginasio-ayrton-senna-e-seguem-de-transporte-coletivo\/","url":"https:\/\/cleitonpinheiro.com.br\/site\/motoristas-deixam-carros-no-ginasio-ayrton-senna-e-seguem-de-transporte-coletivo\/","name":"Motoristas deixam carros no Gin\u00e1sio Ayrton Senna e seguem de transporte coletivo - PORTAL DE NOT\u00cdCIAS CLEITON PINHEIRO","isPartOf":{"@id":"https:\/\/cleitonpinheiro.com.br\/site\/#website"},"primaryImageOfPage":{"@id":"https:\/\/cleitonpinheiro.com.br\/site\/motoristas-deixam-carros-no-ginasio-ayrton-senna-e-seguem-de-transporte-coletivo\/#primaryimage"},"image":{"@id":"https:\/\/cleitonpinheiro.com.br\/site\/motoristas-deixam-carros-no-ginasio-ayrton-senna-e-seguem-de-transporte-coletivo\/#primaryimage"},"thumbnailUrl":"https:\/\/cleitonpinheiro.com.br\/site\/wp-content\/uploads\/2023\/09\/6e8620666c234d4ea039b788a5e094a6.jpg","datePublished":"2023-09-08T14:53:23+00:00","dateModified":"2023-09-11T13:52:13+00:00","breadcrumb":{"@id":"https:\/\/cleitonpinheiro.com.br\/site\/motoristas-deixam-carros-no-ginasio-ayrton-senna-e-seguem-de-transporte-coletivo\/#breadcrumb"},"inLanguage":"pt-BR","potentialAction":[{"@type":"ReadAction","target":["https:\/\/cleitonpinheiro.com.br\/site\/motoristas-deixam-carros-no-ginasio-ayrton-senna-e-seguem-de-transporte-coletivo\/"]}]},{"@type":"ImageObject","inLanguage":"pt-BR","@id":"https:\/\/cleitonpinheiro.com.br\/site\/motoristas-deixam-carros-no-ginasio-ayrton-senna-e-seguem-de-transporte-coletivo\/#primaryimage","url":"","contentUrl":""},{"@type":"BreadcrumbList","@id":"https:\/\/cleitonpinheiro.com.br\/site\/motoristas-deixam-carros-no-ginasio-ayrton-senna-e-seguem-de-transporte-coletivo\/#breadcrumb","itemListElement":[{"@type":"ListItem","position":1,"name":"In\u00edcio","item":"https:\/\/cleitonpinheiro.com.br\/site\/"},{"@type":"ListItem","position":2,"name":"Motoristas deixam carros no Gin\u00e1sio Ayrton Senna e seguem de transporte coletivo"}]},{"@type":"WebSite","@id":"https:\/\/cleitonpinheiro.com.br\/site\/#website","url":"https:\/\/cleitonpinheiro.com.br\/site\/","name":"PORTAL DE NOT\u00cdCIAS CLEITON PINHEIRO","description":"FALANDO A VERDADE","publisher":{"@id":"https:\/\/cleitonpinheiro.com.br\/site\/#organization"},"potentialAction":[{"@type":"SearchAction","target":{"@type":"EntryPoint","urlTemplate":"https:\/\/cleitonpinheiro.com.br\/site\/?s={search_term_string}"},"query-input":{"@type":"PropertyValueSpecification","valueRequired":true,"valueName":"search_term_string"}}],"inLanguage":"pt-BR"},{"@type":"Organization","@id":"https:\/\/cleitonpinheiro.com.br\/site\/#organization","name":"CPNOT\u00cdCIAS","url":"https:\/\/cleitonpinheiro.com.br\/site\/","logo":{"@type":"ImageObject","inLanguage":"pt-BR","@id":"https:\/\/cleitonpinheiro.com.br\/site\/#\/schema\/logo\/image\/","url":"https:\/\/cleitonpinheiro.com.br\/site\/wp-content\/uploads\/2022\/08\/Logo-pequena-2.png","contentUrl":"https:\/\/cleitonpinheiro.com.br\/site\/wp-content\/uploads\/2022\/08\/Logo-pequena-2.png","width":500,"height":500,"caption":"CPNOT\u00cdCIAS"},"image":{"@id":"https:\/\/cleitonpinheiro.com.br\/site\/#\/schema\/logo\/image\/"},"sameAs":["https:\/\/www.facebook.com\/portalcpnoticias\/"]},{"@type":"Person","@id":"https:\/\/cleitonpinheiro.com.br\/site\/#\/schema\/person\/8f04544e0bc40a1b68775b08360f87db","name":"Reda\u00e7\u00e3o CP","image":{"@type":"ImageObject","inLanguage":"pt-BR","@id":"https:\/\/cleitonpinheiro.com.br\/site\/#\/schema\/person\/image\/","url":"https:\/\/secure.gravatar.com\/avatar\/0bcf19cb29fdc8fc588c490c7ae1b3e174dac268586a63fbe1d1893a0f9020cd?s=96&r=g","contentUrl":"https:\/\/secure.gravatar.com\/avatar\/0bcf19cb29fdc8fc588c490c7ae1b3e174dac268586a63fbe1d1893a0f9020cd?s=96&r=g","caption":"Reda\u00e7\u00e3o CP"},"url":"https:\/\/cleitonpinheiro.com.br\/site\/author\/redacao\/"}]}},"views":186,"_links":{"self":[{"href":"https:\/\/cleitonpinheiro.com.br\/site\/wp-json\/wp\/v2\/posts\/74055","targetHints":{"allow":["GET"]}}],"collection":[{"href":"https:\/\/cleitonpinheiro.com.br\/site\/wp-json\/wp\/v2\/posts"}],"about":[{"href":"https:\/\/cleitonpinheiro.com.br\/site\/wp-json\/wp\/v2\/types\/post"}],"author":[{"embeddable":true,"href":"https:\/\/cleitonpinheiro.com.br\/site\/wp-json\/wp\/v2\/users\/13"}],"replies":[{"embeddable":true,"href":"https:\/\/cleitonpinheiro.com.br\/site\/wp-json\/wp\/v2\/comments?post=74055"}],"version-history":[{"count":1,"href":"https:\/\/cleitonpinheiro.com.br\/site\/wp-json\/wp\/v2\/posts\/74055\/revisions"}],"predecessor-version":[{"id":74057,"href":"https:\/\/cleitonpinheiro.com.br\/site\/wp-json\/wp\/v2\/posts\/74055\/revisions\/74057"}],"wp:attachment":[{"href":"https:\/\/cleitonpinheiro.com.br\/site\/wp-json\/wp\/v2\/media?parent=74055"}],"wp:term":[{"taxonomy":"category","embeddable":true,"href":"https:\/\/cleitonpinheiro.com.br\/site\/wp-json\/wp\/v2\/categories?post=74055"},{"taxonomy":"post_tag","embeddable":true,"href":"https:\/\/cleitonpinheiro.com.br\/site\/wp-json\/wp\/v2\/tags?post=74055"}],"curies":[{"name":"wp","href":"https:\/\/api.w.org\/{rel}","templated":true}]}}