{"id":74058,"date":"2023-09-08T11:59:55","date_gmt":"2023-09-08T14:59:55","guid":{"rendered":"https:\/\/cleitonpinheiro.com.br\/site\/?p=74058"},"modified":"2023-09-11T10:51:25","modified_gmt":"2023-09-11T13:51:25","slug":"saude-de-palmas-promove-vacinacao-na-feira-da-promessa-no-domingo-10","status":"publish","type":"post","link":"https:\/\/cleitonpinheiro.com.br\/site\/saude-de-palmas-promove-vacinacao-na-feira-da-promessa-no-domingo-10\/","title":{"rendered":"Sa\u00fade de Palmas promove vacina\u00e7\u00e3o na Feira da Promessa no domingo, 10"},"content":{"rendered":"\n<figure class=\"wp-block-image size-full\"><img decoding=\"async\" src=\"https:\/\/cleitonpinheiro.com.br\/site\/wp-content\/uploads\/2023\/08\/vacinacao_contra_covid-19_sao_paulo_rovsa_abr_19012101079.jpg\" alt=\"\" class=\"wp-image-73571\"\/><figcaption class=\"wp-element-caption\">Vacina\u00e7\u00e3o das 8 \u00e0s 12 horas &#8211; Foto: Rovena Rosa\/Ag\u00eancia Brasil<\/figcaption><\/figure>\n\n\n\n<p class=\"wp-block-paragraph\">Neste domingo, 10, os servidores da Secretaria Municipal da Sa\u00fade (Semus) estar\u00e3o na Feira Coberta de Taquaralto Maria das D\u00f4res Brito, a Feira da Promessa, das 8 \u00e0s 12 horas, ofertando vacina\u00e7\u00e3o contra gripe, covid e tamb\u00e9m vacinas do calend\u00e1rio de rotina adulto.&nbsp;<\/p>\n\n\n\n<p class=\"wp-block-paragraph\">A Semus explica que a vacina contra influenza (gripe) \u00e9 anual e est\u00e1 dispon\u00edvel para popula\u00e7\u00e3o acima dos seis meses. As doses contra covid-19 tamb\u00e9m s\u00e3o ofertadas para pessoas acima dos seis meses de vida e as doses do calend\u00e1rio de rotina adulto que ser\u00e3o disponibilizadas s\u00e3o: febre amarela, hepatite B, difteria e t\u00e9tano.<\/p>\n\n\n\n<p class=\"wp-block-paragraph\">Os interessados em se vacinar dever\u00e3o comparecer ao local, no hor\u00e1rio informado, com documentos pessoais e cart\u00f5es de vacina e do Sistema \u00danico de Sa\u00fade (SUS).<\/p>\n","protected":false},"excerpt":{"rendered":"<p>Neste domingo, 10, os servidores da Secretaria Municipal da Sa\u00fade (Semus) estar\u00e3o na Feira Coberta de Taquaralto Maria das D\u00f4res Brito, a Feira da Promessa, das 8 \u00e0s 12 horas, ofertando vacina\u00e7\u00e3o contra gripe, covid e tamb\u00e9m vacinas do calend\u00e1rio de rotina adulto.&nbsp; A Semus explica que a vacina contra influenza (gripe) \u00e9 anual e [&hellip;]<\/p>\n","protected":false},"author":13,"featured_media":0,"comment_status":"open","ping_status":"open","sticky":false,"template":"","format":"standard","meta":{"_acf_changed":false,"footnotes":""},"categories":[22,21],"tags":[811,720,959],"class_list":["post-74058","post","type-post","status-publish","format-standard","hentry","category-cidades","category-todas-noticias","tag-covid-19","tag-prefeitura-de-palmas","tag-vacinacao"],"acf":[],"yoast_head":"<!-- This site is optimized with the Yoast SEO plugin v24.4 - https:\/\/yoast.com\/wordpress\/plugins\/seo\/ -->\n<title>Sa\u00fade de Palmas promove vacina\u00e7\u00e3o na Feira da Promessa no domingo, 10 - PORTAL DE NOT\u00cdCIAS CLEITON PINHEIRO<\/title>\n<meta name=\"robots\" content=\"index, follow, max-snippet:-1, max-image-preview:large, max-video-preview:-1\" \/>\n<link rel=\"canonical\" href=\"https:\/\/cleitonpinheiro.com.br\/site\/saude-de-palmas-promove-vacinacao-na-feira-da-promessa-no-domingo-10\/\" \/>\n<meta property=\"og:locale\" content=\"pt_BR\" \/>\n<meta property=\"og:type\" content=\"article\" \/>\n<meta property=\"og:title\" content=\"Sa\u00fade de Palmas promove vacina\u00e7\u00e3o na Feira da Promessa no domingo, 10 - PORTAL DE NOT\u00cdCIAS CLEITON PINHEIRO\" \/>\n<meta property=\"og:description\" content=\"Neste domingo, 10, os servidores da Secretaria Municipal da Sa\u00fade (Semus) estar\u00e3o na Feira Coberta de Taquaralto Maria das D\u00f4res Brito, a Feira da Promessa, das 8 \u00e0s 12 horas, ofertando vacina\u00e7\u00e3o contra gripe, covid e tamb\u00e9m vacinas do calend\u00e1rio de rotina adulto.&nbsp; A Semus explica que a vacina contra influenza (gripe) \u00e9 anual e [&hellip;]\" \/>\n<meta property=\"og:url\" content=\"https:\/\/cleitonpinheiro.com.br\/site\/saude-de-palmas-promove-vacinacao-na-feira-da-promessa-no-domingo-10\/\" \/>\n<meta property=\"og:site_name\" content=\"PORTAL DE NOT\u00cdCIAS CLEITON PINHEIRO\" \/>\n<meta property=\"article:publisher\" content=\"https:\/\/www.facebook.com\/portalcpnoticias\/\" \/>\n<meta property=\"article:published_time\" content=\"2023-09-08T14:59:55+00:00\" \/>\n<meta property=\"article:modified_time\" content=\"2023-09-11T13:51:25+00:00\" \/>\n<meta property=\"og:image\" content=\"https:\/\/cleitonpinheiro.com.br\/site\/wp-content\/uploads\/2023\/08\/c372eeb2-feec-4f3e-aa31-9a81aa790e0d.jpg\" \/>\n\t<meta property=\"og:image:width\" content=\"800\" \/>\n\t<meta property=\"og:image:height\" content=\"545\" \/>\n\t<meta property=\"og:image:type\" content=\"image\/jpeg\" \/>\n<meta name=\"author\" content=\"Reda\u00e7\u00e3o CP\" \/>\n<meta name=\"twitter:card\" content=\"summary_large_image\" \/>\n<meta name=\"twitter:label1\" content=\"Escrito por\" \/>\n\t<meta name=\"twitter:data1\" content=\"Reda\u00e7\u00e3o CP\" \/>\n\t<meta name=\"twitter:label2\" content=\"Est. tempo de leitura\" \/>\n\t<meta name=\"twitter:data2\" content=\"1 minuto\" \/>\n<script type=\"application\/ld+json\" class=\"yoast-schema-graph\">{\"@context\":\"https:\/\/schema.org\",\"@graph\":[{\"@type\":\"Article\",\"@id\":\"https:\/\/cleitonpinheiro.com.br\/site\/saude-de-palmas-promove-vacinacao-na-feira-da-promessa-no-domingo-10\/#article\",\"isPartOf\":{\"@id\":\"https:\/\/cleitonpinheiro.com.br\/site\/saude-de-palmas-promove-vacinacao-na-feira-da-promessa-no-domingo-10\/\"},\"author\":{\"name\":\"Reda\u00e7\u00e3o CP\",\"@id\":\"https:\/\/cleitonpinheiro.com.br\/site\/#\/schema\/person\/8f04544e0bc40a1b68775b08360f87db\"},\"headline\":\"Sa\u00fade de Palmas promove vacina\u00e7\u00e3o na Feira da Promessa no domingo, 10\",\"datePublished\":\"2023-09-08T14:59:55+00:00\",\"dateModified\":\"2023-09-11T13:51:25+00:00\",\"mainEntityOfPage\":{\"@id\":\"https:\/\/cleitonpinheiro.com.br\/site\/saude-de-palmas-promove-vacinacao-na-feira-da-promessa-no-domingo-10\/\"},\"wordCount\":163,\"commentCount\":0,\"publisher\":{\"@id\":\"https:\/\/cleitonpinheiro.com.br\/site\/#organization\"},\"image\":{\"@id\":\"https:\/\/cleitonpinheiro.com.br\/site\/saude-de-palmas-promove-vacinacao-na-feira-da-promessa-no-domingo-10\/#primaryimage\"},\"thumbnailUrl\":\"https:\/\/cleitonpinheiro.com.br\/site\/wp-content\/uploads\/2023\/08\/vacinacao_contra_covid-19_sao_paulo_rovsa_abr_19012101079.jpg\",\"keywords\":[\"covid-19\",\"Prefeitura de Palmas\",\"Vacina\u00e7\u00e3o\"],\"articleSection\":[\"CIDADES\",\"TODAS NOTICIAS\"],\"inLanguage\":\"pt-BR\",\"potentialAction\":[{\"@type\":\"CommentAction\",\"name\":\"Comment\",\"target\":[\"https:\/\/cleitonpinheiro.com.br\/site\/saude-de-palmas-promove-vacinacao-na-feira-da-promessa-no-domingo-10\/#respond\"]}]},{\"@type\":\"WebPage\",\"@id\":\"https:\/\/cleitonpinheiro.com.br\/site\/saude-de-palmas-promove-vacinacao-na-feira-da-promessa-no-domingo-10\/\",\"url\":\"https:\/\/cleitonpinheiro.com.br\/site\/saude-de-palmas-promove-vacinacao-na-feira-da-promessa-no-domingo-10\/\",\"name\":\"Sa\u00fade de Palmas promove vacina\u00e7\u00e3o na Feira da Promessa no domingo, 10 - PORTAL DE NOT\u00cdCIAS CLEITON PINHEIRO\",\"isPartOf\":{\"@id\":\"https:\/\/cleitonpinheiro.com.br\/site\/#website\"},\"primaryImageOfPage\":{\"@id\":\"https:\/\/cleitonpinheiro.com.br\/site\/saude-de-palmas-promove-vacinacao-na-feira-da-promessa-no-domingo-10\/#primaryimage\"},\"image\":{\"@id\":\"https:\/\/cleitonpinheiro.com.br\/site\/saude-de-palmas-promove-vacinacao-na-feira-da-promessa-no-domingo-10\/#primaryimage\"},\"thumbnailUrl\":\"https:\/\/cleitonpinheiro.com.br\/site\/wp-content\/uploads\/2023\/08\/vacinacao_contra_covid-19_sao_paulo_rovsa_abr_19012101079.jpg\",\"datePublished\":\"2023-09-08T14:59:55+00:00\",\"dateModified\":\"2023-09-11T13:51:25+00:00\",\"breadcrumb\":{\"@id\":\"https:\/\/cleitonpinheiro.com.br\/site\/saude-de-palmas-promove-vacinacao-na-feira-da-promessa-no-domingo-10\/#breadcrumb\"},\"inLanguage\":\"pt-BR\",\"potentialAction\":[{\"@type\":\"ReadAction\",\"target\":[\"https:\/\/cleitonpinheiro.com.br\/site\/saude-de-palmas-promove-vacinacao-na-feira-da-promessa-no-domingo-10\/\"]}]},{\"@type\":\"ImageObject\",\"inLanguage\":\"pt-BR\",\"@id\":\"https:\/\/cleitonpinheiro.com.br\/site\/saude-de-palmas-promove-vacinacao-na-feira-da-promessa-no-domingo-10\/#primaryimage\",\"url\":\"\",\"contentUrl\":\"\"},{\"@type\":\"BreadcrumbList\",\"@id\":\"https:\/\/cleitonpinheiro.com.br\/site\/saude-de-palmas-promove-vacinacao-na-feira-da-promessa-no-domingo-10\/#breadcrumb\",\"itemListElement\":[{\"@type\":\"ListItem\",\"position\":1,\"name\":\"In\u00edcio\",\"item\":\"https:\/\/cleitonpinheiro.com.br\/site\/\"},{\"@type\":\"ListItem\",\"position\":2,\"name\":\"Sa\u00fade de Palmas promove vacina\u00e7\u00e3o na Feira da Promessa no domingo, 10\"}]},{\"@type\":\"WebSite\",\"@id\":\"https:\/\/cleitonpinheiro.com.br\/site\/#website\",\"url\":\"https:\/\/cleitonpinheiro.com.br\/site\/\",\"name\":\"PORTAL DE NOT\u00cdCIAS CLEITON PINHEIRO\",\"description\":\"FALANDO A VERDADE\",\"publisher\":{\"@id\":\"https:\/\/cleitonpinheiro.com.br\/site\/#organization\"},\"potentialAction\":[{\"@type\":\"SearchAction\",\"target\":{\"@type\":\"EntryPoint\",\"urlTemplate\":\"https:\/\/cleitonpinheiro.com.br\/site\/?s={search_term_string}\"},\"query-input\":{\"@type\":\"PropertyValueSpecification\",\"valueRequired\":true,\"valueName\":\"search_term_string\"}}],\"inLanguage\":\"pt-BR\"},{\"@type\":\"Organization\",\"@id\":\"https:\/\/cleitonpinheiro.com.br\/site\/#organization\",\"name\":\"CPNOT\u00cdCIAS\",\"url\":\"https:\/\/cleitonpinheiro.com.br\/site\/\",\"logo\":{\"@type\":\"ImageObject\",\"inLanguage\":\"pt-BR\",\"@id\":\"https:\/\/cleitonpinheiro.com.br\/site\/#\/schema\/logo\/image\/\",\"url\":\"https:\/\/cleitonpinheiro.com.br\/site\/wp-content\/uploads\/2022\/08\/Logo-pequena-2.png\",\"contentUrl\":\"https:\/\/cleitonpinheiro.com.br\/site\/wp-content\/uploads\/2022\/08\/Logo-pequena-2.png\",\"width\":500,\"height\":500,\"caption\":\"CPNOT\u00cdCIAS\"},\"image\":{\"@id\":\"https:\/\/cleitonpinheiro.com.br\/site\/#\/schema\/logo\/image\/\"},\"sameAs\":[\"https:\/\/www.facebook.com\/portalcpnoticias\/\"]},{\"@type\":\"Person\",\"@id\":\"https:\/\/cleitonpinheiro.com.br\/site\/#\/schema\/person\/8f04544e0bc40a1b68775b08360f87db\",\"name\":\"Reda\u00e7\u00e3o CP\",\"image\":{\"@type\":\"ImageObject\",\"inLanguage\":\"pt-BR\",\"@id\":\"https:\/\/cleitonpinheiro.com.br\/site\/#\/schema\/person\/image\/\",\"url\":\"https:\/\/secure.gravatar.com\/avatar\/0bcf19cb29fdc8fc588c490c7ae1b3e174dac268586a63fbe1d1893a0f9020cd?s=96&r=g\",\"contentUrl\":\"https:\/\/secure.gravatar.com\/avatar\/0bcf19cb29fdc8fc588c490c7ae1b3e174dac268586a63fbe1d1893a0f9020cd?s=96&r=g\",\"caption\":\"Reda\u00e7\u00e3o CP\"},\"url\":\"https:\/\/cleitonpinheiro.com.br\/site\/author\/redacao\/\"}]}<\/script>\n<!-- \/ Yoast SEO plugin. -->","yoast_head_json":{"title":"Sa\u00fade de Palmas promove vacina\u00e7\u00e3o na Feira da Promessa no domingo, 10 - PORTAL DE NOT\u00cdCIAS CLEITON PINHEIRO","robots":{"index":"index","follow":"follow","max-snippet":"max-snippet:-1","max-image-preview":"max-image-preview:large","max-video-preview":"max-video-preview:-1"},"canonical":"https:\/\/cleitonpinheiro.com.br\/site\/saude-de-palmas-promove-vacinacao-na-feira-da-promessa-no-domingo-10\/","og_locale":"pt_BR","og_type":"article","og_title":"Sa\u00fade de Palmas promove vacina\u00e7\u00e3o na Feira da Promessa no domingo, 10 - PORTAL DE NOT\u00cdCIAS CLEITON PINHEIRO","og_description":"Neste domingo, 10, os servidores da Secretaria Municipal da Sa\u00fade (Semus) estar\u00e3o na Feira Coberta de Taquaralto Maria das D\u00f4res Brito, a Feira da Promessa, das 8 \u00e0s 12 horas, ofertando vacina\u00e7\u00e3o contra gripe, covid e tamb\u00e9m vacinas do calend\u00e1rio de rotina adulto.&nbsp; A Semus explica que a vacina contra influenza (gripe) \u00e9 anual e [&hellip;]","og_url":"https:\/\/cleitonpinheiro.com.br\/site\/saude-de-palmas-promove-vacinacao-na-feira-da-promessa-no-domingo-10\/","og_site_name":"PORTAL DE NOT\u00cdCIAS CLEITON PINHEIRO","article_publisher":"https:\/\/www.facebook.com\/portalcpnoticias\/","article_published_time":"2023-09-08T14:59:55+00:00","article_modified_time":"2023-09-11T13:51:25+00:00","og_image":[{"width":800,"height":545,"url":"https:\/\/cleitonpinheiro.com.br\/site\/wp-content\/uploads\/2023\/08\/c372eeb2-feec-4f3e-aa31-9a81aa790e0d.jpg","type":"image\/jpeg"}],"author":"Reda\u00e7\u00e3o CP","twitter_card":"summary_large_image","twitter_misc":{"Escrito por":"Reda\u00e7\u00e3o CP","Est. tempo de leitura":"1 minuto"},"schema":{"@context":"https:\/\/schema.org","@graph":[{"@type":"Article","@id":"https:\/\/cleitonpinheiro.com.br\/site\/saude-de-palmas-promove-vacinacao-na-feira-da-promessa-no-domingo-10\/#article","isPartOf":{"@id":"https:\/\/cleitonpinheiro.com.br\/site\/saude-de-palmas-promove-vacinacao-na-feira-da-promessa-no-domingo-10\/"},"author":{"name":"Reda\u00e7\u00e3o CP","@id":"https:\/\/cleitonpinheiro.com.br\/site\/#\/schema\/person\/8f04544e0bc40a1b68775b08360f87db"},"headline":"Sa\u00fade de Palmas promove vacina\u00e7\u00e3o na Feira da Promessa no domingo, 10","datePublished":"2023-09-08T14:59:55+00:00","dateModified":"2023-09-11T13:51:25+00:00","mainEntityOfPage":{"@id":"https:\/\/cleitonpinheiro.com.br\/site\/saude-de-palmas-promove-vacinacao-na-feira-da-promessa-no-domingo-10\/"},"wordCount":163,"commentCount":0,"publisher":{"@id":"https:\/\/cleitonpinheiro.com.br\/site\/#organization"},"image":{"@id":"https:\/\/cleitonpinheiro.com.br\/site\/saude-de-palmas-promove-vacinacao-na-feira-da-promessa-no-domingo-10\/#primaryimage"},"thumbnailUrl":"https:\/\/cleitonpinheiro.com.br\/site\/wp-content\/uploads\/2023\/08\/vacinacao_contra_covid-19_sao_paulo_rovsa_abr_19012101079.jpg","keywords":["covid-19","Prefeitura de Palmas","Vacina\u00e7\u00e3o"],"articleSection":["CIDADES","TODAS NOTICIAS"],"inLanguage":"pt-BR","potentialAction":[{"@type":"CommentAction","name":"Comment","target":["https:\/\/cleitonpinheiro.com.br\/site\/saude-de-palmas-promove-vacinacao-na-feira-da-promessa-no-domingo-10\/#respond"]}]},{"@type":"WebPage","@id":"https:\/\/cleitonpinheiro.com.br\/site\/saude-de-palmas-promove-vacinacao-na-feira-da-promessa-no-domingo-10\/","url":"https:\/\/cleitonpinheiro.com.br\/site\/saude-de-palmas-promove-vacinacao-na-feira-da-promessa-no-domingo-10\/","name":"Sa\u00fade de Palmas promove vacina\u00e7\u00e3o na Feira da Promessa no domingo, 10 - PORTAL DE NOT\u00cdCIAS CLEITON PINHEIRO","isPartOf":{"@id":"https:\/\/cleitonpinheiro.com.br\/site\/#website"},"primaryImageOfPage":{"@id":"https:\/\/cleitonpinheiro.com.br\/site\/saude-de-palmas-promove-vacinacao-na-feira-da-promessa-no-domingo-10\/#primaryimage"},"image":{"@id":"https:\/\/cleitonpinheiro.com.br\/site\/saude-de-palmas-promove-vacinacao-na-feira-da-promessa-no-domingo-10\/#primaryimage"},"thumbnailUrl":"https:\/\/cleitonpinheiro.com.br\/site\/wp-content\/uploads\/2023\/08\/vacinacao_contra_covid-19_sao_paulo_rovsa_abr_19012101079.jpg","datePublished":"2023-09-08T14:59:55+00:00","dateModified":"2023-09-11T13:51:25+00:00","breadcrumb":{"@id":"https:\/\/cleitonpinheiro.com.br\/site\/saude-de-palmas-promove-vacinacao-na-feira-da-promessa-no-domingo-10\/#breadcrumb"},"inLanguage":"pt-BR","potentialAction":[{"@type":"ReadAction","target":["https:\/\/cleitonpinheiro.com.br\/site\/saude-de-palmas-promove-vacinacao-na-feira-da-promessa-no-domingo-10\/"]}]},{"@type":"ImageObject","inLanguage":"pt-BR","@id":"https:\/\/cleitonpinheiro.com.br\/site\/saude-de-palmas-promove-vacinacao-na-feira-da-promessa-no-domingo-10\/#primaryimage","url":"","contentUrl":""},{"@type":"BreadcrumbList","@id":"https:\/\/cleitonpinheiro.com.br\/site\/saude-de-palmas-promove-vacinacao-na-feira-da-promessa-no-domingo-10\/#breadcrumb","itemListElement":[{"@type":"ListItem","position":1,"name":"In\u00edcio","item":"https:\/\/cleitonpinheiro.com.br\/site\/"},{"@type":"ListItem","position":2,"name":"Sa\u00fade de Palmas promove vacina\u00e7\u00e3o na Feira da Promessa no domingo, 10"}]},{"@type":"WebSite","@id":"https:\/\/cleitonpinheiro.com.br\/site\/#website","url":"https:\/\/cleitonpinheiro.com.br\/site\/","name":"PORTAL DE NOT\u00cdCIAS CLEITON PINHEIRO","description":"FALANDO A VERDADE","publisher":{"@id":"https:\/\/cleitonpinheiro.com.br\/site\/#organization"},"potentialAction":[{"@type":"SearchAction","target":{"@type":"EntryPoint","urlTemplate":"https:\/\/cleitonpinheiro.com.br\/site\/?s={search_term_string}"},"query-input":{"@type":"PropertyValueSpecification","valueRequired":true,"valueName":"search_term_string"}}],"inLanguage":"pt-BR"},{"@type":"Organization","@id":"https:\/\/cleitonpinheiro.com.br\/site\/#organization","name":"CPNOT\u00cdCIAS","url":"https:\/\/cleitonpinheiro.com.br\/site\/","logo":{"@type":"ImageObject","inLanguage":"pt-BR","@id":"https:\/\/cleitonpinheiro.com.br\/site\/#\/schema\/logo\/image\/","url":"https:\/\/cleitonpinheiro.com.br\/site\/wp-content\/uploads\/2022\/08\/Logo-pequena-2.png","contentUrl":"https:\/\/cleitonpinheiro.com.br\/site\/wp-content\/uploads\/2022\/08\/Logo-pequena-2.png","width":500,"height":500,"caption":"CPNOT\u00cdCIAS"},"image":{"@id":"https:\/\/cleitonpinheiro.com.br\/site\/#\/schema\/logo\/image\/"},"sameAs":["https:\/\/www.facebook.com\/portalcpnoticias\/"]},{"@type":"Person","@id":"https:\/\/cleitonpinheiro.com.br\/site\/#\/schema\/person\/8f04544e0bc40a1b68775b08360f87db","name":"Reda\u00e7\u00e3o CP","image":{"@type":"ImageObject","inLanguage":"pt-BR","@id":"https:\/\/cleitonpinheiro.com.br\/site\/#\/schema\/person\/image\/","url":"https:\/\/secure.gravatar.com\/avatar\/0bcf19cb29fdc8fc588c490c7ae1b3e174dac268586a63fbe1d1893a0f9020cd?s=96&r=g","contentUrl":"https:\/\/secure.gravatar.com\/avatar\/0bcf19cb29fdc8fc588c490c7ae1b3e174dac268586a63fbe1d1893a0f9020cd?s=96&r=g","caption":"Reda\u00e7\u00e3o CP"},"url":"https:\/\/cleitonpinheiro.com.br\/site\/author\/redacao\/"}]}},"views":155,"_links":{"self":[{"href":"https:\/\/cleitonpinheiro.com.br\/site\/wp-json\/wp\/v2\/posts\/74058","targetHints":{"allow":["GET"]}}],"collection":[{"href":"https:\/\/cleitonpinheiro.com.br\/site\/wp-json\/wp\/v2\/posts"}],"about":[{"href":"https:\/\/cleitonpinheiro.com.br\/site\/wp-json\/wp\/v2\/types\/post"}],"author":[{"embeddable":true,"href":"https:\/\/cleitonpinheiro.com.br\/site\/wp-json\/wp\/v2\/users\/13"}],"replies":[{"embeddable":true,"href":"https:\/\/cleitonpinheiro.com.br\/site\/wp-json\/wp\/v2\/comments?post=74058"}],"version-history":[{"count":1,"href":"https:\/\/cleitonpinheiro.com.br\/site\/wp-json\/wp\/v2\/posts\/74058\/revisions"}],"predecessor-version":[{"id":74059,"href":"https:\/\/cleitonpinheiro.com.br\/site\/wp-json\/wp\/v2\/posts\/74058\/revisions\/74059"}],"wp:attachment":[{"href":"https:\/\/cleitonpinheiro.com.br\/site\/wp-json\/wp\/v2\/media?parent=74058"}],"wp:term":[{"taxonomy":"category","embeddable":true,"href":"https:\/\/cleitonpinheiro.com.br\/site\/wp-json\/wp\/v2\/categories?post=74058"},{"taxonomy":"post_tag","embeddable":true,"href":"https:\/\/cleitonpinheiro.com.br\/site\/wp-json\/wp\/v2\/tags?post=74058"}],"curies":[{"name":"wp","href":"https:\/\/api.w.org\/{rel}","templated":true}]}}