{"id":74064,"date":"2023-09-08T12:51:57","date_gmt":"2023-09-08T15:51:57","guid":{"rendered":"https:\/\/cleitonpinheiro.com.br\/site\/?p=74064"},"modified":"2023-09-11T10:51:05","modified_gmt":"2023-09-11T13:51:05","slug":"uniao-e-celebracao-a-patria-foram-os-sentimentos-que-guiaram-o-desfile-civico","status":"publish","type":"post","link":"https:\/\/cleitonpinheiro.com.br\/site\/uniao-e-celebracao-a-patria-foram-os-sentimentos-que-guiaram-o-desfile-civico\/","title":{"rendered":"Uni\u00e3o e celebra\u00e7\u00e3o \u00e0 P\u00e1tria foram os sentimentos que guiaram o Desfile C\u00edvico"},"content":{"rendered":"\n<figure class=\"wp-block-image size-full\"><img decoding=\"async\" src=\"https:\/\/cleitonpinheiro.com.br\/site\/wp-content\/uploads\/2023\/09\/345910.jpeg\" alt=\"\" class=\"wp-image-74067\"\/><figcaption class=\"wp-element-caption\">Prefeita Cinthia Ribeiro prestigiou todo o evento ao lado do governador do Estado, Wanderlei Barbosa &#8211; Foto: Adilvan Nogueira\/Governo do Tocantins<\/figcaption><\/figure>\n\n\n\n<p class=\"wp-block-paragraph\">O esp\u00edrito c\u00edvico tomou conta de um dos pontos tur\u00edsticos da Capital &#8211; a Pra\u00e7a dos Girass\u00f3is, com o desfile em comemora\u00e7\u00e3o ao Dia da Independ\u00eancia do Brasil, celebrado em 7 de setembro. Centenas de pessoas se reuniram para prestigiar as apresenta\u00e7\u00f5es marcantes e homenagens emocionantes \u00e0 p\u00e1tria, em um evento que refor\u00e7ou o sentimento de uni\u00e3o e amor ao pa\u00eds. A prefeita de Palmas, Cinthia Ribeiro, e o seu esposo, deputado estadual Eduardo Mantoan, prestigiaram todo o evento ao lado do governador do Estado, Wanderlei Barbosa.\u00a0<\/p>\n\n\n\n<p class=\"wp-block-paragraph\">O desfile c\u00edvico em Palmas j\u00e1 \u00e9 uma tradi\u00e7\u00e3o e a resposta entusiasmada do p\u00fablico em mais uma edi\u00e7\u00e3o n\u00e3o foi diferente. Fam\u00edlias, estudantes, militares, associa\u00e7\u00f5es e pessoas de todas as idades se reuniram ao longo do lado sul da Pra\u00e7a, para prestigiar o momento festivo.<\/p>\n\n\n\n<p class=\"wp-block-paragraph\">Uma das caracter\u00edsticas marcantes do desfile foi a diversidade de performances apresentadas pelos estudantes das escolas p\u00fablicas, dentre elas duas escolas da rede municipal de ensino da Capital, as Escolas de Tempo Integral (ETIs) Almirante Tamandar\u00e9 e An\u00edsio Teixeira Sp\u00ednola, que representaram as demais unidades no evento.<\/p>\n\n\n\n<p class=\"wp-block-paragraph\">Os 500 alunos da rede municipal contaram no decorrer do desfile um pouco sobre a cultura regional, al\u00e9m de tem\u00e1ticas como o respeito ao pr\u00f3ximo, diversidade e preserva\u00e7\u00e3o do meio ambiente. Desde fanfarras e bandas marciais at\u00e9 grupos de dan\u00e7a e gin\u00e1stica, o evento proporcionou um espet\u00e1culo diversificado e envolvente para todos os gostos. As coreografias ensaiadas e a m\u00fasica vibrante conquistaram a aten\u00e7\u00e3o do p\u00fablico, que aplaudiu calorosamente cada apresenta\u00e7\u00e3o.<\/p>\n\n\n\n<p class=\"wp-block-paragraph\">Al\u00e9m das performances art\u00edsticas, o desfile c\u00edvico em Palmas tamb\u00e9m foi palco de homenagens tocantes aos her\u00f3is nacionais e \u00e0queles que serviram \u00e0 p\u00e1tria. A presen\u00e7a das for\u00e7as de seguran\u00e7a, militares e representantes de institui\u00e7\u00f5es civis despertou sentimentos de respeito e admira\u00e7\u00e3o por aqueles que ajudam na prote\u00e7\u00e3o do pa\u00eds. O p\u00fablico, vibrava a cada nova ala que passava pela avenida, e com aplausos e express\u00f5es de gratid\u00e3o agradeceu as apresenta\u00e7\u00f5es.<\/p>\n\n\n\n<p class=\"wp-block-paragraph\">Um elemento not\u00e1vel do desfile foi a participa\u00e7\u00e3o ativa do p\u00fablico. A multid\u00e3o interagiu com os participantes, manifestando seu apoio com palmas, acenos e bandeiras do Brasil. Crian\u00e7as e jovens, especialmente, demonstraram um entusiasmo contagiante, refletindo a import\u00e2ncia de transmitir o amor \u00e0 p\u00e1tria para as futuras gera\u00e7\u00f5es.<\/p>\n\n\n\n<p class=\"wp-block-paragraph\">A servidora p\u00fablica Roselice Ferreira, que estava acompanhada do neto Vitor Gabriel, 10 anos, acompanhou todo o evento bem de pertinho. Para ela, o desfile c\u00edvico em Palmas representa um momento \u00fanico de conex\u00e3o com a hist\u00f3ria e os valores do pa\u00eds. \u201c\u00c9 importante manter viva a tradi\u00e7\u00e3o c\u00edvica e de fortalecer o sentimento de pertencimento \u00e0 na\u00e7\u00e3o. Para mim, o desfile \u00e9 uma ocasi\u00e3o especial para expressar o amor pelo Brasil e celebrar a independ\u00eancia conquistada\u201d, relatou a servidora.<\/p>\n\n\n\n<p class=\"wp-block-paragraph\">Vitor Gabriel n\u00e3o escondia a satisfa\u00e7\u00e3o com a entrada dos pelot\u00f5es dos militares. Com o sorriso no rosto, ele acenava e vibrava com as performances. \u201cFiquei emocionado. Estudo na ETI Almirante Tamandar\u00e9 e hoje n\u00e3o pude desfilar com o grupo da minha escola, mas vim para poder ver e aplaudir os meus colegas. Achei muito bonito todo o desfile\u201d, falou.<\/p>\n\n\n\n<p class=\"wp-block-paragraph\">A prefeita da Capital, Cinthia Ribeiro, destacou a uni\u00e3o e orgulho de todos pela sua p\u00e1tria. \u201cO desfile refor\u00e7ou os la\u00e7os de identidade nacional e permitiu que as pessoas expressassem seu amor pelo Brasil de forma festiva e emocionante. Fiquei extremamente encantada com os alunos das nossas escolas, da nossa Guarda Metropolitana, e tamb\u00e9m com o envolvimento de todos para fazer do desfile c\u00edvico um momento especial que une a popula\u00e7\u00e3o e celebra a independ\u00eancia do pa\u00eds\u201d, lembrou, elogiando toda a organiza\u00e7\u00e3o do evento.&nbsp;<\/p>\n\n\n\n<p class=\"wp-block-paragraph\">O secret\u00e1rio da Educa\u00e7\u00e3o de Palmas, professor F\u00e1bio Chaves, n\u00e3o perdeu a oportunidade de registrar em imagens todas as apresenta\u00e7\u00f5es das escolas do munic\u00edpio. \u201cGrandiosas as apresenta\u00e7\u00f5es, ricas em detalhes. Observar os pequenininhos t\u00e3o concentrados e respeitando o sentido do evento, \u00e9 bem gratificante. As escolas da rede p\u00fablica trouxeram um brilho especial ao desfile. Agrade\u00e7o a cada um dos educadores que guiaram com maestria todo este momento\u201d, refor\u00e7ou o gestor.&nbsp;<\/p>\n","protected":false},"excerpt":{"rendered":"<p>O esp\u00edrito c\u00edvico tomou conta de um dos pontos tur\u00edsticos da Capital &#8211; a Pra\u00e7a dos Girass\u00f3is, com o desfile em comemora\u00e7\u00e3o ao Dia da Independ\u00eancia do Brasil, celebrado em 7 de setembro. Centenas de pessoas se reuniram para prestigiar as apresenta\u00e7\u00f5es marcantes e homenagens emocionantes \u00e0 p\u00e1tria, em um evento que refor\u00e7ou o sentimento [&hellip;]<\/p>\n","protected":false},"author":13,"featured_media":0,"comment_status":"open","ping_status":"open","sticky":false,"template":"","format":"standard","meta":{"_acf_changed":false,"footnotes":""},"categories":[22,898],"tags":[1212,720],"class_list":["post-74064","post","type-post","status-publish","format-standard","hentry","category-cidades","category-manchete-segundaria","tag-7-de-setembro","tag-prefeitura-de-palmas"],"acf":[],"yoast_head":"<!-- This site is optimized with the Yoast SEO plugin v24.4 - https:\/\/yoast.com\/wordpress\/plugins\/seo\/ -->\n<title>Uni\u00e3o e celebra\u00e7\u00e3o \u00e0 P\u00e1tria foram os sentimentos que guiaram o Desfile C\u00edvico - PORTAL DE NOT\u00cdCIAS CLEITON PINHEIRO<\/title>\n<meta name=\"robots\" content=\"index, follow, max-snippet:-1, max-image-preview:large, max-video-preview:-1\" \/>\n<link rel=\"canonical\" href=\"https:\/\/cleitonpinheiro.com.br\/site\/uniao-e-celebracao-a-patria-foram-os-sentimentos-que-guiaram-o-desfile-civico\/\" \/>\n<meta property=\"og:locale\" content=\"pt_BR\" \/>\n<meta property=\"og:type\" content=\"article\" \/>\n<meta property=\"og:title\" content=\"Uni\u00e3o e celebra\u00e7\u00e3o \u00e0 P\u00e1tria foram os sentimentos que guiaram o Desfile C\u00edvico - PORTAL DE NOT\u00cdCIAS CLEITON PINHEIRO\" \/>\n<meta property=\"og:description\" content=\"O esp\u00edrito c\u00edvico tomou conta de um dos pontos tur\u00edsticos da Capital &#8211; a Pra\u00e7a dos Girass\u00f3is, com o desfile em comemora\u00e7\u00e3o ao Dia da Independ\u00eancia do Brasil, celebrado em 7 de setembro. Centenas de pessoas se reuniram para prestigiar as apresenta\u00e7\u00f5es marcantes e homenagens emocionantes \u00e0 p\u00e1tria, em um evento que refor\u00e7ou o sentimento [&hellip;]\" \/>\n<meta property=\"og:url\" content=\"https:\/\/cleitonpinheiro.com.br\/site\/uniao-e-celebracao-a-patria-foram-os-sentimentos-que-guiaram-o-desfile-civico\/\" \/>\n<meta property=\"og:site_name\" content=\"PORTAL DE NOT\u00cdCIAS CLEITON PINHEIRO\" \/>\n<meta property=\"article:publisher\" content=\"https:\/\/www.facebook.com\/portalcpnoticias\/\" \/>\n<meta property=\"article:published_time\" content=\"2023-09-08T15:51:57+00:00\" \/>\n<meta property=\"article:modified_time\" content=\"2023-09-11T13:51:05+00:00\" \/>\n<meta property=\"og:image\" content=\"https:\/\/cleitonpinheiro.com.br\/site\/wp-content\/uploads\/2023\/09\/345910.jpeg\" \/>\n\t<meta property=\"og:image:width\" content=\"883\" \/>\n\t<meta property=\"og:image:height\" content=\"505\" \/>\n\t<meta property=\"og:image:type\" content=\"image\/jpeg\" \/>\n<meta name=\"author\" content=\"Reda\u00e7\u00e3o CP\" \/>\n<meta name=\"twitter:card\" content=\"summary_large_image\" \/>\n<meta name=\"twitter:label1\" content=\"Escrito por\" \/>\n\t<meta name=\"twitter:data1\" content=\"Reda\u00e7\u00e3o CP\" \/>\n\t<meta name=\"twitter:label2\" content=\"Est. tempo de leitura\" \/>\n\t<meta name=\"twitter:data2\" content=\"4 minutos\" \/>\n<script type=\"application\/ld+json\" class=\"yoast-schema-graph\">{\"@context\":\"https:\/\/schema.org\",\"@graph\":[{\"@type\":\"Article\",\"@id\":\"https:\/\/cleitonpinheiro.com.br\/site\/uniao-e-celebracao-a-patria-foram-os-sentimentos-que-guiaram-o-desfile-civico\/#article\",\"isPartOf\":{\"@id\":\"https:\/\/cleitonpinheiro.com.br\/site\/uniao-e-celebracao-a-patria-foram-os-sentimentos-que-guiaram-o-desfile-civico\/\"},\"author\":{\"name\":\"Reda\u00e7\u00e3o CP\",\"@id\":\"https:\/\/cleitonpinheiro.com.br\/site\/#\/schema\/person\/8f04544e0bc40a1b68775b08360f87db\"},\"headline\":\"Uni\u00e3o e celebra\u00e7\u00e3o \u00e0 P\u00e1tria foram os sentimentos que guiaram o Desfile C\u00edvico\",\"datePublished\":\"2023-09-08T15:51:57+00:00\",\"dateModified\":\"2023-09-11T13:51:05+00:00\",\"mainEntityOfPage\":{\"@id\":\"https:\/\/cleitonpinheiro.com.br\/site\/uniao-e-celebracao-a-patria-foram-os-sentimentos-que-guiaram-o-desfile-civico\/\"},\"wordCount\":789,\"commentCount\":0,\"publisher\":{\"@id\":\"https:\/\/cleitonpinheiro.com.br\/site\/#organization\"},\"image\":{\"@id\":\"https:\/\/cleitonpinheiro.com.br\/site\/uniao-e-celebracao-a-patria-foram-os-sentimentos-que-guiaram-o-desfile-civico\/#primaryimage\"},\"thumbnailUrl\":\"https:\/\/cleitonpinheiro.com.br\/site\/wp-content\/uploads\/2023\/09\/345910.jpeg\",\"keywords\":[\"7 de Setembro\",\"Prefeitura de Palmas\"],\"articleSection\":[\"CIDADES\",\"MANCHETE SEGUND\u00c1RIA\"],\"inLanguage\":\"pt-BR\",\"potentialAction\":[{\"@type\":\"CommentAction\",\"name\":\"Comment\",\"target\":[\"https:\/\/cleitonpinheiro.com.br\/site\/uniao-e-celebracao-a-patria-foram-os-sentimentos-que-guiaram-o-desfile-civico\/#respond\"]}]},{\"@type\":\"WebPage\",\"@id\":\"https:\/\/cleitonpinheiro.com.br\/site\/uniao-e-celebracao-a-patria-foram-os-sentimentos-que-guiaram-o-desfile-civico\/\",\"url\":\"https:\/\/cleitonpinheiro.com.br\/site\/uniao-e-celebracao-a-patria-foram-os-sentimentos-que-guiaram-o-desfile-civico\/\",\"name\":\"Uni\u00e3o e celebra\u00e7\u00e3o \u00e0 P\u00e1tria foram os sentimentos que guiaram o Desfile C\u00edvico - PORTAL DE NOT\u00cdCIAS CLEITON PINHEIRO\",\"isPartOf\":{\"@id\":\"https:\/\/cleitonpinheiro.com.br\/site\/#website\"},\"primaryImageOfPage\":{\"@id\":\"https:\/\/cleitonpinheiro.com.br\/site\/uniao-e-celebracao-a-patria-foram-os-sentimentos-que-guiaram-o-desfile-civico\/#primaryimage\"},\"image\":{\"@id\":\"https:\/\/cleitonpinheiro.com.br\/site\/uniao-e-celebracao-a-patria-foram-os-sentimentos-que-guiaram-o-desfile-civico\/#primaryimage\"},\"thumbnailUrl\":\"https:\/\/cleitonpinheiro.com.br\/site\/wp-content\/uploads\/2023\/09\/345910.jpeg\",\"datePublished\":\"2023-09-08T15:51:57+00:00\",\"dateModified\":\"2023-09-11T13:51:05+00:00\",\"breadcrumb\":{\"@id\":\"https:\/\/cleitonpinheiro.com.br\/site\/uniao-e-celebracao-a-patria-foram-os-sentimentos-que-guiaram-o-desfile-civico\/#breadcrumb\"},\"inLanguage\":\"pt-BR\",\"potentialAction\":[{\"@type\":\"ReadAction\",\"target\":[\"https:\/\/cleitonpinheiro.com.br\/site\/uniao-e-celebracao-a-patria-foram-os-sentimentos-que-guiaram-o-desfile-civico\/\"]}]},{\"@type\":\"ImageObject\",\"inLanguage\":\"pt-BR\",\"@id\":\"https:\/\/cleitonpinheiro.com.br\/site\/uniao-e-celebracao-a-patria-foram-os-sentimentos-que-guiaram-o-desfile-civico\/#primaryimage\",\"url\":\"\",\"contentUrl\":\"\"},{\"@type\":\"BreadcrumbList\",\"@id\":\"https:\/\/cleitonpinheiro.com.br\/site\/uniao-e-celebracao-a-patria-foram-os-sentimentos-que-guiaram-o-desfile-civico\/#breadcrumb\",\"itemListElement\":[{\"@type\":\"ListItem\",\"position\":1,\"name\":\"In\u00edcio\",\"item\":\"https:\/\/cleitonpinheiro.com.br\/site\/\"},{\"@type\":\"ListItem\",\"position\":2,\"name\":\"Uni\u00e3o e celebra\u00e7\u00e3o \u00e0 P\u00e1tria foram os sentimentos que guiaram o Desfile C\u00edvico\"}]},{\"@type\":\"WebSite\",\"@id\":\"https:\/\/cleitonpinheiro.com.br\/site\/#website\",\"url\":\"https:\/\/cleitonpinheiro.com.br\/site\/\",\"name\":\"PORTAL DE NOT\u00cdCIAS CLEITON PINHEIRO\",\"description\":\"FALANDO A VERDADE\",\"publisher\":{\"@id\":\"https:\/\/cleitonpinheiro.com.br\/site\/#organization\"},\"potentialAction\":[{\"@type\":\"SearchAction\",\"target\":{\"@type\":\"EntryPoint\",\"urlTemplate\":\"https:\/\/cleitonpinheiro.com.br\/site\/?s={search_term_string}\"},\"query-input\":{\"@type\":\"PropertyValueSpecification\",\"valueRequired\":true,\"valueName\":\"search_term_string\"}}],\"inLanguage\":\"pt-BR\"},{\"@type\":\"Organization\",\"@id\":\"https:\/\/cleitonpinheiro.com.br\/site\/#organization\",\"name\":\"CPNOT\u00cdCIAS\",\"url\":\"https:\/\/cleitonpinheiro.com.br\/site\/\",\"logo\":{\"@type\":\"ImageObject\",\"inLanguage\":\"pt-BR\",\"@id\":\"https:\/\/cleitonpinheiro.com.br\/site\/#\/schema\/logo\/image\/\",\"url\":\"https:\/\/cleitonpinheiro.com.br\/site\/wp-content\/uploads\/2022\/08\/Logo-pequena-2.png\",\"contentUrl\":\"https:\/\/cleitonpinheiro.com.br\/site\/wp-content\/uploads\/2022\/08\/Logo-pequena-2.png\",\"width\":500,\"height\":500,\"caption\":\"CPNOT\u00cdCIAS\"},\"image\":{\"@id\":\"https:\/\/cleitonpinheiro.com.br\/site\/#\/schema\/logo\/image\/\"},\"sameAs\":[\"https:\/\/www.facebook.com\/portalcpnoticias\/\"]},{\"@type\":\"Person\",\"@id\":\"https:\/\/cleitonpinheiro.com.br\/site\/#\/schema\/person\/8f04544e0bc40a1b68775b08360f87db\",\"name\":\"Reda\u00e7\u00e3o CP\",\"image\":{\"@type\":\"ImageObject\",\"inLanguage\":\"pt-BR\",\"@id\":\"https:\/\/cleitonpinheiro.com.br\/site\/#\/schema\/person\/image\/\",\"url\":\"https:\/\/secure.gravatar.com\/avatar\/0bcf19cb29fdc8fc588c490c7ae1b3e174dac268586a63fbe1d1893a0f9020cd?s=96&r=g\",\"contentUrl\":\"https:\/\/secure.gravatar.com\/avatar\/0bcf19cb29fdc8fc588c490c7ae1b3e174dac268586a63fbe1d1893a0f9020cd?s=96&r=g\",\"caption\":\"Reda\u00e7\u00e3o CP\"},\"url\":\"https:\/\/cleitonpinheiro.com.br\/site\/author\/redacao\/\"}]}<\/script>\n<!-- \/ Yoast SEO plugin. -->","yoast_head_json":{"title":"Uni\u00e3o e celebra\u00e7\u00e3o \u00e0 P\u00e1tria foram os sentimentos que guiaram o Desfile C\u00edvico - PORTAL DE NOT\u00cdCIAS CLEITON PINHEIRO","robots":{"index":"index","follow":"follow","max-snippet":"max-snippet:-1","max-image-preview":"max-image-preview:large","max-video-preview":"max-video-preview:-1"},"canonical":"https:\/\/cleitonpinheiro.com.br\/site\/uniao-e-celebracao-a-patria-foram-os-sentimentos-que-guiaram-o-desfile-civico\/","og_locale":"pt_BR","og_type":"article","og_title":"Uni\u00e3o e celebra\u00e7\u00e3o \u00e0 P\u00e1tria foram os sentimentos que guiaram o Desfile C\u00edvico - PORTAL DE NOT\u00cdCIAS CLEITON PINHEIRO","og_description":"O esp\u00edrito c\u00edvico tomou conta de um dos pontos tur\u00edsticos da Capital &#8211; a Pra\u00e7a dos Girass\u00f3is, com o desfile em comemora\u00e7\u00e3o ao Dia da Independ\u00eancia do Brasil, celebrado em 7 de setembro. Centenas de pessoas se reuniram para prestigiar as apresenta\u00e7\u00f5es marcantes e homenagens emocionantes \u00e0 p\u00e1tria, em um evento que refor\u00e7ou o sentimento [&hellip;]","og_url":"https:\/\/cleitonpinheiro.com.br\/site\/uniao-e-celebracao-a-patria-foram-os-sentimentos-que-guiaram-o-desfile-civico\/","og_site_name":"PORTAL DE NOT\u00cdCIAS CLEITON PINHEIRO","article_publisher":"https:\/\/www.facebook.com\/portalcpnoticias\/","article_published_time":"2023-09-08T15:51:57+00:00","article_modified_time":"2023-09-11T13:51:05+00:00","og_image":[{"width":883,"height":505,"url":"https:\/\/cleitonpinheiro.com.br\/site\/wp-content\/uploads\/2023\/09\/345910.jpeg","type":"image\/jpeg"}],"author":"Reda\u00e7\u00e3o CP","twitter_card":"summary_large_image","twitter_misc":{"Escrito por":"Reda\u00e7\u00e3o CP","Est. tempo de leitura":"4 minutos"},"schema":{"@context":"https:\/\/schema.org","@graph":[{"@type":"Article","@id":"https:\/\/cleitonpinheiro.com.br\/site\/uniao-e-celebracao-a-patria-foram-os-sentimentos-que-guiaram-o-desfile-civico\/#article","isPartOf":{"@id":"https:\/\/cleitonpinheiro.com.br\/site\/uniao-e-celebracao-a-patria-foram-os-sentimentos-que-guiaram-o-desfile-civico\/"},"author":{"name":"Reda\u00e7\u00e3o CP","@id":"https:\/\/cleitonpinheiro.com.br\/site\/#\/schema\/person\/8f04544e0bc40a1b68775b08360f87db"},"headline":"Uni\u00e3o e celebra\u00e7\u00e3o \u00e0 P\u00e1tria foram os sentimentos que guiaram o Desfile C\u00edvico","datePublished":"2023-09-08T15:51:57+00:00","dateModified":"2023-09-11T13:51:05+00:00","mainEntityOfPage":{"@id":"https:\/\/cleitonpinheiro.com.br\/site\/uniao-e-celebracao-a-patria-foram-os-sentimentos-que-guiaram-o-desfile-civico\/"},"wordCount":789,"commentCount":0,"publisher":{"@id":"https:\/\/cleitonpinheiro.com.br\/site\/#organization"},"image":{"@id":"https:\/\/cleitonpinheiro.com.br\/site\/uniao-e-celebracao-a-patria-foram-os-sentimentos-que-guiaram-o-desfile-civico\/#primaryimage"},"thumbnailUrl":"https:\/\/cleitonpinheiro.com.br\/site\/wp-content\/uploads\/2023\/09\/345910.jpeg","keywords":["7 de Setembro","Prefeitura de Palmas"],"articleSection":["CIDADES","MANCHETE SEGUND\u00c1RIA"],"inLanguage":"pt-BR","potentialAction":[{"@type":"CommentAction","name":"Comment","target":["https:\/\/cleitonpinheiro.com.br\/site\/uniao-e-celebracao-a-patria-foram-os-sentimentos-que-guiaram-o-desfile-civico\/#respond"]}]},{"@type":"WebPage","@id":"https:\/\/cleitonpinheiro.com.br\/site\/uniao-e-celebracao-a-patria-foram-os-sentimentos-que-guiaram-o-desfile-civico\/","url":"https:\/\/cleitonpinheiro.com.br\/site\/uniao-e-celebracao-a-patria-foram-os-sentimentos-que-guiaram-o-desfile-civico\/","name":"Uni\u00e3o e celebra\u00e7\u00e3o \u00e0 P\u00e1tria foram os sentimentos que guiaram o Desfile C\u00edvico - PORTAL DE NOT\u00cdCIAS CLEITON PINHEIRO","isPartOf":{"@id":"https:\/\/cleitonpinheiro.com.br\/site\/#website"},"primaryImageOfPage":{"@id":"https:\/\/cleitonpinheiro.com.br\/site\/uniao-e-celebracao-a-patria-foram-os-sentimentos-que-guiaram-o-desfile-civico\/#primaryimage"},"image":{"@id":"https:\/\/cleitonpinheiro.com.br\/site\/uniao-e-celebracao-a-patria-foram-os-sentimentos-que-guiaram-o-desfile-civico\/#primaryimage"},"thumbnailUrl":"https:\/\/cleitonpinheiro.com.br\/site\/wp-content\/uploads\/2023\/09\/345910.jpeg","datePublished":"2023-09-08T15:51:57+00:00","dateModified":"2023-09-11T13:51:05+00:00","breadcrumb":{"@id":"https:\/\/cleitonpinheiro.com.br\/site\/uniao-e-celebracao-a-patria-foram-os-sentimentos-que-guiaram-o-desfile-civico\/#breadcrumb"},"inLanguage":"pt-BR","potentialAction":[{"@type":"ReadAction","target":["https:\/\/cleitonpinheiro.com.br\/site\/uniao-e-celebracao-a-patria-foram-os-sentimentos-que-guiaram-o-desfile-civico\/"]}]},{"@type":"ImageObject","inLanguage":"pt-BR","@id":"https:\/\/cleitonpinheiro.com.br\/site\/uniao-e-celebracao-a-patria-foram-os-sentimentos-que-guiaram-o-desfile-civico\/#primaryimage","url":"","contentUrl":""},{"@type":"BreadcrumbList","@id":"https:\/\/cleitonpinheiro.com.br\/site\/uniao-e-celebracao-a-patria-foram-os-sentimentos-que-guiaram-o-desfile-civico\/#breadcrumb","itemListElement":[{"@type":"ListItem","position":1,"name":"In\u00edcio","item":"https:\/\/cleitonpinheiro.com.br\/site\/"},{"@type":"ListItem","position":2,"name":"Uni\u00e3o e celebra\u00e7\u00e3o \u00e0 P\u00e1tria foram os sentimentos que guiaram o Desfile C\u00edvico"}]},{"@type":"WebSite","@id":"https:\/\/cleitonpinheiro.com.br\/site\/#website","url":"https:\/\/cleitonpinheiro.com.br\/site\/","name":"PORTAL DE NOT\u00cdCIAS CLEITON PINHEIRO","description":"FALANDO A VERDADE","publisher":{"@id":"https:\/\/cleitonpinheiro.com.br\/site\/#organization"},"potentialAction":[{"@type":"SearchAction","target":{"@type":"EntryPoint","urlTemplate":"https:\/\/cleitonpinheiro.com.br\/site\/?s={search_term_string}"},"query-input":{"@type":"PropertyValueSpecification","valueRequired":true,"valueName":"search_term_string"}}],"inLanguage":"pt-BR"},{"@type":"Organization","@id":"https:\/\/cleitonpinheiro.com.br\/site\/#organization","name":"CPNOT\u00cdCIAS","url":"https:\/\/cleitonpinheiro.com.br\/site\/","logo":{"@type":"ImageObject","inLanguage":"pt-BR","@id":"https:\/\/cleitonpinheiro.com.br\/site\/#\/schema\/logo\/image\/","url":"https:\/\/cleitonpinheiro.com.br\/site\/wp-content\/uploads\/2022\/08\/Logo-pequena-2.png","contentUrl":"https:\/\/cleitonpinheiro.com.br\/site\/wp-content\/uploads\/2022\/08\/Logo-pequena-2.png","width":500,"height":500,"caption":"CPNOT\u00cdCIAS"},"image":{"@id":"https:\/\/cleitonpinheiro.com.br\/site\/#\/schema\/logo\/image\/"},"sameAs":["https:\/\/www.facebook.com\/portalcpnoticias\/"]},{"@type":"Person","@id":"https:\/\/cleitonpinheiro.com.br\/site\/#\/schema\/person\/8f04544e0bc40a1b68775b08360f87db","name":"Reda\u00e7\u00e3o CP","image":{"@type":"ImageObject","inLanguage":"pt-BR","@id":"https:\/\/cleitonpinheiro.com.br\/site\/#\/schema\/person\/image\/","url":"https:\/\/secure.gravatar.com\/avatar\/0bcf19cb29fdc8fc588c490c7ae1b3e174dac268586a63fbe1d1893a0f9020cd?s=96&r=g","contentUrl":"https:\/\/secure.gravatar.com\/avatar\/0bcf19cb29fdc8fc588c490c7ae1b3e174dac268586a63fbe1d1893a0f9020cd?s=96&r=g","caption":"Reda\u00e7\u00e3o CP"},"url":"https:\/\/cleitonpinheiro.com.br\/site\/author\/redacao\/"}]}},"views":141,"_links":{"self":[{"href":"https:\/\/cleitonpinheiro.com.br\/site\/wp-json\/wp\/v2\/posts\/74064","targetHints":{"allow":["GET"]}}],"collection":[{"href":"https:\/\/cleitonpinheiro.com.br\/site\/wp-json\/wp\/v2\/posts"}],"about":[{"href":"https:\/\/cleitonpinheiro.com.br\/site\/wp-json\/wp\/v2\/types\/post"}],"author":[{"embeddable":true,"href":"https:\/\/cleitonpinheiro.com.br\/site\/wp-json\/wp\/v2\/users\/13"}],"replies":[{"embeddable":true,"href":"https:\/\/cleitonpinheiro.com.br\/site\/wp-json\/wp\/v2\/comments?post=74064"}],"version-history":[{"count":3,"href":"https:\/\/cleitonpinheiro.com.br\/site\/wp-json\/wp\/v2\/posts\/74064\/revisions"}],"predecessor-version":[{"id":74070,"href":"https:\/\/cleitonpinheiro.com.br\/site\/wp-json\/wp\/v2\/posts\/74064\/revisions\/74070"}],"wp:attachment":[{"href":"https:\/\/cleitonpinheiro.com.br\/site\/wp-json\/wp\/v2\/media?parent=74064"}],"wp:term":[{"taxonomy":"category","embeddable":true,"href":"https:\/\/cleitonpinheiro.com.br\/site\/wp-json\/wp\/v2\/categories?post=74064"},{"taxonomy":"post_tag","embeddable":true,"href":"https:\/\/cleitonpinheiro.com.br\/site\/wp-json\/wp\/v2\/tags?post=74064"}],"curies":[{"name":"wp","href":"https:\/\/api.w.org\/{rel}","templated":true}]}}