{"id":74072,"date":"2023-09-09T13:48:17","date_gmt":"2023-09-09T16:48:17","guid":{"rendered":"https:\/\/cleitonpinheiro.com.br\/site\/?p=74072"},"modified":"2023-09-11T11:16:28","modified_gmt":"2023-09-11T14:16:28","slug":"forro-e-boa-gastronomia-se-encontram-na-terceira-noite-do-17o-fgt","status":"publish","type":"post","link":"https:\/\/cleitonpinheiro.com.br\/site\/forro-e-boa-gastronomia-se-encontram-na-terceira-noite-do-17o-fgt\/","title":{"rendered":"Forr\u00f3 e boa gastronomia se encontram na terceira noite do 17\u00ba FGT"},"content":{"rendered":"\n<figure class=\"wp-block-image size-full\"><img decoding=\"async\" src=\"https:\/\/cleitonpinheiro.com.br\/site\/wp-content\/uploads\/2023\/09\/dc7b0e73-ae72-45ac-a926-c564545c39df.jpg\" alt=\"\" class=\"wp-image-74083\"\/><figcaption class=\"wp-element-caption\">Prefeita Cinthia Ribeiro e esposo deputado Eduardo Mantoan na terceira noite do FGT &#8211; Foto: Juliana Carneiro\/Prefeitura de Palmas<\/figcaption><\/figure>\n\n\n\n<p class=\"wp-block-paragraph\">Um encontro delicioso entre duas fortes tradi\u00e7\u00f5es brasileiras marcou a terceira noite do Festival Gastron\u00f4mico de Taquaru\u00e7u (FGT), edi\u00e7\u00e3o 2023, o forr\u00f3 piseiro e a gastronomia foram personalizados no abra\u00e7o da chef Carole Crema com o cantor de forr\u00f3 Mano Walter. A programa\u00e7\u00e3o foi prestigiada pela prefeita Cinthia Ribeiro, por seu esposo, deputado Eduardo Mantoan e demais autoridades.<\/p>\n\n\n\n<h2 class=\"wp-block-heading\"><strong>Shows musicais<\/strong><\/h2>\n\n\n\n<p class=\"wp-block-paragraph\">A estrela mais esperada da noite, o cantor Mano Walter, se apresentou cantando m\u00fasicas conhecidas do p\u00fablico, com jeito simples e carisma inconfund\u00edvel. O forrozeiro nordestino emocionou e levantou o astral do p\u00fablico presente, que lotou a Pra\u00e7a Joaquim Maraca\u00edpe.<\/p>\n\n\n\n<p class=\"wp-block-paragraph\">Com um repert\u00f3rio para l\u00e1 de animado, o Rei da Vaquejada fez todo mundo cantar e dan\u00e7ar seus grandes sucessos. Respons\u00e1vel por hits nacionais como \u2018N\u00e3o Deixo N\u00e3o\u2019, \u2018Juramento de Dedinho\u2019, \u2018Vai Novinha Ah, Ah, Ah\u2019 e \u2018Ent\u00e3o Vem C\u00e1\u2019, o alagoano embalou com muito forr\u00f3 e piseiro as fam\u00edlias e amigos de todas as gera\u00e7\u00f5es.<\/p>\n\n\n\n<p class=\"wp-block-paragraph\">A servidora p\u00fablica Thaynn\u00e1 Trombeta foi uma das in\u00fameras f\u00e3s do m\u00fasico que fez sentinela em busca de uma foto com o artista. Depois do registro garantido, aproveitou o resto da noite para se divertir e experimentar iguarias do 17\u00b0 FGT. &#8220;Sempre venho, mas este ano est\u00e1 especial e a foto com o Mano Walter foi uma das melhores partes desta noite&#8221;, comemorou Thaynn\u00e1.<\/p>\n\n\n\n<p class=\"wp-block-paragraph\">Antes de Mano Walter, se apresentaram no palco principal as cantoras palmenses Gil Doliath e Melissa Lima, que embalaram o p\u00fablico com m\u00fasicas regionais e nacionais.<\/p>\n\n\n\n<h2 class=\"wp-block-heading\"><strong>Cozinha Show<\/strong><\/h2>\n\n\n\n<p class=\"wp-block-paragraph\">A renomada chef p\u00e2tissier Carole Crema, uma das principais refer\u00eancias da confeitaria no pa\u00eds, foi a segunda a se apresentar na Cozinha Show desta sexta-feira. Ela se disse encantada por Palmas e pelo &nbsp;Tocantins.<\/p>\n\n\n\n<p class=\"wp-block-paragraph\">Criatividade, t\u00e9cnica e experi\u00eancia na \u00e1rea, fizeram com que a Chef virasse destaque no pa\u00eds onde segue criando novos conceitos e aperfei\u00e7oando receitas consagradas. Ela disse que uma das vantagens de conhecer lugares diferentes \u00e9 poder acrescentar conhecimento \u00e0s receitas j\u00e1 consagradas. \u201cO que conheci aqui vou levar por todos os lugares. S\u00e3o sabores que vou levar comigo e onde eu for\u201d, afirmou Carole.<\/p>\n\n\n\n<p class=\"wp-block-paragraph\">Em sua apresenta\u00e7\u00e3o, a chef ensinou a preparar uma banoffi com castanha de caju e baru, recheio de brigadeiro de rapadura, temperada com baunilha do Cerrado.<\/p>\n\n\n\n<p class=\"wp-block-paragraph\">A empres\u00e1ria do ramo da gastronomia, Lea Carneiro, 68 anos, prestou aten\u00e7\u00e3o em cada detalhe da receita para reproduzir a iguaria em casa. \u201c\u00c9 uma experi\u00eancia super v\u00e1lida, a chef ensinou de uma forma simples e pr\u00e1tica, como utilizar ingredientes que usamos no nosso dia a dia, vou reproduzir qualquer dia desses em casa&#8221;.<\/p>\n\n\n\n<p class=\"wp-block-paragraph\">Antes, a noite da gastronomia foi aberta pelo chef palmense, que trabalha em um restaurante de Taquaru\u00e7u, Israel Monteiro. A receita apresentada, bisteca su\u00edna,&nbsp;usou como refer\u00eancia alimentos t\u00edpicos, que segundo ele fazem parte de sua mem\u00f3ria afetiva. O chef contou que para chegar \u00e0 composi\u00e7\u00e3o do prato demorou cerca de dois anos.<\/p>\n\n\n\n<p class=\"wp-block-paragraph\">&#8220;\u00c9 uma receita tradicional, que fiz uma composi\u00e7\u00e3o especial, acrescentei uma farofa com ingredientes que remetem \u00e0 minha hist\u00f3ria, sabores que conheci com minha av\u00f3&#8221;, comentou Monteiro.<\/p>\n\n\n\n<h2 class=\"wp-block-heading\"><strong>Tecnologia<\/strong><\/h2>\n\n\n\n<p class=\"wp-block-paragraph\">Uma novidade do 17\u00b0 FGT \u00e9 o uso de recursos tecnol\u00f3gicos para facilitar a venda do p\u00fablico e dos comerciantes. Neste ano a Prefeitura oferece a possibilidade de vender as comidas dos expositores via whatsapp. Depois de efetuar a compra, a pessoa s\u00f3 precisa retirar o pedido no estande onde o prato \u00e9 comercializado. Vale lembrar que o FGT 2023 tem card\u00e1pio on-line no&nbsp;<a href=\"https:\/\/fgt2023.com.br\/\" target=\"_blank\" rel=\"noreferrer noopener\">hotsite<\/a>&nbsp;do Festival.<\/p>\n\n\n\n<h2 class=\"wp-block-heading\"><strong>Comunica\u00e7\u00e3o<\/strong><\/h2>\n\n\n\n<p class=\"wp-block-paragraph\">E mesmo com todas as facilidades, a exemplo dos \u00f4nibus gratuitos e dos valores de comidas acess\u00edveis, muita gente ainda n\u00e3o conseguiu vir. Mas mesmo estas pessoas t\u00eam a possibilidade de participar da festa por meio das plataformas de comunica\u00e7\u00e3o do 17\u00b0 FGT. Neste ano, a Secretaria de Comunica\u00e7\u00e3o (Secom) trouxe para o Festival a R\u00e1dio Sintonia Capital e a TV Palmas Agora, (ambas via web), transmitindo ao vivo todas as noites de festa.<\/p>\n\n\n\n<h2 class=\"wp-block-heading\"><strong>Sa\u00fade e seguran\u00e7a<\/strong><\/h2>\n\n\n\n<p class=\"wp-block-paragraph\">Al\u00e9m da programa\u00e7\u00e3o que atende todos os gostos e paladares, o Festival Gastron\u00f4mico de Taquaru\u00e7u tamb\u00e9m garante seguran\u00e7a e assist\u00eancia de sa\u00fade ao p\u00fablico, por meio da Guarda Metropolitana de Palmas (GMP), Pol\u00edcia Militar, um posto de sa\u00fade e o Servi\u00e7o M\u00f3vel de Urg\u00eancia (Samu-192).<\/p>\n","protected":false},"excerpt":{"rendered":"<p>Um encontro delicioso entre duas fortes tradi\u00e7\u00f5es brasileiras marcou a terceira noite do Festival Gastron\u00f4mico de Taquaru\u00e7u (FGT), edi\u00e7\u00e3o 2023, o forr\u00f3 piseiro e a gastronomia foram personalizados no abra\u00e7o da chef Carole Crema com o cantor de forr\u00f3 Mano Walter. A programa\u00e7\u00e3o foi prestigiada pela prefeita Cinthia Ribeiro, por seu esposo, deputado Eduardo Mantoan [&hellip;]<\/p>\n","protected":false},"author":13,"featured_media":0,"comment_status":"open","ping_status":"open","sticky":false,"template":"","format":"standard","meta":{"_acf_changed":false,"footnotes":""},"categories":[22,898],"tags":[720],"class_list":["post-74072","post","type-post","status-publish","format-standard","hentry","category-cidades","category-manchete-segundaria","tag-prefeitura-de-palmas"],"acf":[],"yoast_head":"<!-- This site is optimized with the Yoast SEO plugin v24.4 - https:\/\/yoast.com\/wordpress\/plugins\/seo\/ -->\n<title>Forr\u00f3 e boa gastronomia se encontram na terceira noite do 17\u00ba FGT - PORTAL DE NOT\u00cdCIAS CLEITON PINHEIRO<\/title>\n<meta name=\"robots\" content=\"index, follow, max-snippet:-1, max-image-preview:large, max-video-preview:-1\" \/>\n<link rel=\"canonical\" href=\"https:\/\/cleitonpinheiro.com.br\/site\/forro-e-boa-gastronomia-se-encontram-na-terceira-noite-do-17o-fgt\/\" \/>\n<meta property=\"og:locale\" content=\"pt_BR\" \/>\n<meta property=\"og:type\" content=\"article\" \/>\n<meta property=\"og:title\" content=\"Forr\u00f3 e boa gastronomia se encontram na terceira noite do 17\u00ba FGT - PORTAL DE NOT\u00cdCIAS CLEITON PINHEIRO\" \/>\n<meta property=\"og:description\" content=\"Um encontro delicioso entre duas fortes tradi\u00e7\u00f5es brasileiras marcou a terceira noite do Festival Gastron\u00f4mico de Taquaru\u00e7u (FGT), edi\u00e7\u00e3o 2023, o forr\u00f3 piseiro e a gastronomia foram personalizados no abra\u00e7o da chef Carole Crema com o cantor de forr\u00f3 Mano Walter. A programa\u00e7\u00e3o foi prestigiada pela prefeita Cinthia Ribeiro, por seu esposo, deputado Eduardo Mantoan [&hellip;]\" \/>\n<meta property=\"og:url\" content=\"https:\/\/cleitonpinheiro.com.br\/site\/forro-e-boa-gastronomia-se-encontram-na-terceira-noite-do-17o-fgt\/\" \/>\n<meta property=\"og:site_name\" content=\"PORTAL DE NOT\u00cdCIAS CLEITON PINHEIRO\" \/>\n<meta property=\"article:publisher\" content=\"https:\/\/www.facebook.com\/portalcpnoticias\/\" \/>\n<meta property=\"article:published_time\" content=\"2023-09-09T16:48:17+00:00\" \/>\n<meta property=\"article:modified_time\" content=\"2023-09-11T14:16:28+00:00\" \/>\n<meta property=\"og:image\" content=\"https:\/\/cleitonpinheiro.com.br\/site\/wp-content\/uploads\/2023\/09\/dc7b0e73-ae72-45ac-a926-c564545c39df.jpg\" \/>\n\t<meta property=\"og:image:width\" content=\"800\" \/>\n\t<meta property=\"og:image:height\" content=\"533\" \/>\n\t<meta property=\"og:image:type\" content=\"image\/jpeg\" \/>\n<meta name=\"author\" content=\"Reda\u00e7\u00e3o CP\" \/>\n<meta name=\"twitter:card\" content=\"summary_large_image\" \/>\n<meta name=\"twitter:label1\" content=\"Escrito por\" \/>\n\t<meta name=\"twitter:data1\" content=\"Reda\u00e7\u00e3o CP\" \/>\n\t<meta name=\"twitter:label2\" content=\"Est. tempo de leitura\" \/>\n\t<meta name=\"twitter:data2\" content=\"5 minutos\" \/>\n<script type=\"application\/ld+json\" class=\"yoast-schema-graph\">{\"@context\":\"https:\/\/schema.org\",\"@graph\":[{\"@type\":\"Article\",\"@id\":\"https:\/\/cleitonpinheiro.com.br\/site\/forro-e-boa-gastronomia-se-encontram-na-terceira-noite-do-17o-fgt\/#article\",\"isPartOf\":{\"@id\":\"https:\/\/cleitonpinheiro.com.br\/site\/forro-e-boa-gastronomia-se-encontram-na-terceira-noite-do-17o-fgt\/\"},\"author\":{\"name\":\"Reda\u00e7\u00e3o CP\",\"@id\":\"https:\/\/cleitonpinheiro.com.br\/site\/#\/schema\/person\/8f04544e0bc40a1b68775b08360f87db\"},\"headline\":\"Forr\u00f3 e boa gastronomia se encontram na terceira noite do 17\u00ba FGT\",\"datePublished\":\"2023-09-09T16:48:17+00:00\",\"dateModified\":\"2023-09-11T14:16:28+00:00\",\"mainEntityOfPage\":{\"@id\":\"https:\/\/cleitonpinheiro.com.br\/site\/forro-e-boa-gastronomia-se-encontram-na-terceira-noite-do-17o-fgt\/\"},\"wordCount\":793,\"commentCount\":0,\"publisher\":{\"@id\":\"https:\/\/cleitonpinheiro.com.br\/site\/#organization\"},\"image\":{\"@id\":\"https:\/\/cleitonpinheiro.com.br\/site\/forro-e-boa-gastronomia-se-encontram-na-terceira-noite-do-17o-fgt\/#primaryimage\"},\"thumbnailUrl\":\"https:\/\/cleitonpinheiro.com.br\/site\/wp-content\/uploads\/2023\/09\/dc7b0e73-ae72-45ac-a926-c564545c39df.jpg\",\"keywords\":[\"Prefeitura de Palmas\"],\"articleSection\":[\"CIDADES\",\"MANCHETE SEGUND\u00c1RIA\"],\"inLanguage\":\"pt-BR\",\"potentialAction\":[{\"@type\":\"CommentAction\",\"name\":\"Comment\",\"target\":[\"https:\/\/cleitonpinheiro.com.br\/site\/forro-e-boa-gastronomia-se-encontram-na-terceira-noite-do-17o-fgt\/#respond\"]}]},{\"@type\":\"WebPage\",\"@id\":\"https:\/\/cleitonpinheiro.com.br\/site\/forro-e-boa-gastronomia-se-encontram-na-terceira-noite-do-17o-fgt\/\",\"url\":\"https:\/\/cleitonpinheiro.com.br\/site\/forro-e-boa-gastronomia-se-encontram-na-terceira-noite-do-17o-fgt\/\",\"name\":\"Forr\u00f3 e boa gastronomia se encontram na terceira noite do 17\u00ba FGT - PORTAL DE NOT\u00cdCIAS CLEITON PINHEIRO\",\"isPartOf\":{\"@id\":\"https:\/\/cleitonpinheiro.com.br\/site\/#website\"},\"primaryImageOfPage\":{\"@id\":\"https:\/\/cleitonpinheiro.com.br\/site\/forro-e-boa-gastronomia-se-encontram-na-terceira-noite-do-17o-fgt\/#primaryimage\"},\"image\":{\"@id\":\"https:\/\/cleitonpinheiro.com.br\/site\/forro-e-boa-gastronomia-se-encontram-na-terceira-noite-do-17o-fgt\/#primaryimage\"},\"thumbnailUrl\":\"https:\/\/cleitonpinheiro.com.br\/site\/wp-content\/uploads\/2023\/09\/dc7b0e73-ae72-45ac-a926-c564545c39df.jpg\",\"datePublished\":\"2023-09-09T16:48:17+00:00\",\"dateModified\":\"2023-09-11T14:16:28+00:00\",\"breadcrumb\":{\"@id\":\"https:\/\/cleitonpinheiro.com.br\/site\/forro-e-boa-gastronomia-se-encontram-na-terceira-noite-do-17o-fgt\/#breadcrumb\"},\"inLanguage\":\"pt-BR\",\"potentialAction\":[{\"@type\":\"ReadAction\",\"target\":[\"https:\/\/cleitonpinheiro.com.br\/site\/forro-e-boa-gastronomia-se-encontram-na-terceira-noite-do-17o-fgt\/\"]}]},{\"@type\":\"ImageObject\",\"inLanguage\":\"pt-BR\",\"@id\":\"https:\/\/cleitonpinheiro.com.br\/site\/forro-e-boa-gastronomia-se-encontram-na-terceira-noite-do-17o-fgt\/#primaryimage\",\"url\":\"\",\"contentUrl\":\"\"},{\"@type\":\"BreadcrumbList\",\"@id\":\"https:\/\/cleitonpinheiro.com.br\/site\/forro-e-boa-gastronomia-se-encontram-na-terceira-noite-do-17o-fgt\/#breadcrumb\",\"itemListElement\":[{\"@type\":\"ListItem\",\"position\":1,\"name\":\"In\u00edcio\",\"item\":\"https:\/\/cleitonpinheiro.com.br\/site\/\"},{\"@type\":\"ListItem\",\"position\":2,\"name\":\"Forr\u00f3 e boa gastronomia se encontram na terceira noite do 17\u00ba FGT\"}]},{\"@type\":\"WebSite\",\"@id\":\"https:\/\/cleitonpinheiro.com.br\/site\/#website\",\"url\":\"https:\/\/cleitonpinheiro.com.br\/site\/\",\"name\":\"PORTAL DE NOT\u00cdCIAS CLEITON PINHEIRO\",\"description\":\"FALANDO A VERDADE\",\"publisher\":{\"@id\":\"https:\/\/cleitonpinheiro.com.br\/site\/#organization\"},\"potentialAction\":[{\"@type\":\"SearchAction\",\"target\":{\"@type\":\"EntryPoint\",\"urlTemplate\":\"https:\/\/cleitonpinheiro.com.br\/site\/?s={search_term_string}\"},\"query-input\":{\"@type\":\"PropertyValueSpecification\",\"valueRequired\":true,\"valueName\":\"search_term_string\"}}],\"inLanguage\":\"pt-BR\"},{\"@type\":\"Organization\",\"@id\":\"https:\/\/cleitonpinheiro.com.br\/site\/#organization\",\"name\":\"CPNOT\u00cdCIAS\",\"url\":\"https:\/\/cleitonpinheiro.com.br\/site\/\",\"logo\":{\"@type\":\"ImageObject\",\"inLanguage\":\"pt-BR\",\"@id\":\"https:\/\/cleitonpinheiro.com.br\/site\/#\/schema\/logo\/image\/\",\"url\":\"https:\/\/cleitonpinheiro.com.br\/site\/wp-content\/uploads\/2022\/08\/Logo-pequena-2.png\",\"contentUrl\":\"https:\/\/cleitonpinheiro.com.br\/site\/wp-content\/uploads\/2022\/08\/Logo-pequena-2.png\",\"width\":500,\"height\":500,\"caption\":\"CPNOT\u00cdCIAS\"},\"image\":{\"@id\":\"https:\/\/cleitonpinheiro.com.br\/site\/#\/schema\/logo\/image\/\"},\"sameAs\":[\"https:\/\/www.facebook.com\/portalcpnoticias\/\"]},{\"@type\":\"Person\",\"@id\":\"https:\/\/cleitonpinheiro.com.br\/site\/#\/schema\/person\/8f04544e0bc40a1b68775b08360f87db\",\"name\":\"Reda\u00e7\u00e3o CP\",\"image\":{\"@type\":\"ImageObject\",\"inLanguage\":\"pt-BR\",\"@id\":\"https:\/\/cleitonpinheiro.com.br\/site\/#\/schema\/person\/image\/\",\"url\":\"https:\/\/secure.gravatar.com\/avatar\/0bcf19cb29fdc8fc588c490c7ae1b3e174dac268586a63fbe1d1893a0f9020cd?s=96&r=g\",\"contentUrl\":\"https:\/\/secure.gravatar.com\/avatar\/0bcf19cb29fdc8fc588c490c7ae1b3e174dac268586a63fbe1d1893a0f9020cd?s=96&r=g\",\"caption\":\"Reda\u00e7\u00e3o CP\"},\"url\":\"https:\/\/cleitonpinheiro.com.br\/site\/author\/redacao\/\"}]}<\/script>\n<!-- \/ Yoast SEO plugin. -->","yoast_head_json":{"title":"Forr\u00f3 e boa gastronomia se encontram na terceira noite do 17\u00ba FGT - PORTAL DE NOT\u00cdCIAS CLEITON PINHEIRO","robots":{"index":"index","follow":"follow","max-snippet":"max-snippet:-1","max-image-preview":"max-image-preview:large","max-video-preview":"max-video-preview:-1"},"canonical":"https:\/\/cleitonpinheiro.com.br\/site\/forro-e-boa-gastronomia-se-encontram-na-terceira-noite-do-17o-fgt\/","og_locale":"pt_BR","og_type":"article","og_title":"Forr\u00f3 e boa gastronomia se encontram na terceira noite do 17\u00ba FGT - PORTAL DE NOT\u00cdCIAS CLEITON PINHEIRO","og_description":"Um encontro delicioso entre duas fortes tradi\u00e7\u00f5es brasileiras marcou a terceira noite do Festival Gastron\u00f4mico de Taquaru\u00e7u (FGT), edi\u00e7\u00e3o 2023, o forr\u00f3 piseiro e a gastronomia foram personalizados no abra\u00e7o da chef Carole Crema com o cantor de forr\u00f3 Mano Walter. A programa\u00e7\u00e3o foi prestigiada pela prefeita Cinthia Ribeiro, por seu esposo, deputado Eduardo Mantoan [&hellip;]","og_url":"https:\/\/cleitonpinheiro.com.br\/site\/forro-e-boa-gastronomia-se-encontram-na-terceira-noite-do-17o-fgt\/","og_site_name":"PORTAL DE NOT\u00cdCIAS CLEITON PINHEIRO","article_publisher":"https:\/\/www.facebook.com\/portalcpnoticias\/","article_published_time":"2023-09-09T16:48:17+00:00","article_modified_time":"2023-09-11T14:16:28+00:00","og_image":[{"width":800,"height":533,"url":"https:\/\/cleitonpinheiro.com.br\/site\/wp-content\/uploads\/2023\/09\/dc7b0e73-ae72-45ac-a926-c564545c39df.jpg","type":"image\/jpeg"}],"author":"Reda\u00e7\u00e3o CP","twitter_card":"summary_large_image","twitter_misc":{"Escrito por":"Reda\u00e7\u00e3o CP","Est. tempo de leitura":"5 minutos"},"schema":{"@context":"https:\/\/schema.org","@graph":[{"@type":"Article","@id":"https:\/\/cleitonpinheiro.com.br\/site\/forro-e-boa-gastronomia-se-encontram-na-terceira-noite-do-17o-fgt\/#article","isPartOf":{"@id":"https:\/\/cleitonpinheiro.com.br\/site\/forro-e-boa-gastronomia-se-encontram-na-terceira-noite-do-17o-fgt\/"},"author":{"name":"Reda\u00e7\u00e3o CP","@id":"https:\/\/cleitonpinheiro.com.br\/site\/#\/schema\/person\/8f04544e0bc40a1b68775b08360f87db"},"headline":"Forr\u00f3 e boa gastronomia se encontram na terceira noite do 17\u00ba FGT","datePublished":"2023-09-09T16:48:17+00:00","dateModified":"2023-09-11T14:16:28+00:00","mainEntityOfPage":{"@id":"https:\/\/cleitonpinheiro.com.br\/site\/forro-e-boa-gastronomia-se-encontram-na-terceira-noite-do-17o-fgt\/"},"wordCount":793,"commentCount":0,"publisher":{"@id":"https:\/\/cleitonpinheiro.com.br\/site\/#organization"},"image":{"@id":"https:\/\/cleitonpinheiro.com.br\/site\/forro-e-boa-gastronomia-se-encontram-na-terceira-noite-do-17o-fgt\/#primaryimage"},"thumbnailUrl":"https:\/\/cleitonpinheiro.com.br\/site\/wp-content\/uploads\/2023\/09\/dc7b0e73-ae72-45ac-a926-c564545c39df.jpg","keywords":["Prefeitura de Palmas"],"articleSection":["CIDADES","MANCHETE SEGUND\u00c1RIA"],"inLanguage":"pt-BR","potentialAction":[{"@type":"CommentAction","name":"Comment","target":["https:\/\/cleitonpinheiro.com.br\/site\/forro-e-boa-gastronomia-se-encontram-na-terceira-noite-do-17o-fgt\/#respond"]}]},{"@type":"WebPage","@id":"https:\/\/cleitonpinheiro.com.br\/site\/forro-e-boa-gastronomia-se-encontram-na-terceira-noite-do-17o-fgt\/","url":"https:\/\/cleitonpinheiro.com.br\/site\/forro-e-boa-gastronomia-se-encontram-na-terceira-noite-do-17o-fgt\/","name":"Forr\u00f3 e boa gastronomia se encontram na terceira noite do 17\u00ba FGT - PORTAL DE NOT\u00cdCIAS CLEITON PINHEIRO","isPartOf":{"@id":"https:\/\/cleitonpinheiro.com.br\/site\/#website"},"primaryImageOfPage":{"@id":"https:\/\/cleitonpinheiro.com.br\/site\/forro-e-boa-gastronomia-se-encontram-na-terceira-noite-do-17o-fgt\/#primaryimage"},"image":{"@id":"https:\/\/cleitonpinheiro.com.br\/site\/forro-e-boa-gastronomia-se-encontram-na-terceira-noite-do-17o-fgt\/#primaryimage"},"thumbnailUrl":"https:\/\/cleitonpinheiro.com.br\/site\/wp-content\/uploads\/2023\/09\/dc7b0e73-ae72-45ac-a926-c564545c39df.jpg","datePublished":"2023-09-09T16:48:17+00:00","dateModified":"2023-09-11T14:16:28+00:00","breadcrumb":{"@id":"https:\/\/cleitonpinheiro.com.br\/site\/forro-e-boa-gastronomia-se-encontram-na-terceira-noite-do-17o-fgt\/#breadcrumb"},"inLanguage":"pt-BR","potentialAction":[{"@type":"ReadAction","target":["https:\/\/cleitonpinheiro.com.br\/site\/forro-e-boa-gastronomia-se-encontram-na-terceira-noite-do-17o-fgt\/"]}]},{"@type":"ImageObject","inLanguage":"pt-BR","@id":"https:\/\/cleitonpinheiro.com.br\/site\/forro-e-boa-gastronomia-se-encontram-na-terceira-noite-do-17o-fgt\/#primaryimage","url":"","contentUrl":""},{"@type":"BreadcrumbList","@id":"https:\/\/cleitonpinheiro.com.br\/site\/forro-e-boa-gastronomia-se-encontram-na-terceira-noite-do-17o-fgt\/#breadcrumb","itemListElement":[{"@type":"ListItem","position":1,"name":"In\u00edcio","item":"https:\/\/cleitonpinheiro.com.br\/site\/"},{"@type":"ListItem","position":2,"name":"Forr\u00f3 e boa gastronomia se encontram na terceira noite do 17\u00ba FGT"}]},{"@type":"WebSite","@id":"https:\/\/cleitonpinheiro.com.br\/site\/#website","url":"https:\/\/cleitonpinheiro.com.br\/site\/","name":"PORTAL DE NOT\u00cdCIAS CLEITON PINHEIRO","description":"FALANDO A VERDADE","publisher":{"@id":"https:\/\/cleitonpinheiro.com.br\/site\/#organization"},"potentialAction":[{"@type":"SearchAction","target":{"@type":"EntryPoint","urlTemplate":"https:\/\/cleitonpinheiro.com.br\/site\/?s={search_term_string}"},"query-input":{"@type":"PropertyValueSpecification","valueRequired":true,"valueName":"search_term_string"}}],"inLanguage":"pt-BR"},{"@type":"Organization","@id":"https:\/\/cleitonpinheiro.com.br\/site\/#organization","name":"CPNOT\u00cdCIAS","url":"https:\/\/cleitonpinheiro.com.br\/site\/","logo":{"@type":"ImageObject","inLanguage":"pt-BR","@id":"https:\/\/cleitonpinheiro.com.br\/site\/#\/schema\/logo\/image\/","url":"https:\/\/cleitonpinheiro.com.br\/site\/wp-content\/uploads\/2022\/08\/Logo-pequena-2.png","contentUrl":"https:\/\/cleitonpinheiro.com.br\/site\/wp-content\/uploads\/2022\/08\/Logo-pequena-2.png","width":500,"height":500,"caption":"CPNOT\u00cdCIAS"},"image":{"@id":"https:\/\/cleitonpinheiro.com.br\/site\/#\/schema\/logo\/image\/"},"sameAs":["https:\/\/www.facebook.com\/portalcpnoticias\/"]},{"@type":"Person","@id":"https:\/\/cleitonpinheiro.com.br\/site\/#\/schema\/person\/8f04544e0bc40a1b68775b08360f87db","name":"Reda\u00e7\u00e3o CP","image":{"@type":"ImageObject","inLanguage":"pt-BR","@id":"https:\/\/cleitonpinheiro.com.br\/site\/#\/schema\/person\/image\/","url":"https:\/\/secure.gravatar.com\/avatar\/0bcf19cb29fdc8fc588c490c7ae1b3e174dac268586a63fbe1d1893a0f9020cd?s=96&r=g","contentUrl":"https:\/\/secure.gravatar.com\/avatar\/0bcf19cb29fdc8fc588c490c7ae1b3e174dac268586a63fbe1d1893a0f9020cd?s=96&r=g","caption":"Reda\u00e7\u00e3o CP"},"url":"https:\/\/cleitonpinheiro.com.br\/site\/author\/redacao\/"}]}},"views":92,"_links":{"self":[{"href":"https:\/\/cleitonpinheiro.com.br\/site\/wp-json\/wp\/v2\/posts\/74072","targetHints":{"allow":["GET"]}}],"collection":[{"href":"https:\/\/cleitonpinheiro.com.br\/site\/wp-json\/wp\/v2\/posts"}],"about":[{"href":"https:\/\/cleitonpinheiro.com.br\/site\/wp-json\/wp\/v2\/types\/post"}],"author":[{"embeddable":true,"href":"https:\/\/cleitonpinheiro.com.br\/site\/wp-json\/wp\/v2\/users\/13"}],"replies":[{"embeddable":true,"href":"https:\/\/cleitonpinheiro.com.br\/site\/wp-json\/wp\/v2\/comments?post=74072"}],"version-history":[{"count":1,"href":"https:\/\/cleitonpinheiro.com.br\/site\/wp-json\/wp\/v2\/posts\/74072\/revisions"}],"predecessor-version":[{"id":74084,"href":"https:\/\/cleitonpinheiro.com.br\/site\/wp-json\/wp\/v2\/posts\/74072\/revisions\/74084"}],"wp:attachment":[{"href":"https:\/\/cleitonpinheiro.com.br\/site\/wp-json\/wp\/v2\/media?parent=74072"}],"wp:term":[{"taxonomy":"category","embeddable":true,"href":"https:\/\/cleitonpinheiro.com.br\/site\/wp-json\/wp\/v2\/categories?post=74072"},{"taxonomy":"post_tag","embeddable":true,"href":"https:\/\/cleitonpinheiro.com.br\/site\/wp-json\/wp\/v2\/tags?post=74072"}],"curies":[{"name":"wp","href":"https:\/\/api.w.org\/{rel}","templated":true}]}}