{"id":74073,"date":"2023-09-11T10:48:51","date_gmt":"2023-09-11T13:48:51","guid":{"rendered":"https:\/\/cleitonpinheiro.com.br\/site\/?p=74073"},"modified":"2023-09-11T16:52:58","modified_gmt":"2023-09-11T19:52:58","slug":"governo-federal-libera-mais-de-r-95-milhoes-a-municipios-tocantins-fica-de-fora","status":"publish","type":"post","link":"https:\/\/cleitonpinheiro.com.br\/site\/governo-federal-libera-mais-de-r-95-milhoes-a-municipios-tocantins-fica-de-fora\/","title":{"rendered":"Governo Federal libera mais de R$ 95 milh\u00f5es a munic\u00edpios; Tocantins fica de fora"},"content":{"rendered":"\n<figure class=\"wp-block-image size-full\"><img decoding=\"async\" src=\"https:\/\/cleitonpinheiro.com.br\/site\/wp-content\/uploads\/2023\/09\/ef684716-920a-4eb8-aa95-c5c10f912451.jpg\" alt=\"\" class=\"wp-image-74074\"\/><figcaption class=\"wp-element-caption\">Foto: Luciana Pires\/Prefeitura de Palmas<\/figcaption><\/figure>\n\n\n\n<p class=\"wp-block-paragraph\">O Minist\u00e9rio da Educa\u00e7\u00e3o (MEC) publicou, nesta segunda-feira (11), uma portaria no Di\u00e1rio Oficial que libera R$ 95.226.251,05 para novas matr\u00edculas em turmas de educa\u00e7\u00e3o infantil, em 221 munic\u00edpios. O recurso do Fundo de Manuten\u00e7\u00e3o e Desenvolvimento da Educa\u00e7\u00e3o B\u00e1sica e de Valoriza\u00e7\u00e3o dos Profissionais da Educa\u00e7\u00e3o (Fundeb) \u00e9 destinado \u00e0s creches e escolas p\u00fablicas, ou institui\u00e7\u00f5es sem fins lucrativos conveniadas com o poder p\u00fablico. Mas, nenhum munic\u00edpio do Tocantins foi contemplado com recursos para amplia\u00e7\u00e3o de vagas nas creches.<\/p>\n\n\n\n<p class=\"wp-block-paragraph\">Conforme o MEC,os munic\u00edpios beneficiados s\u00e3o os que realizaram o cadastro das novas vagas conforme prev\u00ea a Lei 12.722\/2012, que estabelece as regras para o apoio financeiro da Uni\u00e3o com o objetivo de ampliar a oferta de educa\u00e7\u00e3o infantil. Receber\u00e3o recursos munic\u00edpios nos estados do Acre, Alagoas, Amazonas, Bahia, Cear\u00e1, Esp\u00edrito Santo, Goi\u00e1s, Maranh\u00e3o, Minas Gerais, Mato Grosso, Mato Grosso do Sul, Par\u00e1, Para\u00edba, Pernambuco, Piau\u00ed, Paran\u00e1, Rio de Janeiro, Rio Grande do Norte, Rond\u00f4nia, Roraima, Rio Grande do Sul, Santa Catarina, Sergipe e S\u00e3o Paulo.<\/p>\n\n\n\n<p class=\"wp-block-paragraph\">De acordo com a Secretaria de Educa\u00e7\u00e3o B\u00e1sica, os recursos viabilizar\u00e3o 19.756 novas vagas, sendo 6.727 em creches de per\u00edodo parcial e 4.431 em creches de per\u00edodo integral. Outras 7.447 vagas ser\u00e3o destinadas a vagas pr\u00e9-escolares em per\u00edodo parcial e 1.151, em per\u00edodo integral.<\/p>\n","protected":false},"excerpt":{"rendered":"<p>O Minist\u00e9rio da Educa\u00e7\u00e3o (MEC) publicou, nesta segunda-feira (11), uma portaria no Di\u00e1rio Oficial que libera R$ 95.226.251,05 para novas matr\u00edculas em turmas de educa\u00e7\u00e3o infantil, em 221 munic\u00edpios. O recurso do Fundo de Manuten\u00e7\u00e3o e Desenvolvimento da Educa\u00e7\u00e3o B\u00e1sica e de Valoriza\u00e7\u00e3o dos Profissionais da Educa\u00e7\u00e3o (Fundeb) \u00e9 destinado \u00e0s creches e escolas p\u00fablicas, [&hellip;]<\/p>\n","protected":false},"author":13,"featured_media":0,"comment_status":"open","ping_status":"open","sticky":false,"template":"","format":"standard","meta":{"_acf_changed":false,"footnotes":""},"categories":[19,898],"tags":[],"class_list":["post-74073","post","type-post","status-publish","format-standard","hentry","category-brasil-mundo","category-manchete-segundaria"],"acf":[],"yoast_head":"<!-- This site is optimized with the Yoast SEO plugin v24.4 - https:\/\/yoast.com\/wordpress\/plugins\/seo\/ -->\n<title>Governo Federal libera mais de R$ 95 milh\u00f5es a munic\u00edpios; Tocantins fica de fora - PORTAL DE NOT\u00cdCIAS CLEITON PINHEIRO<\/title>\n<meta name=\"robots\" content=\"index, follow, max-snippet:-1, max-image-preview:large, max-video-preview:-1\" \/>\n<link rel=\"canonical\" href=\"https:\/\/cleitonpinheiro.com.br\/site\/governo-federal-libera-mais-de-r-95-milhoes-a-municipios-tocantins-fica-de-fora\/\" \/>\n<meta property=\"og:locale\" content=\"pt_BR\" \/>\n<meta property=\"og:type\" content=\"article\" \/>\n<meta property=\"og:title\" content=\"Governo Federal libera mais de R$ 95 milh\u00f5es a munic\u00edpios; Tocantins fica de fora - PORTAL DE NOT\u00cdCIAS CLEITON PINHEIRO\" \/>\n<meta property=\"og:description\" content=\"O Minist\u00e9rio da Educa\u00e7\u00e3o (MEC) publicou, nesta segunda-feira (11), uma portaria no Di\u00e1rio Oficial que libera R$ 95.226.251,05 para novas matr\u00edculas em turmas de educa\u00e7\u00e3o infantil, em 221 munic\u00edpios. O recurso do Fundo de Manuten\u00e7\u00e3o e Desenvolvimento da Educa\u00e7\u00e3o B\u00e1sica e de Valoriza\u00e7\u00e3o dos Profissionais da Educa\u00e7\u00e3o (Fundeb) \u00e9 destinado \u00e0s creches e escolas p\u00fablicas, [&hellip;]\" \/>\n<meta property=\"og:url\" content=\"https:\/\/cleitonpinheiro.com.br\/site\/governo-federal-libera-mais-de-r-95-milhoes-a-municipios-tocantins-fica-de-fora\/\" \/>\n<meta property=\"og:site_name\" content=\"PORTAL DE NOT\u00cdCIAS CLEITON PINHEIRO\" \/>\n<meta property=\"article:publisher\" content=\"https:\/\/www.facebook.com\/portalcpnoticias\/\" \/>\n<meta property=\"article:published_time\" content=\"2023-09-11T13:48:51+00:00\" \/>\n<meta property=\"article:modified_time\" content=\"2023-09-11T19:52:58+00:00\" \/>\n<meta property=\"og:image\" content=\"https:\/\/cleitonpinheiro.com.br\/site\/wp-content\/uploads\/2023\/09\/ef684716-920a-4eb8-aa95-c5c10f912451-1.jpg\" \/>\n\t<meta property=\"og:image:width\" content=\"5568\" \/>\n\t<meta property=\"og:image:height\" content=\"3712\" \/>\n\t<meta property=\"og:image:type\" content=\"image\/jpeg\" \/>\n<meta name=\"author\" content=\"Reda\u00e7\u00e3o CP\" \/>\n<meta name=\"twitter:card\" content=\"summary_large_image\" \/>\n<meta name=\"twitter:label1\" content=\"Escrito por\" \/>\n\t<meta name=\"twitter:data1\" content=\"Reda\u00e7\u00e3o CP\" \/>\n\t<meta name=\"twitter:label2\" content=\"Est. tempo de leitura\" \/>\n\t<meta name=\"twitter:data2\" content=\"2 minutos\" \/>\n<script type=\"application\/ld+json\" class=\"yoast-schema-graph\">{\"@context\":\"https:\/\/schema.org\",\"@graph\":[{\"@type\":\"Article\",\"@id\":\"https:\/\/cleitonpinheiro.com.br\/site\/governo-federal-libera-mais-de-r-95-milhoes-a-municipios-tocantins-fica-de-fora\/#article\",\"isPartOf\":{\"@id\":\"https:\/\/cleitonpinheiro.com.br\/site\/governo-federal-libera-mais-de-r-95-milhoes-a-municipios-tocantins-fica-de-fora\/\"},\"author\":{\"name\":\"Reda\u00e7\u00e3o CP\",\"@id\":\"https:\/\/cleitonpinheiro.com.br\/site\/#\/schema\/person\/8f04544e0bc40a1b68775b08360f87db\"},\"headline\":\"Governo Federal libera mais de R$ 95 milh\u00f5es a munic\u00edpios; Tocantins fica de fora\",\"datePublished\":\"2023-09-11T13:48:51+00:00\",\"dateModified\":\"2023-09-11T19:52:58+00:00\",\"mainEntityOfPage\":{\"@id\":\"https:\/\/cleitonpinheiro.com.br\/site\/governo-federal-libera-mais-de-r-95-milhoes-a-municipios-tocantins-fica-de-fora\/\"},\"wordCount\":259,\"commentCount\":0,\"publisher\":{\"@id\":\"https:\/\/cleitonpinheiro.com.br\/site\/#organization\"},\"image\":{\"@id\":\"https:\/\/cleitonpinheiro.com.br\/site\/governo-federal-libera-mais-de-r-95-milhoes-a-municipios-tocantins-fica-de-fora\/#primaryimage\"},\"thumbnailUrl\":\"https:\/\/cleitonpinheiro.com.br\/site\/wp-content\/uploads\/2023\/09\/ef684716-920a-4eb8-aa95-c5c10f912451.jpg\",\"articleSection\":[\"BRASIL \/ MUNDO\",\"MANCHETE SEGUND\u00c1RIA\"],\"inLanguage\":\"pt-BR\",\"potentialAction\":[{\"@type\":\"CommentAction\",\"name\":\"Comment\",\"target\":[\"https:\/\/cleitonpinheiro.com.br\/site\/governo-federal-libera-mais-de-r-95-milhoes-a-municipios-tocantins-fica-de-fora\/#respond\"]}]},{\"@type\":\"WebPage\",\"@id\":\"https:\/\/cleitonpinheiro.com.br\/site\/governo-federal-libera-mais-de-r-95-milhoes-a-municipios-tocantins-fica-de-fora\/\",\"url\":\"https:\/\/cleitonpinheiro.com.br\/site\/governo-federal-libera-mais-de-r-95-milhoes-a-municipios-tocantins-fica-de-fora\/\",\"name\":\"Governo Federal libera mais de R$ 95 milh\u00f5es a munic\u00edpios; Tocantins fica de fora - PORTAL DE NOT\u00cdCIAS CLEITON PINHEIRO\",\"isPartOf\":{\"@id\":\"https:\/\/cleitonpinheiro.com.br\/site\/#website\"},\"primaryImageOfPage\":{\"@id\":\"https:\/\/cleitonpinheiro.com.br\/site\/governo-federal-libera-mais-de-r-95-milhoes-a-municipios-tocantins-fica-de-fora\/#primaryimage\"},\"image\":{\"@id\":\"https:\/\/cleitonpinheiro.com.br\/site\/governo-federal-libera-mais-de-r-95-milhoes-a-municipios-tocantins-fica-de-fora\/#primaryimage\"},\"thumbnailUrl\":\"https:\/\/cleitonpinheiro.com.br\/site\/wp-content\/uploads\/2023\/09\/ef684716-920a-4eb8-aa95-c5c10f912451.jpg\",\"datePublished\":\"2023-09-11T13:48:51+00:00\",\"dateModified\":\"2023-09-11T19:52:58+00:00\",\"breadcrumb\":{\"@id\":\"https:\/\/cleitonpinheiro.com.br\/site\/governo-federal-libera-mais-de-r-95-milhoes-a-municipios-tocantins-fica-de-fora\/#breadcrumb\"},\"inLanguage\":\"pt-BR\",\"potentialAction\":[{\"@type\":\"ReadAction\",\"target\":[\"https:\/\/cleitonpinheiro.com.br\/site\/governo-federal-libera-mais-de-r-95-milhoes-a-municipios-tocantins-fica-de-fora\/\"]}]},{\"@type\":\"ImageObject\",\"inLanguage\":\"pt-BR\",\"@id\":\"https:\/\/cleitonpinheiro.com.br\/site\/governo-federal-libera-mais-de-r-95-milhoes-a-municipios-tocantins-fica-de-fora\/#primaryimage\",\"url\":\"\",\"contentUrl\":\"\"},{\"@type\":\"BreadcrumbList\",\"@id\":\"https:\/\/cleitonpinheiro.com.br\/site\/governo-federal-libera-mais-de-r-95-milhoes-a-municipios-tocantins-fica-de-fora\/#breadcrumb\",\"itemListElement\":[{\"@type\":\"ListItem\",\"position\":1,\"name\":\"In\u00edcio\",\"item\":\"https:\/\/cleitonpinheiro.com.br\/site\/\"},{\"@type\":\"ListItem\",\"position\":2,\"name\":\"Governo Federal libera mais de R$ 95 milh\u00f5es a munic\u00edpios; Tocantins fica de fora\"}]},{\"@type\":\"WebSite\",\"@id\":\"https:\/\/cleitonpinheiro.com.br\/site\/#website\",\"url\":\"https:\/\/cleitonpinheiro.com.br\/site\/\",\"name\":\"PORTAL DE NOT\u00cdCIAS CLEITON PINHEIRO\",\"description\":\"FALANDO A VERDADE\",\"publisher\":{\"@id\":\"https:\/\/cleitonpinheiro.com.br\/site\/#organization\"},\"potentialAction\":[{\"@type\":\"SearchAction\",\"target\":{\"@type\":\"EntryPoint\",\"urlTemplate\":\"https:\/\/cleitonpinheiro.com.br\/site\/?s={search_term_string}\"},\"query-input\":{\"@type\":\"PropertyValueSpecification\",\"valueRequired\":true,\"valueName\":\"search_term_string\"}}],\"inLanguage\":\"pt-BR\"},{\"@type\":\"Organization\",\"@id\":\"https:\/\/cleitonpinheiro.com.br\/site\/#organization\",\"name\":\"CPNOT\u00cdCIAS\",\"url\":\"https:\/\/cleitonpinheiro.com.br\/site\/\",\"logo\":{\"@type\":\"ImageObject\",\"inLanguage\":\"pt-BR\",\"@id\":\"https:\/\/cleitonpinheiro.com.br\/site\/#\/schema\/logo\/image\/\",\"url\":\"https:\/\/cleitonpinheiro.com.br\/site\/wp-content\/uploads\/2022\/08\/Logo-pequena-2.png\",\"contentUrl\":\"https:\/\/cleitonpinheiro.com.br\/site\/wp-content\/uploads\/2022\/08\/Logo-pequena-2.png\",\"width\":500,\"height\":500,\"caption\":\"CPNOT\u00cdCIAS\"},\"image\":{\"@id\":\"https:\/\/cleitonpinheiro.com.br\/site\/#\/schema\/logo\/image\/\"},\"sameAs\":[\"https:\/\/www.facebook.com\/portalcpnoticias\/\"]},{\"@type\":\"Person\",\"@id\":\"https:\/\/cleitonpinheiro.com.br\/site\/#\/schema\/person\/8f04544e0bc40a1b68775b08360f87db\",\"name\":\"Reda\u00e7\u00e3o CP\",\"image\":{\"@type\":\"ImageObject\",\"inLanguage\":\"pt-BR\",\"@id\":\"https:\/\/cleitonpinheiro.com.br\/site\/#\/schema\/person\/image\/\",\"url\":\"https:\/\/secure.gravatar.com\/avatar\/0bcf19cb29fdc8fc588c490c7ae1b3e174dac268586a63fbe1d1893a0f9020cd?s=96&r=g\",\"contentUrl\":\"https:\/\/secure.gravatar.com\/avatar\/0bcf19cb29fdc8fc588c490c7ae1b3e174dac268586a63fbe1d1893a0f9020cd?s=96&r=g\",\"caption\":\"Reda\u00e7\u00e3o CP\"},\"url\":\"https:\/\/cleitonpinheiro.com.br\/site\/author\/redacao\/\"}]}<\/script>\n<!-- \/ Yoast SEO plugin. -->","yoast_head_json":{"title":"Governo Federal libera mais de R$ 95 milh\u00f5es a munic\u00edpios; Tocantins fica de fora - PORTAL DE NOT\u00cdCIAS CLEITON PINHEIRO","robots":{"index":"index","follow":"follow","max-snippet":"max-snippet:-1","max-image-preview":"max-image-preview:large","max-video-preview":"max-video-preview:-1"},"canonical":"https:\/\/cleitonpinheiro.com.br\/site\/governo-federal-libera-mais-de-r-95-milhoes-a-municipios-tocantins-fica-de-fora\/","og_locale":"pt_BR","og_type":"article","og_title":"Governo Federal libera mais de R$ 95 milh\u00f5es a munic\u00edpios; Tocantins fica de fora - PORTAL DE NOT\u00cdCIAS CLEITON PINHEIRO","og_description":"O Minist\u00e9rio da Educa\u00e7\u00e3o (MEC) publicou, nesta segunda-feira (11), uma portaria no Di\u00e1rio Oficial que libera R$ 95.226.251,05 para novas matr\u00edculas em turmas de educa\u00e7\u00e3o infantil, em 221 munic\u00edpios. O recurso do Fundo de Manuten\u00e7\u00e3o e Desenvolvimento da Educa\u00e7\u00e3o B\u00e1sica e de Valoriza\u00e7\u00e3o dos Profissionais da Educa\u00e7\u00e3o (Fundeb) \u00e9 destinado \u00e0s creches e escolas p\u00fablicas, [&hellip;]","og_url":"https:\/\/cleitonpinheiro.com.br\/site\/governo-federal-libera-mais-de-r-95-milhoes-a-municipios-tocantins-fica-de-fora\/","og_site_name":"PORTAL DE NOT\u00cdCIAS CLEITON PINHEIRO","article_publisher":"https:\/\/www.facebook.com\/portalcpnoticias\/","article_published_time":"2023-09-11T13:48:51+00:00","article_modified_time":"2023-09-11T19:52:58+00:00","og_image":[{"width":5568,"height":3712,"url":"https:\/\/cleitonpinheiro.com.br\/site\/wp-content\/uploads\/2023\/09\/ef684716-920a-4eb8-aa95-c5c10f912451-1.jpg","type":"image\/jpeg"}],"author":"Reda\u00e7\u00e3o CP","twitter_card":"summary_large_image","twitter_misc":{"Escrito por":"Reda\u00e7\u00e3o CP","Est. tempo de leitura":"2 minutos"},"schema":{"@context":"https:\/\/schema.org","@graph":[{"@type":"Article","@id":"https:\/\/cleitonpinheiro.com.br\/site\/governo-federal-libera-mais-de-r-95-milhoes-a-municipios-tocantins-fica-de-fora\/#article","isPartOf":{"@id":"https:\/\/cleitonpinheiro.com.br\/site\/governo-federal-libera-mais-de-r-95-milhoes-a-municipios-tocantins-fica-de-fora\/"},"author":{"name":"Reda\u00e7\u00e3o CP","@id":"https:\/\/cleitonpinheiro.com.br\/site\/#\/schema\/person\/8f04544e0bc40a1b68775b08360f87db"},"headline":"Governo Federal libera mais de R$ 95 milh\u00f5es a munic\u00edpios; Tocantins fica de fora","datePublished":"2023-09-11T13:48:51+00:00","dateModified":"2023-09-11T19:52:58+00:00","mainEntityOfPage":{"@id":"https:\/\/cleitonpinheiro.com.br\/site\/governo-federal-libera-mais-de-r-95-milhoes-a-municipios-tocantins-fica-de-fora\/"},"wordCount":259,"commentCount":0,"publisher":{"@id":"https:\/\/cleitonpinheiro.com.br\/site\/#organization"},"image":{"@id":"https:\/\/cleitonpinheiro.com.br\/site\/governo-federal-libera-mais-de-r-95-milhoes-a-municipios-tocantins-fica-de-fora\/#primaryimage"},"thumbnailUrl":"https:\/\/cleitonpinheiro.com.br\/site\/wp-content\/uploads\/2023\/09\/ef684716-920a-4eb8-aa95-c5c10f912451.jpg","articleSection":["BRASIL \/ MUNDO","MANCHETE SEGUND\u00c1RIA"],"inLanguage":"pt-BR","potentialAction":[{"@type":"CommentAction","name":"Comment","target":["https:\/\/cleitonpinheiro.com.br\/site\/governo-federal-libera-mais-de-r-95-milhoes-a-municipios-tocantins-fica-de-fora\/#respond"]}]},{"@type":"WebPage","@id":"https:\/\/cleitonpinheiro.com.br\/site\/governo-federal-libera-mais-de-r-95-milhoes-a-municipios-tocantins-fica-de-fora\/","url":"https:\/\/cleitonpinheiro.com.br\/site\/governo-federal-libera-mais-de-r-95-milhoes-a-municipios-tocantins-fica-de-fora\/","name":"Governo Federal libera mais de R$ 95 milh\u00f5es a munic\u00edpios; Tocantins fica de fora - PORTAL DE NOT\u00cdCIAS CLEITON PINHEIRO","isPartOf":{"@id":"https:\/\/cleitonpinheiro.com.br\/site\/#website"},"primaryImageOfPage":{"@id":"https:\/\/cleitonpinheiro.com.br\/site\/governo-federal-libera-mais-de-r-95-milhoes-a-municipios-tocantins-fica-de-fora\/#primaryimage"},"image":{"@id":"https:\/\/cleitonpinheiro.com.br\/site\/governo-federal-libera-mais-de-r-95-milhoes-a-municipios-tocantins-fica-de-fora\/#primaryimage"},"thumbnailUrl":"https:\/\/cleitonpinheiro.com.br\/site\/wp-content\/uploads\/2023\/09\/ef684716-920a-4eb8-aa95-c5c10f912451.jpg","datePublished":"2023-09-11T13:48:51+00:00","dateModified":"2023-09-11T19:52:58+00:00","breadcrumb":{"@id":"https:\/\/cleitonpinheiro.com.br\/site\/governo-federal-libera-mais-de-r-95-milhoes-a-municipios-tocantins-fica-de-fora\/#breadcrumb"},"inLanguage":"pt-BR","potentialAction":[{"@type":"ReadAction","target":["https:\/\/cleitonpinheiro.com.br\/site\/governo-federal-libera-mais-de-r-95-milhoes-a-municipios-tocantins-fica-de-fora\/"]}]},{"@type":"ImageObject","inLanguage":"pt-BR","@id":"https:\/\/cleitonpinheiro.com.br\/site\/governo-federal-libera-mais-de-r-95-milhoes-a-municipios-tocantins-fica-de-fora\/#primaryimage","url":"","contentUrl":""},{"@type":"BreadcrumbList","@id":"https:\/\/cleitonpinheiro.com.br\/site\/governo-federal-libera-mais-de-r-95-milhoes-a-municipios-tocantins-fica-de-fora\/#breadcrumb","itemListElement":[{"@type":"ListItem","position":1,"name":"In\u00edcio","item":"https:\/\/cleitonpinheiro.com.br\/site\/"},{"@type":"ListItem","position":2,"name":"Governo Federal libera mais de R$ 95 milh\u00f5es a munic\u00edpios; Tocantins fica de fora"}]},{"@type":"WebSite","@id":"https:\/\/cleitonpinheiro.com.br\/site\/#website","url":"https:\/\/cleitonpinheiro.com.br\/site\/","name":"PORTAL DE NOT\u00cdCIAS CLEITON PINHEIRO","description":"FALANDO A VERDADE","publisher":{"@id":"https:\/\/cleitonpinheiro.com.br\/site\/#organization"},"potentialAction":[{"@type":"SearchAction","target":{"@type":"EntryPoint","urlTemplate":"https:\/\/cleitonpinheiro.com.br\/site\/?s={search_term_string}"},"query-input":{"@type":"PropertyValueSpecification","valueRequired":true,"valueName":"search_term_string"}}],"inLanguage":"pt-BR"},{"@type":"Organization","@id":"https:\/\/cleitonpinheiro.com.br\/site\/#organization","name":"CPNOT\u00cdCIAS","url":"https:\/\/cleitonpinheiro.com.br\/site\/","logo":{"@type":"ImageObject","inLanguage":"pt-BR","@id":"https:\/\/cleitonpinheiro.com.br\/site\/#\/schema\/logo\/image\/","url":"https:\/\/cleitonpinheiro.com.br\/site\/wp-content\/uploads\/2022\/08\/Logo-pequena-2.png","contentUrl":"https:\/\/cleitonpinheiro.com.br\/site\/wp-content\/uploads\/2022\/08\/Logo-pequena-2.png","width":500,"height":500,"caption":"CPNOT\u00cdCIAS"},"image":{"@id":"https:\/\/cleitonpinheiro.com.br\/site\/#\/schema\/logo\/image\/"},"sameAs":["https:\/\/www.facebook.com\/portalcpnoticias\/"]},{"@type":"Person","@id":"https:\/\/cleitonpinheiro.com.br\/site\/#\/schema\/person\/8f04544e0bc40a1b68775b08360f87db","name":"Reda\u00e7\u00e3o CP","image":{"@type":"ImageObject","inLanguage":"pt-BR","@id":"https:\/\/cleitonpinheiro.com.br\/site\/#\/schema\/person\/image\/","url":"https:\/\/secure.gravatar.com\/avatar\/0bcf19cb29fdc8fc588c490c7ae1b3e174dac268586a63fbe1d1893a0f9020cd?s=96&r=g","contentUrl":"https:\/\/secure.gravatar.com\/avatar\/0bcf19cb29fdc8fc588c490c7ae1b3e174dac268586a63fbe1d1893a0f9020cd?s=96&r=g","caption":"Reda\u00e7\u00e3o CP"},"url":"https:\/\/cleitonpinheiro.com.br\/site\/author\/redacao\/"}]}},"views":120,"_links":{"self":[{"href":"https:\/\/cleitonpinheiro.com.br\/site\/wp-json\/wp\/v2\/posts\/74073","targetHints":{"allow":["GET"]}}],"collection":[{"href":"https:\/\/cleitonpinheiro.com.br\/site\/wp-json\/wp\/v2\/posts"}],"about":[{"href":"https:\/\/cleitonpinheiro.com.br\/site\/wp-json\/wp\/v2\/types\/post"}],"author":[{"embeddable":true,"href":"https:\/\/cleitonpinheiro.com.br\/site\/wp-json\/wp\/v2\/users\/13"}],"replies":[{"embeddable":true,"href":"https:\/\/cleitonpinheiro.com.br\/site\/wp-json\/wp\/v2\/comments?post=74073"}],"version-history":[{"count":1,"href":"https:\/\/cleitonpinheiro.com.br\/site\/wp-json\/wp\/v2\/posts\/74073\/revisions"}],"predecessor-version":[{"id":74076,"href":"https:\/\/cleitonpinheiro.com.br\/site\/wp-json\/wp\/v2\/posts\/74073\/revisions\/74076"}],"wp:attachment":[{"href":"https:\/\/cleitonpinheiro.com.br\/site\/wp-json\/wp\/v2\/media?parent=74073"}],"wp:term":[{"taxonomy":"category","embeddable":true,"href":"https:\/\/cleitonpinheiro.com.br\/site\/wp-json\/wp\/v2\/categories?post=74073"},{"taxonomy":"post_tag","embeddable":true,"href":"https:\/\/cleitonpinheiro.com.br\/site\/wp-json\/wp\/v2\/tags?post=74073"}],"curies":[{"name":"wp","href":"https:\/\/api.w.org\/{rel}","templated":true}]}}