{"id":74077,"date":"2023-09-11T10:57:26","date_gmt":"2023-09-11T13:57:26","guid":{"rendered":"https:\/\/cleitonpinheiro.com.br\/site\/?p=74077"},"modified":"2023-09-11T10:57:29","modified_gmt":"2023-09-11T13:57:29","slug":"marcha-das-mulheres-indigenas-comeca-nesta-segunda-em-brasilia","status":"publish","type":"post","link":"https:\/\/cleitonpinheiro.com.br\/site\/marcha-das-mulheres-indigenas-comeca-nesta-segunda-em-brasilia\/","title":{"rendered":"Marcha das Mulheres Ind\u00edgenas come\u00e7a nesta segunda em Bras\u00edlia"},"content":{"rendered":"\n<figure class=\"wp-block-image size-full\"><img decoding=\"async\" src=\"https:\/\/cleitonpinheiro.com.br\/site\/wp-content\/uploads\/2023\/09\/ja_0494.jpg\" alt=\"\" class=\"wp-image-74078\"\/><figcaption class=\"wp-element-caption\">Grupo ir\u00e1 fazer caminhada na Esplanada dos Minist\u00e9rios na quarta-feira &#8211; Foto: Jo\u00e9dson Alves\/Ag\u00eancia Brasil<\/figcaption><\/figure>\n\n\n\n<p class=\"wp-block-paragraph\">Mulheres ind\u00edgenas de todo o Pa\u00eds re\u00fanem-se em Bras\u00edlia, de 11 a 13 de setembro, a fim defender os direitos das mulheres e a preserva\u00e7\u00e3o das culturas ind\u00edgenas. Com o tema \u201cMulheres Biomas em Defesa da Biodiversidade atrav\u00e9s das ra\u00edzes ancestrais\u201d. A 3\u00aa Marcha das Mulheres Ind\u00edgenas tamb\u00e9m marca a continua\u00e7\u00e3o da luta contra o garimpo ilegal, pela demarca\u00e7\u00e3o de terras e pela forma\u00e7\u00e3o pol\u00edtica de representa\u00e7\u00e3o ind\u00edgena nos espa\u00e7os de poder.<\/p>\n\n\n\n<p class=\"wp-block-paragraph\">O evento \u00e9 promovido pela Articula\u00e7\u00e3o Nacional das Mulheres Ind\u00edgenas Guerreiras da Ancestralidade (Anmiga) e as atividades se concentram no Eixo Cultural Ibero-Americano, na \u00e1rea central da capital federal. Est\u00e3o previstas plen\u00e1rias, grupos de trabalho e a\u00e7\u00f5es culturais. Na quarta-feira (13), elas sair\u00e3o em caminhada pela Esplanada dos Minist\u00e9rios e ter\u00e3o di\u00e1logo com autoridades sobre a carta de reivindica\u00e7\u00f5es, que foi entregue na pr\u00e9-marcha, em janeiro deste ano.<\/p>\n\n\n\n<p class=\"wp-block-paragraph\">\u201cNossos maiores inimigos s\u00e3o as leis que n\u00e3o reconhecem nossa diversidade e nossa exist\u00eancia. Falar em demarca\u00e7\u00e3o de terras ind\u00edgenas \u00e9 gritar pela continuidade da exist\u00eancia dos nossos povos. Ter uma mulher ind\u00edgena como primeira ministra ind\u00edgena \u00e9 afirmar que as mulheres s\u00e3o a cura da terra e a resposta para enfrentamentos \u00e0 viol\u00eancia de g\u00eanero e racismos como o estrutural, institucional e ambiental\u201d, diz a Anmiga, em refer\u00eancia \u00e0 ministra dos Povos Ind\u00edgenas, S\u00f4nia Guajajara.<\/p>\n\n\n\n<p class=\"wp-block-paragraph\">\u201cNo centro dessa marcha est\u00e1 um poderoso apelo por direitos iguais para as mulheres ind\u00edgenas. Essas mulheres enfrentaram in\u00fameros desafios e injusti\u00e7as ao longo de suas vidas, mas se recusam a continuar sendo silenciadas. Exigimos acesso a cuidados de sa\u00fade de qualidade, educa\u00e7\u00e3o e oportunidades econ\u00f4micas. Lutamos pela prote\u00e7\u00e3o da terra e recursos naturais, que v\u00eam sendo explorados por muito tempo. Defendemos o fim da viol\u00eancia contra as mulheres ind\u00edgenas, um problema generalizado que tem atormentado nossas comunidades h\u00e1 gera\u00e7\u00f5es\u201d, acrescentou.<\/p>\n\n\n\n<p class=\"wp-block-paragraph\">Representantes do movimento de mulheres ind\u00edgenas de outras partes do mundo tamb\u00e9m estar\u00e3o presentes, como do Peru, dos Estados Unidos, da Mal\u00e1sia, da R\u00fassia e da Nova Zel\u00e2ndia. \u201cEssa diversidade de participantes destaca a universalidade das quest\u00f5es enfrentadas pelas mulheres ind\u00edgenas, como o acesso \u00e0 terra, a viol\u00eancia de g\u00eanero, a discrimina\u00e7\u00e3o e a luta pela autonomia e empoderamento\u201d, explicou a Anmiga.<\/p>\n\n\n\n<p class=\"wp-block-paragraph\">A&nbsp;<a href=\"https:\/\/agenciabrasil.ebc.com.br\/radioagencia-nacional\/direitos-humanos\/audio\/2019-08\/marcha-das-mulheres-indigenas-reune-liderancas\" target=\"_blank\" rel=\"noreferrer noopener\">1\u00aa Marcha das Mulheres Ind\u00edgenas<\/a>&nbsp;ocorreu em 2019, com o tema \u201cTerrit\u00f3rio: nosso corpo, nosso esp\u00edrito\u201d. A segunda edi\u00e7\u00e3o foi em 2021 e teve como tema<a href=\"https:\/\/agenciabrasil.ebc.com.br\/geral\/noticia\/2021-09\/indigenas-marcham-pelo-centro-de-brasilia-e-fazem-reivindicacoes\" target=\"_blank\" rel=\"noreferrer noopener\">&nbsp;\u201cMulheres origin\u00e1rias: Reflorestando mentes para a cura da Terra\u201d<\/a>.<\/p>\n","protected":false},"excerpt":{"rendered":"<p>Mulheres ind\u00edgenas de todo o Pa\u00eds re\u00fanem-se em Bras\u00edlia, de 11 a 13 de setembro, a fim defender os direitos das mulheres e a preserva\u00e7\u00e3o das culturas ind\u00edgenas. Com o tema \u201cMulheres Biomas em Defesa da Biodiversidade atrav\u00e9s das ra\u00edzes ancestrais\u201d. A 3\u00aa Marcha das Mulheres Ind\u00edgenas tamb\u00e9m marca a continua\u00e7\u00e3o da luta contra o [&hellip;]<\/p>\n","protected":false},"author":13,"featured_media":0,"comment_status":"open","ping_status":"open","sticky":false,"template":"","format":"standard","meta":{"_acf_changed":false,"footnotes":""},"categories":[19,898],"tags":[],"class_list":["post-74077","post","type-post","status-publish","format-standard","hentry","category-brasil-mundo","category-manchete-segundaria"],"acf":[],"yoast_head":"<!-- This site is optimized with the Yoast SEO plugin v24.4 - https:\/\/yoast.com\/wordpress\/plugins\/seo\/ -->\n<title>Marcha das Mulheres Ind\u00edgenas come\u00e7a nesta segunda em Bras\u00edlia - PORTAL DE NOT\u00cdCIAS CLEITON PINHEIRO<\/title>\n<meta name=\"robots\" content=\"index, follow, max-snippet:-1, max-image-preview:large, max-video-preview:-1\" \/>\n<link rel=\"canonical\" href=\"https:\/\/cleitonpinheiro.com.br\/site\/marcha-das-mulheres-indigenas-comeca-nesta-segunda-em-brasilia\/\" \/>\n<meta property=\"og:locale\" content=\"pt_BR\" \/>\n<meta property=\"og:type\" content=\"article\" \/>\n<meta property=\"og:title\" content=\"Marcha das Mulheres Ind\u00edgenas come\u00e7a nesta segunda em Bras\u00edlia - PORTAL DE NOT\u00cdCIAS CLEITON PINHEIRO\" \/>\n<meta property=\"og:description\" content=\"Mulheres ind\u00edgenas de todo o Pa\u00eds re\u00fanem-se em Bras\u00edlia, de 11 a 13 de setembro, a fim defender os direitos das mulheres e a preserva\u00e7\u00e3o das culturas ind\u00edgenas. Com o tema \u201cMulheres Biomas em Defesa da Biodiversidade atrav\u00e9s das ra\u00edzes ancestrais\u201d. A 3\u00aa Marcha das Mulheres Ind\u00edgenas tamb\u00e9m marca a continua\u00e7\u00e3o da luta contra o [&hellip;]\" \/>\n<meta property=\"og:url\" content=\"https:\/\/cleitonpinheiro.com.br\/site\/marcha-das-mulheres-indigenas-comeca-nesta-segunda-em-brasilia\/\" \/>\n<meta property=\"og:site_name\" content=\"PORTAL DE NOT\u00cdCIAS CLEITON PINHEIRO\" \/>\n<meta property=\"article:publisher\" content=\"https:\/\/www.facebook.com\/portalcpnoticias\/\" \/>\n<meta property=\"article:published_time\" content=\"2023-09-11T13:57:26+00:00\" \/>\n<meta property=\"article:modified_time\" content=\"2023-09-11T13:57:29+00:00\" \/>\n<meta property=\"og:image\" content=\"https:\/\/cleitonpinheiro.com.br\/site\/wp-content\/uploads\/2023\/09\/ja_0494.jpg\" \/>\n\t<meta property=\"og:image:width\" content=\"1170\" \/>\n\t<meta property=\"og:image:height\" content=\"700\" \/>\n\t<meta property=\"og:image:type\" content=\"image\/jpeg\" \/>\n<meta name=\"author\" content=\"Reda\u00e7\u00e3o CP\" \/>\n<meta name=\"twitter:card\" content=\"summary_large_image\" \/>\n<meta name=\"twitter:label1\" content=\"Escrito por\" \/>\n\t<meta name=\"twitter:data1\" content=\"Reda\u00e7\u00e3o CP\" \/>\n\t<meta name=\"twitter:label2\" content=\"Est. tempo de leitura\" \/>\n\t<meta name=\"twitter:data2\" content=\"3 minutos\" \/>\n<script type=\"application\/ld+json\" class=\"yoast-schema-graph\">{\"@context\":\"https:\/\/schema.org\",\"@graph\":[{\"@type\":\"Article\",\"@id\":\"https:\/\/cleitonpinheiro.com.br\/site\/marcha-das-mulheres-indigenas-comeca-nesta-segunda-em-brasilia\/#article\",\"isPartOf\":{\"@id\":\"https:\/\/cleitonpinheiro.com.br\/site\/marcha-das-mulheres-indigenas-comeca-nesta-segunda-em-brasilia\/\"},\"author\":{\"name\":\"Reda\u00e7\u00e3o CP\",\"@id\":\"https:\/\/cleitonpinheiro.com.br\/site\/#\/schema\/person\/8f04544e0bc40a1b68775b08360f87db\"},\"headline\":\"Marcha das Mulheres Ind\u00edgenas come\u00e7a nesta segunda em Bras\u00edlia\",\"datePublished\":\"2023-09-11T13:57:26+00:00\",\"dateModified\":\"2023-09-11T13:57:29+00:00\",\"mainEntityOfPage\":{\"@id\":\"https:\/\/cleitonpinheiro.com.br\/site\/marcha-das-mulheres-indigenas-comeca-nesta-segunda-em-brasilia\/\"},\"wordCount\":485,\"commentCount\":0,\"publisher\":{\"@id\":\"https:\/\/cleitonpinheiro.com.br\/site\/#organization\"},\"image\":{\"@id\":\"https:\/\/cleitonpinheiro.com.br\/site\/marcha-das-mulheres-indigenas-comeca-nesta-segunda-em-brasilia\/#primaryimage\"},\"thumbnailUrl\":\"https:\/\/cleitonpinheiro.com.br\/site\/wp-content\/uploads\/2023\/09\/ja_0494.jpg\",\"articleSection\":[\"BRASIL \/ MUNDO\",\"MANCHETE SEGUND\u00c1RIA\"],\"inLanguage\":\"pt-BR\",\"potentialAction\":[{\"@type\":\"CommentAction\",\"name\":\"Comment\",\"target\":[\"https:\/\/cleitonpinheiro.com.br\/site\/marcha-das-mulheres-indigenas-comeca-nesta-segunda-em-brasilia\/#respond\"]}]},{\"@type\":\"WebPage\",\"@id\":\"https:\/\/cleitonpinheiro.com.br\/site\/marcha-das-mulheres-indigenas-comeca-nesta-segunda-em-brasilia\/\",\"url\":\"https:\/\/cleitonpinheiro.com.br\/site\/marcha-das-mulheres-indigenas-comeca-nesta-segunda-em-brasilia\/\",\"name\":\"Marcha das Mulheres Ind\u00edgenas come\u00e7a nesta segunda em Bras\u00edlia - PORTAL DE NOT\u00cdCIAS CLEITON PINHEIRO\",\"isPartOf\":{\"@id\":\"https:\/\/cleitonpinheiro.com.br\/site\/#website\"},\"primaryImageOfPage\":{\"@id\":\"https:\/\/cleitonpinheiro.com.br\/site\/marcha-das-mulheres-indigenas-comeca-nesta-segunda-em-brasilia\/#primaryimage\"},\"image\":{\"@id\":\"https:\/\/cleitonpinheiro.com.br\/site\/marcha-das-mulheres-indigenas-comeca-nesta-segunda-em-brasilia\/#primaryimage\"},\"thumbnailUrl\":\"https:\/\/cleitonpinheiro.com.br\/site\/wp-content\/uploads\/2023\/09\/ja_0494.jpg\",\"datePublished\":\"2023-09-11T13:57:26+00:00\",\"dateModified\":\"2023-09-11T13:57:29+00:00\",\"breadcrumb\":{\"@id\":\"https:\/\/cleitonpinheiro.com.br\/site\/marcha-das-mulheres-indigenas-comeca-nesta-segunda-em-brasilia\/#breadcrumb\"},\"inLanguage\":\"pt-BR\",\"potentialAction\":[{\"@type\":\"ReadAction\",\"target\":[\"https:\/\/cleitonpinheiro.com.br\/site\/marcha-das-mulheres-indigenas-comeca-nesta-segunda-em-brasilia\/\"]}]},{\"@type\":\"ImageObject\",\"inLanguage\":\"pt-BR\",\"@id\":\"https:\/\/cleitonpinheiro.com.br\/site\/marcha-das-mulheres-indigenas-comeca-nesta-segunda-em-brasilia\/#primaryimage\",\"url\":\"\",\"contentUrl\":\"\"},{\"@type\":\"BreadcrumbList\",\"@id\":\"https:\/\/cleitonpinheiro.com.br\/site\/marcha-das-mulheres-indigenas-comeca-nesta-segunda-em-brasilia\/#breadcrumb\",\"itemListElement\":[{\"@type\":\"ListItem\",\"position\":1,\"name\":\"In\u00edcio\",\"item\":\"https:\/\/cleitonpinheiro.com.br\/site\/\"},{\"@type\":\"ListItem\",\"position\":2,\"name\":\"Marcha das Mulheres Ind\u00edgenas come\u00e7a nesta segunda em Bras\u00edlia\"}]},{\"@type\":\"WebSite\",\"@id\":\"https:\/\/cleitonpinheiro.com.br\/site\/#website\",\"url\":\"https:\/\/cleitonpinheiro.com.br\/site\/\",\"name\":\"PORTAL DE NOT\u00cdCIAS CLEITON PINHEIRO\",\"description\":\"FALANDO A VERDADE\",\"publisher\":{\"@id\":\"https:\/\/cleitonpinheiro.com.br\/site\/#organization\"},\"potentialAction\":[{\"@type\":\"SearchAction\",\"target\":{\"@type\":\"EntryPoint\",\"urlTemplate\":\"https:\/\/cleitonpinheiro.com.br\/site\/?s={search_term_string}\"},\"query-input\":{\"@type\":\"PropertyValueSpecification\",\"valueRequired\":true,\"valueName\":\"search_term_string\"}}],\"inLanguage\":\"pt-BR\"},{\"@type\":\"Organization\",\"@id\":\"https:\/\/cleitonpinheiro.com.br\/site\/#organization\",\"name\":\"CPNOT\u00cdCIAS\",\"url\":\"https:\/\/cleitonpinheiro.com.br\/site\/\",\"logo\":{\"@type\":\"ImageObject\",\"inLanguage\":\"pt-BR\",\"@id\":\"https:\/\/cleitonpinheiro.com.br\/site\/#\/schema\/logo\/image\/\",\"url\":\"https:\/\/cleitonpinheiro.com.br\/site\/wp-content\/uploads\/2022\/08\/Logo-pequena-2.png\",\"contentUrl\":\"https:\/\/cleitonpinheiro.com.br\/site\/wp-content\/uploads\/2022\/08\/Logo-pequena-2.png\",\"width\":500,\"height\":500,\"caption\":\"CPNOT\u00cdCIAS\"},\"image\":{\"@id\":\"https:\/\/cleitonpinheiro.com.br\/site\/#\/schema\/logo\/image\/\"},\"sameAs\":[\"https:\/\/www.facebook.com\/portalcpnoticias\/\"]},{\"@type\":\"Person\",\"@id\":\"https:\/\/cleitonpinheiro.com.br\/site\/#\/schema\/person\/8f04544e0bc40a1b68775b08360f87db\",\"name\":\"Reda\u00e7\u00e3o CP\",\"image\":{\"@type\":\"ImageObject\",\"inLanguage\":\"pt-BR\",\"@id\":\"https:\/\/cleitonpinheiro.com.br\/site\/#\/schema\/person\/image\/\",\"url\":\"https:\/\/secure.gravatar.com\/avatar\/0bcf19cb29fdc8fc588c490c7ae1b3e174dac268586a63fbe1d1893a0f9020cd?s=96&r=g\",\"contentUrl\":\"https:\/\/secure.gravatar.com\/avatar\/0bcf19cb29fdc8fc588c490c7ae1b3e174dac268586a63fbe1d1893a0f9020cd?s=96&r=g\",\"caption\":\"Reda\u00e7\u00e3o CP\"},\"url\":\"https:\/\/cleitonpinheiro.com.br\/site\/author\/redacao\/\"}]}<\/script>\n<!-- \/ Yoast SEO plugin. -->","yoast_head_json":{"title":"Marcha das Mulheres Ind\u00edgenas come\u00e7a nesta segunda em Bras\u00edlia - PORTAL DE NOT\u00cdCIAS CLEITON PINHEIRO","robots":{"index":"index","follow":"follow","max-snippet":"max-snippet:-1","max-image-preview":"max-image-preview:large","max-video-preview":"max-video-preview:-1"},"canonical":"https:\/\/cleitonpinheiro.com.br\/site\/marcha-das-mulheres-indigenas-comeca-nesta-segunda-em-brasilia\/","og_locale":"pt_BR","og_type":"article","og_title":"Marcha das Mulheres Ind\u00edgenas come\u00e7a nesta segunda em Bras\u00edlia - PORTAL DE NOT\u00cdCIAS CLEITON PINHEIRO","og_description":"Mulheres ind\u00edgenas de todo o Pa\u00eds re\u00fanem-se em Bras\u00edlia, de 11 a 13 de setembro, a fim defender os direitos das mulheres e a preserva\u00e7\u00e3o das culturas ind\u00edgenas. Com o tema \u201cMulheres Biomas em Defesa da Biodiversidade atrav\u00e9s das ra\u00edzes ancestrais\u201d. A 3\u00aa Marcha das Mulheres Ind\u00edgenas tamb\u00e9m marca a continua\u00e7\u00e3o da luta contra o [&hellip;]","og_url":"https:\/\/cleitonpinheiro.com.br\/site\/marcha-das-mulheres-indigenas-comeca-nesta-segunda-em-brasilia\/","og_site_name":"PORTAL DE NOT\u00cdCIAS CLEITON PINHEIRO","article_publisher":"https:\/\/www.facebook.com\/portalcpnoticias\/","article_published_time":"2023-09-11T13:57:26+00:00","article_modified_time":"2023-09-11T13:57:29+00:00","og_image":[{"width":1170,"height":700,"url":"https:\/\/cleitonpinheiro.com.br\/site\/wp-content\/uploads\/2023\/09\/ja_0494.jpg","type":"image\/jpeg"}],"author":"Reda\u00e7\u00e3o CP","twitter_card":"summary_large_image","twitter_misc":{"Escrito por":"Reda\u00e7\u00e3o CP","Est. tempo de leitura":"3 minutos"},"schema":{"@context":"https:\/\/schema.org","@graph":[{"@type":"Article","@id":"https:\/\/cleitonpinheiro.com.br\/site\/marcha-das-mulheres-indigenas-comeca-nesta-segunda-em-brasilia\/#article","isPartOf":{"@id":"https:\/\/cleitonpinheiro.com.br\/site\/marcha-das-mulheres-indigenas-comeca-nesta-segunda-em-brasilia\/"},"author":{"name":"Reda\u00e7\u00e3o CP","@id":"https:\/\/cleitonpinheiro.com.br\/site\/#\/schema\/person\/8f04544e0bc40a1b68775b08360f87db"},"headline":"Marcha das Mulheres Ind\u00edgenas come\u00e7a nesta segunda em Bras\u00edlia","datePublished":"2023-09-11T13:57:26+00:00","dateModified":"2023-09-11T13:57:29+00:00","mainEntityOfPage":{"@id":"https:\/\/cleitonpinheiro.com.br\/site\/marcha-das-mulheres-indigenas-comeca-nesta-segunda-em-brasilia\/"},"wordCount":485,"commentCount":0,"publisher":{"@id":"https:\/\/cleitonpinheiro.com.br\/site\/#organization"},"image":{"@id":"https:\/\/cleitonpinheiro.com.br\/site\/marcha-das-mulheres-indigenas-comeca-nesta-segunda-em-brasilia\/#primaryimage"},"thumbnailUrl":"https:\/\/cleitonpinheiro.com.br\/site\/wp-content\/uploads\/2023\/09\/ja_0494.jpg","articleSection":["BRASIL \/ MUNDO","MANCHETE SEGUND\u00c1RIA"],"inLanguage":"pt-BR","potentialAction":[{"@type":"CommentAction","name":"Comment","target":["https:\/\/cleitonpinheiro.com.br\/site\/marcha-das-mulheres-indigenas-comeca-nesta-segunda-em-brasilia\/#respond"]}]},{"@type":"WebPage","@id":"https:\/\/cleitonpinheiro.com.br\/site\/marcha-das-mulheres-indigenas-comeca-nesta-segunda-em-brasilia\/","url":"https:\/\/cleitonpinheiro.com.br\/site\/marcha-das-mulheres-indigenas-comeca-nesta-segunda-em-brasilia\/","name":"Marcha das Mulheres Ind\u00edgenas come\u00e7a nesta segunda em Bras\u00edlia - PORTAL DE NOT\u00cdCIAS CLEITON PINHEIRO","isPartOf":{"@id":"https:\/\/cleitonpinheiro.com.br\/site\/#website"},"primaryImageOfPage":{"@id":"https:\/\/cleitonpinheiro.com.br\/site\/marcha-das-mulheres-indigenas-comeca-nesta-segunda-em-brasilia\/#primaryimage"},"image":{"@id":"https:\/\/cleitonpinheiro.com.br\/site\/marcha-das-mulheres-indigenas-comeca-nesta-segunda-em-brasilia\/#primaryimage"},"thumbnailUrl":"https:\/\/cleitonpinheiro.com.br\/site\/wp-content\/uploads\/2023\/09\/ja_0494.jpg","datePublished":"2023-09-11T13:57:26+00:00","dateModified":"2023-09-11T13:57:29+00:00","breadcrumb":{"@id":"https:\/\/cleitonpinheiro.com.br\/site\/marcha-das-mulheres-indigenas-comeca-nesta-segunda-em-brasilia\/#breadcrumb"},"inLanguage":"pt-BR","potentialAction":[{"@type":"ReadAction","target":["https:\/\/cleitonpinheiro.com.br\/site\/marcha-das-mulheres-indigenas-comeca-nesta-segunda-em-brasilia\/"]}]},{"@type":"ImageObject","inLanguage":"pt-BR","@id":"https:\/\/cleitonpinheiro.com.br\/site\/marcha-das-mulheres-indigenas-comeca-nesta-segunda-em-brasilia\/#primaryimage","url":"","contentUrl":""},{"@type":"BreadcrumbList","@id":"https:\/\/cleitonpinheiro.com.br\/site\/marcha-das-mulheres-indigenas-comeca-nesta-segunda-em-brasilia\/#breadcrumb","itemListElement":[{"@type":"ListItem","position":1,"name":"In\u00edcio","item":"https:\/\/cleitonpinheiro.com.br\/site\/"},{"@type":"ListItem","position":2,"name":"Marcha das Mulheres Ind\u00edgenas come\u00e7a nesta segunda em Bras\u00edlia"}]},{"@type":"WebSite","@id":"https:\/\/cleitonpinheiro.com.br\/site\/#website","url":"https:\/\/cleitonpinheiro.com.br\/site\/","name":"PORTAL DE NOT\u00cdCIAS CLEITON PINHEIRO","description":"FALANDO A VERDADE","publisher":{"@id":"https:\/\/cleitonpinheiro.com.br\/site\/#organization"},"potentialAction":[{"@type":"SearchAction","target":{"@type":"EntryPoint","urlTemplate":"https:\/\/cleitonpinheiro.com.br\/site\/?s={search_term_string}"},"query-input":{"@type":"PropertyValueSpecification","valueRequired":true,"valueName":"search_term_string"}}],"inLanguage":"pt-BR"},{"@type":"Organization","@id":"https:\/\/cleitonpinheiro.com.br\/site\/#organization","name":"CPNOT\u00cdCIAS","url":"https:\/\/cleitonpinheiro.com.br\/site\/","logo":{"@type":"ImageObject","inLanguage":"pt-BR","@id":"https:\/\/cleitonpinheiro.com.br\/site\/#\/schema\/logo\/image\/","url":"https:\/\/cleitonpinheiro.com.br\/site\/wp-content\/uploads\/2022\/08\/Logo-pequena-2.png","contentUrl":"https:\/\/cleitonpinheiro.com.br\/site\/wp-content\/uploads\/2022\/08\/Logo-pequena-2.png","width":500,"height":500,"caption":"CPNOT\u00cdCIAS"},"image":{"@id":"https:\/\/cleitonpinheiro.com.br\/site\/#\/schema\/logo\/image\/"},"sameAs":["https:\/\/www.facebook.com\/portalcpnoticias\/"]},{"@type":"Person","@id":"https:\/\/cleitonpinheiro.com.br\/site\/#\/schema\/person\/8f04544e0bc40a1b68775b08360f87db","name":"Reda\u00e7\u00e3o CP","image":{"@type":"ImageObject","inLanguage":"pt-BR","@id":"https:\/\/cleitonpinheiro.com.br\/site\/#\/schema\/person\/image\/","url":"https:\/\/secure.gravatar.com\/avatar\/0bcf19cb29fdc8fc588c490c7ae1b3e174dac268586a63fbe1d1893a0f9020cd?s=96&r=g","contentUrl":"https:\/\/secure.gravatar.com\/avatar\/0bcf19cb29fdc8fc588c490c7ae1b3e174dac268586a63fbe1d1893a0f9020cd?s=96&r=g","caption":"Reda\u00e7\u00e3o CP"},"url":"https:\/\/cleitonpinheiro.com.br\/site\/author\/redacao\/"}]}},"views":164,"_links":{"self":[{"href":"https:\/\/cleitonpinheiro.com.br\/site\/wp-json\/wp\/v2\/posts\/74077","targetHints":{"allow":["GET"]}}],"collection":[{"href":"https:\/\/cleitonpinheiro.com.br\/site\/wp-json\/wp\/v2\/posts"}],"about":[{"href":"https:\/\/cleitonpinheiro.com.br\/site\/wp-json\/wp\/v2\/types\/post"}],"author":[{"embeddable":true,"href":"https:\/\/cleitonpinheiro.com.br\/site\/wp-json\/wp\/v2\/users\/13"}],"replies":[{"embeddable":true,"href":"https:\/\/cleitonpinheiro.com.br\/site\/wp-json\/wp\/v2\/comments?post=74077"}],"version-history":[{"count":1,"href":"https:\/\/cleitonpinheiro.com.br\/site\/wp-json\/wp\/v2\/posts\/74077\/revisions"}],"predecessor-version":[{"id":74079,"href":"https:\/\/cleitonpinheiro.com.br\/site\/wp-json\/wp\/v2\/posts\/74077\/revisions\/74079"}],"wp:attachment":[{"href":"https:\/\/cleitonpinheiro.com.br\/site\/wp-json\/wp\/v2\/media?parent=74077"}],"wp:term":[{"taxonomy":"category","embeddable":true,"href":"https:\/\/cleitonpinheiro.com.br\/site\/wp-json\/wp\/v2\/categories?post=74077"},{"taxonomy":"post_tag","embeddable":true,"href":"https:\/\/cleitonpinheiro.com.br\/site\/wp-json\/wp\/v2\/tags?post=74077"}],"curies":[{"name":"wp","href":"https:\/\/api.w.org\/{rel}","templated":true}]}}