{"id":74080,"date":"2023-09-11T11:05:03","date_gmt":"2023-09-11T14:05:03","guid":{"rendered":"https:\/\/cleitonpinheiro.com.br\/site\/?p=74080"},"modified":"2023-09-11T11:05:06","modified_gmt":"2023-09-11T14:05:06","slug":"povos-tradicionais-resistem-a-expansao-da-agricultura-no-cerrado","status":"publish","type":"post","link":"https:\/\/cleitonpinheiro.com.br\/site\/povos-tradicionais-resistem-a-expansao-da-agricultura-no-cerrado\/","title":{"rendered":"Povos tradicionais resistem \u00e0 expans\u00e3o da agricultura no Cerrado"},"content":{"rendered":"\n<figure class=\"wp-block-image size-full\"><img decoding=\"async\" src=\"https:\/\/cleitonpinheiro.com.br\/site\/wp-content\/uploads\/2023\/09\/mc_chapada-dos-veadeiros-alto-do-paraiso-goias_00612022016.jpg\" alt=\"\" class=\"wp-image-74081\"\/><figcaption class=\"wp-element-caption\">Lideran\u00e7as denunciam desmandos e cobram respostas das autoridades &#8211; Foto: Marcelo Camargo\/Ag\u00eancia Brasil<\/figcaption><\/figure>\n\n\n\n<p class=\"wp-block-paragraph\"><strong>Por Lucas Pordeus Le\u00f3n &#8211; Ag\u00eancia Brasil<\/strong><\/p>\n\n\n\n<p class=\"wp-block-paragraph\">Os povos tradicionais do Cerrado s\u00e3o formados por comunidades herdeiras dos \u201csaberes ancestrais e tradicionais que guiam, h\u00e1 in\u00fameras gera\u00e7\u00f5es, o manejo das matas e paisagens, que fazem dessa rica savana uma das regi\u00f5es mais biodiversas do mundo\u201d. O conceito foi elaborado pelos organizadores do livro&nbsp;<a href=\"https:\/\/www.campanhacerrado.org.br\/images\/biblioteca\/Saberes%20dos%20Povos%20do%20Cerrado%20e%20Biodiversidade.pdf\" target=\"_blank\" rel=\"noreferrer noopener\"><em>Saberes dos Povos do Cerrado e Biodiversidade<\/em><\/a>.<img decoding=\"async\" src=\"https:\/\/agenciabrasil.ebc.com.br\/ebc.png?id=1553747&amp;o=node\"><img decoding=\"async\" src=\"https:\/\/agenciabrasil.ebc.com.br\/ebc.gif?id=1553747&amp;o=node\"><\/p>\n\n\n\n<p class=\"wp-block-paragraph\">S\u00e3o esses povos que enfrentam, diariamente, os danos mais imediatos do desmatamento e da redu\u00e7\u00e3o da vaz\u00e3o dos rios que t\u00eam afetado a savana brasileira. &nbsp;<\/p>\n\n\n\n<p class=\"wp-block-paragraph\">Os povos do Cerrado s\u00e3o formados por ind\u00edgenas do tronco J\u00ea (Xerente, Xakriab\u00e1 e Xavante), do tronco Tupi-Guarani (como os Guarani e Kaiow\u00e1), por quilombolas (como os kalungas, jalapoeiros e os mesquitas) e comunidades tradicionais como as quebradeiras de coco-baba\u00e7u, raizeiras, al\u00e9m de pescadoras artesanais, pantaneiras, entre outras popula\u00e7\u00f5es de base camponesa.<\/p>\n\n\n\n<p class=\"wp-block-paragraph\">No sudoeste do Piau\u00ed, uma das \u00e1reas mais recentes da expans\u00e3o da fronteira agr\u00edcola no Cerrado, as 78 fam\u00edlias ind\u00edgenas da etnia Akro\u00e1-Gamela que vivem no territ\u00f3rio Laranjeiras t\u00eam denunciado o avan\u00e7o da soja sobre terras que consideram originariamente como sendo do povo Akr\u00f3-Gamela.<\/p>\n\n\n\n<figure class=\"wp-block-image alignleft\"><img decoding=\"async\" src=\"https:\/\/imagens.ebc.com.br\/aEBDGUQ_GMARw1KIAIxkuim9b0s=\/365x0\/smart\/https:\/\/agenciabrasil.ebc.com.br\/sites\/default\/files\/thumbnails\/image\/credito_arquivo_pessoal_indigena_gamela_jose_wylk.jpeg?itok=o-z8eE3_\" alt=\"S\u00e9rie Dia do Cerrado. Ind\u00edgena, Gamela Jos\u00e9 Wylk. Foto: Arquivo Pessoal\" title=\"Arquivo pessoal\"\/><\/figure>\n\n\n\n<h6 class=\"wp-block-heading\">O ind\u00edgena Jos\u00e9 Wylk lidera a Associa\u00e7\u00e3o dos Povos Ind\u00edgenas de Laranjeiras, no Piau\u00ed &#8211;&nbsp;<strong>Arquivo pessoal<\/strong><\/h6>\n\n\n\n<p class=\"wp-block-paragraph\">\u201cOs conflitos por terra t\u00eam aumentado com amea\u00e7as por parte do agroneg\u00f3cio, invas\u00f5es, intimida\u00e7\u00f5es e viola\u00e7\u00f5es de direitos humanos\u201d, denunciou Jos\u00e9 Wylk Brauna da Silva, de 30 anos. A lideran\u00e7a da Associa\u00e7\u00e3o dos Povos Ind\u00edgenas de Laranjeiras diz que eles t\u00eam lutado pela demarca\u00e7\u00e3o do territ\u00f3rio. &nbsp;<\/p>\n\n\n\n<p class=\"wp-block-paragraph\">\u201cQuando eu era crian\u00e7a, nosso povo vivia em harmonia. A gente tinha espa\u00e7o para viver, plantar, colher e beber\u201d, destacou Jos\u00e9 Wylk.<\/p>\n\n\n\n<blockquote class=\"wp-block-quote is-layout-flow wp-block-quote-is-layout-flow\">\n<p class=\"wp-block-paragraph\">\u201cNos \u00faltimos anos, h\u00e1 uma dr\u00e1stica mudan\u00e7a. O desmatamento e o uso excessivo de agrot\u00f3xicos contaminam a \u00e1gua e influenciam no clima\u201d. &nbsp;<\/p>\n<\/blockquote>\n\n\n\n<p class=\"wp-block-paragraph\">Wylk acrescentou que, apesar das den\u00fancias feitas ao Poder P\u00fablico, as respostas s\u00e3o insuficientes. \u201cA gente exige que o Estado vire de frente para a gente e passe a atuar tamb\u00e9m para expandir as pol\u00edticas p\u00fablicas na regi\u00e3o\u201d, concluiu. &nbsp;<\/p>\n\n\n\n<p class=\"wp-block-paragraph\"><a href=\"https:\/\/agenciabrasil.ebc.com.br\/tags\/especial-cerrado-2023\" target=\"_blank\" rel=\"noreferrer noopener\"><strong>&gt;&gt;&gt; Clique aqui para ler todo o conte\u00fado do Especial Cerrado 2023<\/strong><\/a><\/p>\n\n\n\n<h2 class=\"wp-block-heading\">Quilombo Mesquita &nbsp;<\/h2>\n\n\n\n<p class=\"wp-block-paragraph\">A luta do povo Akr\u00f3-Gamela no Piau\u00ed \u00e9 semelhante \u00e0 do povo do Quilombo de Mesquita, no munic\u00edpio de Cidade Ocidental (GO), na regi\u00e3o do entorno do Distrito Federal (DF). &nbsp;<\/p>\n\n\n\n<p class=\"wp-block-paragraph\">A comunidade, j\u00e1 reconhecida como quilombo pela Funda\u00e7\u00e3o Cultural Palmares, tem cerca de tr\u00eas mil pessoas, com mais de 250 anos de exist\u00eancia, e tenta conseguir a titula\u00e7\u00e3o de 4,2 mil hectares.<\/p>\n\n\n\n<p class=\"wp-block-paragraph\">Em entrevista recente \u00e0&nbsp;<strong>TV Brasil<\/strong>, a lideran\u00e7a Jos\u00e9 Roberto Teixeira Braga denunciou o avan\u00e7o do desmatamento no quilombo, principalmente por fazendeiros de soja. \u201cTem muito invasor desmatando e n\u00f3s n\u00e3o gosta que desmatem. Os bichos est\u00e3o tudo desesperado entrando na casa do povo porque est\u00e3o acabando com o Cerrado tudo\u201d, contou Braga, que acrescentou que tem recebido amea\u00e7as de morte. &nbsp;<\/p>\n\n\n\n<h2 class=\"wp-block-heading\">Correntina<\/h2>\n\n\n\n<p class=\"wp-block-paragraph\">O munic\u00edpio de Correntina (BA), no extremo oeste baiano, virou not\u00edcia internacional em 2017, quando milhares foram \u00e0s ruas denunciar o uso excessivo da \u00e1gua pelas fazendas, que estariam reduzindo a vaz\u00e3o dos rios usados pelas comunidades tradicionais. &nbsp;<\/p>\n\n\n\n<figure class=\"wp-block-image alignleft\"><img decoding=\"async\" src=\"https:\/\/imagens.ebc.com.br\/QxTBkLEox8SFnn1fKyYVCKpK9RY=\/365x0\/smart\/https:\/\/agenciabrasil.ebc.com.br\/sites\/default\/files\/thumbnails\/image\/credito_arquivo_pessoal_carreirinha_jamilton.jpeg?itok=20J2QXwB\" alt=\"S\u00e9rie Dia do Cerrado. Carreirinha Jamilton. Foto: Arquivo Pessoal\" title=\"Arquivo pessoal\"\/><\/figure>\n\n\n\n<h6 class=\"wp-block-heading\">Carreirinha luta contra o uso excessivo da \u00e1gua por grandes agricultores em Correntina, na Bahia-&nbsp;<strong>Arquivo pessoal<\/strong><\/h6>\n\n\n\n<p class=\"wp-block-paragraph\">O l\u00edder da Associa\u00e7\u00e3o Comunit\u00e1ria dos Pequenos Criadores do Fecho de Gado Bravo, Jamilton Santos de Magalh\u00e3es, conhecido como Carreirinha, avaliou que o protesto n\u00e3o teve muito efeito e que as outorgas para o uso da \u00e1gua continuaram.<\/p>\n\n\n\n<p class=\"wp-block-paragraph\">\u201cO Estado se posicionou, a meu ver, conivente com o que aconteceu e est\u00e1 acontecendo agora, liberando as outorgas novamente. Continua com a mesma pr\u00e1tica\u201d, denunciou o agricultor que vive em uma comunidade h\u00e1 cerca de 20 quil\u00f4metros (km) do centro do munic\u00edpio. Na comunidade, cria-se gado e planta-se feij\u00e3o, milho, mandioca, entre outras culturas.&nbsp;&nbsp;&nbsp; &nbsp;<\/p>\n\n\n\n<p class=\"wp-block-paragraph\">Carreirinha destacou que o pai dele j\u00e1 lutava pela terra contra a expans\u00e3o do agroneg\u00f3cio na regi\u00e3o e que ele continua essa luta: \u201cmuitos perderam os territ\u00f3rios, mas a gente continua resistindo\u201d, afirmou. &nbsp;<\/p>\n\n\n\n<p class=\"wp-block-paragraph\">\u201cN\u00e3o \u00e9 s\u00f3 pela terra que lutamos, \u00e9 pela \u00e1gua e pelo Cerrado porque nessas \u00e1reas que a gente luta para defender o territ\u00f3rio s\u00e3o as \u00fanicas \u00e1reas que restam de Cerrado em p\u00e9 e, por sinal, s\u00e3o as \u00fanicas que ainda t\u00eam nascentes vivas\u201d, explicou. &nbsp;<\/p>\n\n\n\n<h2 class=\"wp-block-heading\">Comunidades dissolvidas<\/h2>\n\n\n\n<p class=\"wp-block-paragraph\">O Instituto Sociedade, Popula\u00e7\u00e3o e Natureza (ISPN) atua apoiando os povos do Cerrado que enfrentam a expans\u00e3o da agropecu\u00e1ria sobre os seus territ\u00f3rios tradicionais h\u00e1 pelo menos 30 anos. A coordenadora do Programa Cerrado e Caatinga do ISPN Isabel Figueiredo afirmou que a expans\u00e3o do agroneg\u00f3cio se d\u00e1 de forma irregular, sem respeitar as terras dos povos tradicionais. &nbsp;<\/p>\n\n\n\n<p class=\"wp-block-paragraph\">\u201cExiste um&nbsp;<em>modus operandi<\/em>&nbsp;do agroneg\u00f3cio de lan\u00e7ar m\u00e3os de fraudes no sistema cartorial que acabam por ocupar territ\u00f3rios de povos tradicionais\u201d, destacou.<\/p>\n\n\n\n<p class=\"wp-block-paragraph\">\u201c\u00c9 um processo institucionalizado com pouqu\u00edssimo controle do Estado e que lan\u00e7a m\u00e3o de muita viol\u00eancia por meio da presen\u00e7a das mil\u00edcias rurais. As mil\u00edcias passam a ocupar as comunidades e a comprar casas no meio da comunidade. Isso vai gerando uma sensa\u00e7\u00e3o de inseguran\u00e7a e medo e algumas comunidades acabam se dissolvendo\u201d relatou Isabel. &nbsp;<\/p>\n\n\n\n<h2 class=\"wp-block-heading\">MMA<\/h2>\n\n\n\n<figure class=\"wp-block-image alignleft\"><img decoding=\"async\" src=\"https:\/\/imagens.ebc.com.br\/6ojIehMTF_LdGav2RI4hxAqxgQM=\/365x0\/smart\/https:\/\/agenciabrasil.ebc.com.br\/sites\/default\/files\/thumbnails\/image\/23082023-lula2985.jpg?itok=hQXZgqc8\" alt=\"Bras\u00edlia (DF) 23\/08\/2023 Ministra do Meio Ambiente e Mudan\u00e7a do Clima, Marina Silva, fala na Comiss\u00e3o do Meio Ambiente do Senado durante audi\u00eancia p\u00fablica. Foto Lula Marques\/ Ag\u00eancia Brasil\" title=\"Lula Marques\/ Ag\u00eancia Brasil\"\/><\/figure>\n\n\n\n<h6 class=\"wp-block-heading\">Marina Silva na Comiss\u00e3o do Meio Ambiente do Senado &#8211;&nbsp;<strong>Lula Marques\/ Ag\u00eancia Brasil<\/strong><\/h6>\n\n\n\n<p class=\"wp-block-paragraph\">Em audi\u00eancia p\u00fablica no Senado no final de agosto, a ministra do Meio Ambiente Marina Silva informou que a pasta est\u00e1 preparando um novo plano contra o desmatamento do Cerrado que deve ser colocado em consulta p\u00fablico neste m\u00eas de setembro. Ao mesmo tempo, Marina destacou que o plano n\u00e3o ter\u00e1 sucesso sem participa\u00e7\u00e3o dos estados. &nbsp;<\/p>\n\n\n\n<p class=\"wp-block-paragraph\">\u201cConsiderando que mais de 70% dos desmatamentos que est\u00e3o acontecendo no Cerrado t\u00eam a licen\u00e7a para desmatar, o que n\u00f3s vamos precisar \u00e9, digamos, revisitar essas licen\u00e7as para saber o n\u00edvel de legalidade delas\u201d, afirmou a ministra.&nbsp;<\/p>\n\n\n\n<p class=\"wp-block-paragraph\">Nossa reportagem procurou a Frente Parlamentar Agropecu\u00e1ria (FPA) e a Confedera\u00e7\u00e3o Nacional da Agricultura (CNA), representantes do agroneg\u00f3cio, para comentar o desmatamento do bioma, mas n\u00e3o obteve retorno at\u00e9 a publica\u00e7\u00e3o desta reportagem.<\/p>\n","protected":false},"excerpt":{"rendered":"<p>Por Lucas Pordeus Le\u00f3n &#8211; Ag\u00eancia Brasil Os povos tradicionais do Cerrado s\u00e3o formados por comunidades herdeiras dos \u201csaberes ancestrais e tradicionais que guiam, h\u00e1 in\u00fameras gera\u00e7\u00f5es, o manejo das matas e paisagens, que fazem dessa rica savana uma das regi\u00f5es mais biodiversas do mundo\u201d. O conceito foi elaborado pelos organizadores do livro&nbsp;Saberes dos Povos [&hellip;]<\/p>\n","protected":false},"author":13,"featured_media":0,"comment_status":"open","ping_status":"open","sticky":false,"template":"","format":"standard","meta":{"_acf_changed":false,"footnotes":""},"categories":[19,898],"tags":[],"class_list":["post-74080","post","type-post","status-publish","format-standard","hentry","category-brasil-mundo","category-manchete-segundaria"],"acf":[],"yoast_head":"<!-- This site is optimized with the Yoast SEO plugin v24.4 - https:\/\/yoast.com\/wordpress\/plugins\/seo\/ -->\n<title>Povos tradicionais resistem \u00e0 expans\u00e3o da agricultura no Cerrado - PORTAL DE NOT\u00cdCIAS CLEITON PINHEIRO<\/title>\n<meta name=\"robots\" content=\"index, follow, max-snippet:-1, max-image-preview:large, max-video-preview:-1\" \/>\n<link rel=\"canonical\" href=\"https:\/\/cleitonpinheiro.com.br\/site\/povos-tradicionais-resistem-a-expansao-da-agricultura-no-cerrado\/\" \/>\n<meta property=\"og:locale\" content=\"pt_BR\" \/>\n<meta property=\"og:type\" content=\"article\" \/>\n<meta property=\"og:title\" content=\"Povos tradicionais resistem \u00e0 expans\u00e3o da agricultura no Cerrado - PORTAL DE NOT\u00cdCIAS CLEITON PINHEIRO\" \/>\n<meta property=\"og:description\" content=\"Por Lucas Pordeus Le\u00f3n &#8211; Ag\u00eancia Brasil Os povos tradicionais do Cerrado s\u00e3o formados por comunidades herdeiras dos \u201csaberes ancestrais e tradicionais que guiam, h\u00e1 in\u00fameras gera\u00e7\u00f5es, o manejo das matas e paisagens, que fazem dessa rica savana uma das regi\u00f5es mais biodiversas do mundo\u201d. O conceito foi elaborado pelos organizadores do livro&nbsp;Saberes dos Povos [&hellip;]\" \/>\n<meta property=\"og:url\" content=\"https:\/\/cleitonpinheiro.com.br\/site\/povos-tradicionais-resistem-a-expansao-da-agricultura-no-cerrado\/\" \/>\n<meta property=\"og:site_name\" content=\"PORTAL DE NOT\u00cdCIAS CLEITON PINHEIRO\" \/>\n<meta property=\"article:publisher\" content=\"https:\/\/www.facebook.com\/portalcpnoticias\/\" \/>\n<meta property=\"article:published_time\" content=\"2023-09-11T14:05:03+00:00\" \/>\n<meta property=\"article:modified_time\" content=\"2023-09-11T14:05:06+00:00\" \/>\n<meta property=\"og:image\" content=\"https:\/\/cleitonpinheiro.com.br\/site\/wp-content\/uploads\/2023\/09\/mc_chapada-dos-veadeiros-alto-do-paraiso-goias_00612022016.jpg\" \/>\n\t<meta property=\"og:image:width\" content=\"1170\" \/>\n\t<meta property=\"og:image:height\" content=\"700\" \/>\n\t<meta property=\"og:image:type\" content=\"image\/jpeg\" \/>\n<meta name=\"author\" content=\"Reda\u00e7\u00e3o CP\" \/>\n<meta name=\"twitter:card\" content=\"summary_large_image\" \/>\n<meta name=\"twitter:label1\" content=\"Escrito por\" \/>\n\t<meta name=\"twitter:data1\" content=\"Reda\u00e7\u00e3o CP\" \/>\n\t<meta name=\"twitter:label2\" content=\"Est. tempo de leitura\" \/>\n\t<meta name=\"twitter:data2\" content=\"7 minutos\" \/>\n<script type=\"application\/ld+json\" class=\"yoast-schema-graph\">{\"@context\":\"https:\/\/schema.org\",\"@graph\":[{\"@type\":\"Article\",\"@id\":\"https:\/\/cleitonpinheiro.com.br\/site\/povos-tradicionais-resistem-a-expansao-da-agricultura-no-cerrado\/#article\",\"isPartOf\":{\"@id\":\"https:\/\/cleitonpinheiro.com.br\/site\/povos-tradicionais-resistem-a-expansao-da-agricultura-no-cerrado\/\"},\"author\":{\"name\":\"Reda\u00e7\u00e3o CP\",\"@id\":\"https:\/\/cleitonpinheiro.com.br\/site\/#\/schema\/person\/8f04544e0bc40a1b68775b08360f87db\"},\"headline\":\"Povos tradicionais resistem \u00e0 expans\u00e3o da agricultura no Cerrado\",\"datePublished\":\"2023-09-11T14:05:03+00:00\",\"dateModified\":\"2023-09-11T14:05:06+00:00\",\"mainEntityOfPage\":{\"@id\":\"https:\/\/cleitonpinheiro.com.br\/site\/povos-tradicionais-resistem-a-expansao-da-agricultura-no-cerrado\/\"},\"wordCount\":1132,\"commentCount\":0,\"publisher\":{\"@id\":\"https:\/\/cleitonpinheiro.com.br\/site\/#organization\"},\"image\":{\"@id\":\"https:\/\/cleitonpinheiro.com.br\/site\/povos-tradicionais-resistem-a-expansao-da-agricultura-no-cerrado\/#primaryimage\"},\"thumbnailUrl\":\"https:\/\/cleitonpinheiro.com.br\/site\/wp-content\/uploads\/2023\/09\/mc_chapada-dos-veadeiros-alto-do-paraiso-goias_00612022016.jpg\",\"articleSection\":[\"BRASIL \/ MUNDO\",\"MANCHETE SEGUND\u00c1RIA\"],\"inLanguage\":\"pt-BR\",\"potentialAction\":[{\"@type\":\"CommentAction\",\"name\":\"Comment\",\"target\":[\"https:\/\/cleitonpinheiro.com.br\/site\/povos-tradicionais-resistem-a-expansao-da-agricultura-no-cerrado\/#respond\"]}]},{\"@type\":\"WebPage\",\"@id\":\"https:\/\/cleitonpinheiro.com.br\/site\/povos-tradicionais-resistem-a-expansao-da-agricultura-no-cerrado\/\",\"url\":\"https:\/\/cleitonpinheiro.com.br\/site\/povos-tradicionais-resistem-a-expansao-da-agricultura-no-cerrado\/\",\"name\":\"Povos tradicionais resistem \u00e0 expans\u00e3o da agricultura no Cerrado - PORTAL DE NOT\u00cdCIAS CLEITON PINHEIRO\",\"isPartOf\":{\"@id\":\"https:\/\/cleitonpinheiro.com.br\/site\/#website\"},\"primaryImageOfPage\":{\"@id\":\"https:\/\/cleitonpinheiro.com.br\/site\/povos-tradicionais-resistem-a-expansao-da-agricultura-no-cerrado\/#primaryimage\"},\"image\":{\"@id\":\"https:\/\/cleitonpinheiro.com.br\/site\/povos-tradicionais-resistem-a-expansao-da-agricultura-no-cerrado\/#primaryimage\"},\"thumbnailUrl\":\"https:\/\/cleitonpinheiro.com.br\/site\/wp-content\/uploads\/2023\/09\/mc_chapada-dos-veadeiros-alto-do-paraiso-goias_00612022016.jpg\",\"datePublished\":\"2023-09-11T14:05:03+00:00\",\"dateModified\":\"2023-09-11T14:05:06+00:00\",\"breadcrumb\":{\"@id\":\"https:\/\/cleitonpinheiro.com.br\/site\/povos-tradicionais-resistem-a-expansao-da-agricultura-no-cerrado\/#breadcrumb\"},\"inLanguage\":\"pt-BR\",\"potentialAction\":[{\"@type\":\"ReadAction\",\"target\":[\"https:\/\/cleitonpinheiro.com.br\/site\/povos-tradicionais-resistem-a-expansao-da-agricultura-no-cerrado\/\"]}]},{\"@type\":\"ImageObject\",\"inLanguage\":\"pt-BR\",\"@id\":\"https:\/\/cleitonpinheiro.com.br\/site\/povos-tradicionais-resistem-a-expansao-da-agricultura-no-cerrado\/#primaryimage\",\"url\":\"\",\"contentUrl\":\"\"},{\"@type\":\"BreadcrumbList\",\"@id\":\"https:\/\/cleitonpinheiro.com.br\/site\/povos-tradicionais-resistem-a-expansao-da-agricultura-no-cerrado\/#breadcrumb\",\"itemListElement\":[{\"@type\":\"ListItem\",\"position\":1,\"name\":\"In\u00edcio\",\"item\":\"https:\/\/cleitonpinheiro.com.br\/site\/\"},{\"@type\":\"ListItem\",\"position\":2,\"name\":\"Povos tradicionais resistem \u00e0 expans\u00e3o da agricultura no Cerrado\"}]},{\"@type\":\"WebSite\",\"@id\":\"https:\/\/cleitonpinheiro.com.br\/site\/#website\",\"url\":\"https:\/\/cleitonpinheiro.com.br\/site\/\",\"name\":\"PORTAL DE NOT\u00cdCIAS CLEITON PINHEIRO\",\"description\":\"FALANDO A VERDADE\",\"publisher\":{\"@id\":\"https:\/\/cleitonpinheiro.com.br\/site\/#organization\"},\"potentialAction\":[{\"@type\":\"SearchAction\",\"target\":{\"@type\":\"EntryPoint\",\"urlTemplate\":\"https:\/\/cleitonpinheiro.com.br\/site\/?s={search_term_string}\"},\"query-input\":{\"@type\":\"PropertyValueSpecification\",\"valueRequired\":true,\"valueName\":\"search_term_string\"}}],\"inLanguage\":\"pt-BR\"},{\"@type\":\"Organization\",\"@id\":\"https:\/\/cleitonpinheiro.com.br\/site\/#organization\",\"name\":\"CPNOT\u00cdCIAS\",\"url\":\"https:\/\/cleitonpinheiro.com.br\/site\/\",\"logo\":{\"@type\":\"ImageObject\",\"inLanguage\":\"pt-BR\",\"@id\":\"https:\/\/cleitonpinheiro.com.br\/site\/#\/schema\/logo\/image\/\",\"url\":\"https:\/\/cleitonpinheiro.com.br\/site\/wp-content\/uploads\/2022\/08\/Logo-pequena-2.png\",\"contentUrl\":\"https:\/\/cleitonpinheiro.com.br\/site\/wp-content\/uploads\/2022\/08\/Logo-pequena-2.png\",\"width\":500,\"height\":500,\"caption\":\"CPNOT\u00cdCIAS\"},\"image\":{\"@id\":\"https:\/\/cleitonpinheiro.com.br\/site\/#\/schema\/logo\/image\/\"},\"sameAs\":[\"https:\/\/www.facebook.com\/portalcpnoticias\/\"]},{\"@type\":\"Person\",\"@id\":\"https:\/\/cleitonpinheiro.com.br\/site\/#\/schema\/person\/8f04544e0bc40a1b68775b08360f87db\",\"name\":\"Reda\u00e7\u00e3o CP\",\"image\":{\"@type\":\"ImageObject\",\"inLanguage\":\"pt-BR\",\"@id\":\"https:\/\/cleitonpinheiro.com.br\/site\/#\/schema\/person\/image\/\",\"url\":\"https:\/\/secure.gravatar.com\/avatar\/0bcf19cb29fdc8fc588c490c7ae1b3e174dac268586a63fbe1d1893a0f9020cd?s=96&r=g\",\"contentUrl\":\"https:\/\/secure.gravatar.com\/avatar\/0bcf19cb29fdc8fc588c490c7ae1b3e174dac268586a63fbe1d1893a0f9020cd?s=96&r=g\",\"caption\":\"Reda\u00e7\u00e3o CP\"},\"url\":\"https:\/\/cleitonpinheiro.com.br\/site\/author\/redacao\/\"}]}<\/script>\n<!-- \/ Yoast SEO plugin. -->","yoast_head_json":{"title":"Povos tradicionais resistem \u00e0 expans\u00e3o da agricultura no Cerrado - PORTAL DE NOT\u00cdCIAS CLEITON PINHEIRO","robots":{"index":"index","follow":"follow","max-snippet":"max-snippet:-1","max-image-preview":"max-image-preview:large","max-video-preview":"max-video-preview:-1"},"canonical":"https:\/\/cleitonpinheiro.com.br\/site\/povos-tradicionais-resistem-a-expansao-da-agricultura-no-cerrado\/","og_locale":"pt_BR","og_type":"article","og_title":"Povos tradicionais resistem \u00e0 expans\u00e3o da agricultura no Cerrado - PORTAL DE NOT\u00cdCIAS CLEITON PINHEIRO","og_description":"Por Lucas Pordeus Le\u00f3n &#8211; Ag\u00eancia Brasil Os povos tradicionais do Cerrado s\u00e3o formados por comunidades herdeiras dos \u201csaberes ancestrais e tradicionais que guiam, h\u00e1 in\u00fameras gera\u00e7\u00f5es, o manejo das matas e paisagens, que fazem dessa rica savana uma das regi\u00f5es mais biodiversas do mundo\u201d. O conceito foi elaborado pelos organizadores do livro&nbsp;Saberes dos Povos [&hellip;]","og_url":"https:\/\/cleitonpinheiro.com.br\/site\/povos-tradicionais-resistem-a-expansao-da-agricultura-no-cerrado\/","og_site_name":"PORTAL DE NOT\u00cdCIAS CLEITON PINHEIRO","article_publisher":"https:\/\/www.facebook.com\/portalcpnoticias\/","article_published_time":"2023-09-11T14:05:03+00:00","article_modified_time":"2023-09-11T14:05:06+00:00","og_image":[{"width":1170,"height":700,"url":"https:\/\/cleitonpinheiro.com.br\/site\/wp-content\/uploads\/2023\/09\/mc_chapada-dos-veadeiros-alto-do-paraiso-goias_00612022016.jpg","type":"image\/jpeg"}],"author":"Reda\u00e7\u00e3o CP","twitter_card":"summary_large_image","twitter_misc":{"Escrito por":"Reda\u00e7\u00e3o CP","Est. tempo de leitura":"7 minutos"},"schema":{"@context":"https:\/\/schema.org","@graph":[{"@type":"Article","@id":"https:\/\/cleitonpinheiro.com.br\/site\/povos-tradicionais-resistem-a-expansao-da-agricultura-no-cerrado\/#article","isPartOf":{"@id":"https:\/\/cleitonpinheiro.com.br\/site\/povos-tradicionais-resistem-a-expansao-da-agricultura-no-cerrado\/"},"author":{"name":"Reda\u00e7\u00e3o CP","@id":"https:\/\/cleitonpinheiro.com.br\/site\/#\/schema\/person\/8f04544e0bc40a1b68775b08360f87db"},"headline":"Povos tradicionais resistem \u00e0 expans\u00e3o da agricultura no Cerrado","datePublished":"2023-09-11T14:05:03+00:00","dateModified":"2023-09-11T14:05:06+00:00","mainEntityOfPage":{"@id":"https:\/\/cleitonpinheiro.com.br\/site\/povos-tradicionais-resistem-a-expansao-da-agricultura-no-cerrado\/"},"wordCount":1132,"commentCount":0,"publisher":{"@id":"https:\/\/cleitonpinheiro.com.br\/site\/#organization"},"image":{"@id":"https:\/\/cleitonpinheiro.com.br\/site\/povos-tradicionais-resistem-a-expansao-da-agricultura-no-cerrado\/#primaryimage"},"thumbnailUrl":"https:\/\/cleitonpinheiro.com.br\/site\/wp-content\/uploads\/2023\/09\/mc_chapada-dos-veadeiros-alto-do-paraiso-goias_00612022016.jpg","articleSection":["BRASIL \/ MUNDO","MANCHETE SEGUND\u00c1RIA"],"inLanguage":"pt-BR","potentialAction":[{"@type":"CommentAction","name":"Comment","target":["https:\/\/cleitonpinheiro.com.br\/site\/povos-tradicionais-resistem-a-expansao-da-agricultura-no-cerrado\/#respond"]}]},{"@type":"WebPage","@id":"https:\/\/cleitonpinheiro.com.br\/site\/povos-tradicionais-resistem-a-expansao-da-agricultura-no-cerrado\/","url":"https:\/\/cleitonpinheiro.com.br\/site\/povos-tradicionais-resistem-a-expansao-da-agricultura-no-cerrado\/","name":"Povos tradicionais resistem \u00e0 expans\u00e3o da agricultura no Cerrado - PORTAL DE NOT\u00cdCIAS CLEITON PINHEIRO","isPartOf":{"@id":"https:\/\/cleitonpinheiro.com.br\/site\/#website"},"primaryImageOfPage":{"@id":"https:\/\/cleitonpinheiro.com.br\/site\/povos-tradicionais-resistem-a-expansao-da-agricultura-no-cerrado\/#primaryimage"},"image":{"@id":"https:\/\/cleitonpinheiro.com.br\/site\/povos-tradicionais-resistem-a-expansao-da-agricultura-no-cerrado\/#primaryimage"},"thumbnailUrl":"https:\/\/cleitonpinheiro.com.br\/site\/wp-content\/uploads\/2023\/09\/mc_chapada-dos-veadeiros-alto-do-paraiso-goias_00612022016.jpg","datePublished":"2023-09-11T14:05:03+00:00","dateModified":"2023-09-11T14:05:06+00:00","breadcrumb":{"@id":"https:\/\/cleitonpinheiro.com.br\/site\/povos-tradicionais-resistem-a-expansao-da-agricultura-no-cerrado\/#breadcrumb"},"inLanguage":"pt-BR","potentialAction":[{"@type":"ReadAction","target":["https:\/\/cleitonpinheiro.com.br\/site\/povos-tradicionais-resistem-a-expansao-da-agricultura-no-cerrado\/"]}]},{"@type":"ImageObject","inLanguage":"pt-BR","@id":"https:\/\/cleitonpinheiro.com.br\/site\/povos-tradicionais-resistem-a-expansao-da-agricultura-no-cerrado\/#primaryimage","url":"","contentUrl":""},{"@type":"BreadcrumbList","@id":"https:\/\/cleitonpinheiro.com.br\/site\/povos-tradicionais-resistem-a-expansao-da-agricultura-no-cerrado\/#breadcrumb","itemListElement":[{"@type":"ListItem","position":1,"name":"In\u00edcio","item":"https:\/\/cleitonpinheiro.com.br\/site\/"},{"@type":"ListItem","position":2,"name":"Povos tradicionais resistem \u00e0 expans\u00e3o da agricultura no Cerrado"}]},{"@type":"WebSite","@id":"https:\/\/cleitonpinheiro.com.br\/site\/#website","url":"https:\/\/cleitonpinheiro.com.br\/site\/","name":"PORTAL DE NOT\u00cdCIAS CLEITON PINHEIRO","description":"FALANDO A VERDADE","publisher":{"@id":"https:\/\/cleitonpinheiro.com.br\/site\/#organization"},"potentialAction":[{"@type":"SearchAction","target":{"@type":"EntryPoint","urlTemplate":"https:\/\/cleitonpinheiro.com.br\/site\/?s={search_term_string}"},"query-input":{"@type":"PropertyValueSpecification","valueRequired":true,"valueName":"search_term_string"}}],"inLanguage":"pt-BR"},{"@type":"Organization","@id":"https:\/\/cleitonpinheiro.com.br\/site\/#organization","name":"CPNOT\u00cdCIAS","url":"https:\/\/cleitonpinheiro.com.br\/site\/","logo":{"@type":"ImageObject","inLanguage":"pt-BR","@id":"https:\/\/cleitonpinheiro.com.br\/site\/#\/schema\/logo\/image\/","url":"https:\/\/cleitonpinheiro.com.br\/site\/wp-content\/uploads\/2022\/08\/Logo-pequena-2.png","contentUrl":"https:\/\/cleitonpinheiro.com.br\/site\/wp-content\/uploads\/2022\/08\/Logo-pequena-2.png","width":500,"height":500,"caption":"CPNOT\u00cdCIAS"},"image":{"@id":"https:\/\/cleitonpinheiro.com.br\/site\/#\/schema\/logo\/image\/"},"sameAs":["https:\/\/www.facebook.com\/portalcpnoticias\/"]},{"@type":"Person","@id":"https:\/\/cleitonpinheiro.com.br\/site\/#\/schema\/person\/8f04544e0bc40a1b68775b08360f87db","name":"Reda\u00e7\u00e3o CP","image":{"@type":"ImageObject","inLanguage":"pt-BR","@id":"https:\/\/cleitonpinheiro.com.br\/site\/#\/schema\/person\/image\/","url":"https:\/\/secure.gravatar.com\/avatar\/0bcf19cb29fdc8fc588c490c7ae1b3e174dac268586a63fbe1d1893a0f9020cd?s=96&r=g","contentUrl":"https:\/\/secure.gravatar.com\/avatar\/0bcf19cb29fdc8fc588c490c7ae1b3e174dac268586a63fbe1d1893a0f9020cd?s=96&r=g","caption":"Reda\u00e7\u00e3o CP"},"url":"https:\/\/cleitonpinheiro.com.br\/site\/author\/redacao\/"}]}},"views":145,"_links":{"self":[{"href":"https:\/\/cleitonpinheiro.com.br\/site\/wp-json\/wp\/v2\/posts\/74080","targetHints":{"allow":["GET"]}}],"collection":[{"href":"https:\/\/cleitonpinheiro.com.br\/site\/wp-json\/wp\/v2\/posts"}],"about":[{"href":"https:\/\/cleitonpinheiro.com.br\/site\/wp-json\/wp\/v2\/types\/post"}],"author":[{"embeddable":true,"href":"https:\/\/cleitonpinheiro.com.br\/site\/wp-json\/wp\/v2\/users\/13"}],"replies":[{"embeddable":true,"href":"https:\/\/cleitonpinheiro.com.br\/site\/wp-json\/wp\/v2\/comments?post=74080"}],"version-history":[{"count":1,"href":"https:\/\/cleitonpinheiro.com.br\/site\/wp-json\/wp\/v2\/posts\/74080\/revisions"}],"predecessor-version":[{"id":74082,"href":"https:\/\/cleitonpinheiro.com.br\/site\/wp-json\/wp\/v2\/posts\/74080\/revisions\/74082"}],"wp:attachment":[{"href":"https:\/\/cleitonpinheiro.com.br\/site\/wp-json\/wp\/v2\/media?parent=74080"}],"wp:term":[{"taxonomy":"category","embeddable":true,"href":"https:\/\/cleitonpinheiro.com.br\/site\/wp-json\/wp\/v2\/categories?post=74080"},{"taxonomy":"post_tag","embeddable":true,"href":"https:\/\/cleitonpinheiro.com.br\/site\/wp-json\/wp\/v2\/tags?post=74080"}],"curies":[{"name":"wp","href":"https:\/\/api.w.org\/{rel}","templated":true}]}}