{"id":74085,"date":"2023-09-11T16:45:13","date_gmt":"2023-09-11T19:45:13","guid":{"rendered":"https:\/\/cleitonpinheiro.com.br\/site\/?p=74085"},"modified":"2023-09-11T18:23:32","modified_gmt":"2023-09-11T21:23:32","slug":"sebrae-leva-122-empresarios-do-tocantins-para-abav-expo-no-rj","status":"publish","type":"post","link":"https:\/\/cleitonpinheiro.com.br\/site\/sebrae-leva-122-empresarios-do-tocantins-para-abav-expo-no-rj\/","title":{"rendered":"Sebrae leva 122 empres\u00e1rios do Tocantins para Abav Expo no RJ\u00a0"},"content":{"rendered":"\n<figure class=\"wp-block-image size-full\"><img decoding=\"async\" src=\"https:\/\/cleitonpinheiro.com.br\/site\/wp-content\/uploads\/2023\/09\/Sebrae-leva-122-empresarios-do-Tocantins-para-ABAV-Expo-no-RJ.jpeg\" alt=\"\" class=\"wp-image-74086\"\/><\/figure>\n\n\n\n<p class=\"wp-block-paragraph\">Com a presen\u00e7a de 122 empres\u00e1rios do setor tur\u00edstico, o Sebrae Tocantins participa mais um ano da Abav Expo, um dos eventos mais aguardados do setor tur\u00edstico da Am\u00e9rica Latina. A feira ir\u00e1 ocorrer entre os dias 27 e 29 de setembro no Rio de Janeiro, e ser\u00e1 um verdadeiro ponto de encontro para profissionais do setor.&nbsp;&nbsp;<\/p>\n\n\n\n<p class=\"wp-block-paragraph\">Al\u00e9m da exposi\u00e7\u00e3o dos produtos e servi\u00e7os, a iniciativa tamb\u00e9m oferece uma s\u00e9rie de capacita\u00e7\u00f5es, pain\u00e9is e palestras com tem\u00e1ticas relevantes para o mercado. Conforme a organiza\u00e7\u00e3o da feira, nesta edi\u00e7\u00e3o, a iniciativa contar\u00e1 com aproximadamente 25 mil participantes, os quais ir\u00e3o expor mais de 1.500 marcas.&nbsp;<\/p>\n\n\n\n<p class=\"wp-block-paragraph\">A feira abordar\u00e1 neste ano temas como a inova\u00e7\u00e3o e sustentabilidade como pilares para impulsionar o turismo; a metamorfose, que discute as transforma\u00e7\u00f5es necess\u00e1rias para se adaptar \u00e0s mudan\u00e7as do mercado; a especializa\u00e7\u00e3o, destacando a import\u00e2ncia de se especializar em nichos espec\u00edficos para obter sucesso no setor; o MICE (Meetings, Incentive, Conferences and Exhibitions), que aborda estrat\u00e9gias para atrair eventos corporativos e incentivos ao turismo; e, por fim, as viv\u00eancias e lazer, que exploram experi\u00eancias \u00fanicas para os viajantes.&nbsp;<\/p>\n\n\n\n<p class=\"wp-block-paragraph\">De acordo com o diretor t\u00e9cnico do Sebrae, Rog\u00e9rio Ramos, eventos como esses s\u00e3o estrat\u00e9gicos para a promo\u00e7\u00e3o do crescimento e do desenvolvimento dos pequenos neg\u00f3cios do Tocantins. Segundo ele, os 122 empres\u00e1rios que comp\u00f5e a caravana do Sebrae, ter\u00e3o a oportunidade de conhecerem de perto as refer\u00eancias mundiais sobre o turismo. \u201cA ABAV Expo \u00e9 uma oportunidade \u00fanica para os profissionais do setor estabelecerem conex\u00f5es, fecharem neg\u00f3cios e se atualizarem sobre as tend\u00eancias do mercado. Com uma programa\u00e7\u00e3o diversificada e a presen\u00e7a de renomados especialistas da \u00e1rea. Temos certeza de que o evento vai impulsionar o turismo tocantinense\u201d, aposta.<\/p>\n","protected":false},"excerpt":{"rendered":"<p>Com a presen\u00e7a de 122 empres\u00e1rios do setor tur\u00edstico, o Sebrae Tocantins participa mais um ano da Abav Expo, um dos eventos mais aguardados do setor tur\u00edstico da Am\u00e9rica Latina. A feira ir\u00e1 ocorrer entre os dias 27 e 29 de setembro no Rio de Janeiro, e ser\u00e1 um verdadeiro ponto de encontro para profissionais [&hellip;]<\/p>\n","protected":false},"author":13,"featured_media":0,"comment_status":"open","ping_status":"open","sticky":false,"template":"","format":"standard","meta":{"_acf_changed":false,"footnotes":""},"categories":[8,898],"tags":[],"class_list":["post-74085","post","type-post","status-publish","format-standard","hentry","category-estado","category-manchete-segundaria"],"acf":[],"yoast_head":"<!-- This site is optimized with the Yoast SEO plugin v24.4 - https:\/\/yoast.com\/wordpress\/plugins\/seo\/ -->\n<title>Sebrae leva 122 empres\u00e1rios do Tocantins para Abav Expo no RJ\u00a0 - PORTAL DE NOT\u00cdCIAS CLEITON PINHEIRO<\/title>\n<meta name=\"robots\" content=\"index, follow, max-snippet:-1, max-image-preview:large, max-video-preview:-1\" \/>\n<link rel=\"canonical\" href=\"https:\/\/cleitonpinheiro.com.br\/site\/sebrae-leva-122-empresarios-do-tocantins-para-abav-expo-no-rj\/\" \/>\n<meta property=\"og:locale\" content=\"pt_BR\" \/>\n<meta property=\"og:type\" content=\"article\" \/>\n<meta property=\"og:title\" content=\"Sebrae leva 122 empres\u00e1rios do Tocantins para Abav Expo no RJ\u00a0 - PORTAL DE NOT\u00cdCIAS CLEITON PINHEIRO\" \/>\n<meta property=\"og:description\" content=\"Com a presen\u00e7a de 122 empres\u00e1rios do setor tur\u00edstico, o Sebrae Tocantins participa mais um ano da Abav Expo, um dos eventos mais aguardados do setor tur\u00edstico da Am\u00e9rica Latina. A feira ir\u00e1 ocorrer entre os dias 27 e 29 de setembro no Rio de Janeiro, e ser\u00e1 um verdadeiro ponto de encontro para profissionais [&hellip;]\" \/>\n<meta property=\"og:url\" content=\"https:\/\/cleitonpinheiro.com.br\/site\/sebrae-leva-122-empresarios-do-tocantins-para-abav-expo-no-rj\/\" \/>\n<meta property=\"og:site_name\" content=\"PORTAL DE NOT\u00cdCIAS CLEITON PINHEIRO\" \/>\n<meta property=\"article:publisher\" content=\"https:\/\/www.facebook.com\/portalcpnoticias\/\" \/>\n<meta property=\"article:published_time\" content=\"2023-09-11T19:45:13+00:00\" \/>\n<meta property=\"article:modified_time\" content=\"2023-09-11T21:23:32+00:00\" \/>\n<meta property=\"og:image\" content=\"https:\/\/cleitonpinheiro.com.br\/site\/wp-content\/uploads\/2023\/09\/Sebrae-leva-122-empresarios-do-Tocantins-para-ABAV-Expo-no-RJ.jpeg\" \/>\n\t<meta property=\"og:image:width\" content=\"1280\" \/>\n\t<meta property=\"og:image:height\" content=\"835\" \/>\n\t<meta property=\"og:image:type\" content=\"image\/jpeg\" \/>\n<meta name=\"author\" content=\"Reda\u00e7\u00e3o CP\" \/>\n<meta name=\"twitter:card\" content=\"summary_large_image\" \/>\n<meta name=\"twitter:label1\" content=\"Escrito por\" \/>\n\t<meta name=\"twitter:data1\" content=\"Reda\u00e7\u00e3o CP\" \/>\n\t<meta name=\"twitter:label2\" content=\"Est. tempo de leitura\" \/>\n\t<meta name=\"twitter:data2\" content=\"2 minutos\" \/>\n<script type=\"application\/ld+json\" class=\"yoast-schema-graph\">{\"@context\":\"https:\/\/schema.org\",\"@graph\":[{\"@type\":\"Article\",\"@id\":\"https:\/\/cleitonpinheiro.com.br\/site\/sebrae-leva-122-empresarios-do-tocantins-para-abav-expo-no-rj\/#article\",\"isPartOf\":{\"@id\":\"https:\/\/cleitonpinheiro.com.br\/site\/sebrae-leva-122-empresarios-do-tocantins-para-abav-expo-no-rj\/\"},\"author\":{\"name\":\"Reda\u00e7\u00e3o CP\",\"@id\":\"https:\/\/cleitonpinheiro.com.br\/site\/#\/schema\/person\/8f04544e0bc40a1b68775b08360f87db\"},\"headline\":\"Sebrae leva 122 empres\u00e1rios do Tocantins para Abav Expo no RJ\u00a0\",\"datePublished\":\"2023-09-11T19:45:13+00:00\",\"dateModified\":\"2023-09-11T21:23:32+00:00\",\"mainEntityOfPage\":{\"@id\":\"https:\/\/cleitonpinheiro.com.br\/site\/sebrae-leva-122-empresarios-do-tocantins-para-abav-expo-no-rj\/\"},\"wordCount\":332,\"commentCount\":0,\"publisher\":{\"@id\":\"https:\/\/cleitonpinheiro.com.br\/site\/#organization\"},\"image\":{\"@id\":\"https:\/\/cleitonpinheiro.com.br\/site\/sebrae-leva-122-empresarios-do-tocantins-para-abav-expo-no-rj\/#primaryimage\"},\"thumbnailUrl\":\"https:\/\/cleitonpinheiro.com.br\/site\/wp-content\/uploads\/2023\/09\/Sebrae-leva-122-empresarios-do-Tocantins-para-ABAV-Expo-no-RJ.jpeg\",\"articleSection\":[\"ESTADO\",\"MANCHETE SEGUND\u00c1RIA\"],\"inLanguage\":\"pt-BR\",\"potentialAction\":[{\"@type\":\"CommentAction\",\"name\":\"Comment\",\"target\":[\"https:\/\/cleitonpinheiro.com.br\/site\/sebrae-leva-122-empresarios-do-tocantins-para-abav-expo-no-rj\/#respond\"]}]},{\"@type\":\"WebPage\",\"@id\":\"https:\/\/cleitonpinheiro.com.br\/site\/sebrae-leva-122-empresarios-do-tocantins-para-abav-expo-no-rj\/\",\"url\":\"https:\/\/cleitonpinheiro.com.br\/site\/sebrae-leva-122-empresarios-do-tocantins-para-abav-expo-no-rj\/\",\"name\":\"Sebrae leva 122 empres\u00e1rios do Tocantins para Abav Expo no RJ\u00a0 - PORTAL DE NOT\u00cdCIAS CLEITON PINHEIRO\",\"isPartOf\":{\"@id\":\"https:\/\/cleitonpinheiro.com.br\/site\/#website\"},\"primaryImageOfPage\":{\"@id\":\"https:\/\/cleitonpinheiro.com.br\/site\/sebrae-leva-122-empresarios-do-tocantins-para-abav-expo-no-rj\/#primaryimage\"},\"image\":{\"@id\":\"https:\/\/cleitonpinheiro.com.br\/site\/sebrae-leva-122-empresarios-do-tocantins-para-abav-expo-no-rj\/#primaryimage\"},\"thumbnailUrl\":\"https:\/\/cleitonpinheiro.com.br\/site\/wp-content\/uploads\/2023\/09\/Sebrae-leva-122-empresarios-do-Tocantins-para-ABAV-Expo-no-RJ.jpeg\",\"datePublished\":\"2023-09-11T19:45:13+00:00\",\"dateModified\":\"2023-09-11T21:23:32+00:00\",\"breadcrumb\":{\"@id\":\"https:\/\/cleitonpinheiro.com.br\/site\/sebrae-leva-122-empresarios-do-tocantins-para-abav-expo-no-rj\/#breadcrumb\"},\"inLanguage\":\"pt-BR\",\"potentialAction\":[{\"@type\":\"ReadAction\",\"target\":[\"https:\/\/cleitonpinheiro.com.br\/site\/sebrae-leva-122-empresarios-do-tocantins-para-abav-expo-no-rj\/\"]}]},{\"@type\":\"ImageObject\",\"inLanguage\":\"pt-BR\",\"@id\":\"https:\/\/cleitonpinheiro.com.br\/site\/sebrae-leva-122-empresarios-do-tocantins-para-abav-expo-no-rj\/#primaryimage\",\"url\":\"\",\"contentUrl\":\"\"},{\"@type\":\"BreadcrumbList\",\"@id\":\"https:\/\/cleitonpinheiro.com.br\/site\/sebrae-leva-122-empresarios-do-tocantins-para-abav-expo-no-rj\/#breadcrumb\",\"itemListElement\":[{\"@type\":\"ListItem\",\"position\":1,\"name\":\"In\u00edcio\",\"item\":\"https:\/\/cleitonpinheiro.com.br\/site\/\"},{\"@type\":\"ListItem\",\"position\":2,\"name\":\"Sebrae leva 122 empres\u00e1rios do Tocantins para Abav Expo no RJ\u00a0\"}]},{\"@type\":\"WebSite\",\"@id\":\"https:\/\/cleitonpinheiro.com.br\/site\/#website\",\"url\":\"https:\/\/cleitonpinheiro.com.br\/site\/\",\"name\":\"PORTAL DE NOT\u00cdCIAS CLEITON PINHEIRO\",\"description\":\"FALANDO A VERDADE\",\"publisher\":{\"@id\":\"https:\/\/cleitonpinheiro.com.br\/site\/#organization\"},\"potentialAction\":[{\"@type\":\"SearchAction\",\"target\":{\"@type\":\"EntryPoint\",\"urlTemplate\":\"https:\/\/cleitonpinheiro.com.br\/site\/?s={search_term_string}\"},\"query-input\":{\"@type\":\"PropertyValueSpecification\",\"valueRequired\":true,\"valueName\":\"search_term_string\"}}],\"inLanguage\":\"pt-BR\"},{\"@type\":\"Organization\",\"@id\":\"https:\/\/cleitonpinheiro.com.br\/site\/#organization\",\"name\":\"CPNOT\u00cdCIAS\",\"url\":\"https:\/\/cleitonpinheiro.com.br\/site\/\",\"logo\":{\"@type\":\"ImageObject\",\"inLanguage\":\"pt-BR\",\"@id\":\"https:\/\/cleitonpinheiro.com.br\/site\/#\/schema\/logo\/image\/\",\"url\":\"https:\/\/cleitonpinheiro.com.br\/site\/wp-content\/uploads\/2022\/08\/Logo-pequena-2.png\",\"contentUrl\":\"https:\/\/cleitonpinheiro.com.br\/site\/wp-content\/uploads\/2022\/08\/Logo-pequena-2.png\",\"width\":500,\"height\":500,\"caption\":\"CPNOT\u00cdCIAS\"},\"image\":{\"@id\":\"https:\/\/cleitonpinheiro.com.br\/site\/#\/schema\/logo\/image\/\"},\"sameAs\":[\"https:\/\/www.facebook.com\/portalcpnoticias\/\"]},{\"@type\":\"Person\",\"@id\":\"https:\/\/cleitonpinheiro.com.br\/site\/#\/schema\/person\/8f04544e0bc40a1b68775b08360f87db\",\"name\":\"Reda\u00e7\u00e3o CP\",\"image\":{\"@type\":\"ImageObject\",\"inLanguage\":\"pt-BR\",\"@id\":\"https:\/\/cleitonpinheiro.com.br\/site\/#\/schema\/person\/image\/\",\"url\":\"https:\/\/secure.gravatar.com\/avatar\/0bcf19cb29fdc8fc588c490c7ae1b3e174dac268586a63fbe1d1893a0f9020cd?s=96&r=g\",\"contentUrl\":\"https:\/\/secure.gravatar.com\/avatar\/0bcf19cb29fdc8fc588c490c7ae1b3e174dac268586a63fbe1d1893a0f9020cd?s=96&r=g\",\"caption\":\"Reda\u00e7\u00e3o CP\"},\"url\":\"https:\/\/cleitonpinheiro.com.br\/site\/author\/redacao\/\"}]}<\/script>\n<!-- \/ Yoast SEO plugin. -->","yoast_head_json":{"title":"Sebrae leva 122 empres\u00e1rios do Tocantins para Abav Expo no RJ\u00a0 - PORTAL DE NOT\u00cdCIAS CLEITON PINHEIRO","robots":{"index":"index","follow":"follow","max-snippet":"max-snippet:-1","max-image-preview":"max-image-preview:large","max-video-preview":"max-video-preview:-1"},"canonical":"https:\/\/cleitonpinheiro.com.br\/site\/sebrae-leva-122-empresarios-do-tocantins-para-abav-expo-no-rj\/","og_locale":"pt_BR","og_type":"article","og_title":"Sebrae leva 122 empres\u00e1rios do Tocantins para Abav Expo no RJ\u00a0 - PORTAL DE NOT\u00cdCIAS CLEITON PINHEIRO","og_description":"Com a presen\u00e7a de 122 empres\u00e1rios do setor tur\u00edstico, o Sebrae Tocantins participa mais um ano da Abav Expo, um dos eventos mais aguardados do setor tur\u00edstico da Am\u00e9rica Latina. A feira ir\u00e1 ocorrer entre os dias 27 e 29 de setembro no Rio de Janeiro, e ser\u00e1 um verdadeiro ponto de encontro para profissionais [&hellip;]","og_url":"https:\/\/cleitonpinheiro.com.br\/site\/sebrae-leva-122-empresarios-do-tocantins-para-abav-expo-no-rj\/","og_site_name":"PORTAL DE NOT\u00cdCIAS CLEITON PINHEIRO","article_publisher":"https:\/\/www.facebook.com\/portalcpnoticias\/","article_published_time":"2023-09-11T19:45:13+00:00","article_modified_time":"2023-09-11T21:23:32+00:00","og_image":[{"width":1280,"height":835,"url":"https:\/\/cleitonpinheiro.com.br\/site\/wp-content\/uploads\/2023\/09\/Sebrae-leva-122-empresarios-do-Tocantins-para-ABAV-Expo-no-RJ.jpeg","type":"image\/jpeg"}],"author":"Reda\u00e7\u00e3o CP","twitter_card":"summary_large_image","twitter_misc":{"Escrito por":"Reda\u00e7\u00e3o CP","Est. tempo de leitura":"2 minutos"},"schema":{"@context":"https:\/\/schema.org","@graph":[{"@type":"Article","@id":"https:\/\/cleitonpinheiro.com.br\/site\/sebrae-leva-122-empresarios-do-tocantins-para-abav-expo-no-rj\/#article","isPartOf":{"@id":"https:\/\/cleitonpinheiro.com.br\/site\/sebrae-leva-122-empresarios-do-tocantins-para-abav-expo-no-rj\/"},"author":{"name":"Reda\u00e7\u00e3o CP","@id":"https:\/\/cleitonpinheiro.com.br\/site\/#\/schema\/person\/8f04544e0bc40a1b68775b08360f87db"},"headline":"Sebrae leva 122 empres\u00e1rios do Tocantins para Abav Expo no RJ\u00a0","datePublished":"2023-09-11T19:45:13+00:00","dateModified":"2023-09-11T21:23:32+00:00","mainEntityOfPage":{"@id":"https:\/\/cleitonpinheiro.com.br\/site\/sebrae-leva-122-empresarios-do-tocantins-para-abav-expo-no-rj\/"},"wordCount":332,"commentCount":0,"publisher":{"@id":"https:\/\/cleitonpinheiro.com.br\/site\/#organization"},"image":{"@id":"https:\/\/cleitonpinheiro.com.br\/site\/sebrae-leva-122-empresarios-do-tocantins-para-abav-expo-no-rj\/#primaryimage"},"thumbnailUrl":"https:\/\/cleitonpinheiro.com.br\/site\/wp-content\/uploads\/2023\/09\/Sebrae-leva-122-empresarios-do-Tocantins-para-ABAV-Expo-no-RJ.jpeg","articleSection":["ESTADO","MANCHETE SEGUND\u00c1RIA"],"inLanguage":"pt-BR","potentialAction":[{"@type":"CommentAction","name":"Comment","target":["https:\/\/cleitonpinheiro.com.br\/site\/sebrae-leva-122-empresarios-do-tocantins-para-abav-expo-no-rj\/#respond"]}]},{"@type":"WebPage","@id":"https:\/\/cleitonpinheiro.com.br\/site\/sebrae-leva-122-empresarios-do-tocantins-para-abav-expo-no-rj\/","url":"https:\/\/cleitonpinheiro.com.br\/site\/sebrae-leva-122-empresarios-do-tocantins-para-abav-expo-no-rj\/","name":"Sebrae leva 122 empres\u00e1rios do Tocantins para Abav Expo no RJ\u00a0 - PORTAL DE NOT\u00cdCIAS CLEITON PINHEIRO","isPartOf":{"@id":"https:\/\/cleitonpinheiro.com.br\/site\/#website"},"primaryImageOfPage":{"@id":"https:\/\/cleitonpinheiro.com.br\/site\/sebrae-leva-122-empresarios-do-tocantins-para-abav-expo-no-rj\/#primaryimage"},"image":{"@id":"https:\/\/cleitonpinheiro.com.br\/site\/sebrae-leva-122-empresarios-do-tocantins-para-abav-expo-no-rj\/#primaryimage"},"thumbnailUrl":"https:\/\/cleitonpinheiro.com.br\/site\/wp-content\/uploads\/2023\/09\/Sebrae-leva-122-empresarios-do-Tocantins-para-ABAV-Expo-no-RJ.jpeg","datePublished":"2023-09-11T19:45:13+00:00","dateModified":"2023-09-11T21:23:32+00:00","breadcrumb":{"@id":"https:\/\/cleitonpinheiro.com.br\/site\/sebrae-leva-122-empresarios-do-tocantins-para-abav-expo-no-rj\/#breadcrumb"},"inLanguage":"pt-BR","potentialAction":[{"@type":"ReadAction","target":["https:\/\/cleitonpinheiro.com.br\/site\/sebrae-leva-122-empresarios-do-tocantins-para-abav-expo-no-rj\/"]}]},{"@type":"ImageObject","inLanguage":"pt-BR","@id":"https:\/\/cleitonpinheiro.com.br\/site\/sebrae-leva-122-empresarios-do-tocantins-para-abav-expo-no-rj\/#primaryimage","url":"","contentUrl":""},{"@type":"BreadcrumbList","@id":"https:\/\/cleitonpinheiro.com.br\/site\/sebrae-leva-122-empresarios-do-tocantins-para-abav-expo-no-rj\/#breadcrumb","itemListElement":[{"@type":"ListItem","position":1,"name":"In\u00edcio","item":"https:\/\/cleitonpinheiro.com.br\/site\/"},{"@type":"ListItem","position":2,"name":"Sebrae leva 122 empres\u00e1rios do Tocantins para Abav Expo no RJ\u00a0"}]},{"@type":"WebSite","@id":"https:\/\/cleitonpinheiro.com.br\/site\/#website","url":"https:\/\/cleitonpinheiro.com.br\/site\/","name":"PORTAL DE NOT\u00cdCIAS CLEITON PINHEIRO","description":"FALANDO A VERDADE","publisher":{"@id":"https:\/\/cleitonpinheiro.com.br\/site\/#organization"},"potentialAction":[{"@type":"SearchAction","target":{"@type":"EntryPoint","urlTemplate":"https:\/\/cleitonpinheiro.com.br\/site\/?s={search_term_string}"},"query-input":{"@type":"PropertyValueSpecification","valueRequired":true,"valueName":"search_term_string"}}],"inLanguage":"pt-BR"},{"@type":"Organization","@id":"https:\/\/cleitonpinheiro.com.br\/site\/#organization","name":"CPNOT\u00cdCIAS","url":"https:\/\/cleitonpinheiro.com.br\/site\/","logo":{"@type":"ImageObject","inLanguage":"pt-BR","@id":"https:\/\/cleitonpinheiro.com.br\/site\/#\/schema\/logo\/image\/","url":"https:\/\/cleitonpinheiro.com.br\/site\/wp-content\/uploads\/2022\/08\/Logo-pequena-2.png","contentUrl":"https:\/\/cleitonpinheiro.com.br\/site\/wp-content\/uploads\/2022\/08\/Logo-pequena-2.png","width":500,"height":500,"caption":"CPNOT\u00cdCIAS"},"image":{"@id":"https:\/\/cleitonpinheiro.com.br\/site\/#\/schema\/logo\/image\/"},"sameAs":["https:\/\/www.facebook.com\/portalcpnoticias\/"]},{"@type":"Person","@id":"https:\/\/cleitonpinheiro.com.br\/site\/#\/schema\/person\/8f04544e0bc40a1b68775b08360f87db","name":"Reda\u00e7\u00e3o CP","image":{"@type":"ImageObject","inLanguage":"pt-BR","@id":"https:\/\/cleitonpinheiro.com.br\/site\/#\/schema\/person\/image\/","url":"https:\/\/secure.gravatar.com\/avatar\/0bcf19cb29fdc8fc588c490c7ae1b3e174dac268586a63fbe1d1893a0f9020cd?s=96&r=g","contentUrl":"https:\/\/secure.gravatar.com\/avatar\/0bcf19cb29fdc8fc588c490c7ae1b3e174dac268586a63fbe1d1893a0f9020cd?s=96&r=g","caption":"Reda\u00e7\u00e3o CP"},"url":"https:\/\/cleitonpinheiro.com.br\/site\/author\/redacao\/"}]}},"views":148,"_links":{"self":[{"href":"https:\/\/cleitonpinheiro.com.br\/site\/wp-json\/wp\/v2\/posts\/74085","targetHints":{"allow":["GET"]}}],"collection":[{"href":"https:\/\/cleitonpinheiro.com.br\/site\/wp-json\/wp\/v2\/posts"}],"about":[{"href":"https:\/\/cleitonpinheiro.com.br\/site\/wp-json\/wp\/v2\/types\/post"}],"author":[{"embeddable":true,"href":"https:\/\/cleitonpinheiro.com.br\/site\/wp-json\/wp\/v2\/users\/13"}],"replies":[{"embeddable":true,"href":"https:\/\/cleitonpinheiro.com.br\/site\/wp-json\/wp\/v2\/comments?post=74085"}],"version-history":[{"count":2,"href":"https:\/\/cleitonpinheiro.com.br\/site\/wp-json\/wp\/v2\/posts\/74085\/revisions"}],"predecessor-version":[{"id":74097,"href":"https:\/\/cleitonpinheiro.com.br\/site\/wp-json\/wp\/v2\/posts\/74085\/revisions\/74097"}],"wp:attachment":[{"href":"https:\/\/cleitonpinheiro.com.br\/site\/wp-json\/wp\/v2\/media?parent=74085"}],"wp:term":[{"taxonomy":"category","embeddable":true,"href":"https:\/\/cleitonpinheiro.com.br\/site\/wp-json\/wp\/v2\/categories?post=74085"},{"taxonomy":"post_tag","embeddable":true,"href":"https:\/\/cleitonpinheiro.com.br\/site\/wp-json\/wp\/v2\/tags?post=74085"}],"curies":[{"name":"wp","href":"https:\/\/api.w.org\/{rel}","templated":true}]}}