{"id":74094,"date":"2023-09-11T17:58:22","date_gmt":"2023-09-11T20:58:22","guid":{"rendered":"https:\/\/cleitonpinheiro.com.br\/site\/?p=74094"},"modified":"2023-09-11T18:21:53","modified_gmt":"2023-09-11T21:21:53","slug":"festival-gastronomico-termina-com-premiacao-dos-vencedores-e-show-do-biquini","status":"publish","type":"post","link":"https:\/\/cleitonpinheiro.com.br\/site\/festival-gastronomico-termina-com-premiacao-dos-vencedores-e-show-do-biquini\/","title":{"rendered":"Festival Gastron\u00f4mico termina com premia\u00e7\u00e3o dos vencedores e show do Biquini"},"content":{"rendered":"\n<figure class=\"wp-block-image size-full\"><img decoding=\"async\" src=\"https:\/\/cleitonpinheiro.com.br\/site\/wp-content\/uploads\/2023\/09\/6cbf575f-12ae-45a5-8ff4-0f8667051d57.jpg\" alt=\"\" class=\"wp-image-74095\"\/><figcaption class=\"wp-element-caption\">Emocionada, vencedora em 1\u00ba lugar na categoria Prato Doce, com Cake Cupu\u00e7a\u00ed, chef Paloma dos Santos comemora vit\u00f3ria &#8211; Foto: Luciana Pires\/Prefeitura de Palmas<\/figcaption><\/figure>\n\n\n\n<p class=\"wp-block-paragraph\">Regado com os sabores do Tocantins e muita m\u00fasica boa, a 17\u00aa edi\u00e7\u00e3o do Festival Gastron\u00f4mico de Taquaru\u00e7u (FGT) se despediu na noite de domingo, 11. O circuito instalado na Pra\u00e7a Vereador Tarcisio Machado da Fonseca, em Taquaru\u00e7u, encerrou com a premia\u00e7\u00e3o dos melhores pratos divididos em seis categorias, e com a\u00a0grande atra\u00e7\u00e3o nacional, Biquini, que entrou no palco j\u00e1 levando a plateia a cantar junto, com as m\u00fasicas, T\u00e9dio, Daniela, Vento Ventania, entre outras.\u00a0Durante as cinco noites, mais de 150 mil pessoas subiram a serra para prestigiar o card\u00e1pio recheado, as oficinas da Cozinha Show e as apresenta\u00e7\u00f5es culturais dos artistas regionais e nacionais. O FGT \u00e9 uma realiza\u00e7\u00e3o da Prefeitura de Palmas, por meio da Ag\u00eancia de Turismo (Agtur).<\/p>\n\n\n\n<p class=\"wp-block-paragraph\">Nesta edi\u00e7\u00e3o, 41 pratos concorreram disputando as seguintes categorias: Pratos Salgados, Pratos Doces, Comidinha Salgada, Food Truck, Rota Gastron\u00f4mica e Sa\u00fade e Bem-Estar; uma das novidades deste ano. Outra inova\u00e7\u00e3o foi o aumento dos valores das premia\u00e7\u00f5es, sendo distribu\u00eddo por cada categoria os valores de R$ 10 mil para os primeiros lugares, R$ 6 mil para os segundos lugares e R$ 3 mil para os ganhadores do terceiro lugar.<\/p>\n\n\n\n<p class=\"wp-block-paragraph\">A prefeita Cinthia Ribeiro ressaltou que esta edi\u00e7\u00e3o do FGT consolidou a marca em todo o Brasil, usando a base e trazendo mais tecnologia, mas preservando a cultura gastron\u00f4mica do Tocantins. \u201cO FGT \u00e9 recorde em todos os n\u00fameros, principalmente em participa\u00e7\u00e3o popular, esse \u00e9 o festival que vai entrar na hist\u00f3ria como o mais inclusivo em todos os sentidos. Uma festa pensada para a fam\u00edlia tocantinense, e tivemos aqui a participa\u00e7\u00e3o dos nossos \u201cpititicos\u201d, da melhor idade, de todos os p\u00fablicos\u201d, ressaltou, destacando que o FGT \u00e9 um grande difusor da culin\u00e1ria tocantinense.<\/p>\n\n\n\n<p class=\"wp-block-paragraph\">Para o presidente da Agtur, Giovanni Assis, a avalia\u00e7\u00e3o foi extremamente positiva. \u201cNeste ano preparamos uma estrutura maior, com tecnologia inclu\u00edda, mas acima de tudo, com afeto e amor. Quando as pessoas ultrapassaram&nbsp;o portal de entrada, se transportaram&nbsp;para um universo de &#8216;Sabor, mem\u00f3ria e amor&#8217;, um universo m\u00e1gico da gastronomia, com mais espa\u00e7os para as pessoas comerem confortavelmente\u201d, disse, lembrando do sucesso de toda a progrma\u00e7\u00e3o. \u201cA Cozinha Show&nbsp;foi espetacular, os chefs se doaram muito&nbsp;e o p\u00fablico nunca respondeu tanto. Al\u00e9m do shows nacionais e&nbsp;regionais&nbsp;que superaram todas as expectativas de p\u00fablico. Muito trabalho, mas muito sabor, mem\u00f3ria e amor\u201d, finalizou o gestor.&nbsp;<\/p>\n\n\n\n<p class=\"wp-block-paragraph\"><strong>Participantes&nbsp;<\/strong><\/p>\n\n\n\n<p class=\"wp-block-paragraph\">O primeiro lugar na categoria Sa\u00fade e Bem-Estar, estreante na edi\u00e7\u00e3o deste ano, ficou para a tamb\u00e9m estreante no FGT, Larisse&nbsp;Mota, que preparou o prato Jalapinhos Nutrili. Ela conta que fez&nbsp;com muito carinho, um card\u00e1pio&nbsp;nutricionalmente&nbsp;rico e saud\u00e1vel. J\u00e1 Kenia Borges, participante da Rota Gastron\u00f4mica pela terceira vez, fez quest\u00e3o de ressaltar a import\u00e2ncia de manter essa categoria. \u201cSempre acreditei no festival, e nos nossos ingredientes regionais\u201d.&nbsp;<\/p>\n\n\n\n<p class=\"wp-block-paragraph\">De acordo com a Agtur, a comiss\u00e3o julgadora que analisou as propostas culin\u00e1rias \u00e9 composta por grandes nomes e profissionais da gastronomia brasileira, que analisaram a forma de apresenta\u00e7\u00e3o dos pratos, criatividade, sabores, textura, originalidade e o uso de ingredientes caracter\u00edsticos da comida tocantinense, dentre outras.<\/p>\n\n\n\n<p class=\"wp-block-paragraph\"><strong>Cozinha Show<\/strong><\/p>\n\n\n\n<p class=\"wp-block-paragraph\">Fechando com chave de ouro a Cozinha Show, que este ano foi totalmente repaginada, passaram grandes nomes da culin\u00e1ria brasileira. Neste domingo \u00e0s crian\u00e7as que mandaram bem, e mostraram que, desde acompanhada, o lugar de crian\u00e7a tamb\u00e9m pode ser na cozinha.&nbsp;<\/p>\n\n\n\n<p class=\"wp-block-paragraph\">As crian\u00e7as do Projeto \u2018Chefinhos de Taquaru\u00e7u\u2019, acompanhados pela culinarista Enes D&#8217;Arc Rodrigues colocaram literalmente a m\u00e3o na massa e prepararam dois saborosos pratos: Torta de Carne de Jaca e Cupcake de Jabuticaba.&nbsp;<\/p>\n\n\n\n<p class=\"wp-block-paragraph\"><strong>Atra\u00e7\u00f5es Musicais&nbsp;<\/strong><\/p>\n\n\n\n<p class=\"wp-block-paragraph\">A primeira atra\u00e7\u00e3o da noite a subir no palco com sua voz marcante foi o tocantinense Marcos Rua, em seguida, a grande atra\u00e7\u00e3o nacional, Biquini Cavad\u00e3o. Para fechar a noite a cantora palmense Keith Araujo e Dj Gambone fecharam com chave de ouro a edi\u00e7\u00e3o do FGT.&nbsp;<\/p>\n\n\n\n<p class=\"wp-block-paragraph\"><strong>Confira a lista completa dos vencedores do FGT<\/strong><\/p>\n\n\n\n<p class=\"wp-block-paragraph\"><strong>Categoria Prato Salgado<\/strong><\/p>\n\n\n\n<p class=\"wp-block-paragraph\">1\u00ba Lugar &#8211; Josu\u00e9 Pereira &#8211; Pirarucu \u00e0s Natas<br>2\u00ba Lugar &#8211; D\u00e9bora Lima &#8211; Moqueca Tocantinense<br>3\u00ba Lugar &#8211; Jo\u00e3o Victor Silvestre &#8211; Chambari Cabuloso<\/p>\n\n\n\n<p class=\"wp-block-paragraph\"><strong>Categoria Comidinha Salgada<\/strong><\/p>\n\n\n\n<p class=\"wp-block-paragraph\">1\u00ba Lugar &#8211; Ingrid Victoria &#8211; Pastel Sol Dourado<br>2\u00ba Lugar &#8211; Carla Tatiana &#8211; Chambasol<br>3\u00ba Lugar &#8211; Nayane Cardoso &#8211; Calzone La Deguste<\/p>\n\n\n\n<p class=\"wp-block-paragraph\"><strong>Categoria Prato Doce<\/strong><\/p>\n\n\n\n<p class=\"wp-block-paragraph\">1\u00ba Lugar &#8211; Cake Cupu\u00e7a\u00ed &#8211; Paloma dos Santos<br>2\u00ba Lugar &#8211; Emily Gon\u00e7alves &#8211; Fatia Amor Tocantinense<br>3\u00ba Lugar &#8211; M\u00edriam Moreira &#8211; Fervedouro Crocante<\/p>\n\n\n\n<p class=\"wp-block-paragraph\"><strong>Categoria Food Truck&nbsp;<\/strong><\/p>\n\n\n\n<p class=\"wp-block-paragraph\">1\u00ba Lugar &#8211; Rog\u00e9rio Soares &#8211; Churrasco no P\u00e3o&nbsp;<br>2\u00ba Lugar &#8211; Katia de Ara\u00fajo &#8211; Pastel Saboroso<br>3\u00ba Lugar &#8211; Katarina Pereira &#8211; Vaca Atolada Burguer&nbsp;<\/p>\n\n\n\n<p class=\"wp-block-paragraph\"><strong>Categoria Sa\u00fade e Bem-Estar<\/strong><\/p>\n\n\n\n<p class=\"wp-block-paragraph\">1\u00ba Lugar &#8211; Larisse Mota &#8211;&nbsp;Jalapinho Nutrili<br>2\u00ba Lugar &#8211;&nbsp;Heverton Marinho &#8211; Cheviche Temperan\u00e7a<\/p>\n\n\n\n<p class=\"wp-block-paragraph\"><strong>Categoria Rota Gastron\u00f4mica&nbsp;<\/strong><\/p>\n\n\n\n<p class=\"wp-block-paragraph\">1\u00ba Lugar &#8211; Duo das Araras &#8211; Kenia de Moura&nbsp;<br>2\u00ba Lugar &#8211; Rabacan Bai\u00e3o Moiado- Maria do Socorro<br>3\u00ba Lugar &#8211; Pirarucu Bela Vista &#8211; Jaqueline Costa<\/p>\n","protected":false},"excerpt":{"rendered":"<p>Regado com os sabores do Tocantins e muita m\u00fasica boa, a 17\u00aa edi\u00e7\u00e3o do Festival Gastron\u00f4mico de Taquaru\u00e7u (FGT) se despediu na noite de domingo, 11. O circuito instalado na Pra\u00e7a Vereador Tarcisio Machado da Fonseca, em Taquaru\u00e7u, encerrou com a premia\u00e7\u00e3o dos melhores pratos divididos em seis categorias, e com a\u00a0grande atra\u00e7\u00e3o nacional, Biquini, [&hellip;]<\/p>\n","protected":false},"author":13,"featured_media":0,"comment_status":"open","ping_status":"open","sticky":false,"template":"","format":"standard","meta":{"_acf_changed":false,"footnotes":""},"categories":[22,898],"tags":[],"class_list":["post-74094","post","type-post","status-publish","format-standard","hentry","category-cidades","category-manchete-segundaria"],"acf":[],"yoast_head":"<!-- This site is optimized with the Yoast SEO plugin v24.4 - https:\/\/yoast.com\/wordpress\/plugins\/seo\/ -->\n<title>Festival Gastron\u00f4mico termina com premia\u00e7\u00e3o dos vencedores e show do Biquini - PORTAL DE NOT\u00cdCIAS CLEITON PINHEIRO<\/title>\n<meta name=\"robots\" content=\"index, follow, max-snippet:-1, max-image-preview:large, max-video-preview:-1\" \/>\n<link rel=\"canonical\" href=\"https:\/\/cleitonpinheiro.com.br\/site\/festival-gastronomico-termina-com-premiacao-dos-vencedores-e-show-do-biquini\/\" \/>\n<meta property=\"og:locale\" content=\"pt_BR\" \/>\n<meta property=\"og:type\" content=\"article\" \/>\n<meta property=\"og:title\" content=\"Festival Gastron\u00f4mico termina com premia\u00e7\u00e3o dos vencedores e show do Biquini - PORTAL DE NOT\u00cdCIAS CLEITON PINHEIRO\" \/>\n<meta property=\"og:description\" content=\"Regado com os sabores do Tocantins e muita m\u00fasica boa, a 17\u00aa edi\u00e7\u00e3o do Festival Gastron\u00f4mico de Taquaru\u00e7u (FGT) se despediu na noite de domingo, 11. O circuito instalado na Pra\u00e7a Vereador Tarcisio Machado da Fonseca, em Taquaru\u00e7u, encerrou com a premia\u00e7\u00e3o dos melhores pratos divididos em seis categorias, e com a\u00a0grande atra\u00e7\u00e3o nacional, Biquini, [&hellip;]\" \/>\n<meta property=\"og:url\" content=\"https:\/\/cleitonpinheiro.com.br\/site\/festival-gastronomico-termina-com-premiacao-dos-vencedores-e-show-do-biquini\/\" \/>\n<meta property=\"og:site_name\" content=\"PORTAL DE NOT\u00cdCIAS CLEITON PINHEIRO\" \/>\n<meta property=\"article:publisher\" content=\"https:\/\/www.facebook.com\/portalcpnoticias\/\" \/>\n<meta property=\"article:published_time\" content=\"2023-09-11T20:58:22+00:00\" \/>\n<meta property=\"article:modified_time\" content=\"2023-09-11T21:21:53+00:00\" \/>\n<meta property=\"og:image\" content=\"https:\/\/cleitonpinheiro.com.br\/site\/wp-content\/uploads\/2023\/09\/6cbf575f-12ae-45a5-8ff4-0f8667051d57.jpg\" \/>\n\t<meta property=\"og:image:width\" content=\"800\" \/>\n\t<meta property=\"og:image:height\" content=\"533\" \/>\n\t<meta property=\"og:image:type\" content=\"image\/jpeg\" \/>\n<meta name=\"author\" content=\"Reda\u00e7\u00e3o CP\" \/>\n<meta name=\"twitter:card\" content=\"summary_large_image\" \/>\n<meta name=\"twitter:label1\" content=\"Escrito por\" \/>\n\t<meta name=\"twitter:data1\" content=\"Reda\u00e7\u00e3o CP\" \/>\n\t<meta name=\"twitter:label2\" content=\"Est. tempo de leitura\" \/>\n\t<meta name=\"twitter:data2\" content=\"5 minutos\" \/>\n<script type=\"application\/ld+json\" class=\"yoast-schema-graph\">{\"@context\":\"https:\/\/schema.org\",\"@graph\":[{\"@type\":\"Article\",\"@id\":\"https:\/\/cleitonpinheiro.com.br\/site\/festival-gastronomico-termina-com-premiacao-dos-vencedores-e-show-do-biquini\/#article\",\"isPartOf\":{\"@id\":\"https:\/\/cleitonpinheiro.com.br\/site\/festival-gastronomico-termina-com-premiacao-dos-vencedores-e-show-do-biquini\/\"},\"author\":{\"name\":\"Reda\u00e7\u00e3o CP\",\"@id\":\"https:\/\/cleitonpinheiro.com.br\/site\/#\/schema\/person\/8f04544e0bc40a1b68775b08360f87db\"},\"headline\":\"Festival Gastron\u00f4mico termina com premia\u00e7\u00e3o dos vencedores e show do Biquini\",\"datePublished\":\"2023-09-11T20:58:22+00:00\",\"dateModified\":\"2023-09-11T21:21:53+00:00\",\"mainEntityOfPage\":{\"@id\":\"https:\/\/cleitonpinheiro.com.br\/site\/festival-gastronomico-termina-com-premiacao-dos-vencedores-e-show-do-biquini\/\"},\"wordCount\":920,\"commentCount\":0,\"publisher\":{\"@id\":\"https:\/\/cleitonpinheiro.com.br\/site\/#organization\"},\"image\":{\"@id\":\"https:\/\/cleitonpinheiro.com.br\/site\/festival-gastronomico-termina-com-premiacao-dos-vencedores-e-show-do-biquini\/#primaryimage\"},\"thumbnailUrl\":\"https:\/\/cleitonpinheiro.com.br\/site\/wp-content\/uploads\/2023\/09\/6cbf575f-12ae-45a5-8ff4-0f8667051d57.jpg\",\"articleSection\":[\"CIDADES\",\"MANCHETE SEGUND\u00c1RIA\"],\"inLanguage\":\"pt-BR\",\"potentialAction\":[{\"@type\":\"CommentAction\",\"name\":\"Comment\",\"target\":[\"https:\/\/cleitonpinheiro.com.br\/site\/festival-gastronomico-termina-com-premiacao-dos-vencedores-e-show-do-biquini\/#respond\"]}]},{\"@type\":\"WebPage\",\"@id\":\"https:\/\/cleitonpinheiro.com.br\/site\/festival-gastronomico-termina-com-premiacao-dos-vencedores-e-show-do-biquini\/\",\"url\":\"https:\/\/cleitonpinheiro.com.br\/site\/festival-gastronomico-termina-com-premiacao-dos-vencedores-e-show-do-biquini\/\",\"name\":\"Festival Gastron\u00f4mico termina com premia\u00e7\u00e3o dos vencedores e show do Biquini - PORTAL DE NOT\u00cdCIAS CLEITON PINHEIRO\",\"isPartOf\":{\"@id\":\"https:\/\/cleitonpinheiro.com.br\/site\/#website\"},\"primaryImageOfPage\":{\"@id\":\"https:\/\/cleitonpinheiro.com.br\/site\/festival-gastronomico-termina-com-premiacao-dos-vencedores-e-show-do-biquini\/#primaryimage\"},\"image\":{\"@id\":\"https:\/\/cleitonpinheiro.com.br\/site\/festival-gastronomico-termina-com-premiacao-dos-vencedores-e-show-do-biquini\/#primaryimage\"},\"thumbnailUrl\":\"https:\/\/cleitonpinheiro.com.br\/site\/wp-content\/uploads\/2023\/09\/6cbf575f-12ae-45a5-8ff4-0f8667051d57.jpg\",\"datePublished\":\"2023-09-11T20:58:22+00:00\",\"dateModified\":\"2023-09-11T21:21:53+00:00\",\"breadcrumb\":{\"@id\":\"https:\/\/cleitonpinheiro.com.br\/site\/festival-gastronomico-termina-com-premiacao-dos-vencedores-e-show-do-biquini\/#breadcrumb\"},\"inLanguage\":\"pt-BR\",\"potentialAction\":[{\"@type\":\"ReadAction\",\"target\":[\"https:\/\/cleitonpinheiro.com.br\/site\/festival-gastronomico-termina-com-premiacao-dos-vencedores-e-show-do-biquini\/\"]}]},{\"@type\":\"ImageObject\",\"inLanguage\":\"pt-BR\",\"@id\":\"https:\/\/cleitonpinheiro.com.br\/site\/festival-gastronomico-termina-com-premiacao-dos-vencedores-e-show-do-biquini\/#primaryimage\",\"url\":\"\",\"contentUrl\":\"\"},{\"@type\":\"BreadcrumbList\",\"@id\":\"https:\/\/cleitonpinheiro.com.br\/site\/festival-gastronomico-termina-com-premiacao-dos-vencedores-e-show-do-biquini\/#breadcrumb\",\"itemListElement\":[{\"@type\":\"ListItem\",\"position\":1,\"name\":\"In\u00edcio\",\"item\":\"https:\/\/cleitonpinheiro.com.br\/site\/\"},{\"@type\":\"ListItem\",\"position\":2,\"name\":\"Festival Gastron\u00f4mico termina com premia\u00e7\u00e3o dos vencedores e show do Biquini\"}]},{\"@type\":\"WebSite\",\"@id\":\"https:\/\/cleitonpinheiro.com.br\/site\/#website\",\"url\":\"https:\/\/cleitonpinheiro.com.br\/site\/\",\"name\":\"PORTAL DE NOT\u00cdCIAS CLEITON PINHEIRO\",\"description\":\"FALANDO A VERDADE\",\"publisher\":{\"@id\":\"https:\/\/cleitonpinheiro.com.br\/site\/#organization\"},\"potentialAction\":[{\"@type\":\"SearchAction\",\"target\":{\"@type\":\"EntryPoint\",\"urlTemplate\":\"https:\/\/cleitonpinheiro.com.br\/site\/?s={search_term_string}\"},\"query-input\":{\"@type\":\"PropertyValueSpecification\",\"valueRequired\":true,\"valueName\":\"search_term_string\"}}],\"inLanguage\":\"pt-BR\"},{\"@type\":\"Organization\",\"@id\":\"https:\/\/cleitonpinheiro.com.br\/site\/#organization\",\"name\":\"CPNOT\u00cdCIAS\",\"url\":\"https:\/\/cleitonpinheiro.com.br\/site\/\",\"logo\":{\"@type\":\"ImageObject\",\"inLanguage\":\"pt-BR\",\"@id\":\"https:\/\/cleitonpinheiro.com.br\/site\/#\/schema\/logo\/image\/\",\"url\":\"https:\/\/cleitonpinheiro.com.br\/site\/wp-content\/uploads\/2022\/08\/Logo-pequena-2.png\",\"contentUrl\":\"https:\/\/cleitonpinheiro.com.br\/site\/wp-content\/uploads\/2022\/08\/Logo-pequena-2.png\",\"width\":500,\"height\":500,\"caption\":\"CPNOT\u00cdCIAS\"},\"image\":{\"@id\":\"https:\/\/cleitonpinheiro.com.br\/site\/#\/schema\/logo\/image\/\"},\"sameAs\":[\"https:\/\/www.facebook.com\/portalcpnoticias\/\"]},{\"@type\":\"Person\",\"@id\":\"https:\/\/cleitonpinheiro.com.br\/site\/#\/schema\/person\/8f04544e0bc40a1b68775b08360f87db\",\"name\":\"Reda\u00e7\u00e3o CP\",\"image\":{\"@type\":\"ImageObject\",\"inLanguage\":\"pt-BR\",\"@id\":\"https:\/\/cleitonpinheiro.com.br\/site\/#\/schema\/person\/image\/\",\"url\":\"https:\/\/secure.gravatar.com\/avatar\/0bcf19cb29fdc8fc588c490c7ae1b3e174dac268586a63fbe1d1893a0f9020cd?s=96&r=g\",\"contentUrl\":\"https:\/\/secure.gravatar.com\/avatar\/0bcf19cb29fdc8fc588c490c7ae1b3e174dac268586a63fbe1d1893a0f9020cd?s=96&r=g\",\"caption\":\"Reda\u00e7\u00e3o CP\"},\"url\":\"https:\/\/cleitonpinheiro.com.br\/site\/author\/redacao\/\"}]}<\/script>\n<!-- \/ Yoast SEO plugin. -->","yoast_head_json":{"title":"Festival Gastron\u00f4mico termina com premia\u00e7\u00e3o dos vencedores e show do Biquini - PORTAL DE NOT\u00cdCIAS CLEITON PINHEIRO","robots":{"index":"index","follow":"follow","max-snippet":"max-snippet:-1","max-image-preview":"max-image-preview:large","max-video-preview":"max-video-preview:-1"},"canonical":"https:\/\/cleitonpinheiro.com.br\/site\/festival-gastronomico-termina-com-premiacao-dos-vencedores-e-show-do-biquini\/","og_locale":"pt_BR","og_type":"article","og_title":"Festival Gastron\u00f4mico termina com premia\u00e7\u00e3o dos vencedores e show do Biquini - PORTAL DE NOT\u00cdCIAS CLEITON PINHEIRO","og_description":"Regado com os sabores do Tocantins e muita m\u00fasica boa, a 17\u00aa edi\u00e7\u00e3o do Festival Gastron\u00f4mico de Taquaru\u00e7u (FGT) se despediu na noite de domingo, 11. O circuito instalado na Pra\u00e7a Vereador Tarcisio Machado da Fonseca, em Taquaru\u00e7u, encerrou com a premia\u00e7\u00e3o dos melhores pratos divididos em seis categorias, e com a\u00a0grande atra\u00e7\u00e3o nacional, Biquini, [&hellip;]","og_url":"https:\/\/cleitonpinheiro.com.br\/site\/festival-gastronomico-termina-com-premiacao-dos-vencedores-e-show-do-biquini\/","og_site_name":"PORTAL DE NOT\u00cdCIAS CLEITON PINHEIRO","article_publisher":"https:\/\/www.facebook.com\/portalcpnoticias\/","article_published_time":"2023-09-11T20:58:22+00:00","article_modified_time":"2023-09-11T21:21:53+00:00","og_image":[{"width":800,"height":533,"url":"https:\/\/cleitonpinheiro.com.br\/site\/wp-content\/uploads\/2023\/09\/6cbf575f-12ae-45a5-8ff4-0f8667051d57.jpg","type":"image\/jpeg"}],"author":"Reda\u00e7\u00e3o CP","twitter_card":"summary_large_image","twitter_misc":{"Escrito por":"Reda\u00e7\u00e3o CP","Est. tempo de leitura":"5 minutos"},"schema":{"@context":"https:\/\/schema.org","@graph":[{"@type":"Article","@id":"https:\/\/cleitonpinheiro.com.br\/site\/festival-gastronomico-termina-com-premiacao-dos-vencedores-e-show-do-biquini\/#article","isPartOf":{"@id":"https:\/\/cleitonpinheiro.com.br\/site\/festival-gastronomico-termina-com-premiacao-dos-vencedores-e-show-do-biquini\/"},"author":{"name":"Reda\u00e7\u00e3o CP","@id":"https:\/\/cleitonpinheiro.com.br\/site\/#\/schema\/person\/8f04544e0bc40a1b68775b08360f87db"},"headline":"Festival Gastron\u00f4mico termina com premia\u00e7\u00e3o dos vencedores e show do Biquini","datePublished":"2023-09-11T20:58:22+00:00","dateModified":"2023-09-11T21:21:53+00:00","mainEntityOfPage":{"@id":"https:\/\/cleitonpinheiro.com.br\/site\/festival-gastronomico-termina-com-premiacao-dos-vencedores-e-show-do-biquini\/"},"wordCount":920,"commentCount":0,"publisher":{"@id":"https:\/\/cleitonpinheiro.com.br\/site\/#organization"},"image":{"@id":"https:\/\/cleitonpinheiro.com.br\/site\/festival-gastronomico-termina-com-premiacao-dos-vencedores-e-show-do-biquini\/#primaryimage"},"thumbnailUrl":"https:\/\/cleitonpinheiro.com.br\/site\/wp-content\/uploads\/2023\/09\/6cbf575f-12ae-45a5-8ff4-0f8667051d57.jpg","articleSection":["CIDADES","MANCHETE SEGUND\u00c1RIA"],"inLanguage":"pt-BR","potentialAction":[{"@type":"CommentAction","name":"Comment","target":["https:\/\/cleitonpinheiro.com.br\/site\/festival-gastronomico-termina-com-premiacao-dos-vencedores-e-show-do-biquini\/#respond"]}]},{"@type":"WebPage","@id":"https:\/\/cleitonpinheiro.com.br\/site\/festival-gastronomico-termina-com-premiacao-dos-vencedores-e-show-do-biquini\/","url":"https:\/\/cleitonpinheiro.com.br\/site\/festival-gastronomico-termina-com-premiacao-dos-vencedores-e-show-do-biquini\/","name":"Festival Gastron\u00f4mico termina com premia\u00e7\u00e3o dos vencedores e show do Biquini - PORTAL DE NOT\u00cdCIAS CLEITON PINHEIRO","isPartOf":{"@id":"https:\/\/cleitonpinheiro.com.br\/site\/#website"},"primaryImageOfPage":{"@id":"https:\/\/cleitonpinheiro.com.br\/site\/festival-gastronomico-termina-com-premiacao-dos-vencedores-e-show-do-biquini\/#primaryimage"},"image":{"@id":"https:\/\/cleitonpinheiro.com.br\/site\/festival-gastronomico-termina-com-premiacao-dos-vencedores-e-show-do-biquini\/#primaryimage"},"thumbnailUrl":"https:\/\/cleitonpinheiro.com.br\/site\/wp-content\/uploads\/2023\/09\/6cbf575f-12ae-45a5-8ff4-0f8667051d57.jpg","datePublished":"2023-09-11T20:58:22+00:00","dateModified":"2023-09-11T21:21:53+00:00","breadcrumb":{"@id":"https:\/\/cleitonpinheiro.com.br\/site\/festival-gastronomico-termina-com-premiacao-dos-vencedores-e-show-do-biquini\/#breadcrumb"},"inLanguage":"pt-BR","potentialAction":[{"@type":"ReadAction","target":["https:\/\/cleitonpinheiro.com.br\/site\/festival-gastronomico-termina-com-premiacao-dos-vencedores-e-show-do-biquini\/"]}]},{"@type":"ImageObject","inLanguage":"pt-BR","@id":"https:\/\/cleitonpinheiro.com.br\/site\/festival-gastronomico-termina-com-premiacao-dos-vencedores-e-show-do-biquini\/#primaryimage","url":"","contentUrl":""},{"@type":"BreadcrumbList","@id":"https:\/\/cleitonpinheiro.com.br\/site\/festival-gastronomico-termina-com-premiacao-dos-vencedores-e-show-do-biquini\/#breadcrumb","itemListElement":[{"@type":"ListItem","position":1,"name":"In\u00edcio","item":"https:\/\/cleitonpinheiro.com.br\/site\/"},{"@type":"ListItem","position":2,"name":"Festival Gastron\u00f4mico termina com premia\u00e7\u00e3o dos vencedores e show do Biquini"}]},{"@type":"WebSite","@id":"https:\/\/cleitonpinheiro.com.br\/site\/#website","url":"https:\/\/cleitonpinheiro.com.br\/site\/","name":"PORTAL DE NOT\u00cdCIAS CLEITON PINHEIRO","description":"FALANDO A VERDADE","publisher":{"@id":"https:\/\/cleitonpinheiro.com.br\/site\/#organization"},"potentialAction":[{"@type":"SearchAction","target":{"@type":"EntryPoint","urlTemplate":"https:\/\/cleitonpinheiro.com.br\/site\/?s={search_term_string}"},"query-input":{"@type":"PropertyValueSpecification","valueRequired":true,"valueName":"search_term_string"}}],"inLanguage":"pt-BR"},{"@type":"Organization","@id":"https:\/\/cleitonpinheiro.com.br\/site\/#organization","name":"CPNOT\u00cdCIAS","url":"https:\/\/cleitonpinheiro.com.br\/site\/","logo":{"@type":"ImageObject","inLanguage":"pt-BR","@id":"https:\/\/cleitonpinheiro.com.br\/site\/#\/schema\/logo\/image\/","url":"https:\/\/cleitonpinheiro.com.br\/site\/wp-content\/uploads\/2022\/08\/Logo-pequena-2.png","contentUrl":"https:\/\/cleitonpinheiro.com.br\/site\/wp-content\/uploads\/2022\/08\/Logo-pequena-2.png","width":500,"height":500,"caption":"CPNOT\u00cdCIAS"},"image":{"@id":"https:\/\/cleitonpinheiro.com.br\/site\/#\/schema\/logo\/image\/"},"sameAs":["https:\/\/www.facebook.com\/portalcpnoticias\/"]},{"@type":"Person","@id":"https:\/\/cleitonpinheiro.com.br\/site\/#\/schema\/person\/8f04544e0bc40a1b68775b08360f87db","name":"Reda\u00e7\u00e3o CP","image":{"@type":"ImageObject","inLanguage":"pt-BR","@id":"https:\/\/cleitonpinheiro.com.br\/site\/#\/schema\/person\/image\/","url":"https:\/\/secure.gravatar.com\/avatar\/0bcf19cb29fdc8fc588c490c7ae1b3e174dac268586a63fbe1d1893a0f9020cd?s=96&r=g","contentUrl":"https:\/\/secure.gravatar.com\/avatar\/0bcf19cb29fdc8fc588c490c7ae1b3e174dac268586a63fbe1d1893a0f9020cd?s=96&r=g","caption":"Reda\u00e7\u00e3o CP"},"url":"https:\/\/cleitonpinheiro.com.br\/site\/author\/redacao\/"}]}},"views":131,"_links":{"self":[{"href":"https:\/\/cleitonpinheiro.com.br\/site\/wp-json\/wp\/v2\/posts\/74094","targetHints":{"allow":["GET"]}}],"collection":[{"href":"https:\/\/cleitonpinheiro.com.br\/site\/wp-json\/wp\/v2\/posts"}],"about":[{"href":"https:\/\/cleitonpinheiro.com.br\/site\/wp-json\/wp\/v2\/types\/post"}],"author":[{"embeddable":true,"href":"https:\/\/cleitonpinheiro.com.br\/site\/wp-json\/wp\/v2\/users\/13"}],"replies":[{"embeddable":true,"href":"https:\/\/cleitonpinheiro.com.br\/site\/wp-json\/wp\/v2\/comments?post=74094"}],"version-history":[{"count":1,"href":"https:\/\/cleitonpinheiro.com.br\/site\/wp-json\/wp\/v2\/posts\/74094\/revisions"}],"predecessor-version":[{"id":74096,"href":"https:\/\/cleitonpinheiro.com.br\/site\/wp-json\/wp\/v2\/posts\/74094\/revisions\/74096"}],"wp:attachment":[{"href":"https:\/\/cleitonpinheiro.com.br\/site\/wp-json\/wp\/v2\/media?parent=74094"}],"wp:term":[{"taxonomy":"category","embeddable":true,"href":"https:\/\/cleitonpinheiro.com.br\/site\/wp-json\/wp\/v2\/categories?post=74094"},{"taxonomy":"post_tag","embeddable":true,"href":"https:\/\/cleitonpinheiro.com.br\/site\/wp-json\/wp\/v2\/tags?post=74094"}],"curies":[{"name":"wp","href":"https:\/\/api.w.org\/{rel}","templated":true}]}}