{"id":74098,"date":"2023-09-11T18:25:32","date_gmt":"2023-09-11T21:25:32","guid":{"rendered":"https:\/\/cleitonpinheiro.com.br\/site\/?p=74098"},"modified":"2023-09-11T18:25:35","modified_gmt":"2023-09-11T21:25:35","slug":"prefeitura-lanca-edital-para-recrutamento-de-40-novos-motoristas","status":"publish","type":"post","link":"https:\/\/cleitonpinheiro.com.br\/site\/prefeitura-lanca-edital-para-recrutamento-de-40-novos-motoristas\/","title":{"rendered":"Prefeitura lan\u00e7a edital para recrutamento de 40 novos motoristas"},"content":{"rendered":"\n<figure class=\"wp-block-image size-full\"><img decoding=\"async\" src=\"https:\/\/cleitonpinheiro.com.br\/site\/wp-content\/uploads\/2023\/09\/5f3bb9d7-cbb6-4d00-9e92-e38462e114fe.jpg\" alt=\"\" class=\"wp-image-74099\"\/><figcaption class=\"wp-element-caption\">Inscri\u00e7\u00f5es ser\u00e3o realizadas somente na modalidade presencial, diretamente na sede da ATCP &#8211; Foto: Lia Mara\/Prefeitura de Palmas<\/figcaption><\/figure>\n\n\n\n<p class=\"wp-block-paragraph\">A Prefeitura, por meio da Ag\u00eancia de Transporte Coletivo de Palmas (ATCP), lan\u00e7ou um novo processo seletivo para recrutamento de at\u00e9 40 motoristas para atender \u00e0s necessidades do sistema do transporte urbano no munic\u00edpio. Com carga hor\u00e1ria de 40 horas de trabalho semanal e sal\u00e1rio de R$ 2.849,29, as inscri\u00e7\u00f5es da seletiva come\u00e7am nesta segunda, 11, e seguem at\u00e9 a pr\u00f3xima sexta, 15.<\/p>\n\n\n\n<p class=\"wp-block-paragraph\">Conforme o&nbsp;<a href=\"http:\/\/diariooficial.palmas.to.gov.br\/media\/diario\/3299-6-9-2023-23-6-36.pdf\" target=\"_blank\" rel=\"noreferrer noopener\">edital<\/a>, os candidatos que cumprirem as exig\u00eancias de capacita\u00e7\u00e3o e treinamento pr\u00e9-estabelecidas ser\u00e3o convocados conforme a demanda e conveni\u00eancia da gest\u00e3o municipal. As inscri\u00e7\u00f5es ser\u00e3o realizadas somente na modalidade presencial, diretamente na sede da ATCP, localizada na Quadra 103 Sul (ACSO 1), &nbsp;Avenida LO-1 , 40 (t\u00e9rreo), das 8 \u00e0s 18 horas.<\/p>\n\n\n\n<p class=\"wp-block-paragraph\">Para se habilitar, \u00e9 necess\u00e1rio que o interessado cumpra alguns requisitos como ser maior de 21 anos, possuir Carteira Nacional de Habilita\u00e7\u00e3o (CNH) &#8211; Categoria D &#8211; Curso Especializado para Condutores de Ve\u00edculos de Transporte Coletivo de Passageiros, comprovar experi\u00eancia m\u00ednima de tr\u00eas meses na \u00e1rea ou se submeter \u00e0 participar da capacita\u00e7\u00e3o e treinamento oferecidos pela ATCP.<\/p>\n\n\n\n<p class=\"wp-block-paragraph\">Tamb\u00e9m n\u00e3o pode ter cometido nenhuma infra\u00e7\u00e3o grave ou grav\u00edssima ou ser reincidente em infra\u00e7\u00f5es m\u00e9dias nos \u00faltimos 12 meses, al\u00e9m de n\u00e3o ter hist\u00f3rico de infra\u00e7\u00f5es contra \u00e0s normativas do C\u00f3digo de Tr\u00e2nsito Brasileiro (CTB).<\/p>\n\n\n\n<p class=\"wp-block-paragraph\">O presidente da ATCP, Eliezer Moreira de Barros, ressaltou a import\u00e2ncia da seletiva, pois, proporcionar\u00e1 uma melhora na presta\u00e7\u00e3o de servi\u00e7os para os cidad\u00e3os. &#8220;Esse refor\u00e7o \u00e9 vantajoso porque ir\u00e1 completar o quadro do n\u00famero de motoristas necess\u00e1rios na Ag\u00eancia. A partir disso, nos possibilitar\u00e1 tamb\u00e9m a cria\u00e7\u00e3o de uma jornada cont\u00ednua de trabalho que ir\u00e1 resultar em um melhor atendimento para os usu\u00e1rios do transporte p\u00fablico, al\u00e9m das boas condi\u00e7\u00f5es de trabalho para os nossos servidores e condutores&#8221;.<\/p>\n\n\n\n<p class=\"wp-block-paragraph\">A lista dos documentos relacionados e o cronograma completo da seletiva podem ser conferidos atrav\u00e9s deste&nbsp;<a href=\"http:\/\/diariooficial.palmas.to.gov.br\/media\/diario\/3299-6-9-2023-23-6-36.pdf\" target=\"_blank\" rel=\"noreferrer noopener\">link<\/a>. O resultado preliminar do recrutamento est\u00e1 previsto para ser divulgado no dia 15 de setembro, e os interessados precisam se atentar aos prazos para n\u00e3o perderem o per\u00edodo de inscri\u00e7\u00f5es.<\/p>\n","protected":false},"excerpt":{"rendered":"<p>A Prefeitura, por meio da Ag\u00eancia de Transporte Coletivo de Palmas (ATCP), lan\u00e7ou um novo processo seletivo para recrutamento de at\u00e9 40 motoristas para atender \u00e0s necessidades do sistema do transporte urbano no munic\u00edpio. Com carga hor\u00e1ria de 40 horas de trabalho semanal e sal\u00e1rio de R$ 2.849,29, as inscri\u00e7\u00f5es da seletiva come\u00e7am nesta segunda, [&hellip;]<\/p>\n","protected":false},"author":13,"featured_media":0,"comment_status":"open","ping_status":"open","sticky":false,"template":"","format":"standard","meta":{"_acf_changed":false,"footnotes":""},"categories":[22,898],"tags":[],"class_list":["post-74098","post","type-post","status-publish","format-standard","hentry","category-cidades","category-manchete-segundaria"],"acf":[],"yoast_head":"<!-- This site is optimized with the Yoast SEO plugin v24.4 - https:\/\/yoast.com\/wordpress\/plugins\/seo\/ -->\n<title>Prefeitura lan\u00e7a edital para recrutamento de 40 novos motoristas - PORTAL DE NOT\u00cdCIAS CLEITON PINHEIRO<\/title>\n<meta name=\"robots\" content=\"index, follow, max-snippet:-1, max-image-preview:large, max-video-preview:-1\" \/>\n<link rel=\"canonical\" href=\"https:\/\/cleitonpinheiro.com.br\/site\/prefeitura-lanca-edital-para-recrutamento-de-40-novos-motoristas\/\" \/>\n<meta property=\"og:locale\" content=\"pt_BR\" \/>\n<meta property=\"og:type\" content=\"article\" \/>\n<meta property=\"og:title\" content=\"Prefeitura lan\u00e7a edital para recrutamento de 40 novos motoristas - PORTAL DE NOT\u00cdCIAS CLEITON PINHEIRO\" \/>\n<meta property=\"og:description\" content=\"A Prefeitura, por meio da Ag\u00eancia de Transporte Coletivo de Palmas (ATCP), lan\u00e7ou um novo processo seletivo para recrutamento de at\u00e9 40 motoristas para atender \u00e0s necessidades do sistema do transporte urbano no munic\u00edpio. Com carga hor\u00e1ria de 40 horas de trabalho semanal e sal\u00e1rio de R$ 2.849,29, as inscri\u00e7\u00f5es da seletiva come\u00e7am nesta segunda, [&hellip;]\" \/>\n<meta property=\"og:url\" content=\"https:\/\/cleitonpinheiro.com.br\/site\/prefeitura-lanca-edital-para-recrutamento-de-40-novos-motoristas\/\" \/>\n<meta property=\"og:site_name\" content=\"PORTAL DE NOT\u00cdCIAS CLEITON PINHEIRO\" \/>\n<meta property=\"article:publisher\" content=\"https:\/\/www.facebook.com\/portalcpnoticias\/\" \/>\n<meta property=\"article:published_time\" content=\"2023-09-11T21:25:32+00:00\" \/>\n<meta property=\"article:modified_time\" content=\"2023-09-11T21:25:35+00:00\" \/>\n<meta property=\"og:image\" content=\"https:\/\/cleitonpinheiro.com.br\/site\/wp-content\/uploads\/2023\/09\/5f3bb9d7-cbb6-4d00-9e92-e38462e114fe.jpg\" \/>\n\t<meta property=\"og:image:width\" content=\"800\" \/>\n\t<meta property=\"og:image:height\" content=\"533\" \/>\n\t<meta property=\"og:image:type\" content=\"image\/jpeg\" \/>\n<meta name=\"author\" content=\"Reda\u00e7\u00e3o CP\" \/>\n<meta name=\"twitter:card\" content=\"summary_large_image\" \/>\n<meta name=\"twitter:label1\" content=\"Escrito por\" \/>\n\t<meta name=\"twitter:data1\" content=\"Reda\u00e7\u00e3o CP\" \/>\n\t<meta name=\"twitter:label2\" content=\"Est. tempo de leitura\" \/>\n\t<meta name=\"twitter:data2\" content=\"3 minutos\" \/>\n<script type=\"application\/ld+json\" class=\"yoast-schema-graph\">{\"@context\":\"https:\/\/schema.org\",\"@graph\":[{\"@type\":\"Article\",\"@id\":\"https:\/\/cleitonpinheiro.com.br\/site\/prefeitura-lanca-edital-para-recrutamento-de-40-novos-motoristas\/#article\",\"isPartOf\":{\"@id\":\"https:\/\/cleitonpinheiro.com.br\/site\/prefeitura-lanca-edital-para-recrutamento-de-40-novos-motoristas\/\"},\"author\":{\"name\":\"Reda\u00e7\u00e3o CP\",\"@id\":\"https:\/\/cleitonpinheiro.com.br\/site\/#\/schema\/person\/8f04544e0bc40a1b68775b08360f87db\"},\"headline\":\"Prefeitura lan\u00e7a edital para recrutamento de 40 novos motoristas\",\"datePublished\":\"2023-09-11T21:25:32+00:00\",\"dateModified\":\"2023-09-11T21:25:35+00:00\",\"mainEntityOfPage\":{\"@id\":\"https:\/\/cleitonpinheiro.com.br\/site\/prefeitura-lanca-edital-para-recrutamento-de-40-novos-motoristas\/\"},\"wordCount\":408,\"commentCount\":0,\"publisher\":{\"@id\":\"https:\/\/cleitonpinheiro.com.br\/site\/#organization\"},\"image\":{\"@id\":\"https:\/\/cleitonpinheiro.com.br\/site\/prefeitura-lanca-edital-para-recrutamento-de-40-novos-motoristas\/#primaryimage\"},\"thumbnailUrl\":\"https:\/\/cleitonpinheiro.com.br\/site\/wp-content\/uploads\/2023\/09\/5f3bb9d7-cbb6-4d00-9e92-e38462e114fe.jpg\",\"articleSection\":[\"CIDADES\",\"MANCHETE SEGUND\u00c1RIA\"],\"inLanguage\":\"pt-BR\",\"potentialAction\":[{\"@type\":\"CommentAction\",\"name\":\"Comment\",\"target\":[\"https:\/\/cleitonpinheiro.com.br\/site\/prefeitura-lanca-edital-para-recrutamento-de-40-novos-motoristas\/#respond\"]}]},{\"@type\":\"WebPage\",\"@id\":\"https:\/\/cleitonpinheiro.com.br\/site\/prefeitura-lanca-edital-para-recrutamento-de-40-novos-motoristas\/\",\"url\":\"https:\/\/cleitonpinheiro.com.br\/site\/prefeitura-lanca-edital-para-recrutamento-de-40-novos-motoristas\/\",\"name\":\"Prefeitura lan\u00e7a edital para recrutamento de 40 novos motoristas - PORTAL DE NOT\u00cdCIAS CLEITON PINHEIRO\",\"isPartOf\":{\"@id\":\"https:\/\/cleitonpinheiro.com.br\/site\/#website\"},\"primaryImageOfPage\":{\"@id\":\"https:\/\/cleitonpinheiro.com.br\/site\/prefeitura-lanca-edital-para-recrutamento-de-40-novos-motoristas\/#primaryimage\"},\"image\":{\"@id\":\"https:\/\/cleitonpinheiro.com.br\/site\/prefeitura-lanca-edital-para-recrutamento-de-40-novos-motoristas\/#primaryimage\"},\"thumbnailUrl\":\"https:\/\/cleitonpinheiro.com.br\/site\/wp-content\/uploads\/2023\/09\/5f3bb9d7-cbb6-4d00-9e92-e38462e114fe.jpg\",\"datePublished\":\"2023-09-11T21:25:32+00:00\",\"dateModified\":\"2023-09-11T21:25:35+00:00\",\"breadcrumb\":{\"@id\":\"https:\/\/cleitonpinheiro.com.br\/site\/prefeitura-lanca-edital-para-recrutamento-de-40-novos-motoristas\/#breadcrumb\"},\"inLanguage\":\"pt-BR\",\"potentialAction\":[{\"@type\":\"ReadAction\",\"target\":[\"https:\/\/cleitonpinheiro.com.br\/site\/prefeitura-lanca-edital-para-recrutamento-de-40-novos-motoristas\/\"]}]},{\"@type\":\"ImageObject\",\"inLanguage\":\"pt-BR\",\"@id\":\"https:\/\/cleitonpinheiro.com.br\/site\/prefeitura-lanca-edital-para-recrutamento-de-40-novos-motoristas\/#primaryimage\",\"url\":\"\",\"contentUrl\":\"\"},{\"@type\":\"BreadcrumbList\",\"@id\":\"https:\/\/cleitonpinheiro.com.br\/site\/prefeitura-lanca-edital-para-recrutamento-de-40-novos-motoristas\/#breadcrumb\",\"itemListElement\":[{\"@type\":\"ListItem\",\"position\":1,\"name\":\"In\u00edcio\",\"item\":\"https:\/\/cleitonpinheiro.com.br\/site\/\"},{\"@type\":\"ListItem\",\"position\":2,\"name\":\"Prefeitura lan\u00e7a edital para recrutamento de 40 novos motoristas\"}]},{\"@type\":\"WebSite\",\"@id\":\"https:\/\/cleitonpinheiro.com.br\/site\/#website\",\"url\":\"https:\/\/cleitonpinheiro.com.br\/site\/\",\"name\":\"PORTAL DE NOT\u00cdCIAS CLEITON PINHEIRO\",\"description\":\"FALANDO A VERDADE\",\"publisher\":{\"@id\":\"https:\/\/cleitonpinheiro.com.br\/site\/#organization\"},\"potentialAction\":[{\"@type\":\"SearchAction\",\"target\":{\"@type\":\"EntryPoint\",\"urlTemplate\":\"https:\/\/cleitonpinheiro.com.br\/site\/?s={search_term_string}\"},\"query-input\":{\"@type\":\"PropertyValueSpecification\",\"valueRequired\":true,\"valueName\":\"search_term_string\"}}],\"inLanguage\":\"pt-BR\"},{\"@type\":\"Organization\",\"@id\":\"https:\/\/cleitonpinheiro.com.br\/site\/#organization\",\"name\":\"CPNOT\u00cdCIAS\",\"url\":\"https:\/\/cleitonpinheiro.com.br\/site\/\",\"logo\":{\"@type\":\"ImageObject\",\"inLanguage\":\"pt-BR\",\"@id\":\"https:\/\/cleitonpinheiro.com.br\/site\/#\/schema\/logo\/image\/\",\"url\":\"https:\/\/cleitonpinheiro.com.br\/site\/wp-content\/uploads\/2022\/08\/Logo-pequena-2.png\",\"contentUrl\":\"https:\/\/cleitonpinheiro.com.br\/site\/wp-content\/uploads\/2022\/08\/Logo-pequena-2.png\",\"width\":500,\"height\":500,\"caption\":\"CPNOT\u00cdCIAS\"},\"image\":{\"@id\":\"https:\/\/cleitonpinheiro.com.br\/site\/#\/schema\/logo\/image\/\"},\"sameAs\":[\"https:\/\/www.facebook.com\/portalcpnoticias\/\"]},{\"@type\":\"Person\",\"@id\":\"https:\/\/cleitonpinheiro.com.br\/site\/#\/schema\/person\/8f04544e0bc40a1b68775b08360f87db\",\"name\":\"Reda\u00e7\u00e3o CP\",\"image\":{\"@type\":\"ImageObject\",\"inLanguage\":\"pt-BR\",\"@id\":\"https:\/\/cleitonpinheiro.com.br\/site\/#\/schema\/person\/image\/\",\"url\":\"https:\/\/secure.gravatar.com\/avatar\/0bcf19cb29fdc8fc588c490c7ae1b3e174dac268586a63fbe1d1893a0f9020cd?s=96&r=g\",\"contentUrl\":\"https:\/\/secure.gravatar.com\/avatar\/0bcf19cb29fdc8fc588c490c7ae1b3e174dac268586a63fbe1d1893a0f9020cd?s=96&r=g\",\"caption\":\"Reda\u00e7\u00e3o CP\"},\"url\":\"https:\/\/cleitonpinheiro.com.br\/site\/author\/redacao\/\"}]}<\/script>\n<!-- \/ Yoast SEO plugin. -->","yoast_head_json":{"title":"Prefeitura lan\u00e7a edital para recrutamento de 40 novos motoristas - PORTAL DE NOT\u00cdCIAS CLEITON PINHEIRO","robots":{"index":"index","follow":"follow","max-snippet":"max-snippet:-1","max-image-preview":"max-image-preview:large","max-video-preview":"max-video-preview:-1"},"canonical":"https:\/\/cleitonpinheiro.com.br\/site\/prefeitura-lanca-edital-para-recrutamento-de-40-novos-motoristas\/","og_locale":"pt_BR","og_type":"article","og_title":"Prefeitura lan\u00e7a edital para recrutamento de 40 novos motoristas - PORTAL DE NOT\u00cdCIAS CLEITON PINHEIRO","og_description":"A Prefeitura, por meio da Ag\u00eancia de Transporte Coletivo de Palmas (ATCP), lan\u00e7ou um novo processo seletivo para recrutamento de at\u00e9 40 motoristas para atender \u00e0s necessidades do sistema do transporte urbano no munic\u00edpio. Com carga hor\u00e1ria de 40 horas de trabalho semanal e sal\u00e1rio de R$ 2.849,29, as inscri\u00e7\u00f5es da seletiva come\u00e7am nesta segunda, [&hellip;]","og_url":"https:\/\/cleitonpinheiro.com.br\/site\/prefeitura-lanca-edital-para-recrutamento-de-40-novos-motoristas\/","og_site_name":"PORTAL DE NOT\u00cdCIAS CLEITON PINHEIRO","article_publisher":"https:\/\/www.facebook.com\/portalcpnoticias\/","article_published_time":"2023-09-11T21:25:32+00:00","article_modified_time":"2023-09-11T21:25:35+00:00","og_image":[{"width":800,"height":533,"url":"https:\/\/cleitonpinheiro.com.br\/site\/wp-content\/uploads\/2023\/09\/5f3bb9d7-cbb6-4d00-9e92-e38462e114fe.jpg","type":"image\/jpeg"}],"author":"Reda\u00e7\u00e3o CP","twitter_card":"summary_large_image","twitter_misc":{"Escrito por":"Reda\u00e7\u00e3o CP","Est. tempo de leitura":"3 minutos"},"schema":{"@context":"https:\/\/schema.org","@graph":[{"@type":"Article","@id":"https:\/\/cleitonpinheiro.com.br\/site\/prefeitura-lanca-edital-para-recrutamento-de-40-novos-motoristas\/#article","isPartOf":{"@id":"https:\/\/cleitonpinheiro.com.br\/site\/prefeitura-lanca-edital-para-recrutamento-de-40-novos-motoristas\/"},"author":{"name":"Reda\u00e7\u00e3o CP","@id":"https:\/\/cleitonpinheiro.com.br\/site\/#\/schema\/person\/8f04544e0bc40a1b68775b08360f87db"},"headline":"Prefeitura lan\u00e7a edital para recrutamento de 40 novos motoristas","datePublished":"2023-09-11T21:25:32+00:00","dateModified":"2023-09-11T21:25:35+00:00","mainEntityOfPage":{"@id":"https:\/\/cleitonpinheiro.com.br\/site\/prefeitura-lanca-edital-para-recrutamento-de-40-novos-motoristas\/"},"wordCount":408,"commentCount":0,"publisher":{"@id":"https:\/\/cleitonpinheiro.com.br\/site\/#organization"},"image":{"@id":"https:\/\/cleitonpinheiro.com.br\/site\/prefeitura-lanca-edital-para-recrutamento-de-40-novos-motoristas\/#primaryimage"},"thumbnailUrl":"https:\/\/cleitonpinheiro.com.br\/site\/wp-content\/uploads\/2023\/09\/5f3bb9d7-cbb6-4d00-9e92-e38462e114fe.jpg","articleSection":["CIDADES","MANCHETE SEGUND\u00c1RIA"],"inLanguage":"pt-BR","potentialAction":[{"@type":"CommentAction","name":"Comment","target":["https:\/\/cleitonpinheiro.com.br\/site\/prefeitura-lanca-edital-para-recrutamento-de-40-novos-motoristas\/#respond"]}]},{"@type":"WebPage","@id":"https:\/\/cleitonpinheiro.com.br\/site\/prefeitura-lanca-edital-para-recrutamento-de-40-novos-motoristas\/","url":"https:\/\/cleitonpinheiro.com.br\/site\/prefeitura-lanca-edital-para-recrutamento-de-40-novos-motoristas\/","name":"Prefeitura lan\u00e7a edital para recrutamento de 40 novos motoristas - PORTAL DE NOT\u00cdCIAS CLEITON PINHEIRO","isPartOf":{"@id":"https:\/\/cleitonpinheiro.com.br\/site\/#website"},"primaryImageOfPage":{"@id":"https:\/\/cleitonpinheiro.com.br\/site\/prefeitura-lanca-edital-para-recrutamento-de-40-novos-motoristas\/#primaryimage"},"image":{"@id":"https:\/\/cleitonpinheiro.com.br\/site\/prefeitura-lanca-edital-para-recrutamento-de-40-novos-motoristas\/#primaryimage"},"thumbnailUrl":"https:\/\/cleitonpinheiro.com.br\/site\/wp-content\/uploads\/2023\/09\/5f3bb9d7-cbb6-4d00-9e92-e38462e114fe.jpg","datePublished":"2023-09-11T21:25:32+00:00","dateModified":"2023-09-11T21:25:35+00:00","breadcrumb":{"@id":"https:\/\/cleitonpinheiro.com.br\/site\/prefeitura-lanca-edital-para-recrutamento-de-40-novos-motoristas\/#breadcrumb"},"inLanguage":"pt-BR","potentialAction":[{"@type":"ReadAction","target":["https:\/\/cleitonpinheiro.com.br\/site\/prefeitura-lanca-edital-para-recrutamento-de-40-novos-motoristas\/"]}]},{"@type":"ImageObject","inLanguage":"pt-BR","@id":"https:\/\/cleitonpinheiro.com.br\/site\/prefeitura-lanca-edital-para-recrutamento-de-40-novos-motoristas\/#primaryimage","url":"","contentUrl":""},{"@type":"BreadcrumbList","@id":"https:\/\/cleitonpinheiro.com.br\/site\/prefeitura-lanca-edital-para-recrutamento-de-40-novos-motoristas\/#breadcrumb","itemListElement":[{"@type":"ListItem","position":1,"name":"In\u00edcio","item":"https:\/\/cleitonpinheiro.com.br\/site\/"},{"@type":"ListItem","position":2,"name":"Prefeitura lan\u00e7a edital para recrutamento de 40 novos motoristas"}]},{"@type":"WebSite","@id":"https:\/\/cleitonpinheiro.com.br\/site\/#website","url":"https:\/\/cleitonpinheiro.com.br\/site\/","name":"PORTAL DE NOT\u00cdCIAS CLEITON PINHEIRO","description":"FALANDO A VERDADE","publisher":{"@id":"https:\/\/cleitonpinheiro.com.br\/site\/#organization"},"potentialAction":[{"@type":"SearchAction","target":{"@type":"EntryPoint","urlTemplate":"https:\/\/cleitonpinheiro.com.br\/site\/?s={search_term_string}"},"query-input":{"@type":"PropertyValueSpecification","valueRequired":true,"valueName":"search_term_string"}}],"inLanguage":"pt-BR"},{"@type":"Organization","@id":"https:\/\/cleitonpinheiro.com.br\/site\/#organization","name":"CPNOT\u00cdCIAS","url":"https:\/\/cleitonpinheiro.com.br\/site\/","logo":{"@type":"ImageObject","inLanguage":"pt-BR","@id":"https:\/\/cleitonpinheiro.com.br\/site\/#\/schema\/logo\/image\/","url":"https:\/\/cleitonpinheiro.com.br\/site\/wp-content\/uploads\/2022\/08\/Logo-pequena-2.png","contentUrl":"https:\/\/cleitonpinheiro.com.br\/site\/wp-content\/uploads\/2022\/08\/Logo-pequena-2.png","width":500,"height":500,"caption":"CPNOT\u00cdCIAS"},"image":{"@id":"https:\/\/cleitonpinheiro.com.br\/site\/#\/schema\/logo\/image\/"},"sameAs":["https:\/\/www.facebook.com\/portalcpnoticias\/"]},{"@type":"Person","@id":"https:\/\/cleitonpinheiro.com.br\/site\/#\/schema\/person\/8f04544e0bc40a1b68775b08360f87db","name":"Reda\u00e7\u00e3o CP","image":{"@type":"ImageObject","inLanguage":"pt-BR","@id":"https:\/\/cleitonpinheiro.com.br\/site\/#\/schema\/person\/image\/","url":"https:\/\/secure.gravatar.com\/avatar\/0bcf19cb29fdc8fc588c490c7ae1b3e174dac268586a63fbe1d1893a0f9020cd?s=96&r=g","contentUrl":"https:\/\/secure.gravatar.com\/avatar\/0bcf19cb29fdc8fc588c490c7ae1b3e174dac268586a63fbe1d1893a0f9020cd?s=96&r=g","caption":"Reda\u00e7\u00e3o CP"},"url":"https:\/\/cleitonpinheiro.com.br\/site\/author\/redacao\/"}]}},"views":123,"_links":{"self":[{"href":"https:\/\/cleitonpinheiro.com.br\/site\/wp-json\/wp\/v2\/posts\/74098","targetHints":{"allow":["GET"]}}],"collection":[{"href":"https:\/\/cleitonpinheiro.com.br\/site\/wp-json\/wp\/v2\/posts"}],"about":[{"href":"https:\/\/cleitonpinheiro.com.br\/site\/wp-json\/wp\/v2\/types\/post"}],"author":[{"embeddable":true,"href":"https:\/\/cleitonpinheiro.com.br\/site\/wp-json\/wp\/v2\/users\/13"}],"replies":[{"embeddable":true,"href":"https:\/\/cleitonpinheiro.com.br\/site\/wp-json\/wp\/v2\/comments?post=74098"}],"version-history":[{"count":1,"href":"https:\/\/cleitonpinheiro.com.br\/site\/wp-json\/wp\/v2\/posts\/74098\/revisions"}],"predecessor-version":[{"id":74100,"href":"https:\/\/cleitonpinheiro.com.br\/site\/wp-json\/wp\/v2\/posts\/74098\/revisions\/74100"}],"wp:attachment":[{"href":"https:\/\/cleitonpinheiro.com.br\/site\/wp-json\/wp\/v2\/media?parent=74098"}],"wp:term":[{"taxonomy":"category","embeddable":true,"href":"https:\/\/cleitonpinheiro.com.br\/site\/wp-json\/wp\/v2\/categories?post=74098"},{"taxonomy":"post_tag","embeddable":true,"href":"https:\/\/cleitonpinheiro.com.br\/site\/wp-json\/wp\/v2\/tags?post=74098"}],"curies":[{"name":"wp","href":"https:\/\/api.w.org\/{rel}","templated":true}]}}