{"id":74101,"date":"2023-09-11T18:28:49","date_gmt":"2023-09-11T21:28:49","guid":{"rendered":"https:\/\/cleitonpinheiro.com.br\/site\/?p=74101"},"modified":"2023-12-27T11:22:05","modified_gmt":"2023-12-27T14:22:05","slug":"projeto-de-qualificacao-socioambiental-na-area-do-corrego-machado-recebera-consultoria","status":"publish","type":"post","link":"https:\/\/cleitonpinheiro.com.br\/site\/projeto-de-qualificacao-socioambiental-na-area-do-corrego-machado-recebera-consultoria\/","title":{"rendered":"Projeto de qualifica\u00e7\u00e3o socioambiental na \u00e1rea do C\u00f3rrego Machado receber\u00e1 consultoria"},"content":{"rendered":"\n<figure class=\"wp-block-image size-full\"><img decoding=\"async\" src=\"https:\/\/cleitonpinheiro.com.br\/site\/wp-content\/uploads\/2023\/09\/8a6e8bddf6bb4a48a83263774ad969f6.jpeg\" alt=\"\" class=\"wp-image-74102\"\/><figcaption class=\"wp-element-caption\">Registro do C\u00f3rrego Machado que \u00e9 objeto de projeto de qualifica\u00e7\u00e3o socioambiental &#8211; Foto: Divulga\u00e7\u00e3o<\/figcaption><\/figure>\n\n\n\n<p class=\"wp-block-paragraph\">Palmas est\u00e1 entre os seis munic\u00edpios brasileiros escolhidos para receber assessoramento do governo federal, com a possibilidade de firmar parcerias em projetos demonstrativos nas \u00e1reas de desenvolvimento urbano integrado e sustent\u00e1vel, por meio do projeto Desenvolvimento Urbano Sustent\u00e1vel (DUS).&nbsp;<\/p>\n\n\n\n<p class=\"wp-block-paragraph\">Mais de 170 propostas de todo o Brasil concorreram. Palmas foi selecionada com o Projeto Qualifica\u00e7\u00e3o Socioambiental na \u00c1rea do C\u00f3rrego Machado &#8211; Regulariza\u00e7\u00e3o Fundi\u00e1ria e Cria\u00e7\u00e3o de Parque Linear. De autoria do Instituto Municipal de Planejamento Urbano de Palmas (Impup), seu objetivo \u00e9 qualificar e recuperar a \u00e1rea de influ\u00eancia do C\u00f3rrego Machado, destinando aos seus habitantes espa\u00e7os de esporte, lazer, cultura e recrea\u00e7\u00e3o.<\/p>\n\n\n\n<p class=\"wp-block-paragraph\">Al\u00e9m do trabalho de recupera\u00e7\u00e3o ambiental, a iniciativa visa promover a regulariza\u00e7\u00e3o de assentamentos informais nas imedia\u00e7\u00f5es do c\u00f3rrego. A finalidade \u00e9 assegurar a devida qualidade de vida e ambiental para a popula\u00e7\u00e3o local, pertencente \u00e0 Regi\u00e3o de Planejamento Sul de Palmas, tornando a cidade mais inclusiva, sustent\u00e1vel e humanizada.<\/p>\n\n\n\n<p class=\"wp-block-paragraph\">A novidade \u00e9 fruto da parceria entre o Minist\u00e9rio das Cidades e a organiza\u00e7\u00e3o privada&nbsp;<em>Deutsche Gesellschaft F\u00fcr Internationale Zusammenarbeit (GIZ) GmbH<\/em>, financiada pelo Minist\u00e9rio Alem\u00e3o da Coopera\u00e7\u00e3o Econ\u00f4mica e do Desenvolvimento (BMZ). Al\u00e9m de receber consultoria, existe possibilidade de os projetos selecionados firmarem parceria e capta\u00e7\u00e3o de recursos.<\/p>\n\n\n\n<p class=\"wp-block-paragraph\">As outras cidades que tamb\u00e9m receber\u00e3o assessoramento de projetos de desenvolvimento integral e sustent\u00e1vel s\u00e3o Cana\u00e3 dos Caraj\u00e1s (PA), Fortaleza (CE), Nova Friburgo (RJ), Santo Andr\u00e9 (SP) e Uberaba (MG). O processo de sele\u00e7\u00e3o aconteceu em meio a intenso debate e an\u00e1lise de forma puramente t\u00e9cnica. &nbsp;<\/p>\n\n\n\n<p class=\"wp-block-paragraph\"><strong>C\u00f3rrego Machado<\/strong><\/p>\n\n\n\n<p class=\"wp-block-paragraph\">O c\u00f3rrego tem cerca de 8 km e ao longo de sua \u00e1rea de influ\u00eancia incidem demandas antigas da comunidade vizinha ao c\u00f3rrego por regulariza\u00e7\u00e3o de ocupa\u00e7\u00f5es desde a d\u00e9cada de 1990. O projeto prop\u00f5e tamb\u00e9m a cria\u00e7\u00e3o de parque linear de prote\u00e7\u00e3o ao entorno do c\u00f3rrego.<\/p>\n\n\n\n<p class=\"wp-block-paragraph\">\u201cO projeto apresentado prop\u00f5e solu\u00e7\u00f5es de desenvolvimento urbano integrado que envolver\u00e1 v\u00e1rias pastas. Ser\u00e1 um programa, que vai consolidar as iniciativas fundi\u00e1rias e ambientais j\u00e1 em andamento e propor solu\u00e7\u00f5es urban\u00edsticas adequadas. O parque linear viria a agregar valor social, ambiental, para lazer e pertencimento da comunidade \u00e0 regi\u00e3o sul, que hoje \u00e9 desprovida de um parque urbano como na regi\u00e3o central\u201d, explica a diretora de Projetos Urban\u00edsticos, Denise Rech.&nbsp;<\/p>\n\n\n\n<p class=\"wp-block-paragraph\">Formatado pelo Impup, o projeto envolveu t\u00e9cnicos da Diretoria de Planejamento Urbano (Daniela Fighera) e Diretoria de Projetos Urban\u00edsticos (Denise Rech) e pretende envolver a Funda\u00e7\u00e3o de Meio Ambiente (FMA), Secretaria Municipal de Assuntos Fundi\u00e1rios (Semaf), Secretaria Municipal de Desenvolvimento Social (Sedes), Secretaria Municipal de Desenvolvimento Econ\u00f4mico e Emprego (Sedem), Secretaria Municipal de Infraestrutura e Servi\u00e7os P\u00fablicos (Seisp), Secretaria Municipal de Desenvolvimento Rural (Seder), Funda\u00e7\u00e3o de Juventude de Palmas (FJP) e outras pastas e autarquias municipais.<\/p>\n","protected":false},"excerpt":{"rendered":"<p>Palmas est\u00e1 entre os seis munic\u00edpios brasileiros escolhidos para receber assessoramento do governo federal, com a possibilidade de firmar parcerias em projetos demonstrativos nas \u00e1reas de desenvolvimento urbano integrado e sustent\u00e1vel, por meio do projeto Desenvolvimento Urbano Sustent\u00e1vel (DUS).&nbsp; Mais de 170 propostas de todo o Brasil concorreram. Palmas foi selecionada com o Projeto Qualifica\u00e7\u00e3o [&hellip;]<\/p>\n","protected":false},"author":13,"featured_media":0,"comment_status":"open","ping_status":"open","sticky":false,"template":"","format":"standard","meta":{"_acf_changed":false,"footnotes":""},"categories":[22,21],"tags":[],"class_list":["post-74101","post","type-post","status-publish","format-standard","hentry","category-cidades","category-todas-noticias"],"acf":[],"yoast_head":"<!-- This site is optimized with the Yoast SEO plugin v24.4 - https:\/\/yoast.com\/wordpress\/plugins\/seo\/ -->\n<title>Projeto de qualifica\u00e7\u00e3o socioambiental na \u00e1rea do C\u00f3rrego Machado receber\u00e1 consultoria - PORTAL DE NOT\u00cdCIAS CLEITON PINHEIRO<\/title>\n<meta name=\"robots\" content=\"index, follow, max-snippet:-1, max-image-preview:large, max-video-preview:-1\" \/>\n<link rel=\"canonical\" href=\"https:\/\/cleitonpinheiro.com.br\/site\/projeto-de-qualificacao-socioambiental-na-area-do-corrego-machado-recebera-consultoria\/\" \/>\n<meta property=\"og:locale\" content=\"pt_BR\" \/>\n<meta property=\"og:type\" content=\"article\" \/>\n<meta property=\"og:title\" content=\"Projeto de qualifica\u00e7\u00e3o socioambiental na \u00e1rea do C\u00f3rrego Machado receber\u00e1 consultoria - PORTAL DE NOT\u00cdCIAS CLEITON PINHEIRO\" \/>\n<meta property=\"og:description\" content=\"Palmas est\u00e1 entre os seis munic\u00edpios brasileiros escolhidos para receber assessoramento do governo federal, com a possibilidade de firmar parcerias em projetos demonstrativos nas \u00e1reas de desenvolvimento urbano integrado e sustent\u00e1vel, por meio do projeto Desenvolvimento Urbano Sustent\u00e1vel (DUS).&nbsp; Mais de 170 propostas de todo o Brasil concorreram. Palmas foi selecionada com o Projeto Qualifica\u00e7\u00e3o [&hellip;]\" \/>\n<meta property=\"og:url\" content=\"https:\/\/cleitonpinheiro.com.br\/site\/projeto-de-qualificacao-socioambiental-na-area-do-corrego-machado-recebera-consultoria\/\" \/>\n<meta property=\"og:site_name\" content=\"PORTAL DE NOT\u00cdCIAS CLEITON PINHEIRO\" \/>\n<meta property=\"article:publisher\" content=\"https:\/\/www.facebook.com\/portalcpnoticias\/\" \/>\n<meta property=\"article:published_time\" content=\"2023-09-11T21:28:49+00:00\" \/>\n<meta property=\"article:modified_time\" content=\"2023-12-27T14:22:05+00:00\" \/>\n<meta property=\"og:image\" content=\"https:\/\/cleitonpinheiro.com.br\/site\/wp-content\/uploads\/2023\/09\/8a6e8bddf6bb4a48a83263774ad969f6.jpeg\" \/>\n\t<meta property=\"og:image:width\" content=\"800\" \/>\n\t<meta property=\"og:image:height\" content=\"600\" \/>\n\t<meta property=\"og:image:type\" content=\"image\/jpeg\" \/>\n<meta name=\"author\" content=\"Reda\u00e7\u00e3o CP\" \/>\n<meta name=\"twitter:card\" content=\"summary_large_image\" \/>\n<meta name=\"twitter:label1\" content=\"Escrito por\" \/>\n\t<meta name=\"twitter:data1\" content=\"Reda\u00e7\u00e3o CP\" \/>\n\t<meta name=\"twitter:label2\" content=\"Est. tempo de leitura\" \/>\n\t<meta name=\"twitter:data2\" content=\"3 minutos\" \/>\n<script type=\"application\/ld+json\" class=\"yoast-schema-graph\">{\"@context\":\"https:\/\/schema.org\",\"@graph\":[{\"@type\":\"Article\",\"@id\":\"https:\/\/cleitonpinheiro.com.br\/site\/projeto-de-qualificacao-socioambiental-na-area-do-corrego-machado-recebera-consultoria\/#article\",\"isPartOf\":{\"@id\":\"https:\/\/cleitonpinheiro.com.br\/site\/projeto-de-qualificacao-socioambiental-na-area-do-corrego-machado-recebera-consultoria\/\"},\"author\":{\"name\":\"Reda\u00e7\u00e3o CP\",\"@id\":\"https:\/\/cleitonpinheiro.com.br\/site\/#\/schema\/person\/8f04544e0bc40a1b68775b08360f87db\"},\"headline\":\"Projeto de qualifica\u00e7\u00e3o socioambiental na \u00e1rea do C\u00f3rrego Machado receber\u00e1 consultoria\",\"datePublished\":\"2023-09-11T21:28:49+00:00\",\"dateModified\":\"2023-12-27T14:22:05+00:00\",\"mainEntityOfPage\":{\"@id\":\"https:\/\/cleitonpinheiro.com.br\/site\/projeto-de-qualificacao-socioambiental-na-area-do-corrego-machado-recebera-consultoria\/\"},\"wordCount\":535,\"commentCount\":0,\"publisher\":{\"@id\":\"https:\/\/cleitonpinheiro.com.br\/site\/#organization\"},\"image\":{\"@id\":\"https:\/\/cleitonpinheiro.com.br\/site\/projeto-de-qualificacao-socioambiental-na-area-do-corrego-machado-recebera-consultoria\/#primaryimage\"},\"thumbnailUrl\":\"https:\/\/cleitonpinheiro.com.br\/site\/wp-content\/uploads\/2023\/09\/8a6e8bddf6bb4a48a83263774ad969f6.jpeg\",\"articleSection\":[\"CIDADES\",\"TODAS NOTICIAS\"],\"inLanguage\":\"pt-BR\",\"potentialAction\":[{\"@type\":\"CommentAction\",\"name\":\"Comment\",\"target\":[\"https:\/\/cleitonpinheiro.com.br\/site\/projeto-de-qualificacao-socioambiental-na-area-do-corrego-machado-recebera-consultoria\/#respond\"]}]},{\"@type\":\"WebPage\",\"@id\":\"https:\/\/cleitonpinheiro.com.br\/site\/projeto-de-qualificacao-socioambiental-na-area-do-corrego-machado-recebera-consultoria\/\",\"url\":\"https:\/\/cleitonpinheiro.com.br\/site\/projeto-de-qualificacao-socioambiental-na-area-do-corrego-machado-recebera-consultoria\/\",\"name\":\"Projeto de qualifica\u00e7\u00e3o socioambiental na \u00e1rea do C\u00f3rrego Machado receber\u00e1 consultoria - PORTAL DE NOT\u00cdCIAS CLEITON PINHEIRO\",\"isPartOf\":{\"@id\":\"https:\/\/cleitonpinheiro.com.br\/site\/#website\"},\"primaryImageOfPage\":{\"@id\":\"https:\/\/cleitonpinheiro.com.br\/site\/projeto-de-qualificacao-socioambiental-na-area-do-corrego-machado-recebera-consultoria\/#primaryimage\"},\"image\":{\"@id\":\"https:\/\/cleitonpinheiro.com.br\/site\/projeto-de-qualificacao-socioambiental-na-area-do-corrego-machado-recebera-consultoria\/#primaryimage\"},\"thumbnailUrl\":\"https:\/\/cleitonpinheiro.com.br\/site\/wp-content\/uploads\/2023\/09\/8a6e8bddf6bb4a48a83263774ad969f6.jpeg\",\"datePublished\":\"2023-09-11T21:28:49+00:00\",\"dateModified\":\"2023-12-27T14:22:05+00:00\",\"breadcrumb\":{\"@id\":\"https:\/\/cleitonpinheiro.com.br\/site\/projeto-de-qualificacao-socioambiental-na-area-do-corrego-machado-recebera-consultoria\/#breadcrumb\"},\"inLanguage\":\"pt-BR\",\"potentialAction\":[{\"@type\":\"ReadAction\",\"target\":[\"https:\/\/cleitonpinheiro.com.br\/site\/projeto-de-qualificacao-socioambiental-na-area-do-corrego-machado-recebera-consultoria\/\"]}]},{\"@type\":\"ImageObject\",\"inLanguage\":\"pt-BR\",\"@id\":\"https:\/\/cleitonpinheiro.com.br\/site\/projeto-de-qualificacao-socioambiental-na-area-do-corrego-machado-recebera-consultoria\/#primaryimage\",\"url\":\"\",\"contentUrl\":\"\"},{\"@type\":\"BreadcrumbList\",\"@id\":\"https:\/\/cleitonpinheiro.com.br\/site\/projeto-de-qualificacao-socioambiental-na-area-do-corrego-machado-recebera-consultoria\/#breadcrumb\",\"itemListElement\":[{\"@type\":\"ListItem\",\"position\":1,\"name\":\"In\u00edcio\",\"item\":\"https:\/\/cleitonpinheiro.com.br\/site\/\"},{\"@type\":\"ListItem\",\"position\":2,\"name\":\"Projeto de qualifica\u00e7\u00e3o socioambiental na \u00e1rea do C\u00f3rrego Machado receber\u00e1 consultoria\"}]},{\"@type\":\"WebSite\",\"@id\":\"https:\/\/cleitonpinheiro.com.br\/site\/#website\",\"url\":\"https:\/\/cleitonpinheiro.com.br\/site\/\",\"name\":\"PORTAL DE NOT\u00cdCIAS CLEITON PINHEIRO\",\"description\":\"FALANDO A VERDADE\",\"publisher\":{\"@id\":\"https:\/\/cleitonpinheiro.com.br\/site\/#organization\"},\"potentialAction\":[{\"@type\":\"SearchAction\",\"target\":{\"@type\":\"EntryPoint\",\"urlTemplate\":\"https:\/\/cleitonpinheiro.com.br\/site\/?s={search_term_string}\"},\"query-input\":{\"@type\":\"PropertyValueSpecification\",\"valueRequired\":true,\"valueName\":\"search_term_string\"}}],\"inLanguage\":\"pt-BR\"},{\"@type\":\"Organization\",\"@id\":\"https:\/\/cleitonpinheiro.com.br\/site\/#organization\",\"name\":\"CPNOT\u00cdCIAS\",\"url\":\"https:\/\/cleitonpinheiro.com.br\/site\/\",\"logo\":{\"@type\":\"ImageObject\",\"inLanguage\":\"pt-BR\",\"@id\":\"https:\/\/cleitonpinheiro.com.br\/site\/#\/schema\/logo\/image\/\",\"url\":\"https:\/\/cleitonpinheiro.com.br\/site\/wp-content\/uploads\/2022\/08\/Logo-pequena-2.png\",\"contentUrl\":\"https:\/\/cleitonpinheiro.com.br\/site\/wp-content\/uploads\/2022\/08\/Logo-pequena-2.png\",\"width\":500,\"height\":500,\"caption\":\"CPNOT\u00cdCIAS\"},\"image\":{\"@id\":\"https:\/\/cleitonpinheiro.com.br\/site\/#\/schema\/logo\/image\/\"},\"sameAs\":[\"https:\/\/www.facebook.com\/portalcpnoticias\/\"]},{\"@type\":\"Person\",\"@id\":\"https:\/\/cleitonpinheiro.com.br\/site\/#\/schema\/person\/8f04544e0bc40a1b68775b08360f87db\",\"name\":\"Reda\u00e7\u00e3o CP\",\"image\":{\"@type\":\"ImageObject\",\"inLanguage\":\"pt-BR\",\"@id\":\"https:\/\/cleitonpinheiro.com.br\/site\/#\/schema\/person\/image\/\",\"url\":\"https:\/\/secure.gravatar.com\/avatar\/0bcf19cb29fdc8fc588c490c7ae1b3e174dac268586a63fbe1d1893a0f9020cd?s=96&r=g\",\"contentUrl\":\"https:\/\/secure.gravatar.com\/avatar\/0bcf19cb29fdc8fc588c490c7ae1b3e174dac268586a63fbe1d1893a0f9020cd?s=96&r=g\",\"caption\":\"Reda\u00e7\u00e3o CP\"},\"url\":\"https:\/\/cleitonpinheiro.com.br\/site\/author\/redacao\/\"}]}<\/script>\n<!-- \/ Yoast SEO plugin. -->","yoast_head_json":{"title":"Projeto de qualifica\u00e7\u00e3o socioambiental na \u00e1rea do C\u00f3rrego Machado receber\u00e1 consultoria - PORTAL DE NOT\u00cdCIAS CLEITON PINHEIRO","robots":{"index":"index","follow":"follow","max-snippet":"max-snippet:-1","max-image-preview":"max-image-preview:large","max-video-preview":"max-video-preview:-1"},"canonical":"https:\/\/cleitonpinheiro.com.br\/site\/projeto-de-qualificacao-socioambiental-na-area-do-corrego-machado-recebera-consultoria\/","og_locale":"pt_BR","og_type":"article","og_title":"Projeto de qualifica\u00e7\u00e3o socioambiental na \u00e1rea do C\u00f3rrego Machado receber\u00e1 consultoria - PORTAL DE NOT\u00cdCIAS CLEITON PINHEIRO","og_description":"Palmas est\u00e1 entre os seis munic\u00edpios brasileiros escolhidos para receber assessoramento do governo federal, com a possibilidade de firmar parcerias em projetos demonstrativos nas \u00e1reas de desenvolvimento urbano integrado e sustent\u00e1vel, por meio do projeto Desenvolvimento Urbano Sustent\u00e1vel (DUS).&nbsp; Mais de 170 propostas de todo o Brasil concorreram. Palmas foi selecionada com o Projeto Qualifica\u00e7\u00e3o [&hellip;]","og_url":"https:\/\/cleitonpinheiro.com.br\/site\/projeto-de-qualificacao-socioambiental-na-area-do-corrego-machado-recebera-consultoria\/","og_site_name":"PORTAL DE NOT\u00cdCIAS CLEITON PINHEIRO","article_publisher":"https:\/\/www.facebook.com\/portalcpnoticias\/","article_published_time":"2023-09-11T21:28:49+00:00","article_modified_time":"2023-12-27T14:22:05+00:00","og_image":[{"width":800,"height":600,"url":"https:\/\/cleitonpinheiro.com.br\/site\/wp-content\/uploads\/2023\/09\/8a6e8bddf6bb4a48a83263774ad969f6.jpeg","type":"image\/jpeg"}],"author":"Reda\u00e7\u00e3o CP","twitter_card":"summary_large_image","twitter_misc":{"Escrito por":"Reda\u00e7\u00e3o CP","Est. tempo de leitura":"3 minutos"},"schema":{"@context":"https:\/\/schema.org","@graph":[{"@type":"Article","@id":"https:\/\/cleitonpinheiro.com.br\/site\/projeto-de-qualificacao-socioambiental-na-area-do-corrego-machado-recebera-consultoria\/#article","isPartOf":{"@id":"https:\/\/cleitonpinheiro.com.br\/site\/projeto-de-qualificacao-socioambiental-na-area-do-corrego-machado-recebera-consultoria\/"},"author":{"name":"Reda\u00e7\u00e3o CP","@id":"https:\/\/cleitonpinheiro.com.br\/site\/#\/schema\/person\/8f04544e0bc40a1b68775b08360f87db"},"headline":"Projeto de qualifica\u00e7\u00e3o socioambiental na \u00e1rea do C\u00f3rrego Machado receber\u00e1 consultoria","datePublished":"2023-09-11T21:28:49+00:00","dateModified":"2023-12-27T14:22:05+00:00","mainEntityOfPage":{"@id":"https:\/\/cleitonpinheiro.com.br\/site\/projeto-de-qualificacao-socioambiental-na-area-do-corrego-machado-recebera-consultoria\/"},"wordCount":535,"commentCount":0,"publisher":{"@id":"https:\/\/cleitonpinheiro.com.br\/site\/#organization"},"image":{"@id":"https:\/\/cleitonpinheiro.com.br\/site\/projeto-de-qualificacao-socioambiental-na-area-do-corrego-machado-recebera-consultoria\/#primaryimage"},"thumbnailUrl":"https:\/\/cleitonpinheiro.com.br\/site\/wp-content\/uploads\/2023\/09\/8a6e8bddf6bb4a48a83263774ad969f6.jpeg","articleSection":["CIDADES","TODAS NOTICIAS"],"inLanguage":"pt-BR","potentialAction":[{"@type":"CommentAction","name":"Comment","target":["https:\/\/cleitonpinheiro.com.br\/site\/projeto-de-qualificacao-socioambiental-na-area-do-corrego-machado-recebera-consultoria\/#respond"]}]},{"@type":"WebPage","@id":"https:\/\/cleitonpinheiro.com.br\/site\/projeto-de-qualificacao-socioambiental-na-area-do-corrego-machado-recebera-consultoria\/","url":"https:\/\/cleitonpinheiro.com.br\/site\/projeto-de-qualificacao-socioambiental-na-area-do-corrego-machado-recebera-consultoria\/","name":"Projeto de qualifica\u00e7\u00e3o socioambiental na \u00e1rea do C\u00f3rrego Machado receber\u00e1 consultoria - PORTAL DE NOT\u00cdCIAS CLEITON PINHEIRO","isPartOf":{"@id":"https:\/\/cleitonpinheiro.com.br\/site\/#website"},"primaryImageOfPage":{"@id":"https:\/\/cleitonpinheiro.com.br\/site\/projeto-de-qualificacao-socioambiental-na-area-do-corrego-machado-recebera-consultoria\/#primaryimage"},"image":{"@id":"https:\/\/cleitonpinheiro.com.br\/site\/projeto-de-qualificacao-socioambiental-na-area-do-corrego-machado-recebera-consultoria\/#primaryimage"},"thumbnailUrl":"https:\/\/cleitonpinheiro.com.br\/site\/wp-content\/uploads\/2023\/09\/8a6e8bddf6bb4a48a83263774ad969f6.jpeg","datePublished":"2023-09-11T21:28:49+00:00","dateModified":"2023-12-27T14:22:05+00:00","breadcrumb":{"@id":"https:\/\/cleitonpinheiro.com.br\/site\/projeto-de-qualificacao-socioambiental-na-area-do-corrego-machado-recebera-consultoria\/#breadcrumb"},"inLanguage":"pt-BR","potentialAction":[{"@type":"ReadAction","target":["https:\/\/cleitonpinheiro.com.br\/site\/projeto-de-qualificacao-socioambiental-na-area-do-corrego-machado-recebera-consultoria\/"]}]},{"@type":"ImageObject","inLanguage":"pt-BR","@id":"https:\/\/cleitonpinheiro.com.br\/site\/projeto-de-qualificacao-socioambiental-na-area-do-corrego-machado-recebera-consultoria\/#primaryimage","url":"","contentUrl":""},{"@type":"BreadcrumbList","@id":"https:\/\/cleitonpinheiro.com.br\/site\/projeto-de-qualificacao-socioambiental-na-area-do-corrego-machado-recebera-consultoria\/#breadcrumb","itemListElement":[{"@type":"ListItem","position":1,"name":"In\u00edcio","item":"https:\/\/cleitonpinheiro.com.br\/site\/"},{"@type":"ListItem","position":2,"name":"Projeto de qualifica\u00e7\u00e3o socioambiental na \u00e1rea do C\u00f3rrego Machado receber\u00e1 consultoria"}]},{"@type":"WebSite","@id":"https:\/\/cleitonpinheiro.com.br\/site\/#website","url":"https:\/\/cleitonpinheiro.com.br\/site\/","name":"PORTAL DE NOT\u00cdCIAS CLEITON PINHEIRO","description":"FALANDO A VERDADE","publisher":{"@id":"https:\/\/cleitonpinheiro.com.br\/site\/#organization"},"potentialAction":[{"@type":"SearchAction","target":{"@type":"EntryPoint","urlTemplate":"https:\/\/cleitonpinheiro.com.br\/site\/?s={search_term_string}"},"query-input":{"@type":"PropertyValueSpecification","valueRequired":true,"valueName":"search_term_string"}}],"inLanguage":"pt-BR"},{"@type":"Organization","@id":"https:\/\/cleitonpinheiro.com.br\/site\/#organization","name":"CPNOT\u00cdCIAS","url":"https:\/\/cleitonpinheiro.com.br\/site\/","logo":{"@type":"ImageObject","inLanguage":"pt-BR","@id":"https:\/\/cleitonpinheiro.com.br\/site\/#\/schema\/logo\/image\/","url":"https:\/\/cleitonpinheiro.com.br\/site\/wp-content\/uploads\/2022\/08\/Logo-pequena-2.png","contentUrl":"https:\/\/cleitonpinheiro.com.br\/site\/wp-content\/uploads\/2022\/08\/Logo-pequena-2.png","width":500,"height":500,"caption":"CPNOT\u00cdCIAS"},"image":{"@id":"https:\/\/cleitonpinheiro.com.br\/site\/#\/schema\/logo\/image\/"},"sameAs":["https:\/\/www.facebook.com\/portalcpnoticias\/"]},{"@type":"Person","@id":"https:\/\/cleitonpinheiro.com.br\/site\/#\/schema\/person\/8f04544e0bc40a1b68775b08360f87db","name":"Reda\u00e7\u00e3o CP","image":{"@type":"ImageObject","inLanguage":"pt-BR","@id":"https:\/\/cleitonpinheiro.com.br\/site\/#\/schema\/person\/image\/","url":"https:\/\/secure.gravatar.com\/avatar\/0bcf19cb29fdc8fc588c490c7ae1b3e174dac268586a63fbe1d1893a0f9020cd?s=96&r=g","contentUrl":"https:\/\/secure.gravatar.com\/avatar\/0bcf19cb29fdc8fc588c490c7ae1b3e174dac268586a63fbe1d1893a0f9020cd?s=96&r=g","caption":"Reda\u00e7\u00e3o CP"},"url":"https:\/\/cleitonpinheiro.com.br\/site\/author\/redacao\/"}]}},"views":128,"_links":{"self":[{"href":"https:\/\/cleitonpinheiro.com.br\/site\/wp-json\/wp\/v2\/posts\/74101","targetHints":{"allow":["GET"]}}],"collection":[{"href":"https:\/\/cleitonpinheiro.com.br\/site\/wp-json\/wp\/v2\/posts"}],"about":[{"href":"https:\/\/cleitonpinheiro.com.br\/site\/wp-json\/wp\/v2\/types\/post"}],"author":[{"embeddable":true,"href":"https:\/\/cleitonpinheiro.com.br\/site\/wp-json\/wp\/v2\/users\/13"}],"replies":[{"embeddable":true,"href":"https:\/\/cleitonpinheiro.com.br\/site\/wp-json\/wp\/v2\/comments?post=74101"}],"version-history":[{"count":1,"href":"https:\/\/cleitonpinheiro.com.br\/site\/wp-json\/wp\/v2\/posts\/74101\/revisions"}],"predecessor-version":[{"id":74103,"href":"https:\/\/cleitonpinheiro.com.br\/site\/wp-json\/wp\/v2\/posts\/74101\/revisions\/74103"}],"wp:attachment":[{"href":"https:\/\/cleitonpinheiro.com.br\/site\/wp-json\/wp\/v2\/media?parent=74101"}],"wp:term":[{"taxonomy":"category","embeddable":true,"href":"https:\/\/cleitonpinheiro.com.br\/site\/wp-json\/wp\/v2\/categories?post=74101"},{"taxonomy":"post_tag","embeddable":true,"href":"https:\/\/cleitonpinheiro.com.br\/site\/wp-json\/wp\/v2\/tags?post=74101"}],"curies":[{"name":"wp","href":"https:\/\/api.w.org\/{rel}","templated":true}]}}