{"id":74104,"date":"2023-09-11T18:53:17","date_gmt":"2023-09-11T21:53:17","guid":{"rendered":"https:\/\/cleitonpinheiro.com.br\/site\/?p=74104"},"modified":"2023-12-27T11:21:54","modified_gmt":"2023-12-27T14:21:54","slug":"codigo-de-defesa-do-consumidor-completa-33-anos","status":"publish","type":"post","link":"https:\/\/cleitonpinheiro.com.br\/site\/codigo-de-defesa-do-consumidor-completa-33-anos\/","title":{"rendered":"C\u00f3digo de Defesa do Consumidor completa 33 anos"},"content":{"rendered":"\n<figure class=\"wp-block-image size-full\"><img decoding=\"async\" src=\"https:\/\/cleitonpinheiro.com.br\/site\/wp-content\/uploads\/2023\/09\/7a93849f-1f6b-4514-abdf-dc7f118467d5.jpg\" alt=\"\" class=\"wp-image-74105\"\/><figcaption class=\"wp-element-caption\">C\u00f3digo de Defesa do Consumidor \u00e9 conjunto de normas que visam proteger direitos do consumidor &#8211; Foto: Luciana Pires\/Prefeitura de Palmas<\/figcaption><\/figure>\n\n\n\n<p class=\"wp-block-paragraph\">Nesta segunda-feira, 11, o C\u00f3digo de Defesa do Consumidor (CDC) completa 33 anos. O marco na defesa dos direitos dos consumidores foi criado para regular os direitos do consumidor, e \u00e9 respons\u00e1vel pelos princ\u00edpios e regras jur\u00eddicas que protegem as rela\u00e7\u00f5es entre consumidores e fornecedores.<\/p>\n\n\n\n<p class=\"wp-block-paragraph\">O Procon Municipal de Palmas aproveita a data para ressaltar a import\u00e2ncia do instrumento para a prote\u00e7\u00e3o da popula\u00e7\u00e3o palmense. &#8220;Houve um grande avan\u00e7o desde a cria\u00e7\u00e3o do CDC, estabelecendo normas e garantindo os direitos fundamentais, como prev\u00ea nossa Constitui\u00e7\u00e3o. E ao longo desses anos a popula\u00e7\u00e3o tamb\u00e9m acompanhou esses avan\u00e7os e nunca esteve t\u00e3o consciente dos seus direitos como hoje&#8221;, destacou o superintendente do Procon Municipal de Palmas, Rafael Dias.<\/p>\n\n\n\n<p class=\"wp-block-paragraph\">Em Palmas o Procon atendeu, de janeiro a agosto de 2023, cerca de 1.145 pessoas e muitos desses atendimentos foram resolvidos dentro do pr\u00f3prio \u00f3rg\u00e3o, sem a necessidade de notifica\u00e7\u00f5es ou encaminhamentos ao juizado. O \u00f3rg\u00e3o ainda realizou um trabalho educativo em estabelecimentos comerciais e outras entidades representativas da sociedade civil.<\/p>\n\n\n\n<p class=\"wp-block-paragraph\">Ainda como forma de proteger o consumidor, o Procon tem realizado fiscaliza\u00e7\u00e3o de forma continuada em supermercados, postos de gasolina e outros estabelecimentos, para verificar se os pre\u00e7os praticados est\u00e3o de acordo com o que \u00e9 anunciado, al\u00e9m de verificar se a validade dos produtos expostos nas prateleiras est\u00e3o com o prazo de validade em dia e pr\u00f3prios para consumo.<\/p>\n\n\n\n<p class=\"wp-block-paragraph\"><strong>Atendimento&nbsp;<\/strong><\/p>\n\n\n\n<p class=\"wp-block-paragraph\">Para registrar reclama\u00e7\u00f5es a respeito de qualquer empresa ou esclarecer d\u00favidas sobre seus direitos, os consumidores podem se dirigir a uma das unidades do Procon Municipal de Palmas localizadas nas Unidades do Resolve Palmas da Avenida JK ou em Taquaralto. O atendimento \u00e9 de segunda a sexta-feira, das 13 \u00e0s 19 horas. Lembrando que a distribui\u00e7\u00e3o para ser atendido nos guich\u00eas \u00e9 feita at\u00e9 \u00e0s 18 horas.<\/p>\n\n\n\n<p class=\"wp-block-paragraph\">\u00c9 preciso levar c\u00f3pia dos documentos pessoais, al\u00e9m dos comprovantes de compra do produto ou do servi\u00e7o contratado, como boletos e notas fiscais.&nbsp;<\/p>\n\n\n\n<p class=\"wp-block-paragraph\">Os consumidores tamb\u00e9m podem tirar d\u00favidas ou ainda denunciar alguma viola\u00e7\u00e3o de direito atrav\u00e9s do telefone (63) 9 9282-9640.<\/p>\n","protected":false},"excerpt":{"rendered":"<p>Nesta segunda-feira, 11, o C\u00f3digo de Defesa do Consumidor (CDC) completa 33 anos. O marco na defesa dos direitos dos consumidores foi criado para regular os direitos do consumidor, e \u00e9 respons\u00e1vel pelos princ\u00edpios e regras jur\u00eddicas que protegem as rela\u00e7\u00f5es entre consumidores e fornecedores. O Procon Municipal de Palmas aproveita a data para ressaltar [&hellip;]<\/p>\n","protected":false},"author":13,"featured_media":0,"comment_status":"open","ping_status":"open","sticky":false,"template":"","format":"standard","meta":{"_acf_changed":false,"footnotes":""},"categories":[22,21],"tags":[720],"class_list":["post-74104","post","type-post","status-publish","format-standard","hentry","category-cidades","category-todas-noticias","tag-prefeitura-de-palmas"],"acf":[],"yoast_head":"<!-- This site is optimized with the Yoast SEO plugin v24.4 - https:\/\/yoast.com\/wordpress\/plugins\/seo\/ -->\n<title>C\u00f3digo de Defesa do Consumidor completa 33 anos - PORTAL DE NOT\u00cdCIAS CLEITON PINHEIRO<\/title>\n<meta name=\"robots\" content=\"index, follow, max-snippet:-1, max-image-preview:large, max-video-preview:-1\" \/>\n<link rel=\"canonical\" href=\"https:\/\/cleitonpinheiro.com.br\/site\/codigo-de-defesa-do-consumidor-completa-33-anos\/\" \/>\n<meta property=\"og:locale\" content=\"pt_BR\" \/>\n<meta property=\"og:type\" content=\"article\" \/>\n<meta property=\"og:title\" content=\"C\u00f3digo de Defesa do Consumidor completa 33 anos - PORTAL DE NOT\u00cdCIAS CLEITON PINHEIRO\" \/>\n<meta property=\"og:description\" content=\"Nesta segunda-feira, 11, o C\u00f3digo de Defesa do Consumidor (CDC) completa 33 anos. O marco na defesa dos direitos dos consumidores foi criado para regular os direitos do consumidor, e \u00e9 respons\u00e1vel pelos princ\u00edpios e regras jur\u00eddicas que protegem as rela\u00e7\u00f5es entre consumidores e fornecedores. O Procon Municipal de Palmas aproveita a data para ressaltar [&hellip;]\" \/>\n<meta property=\"og:url\" content=\"https:\/\/cleitonpinheiro.com.br\/site\/codigo-de-defesa-do-consumidor-completa-33-anos\/\" \/>\n<meta property=\"og:site_name\" content=\"PORTAL DE NOT\u00cdCIAS CLEITON PINHEIRO\" \/>\n<meta property=\"article:publisher\" content=\"https:\/\/www.facebook.com\/portalcpnoticias\/\" \/>\n<meta property=\"article:published_time\" content=\"2023-09-11T21:53:17+00:00\" \/>\n<meta property=\"article:modified_time\" content=\"2023-12-27T14:21:54+00:00\" \/>\n<meta property=\"og:image\" content=\"https:\/\/cleitonpinheiro.com.br\/site\/wp-content\/uploads\/2023\/09\/7a93849f-1f6b-4514-abdf-dc7f118467d5.jpg\" \/>\n\t<meta property=\"og:image:width\" content=\"800\" \/>\n\t<meta property=\"og:image:height\" content=\"533\" \/>\n\t<meta property=\"og:image:type\" content=\"image\/jpeg\" \/>\n<meta name=\"author\" content=\"Reda\u00e7\u00e3o CP\" \/>\n<meta name=\"twitter:card\" content=\"summary_large_image\" \/>\n<meta name=\"twitter:label1\" content=\"Escrito por\" \/>\n\t<meta name=\"twitter:data1\" content=\"Reda\u00e7\u00e3o CP\" \/>\n\t<meta name=\"twitter:label2\" content=\"Est. tempo de leitura\" \/>\n\t<meta name=\"twitter:data2\" content=\"3 minutos\" \/>\n<script type=\"application\/ld+json\" class=\"yoast-schema-graph\">{\"@context\":\"https:\/\/schema.org\",\"@graph\":[{\"@type\":\"Article\",\"@id\":\"https:\/\/cleitonpinheiro.com.br\/site\/codigo-de-defesa-do-consumidor-completa-33-anos\/#article\",\"isPartOf\":{\"@id\":\"https:\/\/cleitonpinheiro.com.br\/site\/codigo-de-defesa-do-consumidor-completa-33-anos\/\"},\"author\":{\"name\":\"Reda\u00e7\u00e3o CP\",\"@id\":\"https:\/\/cleitonpinheiro.com.br\/site\/#\/schema\/person\/8f04544e0bc40a1b68775b08360f87db\"},\"headline\":\"C\u00f3digo de Defesa do Consumidor completa 33 anos\",\"datePublished\":\"2023-09-11T21:53:17+00:00\",\"dateModified\":\"2023-12-27T14:21:54+00:00\",\"mainEntityOfPage\":{\"@id\":\"https:\/\/cleitonpinheiro.com.br\/site\/codigo-de-defesa-do-consumidor-completa-33-anos\/\"},\"wordCount\":391,\"commentCount\":0,\"publisher\":{\"@id\":\"https:\/\/cleitonpinheiro.com.br\/site\/#organization\"},\"image\":{\"@id\":\"https:\/\/cleitonpinheiro.com.br\/site\/codigo-de-defesa-do-consumidor-completa-33-anos\/#primaryimage\"},\"thumbnailUrl\":\"https:\/\/cleitonpinheiro.com.br\/site\/wp-content\/uploads\/2023\/09\/7a93849f-1f6b-4514-abdf-dc7f118467d5.jpg\",\"keywords\":[\"Prefeitura de Palmas\"],\"articleSection\":[\"CIDADES\",\"TODAS NOTICIAS\"],\"inLanguage\":\"pt-BR\",\"potentialAction\":[{\"@type\":\"CommentAction\",\"name\":\"Comment\",\"target\":[\"https:\/\/cleitonpinheiro.com.br\/site\/codigo-de-defesa-do-consumidor-completa-33-anos\/#respond\"]}]},{\"@type\":\"WebPage\",\"@id\":\"https:\/\/cleitonpinheiro.com.br\/site\/codigo-de-defesa-do-consumidor-completa-33-anos\/\",\"url\":\"https:\/\/cleitonpinheiro.com.br\/site\/codigo-de-defesa-do-consumidor-completa-33-anos\/\",\"name\":\"C\u00f3digo de Defesa do Consumidor completa 33 anos - PORTAL DE NOT\u00cdCIAS CLEITON PINHEIRO\",\"isPartOf\":{\"@id\":\"https:\/\/cleitonpinheiro.com.br\/site\/#website\"},\"primaryImageOfPage\":{\"@id\":\"https:\/\/cleitonpinheiro.com.br\/site\/codigo-de-defesa-do-consumidor-completa-33-anos\/#primaryimage\"},\"image\":{\"@id\":\"https:\/\/cleitonpinheiro.com.br\/site\/codigo-de-defesa-do-consumidor-completa-33-anos\/#primaryimage\"},\"thumbnailUrl\":\"https:\/\/cleitonpinheiro.com.br\/site\/wp-content\/uploads\/2023\/09\/7a93849f-1f6b-4514-abdf-dc7f118467d5.jpg\",\"datePublished\":\"2023-09-11T21:53:17+00:00\",\"dateModified\":\"2023-12-27T14:21:54+00:00\",\"breadcrumb\":{\"@id\":\"https:\/\/cleitonpinheiro.com.br\/site\/codigo-de-defesa-do-consumidor-completa-33-anos\/#breadcrumb\"},\"inLanguage\":\"pt-BR\",\"potentialAction\":[{\"@type\":\"ReadAction\",\"target\":[\"https:\/\/cleitonpinheiro.com.br\/site\/codigo-de-defesa-do-consumidor-completa-33-anos\/\"]}]},{\"@type\":\"ImageObject\",\"inLanguage\":\"pt-BR\",\"@id\":\"https:\/\/cleitonpinheiro.com.br\/site\/codigo-de-defesa-do-consumidor-completa-33-anos\/#primaryimage\",\"url\":\"\",\"contentUrl\":\"\"},{\"@type\":\"BreadcrumbList\",\"@id\":\"https:\/\/cleitonpinheiro.com.br\/site\/codigo-de-defesa-do-consumidor-completa-33-anos\/#breadcrumb\",\"itemListElement\":[{\"@type\":\"ListItem\",\"position\":1,\"name\":\"In\u00edcio\",\"item\":\"https:\/\/cleitonpinheiro.com.br\/site\/\"},{\"@type\":\"ListItem\",\"position\":2,\"name\":\"C\u00f3digo de Defesa do Consumidor completa 33 anos\"}]},{\"@type\":\"WebSite\",\"@id\":\"https:\/\/cleitonpinheiro.com.br\/site\/#website\",\"url\":\"https:\/\/cleitonpinheiro.com.br\/site\/\",\"name\":\"PORTAL DE NOT\u00cdCIAS CLEITON PINHEIRO\",\"description\":\"FALANDO A VERDADE\",\"publisher\":{\"@id\":\"https:\/\/cleitonpinheiro.com.br\/site\/#organization\"},\"potentialAction\":[{\"@type\":\"SearchAction\",\"target\":{\"@type\":\"EntryPoint\",\"urlTemplate\":\"https:\/\/cleitonpinheiro.com.br\/site\/?s={search_term_string}\"},\"query-input\":{\"@type\":\"PropertyValueSpecification\",\"valueRequired\":true,\"valueName\":\"search_term_string\"}}],\"inLanguage\":\"pt-BR\"},{\"@type\":\"Organization\",\"@id\":\"https:\/\/cleitonpinheiro.com.br\/site\/#organization\",\"name\":\"CPNOT\u00cdCIAS\",\"url\":\"https:\/\/cleitonpinheiro.com.br\/site\/\",\"logo\":{\"@type\":\"ImageObject\",\"inLanguage\":\"pt-BR\",\"@id\":\"https:\/\/cleitonpinheiro.com.br\/site\/#\/schema\/logo\/image\/\",\"url\":\"https:\/\/cleitonpinheiro.com.br\/site\/wp-content\/uploads\/2022\/08\/Logo-pequena-2.png\",\"contentUrl\":\"https:\/\/cleitonpinheiro.com.br\/site\/wp-content\/uploads\/2022\/08\/Logo-pequena-2.png\",\"width\":500,\"height\":500,\"caption\":\"CPNOT\u00cdCIAS\"},\"image\":{\"@id\":\"https:\/\/cleitonpinheiro.com.br\/site\/#\/schema\/logo\/image\/\"},\"sameAs\":[\"https:\/\/www.facebook.com\/portalcpnoticias\/\"]},{\"@type\":\"Person\",\"@id\":\"https:\/\/cleitonpinheiro.com.br\/site\/#\/schema\/person\/8f04544e0bc40a1b68775b08360f87db\",\"name\":\"Reda\u00e7\u00e3o CP\",\"image\":{\"@type\":\"ImageObject\",\"inLanguage\":\"pt-BR\",\"@id\":\"https:\/\/cleitonpinheiro.com.br\/site\/#\/schema\/person\/image\/\",\"url\":\"https:\/\/secure.gravatar.com\/avatar\/0bcf19cb29fdc8fc588c490c7ae1b3e174dac268586a63fbe1d1893a0f9020cd?s=96&r=g\",\"contentUrl\":\"https:\/\/secure.gravatar.com\/avatar\/0bcf19cb29fdc8fc588c490c7ae1b3e174dac268586a63fbe1d1893a0f9020cd?s=96&r=g\",\"caption\":\"Reda\u00e7\u00e3o CP\"},\"url\":\"https:\/\/cleitonpinheiro.com.br\/site\/author\/redacao\/\"}]}<\/script>\n<!-- \/ Yoast SEO plugin. -->","yoast_head_json":{"title":"C\u00f3digo de Defesa do Consumidor completa 33 anos - PORTAL DE NOT\u00cdCIAS CLEITON PINHEIRO","robots":{"index":"index","follow":"follow","max-snippet":"max-snippet:-1","max-image-preview":"max-image-preview:large","max-video-preview":"max-video-preview:-1"},"canonical":"https:\/\/cleitonpinheiro.com.br\/site\/codigo-de-defesa-do-consumidor-completa-33-anos\/","og_locale":"pt_BR","og_type":"article","og_title":"C\u00f3digo de Defesa do Consumidor completa 33 anos - PORTAL DE NOT\u00cdCIAS CLEITON PINHEIRO","og_description":"Nesta segunda-feira, 11, o C\u00f3digo de Defesa do Consumidor (CDC) completa 33 anos. O marco na defesa dos direitos dos consumidores foi criado para regular os direitos do consumidor, e \u00e9 respons\u00e1vel pelos princ\u00edpios e regras jur\u00eddicas que protegem as rela\u00e7\u00f5es entre consumidores e fornecedores. O Procon Municipal de Palmas aproveita a data para ressaltar [&hellip;]","og_url":"https:\/\/cleitonpinheiro.com.br\/site\/codigo-de-defesa-do-consumidor-completa-33-anos\/","og_site_name":"PORTAL DE NOT\u00cdCIAS CLEITON PINHEIRO","article_publisher":"https:\/\/www.facebook.com\/portalcpnoticias\/","article_published_time":"2023-09-11T21:53:17+00:00","article_modified_time":"2023-12-27T14:21:54+00:00","og_image":[{"width":800,"height":533,"url":"https:\/\/cleitonpinheiro.com.br\/site\/wp-content\/uploads\/2023\/09\/7a93849f-1f6b-4514-abdf-dc7f118467d5.jpg","type":"image\/jpeg"}],"author":"Reda\u00e7\u00e3o CP","twitter_card":"summary_large_image","twitter_misc":{"Escrito por":"Reda\u00e7\u00e3o CP","Est. tempo de leitura":"3 minutos"},"schema":{"@context":"https:\/\/schema.org","@graph":[{"@type":"Article","@id":"https:\/\/cleitonpinheiro.com.br\/site\/codigo-de-defesa-do-consumidor-completa-33-anos\/#article","isPartOf":{"@id":"https:\/\/cleitonpinheiro.com.br\/site\/codigo-de-defesa-do-consumidor-completa-33-anos\/"},"author":{"name":"Reda\u00e7\u00e3o CP","@id":"https:\/\/cleitonpinheiro.com.br\/site\/#\/schema\/person\/8f04544e0bc40a1b68775b08360f87db"},"headline":"C\u00f3digo de Defesa do Consumidor completa 33 anos","datePublished":"2023-09-11T21:53:17+00:00","dateModified":"2023-12-27T14:21:54+00:00","mainEntityOfPage":{"@id":"https:\/\/cleitonpinheiro.com.br\/site\/codigo-de-defesa-do-consumidor-completa-33-anos\/"},"wordCount":391,"commentCount":0,"publisher":{"@id":"https:\/\/cleitonpinheiro.com.br\/site\/#organization"},"image":{"@id":"https:\/\/cleitonpinheiro.com.br\/site\/codigo-de-defesa-do-consumidor-completa-33-anos\/#primaryimage"},"thumbnailUrl":"https:\/\/cleitonpinheiro.com.br\/site\/wp-content\/uploads\/2023\/09\/7a93849f-1f6b-4514-abdf-dc7f118467d5.jpg","keywords":["Prefeitura de Palmas"],"articleSection":["CIDADES","TODAS NOTICIAS"],"inLanguage":"pt-BR","potentialAction":[{"@type":"CommentAction","name":"Comment","target":["https:\/\/cleitonpinheiro.com.br\/site\/codigo-de-defesa-do-consumidor-completa-33-anos\/#respond"]}]},{"@type":"WebPage","@id":"https:\/\/cleitonpinheiro.com.br\/site\/codigo-de-defesa-do-consumidor-completa-33-anos\/","url":"https:\/\/cleitonpinheiro.com.br\/site\/codigo-de-defesa-do-consumidor-completa-33-anos\/","name":"C\u00f3digo de Defesa do Consumidor completa 33 anos - PORTAL DE NOT\u00cdCIAS CLEITON PINHEIRO","isPartOf":{"@id":"https:\/\/cleitonpinheiro.com.br\/site\/#website"},"primaryImageOfPage":{"@id":"https:\/\/cleitonpinheiro.com.br\/site\/codigo-de-defesa-do-consumidor-completa-33-anos\/#primaryimage"},"image":{"@id":"https:\/\/cleitonpinheiro.com.br\/site\/codigo-de-defesa-do-consumidor-completa-33-anos\/#primaryimage"},"thumbnailUrl":"https:\/\/cleitonpinheiro.com.br\/site\/wp-content\/uploads\/2023\/09\/7a93849f-1f6b-4514-abdf-dc7f118467d5.jpg","datePublished":"2023-09-11T21:53:17+00:00","dateModified":"2023-12-27T14:21:54+00:00","breadcrumb":{"@id":"https:\/\/cleitonpinheiro.com.br\/site\/codigo-de-defesa-do-consumidor-completa-33-anos\/#breadcrumb"},"inLanguage":"pt-BR","potentialAction":[{"@type":"ReadAction","target":["https:\/\/cleitonpinheiro.com.br\/site\/codigo-de-defesa-do-consumidor-completa-33-anos\/"]}]},{"@type":"ImageObject","inLanguage":"pt-BR","@id":"https:\/\/cleitonpinheiro.com.br\/site\/codigo-de-defesa-do-consumidor-completa-33-anos\/#primaryimage","url":"","contentUrl":""},{"@type":"BreadcrumbList","@id":"https:\/\/cleitonpinheiro.com.br\/site\/codigo-de-defesa-do-consumidor-completa-33-anos\/#breadcrumb","itemListElement":[{"@type":"ListItem","position":1,"name":"In\u00edcio","item":"https:\/\/cleitonpinheiro.com.br\/site\/"},{"@type":"ListItem","position":2,"name":"C\u00f3digo de Defesa do Consumidor completa 33 anos"}]},{"@type":"WebSite","@id":"https:\/\/cleitonpinheiro.com.br\/site\/#website","url":"https:\/\/cleitonpinheiro.com.br\/site\/","name":"PORTAL DE NOT\u00cdCIAS CLEITON PINHEIRO","description":"FALANDO A VERDADE","publisher":{"@id":"https:\/\/cleitonpinheiro.com.br\/site\/#organization"},"potentialAction":[{"@type":"SearchAction","target":{"@type":"EntryPoint","urlTemplate":"https:\/\/cleitonpinheiro.com.br\/site\/?s={search_term_string}"},"query-input":{"@type":"PropertyValueSpecification","valueRequired":true,"valueName":"search_term_string"}}],"inLanguage":"pt-BR"},{"@type":"Organization","@id":"https:\/\/cleitonpinheiro.com.br\/site\/#organization","name":"CPNOT\u00cdCIAS","url":"https:\/\/cleitonpinheiro.com.br\/site\/","logo":{"@type":"ImageObject","inLanguage":"pt-BR","@id":"https:\/\/cleitonpinheiro.com.br\/site\/#\/schema\/logo\/image\/","url":"https:\/\/cleitonpinheiro.com.br\/site\/wp-content\/uploads\/2022\/08\/Logo-pequena-2.png","contentUrl":"https:\/\/cleitonpinheiro.com.br\/site\/wp-content\/uploads\/2022\/08\/Logo-pequena-2.png","width":500,"height":500,"caption":"CPNOT\u00cdCIAS"},"image":{"@id":"https:\/\/cleitonpinheiro.com.br\/site\/#\/schema\/logo\/image\/"},"sameAs":["https:\/\/www.facebook.com\/portalcpnoticias\/"]},{"@type":"Person","@id":"https:\/\/cleitonpinheiro.com.br\/site\/#\/schema\/person\/8f04544e0bc40a1b68775b08360f87db","name":"Reda\u00e7\u00e3o CP","image":{"@type":"ImageObject","inLanguage":"pt-BR","@id":"https:\/\/cleitonpinheiro.com.br\/site\/#\/schema\/person\/image\/","url":"https:\/\/secure.gravatar.com\/avatar\/0bcf19cb29fdc8fc588c490c7ae1b3e174dac268586a63fbe1d1893a0f9020cd?s=96&r=g","contentUrl":"https:\/\/secure.gravatar.com\/avatar\/0bcf19cb29fdc8fc588c490c7ae1b3e174dac268586a63fbe1d1893a0f9020cd?s=96&r=g","caption":"Reda\u00e7\u00e3o CP"},"url":"https:\/\/cleitonpinheiro.com.br\/site\/author\/redacao\/"}]}},"views":113,"_links":{"self":[{"href":"https:\/\/cleitonpinheiro.com.br\/site\/wp-json\/wp\/v2\/posts\/74104","targetHints":{"allow":["GET"]}}],"collection":[{"href":"https:\/\/cleitonpinheiro.com.br\/site\/wp-json\/wp\/v2\/posts"}],"about":[{"href":"https:\/\/cleitonpinheiro.com.br\/site\/wp-json\/wp\/v2\/types\/post"}],"author":[{"embeddable":true,"href":"https:\/\/cleitonpinheiro.com.br\/site\/wp-json\/wp\/v2\/users\/13"}],"replies":[{"embeddable":true,"href":"https:\/\/cleitonpinheiro.com.br\/site\/wp-json\/wp\/v2\/comments?post=74104"}],"version-history":[{"count":1,"href":"https:\/\/cleitonpinheiro.com.br\/site\/wp-json\/wp\/v2\/posts\/74104\/revisions"}],"predecessor-version":[{"id":74106,"href":"https:\/\/cleitonpinheiro.com.br\/site\/wp-json\/wp\/v2\/posts\/74104\/revisions\/74106"}],"wp:attachment":[{"href":"https:\/\/cleitonpinheiro.com.br\/site\/wp-json\/wp\/v2\/media?parent=74104"}],"wp:term":[{"taxonomy":"category","embeddable":true,"href":"https:\/\/cleitonpinheiro.com.br\/site\/wp-json\/wp\/v2\/categories?post=74104"},{"taxonomy":"post_tag","embeddable":true,"href":"https:\/\/cleitonpinheiro.com.br\/site\/wp-json\/wp\/v2\/tags?post=74104"}],"curies":[{"name":"wp","href":"https:\/\/api.w.org\/{rel}","templated":true}]}}