{"id":74211,"date":"2023-09-17T08:06:00","date_gmt":"2023-09-17T11:06:00","guid":{"rendered":"https:\/\/cleitonpinheiro.com.br\/site\/?p=74211"},"modified":"2023-09-18T10:08:46","modified_gmt":"2023-09-18T13:08:46","slug":"prefeitura-de-palmas-recebe-centenas-de-pessoas-em-mutirao-de-atendimentos-de-saude-na-regiao-norte","status":"publish","type":"post","link":"https:\/\/cleitonpinheiro.com.br\/site\/prefeitura-de-palmas-recebe-centenas-de-pessoas-em-mutirao-de-atendimentos-de-saude-na-regiao-norte\/","title":{"rendered":"Prefeitura de Palmas recebe centenas de pessoas em mutir\u00e3o de atendimentos de sa\u00fade na regi\u00e3o Norte"},"content":{"rendered":"\n<figure class=\"wp-block-image size-full\"><img decoding=\"async\" src=\"https:\/\/cleitonpinheiro.com.br\/site\/wp-content\/uploads\/2023\/09\/50b97e7a-b2ee-4bab-9afb-a01de9cc033b.jpg\" alt=\"\" class=\"wp-image-74212\"\/><figcaption class=\"wp-element-caption\">Secret\u00e1ria da Semus, Anna Crystina Mota, celebra sucesso de nova edi\u00e7\u00e3o do Mais Sa\u00fade &#8211; Foto: Regiane Rocha\/Prefeitura de Palmas<\/figcaption><\/figure>\n\n\n\n<p class=\"wp-block-paragraph\">Em um dia dedicado \u00e0 sa\u00fade, mais de 100 profissionais da Secretaria Municipal da Sa\u00fade de Palmas (Semus) se mobilizaram neste s\u00e1bado, 16, na Escola de Tempo Integral Daniel Batista, localizado na Arne 64 (508 Norte) e na Unidade de Sa\u00fade da Fam\u00edlia (USF) do bairro para levar cerca de 30 servi\u00e7os \u00e0 popula\u00e7\u00e3o da regi\u00e3o em mais uma edi\u00e7\u00e3o do Mais Sa\u00fade. Centenas de pessoas passaram por l\u00e1 nas oito horas de atendimento em busca de vacina\u00e7\u00e3o, consultas, exames, dentre outros servi\u00e7os de assist\u00eancia.<\/p>\n\n\n\n<p class=\"wp-block-paragraph\">O balan\u00e7o final de atendimento ser\u00e1 divulgado na semana que vem, mas a movimenta\u00e7\u00e3o foi intensa. Idosos, adultos e crian\u00e7as passaram pelo local para desfrutar da agilidade dos servi\u00e7os de sa\u00fade concentrados em um s\u00f3 lugar, como \u00e9 o caso da gestora de Recursos Humanos Sayonara da Silva Oliveira, de 31 anos, que buscou atendimento para realiza\u00e7\u00e3o da cirurgia de laqueadura. \u201cJ\u00e1 havia dado entrada no pedido na minha unidade de sa\u00fade, mas vim aqui agilizar o processo. Em poucos minutos passei pelo m\u00e9dico, psic\u00f3logo e assistente social e fui encaminhada ao ginecologista para agendar o procedimento\u201d, explicou Sayonara, que esteve no Mais Sa\u00fade acompanhada do marido e dos filhos.<\/p>\n\n\n\n<p class=\"wp-block-paragraph\">Quem tamb\u00e9m acelerou o processo para realiza\u00e7\u00e3o da laqueadura foi Flavia Stefane Soares Farias, de 22 anos, gr\u00e1vida do terceiro filho. Moradora da Arne 61 (504 Norte), ela conta que j\u00e1 estava tentando realizar o procedimento e com a terceira gesta\u00e7\u00e3o j\u00e1 se adiantou para, assim que realizar o parto, tamb\u00e9m ser submetida \u00e0 laqueadura. \u201cPrecisaria passar por mais tr\u00eas consultas e aqui resolvi tudo em um \u00fanico momento\u201d, destacou.<\/p>\n\n\n\n<p class=\"wp-block-paragraph\">Na avalia\u00e7\u00e3o da secret\u00e1ria da Semus, Anna Crystina Mota, o Mais Sa\u00fade intensifica as a\u00e7\u00f5es nos bairros e consegue alcan\u00e7ar um p\u00fablico que tem mais dificuldade em se deslocar at\u00e9 uma unidade de sa\u00fade durante a semana. \u201cPensamos estrategicamente em todos os servi\u00e7os oferecidos para atender, principalmente, os moradores da abrang\u00eancia da Arne 64. O primeiro Mais Sa\u00fade, no Jardim Taquari, foi um sucesso, e esta segunda edi\u00e7\u00e3o n\u00e3o \u00e9 diferente\u201d, celebrou a secret\u00e1ria.<\/p>\n\n\n\n<p class=\"wp-block-paragraph\">Ainda de acordo a secret\u00e1ria, a ideia \u00e9 realizar mais edi\u00e7\u00f5es e atender aos moradores do distrito Buritirana, setor Morada do Sol e da regi\u00e3o central da cidade. \u201cVamos expandir e levar a prefeitura a todas as regi\u00f5es da cidade. \u00c9 a prefeitura nos bairros para atender a cada cidad\u00e3o que tem dificuldade de acesso aos servi\u00e7os de sa\u00fade\u201d, concluiu.Para o presidente do Conselho Municipal de Sa\u00fade, Ant\u00f4nio Grangeiro Saraiva, \u00e9 de suma import\u00e2ncia a realiza\u00e7\u00e3o deste tipo de mutir\u00e3o. \u201cAgora estamos indo at\u00e9 os pacientes e n\u00f3s, profissionais da sa\u00fade, devemos facilitar e levar sa\u00fade para a popula\u00e7\u00e3o. Todos est\u00e3o de parab\u00e9ns pelo evento.\u201dO evento contou com a participa\u00e7\u00e3o de acad\u00eamicos de medicina da Liga Acad\u00eamica de Sa\u00fade da Fam\u00edlia e Comunidade (LASFC), da Afya Faculdade de Ci\u00eancias M\u00e9dicas de Palmas (Afya Palmas).<\/p>\n\n\n\n<h2 class=\"wp-block-heading\"><strong>Mais Sa\u00fade<\/strong><\/h2>\n\n\n\n<p class=\"wp-block-paragraph\">Al\u00e9m dos atendimentos porta-aberta, sem necessidade de agendamento, o mutir\u00e3o realizou uma s\u00e9rie de consultas e exames com pacientes da Aten\u00e7\u00e3o Secund\u00e1ria, j\u00e1 pr\u00e9-agendados para consultas nas \u00e1reas de psiquiatria, oftalmologia, pediatria, fisioterapia, otorrinolaringologista e exame de ecocardiograma.&nbsp;<\/p>\n\n\n\n<p class=\"wp-block-paragraph\">A popula\u00e7\u00e3o teve acesso \u00e0 testagem de Infec\u00e7\u00f5es Sexualmente Transmiss\u00edveis (ISTs), testagem HPV, triagem sa\u00fade mental, auriculoterapia e ventosa, consulta m\u00e9dica, teste de glicemia, aferi\u00e7\u00e3o de press\u00e3o arterial, vacina\u00e7\u00e3o antirr\u00e1bica, testagem de leishmaniose canina, orienta\u00e7\u00e3o de sa\u00fade bucal, atualiza\u00e7\u00e3o do cart\u00e3o do Sistema \u00danico de Sa\u00fade, orienta\u00e7\u00e3o do programa Bolsa Fam\u00edlia, distribui\u00e7\u00e3o de preservativos, atualiza\u00e7\u00e3o da caderneta de vacina\u00e7\u00e3o, prescri\u00e7\u00e3o e dispensa\u00e7\u00e3o de medicamentos, avalia\u00e7\u00e3o para detec\u00e7\u00e3o da hansen\u00edase, avalia\u00e7\u00e3o para inser\u00e7\u00e3o de vasectomia, laqueadura e Dispositivo Intrauterino (DIU), avalia\u00e7\u00e3o e tratamento do fumante e administra\u00e7\u00e3o de Vitamina A, aconselhamento nutricional, avalia\u00e7\u00e3o f\u00edsica e reabilita\u00e7\u00e3o (fisioterapia).<\/p>\n\n\n\n<p class=\"wp-block-paragraph\">A dona de casa Juracy da Silva Alves, de 64 anos, tamb\u00e9m aproveitou para realizar uma consulta e ser encaminhada ao psic\u00f3logo. \u201c\u00c9 bom ter esse tipo de atendimento aos finais de semana, pois a correria do dia a dia dificulta conseguir consulta. Estou satisfeita com o atendimento recebido\u201d, avaliou.<\/p>\n\n\n\n<p class=\"wp-block-paragraph\">A dona de casa Adeides Lustosa Santos, de 55 anos, buscou atendimento m\u00e9dico para avaliar dores na coluna, mas aproveitou o evento e tamb\u00e9m levou o neto Bruno Lustosa Batista, 15 anos, para uma consulta. O adolescente foi diagnosticado com asma h\u00e1 mais de 10 anos e a av\u00f3 n\u00e3o descuida de sua sa\u00fade. \u201cMeu neto passou por uma avalia\u00e7\u00e3o e de imediato recebeu encaminhamento para fazer exames e ser avaliado por um pneumologista, especialista no tipo de doen\u00e7a dele. Logo faremos a nova consulta e os exames que pediram\u201d, explicou a dona de casa. Al\u00e9m do encaminhamento recebido, o adolescente tamb\u00e9m recebeu medica\u00e7\u00e3o para auxiliar no tratamento da asma.<\/p>\n\n\n\n<p class=\"wp-block-paragraph\">Em fam\u00edlia, a dona de casa Luciana Martins Ramos Melo, de 22 anos, atualizou a caderneta de vacina\u00e7\u00e3o das filhas Emily Martins Melo, de 20 dias de vida, Emanuelly Martins Melo, de 2 anos, da enteada Nawnny Ferreira da Silva, de 9 anos, e do marido Ant\u00f4nio Marcos Ferreira Melo, 33 anos, al\u00e9m de ter recebido orienta\u00e7\u00f5es sobre sa\u00fade bucal. \u201cHoje trouxe toda a fam\u00edlia e cada um conforme sua necessidade recebeu a vacina. Somadas todas as vacinas conseguimos receber doses contra t\u00e9tano, influenza e suplementa\u00e7\u00e3o de Vitamina A\u201d, explica. A suplementa\u00e7\u00e3o foi ofertada \u00e0 filha mais nova.&nbsp;&nbsp;<\/p>\n","protected":false},"excerpt":{"rendered":"<p>Em um dia dedicado \u00e0 sa\u00fade, mais de 100 profissionais da Secretaria Municipal da Sa\u00fade de Palmas (Semus) se mobilizaram neste s\u00e1bado, 16, na Escola de Tempo Integral Daniel Batista, localizado na Arne 64 (508 Norte) e na Unidade de Sa\u00fade da Fam\u00edlia (USF) do bairro para levar cerca de 30 servi\u00e7os \u00e0 popula\u00e7\u00e3o da [&hellip;]<\/p>\n","protected":false},"author":13,"featured_media":0,"comment_status":"open","ping_status":"open","sticky":false,"template":"","format":"standard","meta":{"_acf_changed":false,"footnotes":""},"categories":[22,898],"tags":[720],"class_list":["post-74211","post","type-post","status-publish","format-standard","hentry","category-cidades","category-manchete-segundaria","tag-prefeitura-de-palmas"],"acf":[],"yoast_head":"<!-- This site is optimized with the Yoast SEO plugin v24.4 - https:\/\/yoast.com\/wordpress\/plugins\/seo\/ -->\n<title>Prefeitura de Palmas recebe centenas de pessoas em mutir\u00e3o de atendimentos de sa\u00fade na regi\u00e3o Norte - PORTAL DE NOT\u00cdCIAS CLEITON PINHEIRO<\/title>\n<meta name=\"robots\" content=\"index, follow, max-snippet:-1, max-image-preview:large, max-video-preview:-1\" \/>\n<link rel=\"canonical\" href=\"https:\/\/cleitonpinheiro.com.br\/site\/prefeitura-de-palmas-recebe-centenas-de-pessoas-em-mutirao-de-atendimentos-de-saude-na-regiao-norte\/\" \/>\n<meta property=\"og:locale\" content=\"pt_BR\" \/>\n<meta property=\"og:type\" content=\"article\" \/>\n<meta property=\"og:title\" content=\"Prefeitura de Palmas recebe centenas de pessoas em mutir\u00e3o de atendimentos de sa\u00fade na regi\u00e3o Norte - PORTAL DE NOT\u00cdCIAS CLEITON PINHEIRO\" \/>\n<meta property=\"og:description\" content=\"Em um dia dedicado \u00e0 sa\u00fade, mais de 100 profissionais da Secretaria Municipal da Sa\u00fade de Palmas (Semus) se mobilizaram neste s\u00e1bado, 16, na Escola de Tempo Integral Daniel Batista, localizado na Arne 64 (508 Norte) e na Unidade de Sa\u00fade da Fam\u00edlia (USF) do bairro para levar cerca de 30 servi\u00e7os \u00e0 popula\u00e7\u00e3o da [&hellip;]\" \/>\n<meta property=\"og:url\" content=\"https:\/\/cleitonpinheiro.com.br\/site\/prefeitura-de-palmas-recebe-centenas-de-pessoas-em-mutirao-de-atendimentos-de-saude-na-regiao-norte\/\" \/>\n<meta property=\"og:site_name\" content=\"PORTAL DE NOT\u00cdCIAS CLEITON PINHEIRO\" \/>\n<meta property=\"article:publisher\" content=\"https:\/\/www.facebook.com\/portalcpnoticias\/\" \/>\n<meta property=\"article:published_time\" content=\"2023-09-17T11:06:00+00:00\" \/>\n<meta property=\"article:modified_time\" content=\"2023-09-18T13:08:46+00:00\" \/>\n<meta property=\"og:image\" content=\"https:\/\/cleitonpinheiro.com.br\/site\/wp-content\/uploads\/2023\/09\/50b97e7a-b2ee-4bab-9afb-a01de9cc033b.jpg\" \/>\n\t<meta property=\"og:image:width\" content=\"800\" \/>\n\t<meta property=\"og:image:height\" content=\"533\" \/>\n\t<meta property=\"og:image:type\" content=\"image\/jpeg\" \/>\n<meta name=\"author\" content=\"Reda\u00e7\u00e3o CP\" \/>\n<meta name=\"twitter:card\" content=\"summary_large_image\" \/>\n<meta name=\"twitter:label1\" content=\"Escrito por\" \/>\n\t<meta name=\"twitter:data1\" content=\"Reda\u00e7\u00e3o CP\" \/>\n\t<meta name=\"twitter:label2\" content=\"Est. tempo de leitura\" \/>\n\t<meta name=\"twitter:data2\" content=\"6 minutos\" \/>\n<script type=\"application\/ld+json\" class=\"yoast-schema-graph\">{\"@context\":\"https:\/\/schema.org\",\"@graph\":[{\"@type\":\"Article\",\"@id\":\"https:\/\/cleitonpinheiro.com.br\/site\/prefeitura-de-palmas-recebe-centenas-de-pessoas-em-mutirao-de-atendimentos-de-saude-na-regiao-norte\/#article\",\"isPartOf\":{\"@id\":\"https:\/\/cleitonpinheiro.com.br\/site\/prefeitura-de-palmas-recebe-centenas-de-pessoas-em-mutirao-de-atendimentos-de-saude-na-regiao-norte\/\"},\"author\":{\"name\":\"Reda\u00e7\u00e3o CP\",\"@id\":\"https:\/\/cleitonpinheiro.com.br\/site\/#\/schema\/person\/8f04544e0bc40a1b68775b08360f87db\"},\"headline\":\"Prefeitura de Palmas recebe centenas de pessoas em mutir\u00e3o de atendimentos de sa\u00fade na regi\u00e3o Norte\",\"datePublished\":\"2023-09-17T11:06:00+00:00\",\"dateModified\":\"2023-09-18T13:08:46+00:00\",\"mainEntityOfPage\":{\"@id\":\"https:\/\/cleitonpinheiro.com.br\/site\/prefeitura-de-palmas-recebe-centenas-de-pessoas-em-mutirao-de-atendimentos-de-saude-na-regiao-norte\/\"},\"wordCount\":1011,\"commentCount\":0,\"publisher\":{\"@id\":\"https:\/\/cleitonpinheiro.com.br\/site\/#organization\"},\"image\":{\"@id\":\"https:\/\/cleitonpinheiro.com.br\/site\/prefeitura-de-palmas-recebe-centenas-de-pessoas-em-mutirao-de-atendimentos-de-saude-na-regiao-norte\/#primaryimage\"},\"thumbnailUrl\":\"https:\/\/cleitonpinheiro.com.br\/site\/wp-content\/uploads\/2023\/09\/50b97e7a-b2ee-4bab-9afb-a01de9cc033b.jpg\",\"keywords\":[\"Prefeitura de Palmas\"],\"articleSection\":[\"CIDADES\",\"MANCHETE SEGUND\u00c1RIA\"],\"inLanguage\":\"pt-BR\",\"potentialAction\":[{\"@type\":\"CommentAction\",\"name\":\"Comment\",\"target\":[\"https:\/\/cleitonpinheiro.com.br\/site\/prefeitura-de-palmas-recebe-centenas-de-pessoas-em-mutirao-de-atendimentos-de-saude-na-regiao-norte\/#respond\"]}]},{\"@type\":\"WebPage\",\"@id\":\"https:\/\/cleitonpinheiro.com.br\/site\/prefeitura-de-palmas-recebe-centenas-de-pessoas-em-mutirao-de-atendimentos-de-saude-na-regiao-norte\/\",\"url\":\"https:\/\/cleitonpinheiro.com.br\/site\/prefeitura-de-palmas-recebe-centenas-de-pessoas-em-mutirao-de-atendimentos-de-saude-na-regiao-norte\/\",\"name\":\"Prefeitura de Palmas recebe centenas de pessoas em mutir\u00e3o de atendimentos de sa\u00fade na regi\u00e3o Norte - PORTAL DE NOT\u00cdCIAS CLEITON PINHEIRO\",\"isPartOf\":{\"@id\":\"https:\/\/cleitonpinheiro.com.br\/site\/#website\"},\"primaryImageOfPage\":{\"@id\":\"https:\/\/cleitonpinheiro.com.br\/site\/prefeitura-de-palmas-recebe-centenas-de-pessoas-em-mutirao-de-atendimentos-de-saude-na-regiao-norte\/#primaryimage\"},\"image\":{\"@id\":\"https:\/\/cleitonpinheiro.com.br\/site\/prefeitura-de-palmas-recebe-centenas-de-pessoas-em-mutirao-de-atendimentos-de-saude-na-regiao-norte\/#primaryimage\"},\"thumbnailUrl\":\"https:\/\/cleitonpinheiro.com.br\/site\/wp-content\/uploads\/2023\/09\/50b97e7a-b2ee-4bab-9afb-a01de9cc033b.jpg\",\"datePublished\":\"2023-09-17T11:06:00+00:00\",\"dateModified\":\"2023-09-18T13:08:46+00:00\",\"breadcrumb\":{\"@id\":\"https:\/\/cleitonpinheiro.com.br\/site\/prefeitura-de-palmas-recebe-centenas-de-pessoas-em-mutirao-de-atendimentos-de-saude-na-regiao-norte\/#breadcrumb\"},\"inLanguage\":\"pt-BR\",\"potentialAction\":[{\"@type\":\"ReadAction\",\"target\":[\"https:\/\/cleitonpinheiro.com.br\/site\/prefeitura-de-palmas-recebe-centenas-de-pessoas-em-mutirao-de-atendimentos-de-saude-na-regiao-norte\/\"]}]},{\"@type\":\"ImageObject\",\"inLanguage\":\"pt-BR\",\"@id\":\"https:\/\/cleitonpinheiro.com.br\/site\/prefeitura-de-palmas-recebe-centenas-de-pessoas-em-mutirao-de-atendimentos-de-saude-na-regiao-norte\/#primaryimage\",\"url\":\"\",\"contentUrl\":\"\"},{\"@type\":\"BreadcrumbList\",\"@id\":\"https:\/\/cleitonpinheiro.com.br\/site\/prefeitura-de-palmas-recebe-centenas-de-pessoas-em-mutirao-de-atendimentos-de-saude-na-regiao-norte\/#breadcrumb\",\"itemListElement\":[{\"@type\":\"ListItem\",\"position\":1,\"name\":\"In\u00edcio\",\"item\":\"https:\/\/cleitonpinheiro.com.br\/site\/\"},{\"@type\":\"ListItem\",\"position\":2,\"name\":\"Prefeitura de Palmas recebe centenas de pessoas em mutir\u00e3o de atendimentos de sa\u00fade na regi\u00e3o Norte\"}]},{\"@type\":\"WebSite\",\"@id\":\"https:\/\/cleitonpinheiro.com.br\/site\/#website\",\"url\":\"https:\/\/cleitonpinheiro.com.br\/site\/\",\"name\":\"PORTAL DE NOT\u00cdCIAS CLEITON PINHEIRO\",\"description\":\"FALANDO A VERDADE\",\"publisher\":{\"@id\":\"https:\/\/cleitonpinheiro.com.br\/site\/#organization\"},\"potentialAction\":[{\"@type\":\"SearchAction\",\"target\":{\"@type\":\"EntryPoint\",\"urlTemplate\":\"https:\/\/cleitonpinheiro.com.br\/site\/?s={search_term_string}\"},\"query-input\":{\"@type\":\"PropertyValueSpecification\",\"valueRequired\":true,\"valueName\":\"search_term_string\"}}],\"inLanguage\":\"pt-BR\"},{\"@type\":\"Organization\",\"@id\":\"https:\/\/cleitonpinheiro.com.br\/site\/#organization\",\"name\":\"CPNOT\u00cdCIAS\",\"url\":\"https:\/\/cleitonpinheiro.com.br\/site\/\",\"logo\":{\"@type\":\"ImageObject\",\"inLanguage\":\"pt-BR\",\"@id\":\"https:\/\/cleitonpinheiro.com.br\/site\/#\/schema\/logo\/image\/\",\"url\":\"https:\/\/cleitonpinheiro.com.br\/site\/wp-content\/uploads\/2022\/08\/Logo-pequena-2.png\",\"contentUrl\":\"https:\/\/cleitonpinheiro.com.br\/site\/wp-content\/uploads\/2022\/08\/Logo-pequena-2.png\",\"width\":500,\"height\":500,\"caption\":\"CPNOT\u00cdCIAS\"},\"image\":{\"@id\":\"https:\/\/cleitonpinheiro.com.br\/site\/#\/schema\/logo\/image\/\"},\"sameAs\":[\"https:\/\/www.facebook.com\/portalcpnoticias\/\"]},{\"@type\":\"Person\",\"@id\":\"https:\/\/cleitonpinheiro.com.br\/site\/#\/schema\/person\/8f04544e0bc40a1b68775b08360f87db\",\"name\":\"Reda\u00e7\u00e3o CP\",\"image\":{\"@type\":\"ImageObject\",\"inLanguage\":\"pt-BR\",\"@id\":\"https:\/\/cleitonpinheiro.com.br\/site\/#\/schema\/person\/image\/\",\"url\":\"https:\/\/secure.gravatar.com\/avatar\/0bcf19cb29fdc8fc588c490c7ae1b3e174dac268586a63fbe1d1893a0f9020cd?s=96&r=g\",\"contentUrl\":\"https:\/\/secure.gravatar.com\/avatar\/0bcf19cb29fdc8fc588c490c7ae1b3e174dac268586a63fbe1d1893a0f9020cd?s=96&r=g\",\"caption\":\"Reda\u00e7\u00e3o CP\"},\"url\":\"https:\/\/cleitonpinheiro.com.br\/site\/author\/redacao\/\"}]}<\/script>\n<!-- \/ Yoast SEO plugin. -->","yoast_head_json":{"title":"Prefeitura de Palmas recebe centenas de pessoas em mutir\u00e3o de atendimentos de sa\u00fade na regi\u00e3o Norte - PORTAL DE NOT\u00cdCIAS CLEITON PINHEIRO","robots":{"index":"index","follow":"follow","max-snippet":"max-snippet:-1","max-image-preview":"max-image-preview:large","max-video-preview":"max-video-preview:-1"},"canonical":"https:\/\/cleitonpinheiro.com.br\/site\/prefeitura-de-palmas-recebe-centenas-de-pessoas-em-mutirao-de-atendimentos-de-saude-na-regiao-norte\/","og_locale":"pt_BR","og_type":"article","og_title":"Prefeitura de Palmas recebe centenas de pessoas em mutir\u00e3o de atendimentos de sa\u00fade na regi\u00e3o Norte - PORTAL DE NOT\u00cdCIAS CLEITON PINHEIRO","og_description":"Em um dia dedicado \u00e0 sa\u00fade, mais de 100 profissionais da Secretaria Municipal da Sa\u00fade de Palmas (Semus) se mobilizaram neste s\u00e1bado, 16, na Escola de Tempo Integral Daniel Batista, localizado na Arne 64 (508 Norte) e na Unidade de Sa\u00fade da Fam\u00edlia (USF) do bairro para levar cerca de 30 servi\u00e7os \u00e0 popula\u00e7\u00e3o da [&hellip;]","og_url":"https:\/\/cleitonpinheiro.com.br\/site\/prefeitura-de-palmas-recebe-centenas-de-pessoas-em-mutirao-de-atendimentos-de-saude-na-regiao-norte\/","og_site_name":"PORTAL DE NOT\u00cdCIAS CLEITON PINHEIRO","article_publisher":"https:\/\/www.facebook.com\/portalcpnoticias\/","article_published_time":"2023-09-17T11:06:00+00:00","article_modified_time":"2023-09-18T13:08:46+00:00","og_image":[{"width":800,"height":533,"url":"https:\/\/cleitonpinheiro.com.br\/site\/wp-content\/uploads\/2023\/09\/50b97e7a-b2ee-4bab-9afb-a01de9cc033b.jpg","type":"image\/jpeg"}],"author":"Reda\u00e7\u00e3o CP","twitter_card":"summary_large_image","twitter_misc":{"Escrito por":"Reda\u00e7\u00e3o CP","Est. tempo de leitura":"6 minutos"},"schema":{"@context":"https:\/\/schema.org","@graph":[{"@type":"Article","@id":"https:\/\/cleitonpinheiro.com.br\/site\/prefeitura-de-palmas-recebe-centenas-de-pessoas-em-mutirao-de-atendimentos-de-saude-na-regiao-norte\/#article","isPartOf":{"@id":"https:\/\/cleitonpinheiro.com.br\/site\/prefeitura-de-palmas-recebe-centenas-de-pessoas-em-mutirao-de-atendimentos-de-saude-na-regiao-norte\/"},"author":{"name":"Reda\u00e7\u00e3o CP","@id":"https:\/\/cleitonpinheiro.com.br\/site\/#\/schema\/person\/8f04544e0bc40a1b68775b08360f87db"},"headline":"Prefeitura de Palmas recebe centenas de pessoas em mutir\u00e3o de atendimentos de sa\u00fade na regi\u00e3o Norte","datePublished":"2023-09-17T11:06:00+00:00","dateModified":"2023-09-18T13:08:46+00:00","mainEntityOfPage":{"@id":"https:\/\/cleitonpinheiro.com.br\/site\/prefeitura-de-palmas-recebe-centenas-de-pessoas-em-mutirao-de-atendimentos-de-saude-na-regiao-norte\/"},"wordCount":1011,"commentCount":0,"publisher":{"@id":"https:\/\/cleitonpinheiro.com.br\/site\/#organization"},"image":{"@id":"https:\/\/cleitonpinheiro.com.br\/site\/prefeitura-de-palmas-recebe-centenas-de-pessoas-em-mutirao-de-atendimentos-de-saude-na-regiao-norte\/#primaryimage"},"thumbnailUrl":"https:\/\/cleitonpinheiro.com.br\/site\/wp-content\/uploads\/2023\/09\/50b97e7a-b2ee-4bab-9afb-a01de9cc033b.jpg","keywords":["Prefeitura de Palmas"],"articleSection":["CIDADES","MANCHETE SEGUND\u00c1RIA"],"inLanguage":"pt-BR","potentialAction":[{"@type":"CommentAction","name":"Comment","target":["https:\/\/cleitonpinheiro.com.br\/site\/prefeitura-de-palmas-recebe-centenas-de-pessoas-em-mutirao-de-atendimentos-de-saude-na-regiao-norte\/#respond"]}]},{"@type":"WebPage","@id":"https:\/\/cleitonpinheiro.com.br\/site\/prefeitura-de-palmas-recebe-centenas-de-pessoas-em-mutirao-de-atendimentos-de-saude-na-regiao-norte\/","url":"https:\/\/cleitonpinheiro.com.br\/site\/prefeitura-de-palmas-recebe-centenas-de-pessoas-em-mutirao-de-atendimentos-de-saude-na-regiao-norte\/","name":"Prefeitura de Palmas recebe centenas de pessoas em mutir\u00e3o de atendimentos de sa\u00fade na regi\u00e3o Norte - PORTAL DE NOT\u00cdCIAS CLEITON PINHEIRO","isPartOf":{"@id":"https:\/\/cleitonpinheiro.com.br\/site\/#website"},"primaryImageOfPage":{"@id":"https:\/\/cleitonpinheiro.com.br\/site\/prefeitura-de-palmas-recebe-centenas-de-pessoas-em-mutirao-de-atendimentos-de-saude-na-regiao-norte\/#primaryimage"},"image":{"@id":"https:\/\/cleitonpinheiro.com.br\/site\/prefeitura-de-palmas-recebe-centenas-de-pessoas-em-mutirao-de-atendimentos-de-saude-na-regiao-norte\/#primaryimage"},"thumbnailUrl":"https:\/\/cleitonpinheiro.com.br\/site\/wp-content\/uploads\/2023\/09\/50b97e7a-b2ee-4bab-9afb-a01de9cc033b.jpg","datePublished":"2023-09-17T11:06:00+00:00","dateModified":"2023-09-18T13:08:46+00:00","breadcrumb":{"@id":"https:\/\/cleitonpinheiro.com.br\/site\/prefeitura-de-palmas-recebe-centenas-de-pessoas-em-mutirao-de-atendimentos-de-saude-na-regiao-norte\/#breadcrumb"},"inLanguage":"pt-BR","potentialAction":[{"@type":"ReadAction","target":["https:\/\/cleitonpinheiro.com.br\/site\/prefeitura-de-palmas-recebe-centenas-de-pessoas-em-mutirao-de-atendimentos-de-saude-na-regiao-norte\/"]}]},{"@type":"ImageObject","inLanguage":"pt-BR","@id":"https:\/\/cleitonpinheiro.com.br\/site\/prefeitura-de-palmas-recebe-centenas-de-pessoas-em-mutirao-de-atendimentos-de-saude-na-regiao-norte\/#primaryimage","url":"","contentUrl":""},{"@type":"BreadcrumbList","@id":"https:\/\/cleitonpinheiro.com.br\/site\/prefeitura-de-palmas-recebe-centenas-de-pessoas-em-mutirao-de-atendimentos-de-saude-na-regiao-norte\/#breadcrumb","itemListElement":[{"@type":"ListItem","position":1,"name":"In\u00edcio","item":"https:\/\/cleitonpinheiro.com.br\/site\/"},{"@type":"ListItem","position":2,"name":"Prefeitura de Palmas recebe centenas de pessoas em mutir\u00e3o de atendimentos de sa\u00fade na regi\u00e3o Norte"}]},{"@type":"WebSite","@id":"https:\/\/cleitonpinheiro.com.br\/site\/#website","url":"https:\/\/cleitonpinheiro.com.br\/site\/","name":"PORTAL DE NOT\u00cdCIAS CLEITON PINHEIRO","description":"FALANDO A VERDADE","publisher":{"@id":"https:\/\/cleitonpinheiro.com.br\/site\/#organization"},"potentialAction":[{"@type":"SearchAction","target":{"@type":"EntryPoint","urlTemplate":"https:\/\/cleitonpinheiro.com.br\/site\/?s={search_term_string}"},"query-input":{"@type":"PropertyValueSpecification","valueRequired":true,"valueName":"search_term_string"}}],"inLanguage":"pt-BR"},{"@type":"Organization","@id":"https:\/\/cleitonpinheiro.com.br\/site\/#organization","name":"CPNOT\u00cdCIAS","url":"https:\/\/cleitonpinheiro.com.br\/site\/","logo":{"@type":"ImageObject","inLanguage":"pt-BR","@id":"https:\/\/cleitonpinheiro.com.br\/site\/#\/schema\/logo\/image\/","url":"https:\/\/cleitonpinheiro.com.br\/site\/wp-content\/uploads\/2022\/08\/Logo-pequena-2.png","contentUrl":"https:\/\/cleitonpinheiro.com.br\/site\/wp-content\/uploads\/2022\/08\/Logo-pequena-2.png","width":500,"height":500,"caption":"CPNOT\u00cdCIAS"},"image":{"@id":"https:\/\/cleitonpinheiro.com.br\/site\/#\/schema\/logo\/image\/"},"sameAs":["https:\/\/www.facebook.com\/portalcpnoticias\/"]},{"@type":"Person","@id":"https:\/\/cleitonpinheiro.com.br\/site\/#\/schema\/person\/8f04544e0bc40a1b68775b08360f87db","name":"Reda\u00e7\u00e3o CP","image":{"@type":"ImageObject","inLanguage":"pt-BR","@id":"https:\/\/cleitonpinheiro.com.br\/site\/#\/schema\/person\/image\/","url":"https:\/\/secure.gravatar.com\/avatar\/0bcf19cb29fdc8fc588c490c7ae1b3e174dac268586a63fbe1d1893a0f9020cd?s=96&r=g","contentUrl":"https:\/\/secure.gravatar.com\/avatar\/0bcf19cb29fdc8fc588c490c7ae1b3e174dac268586a63fbe1d1893a0f9020cd?s=96&r=g","caption":"Reda\u00e7\u00e3o CP"},"url":"https:\/\/cleitonpinheiro.com.br\/site\/author\/redacao\/"}]}},"views":131,"_links":{"self":[{"href":"https:\/\/cleitonpinheiro.com.br\/site\/wp-json\/wp\/v2\/posts\/74211","targetHints":{"allow":["GET"]}}],"collection":[{"href":"https:\/\/cleitonpinheiro.com.br\/site\/wp-json\/wp\/v2\/posts"}],"about":[{"href":"https:\/\/cleitonpinheiro.com.br\/site\/wp-json\/wp\/v2\/types\/post"}],"author":[{"embeddable":true,"href":"https:\/\/cleitonpinheiro.com.br\/site\/wp-json\/wp\/v2\/users\/13"}],"replies":[{"embeddable":true,"href":"https:\/\/cleitonpinheiro.com.br\/site\/wp-json\/wp\/v2\/comments?post=74211"}],"version-history":[{"count":1,"href":"https:\/\/cleitonpinheiro.com.br\/site\/wp-json\/wp\/v2\/posts\/74211\/revisions"}],"predecessor-version":[{"id":74213,"href":"https:\/\/cleitonpinheiro.com.br\/site\/wp-json\/wp\/v2\/posts\/74211\/revisions\/74213"}],"wp:attachment":[{"href":"https:\/\/cleitonpinheiro.com.br\/site\/wp-json\/wp\/v2\/media?parent=74211"}],"wp:term":[{"taxonomy":"category","embeddable":true,"href":"https:\/\/cleitonpinheiro.com.br\/site\/wp-json\/wp\/v2\/categories?post=74211"},{"taxonomy":"post_tag","embeddable":true,"href":"https:\/\/cleitonpinheiro.com.br\/site\/wp-json\/wp\/v2\/tags?post=74211"}],"curies":[{"name":"wp","href":"https:\/\/api.w.org\/{rel}","templated":true}]}}